{"id":3655,"date":"2015-10-30T00:01:49","date_gmt":"2015-10-29T22:01:49","guid":{"rendered":"https:\/\/oui-oui.es\/blog\/?p=3655"},"modified":"2015-10-27T18:12:31","modified_gmt":"2015-10-27T16:12:31","slug":"familias-urbanas-el-carrito-con-patinete","status":"publish","type":"post","link":"https:\/\/oui-oui.es\/blog\/familias-urbanas-el-carrito-con-patinete\/","title":{"rendered":"Familias urbanas | el carrito con patinete"},"content":{"rendered":"<p><img loading=\"lazy\" decoding=\"async\" class=\"aligncenter size-full wp-image-3656\" src=\"https:\/\/oui-oui.es\/blog\/wp-content\/uploads\/2015\/10\/Oui-Oui-carrito-patinete-quinny-longboardstroller-patinete-con-silla-de-ni\u00f1o-1.jpg\" alt=\"Oui Oui-carrito patinete-quinny-longboardstroller-patinete con silla de ni\u00f1o (1)\" width=\"818\" height=\"654\" srcset=\"https:\/\/oui-oui.es\/blog\/wp-content\/uploads\/2015\/10\/Oui-Oui-carrito-patinete-quinny-longboardstroller-patinete-con-silla-de-ni\u00f1o-1.jpg 818w, https:\/\/oui-oui.es\/blog\/wp-content\/uploads\/2015\/10\/Oui-Oui-carrito-patinete-quinny-longboardstroller-patinete-con-silla-de-ni\u00f1o-1-300x240.jpg 300w, https:\/\/oui-oui.es\/blog\/wp-content\/uploads\/2015\/10\/Oui-Oui-carrito-patinete-quinny-longboardstroller-patinete-con-silla-de-ni\u00f1o-1-600x480.jpg 600w\" sizes=\"auto, (max-width: 818px) 100vw, 818px\" \/><\/p>\n<p>Parece que los monopatines han llegado para quedarse, mirad esta opci\u00f3n de <strong>longboard con carrito<\/strong> para que todos nos lo pasemos como ni\u00f1os&#8230;<\/p>\n<p><img loading=\"lazy\" decoding=\"async\" class=\"aligncenter size-full wp-image-3657\" src=\"https:\/\/oui-oui.es\/blog\/wp-content\/uploads\/2015\/10\/Oui-Oui-carrito-patinete-quinny-longboardstroller-patinete-con-silla-de-ni\u00f1o-2.jpg\" alt=\"Oui Oui-carrito patinete-quinny-longboardstroller-patinete con silla de ni\u00f1o (2)\" width=\"818\" height=\"654\" srcset=\"https:\/\/oui-oui.es\/blog\/wp-content\/uploads\/2015\/10\/Oui-Oui-carrito-patinete-quinny-longboardstroller-patinete-con-silla-de-ni\u00f1o-2.jpg 818w, https:\/\/oui-oui.es\/blog\/wp-content\/uploads\/2015\/10\/Oui-Oui-carrito-patinete-quinny-longboardstroller-patinete-con-silla-de-ni\u00f1o-2-300x240.jpg 300w, https:\/\/oui-oui.es\/blog\/wp-content\/uploads\/2015\/10\/Oui-Oui-carrito-patinete-quinny-longboardstroller-patinete-con-silla-de-ni\u00f1o-2-600x480.jpg 600w\" sizes=\"auto, (max-width: 818px) 100vw, 818px\" \/><\/p>\n<p><img loading=\"lazy\" decoding=\"async\" class=\"aligncenter size-full wp-image-3659\" src=\"https:\/\/oui-oui.es\/blog\/wp-content\/uploads\/2015\/10\/quinny-longboardstroller-designboom-05-818x654.jpg\" alt=\"quinny-longboardstroller-designboom-05-818x654\" width=\"818\" height=\"654\" srcset=\"https:\/\/oui-oui.es\/blog\/wp-content\/uploads\/2015\/10\/quinny-longboardstroller-designboom-05-818x654.jpg 818w, https:\/\/oui-oui.es\/blog\/wp-content\/uploads\/2015\/10\/quinny-longboardstroller-designboom-05-818x654-300x240.jpg 300w, https:\/\/oui-oui.es\/blog\/wp-content\/uploads\/2015\/10\/quinny-longboardstroller-designboom-05-818x654-600x480.jpg 600w\" sizes=\"auto, (max-width: 818px) 100vw, 818px\" \/><\/p>\n<p>La marca <strong><a href=\"http:\/\/www.quinny.com\/\" target=\"_blank\">Quinny<\/a><\/strong>, despu\u00e9s de dos a\u00f1os de desarrollo lanza el <em><strong>longboardstroller<\/strong><\/em>, un nuevo enfoque de la movilidad de padres e hijos, m\u00e1s divertido pero con todos los estudios de seguridad realizados, y que seguro que m\u00e1s de uno lo quiere ya para Reyes!<\/p>\n<p><iframe loading=\"lazy\" title=\"Quinny | Longboardstroller\" width=\"500\" height=\"281\" src=\"https:\/\/www.youtube.com\/embed\/V4waF47dRcU?start=26&#038;feature=oembed\" frameborder=\"0\" allow=\"accelerometer; autoplay; clipboard-write; encrypted-media; gyroscope; picture-in-picture; web-share\" referrerpolicy=\"strict-origin-when-cross-origin\" allowfullscreen><\/iframe><\/p>\n<p>En l\u00ednea con los <strong>productos Patinete<\/strong>, os recuerdo que <strong>colaboro con la <a href=\"http:\/\/www.uyuni.eu\/MaletaPatinete\" target=\"_blank\">maleta patinete de uYuni<\/a><\/strong>, que puedes comprar aqu\u00ed y que introduciendo en el momento de la compra el <strong>codigo OUIOUI<\/strong> os llegar\u00e1 la maleta junto con un regalito de Oui Oui \ud83d\ude09<\/p>\n<p><a href=\"http:\/\/www.designboom.com\/technology\/quinny-longboardstroller-10-27-2015\/\" target=\"_blank\">V\u00eda<\/a><\/p>\n","protected":false},"excerpt":{"rendered":"<p>Parece que los monopatines han llegado para quedarse, mirad esta opci\u00f3n de longboard con carrito para que todos nos lo pasemos como ni\u00f1os&#8230; La marca Quinny, despu\u00e9s de dos a\u00f1os de desarrollo lanza el longboardstroller, un nuevo enfoque de la movilidad de padres e hijos, m\u00e1s divertido pero con todos los estudios de seguridad realizados, [&hellip;]<\/p>\n","protected":false},"author":1,"featured_media":3658,"comment_status":"open","ping_status":"open","sticky":false,"template":"","format":"standard","meta":{"jetpack_post_was_ever_published":false,"_jetpack_newsletter_access":"","_jetpack_dont_email_post_to_subs":false,"_jetpack_newsletter_tier_id":0,"_jetpack_memberships_contains_paywalled_content":false,"_jetpack_memberships_contains_paid_content":false,"footnotes":"","jetpack_publicize_message":"","jetpack_publicize_feature_enabled":true,"jetpack_social_post_already_shared":true,"jetpack_social_options":{"image_generator_settings":{"template":"highway","default_image_id":0,"font":"","enabled":false},"version":2}},"categories":[24,177,18],"tags":[700,529,706],"class_list":["post-3655","post","type-post","status-publish","format-standard","has-post-thumbnail","hentry","category-a-un-hombrenoviomaridopadre","category-lifestyle-2","category-regalos-originales-para-ninos","tag-compras-bebe","tag-tendencias","tag-viajar-con-ninos"],"aioseo_notices":[],"jetpack_publicize_connections":[],"jetpack_featured_media_url":"https:\/\/oui-oui.es\/blog\/wp-content\/uploads\/2015\/10\/Oui-Oui-carrito-patinete-quinny-longboardstroller-patinete-con-silla-de-ni\u00f1o-3.jpg","jetpack_sharing_enabled":true,"jetpack-related-posts":[{"id":5462,"url":"https:\/\/oui-oui.es\/blog\/el-carrito-de-mimbre-que-estabas-buscando\/","url_meta":{"origin":3655,"position":0},"title":"El carrito de mimbre que estabas buscando!","author":"Mar\u00eda \u2665Oui Oui\u2665","date":"30 mayo, 2017","format":false,"excerpt":"Me encanta descubrir objetos para ni\u00f1os que sean especiales, que transmitan algo m\u00e1s, y cuando conoc\u00ed los carritos y las cestas de Olli Ella tuve un flechazo \u00a1los quer\u00eda para Frida y Mart\u00edn y los quer\u00eda para m\u00ed! , ya os cont\u00e9 que le regalamos a Frida por su primer\u2026","rel":"","context":"En \u00abNI\u00d1OS Y NI\u00d1AS\u00bb","block_context":{"text":"NI\u00d1OS Y NI\u00d1AS","link":"https:\/\/oui-oui.es\/blog\/category\/ninos\/"},"img":{"alt_text":"","src":"https:\/\/i0.wp.com\/oui-oui.es\/blog\/wp-content\/uploads\/2017\/05\/Oui-Oui-carrito-mimbre-cochecito-mimbre-carrito-ni%C3%B1os-mimbre-luggy-basket-NATURAL-olli-ella-carrito-compra-mimbre-natural-ni%C3%B1o-cesta-picnic.jpg?resize=350%2C200&ssl=1","width":350,"height":200,"srcset":"https:\/\/i0.wp.com\/oui-oui.es\/blog\/wp-content\/uploads\/2017\/05\/Oui-Oui-carrito-mimbre-cochecito-mimbre-carrito-ni%C3%B1os-mimbre-luggy-basket-NATURAL-olli-ella-carrito-compra-mimbre-natural-ni%C3%B1o-cesta-picnic.jpg?resize=350%2C200&ssl=1 1x, https:\/\/i0.wp.com\/oui-oui.es\/blog\/wp-content\/uploads\/2017\/05\/Oui-Oui-carrito-mimbre-cochecito-mimbre-carrito-ni%C3%B1os-mimbre-luggy-basket-NATURAL-olli-ella-carrito-compra-mimbre-natural-ni%C3%B1o-cesta-picnic.jpg?resize=525%2C300&ssl=1 1.5x, https:\/\/i0.wp.com\/oui-oui.es\/blog\/wp-content\/uploads\/2017\/05\/Oui-Oui-carrito-mimbre-cochecito-mimbre-carrito-ni%C3%B1os-mimbre-luggy-basket-NATURAL-olli-ella-carrito-compra-mimbre-natural-ni%C3%B1o-cesta-picnic.jpg?resize=700%2C400&ssl=1 2x, https:\/\/i0.wp.com\/oui-oui.es\/blog\/wp-content\/uploads\/2017\/05\/Oui-Oui-carrito-mimbre-cochecito-mimbre-carrito-ni%C3%B1os-mimbre-luggy-basket-NATURAL-olli-ella-carrito-compra-mimbre-natural-ni%C3%B1o-cesta-picnic.jpg?resize=1050%2C600&ssl=1 3x"},"classes":[]},{"id":10125,"url":"https:\/\/oui-oui.es\/blog\/6-usos-para-el-carrito-de-mimbre\/","url_meta":{"origin":3655,"position":1},"title":"6 usos para el carrito de mimbre","author":"Mar\u00eda \u2665Oui Oui\u2665","date":"18 septiembre, 2019","format":false,"excerpt":"Ya sab\u00e9is lo fan que soy del carrito de mimbre, adem\u00e1s de porque est\u00e9ticamente es ideal, me gusta rodearme de objetos que me transmitan paz y que me alegren la vista. En mi d\u00eda a d\u00eda necesito objetos pr\u00e1cticos, que me solucionen alguna necesidad, pero que sean bonitos. Para m\u00ed\u2026","rel":"","context":"En \u00abA un hombre\/ novio\/ marido\/ padre\u00bb","block_context":{"text":"A un hombre\/ novio\/ marido\/ padre","link":"https:\/\/oui-oui.es\/blog\/category\/no-se-que-regalar\/a-un-hombrenoviomaridopadre\/"},"img":{"alt_text":"","src":"https:\/\/i0.wp.com\/oui-oui.es\/blog\/wp-content\/uploads\/2019\/09\/Carrito-mimbre-oui-oui-carro-mimbre-compra-carro-playa-mimbre-olli-ella-5.jpg?resize=350%2C200&ssl=1","width":350,"height":200,"srcset":"https:\/\/i0.wp.com\/oui-oui.es\/blog\/wp-content\/uploads\/2019\/09\/Carrito-mimbre-oui-oui-carro-mimbre-compra-carro-playa-mimbre-olli-ella-5.jpg?resize=350%2C200&ssl=1 1x, https:\/\/i0.wp.com\/oui-oui.es\/blog\/wp-content\/uploads\/2019\/09\/Carrito-mimbre-oui-oui-carro-mimbre-compra-carro-playa-mimbre-olli-ella-5.jpg?resize=525%2C300&ssl=1 1.5x, https:\/\/i0.wp.com\/oui-oui.es\/blog\/wp-content\/uploads\/2019\/09\/Carrito-mimbre-oui-oui-carro-mimbre-compra-carro-playa-mimbre-olli-ella-5.jpg?resize=700%2C400&ssl=1 2x, https:\/\/i0.wp.com\/oui-oui.es\/blog\/wp-content\/uploads\/2019\/09\/Carrito-mimbre-oui-oui-carro-mimbre-compra-carro-playa-mimbre-olli-ella-5.jpg?resize=1050%2C600&ssl=1 3x"},"classes":[]},{"id":4701,"url":"https:\/\/oui-oui.es\/blog\/el-parasol-de-carrito-que-querras-tener\/","url_meta":{"origin":3655,"position":2},"title":"El parasol de carrito que querr\u00e1s tener","author":"Mar\u00eda \u2665Oui Oui\u2665","date":"23 agosto, 2016","format":false,"excerpt":"Uno de los momentos m\u00e1s pesados cuando llevas a tu beb\u00e9 en el carrito es cuando da el sol, a priori no parece tan dif\u00edcil evitar que le de en la cara pero la realidad es que siempre acaba entrando justo por el hueco que la sombrilla no tapa y\u2026","rel":"","context":"En \u00abMATERNIDAD\u00bb","block_context":{"text":"MATERNIDAD","link":"https:\/\/oui-oui.es\/blog\/category\/maternidad\/"},"img":{"alt_text":"","src":"https:\/\/i0.wp.com\/oui-oui.es\/blog\/wp-content\/uploads\/2016\/08\/Oui-Oui-dooky-baby-paraol-cochecito-bebe-quitar-sol-carrito-bebe.jpg?resize=350%2C200&ssl=1","width":350,"height":200,"srcset":"https:\/\/i0.wp.com\/oui-oui.es\/blog\/wp-content\/uploads\/2016\/08\/Oui-Oui-dooky-baby-paraol-cochecito-bebe-quitar-sol-carrito-bebe.jpg?resize=350%2C200&ssl=1 1x, https:\/\/i0.wp.com\/oui-oui.es\/blog\/wp-content\/uploads\/2016\/08\/Oui-Oui-dooky-baby-paraol-cochecito-bebe-quitar-sol-carrito-bebe.jpg?resize=525%2C300&ssl=1 1.5x, https:\/\/i0.wp.com\/oui-oui.es\/blog\/wp-content\/uploads\/2016\/08\/Oui-Oui-dooky-baby-paraol-cochecito-bebe-quitar-sol-carrito-bebe.jpg?resize=700%2C400&ssl=1 2x, https:\/\/i0.wp.com\/oui-oui.es\/blog\/wp-content\/uploads\/2016\/08\/Oui-Oui-dooky-baby-paraol-cochecito-bebe-quitar-sol-carrito-bebe.jpg?resize=1050%2C600&ssl=1 3x"},"classes":[]},{"id":1183,"url":"https:\/\/oui-oui.es\/blog\/el-carrito-camarera-mesa-auxiliar-de-ikea\/","url_meta":{"origin":3655,"position":3},"title":"El carrito-camarera-mesa auxiliar de Ikea","author":"Mar\u00eda \u2665Oui Oui\u2665","date":"30 enero, 2014","format":false,"excerpt":"Nada m\u00e1s verlo supe que lo quer\u00eda aunque no se me ocurr\u00eda ni para d\u00f3nde ni para qu\u00e9...Primero intent\u00e9 colarlo en la habitaci\u00f3n de Mart\u00edn, pero me di cuenta de que era demasiado capricho...As\u00ed que me convenc\u00ed a mi misma de que lo mejor era comprarlo, porque es de esas\u2026","rel":"","context":"En \u00abFIESTAS y CELEBRACIONES\u00bb","block_context":{"text":"FIESTAS y CELEBRACIONES","link":"https:\/\/oui-oui.es\/blog\/category\/fiestas-celebraciones\/"},"img":{"alt_text":"","src":"https:\/\/i0.wp.com\/oui-oui.es\/blog\/wp-content\/uploads\/2014\/01\/oui-oui-carrito-camarera-madera-ikea-eat-drink-chic.jpg?resize=350%2C200&ssl=1","width":350,"height":200,"srcset":"https:\/\/i0.wp.com\/oui-oui.es\/blog\/wp-content\/uploads\/2014\/01\/oui-oui-carrito-camarera-madera-ikea-eat-drink-chic.jpg?resize=350%2C200&ssl=1 1x, https:\/\/i0.wp.com\/oui-oui.es\/blog\/wp-content\/uploads\/2014\/01\/oui-oui-carrito-camarera-madera-ikea-eat-drink-chic.jpg?resize=525%2C300&ssl=1 1.5x"},"classes":[]},{"id":4495,"url":"https:\/\/oui-oui.es\/blog\/mis-conjuntitos-de-erase-una-vez-para-este-verano\/","url_meta":{"origin":3655,"position":4},"title":"Mis conjuntitos de \u00c9rase una Vez para este verano","author":"Mar\u00eda \u2665Oui Oui\u2665","date":"16 junio, 2016","format":false,"excerpt":"La semana pasada lleg\u00f3 el calorazo de repente, la verdad es que ten\u00eda ganas para vestir a Frida y a Mart\u00edn de veranito, se me estaban acumulando culottes, petos y m\u00e1s prendas de Frida que quer\u00eda estrenar ya y adem\u00e1s no pude resistirme a encargarles varios conjuntos a juego, es\u2026","rel":"","context":"En \u00abNI\u00d1OS Y NI\u00d1AS\u00bb","block_context":{"text":"NI\u00d1OS Y NI\u00d1AS","link":"https:\/\/oui-oui.es\/blog\/category\/ninos\/"},"img":{"alt_text":"","src":"https:\/\/i0.wp.com\/oui-oui.es\/blog\/wp-content\/uploads\/2016\/06\/Oui-Oui-peto-bebe-estampado-tropical-culotte-bebe-estampado-tropical-platos-estampado-tropical.jpg?resize=350%2C200&ssl=1","width":350,"height":200,"srcset":"https:\/\/i0.wp.com\/oui-oui.es\/blog\/wp-content\/uploads\/2016\/06\/Oui-Oui-peto-bebe-estampado-tropical-culotte-bebe-estampado-tropical-platos-estampado-tropical.jpg?resize=350%2C200&ssl=1 1x, https:\/\/i0.wp.com\/oui-oui.es\/blog\/wp-content\/uploads\/2016\/06\/Oui-Oui-peto-bebe-estampado-tropical-culotte-bebe-estampado-tropical-platos-estampado-tropical.jpg?resize=525%2C300&ssl=1 1.5x, https:\/\/i0.wp.com\/oui-oui.es\/blog\/wp-content\/uploads\/2016\/06\/Oui-Oui-peto-bebe-estampado-tropical-culotte-bebe-estampado-tropical-platos-estampado-tropical.jpg?resize=700%2C400&ssl=1 2x, https:\/\/i0.wp.com\/oui-oui.es\/blog\/wp-content\/uploads\/2016\/06\/Oui-Oui-peto-bebe-estampado-tropical-culotte-bebe-estampado-tropical-platos-estampado-tropical.jpg?resize=1050%2C600&ssl=1 3x, https:\/\/i0.wp.com\/oui-oui.es\/blog\/wp-content\/uploads\/2016\/06\/Oui-Oui-peto-bebe-estampado-tropical-culotte-bebe-estampado-tropical-platos-estampado-tropical.jpg?resize=1400%2C800&ssl=1 4x"},"classes":[]},{"id":2636,"url":"https:\/\/oui-oui.es\/blog\/una-bolsa-de-carrito-para-cada-etapa\/","url_meta":{"origin":3655,"position":5},"title":"Una bolsa de carrito para cada etapa","author":"Mar\u00eda \u2665Oui Oui\u2665","date":"22 junio, 2015","format":false,"excerpt":"\u00a0 Un momento clave en las compras de beb\u00e9 es la elecci\u00f3n del carrito, y una vez lo tienes, otro elemento importante es la bolsa que viene con \u00e9l o que, si no te gusta, buscar\u00e1s una diferente. En los 21 meses que tiene Mart\u00edn me he dado cuenta de\u2026","rel":"","context":"En \u00abMATERNIDAD\u00bb","block_context":{"text":"MATERNIDAD","link":"https:\/\/oui-oui.es\/blog\/category\/maternidad\/"},"img":{"alt_text":"","src":"https:\/\/i0.wp.com\/oui-oui.es\/blog\/wp-content\/uploads\/Oui-Oui-bolsa-carrito-mc-laren.jpg?resize=350%2C200&ssl=1","width":350,"height":200,"srcset":"https:\/\/i0.wp.com\/oui-oui.es\/blog\/wp-content\/uploads\/Oui-Oui-bolsa-carrito-mc-laren.jpg?resize=350%2C200&ssl=1 1x, https:\/\/i0.wp.com\/oui-oui.es\/blog\/wp-content\/uploads\/Oui-Oui-bolsa-carrito-mc-laren.jpg?resize=525%2C300&ssl=1 1.5x"},"classes":[]}],"_links":{"self":[{"href":"https:\/\/oui-oui.es\/blog\/wp-json\/wp\/v2\/posts\/3655","targetHints":{"allow":["GET"]}}],"collection":[{"href":"https:\/\/oui-oui.es\/blog\/wp-json\/wp\/v2\/posts"}],"about":[{"href":"https:\/\/oui-oui.es\/blog\/wp-json\/wp\/v2\/types\/post"}],"author":[{"embeddable":true,"href":"https:\/\/oui-oui.es\/blog\/wp-json\/wp\/v2\/users\/1"}],"replies":[{"embeddable":true,"href":"https:\/\/oui-oui.es\/blog\/wp-json\/wp\/v2\/comments?post=3655"}],"version-history":[{"count":1,"href":"https:\/\/oui-oui.es\/blog\/wp-json\/wp\/v2\/posts\/3655\/revisions"}],"predecessor-version":[{"id":3660,"href":"https:\/\/oui-oui.es\/blog\/wp-json\/wp\/v2\/posts\/3655\/revisions\/3660"}],"wp:featuredmedia":[{"embeddable":true,"href":"https:\/\/oui-oui.es\/blog\/wp-json\/wp\/v2\/media\/3658"}],"wp:attachment":[{"href":"https:\/\/oui-oui.es\/blog\/wp-json\/wp\/v2\/media?parent=3655"}],"wp:term":[{"taxonomy":"category","embeddable":true,"href":"https:\/\/oui-oui.es\/blog\/wp-json\/wp\/v2\/categories?post=3655"},{"taxonomy":"post_tag","embeddable":true,"href":"https:\/\/oui-oui.es\/blog\/wp-json\/wp\/v2\/tags?post=3655"}],"curies":[{"name":"wp","href":"https:\/\/api.w.org\/{rel}","templated":true}]}}