{"id":3663,"date":"2015-11-04T12:14:01","date_gmt":"2015-11-04T10:14:01","guid":{"rendered":"https:\/\/oui-oui.es\/blog\/?p=3663"},"modified":"2015-11-05T15:10:25","modified_gmt":"2015-11-05T13:10:25","slug":"la-wishlist-para-frida","status":"publish","type":"post","link":"https:\/\/oui-oui.es\/blog\/la-wishlist-para-frida\/","title":{"rendered":"La wishlist para Frida"},"content":{"rendered":"<p>A\u00fan quedan un poco m\u00e1s de tres meses pero es ahora cuando empiezo a tener las ganas de ver y buscar cosas para Frida (as\u00ed se llamar\u00e1 la ni\u00f1a que esperamos para febrero!) as\u00ed que voy a ir recopil\u00e1ndolas en mis wishlist para que no se me olviden.<\/p>\n<p>Hay dos cosas que quer\u00eda ya para Mart\u00edn y lo fu\u00ed dejando, pero que ahora cobran m\u00e1s importancia si cabe&#8230;<\/p>\n<p><span style=\"text-decoration: underline;\"><strong>El cuento de <a href=\"http:\/\/www.amazon.es\/gp\/product\/8490650810\/ref=as_li_ss_tl?ie=UTF8&amp;camp=3626&amp;creative=24822&amp;creativeASIN=8490650810&amp;linkCode=as2&amp;tag=ouou-21\" rel=\"nofollow\">Peque\u00f1a &amp; Grande Frida Kahlo<\/a><\/strong><\/span><img loading=\"lazy\" decoding=\"async\" style=\"border: none !important; margin: 0px !important;\" src=\"http:\/\/ir-es.amazon-adsystem.com\/e\/ir?t=ouou-21&amp;l=as2&amp;o=30&amp;a=8490650810\" alt=\"\" width=\"1\" height=\"1\" border=\"0\" \/>, es el segundo n\u00famero de una colecci\u00f3n pensada en ense\u00f1ar a los ni\u00f1os qui\u00e9nes fueron algunas mujeres importantes de la historia contempor\u00e1nea (la colecci\u00f3n entera es apetecible!).Ya tenemos otro\u00a0<a href=\"http:\/\/www.amazon.es\/gp\/product\/1845073541\/ref=as_li_ss_tl?ie=UTF8&amp;camp=3626&amp;creative=24822&amp;creativeASIN=1845073541&amp;linkCode=as2&amp;tag=ouou-21\" rel=\"nofollow\">otro cuento de Frida<\/a><img loading=\"lazy\" decoding=\"async\" style=\"border: none !important; margin: 0px !important;\" src=\"http:\/\/ir-es.amazon-adsystem.com\/e\/ir?t=ouou-21&amp;l=as2&amp;o=30&amp;a=1845073541\" alt=\"\" width=\"1\" height=\"1\" border=\"0\" \/> que le compr\u00e9 a Mart\u00edn en NY cuando apenas ten\u00eda seis meses, pero que ahora le encanta llerlo todas las noches y nos est\u00e1 sirviendo para que se aprenda el nombre de su hermanita \ud83d\ude09<\/p>\n<p><img loading=\"lazy\" decoding=\"async\" class=\"aligncenter size-full wp-image-3664\" src=\"https:\/\/oui-oui.es\/blog\/wp-content\/uploads\/2015\/11\/Oui-Oui-libro-frida-kahlo-ni\u00f1os-coleccion-mujeres-cuentos-ni\u00f1os-cuento-frida-ed-alba.jpg\" alt=\"Oui Oui-libro frida kahlo ni\u00f1os-coleccion mujeres cuentos ni\u00f1os-cuento frida ed alba\" width=\"447\" height=\"550\" srcset=\"https:\/\/oui-oui.es\/blog\/wp-content\/uploads\/2015\/11\/Oui-Oui-libro-frida-kahlo-ni\u00f1os-coleccion-mujeres-cuentos-ni\u00f1os-cuento-frida-ed-alba.jpg 447w, https:\/\/oui-oui.es\/blog\/wp-content\/uploads\/2015\/11\/Oui-Oui-libro-frida-kahlo-ni\u00f1os-coleccion-mujeres-cuentos-ni\u00f1os-cuento-frida-ed-alba-244x300.jpg 244w\" sizes=\"auto, (max-width: 447px) 100vw, 447px\" \/><\/p>\n<p>Y la otra es <span style=\"text-decoration: underline;\"><strong>uno de los preciosos mu\u00f1ecos de <a href=\"http:\/\/www.lullabydiaries.bigcartel.com\" target=\"_blank\">Lullabydiaries<\/a><\/strong><\/span>, por supuesto el de <strong>Frida<\/strong>.<\/p>\n<p><img loading=\"lazy\" decoding=\"async\" class=\"aligncenter size-large wp-image-3669\" src=\"https:\/\/oui-oui.es\/blog\/wp-content\/uploads\/2015\/11\/Oui-Oui-mu\u00f1eca-alpaca-Frida-lullabydiaries-1024x1019.jpg\" alt=\"Oui Oui-mu\u00f1eca alpaca Frida-lullabydiaries\" width=\"1024\" height=\"1019\" srcset=\"https:\/\/oui-oui.es\/blog\/wp-content\/uploads\/2015\/11\/Oui-Oui-mu\u00f1eca-alpaca-Frida-lullabydiaries-1024x1019.jpg 1024w, https:\/\/oui-oui.es\/blog\/wp-content\/uploads\/2015\/11\/Oui-Oui-mu\u00f1eca-alpaca-Frida-lullabydiaries-150x150.jpg 150w, https:\/\/oui-oui.es\/blog\/wp-content\/uploads\/2015\/11\/Oui-Oui-mu\u00f1eca-alpaca-Frida-lullabydiaries-300x298.jpg 300w, https:\/\/oui-oui.es\/blog\/wp-content\/uploads\/2015\/11\/Oui-Oui-mu\u00f1eca-alpaca-Frida-lullabydiaries-600x597.jpg 600w, https:\/\/oui-oui.es\/blog\/wp-content\/uploads\/2015\/11\/Oui-Oui-mu\u00f1eca-alpaca-Frida-lullabydiaries.jpg 1125w\" sizes=\"auto, (max-width: 1024px) 100vw, 1024px\" \/><\/p>\n<p>Pero ya puestos creo que le voy a pedir a Mart\u00edn el de<strong> Jean-Claude el esquiador<\/strong> \ud83d\ude09<\/p>\n<p><img loading=\"lazy\" decoding=\"async\" class=\"aligncenter size-large wp-image-3670\" src=\"https:\/\/oui-oui.es\/blog\/wp-content\/uploads\/2015\/11\/Oui-Oui-lullabydiaries-mu\u00f1eco-esquiador-1024x1008.jpg\" alt=\"Oui Oui-lullabydiaries-mu\u00f1eco esquiador\" width=\"1024\" height=\"1008\" srcset=\"https:\/\/oui-oui.es\/blog\/wp-content\/uploads\/2015\/11\/Oui-Oui-lullabydiaries-mu\u00f1eco-esquiador-1024x1008.jpg 1024w, https:\/\/oui-oui.es\/blog\/wp-content\/uploads\/2015\/11\/Oui-Oui-lullabydiaries-mu\u00f1eco-esquiador-300x295.jpg 300w, https:\/\/oui-oui.es\/blog\/wp-content\/uploads\/2015\/11\/Oui-Oui-lullabydiaries-mu\u00f1eco-esquiador-600x590.jpg 600w, https:\/\/oui-oui.es\/blog\/wp-content\/uploads\/2015\/11\/Oui-Oui-lullabydiaries-mu\u00f1eco-esquiador.jpg 1125w\" sizes=\"auto, (max-width: 1024px) 100vw, 1024px\" \/><\/p>\n<p>Se pueden encontrar <a href=\"http:\/\/www.lullabydiaries.bigcartel.com\" target=\"_blank\">aqu\u00ed<\/a> y si est\u00e1n agotados, lo hacen por encargo \ud83d\ude09<\/p>\n<p><span style=\"text-decoration: underline;\"><strong>Un conjuntito de <a href=\"http:\/\/mamamadejas.com\/\" target=\"_blank\">Mam\u00e1 Madejas<\/a>:<\/strong><\/span> son todos tan ideales que cuesta elegir, al final lo mejor es ir a su tienda f\u00edsica y dejarte acosejar, a Mart\u00edn mi madre le regal\u00f3 varios y todos fueron un \u00e9xito.<\/p>\n<style>.eic-frame-3668 { width: 500px; height:500px; background-color: #ffffff; border: 1px solid #ffffff; }.eic-frame-3668 .eic-image { border: 1px solid #ffffff; }<\/style><div class=\"eic-container\"><div class=\"eic-frame eic-frame-3668 eic-frame-2-row-top-2-col\" data-layout-name=\"2-row-top-2-col\" data-orig-width=\"500\" data-orig-border=\"1\" data-ratio=\"1\"><div class=\"eic-rows\"><div class=\"eic-row eic-child-1\" style=\"top: 0; left: 0; right: 0; bottom: 50%; height: 50%;\"><div class=\"eic-cols\"><div class=\"eic-col eic-child-1\" style=\"top: 0; bottom: 0; left: 0; right: 50%; width: 50%;\"><div class=\"eic-image eic-image-0\" data-size-x=\"251\" data-size-y=\"317.72151898734177\" data-pos-x=\"0\" data-pos-y=\"-33.360759493670884\"><img decoding=\"async\" src=\"https:\/\/oui-oui.es\/blog\/wp-content\/uploads\/2015\/11\/Oui-Oui-regalos-bebe-mama-madejas.jpg\" style=\"width: 251px !important;height: 317px !important;max-width: none !important;max-height: none !important;position: absolute !important;left: 0px !important;top: -33.360759493670884px !important;padding: 0 !important;margin: 0 !important;border: none !important;\" title=\"Oui Oui-regalos bebe-mama madejas\" alt=\"Oui Oui-regalos bebe-mama madejas\" \/><\/div><\/div><div class=\"eic-col eic-child-2\" style=\"top: 0; bottom: 0; right: 0; left: 50%; width: 50%;\"><div class=\"eic-image eic-image-1\" data-size-x=\"251\" data-size-y=\"251.84228187919464\" data-pos-x=\"0\" data-pos-y=\"0\"><img decoding=\"async\" src=\"https:\/\/oui-oui.es\/blog\/wp-content\/uploads\/2015\/11\/Oui-Oui-regalos-bebe-conjuntito-punto-mama-madejas-300x300.jpg\" style=\"width: 251px !important;height: 251px !important;max-width: none !important;max-height: none !important;position: absolute !important;left: 0px !important;top: 0px !important;padding: 0 !important;margin: 0 !important;border: none !important;\" title=\"Oui Oui-regalos bebe-conjuntito punto mama madejas\" alt=\"Oui Oui-regalos bebe-conjuntito punto mama madejas\" \/><\/div><\/div><\/div><\/div><div class=\"eic-row eic-child-2\" style=\"bottom: 0; left: 0; right: 0; top: 50%; height: 50%;\"><div class=\"eic-image eic-image-2\" data-size-x=\"500\" data-size-y=\"501.6863406408094\" data-pos-x=\"0\" data-pos-y=\"-125.34317032040471\"><img decoding=\"async\" src=\"https:\/\/oui-oui.es\/blog\/wp-content\/uploads\/2015\/11\/Oui-Oui-regalos-bebe-conjunto-mama-madejas.jpg\" style=\"width: 500px !important;height: 501px !important;max-width: none !important;max-height: none !important;position: absolute !important;left: 0px !important;top: -125.34317032040471px !important;padding: 0 !important;margin: 0 !important;border: none !important;\" title=\"Oui Oui-regalos bebe-conjunto mama madejas\" alt=\"Oui Oui-regalos bebe-conjunto mama madejas\" \/><\/div><\/div><\/div><\/div><\/div>\n<p><strong>Un collarcito de <a href=\"http:\/\/mamibb.es\" target=\"_blank\">MamiBB<\/a>:<\/strong> los descubr\u00ed cuando Mart\u00edn ya hab\u00eda pasado la \u00e9poca tir\u00f3n de pelos y agarrar todo lo que estaba cerca de mi cuello y sus manos y me parecieron geniales, son unos collares mordedores, con un bonito dise\u00f1o que cumple la doble funci\u00f3n tan pr\u00e1ctica y necesaria cuando el beb\u00e9 es peque\u00f1o; se entretienen con el collar y tu vas un poco m\u00e1s mona \ud83d\ude09 adem\u00e1s no te rompen tu collar de siempre!<\/p>\n<p><img loading=\"lazy\" decoding=\"async\" class=\"aligncenter size-full wp-image-3671\" src=\"https:\/\/oui-oui.es\/blog\/wp-content\/uploads\/2015\/11\/Oui-Oui-collar-lactancia-collar-silicona-bebes-mami-bb.jpg\" alt=\"Oui Oui-collar lactancia-collar silicona bebes-mami bb\" width=\"458\" height=\"458\" srcset=\"https:\/\/oui-oui.es\/blog\/wp-content\/uploads\/2015\/11\/Oui-Oui-collar-lactancia-collar-silicona-bebes-mami-bb.jpg 458w, https:\/\/oui-oui.es\/blog\/wp-content\/uploads\/2015\/11\/Oui-Oui-collar-lactancia-collar-silicona-bebes-mami-bb-150x150.jpg 150w, https:\/\/oui-oui.es\/blog\/wp-content\/uploads\/2015\/11\/Oui-Oui-collar-lactancia-collar-silicona-bebes-mami-bb-300x300.jpg 300w\" sizes=\"auto, (max-width: 458px) 100vw, 458px\" \/><\/p>\n<p><span style=\"text-decoration: underline;\"><strong>Una escultura de <a href=\"http:\/\/surlefil.es\/\" target=\"_blank\">Sur le Fil<\/a>:<\/strong><\/span> me encanta todo su trabajo, Mart\u00edn tiene la suya (un circo precioso) y ahora tengo que pensar que encargarle para Frida \ud83d\ude42<\/p>\n<style>.eic-frame-3676 { width: 500px; height:500px; background-color: #ffffff; border: 1px solid #ffffff; }.eic-frame-3676 .eic-image { border: 1px solid #ffffff; }<\/style><div class=\"eic-container\"><div class=\"eic-frame eic-frame-3676 eic-frame-4-squares\" data-layout-name=\"4-squares\" data-orig-width=\"500\" data-orig-border=\"1\" data-ratio=\"1\"><div class=\"eic-cols\"><div class=\"eic-col eic-child-1\" style=\"top: 0; bottom: 0; left: 0; right: 50%; width: 50%;\"><div class=\"eic-rows\"><div class=\"eic-row eic-child-1\" style=\"top: 0; left: 0; right: 0; bottom: 50%; height: 50%;\"><div class=\"eic-image eic-image-0\" data-size-x=\"257.43243243243245\" data-size-y=\"254\" data-pos-x=\"-1.7162162162162247\" data-pos-y=\"0\"><img decoding=\"async\" src=\"https:\/\/oui-oui.es\/blog\/wp-content\/uploads\/2015\/11\/Oui-Oui-esculturas-metal-ni\u00f1os-surlefil-castillo.jpg\" style=\"width: 257px !important;height: 254px !important;max-width: none !important;max-height: none !important;position: absolute !important;left: -1.7162162162162247px !important;top: 0px !important;padding: 0 !important;margin: 0 !important;border: none !important;\" title=\"Oui Oui-esculturas metal ni\u00f1os-surlefil-castillo\" alt=\"Oui Oui-esculturas metal ni\u00f1os-surlefil-castillo\" \/><\/div><\/div><div class=\"eic-row eic-child-2\" style=\"bottom: 0; left: 0; right: 0; top: 50%; height: 50%;\"><div class=\"eic-image eic-image-2\" data-size-x=\"258.83152173913044\" data-size-y=\"254\" data-pos-x=\"-2.4157608695652186\" data-pos-y=\"0\"><img decoding=\"async\" src=\"https:\/\/oui-oui.es\/blog\/wp-content\/uploads\/2015\/11\/Oui-Oui-esculturas-metal-ni\u00f1os-surlefil-jaula.jpg\" style=\"width: 258px !important;height: 254px !important;max-width: none !important;max-height: none !important;position: absolute !important;left: -2.4157608695652186px !important;top: 0px !important;padding: 0 !important;margin: 0 !important;border: none !important;\" title=\"Oui Oui-esculturas metal ni\u00f1os-surlefil-jaula\" alt=\"Oui Oui-esculturas metal ni\u00f1os-surlefil-jaula\" \/><\/div><\/div><\/div><\/div><div class=\"eic-col eic-child-2\" style=\"top: 0; bottom: 0; right: 0; left: 50%; width: 50%;\"><div class=\"eic-rows\"><div class=\"eic-row eic-child-1\" style=\"top: 0; left: 0; right: 0; bottom: 50%; height: 50%;\"><div class=\"eic-image eic-image-1\" data-size-x=\"256.7385444743935\" data-size-y=\"254\" data-pos-x=\"-9\" data-pos-y=\"-7\"><img decoding=\"async\" src=\"https:\/\/oui-oui.es\/blog\/wp-content\/uploads\/2015\/11\/Oui-Oui-esculturas-metal-ni\u00f1os-surlefil-corona.jpg\" style=\"width: 256px !important;height: 254px !important;max-width: none !important;max-height: none !important;position: absolute !important;left: -9px !important;top: -7px !important;padding: 0 !important;margin: 0 !important;border: none !important;\" title=\"Oui Oui-esculturas metal ni\u00f1os-surlefil-corona\" alt=\"Oui Oui-esculturas metal ni\u00f1os-surlefil-corona\" \/><\/div><\/div><div class=\"eic-row eic-child-2\" style=\"bottom: 0; left: 0; right: 0; top: 50%; height: 50%;\"><div class=\"eic-image eic-image-4\" data-size-x=\"254.91202872531417\" data-size-y=\"254\" data-pos-x=\"-0.4560143626570863\" data-pos-y=\"0\"><img decoding=\"async\" src=\"https:\/\/oui-oui.es\/blog\/wp-content\/uploads\/2015\/11\/Oui-Oui-esculturas-metal-ni\u00f1os-surlefil-casa-con-balcon.jpg\" style=\"width: 254px !important;height: 254px !important;max-width: none !important;max-height: none !important;position: absolute !important;left: -0.4560143626570863px !important;top: 0px !important;padding: 0 !important;margin: 0 !important;border: none !important;\" title=\"Oui Oui-esculturas metal ni\u00f1os-surlefil-casa con balcon\" alt=\"Oui Oui-esculturas metal ni\u00f1os-surlefil-casa con balcon\" \/><\/div><\/div><\/div><\/div><\/div><\/div><\/div>\n<p><span style=\"text-decoration: underline;\"><strong>Un saquito de ante y borrego:<\/strong><\/span> me encant\u00f3 el del peque\u00f1o Amancio, que si no me equivoco era de <strong>Zara Home<\/strong>, pero no he vuelto a encontrar uno igual, si alguien sabe d\u00f3nde encontrarlo \u00a1avisadme! gracias!<\/p>\n<p><img loading=\"lazy\" decoding=\"async\" class=\"aligncenter size-full wp-image-3679\" src=\"https:\/\/oui-oui.es\/blog\/wp-content\/uploads\/2015\/11\/Oui-Oui-saco-bebe-borego-saco-bebe-marta-ortega-saco-bebe-ante-y-borreguito.jpg\" alt=\"Oui Oui-saco bebe borego-saco bebe marta ortega-saco bebe ante y borreguito\" width=\"654\" height=\"371\" srcset=\"https:\/\/oui-oui.es\/blog\/wp-content\/uploads\/2015\/11\/Oui-Oui-saco-bebe-borego-saco-bebe-marta-ortega-saco-bebe-ante-y-borreguito.jpg 654w, https:\/\/oui-oui.es\/blog\/wp-content\/uploads\/2015\/11\/Oui-Oui-saco-bebe-borego-saco-bebe-marta-ortega-saco-bebe-ante-y-borreguito-300x170.jpg 300w, https:\/\/oui-oui.es\/blog\/wp-content\/uploads\/2015\/11\/Oui-Oui-saco-bebe-borego-saco-bebe-marta-ortega-saco-bebe-ante-y-borreguito-600x340.jpg 600w\" sizes=\"auto, (max-width: 654px) 100vw, 654px\" \/><\/p>\n<p>Seguir\u00e9 fichando cositas para Frida y os voy contando!<\/p>\n","protected":false},"excerpt":{"rendered":"<p>A\u00fan quedan un poco m\u00e1s de tres meses pero es ahora cuando empiezo a tener las ganas de ver y buscar cosas para Frida (as\u00ed se llamar\u00e1 la ni\u00f1a que esperamos para febrero!) as\u00ed que voy a ir recopil\u00e1ndolas en mis wishlist para que no se me olviden. Hay dos cosas que quer\u00eda ya para [&hellip;]<\/p>\n","protected":false},"author":1,"featured_media":3664,"comment_status":"open","ping_status":"open","sticky":false,"template":"","format":"standard","meta":{"jetpack_post_was_ever_published":false,"_jetpack_newsletter_access":"","_jetpack_dont_email_post_to_subs":false,"_jetpack_newsletter_tier_id":0,"_jetpack_memberships_contains_paywalled_content":false,"_jetpack_memberships_contains_paid_content":false,"footnotes":"","jetpack_publicize_message":"","jetpack_publicize_feature_enabled":true,"jetpack_social_post_already_shared":true,"jetpack_social_options":{"image_generator_settings":{"template":"highway","default_image_id":0,"font":"","enabled":false},"version":2}},"categories":[535,18],"tags":[700,748,719,711],"class_list":["post-3663","post","type-post","status-publish","format-standard","has-post-thumbnail","hentry","category-maternidad","category-regalos-originales-para-ninos","tag-compras-bebe","tag-libros","tag-ropa-bebes-y-ninos","tag-wishlist"],"aioseo_notices":[],"jetpack_publicize_connections":[],"jetpack_featured_media_url":"https:\/\/oui-oui.es\/blog\/wp-content\/uploads\/2015\/11\/Oui-Oui-libro-frida-kahlo-ni\u00f1os-coleccion-mujeres-cuentos-ni\u00f1os-cuento-frida-ed-alba.jpg","jetpack_sharing_enabled":true,"jetpack-related-posts":[{"id":3890,"url":"https:\/\/oui-oui.es\/blog\/la-iii-wishlist-de-frida\/","url_meta":{"origin":3663,"position":0},"title":"La III Wishlist de Frida!","author":"Mar\u00eda \u2665Oui Oui\u2665","date":"17 diciembre, 2015","format":false,"excerpt":"Parece que me voy animando seg\u00fan se acerca el momento y cada vez veo m\u00e1s cosas que me apetecen para ella y para su rinc\u00f3n de la habitaci\u00f3n (ahora si que siento que tengo que volver a reestructurar un poco la habitaci\u00f3n de Mart\u00edn que ser\u00e1 de los dos!), as\u00ed\u2026","rel":"","context":"En \u00abNI\u00d1OS Y NI\u00d1AS\u00bb","block_context":{"text":"NI\u00d1OS Y NI\u00d1AS","link":"https:\/\/oui-oui.es\/blog\/category\/ninos\/"},"img":{"alt_text":"","src":"https:\/\/i0.wp.com\/oui-oui.es\/blog\/wp-content\/uploads\/2015\/12\/Oui-Oui-wishlist-frida-lamina-dibujo-mrs-miguetto.jpg?resize=350%2C200&ssl=1","width":350,"height":200,"srcset":"https:\/\/i0.wp.com\/oui-oui.es\/blog\/wp-content\/uploads\/2015\/12\/Oui-Oui-wishlist-frida-lamina-dibujo-mrs-miguetto.jpg?resize=350%2C200&ssl=1 1x, https:\/\/i0.wp.com\/oui-oui.es\/blog\/wp-content\/uploads\/2015\/12\/Oui-Oui-wishlist-frida-lamina-dibujo-mrs-miguetto.jpg?resize=525%2C300&ssl=1 1.5x, https:\/\/i0.wp.com\/oui-oui.es\/blog\/wp-content\/uploads\/2015\/12\/Oui-Oui-wishlist-frida-lamina-dibujo-mrs-miguetto.jpg?resize=700%2C400&ssl=1 2x"},"classes":[]},{"id":5055,"url":"https:\/\/oui-oui.es\/blog\/la-wishlist-del-primer-cumpleanos-de-frida\/","url_meta":{"origin":3663,"position":1},"title":"La Wishlist del primer cumplea\u00f1os de Frida","author":"Mar\u00eda \u2665Oui Oui\u2665","date":"25 enero, 2017","format":false,"excerpt":"Quedan dos semanas para que Frida cumpla un a\u00f1o, es un t\u00f3pico pero ha pasado volando y aqu\u00ed estoy rompi\u00e9ndome la cabeza para ver qu\u00e9 le regalamos, porque quiero que tenga algo especial de recuerdo, y a la vez me parece que ya tiene de todo con los juguetes de\u2026","rel":"","context":"En \u00abFIESTAS y CELEBRACIONES\u00bb","block_context":{"text":"FIESTAS y CELEBRACIONES","link":"https:\/\/oui-oui.es\/blog\/category\/fiestas-celebraciones\/"},"img":{"alt_text":"","src":"https:\/\/i0.wp.com\/oui-oui.es\/blog\/wp-content\/uploads\/2017\/01\/Oui-Oui-wishlist-Frida-gorro-fiesta-crochet-la-f%C3%AAte-laf%C3%A8te-party-hat.jpg?resize=350%2C200&ssl=1","width":350,"height":200,"srcset":"https:\/\/i0.wp.com\/oui-oui.es\/blog\/wp-content\/uploads\/2017\/01\/Oui-Oui-wishlist-Frida-gorro-fiesta-crochet-la-f%C3%AAte-laf%C3%A8te-party-hat.jpg?resize=350%2C200&ssl=1 1x, https:\/\/i0.wp.com\/oui-oui.es\/blog\/wp-content\/uploads\/2017\/01\/Oui-Oui-wishlist-Frida-gorro-fiesta-crochet-la-f%C3%AAte-laf%C3%A8te-party-hat.jpg?resize=525%2C300&ssl=1 1.5x, https:\/\/i0.wp.com\/oui-oui.es\/blog\/wp-content\/uploads\/2017\/01\/Oui-Oui-wishlist-Frida-gorro-fiesta-crochet-la-f%C3%AAte-laf%C3%A8te-party-hat.jpg?resize=700%2C400&ssl=1 2x, https:\/\/i0.wp.com\/oui-oui.es\/blog\/wp-content\/uploads\/2017\/01\/Oui-Oui-wishlist-Frida-gorro-fiesta-crochet-la-f%C3%AAte-laf%C3%A8te-party-hat.jpg?resize=1050%2C600&ssl=1 3x"},"classes":[]},{"id":3915,"url":"https:\/\/oui-oui.es\/blog\/iv-wishlist-de-frida\/","url_meta":{"origin":3663,"position":2},"title":"IV Wishlist de Frida ;)","author":"Mar\u00eda \u2665Oui Oui\u2665","date":"20 enero, 2016","format":false,"excerpt":"Este fin de semana hemos organizado casi todo para la llegada de Frida, as\u00ed que voy viendo m\u00e1s claro las cosas que le faltan y alg\u00fan caprichito que quiero darle(me). Como el m\u00f3vil de cisne y plumas de Vanessa Byrne que me tiene enamorada, absolutamente delicado... La mini butaca Enmanuelle\u2026","rel":"","context":"En \u00abMATERNIDAD\u00bb","block_context":{"text":"MATERNIDAD","link":"https:\/\/oui-oui.es\/blog\/category\/maternidad\/"},"img":{"alt_text":"","src":"https:\/\/i0.wp.com\/oui-oui.es\/blog\/wp-content\/uploads\/2016\/01\/Oui-Oui-wishlist-frida-m%C3%B3bil-cuna-plumas-y-cisne.jpg?resize=350%2C200&ssl=1","width":350,"height":200,"srcset":"https:\/\/i0.wp.com\/oui-oui.es\/blog\/wp-content\/uploads\/2016\/01\/Oui-Oui-wishlist-frida-m%C3%B3bil-cuna-plumas-y-cisne.jpg?resize=350%2C200&ssl=1 1x, https:\/\/i0.wp.com\/oui-oui.es\/blog\/wp-content\/uploads\/2016\/01\/Oui-Oui-wishlist-frida-m%C3%B3bil-cuna-plumas-y-cisne.jpg?resize=525%2C300&ssl=1 1.5x, https:\/\/i0.wp.com\/oui-oui.es\/blog\/wp-content\/uploads\/2016\/01\/Oui-Oui-wishlist-frida-m%C3%B3bil-cuna-plumas-y-cisne.jpg?resize=700%2C400&ssl=1 2x"},"classes":[]},{"id":5066,"url":"https:\/\/oui-oui.es\/blog\/bebe-fiera-mama-pantera\/","url_meta":{"origin":3663,"position":3},"title":"Beb\u00e9 fiera | Mam\u00e1 pantera","author":"Mar\u00eda \u2665Oui Oui\u2665","date":"3 febrero, 2017","format":false,"excerpt":"M\u00e1s adelante har\u00e9 un post con regalos para el d\u00eda de la madre, pero hoy ten\u00eda que compartir las camisetas de Hello Vandals porque me parecen la pera\u00a0 y, aunque las sigo hace tiempo en Instagram, hoy se me ha iluminado la idea de para cuando las quer\u00eda...Este verano Frida\u2026","rel":"","context":"En \u00abD\u00eda de la Madre\u00bb","block_context":{"text":"D\u00eda de la Madre","link":"https:\/\/oui-oui.es\/blog\/category\/no-se-que-regalar\/dia-de-la-madre\/"},"img":{"alt_text":"","src":"https:\/\/i0.wp.com\/oui-oui.es\/blog\/wp-content\/uploads\/2017\/01\/Oui-Oui-camisetas-mam%C3%A1-e-hijo-bebe-fiera-mama-pantera-hello-vandals.png?resize=350%2C200&ssl=1","width":350,"height":200,"srcset":"https:\/\/i0.wp.com\/oui-oui.es\/blog\/wp-content\/uploads\/2017\/01\/Oui-Oui-camisetas-mam%C3%A1-e-hijo-bebe-fiera-mama-pantera-hello-vandals.png?resize=350%2C200&ssl=1 1x, https:\/\/i0.wp.com\/oui-oui.es\/blog\/wp-content\/uploads\/2017\/01\/Oui-Oui-camisetas-mam%C3%A1-e-hijo-bebe-fiera-mama-pantera-hello-vandals.png?resize=525%2C300&ssl=1 1.5x, https:\/\/i0.wp.com\/oui-oui.es\/blog\/wp-content\/uploads\/2017\/01\/Oui-Oui-camisetas-mam%C3%A1-e-hijo-bebe-fiera-mama-pantera-hello-vandals.png?resize=700%2C400&ssl=1 2x"},"classes":[]},{"id":5082,"url":"https:\/\/oui-oui.es\/blog\/la-wishlist-de-mis-35\/","url_meta":{"origin":3663,"position":4},"title":"La wishlist de mis 35","author":"Mar\u00eda \u2665Oui Oui\u2665","date":"1 febrero, 2017","format":false,"excerpt":"Queda un mes para mi cumple y como soy do\u00f1a wishlist, no pod\u00eda faltar la m\u00eda ;) , adem\u00e1s, este a\u00f1o \u00a1cumplo 35! , en mi caso, creo que s\u00f3lo voy a celebrar mi cumple (con m\u00e1s gente que mi familia cercana) cada 5 a\u00f1os...As\u00ed que \u00e9ste deber\u00eda ser El\u2026","rel":"","context":"En \u00abESTILO DE VIDA\u00bb","block_context":{"text":"ESTILO DE VIDA","link":"https:\/\/oui-oui.es\/blog\/category\/lifestyle-2\/"},"img":{"alt_text":"","src":"https:\/\/i0.wp.com\/oui-oui.es\/blog\/wp-content\/uploads\/2017\/01\/Oui-Oui-wishlist-Mar%C3%ADa-35-gray-Malin-iceberg-swan-float.jpg?resize=350%2C200&ssl=1","width":350,"height":200,"srcset":"https:\/\/i0.wp.com\/oui-oui.es\/blog\/wp-content\/uploads\/2017\/01\/Oui-Oui-wishlist-Mar%C3%ADa-35-gray-Malin-iceberg-swan-float.jpg?resize=350%2C200&ssl=1 1x, https:\/\/i0.wp.com\/oui-oui.es\/blog\/wp-content\/uploads\/2017\/01\/Oui-Oui-wishlist-Mar%C3%ADa-35-gray-Malin-iceberg-swan-float.jpg?resize=525%2C300&ssl=1 1.5x, https:\/\/i0.wp.com\/oui-oui.es\/blog\/wp-content\/uploads\/2017\/01\/Oui-Oui-wishlist-Mar%C3%ADa-35-gray-Malin-iceberg-swan-float.jpg?resize=700%2C400&ssl=1 2x"},"classes":[]},{"id":3487,"url":"https:\/\/oui-oui.es\/blog\/la-wishlist-de-martin-por-su-segundo-cumpleanos\/","url_meta":{"origin":3663,"position":5},"title":"La wishlist de Mart\u00edn por su segundo cumplea\u00f1os","author":"Mar\u00eda \u2665Oui Oui\u2665","date":"12 octubre, 2015","format":false,"excerpt":"El cumplea\u00f1os de Mart\u00edn fue hace exactamente un mes y, como nos pill\u00f3 reci\u00e9n llegados de viaje y con l\u00edo de trabajo no me di\u00f3 tiempo a hacer su lista de regalos como me hubiera gustado, est\u00e1 claro que no pasa nada, tuvo regalos m\u00e1s que de sobra (hasta guard\u00e9\u2026","rel":"","context":"En \u00abNI\u00d1OS Y NI\u00d1AS\u00bb","block_context":{"text":"NI\u00d1OS Y NI\u00d1AS","link":"https:\/\/oui-oui.es\/blog\/category\/ninos\/"},"img":{"alt_text":"","src":"https:\/\/i0.wp.com\/oui-oui.es\/blog\/wp-content\/uploads\/2015\/10\/Oui-Oui-wishlist-martin-babyoui-material-montessori-torre-rosa-tigriteando.jpg?resize=350%2C200&ssl=1","width":350,"height":200},"classes":[]}],"_links":{"self":[{"href":"https:\/\/oui-oui.es\/blog\/wp-json\/wp\/v2\/posts\/3663","targetHints":{"allow":["GET"]}}],"collection":[{"href":"https:\/\/oui-oui.es\/blog\/wp-json\/wp\/v2\/posts"}],"about":[{"href":"https:\/\/oui-oui.es\/blog\/wp-json\/wp\/v2\/types\/post"}],"author":[{"embeddable":true,"href":"https:\/\/oui-oui.es\/blog\/wp-json\/wp\/v2\/users\/1"}],"replies":[{"embeddable":true,"href":"https:\/\/oui-oui.es\/blog\/wp-json\/wp\/v2\/comments?post=3663"}],"version-history":[{"count":5,"href":"https:\/\/oui-oui.es\/blog\/wp-json\/wp\/v2\/posts\/3663\/revisions"}],"predecessor-version":[{"id":3719,"href":"https:\/\/oui-oui.es\/blog\/wp-json\/wp\/v2\/posts\/3663\/revisions\/3719"}],"wp:featuredmedia":[{"embeddable":true,"href":"https:\/\/oui-oui.es\/blog\/wp-json\/wp\/v2\/media\/3664"}],"wp:attachment":[{"href":"https:\/\/oui-oui.es\/blog\/wp-json\/wp\/v2\/media?parent=3663"}],"wp:term":[{"taxonomy":"category","embeddable":true,"href":"https:\/\/oui-oui.es\/blog\/wp-json\/wp\/v2\/categories?post=3663"},{"taxonomy":"post_tag","embeddable":true,"href":"https:\/\/oui-oui.es\/blog\/wp-json\/wp\/v2\/tags?post=3663"}],"curies":[{"name":"wp","href":"https:\/\/api.w.org\/{rel}","templated":true}]}}