{"id":3682,"date":"2015-11-06T00:01:55","date_gmt":"2015-11-05T22:01:55","guid":{"rendered":"https:\/\/oui-oui.es\/blog\/?p=3682"},"modified":"2015-11-04T16:51:13","modified_gmt":"2015-11-04T14:51:13","slug":"restaurantes-a-tachar-en-noviembre","status":"publish","type":"post","link":"https:\/\/oui-oui.es\/blog\/restaurantes-a-tachar-en-noviembre\/","title":{"rendered":"Restaurantes a tachar en noviembre"},"content":{"rendered":"<p><img loading=\"lazy\" decoding=\"async\" class=\"aligncenter size-full wp-image-3690\" src=\"https:\/\/oui-oui.es\/blog\/wp-content\/uploads\/2015\/11\/Oui-Oui-restaurantes-tachar-noviembre-Perra-Chica-Maria-Covarrubias.-iluminacionjpg.jpg\" alt=\"Oui Oui-restaurantes tachar noviembre-Perra Chica-Maria Covarrubias.-iluminacionjpg\" width=\"620\" height=\"600\" srcset=\"https:\/\/oui-oui.es\/blog\/wp-content\/uploads\/2015\/11\/Oui-Oui-restaurantes-tachar-noviembre-Perra-Chica-Maria-Covarrubias.-iluminacionjpg.jpg 620w, https:\/\/oui-oui.es\/blog\/wp-content\/uploads\/2015\/11\/Oui-Oui-restaurantes-tachar-noviembre-Perra-Chica-Maria-Covarrubias.-iluminacionjpg-300x290.jpg 300w, https:\/\/oui-oui.es\/blog\/wp-content\/uploads\/2015\/11\/Oui-Oui-restaurantes-tachar-noviembre-Perra-Chica-Maria-Covarrubias.-iluminacionjpg-600x581.jpg 600w\" sizes=\"auto, (max-width: 620px) 100vw, 620px\" \/><\/p>\n<p>Primer viernes de mes y encima cae en puente (para los madrile\u00f1os), as\u00ed que m\u00e1s f\u00e1cil a\u00fan tachar algunas de las propuestas de restaurantes para este mes; he inclu\u00eddo algunos <em>antiguos<\/em> (decir eso en Madrid significa que igual lleva ya m\u00e1s de seis meses abierto&#8230;) para <em>obligarme<\/em> a tacharlos y que no se me acumulen para diciembre; mes de cenas perfecto para tachar!. Empezamos:<\/p>\n<p><span style=\"text-decoration: underline;\"><strong><a href=\"http:\/\/do\u00f1atecla.com\/\" target=\"_blank\">Do\u00f1a Tecla<\/a><\/strong><\/span><\/p>\n<p><img loading=\"lazy\" decoding=\"async\" class=\"aligncenter size-full wp-image-3685\" src=\"https:\/\/oui-oui.es\/blog\/wp-content\/uploads\/2015\/11\/Oui-Oui-do\u00f1a-tecla-terraza-de-invierno.jpg\" alt=\"Oui Oui-do\u00f1a tecla-terraza de invierno\" width=\"680\" height=\"400\" srcset=\"https:\/\/oui-oui.es\/blog\/wp-content\/uploads\/2015\/11\/Oui-Oui-do\u00f1a-tecla-terraza-de-invierno.jpg 680w, https:\/\/oui-oui.es\/blog\/wp-content\/uploads\/2015\/11\/Oui-Oui-do\u00f1a-tecla-terraza-de-invierno-300x176.jpg 300w, https:\/\/oui-oui.es\/blog\/wp-content\/uploads\/2015\/11\/Oui-Oui-do\u00f1a-tecla-terraza-de-invierno-600x353.jpg 600w\" sizes=\"auto, (max-width: 680px) 100vw, 680px\" \/><\/p>\n<p>Me cuentan que tiene mucho \u00e9xito su terraza de invierno, aem\u00e1s abre hasta tarde y tiene plan de copas y m\u00fasica para despu\u00e9s de cenar, un restaurante de cocina tradicional con un toque vanguardista en la zona de Cuzco que siempre viene bien tener restaurantes nuevos.<\/p>\n<p><strong>\u00bfD\u00f3nde?<\/strong> C\/Pintor Juan Gris, 2 Tlf: <span class=\"_Xbe kno-fv\"><a class=\"fl r-i1r3oxoQajwk\" title=\"Llamar a trav\u00e9s de Hangouts\" data-number=\"+34911169585\" data-rtid=\"i1r3oxoQajwk\" data-ved=\"0CKIBEJAIMBBqFQoTCJK5pvnd9sgCFUZXGgodcpMGkw\">91 116 95 85<\/a><\/span><\/p>\n<p><strong><span style=\"text-decoration: underline;\"><a href=\"http:\/\/www.delcacique.es\/Top-One\/Top-One-Del-Cacique.html\" target=\"_blank\">Top One<\/a><\/span><\/strong><\/p>\n<div id=\"attachment_3686\" style=\"width: 1034px\" class=\"wp-caption aligncenter\"><img loading=\"lazy\" decoding=\"async\" aria-describedby=\"caption-attachment-3686\" class=\"wp-image-3686 size-large\" src=\"https:\/\/oui-oui.es\/blog\/wp-content\/uploads\/2015\/11\/Oui-Oui-restaurantes-tachar-noviembre-Top-One-Del-Cacique-1024x447.jpg\" alt=\"\" width=\"1024\" height=\"447\" srcset=\"https:\/\/oui-oui.es\/blog\/wp-content\/uploads\/2015\/11\/Oui-Oui-restaurantes-tachar-noviembre-Top-One-Del-Cacique-1024x447.jpg 1024w, https:\/\/oui-oui.es\/blog\/wp-content\/uploads\/2015\/11\/Oui-Oui-restaurantes-tachar-noviembre-Top-One-Del-Cacique-300x131.jpg 300w, https:\/\/oui-oui.es\/blog\/wp-content\/uploads\/2015\/11\/Oui-Oui-restaurantes-tachar-noviembre-Top-One-Del-Cacique-600x262.jpg 600w, https:\/\/oui-oui.es\/blog\/wp-content\/uploads\/2015\/11\/Oui-Oui-restaurantes-tachar-noviembre-Top-One-Del-Cacique.jpg 1500w\" sizes=\"auto, (max-width: 1024px) 100vw, 1024px\" \/><p id=\"caption-attachment-3686\" class=\"wp-caption-text\">V\u00eda Sony DSC<\/p><\/div>\n<p>Del grupo El Cacique, este restaurante ya lo tengo tachado pero ten\u00eda que meterlo porque fu\u00e9 un gran descubrimiento, tambi\u00e9n por la zona de Cuzco-Alberto Alcocer, perfecto para un plan con amigos, todo lo que pedimos estaba buen\u00edsimo (tartar de salm\u00f3n, provolone, alcachofas, langostinos tempurizados&#8230;) y unos postres deliciosos!<\/p>\n<p>Salimos a 20\u20ac\/persona (s\u00f3lo chicas y sin vino) y he visto que tienen men\u00fa de navidad para grupos, as\u00ed que puede ser un buen plan para la cena de amigos \ud83d\ude09<\/p>\n<p><strong>\u00bfD\u00f3nde?<\/strong> C\/Padre Dami\u00e1n,38 Tlf: <span class=\"_Xbe kno-fv\"><a class=\"fl r-ikAfiFf7R2RY\" title=\"Llamar a trav\u00e9s de Hangouts\" data-number=\"+34915134611\" data-rtid=\"ikAfiFf7R2RY\" data-ved=\"0CH8QkAgwD2oVChMI_ZzPgd_2yAIVyrYUCh3Oswc8\">91 513 46 11<\/a><\/span><\/p>\n<p><span style=\"text-decoration: underline;\"><strong><a href=\"http:\/\/perrachica.com\/\" target=\"_blank\">Perra Chica<\/a><\/strong><\/span><\/p>\n<p><img loading=\"lazy\" decoding=\"async\" class=\"aligncenter size-full wp-image-3687\" src=\"https:\/\/oui-oui.es\/blog\/wp-content\/uploads\/2015\/11\/Oui-Oui-restaurantes-tachar-noviembre-Perra-Chica-Maria-Covarrubias.jpg\" alt=\"Oui Oui-restaurantes tachar noviembre-Perra Chica-Maria Covarrubias\" width=\"600\" height=\"450\" srcset=\"https:\/\/oui-oui.es\/blog\/wp-content\/uploads\/2015\/11\/Oui-Oui-restaurantes-tachar-noviembre-Perra-Chica-Maria-Covarrubias.jpg 600w, https:\/\/oui-oui.es\/blog\/wp-content\/uploads\/2015\/11\/Oui-Oui-restaurantes-tachar-noviembre-Perra-Chica-Maria-Covarrubias-300x225.jpg 300w\" sizes=\"auto, (max-width: 600px) 100vw, 600px\" \/><\/p>\n<p>Del mismo grupo que <strong>Frida, Pippa &amp; Co y Juanita Cruz<\/strong> hablan fenomenal de su \u00faltima inauguraci\u00f3n, un local enorme, con una gran iluminaci\u00f3n a cargo de Mar\u00eda Covarrubias perfecto para ir con amigas.<\/p>\n<p><strong>\u00bfD\u00f3nde?<\/strong> C\/Eloy Gonzalo, 10 Tlf: 91 737 77 75<\/p>\n<p><span style=\"text-decoration: underline;\"><strong><a href=\"http:\/\/www.lavacaylahuerta.com\/\" target=\"_blank\">La Vaca y la Huerta<\/a><\/strong><\/span><\/p>\n<p><img loading=\"lazy\" decoding=\"async\" class=\"aligncenter size-full wp-image-3688\" src=\"https:\/\/oui-oui.es\/blog\/wp-content\/uploads\/2015\/11\/Oui-Oui-restaurantes-tachar-noviembre-La-Vaca-y-la-huerta.jpg\" alt=\"Oui Oui-restaurantes tachar noviembre-La Vaca y la huerta\" width=\"610\" height=\"407\" srcset=\"https:\/\/oui-oui.es\/blog\/wp-content\/uploads\/2015\/11\/Oui-Oui-restaurantes-tachar-noviembre-La-Vaca-y-la-huerta.jpg 610w, https:\/\/oui-oui.es\/blog\/wp-content\/uploads\/2015\/11\/Oui-Oui-restaurantes-tachar-noviembre-La-Vaca-y-la-huerta-300x200.jpg 300w, https:\/\/oui-oui.es\/blog\/wp-content\/uploads\/2015\/11\/Oui-Oui-restaurantes-tachar-noviembre-La-Vaca-y-la-huerta-600x400.jpg 600w\" sizes=\"auto, (max-width: 610px) 100vw, 610px\" \/><\/p>\n<p>Ubicado en el antiguo Le Caf\u00e9 (y d elos mismos due\u00f1os) surge este nuevo proyecto, que ya me llam\u00f3 la atenci\u00f3n all\u00e1 en junio cuando pas\u00e9 andando por delante de su puerta y que a\u00fan no he podido ir, sugerente nombre y decoraci\u00f3n sencilla, con buena ilusminaci\u00f3n que quiere volver a los b\u00e1sicos de la vida; la abuela, el puchero y las recetas sencillas, s\u00f3lo por eso ya dan ganas de ir a conocerlo.<\/p>\n<p><strong>\u00bfD\u00f3nde?<\/strong> C\/Recoletos, 13 Tlf: <span class=\"_Xbe kno-fv\"><a class=\"fl r-iffOuebP047I\" title=\"Llamar a trav\u00e9s de Hangouts\" data-number=\"+34917811586\" data-rtid=\"iffOuebP047I\" data-ved=\"0CJcBEJAIMBNqFQoTCOmPstf_9sgCFUk7GgodqnoI2Q\">91 781 15 86<\/a><\/span><\/p>\n<p><span style=\"text-decoration: underline;\"><strong><a href=\"http:\/\/tatelmadrid.com\/\" target=\"_blank\">Tatel<\/a><\/strong><\/span><\/p>\n<p><img loading=\"lazy\" decoding=\"async\" class=\"aligncenter size-large wp-image-3689\" src=\"https:\/\/oui-oui.es\/blog\/wp-content\/uploads\/2015\/11\/Oui-Oui-restaurantes-tachar-noviembre-Tatel-1024x684.jpg\" alt=\"Oui Oui-restaurantes tachar noviembre-Tatel\" width=\"1024\" height=\"684\" srcset=\"https:\/\/oui-oui.es\/blog\/wp-content\/uploads\/2015\/11\/Oui-Oui-restaurantes-tachar-noviembre-Tatel-1024x684.jpg 1024w, https:\/\/oui-oui.es\/blog\/wp-content\/uploads\/2015\/11\/Oui-Oui-restaurantes-tachar-noviembre-Tatel-300x200.jpg 300w, https:\/\/oui-oui.es\/blog\/wp-content\/uploads\/2015\/11\/Oui-Oui-restaurantes-tachar-noviembre-Tatel-600x401.jpg 600w, https:\/\/oui-oui.es\/blog\/wp-content\/uploads\/2015\/11\/Oui-Oui-restaurantes-tachar-noviembre-Tatel.jpg 1504w\" sizes=\"auto, (max-width: 1024px) 100vw, 1024px\" \/><\/p>\n<p>Como reza su web <span class=\"st\">\u201c<em>TATEL<\/em> <em>es una voluntad. Es el brillante reto de conquistar el coraz\u00f3n de las ciudades m\u00e1s importantes del mundo con el \u201cEspa\u00f1a de ahora\u201d<\/em><\/span>, detr\u00e1s de este ambicioso proyecto est\u00e1n Pau Gasol, Enrique Iglesias y Rafa Nadal, entre otros. Con una carta tradicional pero con platos muy apetecibles, tiene un ticket medio ligeramente superior al resto, pero me comentan que est\u00e1 fenomenal para una comida de negocios o una cena especial de cumplea\u00f1os, por ejemplo.Tambi\u00e9n cuenta con bar y cocktail bar por si quieres pasarte a conocerlo de forma m\u00e1s informal \ud83d\ude09<\/p>\n<p><span style=\"text-decoration: underline;\"><strong>\u00bfD\u00f3nde?<\/strong><\/span> Paseo de la Castellana,36-38 Tlf: 91 172 18 41<\/p>\n<p>&nbsp;<\/p>\n<p>&nbsp;<\/p>\n<p>&nbsp;<\/p>\n<p>&nbsp;<\/p>\n","protected":false},"excerpt":{"rendered":"<p>Primer viernes de mes y encima cae en puente (para los madrile\u00f1os), as\u00ed que m\u00e1s f\u00e1cil a\u00fan tachar algunas de las propuestas de restaurantes para este mes; he inclu\u00eddo algunos antiguos (decir eso en Madrid significa que igual lleva ya m\u00e1s de seis meses abierto&#8230;) para obligarme a tacharlos y que no se me acumulen [&hellip;]<\/p>\n","protected":false},"author":1,"featured_media":3685,"comment_status":"open","ping_status":"open","sticky":false,"template":"","format":"standard","meta":{"jetpack_post_was_ever_published":false,"_jetpack_newsletter_access":"","_jetpack_dont_email_post_to_subs":false,"_jetpack_newsletter_tier_id":0,"_jetpack_memberships_contains_paywalled_content":false,"_jetpack_memberships_contains_paid_content":false,"footnotes":"","jetpack_publicize_message":"","jetpack_publicize_feature_enabled":true,"jetpack_social_post_already_shared":true,"jetpack_social_options":{"image_generator_settings":{"template":"highway","default_image_id":0,"font":"","enabled":false},"version":2}},"categories":[177],"tags":[736],"class_list":["post-3682","post","type-post","status-publish","format-standard","has-post-thumbnail","hentry","category-lifestyle-2","tag-restaurantes"],"aioseo_notices":[],"jetpack_publicize_connections":[],"jetpack_featured_media_url":"https:\/\/oui-oui.es\/blog\/wp-content\/uploads\/2015\/11\/Oui-Oui-do\u00f1a-tecla-terraza-de-invierno.jpg","jetpack_sharing_enabled":true,"jetpack-related-posts":[{"id":4418,"url":"https:\/\/oui-oui.es\/blog\/restaurantes-que-tachar-en-junio\/","url_meta":{"origin":3682,"position":0},"title":"Restaurantes que tachar en junio","author":"Mar\u00eda \u2665Oui Oui\u2665","date":"8 junio, 2016","format":false,"excerpt":"Los restaurantes de este mes van a estar dedicados al Barrio de las Letras, como os contaba ayer, participaremos en DecorAcci\u00f3n y me gusta (en la medida de lo posible porque con los horarios del stand es complicado) aprovechar para tachar esos sitios que tengo pendiente por la zona y\u2026","rel":"","context":"En \u00abESTILO DE VIDA\u00bb","block_context":{"text":"ESTILO DE VIDA","link":"https:\/\/oui-oui.es\/blog\/category\/lifestyle-2\/"},"img":{"alt_text":"","src":"https:\/\/i0.wp.com\/oui-oui.es\/blog\/wp-content\/uploads\/2016\/06\/Oui-Oui-restaurantes-tachar-junio-mercado-anton-martin-buns-and-bones.jpg?resize=350%2C200&ssl=1","width":350,"height":200,"srcset":"https:\/\/i0.wp.com\/oui-oui.es\/blog\/wp-content\/uploads\/2016\/06\/Oui-Oui-restaurantes-tachar-junio-mercado-anton-martin-buns-and-bones.jpg?resize=350%2C200&ssl=1 1x, https:\/\/i0.wp.com\/oui-oui.es\/blog\/wp-content\/uploads\/2016\/06\/Oui-Oui-restaurantes-tachar-junio-mercado-anton-martin-buns-and-bones.jpg?resize=525%2C300&ssl=1 1.5x, https:\/\/i0.wp.com\/oui-oui.es\/blog\/wp-content\/uploads\/2016\/06\/Oui-Oui-restaurantes-tachar-junio-mercado-anton-martin-buns-and-bones.jpg?resize=700%2C400&ssl=1 2x"},"classes":[]},{"id":4960,"url":"https:\/\/oui-oui.es\/blog\/restaurantes-que-tachar-en-diciembre-2\/","url_meta":{"origin":3682,"position":1},"title":"Restaurantes que tachar en diciembre","author":"Mar\u00eda \u2665Oui Oui\u2665","date":"2 diciembre, 2016","format":false,"excerpt":"Tengo esta secci\u00f3n un poco abandonada, b\u00e1sicamente por falta de tiempo y porque \u00e9sta ha hecho que salga menos a comer por ah\u00ed, pero no quiero despedir el a\u00f1o, ni empezar diciembre (mes de las cenas y comidas fuera por excelencia) sin dejar, al menos plasmados, todos los restaurantes que\u2026","rel":"","context":"En \u00abLA GU\u00cdA DE MAR\u00cdA\u00bb","block_context":{"text":"LA GU\u00cdA DE MAR\u00cdA","link":"https:\/\/oui-oui.es\/blog\/category\/la-guia-de-maria\/"},"img":{"alt_text":"","src":"https:\/\/i0.wp.com\/oui-oui.es\/blog\/wp-content\/uploads\/2016\/12\/Oui-Oui-duck-and-sushi-restaurantes-cuzco-restaurantes-calle-orense-restaurantes-plaza-castilla.jpg?resize=350%2C200&ssl=1","width":350,"height":200,"srcset":"https:\/\/i0.wp.com\/oui-oui.es\/blog\/wp-content\/uploads\/2016\/12\/Oui-Oui-duck-and-sushi-restaurantes-cuzco-restaurantes-calle-orense-restaurantes-plaza-castilla.jpg?resize=350%2C200&ssl=1 1x, https:\/\/i0.wp.com\/oui-oui.es\/blog\/wp-content\/uploads\/2016\/12\/Oui-Oui-duck-and-sushi-restaurantes-cuzco-restaurantes-calle-orense-restaurantes-plaza-castilla.jpg?resize=525%2C300&ssl=1 1.5x"},"classes":[]},{"id":4255,"url":"https:\/\/oui-oui.es\/blog\/restaurantes-que-tachar-en-mayo\/","url_meta":{"origin":3682,"position":2},"title":"Restaurantes que tachar en mayo","author":"Mar\u00eda \u2665Oui Oui\u2665","date":"4 mayo, 2016","format":false,"excerpt":"Llevaba desaparecida desde febrero en lo que a restaurantes a tachar se refiere, pero no pod\u00eda demorarlo m\u00e1s, as\u00ed que aqu\u00ed va mi propuesta para este mes El invernadero de los Pe\u00f1otes Es el primero de la lista porque all\u00ed es donde comimos el d\u00eda de la Madre, mi primer\u2026","rel":"","context":"En \u00abESTILO DE VIDA\u00bb","block_context":{"text":"ESTILO DE VIDA","link":"https:\/\/oui-oui.es\/blog\/category\/lifestyle-2\/"},"img":{"alt_text":"","src":"https:\/\/i0.wp.com\/oui-oui.es\/blog\/wp-content\/uploads\/2016\/04\/Oui-Oui-restaurantes-tachar-mayo-invernadero-los-pe%C3%B1otes.jpg?resize=350%2C200&ssl=1","width":350,"height":200,"srcset":"https:\/\/i0.wp.com\/oui-oui.es\/blog\/wp-content\/uploads\/2016\/04\/Oui-Oui-restaurantes-tachar-mayo-invernadero-los-pe%C3%B1otes.jpg?resize=350%2C200&ssl=1 1x, https:\/\/i0.wp.com\/oui-oui.es\/blog\/wp-content\/uploads\/2016\/04\/Oui-Oui-restaurantes-tachar-mayo-invernadero-los-pe%C3%B1otes.jpg?resize=525%2C300&ssl=1 1.5x, https:\/\/i0.wp.com\/oui-oui.es\/blog\/wp-content\/uploads\/2016\/04\/Oui-Oui-restaurantes-tachar-mayo-invernadero-los-pe%C3%B1otes.jpg?resize=700%2C400&ssl=1 2x"},"classes":[]},{"id":4048,"url":"https:\/\/oui-oui.es\/blog\/restaurantes-que-tachar-en-febrero\/","url_meta":{"origin":3682,"position":3},"title":"Restaurantes que tachar en Febrero","author":"Mar\u00eda \u2665Oui Oui\u2665","date":"9 febrero, 2016","format":false,"excerpt":"Est\u00e1 claro que febrero no ser\u00e1 un mes f\u00e1cil para tachar restaurantes, me quedan unos diez d\u00edas como m\u00e1ximo para dar a luz y no s\u00e9 como nos apa\u00f1aremos siendo cuatro en casa, con la lactancia, el cansancio, etc...Pero a\u00fan as\u00ed, os dejo la lista para que pod\u00e1is tacharlos vosotros!\u2026","rel":"","context":"En \u00abESTILO DE VIDA\u00bb","block_context":{"text":"ESTILO DE VIDA","link":"https:\/\/oui-oui.es\/blog\/category\/lifestyle-2\/"},"img":{"alt_text":"","src":"https:\/\/i0.wp.com\/oui-oui.es\/blog\/wp-content\/uploads\/2016\/02\/Oui-Oui-floren-domezain-restaurante-lechuga.jpg?resize=350%2C200&ssl=1","width":350,"height":200,"srcset":"https:\/\/i0.wp.com\/oui-oui.es\/blog\/wp-content\/uploads\/2016\/02\/Oui-Oui-floren-domezain-restaurante-lechuga.jpg?resize=350%2C200&ssl=1 1x, https:\/\/i0.wp.com\/oui-oui.es\/blog\/wp-content\/uploads\/2016\/02\/Oui-Oui-floren-domezain-restaurante-lechuga.jpg?resize=525%2C300&ssl=1 1.5x"},"classes":[]},{"id":3897,"url":"https:\/\/oui-oui.es\/blog\/restaurantes-que-tachar-en-diciembre\/","url_meta":{"origin":3682,"position":4},"title":"Restaurantes que tachar en diciembre","author":"Mar\u00eda \u2665Oui Oui\u2665","date":"18 diciembre, 2015","format":false,"excerpt":"Es momento de cenas navide\u00f1as, si no has reservado ya en los sitios m\u00e1s de moda ser\u00e1 dif\u00edcil encontrar mesa, pero aqu\u00ed va mi selecci\u00f3n...Empezando por donde cenamos antes de ayer ;) La Vaquer\u00eda Monta\u00f1esa En el antiguo local de la Vaquer\u00eda Suiza se sit\u00faa la \u00faltima propuesta gastron\u00f3mica del\u2026","rel":"","context":"En \u00abESTILO DE VIDA\u00bb","block_context":{"text":"ESTILO DE VIDA","link":"https:\/\/oui-oui.es\/blog\/category\/lifestyle-2\/"},"img":{"alt_text":"","src":"https:\/\/i0.wp.com\/oui-oui.es\/blog\/wp-content\/uploads\/2015\/12\/Oui-Oui-restaurantes-tachar-diciembre-la-vaqueria-monta%C3%B1esa.jpg?resize=350%2C200&ssl=1","width":350,"height":200,"srcset":"https:\/\/i0.wp.com\/oui-oui.es\/blog\/wp-content\/uploads\/2015\/12\/Oui-Oui-restaurantes-tachar-diciembre-la-vaqueria-monta%C3%B1esa.jpg?resize=350%2C200&ssl=1 1x, https:\/\/i0.wp.com\/oui-oui.es\/blog\/wp-content\/uploads\/2015\/12\/Oui-Oui-restaurantes-tachar-diciembre-la-vaqueria-monta%C3%B1esa.jpg?resize=525%2C300&ssl=1 1.5x"},"classes":[]},{"id":3451,"url":"https:\/\/oui-oui.es\/blog\/restaurantes-que-tachar-en-octubre\/","url_meta":{"origin":3682,"position":5},"title":"Restaurantes que tachar en octubre","author":"Mar\u00eda \u2665Oui Oui\u2665","date":"7 octubre, 2015","format":false,"excerpt":"\u00a0 Empezamos mes y con \u00e9l tengo que actualizar mi lista de restaurantes a los que ir, ya hice la lista de septiembre y estoy content\u00edsima porque pude tachar muchos, aunque a\u00fan tengo pendientes La Pagoda, Chuka Ramen, La Chamartina y\u00a0 la terraza de Dear Hotel (el primer d\u00eda con\u2026","rel":"","context":"En \u00abESTILO DE VIDA\u00bb","block_context":{"text":"ESTILO DE VIDA","link":"https:\/\/oui-oui.es\/blog\/category\/lifestyle-2\/"},"img":{"alt_text":"","src":"https:\/\/i0.wp.com\/oui-oui.es\/blog\/wp-content\/uploads\/2015\/10\/Oui-Oui-kilometros-de-pizza-las-tablas-restaurantes-con-ni%C3%B1os-pizza-boquerones-en-vinagre.jpg?resize=350%2C200&ssl=1","width":350,"height":200,"srcset":"https:\/\/i0.wp.com\/oui-oui.es\/blog\/wp-content\/uploads\/2015\/10\/Oui-Oui-kilometros-de-pizza-las-tablas-restaurantes-con-ni%C3%B1os-pizza-boquerones-en-vinagre.jpg?resize=350%2C200&ssl=1 1x, https:\/\/i0.wp.com\/oui-oui.es\/blog\/wp-content\/uploads\/2015\/10\/Oui-Oui-kilometros-de-pizza-las-tablas-restaurantes-con-ni%C3%B1os-pizza-boquerones-en-vinagre.jpg?resize=525%2C300&ssl=1 1.5x, https:\/\/i0.wp.com\/oui-oui.es\/blog\/wp-content\/uploads\/2015\/10\/Oui-Oui-kilometros-de-pizza-las-tablas-restaurantes-con-ni%C3%B1os-pizza-boquerones-en-vinagre.jpg?resize=700%2C400&ssl=1 2x"},"classes":[]}],"_links":{"self":[{"href":"https:\/\/oui-oui.es\/blog\/wp-json\/wp\/v2\/posts\/3682","targetHints":{"allow":["GET"]}}],"collection":[{"href":"https:\/\/oui-oui.es\/blog\/wp-json\/wp\/v2\/posts"}],"about":[{"href":"https:\/\/oui-oui.es\/blog\/wp-json\/wp\/v2\/types\/post"}],"author":[{"embeddable":true,"href":"https:\/\/oui-oui.es\/blog\/wp-json\/wp\/v2\/users\/1"}],"replies":[{"embeddable":true,"href":"https:\/\/oui-oui.es\/blog\/wp-json\/wp\/v2\/comments?post=3682"}],"version-history":[{"count":2,"href":"https:\/\/oui-oui.es\/blog\/wp-json\/wp\/v2\/posts\/3682\/revisions"}],"predecessor-version":[{"id":3691,"href":"https:\/\/oui-oui.es\/blog\/wp-json\/wp\/v2\/posts\/3682\/revisions\/3691"}],"wp:featuredmedia":[{"embeddable":true,"href":"https:\/\/oui-oui.es\/blog\/wp-json\/wp\/v2\/media\/3685"}],"wp:attachment":[{"href":"https:\/\/oui-oui.es\/blog\/wp-json\/wp\/v2\/media?parent=3682"}],"wp:term":[{"taxonomy":"category","embeddable":true,"href":"https:\/\/oui-oui.es\/blog\/wp-json\/wp\/v2\/categories?post=3682"},{"taxonomy":"post_tag","embeddable":true,"href":"https:\/\/oui-oui.es\/blog\/wp-json\/wp\/v2\/tags?post=3682"}],"curies":[{"name":"wp","href":"https:\/\/api.w.org\/{rel}","templated":true}]}}