{"id":3692,"date":"2015-11-09T00:01:54","date_gmt":"2015-11-08T22:01:54","guid":{"rendered":"https:\/\/oui-oui.es\/blog\/?p=3692"},"modified":"2015-11-04T17:12:27","modified_gmt":"2015-11-04T15:12:27","slug":"jaimolas-moda-infantil-de-0-a-10","status":"publish","type":"post","link":"https:\/\/oui-oui.es\/blog\/jaimolas-moda-infantil-de-0-a-10\/","title":{"rendered":"Jaimolas | moda infantil de 0 a 10"},"content":{"rendered":"<p>\u00a1Por fin! ya tenemos online la colecci\u00f3n de <a href=\"http:\/\/www.jaimolas.com\/\" target=\"_blank\"><strong>Jaim<\/strong><strong>olas<\/strong><\/a> y no puede ser m\u00e1s ideal; <strong>ropa para beb\u00e9s, ni\u00f1os y ni\u00f1as hasta 10 a\u00f1os<\/strong>, de corte cl\u00e1sico pero con toques actuales que la hacen s\u00faper ponible y, lo mejor, que detr\u00e1s de esta marca est\u00e1 una <strong>s\u00faper mam\u00e1 emprendedora con tres hijos!<\/strong><\/p>\n<p>De la nueva colecci\u00f3n me quedo con este conjunto de pololo de punto y camisa cuello beb\u00e9 \u00bfno es ideal?<\/p>\n<p><img loading=\"lazy\" decoding=\"async\" class=\"aligncenter size-full wp-image-3693\" src=\"https:\/\/oui-oui.es\/blog\/wp-content\/uploads\/2015\/11\/Oui-Oui-ropa-bebe-mona-jaimolas.jpeg\" alt=\"Oui Oui-ropa bebe mona-jaimolas\" width=\"500\" height=\"750\" srcset=\"https:\/\/oui-oui.es\/blog\/wp-content\/uploads\/2015\/11\/Oui-Oui-ropa-bebe-mona-jaimolas.jpeg 500w, https:\/\/oui-oui.es\/blog\/wp-content\/uploads\/2015\/11\/Oui-Oui-ropa-bebe-mona-jaimolas-200x300.jpeg 200w\" sizes=\"auto, (max-width: 500px) 100vw, 500px\" \/><\/p>\n<p>Este <strong>pichi mostaza<\/strong> para ni\u00f1as es una monada<\/p>\n<p><img loading=\"lazy\" decoding=\"async\" class=\"aligncenter size-full wp-image-3695\" src=\"https:\/\/oui-oui.es\/blog\/wp-content\/uploads\/2015\/11\/Oui-Oui-ropa-bebe-ropa-ni\u00f1os-pichi-mostaza-jaimolas.jpeg\" alt=\"Oui Oui-ropa bebe-ropa ni\u00f1os-pichi mostaza-jaimolas\" width=\"500\" height=\"750\" srcset=\"https:\/\/oui-oui.es\/blog\/wp-content\/uploads\/2015\/11\/Oui-Oui-ropa-bebe-ropa-ni\u00f1os-pichi-mostaza-jaimolas.jpeg 500w, https:\/\/oui-oui.es\/blog\/wp-content\/uploads\/2015\/11\/Oui-Oui-ropa-bebe-ropa-ni\u00f1os-pichi-mostaza-jaimolas-200x300.jpeg 200w\" sizes=\"auto, (max-width: 500px) 100vw, 500px\" \/><\/p>\n<p>Me atrever\u00eda a decir que las <strong>camisas\/polo para ni\u00f1os son su fuerte<\/strong> (por eso es madre de tres chicos), sencillas pero con estilo se convierten en un b\u00e1sico que con vaqueros hace que siempre vayan monos.<\/p>\n<p><img loading=\"lazy\" decoding=\"async\" class=\"aligncenter size-full wp-image-3696\" src=\"https:\/\/oui-oui.es\/blog\/wp-content\/uploads\/2015\/11\/Oui-Oui-camisas-para-ni\u00f1os-monas-polo-ni\u00f1os-monos-jaimolas.jpeg\" alt=\"Oui Oui-camisas para ni\u00f1os monas-polo ni\u00f1os monos-jaimolas\" width=\"500\" height=\"750\" srcset=\"https:\/\/oui-oui.es\/blog\/wp-content\/uploads\/2015\/11\/Oui-Oui-camisas-para-ni\u00f1os-monas-polo-ni\u00f1os-monos-jaimolas.jpeg 500w, https:\/\/oui-oui.es\/blog\/wp-content\/uploads\/2015\/11\/Oui-Oui-camisas-para-ni\u00f1os-monas-polo-ni\u00f1os-monos-jaimolas-200x300.jpeg 200w\" sizes=\"auto, (max-width: 500px) 100vw, 500px\" \/><\/p>\n<p>Si tienes varios hijos y los quieres llevar conjuntados pero no iguales, tienes varias piezas de la colecci\u00f3n combinables<\/p>\n<p><img loading=\"lazy\" decoding=\"async\" class=\"aligncenter size-full wp-image-3694\" src=\"https:\/\/oui-oui.es\/blog\/wp-content\/uploads\/2015\/11\/Oui-Oui-ropa-bebe-ropa-ni\u00f1os-a-juego.jpeg\" alt=\"Oui Oui-ropa bebe-ropa ni\u00f1os-a juego\" width=\"500\" height=\"750\" srcset=\"https:\/\/oui-oui.es\/blog\/wp-content\/uploads\/2015\/11\/Oui-Oui-ropa-bebe-ropa-ni\u00f1os-a-juego.jpeg 500w, https:\/\/oui-oui.es\/blog\/wp-content\/uploads\/2015\/11\/Oui-Oui-ropa-bebe-ropa-ni\u00f1os-a-juego-200x300.jpeg 200w\" sizes=\"auto, (max-width: 500px) 100vw, 500px\" \/><\/p>\n<p>\u00bfQu\u00e9 os aprece? \u00bfConoc\u00edais <strong><a href=\"http:\/\/www.jaimolas.com\/\" target=\"_blank\">Jaimolas<\/a><\/strong>?<\/p>\n","protected":false},"excerpt":{"rendered":"<p>\u00a1Por fin! ya tenemos online la colecci\u00f3n de Jaimolas y no puede ser m\u00e1s ideal; ropa para beb\u00e9s, ni\u00f1os y ni\u00f1as hasta 10 a\u00f1os, de corte cl\u00e1sico pero con toques actuales que la hacen s\u00faper ponible y, lo mejor, que detr\u00e1s de esta marca est\u00e1 una s\u00faper mam\u00e1 emprendedora con tres hijos! De la nueva [&hellip;]<\/p>\n","protected":false},"author":1,"featured_media":3693,"comment_status":"open","ping_status":"open","sticky":false,"template":"","format":"standard","meta":{"jetpack_post_was_ever_published":false,"_jetpack_newsletter_access":"","_jetpack_dont_email_post_to_subs":false,"_jetpack_newsletter_tier_id":0,"_jetpack_memberships_contains_paywalled_content":false,"_jetpack_memberships_contains_paid_content":false,"footnotes":"","jetpack_publicize_message":"","jetpack_publicize_feature_enabled":true,"jetpack_social_post_already_shared":true,"jetpack_social_options":{"image_generator_settings":{"template":"highway","default_image_id":0,"font":"","enabled":false},"version":2}},"categories":[174],"tags":[700,719],"class_list":["post-3692","post","type-post","status-publish","format-standard","has-post-thumbnail","hentry","category-ninos","tag-compras-bebe","tag-ropa-bebes-y-ninos"],"aioseo_notices":[],"jetpack_publicize_connections":[],"jetpack_featured_media_url":"https:\/\/oui-oui.es\/blog\/wp-content\/uploads\/2015\/11\/Oui-Oui-ropa-bebe-mona-jaimolas.jpeg","jetpack_sharing_enabled":true,"jetpack-related-posts":[{"id":4208,"url":"https:\/\/oui-oui.es\/blog\/10-marcas-de-ropa-espanolas-para-bebes\/","url_meta":{"origin":3692,"position":0},"title":"10 marcas de ropa espa\u00f1olas para beb\u00e9s","author":"Mar\u00eda \u2665Oui Oui\u2665","date":"21 abril, 2016","format":false,"excerpt":"Creo que cada d\u00eda descubro una marca nueva de ropa para beb\u00e9s y ni\u00f1os,espa\u00f1ola o extranjera, se est\u00e1 conviertiendo en una perdici\u00f3n y me encantar\u00eda que Instagram me dejara hacer listas para organizarlas mejor, mientras, he pensado ir haciendo post poco a poco con mis favoritas, empiezo seleccionando 10 marcas\u2026","rel":"","context":"En \u00abNI\u00d1OS Y NI\u00d1AS\u00bb","block_context":{"text":"NI\u00d1OS Y NI\u00d1AS","link":"https:\/\/oui-oui.es\/blog\/category\/ninos\/"},"img":{"alt_text":"","src":"https:\/\/i0.wp.com\/oui-oui.es\/blog\/wp-content\/uploads\/2016\/04\/Oui-Oui-marcas-espa%C3%B1olas-ropa-bebe-punto-poleomenta-tejiendo-patucos.jpg?resize=350%2C200&ssl=1","width":350,"height":200,"srcset":"https:\/\/i0.wp.com\/oui-oui.es\/blog\/wp-content\/uploads\/2016\/04\/Oui-Oui-marcas-espa%C3%B1olas-ropa-bebe-punto-poleomenta-tejiendo-patucos.jpg?resize=350%2C200&ssl=1 1x, https:\/\/i0.wp.com\/oui-oui.es\/blog\/wp-content\/uploads\/2016\/04\/Oui-Oui-marcas-espa%C3%B1olas-ropa-bebe-punto-poleomenta-tejiendo-patucos.jpg?resize=525%2C300&ssl=1 1.5x, https:\/\/i0.wp.com\/oui-oui.es\/blog\/wp-content\/uploads\/2016\/04\/Oui-Oui-marcas-espa%C3%B1olas-ropa-bebe-punto-poleomenta-tejiendo-patucos.jpg?resize=700%2C400&ssl=1 2x"},"classes":[]},{"id":4264,"url":"https:\/\/oui-oui.es\/blog\/5-marcas-espanolas-de-ropa-de-bebe\/","url_meta":{"origin":3692,"position":1},"title":"5 marcas espa\u00f1olas de ropa de beb\u00e9","author":"Mar\u00eda \u2665Oui Oui\u2665","date":"6 mayo, 2016","format":false,"excerpt":"Este post es la continuaci\u00f3n del de 10 marcas de ropa espa\u00f1olas para beb\u00e9, cada semana descubro marcas nuevas que me encantan, muchas espa\u00f1olas y otras no, pero me pareci\u00f3 interesante dividirlas as\u00ed, como no me cab\u00edan todas en un post, aqu\u00ed va la segunda tanda ;) Las agujas de\u2026","rel":"","context":"En \u00abMATERNIDAD\u00bb","block_context":{"text":"MATERNIDAD","link":"https:\/\/oui-oui.es\/blog\/category\/maternidad\/"},"img":{"alt_text":"","src":"https:\/\/i0.wp.com\/oui-oui.es\/blog\/wp-content\/uploads\/2016\/05\/Oui-Oui-marcas-espa%C3%B1olas-ropa-bebe-jersey-inicial-las-agujas-de-mama.jpg?resize=350%2C200&ssl=1","width":350,"height":200,"srcset":"https:\/\/i0.wp.com\/oui-oui.es\/blog\/wp-content\/uploads\/2016\/05\/Oui-Oui-marcas-espa%C3%B1olas-ropa-bebe-jersey-inicial-las-agujas-de-mama.jpg?resize=350%2C200&ssl=1 1x, https:\/\/i0.wp.com\/oui-oui.es\/blog\/wp-content\/uploads\/2016\/05\/Oui-Oui-marcas-espa%C3%B1olas-ropa-bebe-jersey-inicial-las-agujas-de-mama.jpg?resize=525%2C300&ssl=1 1.5x"},"classes":[]},{"id":2359,"url":"https:\/\/oui-oui.es\/blog\/un-trocito-de-verano-por-bonnet-a-pompon\/","url_meta":{"origin":3692,"position":2},"title":"Un trocito de verano por Bonnet \u00e0 Pompon","author":"Mar\u00eda \u2665Oui Oui\u2665","date":"20 mayo, 2015","format":false,"excerpt":"Otra de las marcas de ropa que me encantan para ni\u00f1os es Bonnet \u00e0 Pompon, tanto para beb\u00e9 como para cuando van creciendo, tiene un estilo inconfundible, m\u00e1s bien un estilazo. Los colores, las combinaciones de tejidos, el punto como protagonista y su aire afrancesado, aunque es puramente marca espa\u00f1ola,\u2026","rel":"","context":"En \u00abMATERNIDAD\u00bb","block_context":{"text":"MATERNIDAD","link":"https:\/\/oui-oui.es\/blog\/category\/maternidad\/"},"img":{"alt_text":"","src":"https:\/\/i0.wp.com\/oui-oui.es\/blog\/wp-content\/uploads\/2015\/05\/oui-oui-bonnet-a-pompon-2015-ropa-mona-bebes-verano-3.jpg?resize=350%2C200&ssl=1","width":350,"height":200,"srcset":"https:\/\/i0.wp.com\/oui-oui.es\/blog\/wp-content\/uploads\/2015\/05\/oui-oui-bonnet-a-pompon-2015-ropa-mona-bebes-verano-3.jpg?resize=350%2C200&ssl=1 1x, https:\/\/i0.wp.com\/oui-oui.es\/blog\/wp-content\/uploads\/2015\/05\/oui-oui-bonnet-a-pompon-2015-ropa-mona-bebes-verano-3.jpg?resize=525%2C300&ssl=1 1.5x, https:\/\/i0.wp.com\/oui-oui.es\/blog\/wp-content\/uploads\/2015\/05\/oui-oui-bonnet-a-pompon-2015-ropa-mona-bebes-verano-3.jpg?resize=700%2C400&ssl=1 2x"},"classes":[]},{"id":10172,"url":"https:\/\/oui-oui.es\/blog\/las-marcas-seleccionadas-para-kids-up\/","url_meta":{"origin":3692,"position":3},"title":"Las marcas seleccionadas para Kids Up!","author":"Mar\u00eda \u2665Oui Oui\u2665","date":"2 octubre, 2019","format":false,"excerpt":"Y, de repente \u00a1han pasado dos a\u00f1os! y m\u00e1s de cinco ediciones de Kids Up! la venta ef\u00edmera para ni\u00f1os que organizamos Elena Bau y yo. Este fin de semana volvemos con una nueva edici\u00f3n oto\u00f1al, en la que nuestra selecci\u00f3n de marcas infantiles (no hacemos convocatoria p\u00fablica, sino que\u2026","rel":"","context":"En \u00abNI\u00d1OS Y NI\u00d1AS\u00bb","block_context":{"text":"NI\u00d1OS Y NI\u00d1AS","link":"https:\/\/oui-oui.es\/blog\/category\/ninos\/"},"img":{"alt_text":"","src":"https:\/\/i0.wp.com\/oui-oui.es\/blog\/wp-content\/uploads\/2019\/10\/Oui-Oui-kids-up-wombat-kids-ropa-cama-ni%C3%B1os-con-estilo.jpg?resize=350%2C200&ssl=1","width":350,"height":200,"srcset":"https:\/\/i0.wp.com\/oui-oui.es\/blog\/wp-content\/uploads\/2019\/10\/Oui-Oui-kids-up-wombat-kids-ropa-cama-ni%C3%B1os-con-estilo.jpg?resize=350%2C200&ssl=1 1x, https:\/\/i0.wp.com\/oui-oui.es\/blog\/wp-content\/uploads\/2019\/10\/Oui-Oui-kids-up-wombat-kids-ropa-cama-ni%C3%B1os-con-estilo.jpg?resize=525%2C300&ssl=1 1.5x, https:\/\/i0.wp.com\/oui-oui.es\/blog\/wp-content\/uploads\/2019\/10\/Oui-Oui-kids-up-wombat-kids-ropa-cama-ni%C3%B1os-con-estilo.jpg?resize=700%2C400&ssl=1 2x, https:\/\/i0.wp.com\/oui-oui.es\/blog\/wp-content\/uploads\/2019\/10\/Oui-Oui-kids-up-wombat-kids-ropa-cama-ni%C3%B1os-con-estilo.jpg?resize=1050%2C600&ssl=1 3x"},"classes":[]},{"id":2341,"url":"https:\/\/oui-oui.es\/blog\/un-verano-en-sainte-claire\/","url_meta":{"origin":3692,"position":4},"title":"Un verano en Sainte Claire","author":"Mar\u00eda \u2665Oui Oui\u2665","date":"12 mayo, 2015","format":false,"excerpt":"Me encanta\u00a0descubrir nuevas marcas de ropa para ni\u00f1os y hace unas semanas me hablaron de Sainte Claire, una marca\u00a0espa\u00f1ola con aire afrancesado que combina a la perfecci\u00f3n un lujo accesible con el estilo cl\u00e1sico de\u00a0toques m\u00e1s atrevidos. Para beb\u00e9s tienen unos conjuntos de punto ideales \u00a0 Aunque sus algodones y\u2026","rel":"","context":"En \u00abMATERNIDAD\u00bb","block_context":{"text":"MATERNIDAD","link":"https:\/\/oui-oui.es\/blog\/category\/maternidad\/"},"img":{"alt_text":"","src":"https:\/\/i0.wp.com\/oui-oui.es\/blog\/wp-content\/uploads\/2015\/05\/oui-oui-sainte-claire-ropa-bebes-con-estilo-7.jpg?resize=350%2C200&ssl=1","width":350,"height":200,"srcset":"https:\/\/i0.wp.com\/oui-oui.es\/blog\/wp-content\/uploads\/2015\/05\/oui-oui-sainte-claire-ropa-bebes-con-estilo-7.jpg?resize=350%2C200&ssl=1 1x, https:\/\/i0.wp.com\/oui-oui.es\/blog\/wp-content\/uploads\/2015\/05\/oui-oui-sainte-claire-ropa-bebes-con-estilo-7.jpg?resize=525%2C300&ssl=1 1.5x, https:\/\/i0.wp.com\/oui-oui.es\/blog\/wp-content\/uploads\/2015\/05\/oui-oui-sainte-claire-ropa-bebes-con-estilo-7.jpg?resize=700%2C400&ssl=1 2x, https:\/\/i0.wp.com\/oui-oui.es\/blog\/wp-content\/uploads\/2015\/05\/oui-oui-sainte-claire-ropa-bebes-con-estilo-7.jpg?resize=1050%2C600&ssl=1 3x, https:\/\/i0.wp.com\/oui-oui.es\/blog\/wp-content\/uploads\/2015\/05\/oui-oui-sainte-claire-ropa-bebes-con-estilo-7.jpg?resize=1400%2C800&ssl=1 4x"},"classes":[]},{"id":9320,"url":"https:\/\/oui-oui.es\/blog\/los-looks-otonales-infantiles-que-me-chiflan\/","url_meta":{"origin":3692,"position":5},"title":"Los looks oto\u00f1ales infantiles que me chiflan","author":"Mar\u00eda \u2665Oui Oui\u2665","date":"26 septiembre, 2018","format":false,"excerpt":"Ya estamos oficialmente en oto\u00f1o y, aunque por el tiempo no lo parezca, lo cierto es que voy teniendo ganas de looks oto\u00f1ales, especialmente para los ni\u00f1os, se me hace raro este entre tiempo y me apetece empezar a hacerles looks. Algunas de mis marcas favoritas ya han mostrado su\u2026","rel":"","context":"En \u00abNI\u00d1OS Y NI\u00d1AS\u00bb","block_context":{"text":"NI\u00d1OS Y NI\u00d1AS","link":"https:\/\/oui-oui.es\/blog\/category\/ninos\/"},"img":{"alt_text":"","src":"https:\/\/i0.wp.com\/oui-oui.es\/blog\/wp-content\/uploads\/2018\/09\/Oui-Oui-trixi-kids-oto%C3%B1o-2018-jersey-mostaza-ni%C3%B1os-ranita-pana.jpg?resize=350%2C200&ssl=1","width":350,"height":200,"srcset":"https:\/\/i0.wp.com\/oui-oui.es\/blog\/wp-content\/uploads\/2018\/09\/Oui-Oui-trixi-kids-oto%C3%B1o-2018-jersey-mostaza-ni%C3%B1os-ranita-pana.jpg?resize=350%2C200&ssl=1 1x, https:\/\/i0.wp.com\/oui-oui.es\/blog\/wp-content\/uploads\/2018\/09\/Oui-Oui-trixi-kids-oto%C3%B1o-2018-jersey-mostaza-ni%C3%B1os-ranita-pana.jpg?resize=525%2C300&ssl=1 1.5x"},"classes":[]}],"_links":{"self":[{"href":"https:\/\/oui-oui.es\/blog\/wp-json\/wp\/v2\/posts\/3692","targetHints":{"allow":["GET"]}}],"collection":[{"href":"https:\/\/oui-oui.es\/blog\/wp-json\/wp\/v2\/posts"}],"about":[{"href":"https:\/\/oui-oui.es\/blog\/wp-json\/wp\/v2\/types\/post"}],"author":[{"embeddable":true,"href":"https:\/\/oui-oui.es\/blog\/wp-json\/wp\/v2\/users\/1"}],"replies":[{"embeddable":true,"href":"https:\/\/oui-oui.es\/blog\/wp-json\/wp\/v2\/comments?post=3692"}],"version-history":[{"count":1,"href":"https:\/\/oui-oui.es\/blog\/wp-json\/wp\/v2\/posts\/3692\/revisions"}],"predecessor-version":[{"id":3697,"href":"https:\/\/oui-oui.es\/blog\/wp-json\/wp\/v2\/posts\/3692\/revisions\/3697"}],"wp:featuredmedia":[{"embeddable":true,"href":"https:\/\/oui-oui.es\/blog\/wp-json\/wp\/v2\/media\/3693"}],"wp:attachment":[{"href":"https:\/\/oui-oui.es\/blog\/wp-json\/wp\/v2\/media?parent=3692"}],"wp:term":[{"taxonomy":"category","embeddable":true,"href":"https:\/\/oui-oui.es\/blog\/wp-json\/wp\/v2\/categories?post=3692"},{"taxonomy":"post_tag","embeddable":true,"href":"https:\/\/oui-oui.es\/blog\/wp-json\/wp\/v2\/tags?post=3692"}],"curies":[{"name":"wp","href":"https:\/\/api.w.org\/{rel}","templated":true}]}}