{"id":3708,"date":"2015-11-10T00:01:54","date_gmt":"2015-11-09T22:01:54","guid":{"rendered":"https:\/\/oui-oui.es\/blog\/?p=3708"},"modified":"2015-11-04T19:15:28","modified_gmt":"2015-11-04T17:15:28","slug":"los-romanticos-vestidos-de-alejandra-svarc","status":"publish","type":"post","link":"https:\/\/oui-oui.es\/blog\/los-romanticos-vestidos-de-alejandra-svarc\/","title":{"rendered":"Los rom\u00e1nticos vestidos de Alejandra Svarc"},"content":{"rendered":"<div id=\"attachment_3712\" style=\"width: 810px\" class=\"wp-caption aligncenter\"><img loading=\"lazy\" decoding=\"async\" aria-describedby=\"caption-attachment-3712\" class=\"size-full wp-image-3712\" src=\"https:\/\/oui-oui.es\/blog\/wp-content\/uploads\/2015\/11\/Oui-Oui-vestidos-novia-romantico-alejandra-svarc-1.jpg\" alt=\"Inma Fiuza\" width=\"800\" height=\"533\" srcset=\"https:\/\/oui-oui.es\/blog\/wp-content\/uploads\/2015\/11\/Oui-Oui-vestidos-novia-romantico-alejandra-svarc-1.jpg 800w, https:\/\/oui-oui.es\/blog\/wp-content\/uploads\/2015\/11\/Oui-Oui-vestidos-novia-romantico-alejandra-svarc-1-300x200.jpg 300w, https:\/\/oui-oui.es\/blog\/wp-content\/uploads\/2015\/11\/Oui-Oui-vestidos-novia-romantico-alejandra-svarc-1-600x400.jpg 600w\" sizes=\"auto, (max-width: 800px) 100vw, 800px\" \/><p id=\"caption-attachment-3712\" class=\"wp-caption-text\">Inma Fiuza<\/p><\/div>\n<p>Hace unas semanas estuve conociendo la nueva colecci\u00f3n de vestidos de novia Lumi\u00e8re de la dise\u00f1adora <strong><a href=\"http:\/\/www.alejandrasvarc.com\" target=\"_blank\">Alejandra Svarc<\/a><\/strong>, la verdad es que hasta ese momento no la conoc\u00eda (pero lleva diez a\u00f1os dise\u00f1ando) y me sorprendieron sus vaporosos, ligeros y rom\u00e1nticos vestidos, adem\u00e1s de ella, que en persona es todo dulzura y eso ayuda mucho a una novia cuando est\u00e1 eligiendo un vestido para ese momento tan especial que es la boda.<\/p>\n<div id=\"attachment_3714\" style=\"width: 810px\" class=\"wp-caption aligncenter\"><img loading=\"lazy\" decoding=\"async\" aria-describedby=\"caption-attachment-3714\" class=\"size-full wp-image-3714\" src=\"https:\/\/oui-oui.es\/blog\/wp-content\/uploads\/2015\/11\/Oui-Oui-vestidos-novia-romantico-alejandra-svarc-2.jpg\" alt=\"Inma Fiuza\" width=\"800\" height=\"533\" srcset=\"https:\/\/oui-oui.es\/blog\/wp-content\/uploads\/2015\/11\/Oui-Oui-vestidos-novia-romantico-alejandra-svarc-2.jpg 800w, https:\/\/oui-oui.es\/blog\/wp-content\/uploads\/2015\/11\/Oui-Oui-vestidos-novia-romantico-alejandra-svarc-2-300x200.jpg 300w, https:\/\/oui-oui.es\/blog\/wp-content\/uploads\/2015\/11\/Oui-Oui-vestidos-novia-romantico-alejandra-svarc-2-600x400.jpg 600w\" sizes=\"auto, (max-width: 800px) 100vw, 800px\" \/><p id=\"caption-attachment-3714\" class=\"wp-caption-text\">Inma Fiuza<\/p><\/div>\n<p>La colecci\u00f3n <strong>Lumi\u00e8re<\/strong> es la primera l\u00ednea <em>demi couture<\/em> de <strong><a href=\"http:\/\/www.alejandrasvarc.com\" target=\"_blank\">Alejandra Svarc<\/a><\/strong> con un corte m\u00e1s desenfadado que se confecciona desde un patr\u00f3n parcialmente estandarizado pero adaptado siempre a las preferencias de cada novia. Y, con tan solo dos pruebas, la futura novia estar\u00e1 lista para lucir el d\u00eda de su boda una prenda que sin duda hablar\u00e1 de s\u00ed misma. Este sistema hace que, adem\u00e1s, puedas tener un vestido de novia casi a medida a un precio m\u00e1s ajustado.<\/p>\n<div id=\"attachment_3715\" style=\"width: 810px\" class=\"wp-caption aligncenter\"><img loading=\"lazy\" decoding=\"async\" aria-describedby=\"caption-attachment-3715\" class=\"wp-image-3715 size-full\" src=\"https:\/\/oui-oui.es\/blog\/wp-content\/uploads\/2015\/11\/0007ElenaBau-AlejandraSvarc.jpg\" alt=\"\" width=\"800\" height=\"533\" srcset=\"https:\/\/oui-oui.es\/blog\/wp-content\/uploads\/2015\/11\/0007ElenaBau-AlejandraSvarc.jpg 800w, https:\/\/oui-oui.es\/blog\/wp-content\/uploads\/2015\/11\/0007ElenaBau-AlejandraSvarc-300x200.jpg 300w, https:\/\/oui-oui.es\/blog\/wp-content\/uploads\/2015\/11\/0007ElenaBau-AlejandraSvarc-600x400.jpg 600w\" sizes=\"auto, (max-width: 800px) 100vw, 800px\" \/><p id=\"caption-attachment-3715\" class=\"wp-caption-text\">Elena Bau Fototgraf\u00eda<\/p><\/div>\n<div id=\"attachment_3716\" style=\"width: 810px\" class=\"wp-caption aligncenter\"><img loading=\"lazy\" decoding=\"async\" aria-describedby=\"caption-attachment-3716\" class=\"size-full wp-image-3716\" src=\"https:\/\/oui-oui.es\/blog\/wp-content\/uploads\/2015\/11\/0008ElenaBau-AlejandraSvarc.jpg\" alt=\"Elena Bau Fototgraf\u00eda\" width=\"800\" height=\"533\" srcset=\"https:\/\/oui-oui.es\/blog\/wp-content\/uploads\/2015\/11\/0008ElenaBau-AlejandraSvarc.jpg 800w, https:\/\/oui-oui.es\/blog\/wp-content\/uploads\/2015\/11\/0008ElenaBau-AlejandraSvarc-300x200.jpg 300w, https:\/\/oui-oui.es\/blog\/wp-content\/uploads\/2015\/11\/0008ElenaBau-AlejandraSvarc-600x400.jpg 600w\" sizes=\"auto, (max-width: 800px) 100vw, 800px\" \/><p id=\"caption-attachment-3716\" class=\"wp-caption-text\">Elena Bau Fototgraf\u00eda<\/p><\/div>\n<p>Sn duda una opci\u00f3n a valorar si est\u00e1s buscando vestido de novia de estilo rom\u00e1ntico<\/p>\n<div id=\"attachment_3713\" style=\"width: 810px\" class=\"wp-caption aligncenter\"><img loading=\"lazy\" decoding=\"async\" aria-describedby=\"caption-attachment-3713\" class=\"size-full wp-image-3713\" src=\"https:\/\/oui-oui.es\/blog\/wp-content\/uploads\/2015\/11\/Oui-Oui-vestidos-novia-romantico-alejandra-svarc.jpg\" alt=\"Inma Fiuza\" width=\"800\" height=\"533\" srcset=\"https:\/\/oui-oui.es\/blog\/wp-content\/uploads\/2015\/11\/Oui-Oui-vestidos-novia-romantico-alejandra-svarc.jpg 800w, https:\/\/oui-oui.es\/blog\/wp-content\/uploads\/2015\/11\/Oui-Oui-vestidos-novia-romantico-alejandra-svarc-300x200.jpg 300w, https:\/\/oui-oui.es\/blog\/wp-content\/uploads\/2015\/11\/Oui-Oui-vestidos-novia-romantico-alejandra-svarc-600x400.jpg 600w\" sizes=\"auto, (max-width: 800px) 100vw, 800px\" \/><p id=\"caption-attachment-3713\" class=\"wp-caption-text\">Inma Fiuza<\/p><\/div>\n<p>Mientras conoc\u00edamos su atelier disfrutamos de una fant\u00e1stica merienda servida por <strong>The Good Food Company<\/strong><\/p>\n<p><img loading=\"lazy\" decoding=\"async\" class=\"aligncenter size-full wp-image-3711\" src=\"https:\/\/oui-oui.es\/blog\/wp-content\/uploads\/2015\/11\/0047ElenaBau-AlejandraSvarc.jpg\" alt=\"Elena Bau Fototgraf\u00eda\" width=\"800\" height=\"533\" srcset=\"https:\/\/oui-oui.es\/blog\/wp-content\/uploads\/2015\/11\/0047ElenaBau-AlejandraSvarc.jpg 800w, https:\/\/oui-oui.es\/blog\/wp-content\/uploads\/2015\/11\/0047ElenaBau-AlejandraSvarc-300x200.jpg 300w, https:\/\/oui-oui.es\/blog\/wp-content\/uploads\/2015\/11\/0047ElenaBau-AlejandraSvarc-600x400.jpg 600w\" sizes=\"auto, (max-width: 800px) 100vw, 800px\" \/><\/p>\n<div id=\"attachment_3709\" style=\"width: 810px\" class=\"wp-caption aligncenter\"><img loading=\"lazy\" decoding=\"async\" aria-describedby=\"caption-attachment-3709\" class=\"size-full wp-image-3709\" src=\"https:\/\/oui-oui.es\/blog\/wp-content\/uploads\/2015\/11\/0040ElenaBau-AlejandraSvarc.jpg\" alt=\"Elena Bau Fototgraf\u00eda\" width=\"800\" height=\"533\" srcset=\"https:\/\/oui-oui.es\/blog\/wp-content\/uploads\/2015\/11\/0040ElenaBau-AlejandraSvarc.jpg 800w, https:\/\/oui-oui.es\/blog\/wp-content\/uploads\/2015\/11\/0040ElenaBau-AlejandraSvarc-300x200.jpg 300w, https:\/\/oui-oui.es\/blog\/wp-content\/uploads\/2015\/11\/0040ElenaBau-AlejandraSvarc-600x400.jpg 600w\" sizes=\"auto, (max-width: 800px) 100vw, 800px\" \/><p id=\"caption-attachment-3709\" class=\"wp-caption-text\">Elena Bau Fototgraf\u00eda<\/p><\/div>\n<p>\u00bfQu\u00e9 os han parecido los dise\u00f1os? \u00bfConoc\u00edais a <strong>Alejandra Svarc<\/strong>?<\/p>\n<p>&nbsp;<\/p>\n","protected":false},"excerpt":{"rendered":"<p>Hace unas semanas estuve conociendo la nueva colecci\u00f3n de vestidos de novia Lumi\u00e8re de la dise\u00f1adora Alejandra Svarc, la verdad es que hasta ese momento no la conoc\u00eda (pero lleva diez a\u00f1os dise\u00f1ando) y me sorprendieron sus vaporosos, ligeros y rom\u00e1nticos vestidos, adem\u00e1s de ella, que en persona es todo dulzura y eso ayuda mucho [&hellip;]<\/p>\n","protected":false},"author":1,"featured_media":3714,"comment_status":"open","ping_status":"open","sticky":false,"template":"","format":"standard","meta":{"jetpack_post_was_ever_published":false,"_jetpack_newsletter_access":"","_jetpack_dont_email_post_to_subs":false,"_jetpack_newsletter_tier_id":0,"_jetpack_memberships_contains_paywalled_content":false,"_jetpack_memberships_contains_paid_content":false,"footnotes":"","jetpack_publicize_message":"","jetpack_publicize_feature_enabled":true,"jetpack_social_post_already_shared":true,"jetpack_social_options":{"image_generator_settings":{"template":"highway","default_image_id":0,"font":"","enabled":false},"version":2}},"categories":[704],"tags":[44,718,716,730],"class_list":["post-3708","post","type-post","status-publish","format-standard","has-post-thumbnail","hentry","category-boda","tag-boda-campestre","tag-bodas","tag-looks-boda","tag-novios"],"aioseo_notices":[],"jetpack_publicize_connections":[],"jetpack_featured_media_url":"https:\/\/oui-oui.es\/blog\/wp-content\/uploads\/2015\/11\/Oui-Oui-vestidos-novia-romantico-alejandra-svarc-2.jpg","jetpack_sharing_enabled":true,"jetpack-related-posts":[{"id":630,"url":"https:\/\/oui-oui.es\/blog\/un-vestido-de-novia-multiusos\/","url_meta":{"origin":3708,"position":0},"title":"Un vestido de novia \u00abmultiusos\u00bb","author":"Mar\u00eda \u2665Oui Oui\u2665","date":"17 abril, 2013","format":false,"excerpt":"Ayer trasteando en Zara en busca de blusas sueltas aptas para embarazadas me encontr\u00e9 con este vestido que me pareci\u00f3 ideal para una pedida o para la fiesta antes de la boda. Me gusta la idea de utilizar vestidos que podr\u00edan ser de novia informal para esas ocasiones, este vestido\u2026","rel":"","context":"En \u00abBoda\u00bb","block_context":{"text":"Boda","link":"https:\/\/oui-oui.es\/blog\/category\/fiestas-celebraciones\/boda\/"},"img":{"alt_text":"","src":"https:\/\/i0.wp.com\/oui-oui.es\/blog\/wp-content\/uploads\/oui-oui-vestido-diferente-pedida-vestidos-novia-informal-encaje-2.jpg?resize=350%2C200&ssl=1","width":350,"height":200},"classes":[]},{"id":1037,"url":"https:\/\/oui-oui.es\/blog\/vestidos-de-invierno\/","url_meta":{"origin":3708,"position":1},"title":"Vestidos de Invierno","author":"Mar\u00eda \u2665Oui Oui\u2665","date":"22 noviembre, 2013","format":false,"excerpt":"Cada vez me gustan m\u00e1s las bodas de oto\u00f1o e invierno, tanto como invitada como de novia (si me volviera a casar varias veces, que para la primera reboda ya tenemos el sitio y es mejor en verano ;) ). Este a\u00f1o, cuando parec\u00eda que ya no habr\u00eda casi bodas\u2026","rel":"","context":"En \u00abBoda\u00bb","block_context":{"text":"Boda","link":"https:\/\/oui-oui.es\/blog\/category\/fiestas-celebraciones\/boda\/"},"img":{"alt_text":"","src":"https:\/\/i0.wp.com\/oui-oui.es\/blog\/wp-content\/uploads\/oui-oui-invitadas-de-invierno-vestidos-boda-invierno-kolonaki-vestido-largo-rosa.jpg?resize=350%2C200&ssl=1","width":350,"height":200,"srcset":"https:\/\/i0.wp.com\/oui-oui.es\/blog\/wp-content\/uploads\/oui-oui-invitadas-de-invierno-vestidos-boda-invierno-kolonaki-vestido-largo-rosa.jpg?resize=350%2C200&ssl=1 1x, https:\/\/i0.wp.com\/oui-oui.es\/blog\/wp-content\/uploads\/oui-oui-invitadas-de-invierno-vestidos-boda-invierno-kolonaki-vestido-largo-rosa.jpg?resize=525%2C300&ssl=1 1.5x, https:\/\/i0.wp.com\/oui-oui.es\/blog\/wp-content\/uploads\/oui-oui-invitadas-de-invierno-vestidos-boda-invierno-kolonaki-vestido-largo-rosa.jpg?resize=700%2C400&ssl=1 2x"},"classes":[]},{"id":811,"url":"https:\/\/oui-oui.es\/blog\/el-vestido-de-novia-de-valentino-para-magdalena-de-suecia\/","url_meta":{"origin":3708,"position":2},"title":"El vestido de novia de Valentino para Magdalena de Suecia","author":"Mar\u00eda \u2665Oui Oui\u2665","date":"17 junio, 2013","format":false,"excerpt":"Voy con retraso, lo s\u00e9, pero es que yo leo la revista Hola! una semana despu\u00e9s de que salga, cuando voy a casa de mi abuela y la veo. As\u00ed que este s\u00e1bado, despu\u00e9s de una jornada matadora de tiendas infantiles me ech\u00e9 en el sill\u00f3n de la abuela a\u2026","rel":"","context":"En \u00abBoda\u00bb","block_context":{"text":"Boda","link":"https:\/\/oui-oui.es\/blog\/category\/fiestas-celebraciones\/boda\/"},"img":{"alt_text":"","src":"https:\/\/i0.wp.com\/oui-oui.es\/blog\/wp-content\/uploads\/oui-oui-boda-magdalena-de-suecia-vestido-valentino-vestido-novia-encaje-volante-en-el-bajo-vestido-novia-clasico-pero-actual-2.jpg?resize=350%2C200&ssl=1","width":350,"height":200,"srcset":"https:\/\/i0.wp.com\/oui-oui.es\/blog\/wp-content\/uploads\/oui-oui-boda-magdalena-de-suecia-vestido-valentino-vestido-novia-encaje-volante-en-el-bajo-vestido-novia-clasico-pero-actual-2.jpg?resize=350%2C200&ssl=1 1x, https:\/\/i0.wp.com\/oui-oui.es\/blog\/wp-content\/uploads\/oui-oui-boda-magdalena-de-suecia-vestido-valentino-vestido-novia-encaje-volante-en-el-bajo-vestido-novia-clasico-pero-actual-2.jpg?resize=525%2C300&ssl=1 1.5x"},"classes":[]},{"id":690,"url":"https:\/\/oui-oui.es\/blog\/que-lenceria-escoger-para-el-dia-b\/","url_meta":{"origin":3708,"position":3},"title":"Qu\u00e9 lencer\u00eda escoger para el d\u00eda B","author":"Mar\u00eda \u2665Oui Oui\u2665","date":"7 mayo, 2013","format":false,"excerpt":"Cuando est\u00e1s organizando la boda, parece que todo tiene que ser diferente, especial y muchas veces; caro. Un gran ejemplo es la ropa interior, ante sde casarte piensas que comprar\u00e1s un conjunto mon\u00edsimo en La Perla, pero en cuanto hablas con la modista o dise\u00f1ador que te est\u00e1 haciendo el\u2026","rel":"","context":"En \u00abBoda\u00bb","block_context":{"text":"Boda","link":"https:\/\/oui-oui.es\/blog\/category\/fiestas-celebraciones\/boda\/"},"img":{"alt_text":"","src":"https:\/\/i0.wp.com\/oui-oui.es\/blog\/wp-content\/uploads\/oui-oui-lenceria-boda-ropa-interior-novia-barata.jpg?resize=350%2C200&ssl=1","width":350,"height":200},"classes":[]},{"id":241,"url":"https:\/\/oui-oui.es\/blog\/tocados-de-invierno\/","url_meta":{"origin":3708,"position":4},"title":"Tocados de Invierno","author":"Mar\u00eda \u2665Oui Oui\u2665","date":"4 diciembre, 2012","format":false,"excerpt":"No creo que haya vestidos a los que \"no les vaya\" un tocado, sino que hay un tocado para cada vestido y ocasi\u00f3n, saber acertar con la combinaci\u00f3n correcta es el reto y no s\u00f3lo influye que la celebraci\u00f3n sea de ma\u00f1ana o de tarde\/noche (que tambi\u00e9n), sino la \u00e9poca\u2026","rel":"","context":"En \u00abBoda\u00bb","block_context":{"text":"Boda","link":"https:\/\/oui-oui.es\/blog\/category\/fiestas-celebraciones\/boda\/"},"img":{"alt_text":"","src":"https:\/\/i0.wp.com\/oui-oui.es\/blog\/wp-content\/uploads\/oui-oui-tocados-boda-invierno-chistera-fieltro-azul-pompon-plumas-mimoki.jpg?resize=350%2C200&ssl=1","width":350,"height":200,"srcset":"https:\/\/i0.wp.com\/oui-oui.es\/blog\/wp-content\/uploads\/oui-oui-tocados-boda-invierno-chistera-fieltro-azul-pompon-plumas-mimoki.jpg?resize=350%2C200&ssl=1 1x, https:\/\/i0.wp.com\/oui-oui.es\/blog\/wp-content\/uploads\/oui-oui-tocados-boda-invierno-chistera-fieltro-azul-pompon-plumas-mimoki.jpg?resize=525%2C300&ssl=1 1.5x"},"classes":[]},{"id":10115,"url":"https:\/\/oui-oui.es\/blog\/re-boda-si-o-no\/","url_meta":{"origin":3708,"position":5},"title":"Re boda, \u00bfs\u00ed o no?","author":"Mar\u00eda \u2665Oui Oui\u2665","date":"13 septiembre, 2019","format":false,"excerpt":"Septiembre es un mes muy especial, aunque cada vez m\u00e1s se est\u00e1 convirtiendo en un mes m\u00e1s estresante, sigo teni\u00e9ndole mucho cari\u00f1o. En septiembre es la vuelta al cole que tanto me ha gustado siempre, tambi\u00e9n es mi comienzo de a\u00f1o, pues mi mente piensa en cursos escolares y no\u2026","rel":"","context":"En \u00abBoda\u00bb","block_context":{"text":"Boda","link":"https:\/\/oui-oui.es\/blog\/category\/fiestas-celebraciones\/boda\/"},"img":{"alt_text":"","src":"https:\/\/i0.wp.com\/oui-oui.es\/blog\/wp-content\/uploads\/2019\/09\/Ramo-boda-oui-oui-bici-just-married-asturias.jpg?resize=350%2C200&ssl=1","width":350,"height":200,"srcset":"https:\/\/i0.wp.com\/oui-oui.es\/blog\/wp-content\/uploads\/2019\/09\/Ramo-boda-oui-oui-bici-just-married-asturias.jpg?resize=350%2C200&ssl=1 1x, https:\/\/i0.wp.com\/oui-oui.es\/blog\/wp-content\/uploads\/2019\/09\/Ramo-boda-oui-oui-bici-just-married-asturias.jpg?resize=525%2C300&ssl=1 1.5x, https:\/\/i0.wp.com\/oui-oui.es\/blog\/wp-content\/uploads\/2019\/09\/Ramo-boda-oui-oui-bici-just-married-asturias.jpg?resize=700%2C400&ssl=1 2x, https:\/\/i0.wp.com\/oui-oui.es\/blog\/wp-content\/uploads\/2019\/09\/Ramo-boda-oui-oui-bici-just-married-asturias.jpg?resize=1050%2C600&ssl=1 3x"},"classes":[]}],"_links":{"self":[{"href":"https:\/\/oui-oui.es\/blog\/wp-json\/wp\/v2\/posts\/3708","targetHints":{"allow":["GET"]}}],"collection":[{"href":"https:\/\/oui-oui.es\/blog\/wp-json\/wp\/v2\/posts"}],"about":[{"href":"https:\/\/oui-oui.es\/blog\/wp-json\/wp\/v2\/types\/post"}],"author":[{"embeddable":true,"href":"https:\/\/oui-oui.es\/blog\/wp-json\/wp\/v2\/users\/1"}],"replies":[{"embeddable":true,"href":"https:\/\/oui-oui.es\/blog\/wp-json\/wp\/v2\/comments?post=3708"}],"version-history":[{"count":1,"href":"https:\/\/oui-oui.es\/blog\/wp-json\/wp\/v2\/posts\/3708\/revisions"}],"predecessor-version":[{"id":3717,"href":"https:\/\/oui-oui.es\/blog\/wp-json\/wp\/v2\/posts\/3708\/revisions\/3717"}],"wp:featuredmedia":[{"embeddable":true,"href":"https:\/\/oui-oui.es\/blog\/wp-json\/wp\/v2\/media\/3714"}],"wp:attachment":[{"href":"https:\/\/oui-oui.es\/blog\/wp-json\/wp\/v2\/media?parent=3708"}],"wp:term":[{"taxonomy":"category","embeddable":true,"href":"https:\/\/oui-oui.es\/blog\/wp-json\/wp\/v2\/categories?post=3708"},{"taxonomy":"post_tag","embeddable":true,"href":"https:\/\/oui-oui.es\/blog\/wp-json\/wp\/v2\/tags?post=3708"}],"curies":[{"name":"wp","href":"https:\/\/api.w.org\/{rel}","templated":true}]}}