{"id":3725,"date":"2015-11-16T13:02:39","date_gmt":"2015-11-16T11:02:39","guid":{"rendered":"https:\/\/oui-oui.es\/blog\/?p=3725"},"modified":"2015-11-16T13:04:28","modified_gmt":"2015-11-16T11:04:28","slug":"la-mochila-de-las-bloggers-kanken","status":"publish","type":"post","link":"https:\/\/oui-oui.es\/blog\/la-mochila-de-las-bloggers-kanken\/","title":{"rendered":"La mochila de las bloggers | K\u00e5nken"},"content":{"rendered":"<p>\u00bfA\u00fan no conoces la historia de esta mochila?, pong\u00e1monos en antecedentes, como cuenta <a href=\"http:\/\/vidayestilo.terra.es\/living-in\/estocolmo\/blog\/2013\/05\/16\/fjallraven-kanken-un-clasico-en-la-espalda-de-todos-los-suecos\/\" target=\"_blank\">Raquel T\u00e9llez<\/a>&#8230;<\/p>\n<p><strong>Fj\u00e4llr\u00e4ven <\/strong>(zorro de monta\u00f1a) es una conocida marca sueca de ropa y accesorios de monta\u00f1a.<\/p>\n<div id=\"attachment_3733\" style=\"width: 660px\" class=\"wp-caption aligncenter\"><img loading=\"lazy\" decoding=\"async\" aria-describedby=\"caption-attachment-3733\" class=\"size-full wp-image-3733\" src=\"https:\/\/oui-oui.es\/blog\/wp-content\/uploads\/2015\/11\/Oui-Oui-mochila-bloggers-kanken-fjallraven-mini-mochila-online-espa\u00f1a-colores.jpg\" alt=\"V\u00eda I lost myself in wonderland\" width=\"650\" height=\"589\" srcset=\"https:\/\/oui-oui.es\/blog\/wp-content\/uploads\/2015\/11\/Oui-Oui-mochila-bloggers-kanken-fjallraven-mini-mochila-online-espa\u00f1a-colores.jpg 650w, https:\/\/oui-oui.es\/blog\/wp-content\/uploads\/2015\/11\/Oui-Oui-mochila-bloggers-kanken-fjallraven-mini-mochila-online-espa\u00f1a-colores-300x272.jpg 300w, https:\/\/oui-oui.es\/blog\/wp-content\/uploads\/2015\/11\/Oui-Oui-mochila-bloggers-kanken-fjallraven-mini-mochila-online-espa\u00f1a-colores-600x544.jpg 600w\" sizes=\"auto, (max-width: 650px) 100vw, 650px\" \/><p id=\"caption-attachment-3733\" class=\"wp-caption-text\">V\u00eda I lost myself in wonderland<\/p><\/div>\n<p><strong>\u00a0La historia de Fj\u00e4llr\u00e4ven tiene su inicio en el a\u00f1o 1950<\/strong>, cuando su fundador\u00a0 <strong>\u00c5ke Nordin, <\/strong>nacido en \u00d6rnsk\u00f6ldsvik, al norte del pa\u00eds, <strong>era entonces un chaval de 14 a\u00f1os que se estaba preparando para salir a hacer una traves\u00eda por las monta\u00f1as del norte de Suecia.<\/strong><\/p>\n<p><strong>\u00c5ke no estaba nada satisfecho con el tipo de mochilas que se pod\u00edan comprar en Suecia por aquel entonces,<\/strong> cre\u00eda que eran demasiado peque\u00f1as, nada c\u00f3modas y demasiado ca\u00eddas hacia el culo.<strong> As\u00ed que decidi\u00f3 construirse su propia mochila <\/strong>la cual fue mucho menos pesada y c\u00f3moda y que se adaptaba mejor al cuerpo. Amigos y familiares quedaron prendados de la mochila y todo el mundo quer\u00eda una.<\/p>\n<p>Cost\u00f3 mucho tiempo para que \u00c5ke pudiera comprar la tela para empezar a fabricar y comercializar las mochilas hasta que en 1960 se fundara la empresa de \u00c5ke, Fj\u00e4llr\u00e4ven.<\/p>\n<p><strong>A finales de los a\u00f1os 70, <\/strong>una estad\u00edstica mostraba que,<strong> el 80% de la poblaci\u00f3n sueca se quejaba de dolores en la espalda alguna vez que otra<\/strong> (all\u00ed se estila mucho ir caminando al trabajo, aunque el trabajo este a 5 km de casa, o ir corriendo o ir en bicicleta, ya sea invierno o en\u00a0 verano y el uso de la mochila para llevar consigo ropa, libros, ordenadores, etc es enorme).<\/p>\n<p><strong>As\u00ed en agosto de 1978 se lanzaba el producto estrella de Fj\u00e4llr\u00e4ven, la mochila K\u00e5nken, la cual fue creada en cooperaci\u00f3n con la federaci\u00f3n sueca de Boy scouts.<\/strong><\/p>\n<div id=\"attachment_3732\" style=\"width: 540px\" class=\"wp-caption aligncenter\"><img loading=\"lazy\" decoding=\"async\" aria-describedby=\"caption-attachment-3732\" class=\"size-full wp-image-3732\" src=\"https:\/\/oui-oui.es\/blog\/wp-content\/uploads\/2015\/11\/Oui-Oui-mochila-bloggers-kanken-fjallraven-mini-mochila-ni\u00f1os-online-espa\u00f1a.jpg\" alt=\"V\u00eda Viste la Calle\" width=\"530\" height=\"353\" srcset=\"https:\/\/oui-oui.es\/blog\/wp-content\/uploads\/2015\/11\/Oui-Oui-mochila-bloggers-kanken-fjallraven-mini-mochila-ni\u00f1os-online-espa\u00f1a.jpg 530w, https:\/\/oui-oui.es\/blog\/wp-content\/uploads\/2015\/11\/Oui-Oui-mochila-bloggers-kanken-fjallraven-mini-mochila-ni\u00f1os-online-espa\u00f1a-300x200.jpg 300w\" sizes=\"auto, (max-width: 530px) 100vw, 530px\" \/><p id=\"caption-attachment-3732\" class=\"wp-caption-text\">V\u00eda Viste la Calle<\/p><\/div>\n<p><strong>K\u00e5nken <\/strong>es una simple mochila hecha a medida de las necesidades de los escolares,<strong> construida en un material que absorbe\u00a0 lluvia y nieve r\u00e1pidamente.<\/strong><\/p>\n<p>Es una mochila que pesa muy muy poco vac\u00eda, y que queda bastante alta situada en la espalda. Tiene adem\u00e1s dos asas en la parte de arriba por si se quiere llevar en la mano como una bolsa en vez de colgarla.<\/p>\n<p>Lleva vendi\u00e9ndose con much\u00edsimo \u00e9xito en Suecia desde 1978 (<strong>El primer a\u00f1o de su comercializaci\u00f3n se vendieron 400 ejemplares, el segundo 30.000.<\/strong>Hoy en d\u00eda se hacen 20.000 ejemplares cada a\u00f1o y se venden en todo el mundo. El modelo de hoy en d\u00eda sigue siendo el mismo de 1978.<\/p>\n<p>Y ahora <strong>mi opini\u00f3n&#8230;<\/strong><\/p>\n<div id=\"attachment_3729\" style=\"width: 606px\" class=\"wp-caption aligncenter\"><a href=\"http:\/\/www.oui-oui.es\/2-detalles-decoracion-ninos-habitacion-pinterest\"><img loading=\"lazy\" decoding=\"async\" aria-describedby=\"caption-attachment-3729\" class=\"wp-image-3729 size-full\" src=\"https:\/\/oui-oui.es\/blog\/wp-content\/uploads\/2015\/11\/Oui-Oui-mochila-bloggers-kanken.jpg\" alt=\"Oui Oui-mochila bloggers-kanken\" width=\"596\" height=\"598\" srcset=\"https:\/\/oui-oui.es\/blog\/wp-content\/uploads\/2015\/11\/Oui-Oui-mochila-bloggers-kanken.jpg 596w, https:\/\/oui-oui.es\/blog\/wp-content\/uploads\/2015\/11\/Oui-Oui-mochila-bloggers-kanken-150x150.jpg 150w, https:\/\/oui-oui.es\/blog\/wp-content\/uploads\/2015\/11\/Oui-Oui-mochila-bloggers-kanken-300x300.jpg 300w\" sizes=\"auto, (max-width: 596px) 100vw, 596px\" \/><\/a><p id=\"caption-attachment-3729\" class=\"wp-caption-text\">Mi mochila y la de Mart\u00edn en NY<\/p><\/div>\n<p>No fu\u00e9 hasta hace dos o tres a\u00f1os que se puso de moda en Espa\u00f1a, <strong>a d\u00eda de hoy no hay blogger o influencer que no la tenga<\/strong>, yo misma no pude resistirme el a\u00f1o pasado a comprarme dos, una para para Mart\u00edn y otra para m\u00ed.<\/p>\n<div id=\"attachment_3730\" style=\"width: 610px\" class=\"wp-caption aligncenter\"><img loading=\"lazy\" decoding=\"async\" aria-describedby=\"caption-attachment-3730\" class=\"size-full wp-image-3730\" src=\"https:\/\/oui-oui.es\/blog\/wp-content\/uploads\/2015\/11\/Oui-Oui-mochila-kanken-mochila-bloggers-mochila-famosos.jpg\" alt=\"V\u00eda Locos por la moda\" width=\"600\" height=\"600\" srcset=\"https:\/\/oui-oui.es\/blog\/wp-content\/uploads\/2015\/11\/Oui-Oui-mochila-kanken-mochila-bloggers-mochila-famosos.jpg 600w, https:\/\/oui-oui.es\/blog\/wp-content\/uploads\/2015\/11\/Oui-Oui-mochila-kanken-mochila-bloggers-mochila-famosos-150x150.jpg 150w, https:\/\/oui-oui.es\/blog\/wp-content\/uploads\/2015\/11\/Oui-Oui-mochila-kanken-mochila-bloggers-mochila-famosos-300x300.jpg 300w\" sizes=\"auto, (max-width: 600px) 100vw, 600px\" \/><p id=\"caption-attachment-3730\" class=\"wp-caption-text\">V\u00eda Locos por la moda<\/p><\/div>\n<p>Desde entonces <strong>he utilizado bastante la de Mart\u00edn<\/strong>, para llevar sus juguetes, al ropa de recambio, etc&#8230;Sus asas cortas de la parte superior la hacen muy c\u00f3moda para colgar del manillar del carrito.<\/p>\n<p><a href=\"http:\/\/www.oui-oui.es\/2-detalles-decoracion-ninos-habitacion-pinterest\"><img loading=\"lazy\" decoding=\"async\" class=\"aligncenter size-full wp-image-3728\" src=\"https:\/\/oui-oui.es\/blog\/wp-content\/uploads\/2015\/11\/Oui-Oui-mochila-blogers-kanken-sophie-jirafa-biberon-frapuccino.jpg\" alt=\"Oui Oui-mochila blogers-kanken-sophie jirafa-biberon frapuccino\" width=\"600\" height=\"543\" srcset=\"https:\/\/oui-oui.es\/blog\/wp-content\/uploads\/2015\/11\/Oui-Oui-mochila-blogers-kanken-sophie-jirafa-biberon-frapuccino.jpg 600w, https:\/\/oui-oui.es\/blog\/wp-content\/uploads\/2015\/11\/Oui-Oui-mochila-blogers-kanken-sophie-jirafa-biberon-frapuccino-300x272.jpg 300w\" sizes=\"auto, (max-width: 600px) 100vw, 600px\" \/><\/a><\/p>\n<div id=\"attachment_3731\" style=\"width: 610px\" class=\"wp-caption aligncenter\"><img loading=\"lazy\" decoding=\"async\" aria-describedby=\"caption-attachment-3731\" class=\"size-full wp-image-3731\" src=\"https:\/\/oui-oui.es\/blog\/wp-content\/uploads\/2015\/11\/Oui-Oui-mochila-bloggers-kanken-fjallraven-mini-mochila-online-espa\u00f1a.jpg\" alt=\"V\u00eda My Little Place\" width=\"600\" height=\"600\" srcset=\"https:\/\/oui-oui.es\/blog\/wp-content\/uploads\/2015\/11\/Oui-Oui-mochila-bloggers-kanken-fjallraven-mini-mochila-online-espa\u00f1a.jpg 600w, https:\/\/oui-oui.es\/blog\/wp-content\/uploads\/2015\/11\/Oui-Oui-mochila-bloggers-kanken-fjallraven-mini-mochila-online-espa\u00f1a-150x150.jpg 150w, https:\/\/oui-oui.es\/blog\/wp-content\/uploads\/2015\/11\/Oui-Oui-mochila-bloggers-kanken-fjallraven-mini-mochila-online-espa\u00f1a-300x300.jpg 300w\" sizes=\"auto, (max-width: 600px) 100vw, 600px\" \/><p id=\"caption-attachment-3731\" class=\"wp-caption-text\">V\u00eda My Little Place<\/p><\/div>\n<p>Sin embargo, <strong>la que compr\u00e9 para m\u00ed no la he usado tanto<\/strong>, me llama la atenci\u00f3n que pese a que uno de los objetivos principales de \u00c5ke siempre fu\u00e9 la comodidad, <strong>sus asas sean tan finas y no tengan ning\u00fan refuerzo en los hombros, eso la hace bastante inc\u00f3moda<\/strong> para utilizarla, en mi caso, en los viajes en los que acabar\u00eda llena de compras.<\/p>\n<p><strong>Tienen much\u00edsimos modelos y colores<\/strong>, pero para el precio que tiene (yo las compr\u00e9 en NY m\u00e1s baratas por el d\u00f3lar, pero el tama\u00f1o grande debe estar en torno a los 85\u20ac aprox) no me parece tan funcional como deber\u00eda, parece que al ser un <em>objeto de moda<\/em> nadie dice nada cr\u00edtico sobre ella&#8230;<\/p>\n<p>Y t\u00fa, \u00bfla tienes? \u00bfla usas mucho?<\/p>\n","protected":false},"excerpt":{"rendered":"<p>\u00bfA\u00fan no conoces la historia de esta mochila?, pong\u00e1monos en antecedentes, como cuenta Raquel T\u00e9llez&#8230; Fj\u00e4llr\u00e4ven (zorro de monta\u00f1a) es una conocida marca sueca de ropa y accesorios de monta\u00f1a. \u00a0La historia de Fj\u00e4llr\u00e4ven tiene su inicio en el a\u00f1o 1950, cuando su fundador\u00a0 \u00c5ke Nordin, nacido en \u00d6rnsk\u00f6ldsvik, al norte del pa\u00eds, era entonces [&hellip;]<\/p>\n","protected":false},"author":1,"featured_media":3729,"comment_status":"open","ping_status":"open","sticky":false,"template":"","format":"standard","meta":{"jetpack_post_was_ever_published":false,"_jetpack_newsletter_access":"","_jetpack_dont_email_post_to_subs":false,"_jetpack_newsletter_tier_id":0,"_jetpack_memberships_contains_paywalled_content":false,"_jetpack_memberships_contains_paid_content":false,"footnotes":"","jetpack_publicize_message":"","jetpack_publicize_feature_enabled":true,"jetpack_social_post_already_shared":true,"jetpack_social_options":{"image_generator_settings":{"template":"highway","default_image_id":0,"font":"","enabled":false},"version":2}},"categories":[177,174],"tags":[700,529],"class_list":["post-3725","post","type-post","status-publish","format-standard","has-post-thumbnail","hentry","category-lifestyle-2","category-ninos","tag-compras-bebe","tag-tendencias"],"aioseo_notices":[],"jetpack_publicize_connections":[],"jetpack_featured_media_url":"https:\/\/oui-oui.es\/blog\/wp-content\/uploads\/2015\/11\/Oui-Oui-mochila-bloggers-kanken.jpg","jetpack_sharing_enabled":true,"jetpack-related-posts":[{"id":8988,"url":"https:\/\/oui-oui.es\/blog\/10-tips-para-iniciarte-en-el-senderismo-con-ninos\/","url_meta":{"origin":3725,"position":0},"title":"10 Tips para iniciarte en el senderismo con ni\u00f1os","author":"Mar\u00eda \u2665Oui Oui\u2665","date":"20 abril, 2018","format":false,"excerpt":"El post de hoy es un poco diferente porque es la primera vez que hago una colaboraci\u00f3n para que alguien que no sea yo escriba un post, pero la verdad es que desde que conoc\u00ed (virtualmente) a Laura de Mini Explorers ten\u00eda ganas de hacer algo con ella. Las casualidades\u2026","rel":"","context":"En \u00abNI\u00d1OS Y NI\u00d1AS\u00bb","block_context":{"text":"NI\u00d1OS Y NI\u00d1AS","link":"https:\/\/oui-oui.es\/blog\/category\/ninos\/"},"img":{"alt_text":"","src":"https:\/\/i0.wp.com\/oui-oui.es\/blog\/wp-content\/uploads\/2018\/04\/Como-iniciarte-en-el-senderismo-con-ni%C3%B1os-monta%C3%B1a-ni%C3%B1os-mini-explorers-cantimplora-oui-oui.jpg?resize=350%2C200&ssl=1","width":350,"height":200,"srcset":"https:\/\/i0.wp.com\/oui-oui.es\/blog\/wp-content\/uploads\/2018\/04\/Como-iniciarte-en-el-senderismo-con-ni%C3%B1os-monta%C3%B1a-ni%C3%B1os-mini-explorers-cantimplora-oui-oui.jpg?resize=350%2C200&ssl=1 1x, https:\/\/i0.wp.com\/oui-oui.es\/blog\/wp-content\/uploads\/2018\/04\/Como-iniciarte-en-el-senderismo-con-ni%C3%B1os-monta%C3%B1a-ni%C3%B1os-mini-explorers-cantimplora-oui-oui.jpg?resize=525%2C300&ssl=1 1.5x, https:\/\/i0.wp.com\/oui-oui.es\/blog\/wp-content\/uploads\/2018\/04\/Como-iniciarte-en-el-senderismo-con-ni%C3%B1os-monta%C3%B1a-ni%C3%B1os-mini-explorers-cantimplora-oui-oui.jpg?resize=700%2C400&ssl=1 2x, https:\/\/i0.wp.com\/oui-oui.es\/blog\/wp-content\/uploads\/2018\/04\/Como-iniciarte-en-el-senderismo-con-ni%C3%B1os-monta%C3%B1a-ni%C3%B1os-mini-explorers-cantimplora-oui-oui.jpg?resize=1050%2C600&ssl=1 3x, https:\/\/i0.wp.com\/oui-oui.es\/blog\/wp-content\/uploads\/2018\/04\/Como-iniciarte-en-el-senderismo-con-ni%C3%B1os-monta%C3%B1a-ni%C3%B1os-mini-explorers-cantimplora-oui-oui.jpg?resize=1400%2C800&ssl=1 4x"},"classes":[]},{"id":5203,"url":"https:\/\/oui-oui.es\/blog\/10-regalos-para-padres-distintos\/","url_meta":{"origin":3725,"position":1},"title":"10 regalos para padres distintos","author":"Mar\u00eda \u2665Oui Oui\u2665","date":"15 marzo, 2017","format":false,"excerpt":"Quedan cinco d\u00edas para el D\u00eda del Padre as\u00ed que a\u00fan est\u00e1s a tiempo de sorprenderle con algo distinto a una corbata o un jersey!, aqu\u00ed van 5 propuestas que espero que os gusten! Para el pap\u00e1 gourmet Sorpr\u00e9ndele con un porr\u00f3n, si, has le\u00eddo bien, con un Porr\u00f3n Mol\u00f3n,\u2026","rel":"","context":"En \u00abA un hombre\/ novio\/ marido\/ padre\u00bb","block_context":{"text":"A un hombre\/ novio\/ marido\/ padre","link":"https:\/\/oui-oui.es\/blog\/category\/no-se-que-regalar\/a-un-hombrenoviomaridopadre\/"},"img":{"alt_text":"","src":"https:\/\/i0.wp.com\/oui-oui.es\/blog\/wp-content\/uploads\/2017\/03\/Oui-Oui-mochila-portabebes-senderismo-papa-y-bebe-en-la-monta%C3%B1a.jpg?resize=350%2C200&ssl=1","width":350,"height":200,"srcset":"https:\/\/i0.wp.com\/oui-oui.es\/blog\/wp-content\/uploads\/2017\/03\/Oui-Oui-mochila-portabebes-senderismo-papa-y-bebe-en-la-monta%C3%B1a.jpg?resize=350%2C200&ssl=1 1x, https:\/\/i0.wp.com\/oui-oui.es\/blog\/wp-content\/uploads\/2017\/03\/Oui-Oui-mochila-portabebes-senderismo-papa-y-bebe-en-la-monta%C3%B1a.jpg?resize=525%2C300&ssl=1 1.5x"},"classes":[]},{"id":3915,"url":"https:\/\/oui-oui.es\/blog\/iv-wishlist-de-frida\/","url_meta":{"origin":3725,"position":2},"title":"IV Wishlist de Frida ;)","author":"Mar\u00eda \u2665Oui Oui\u2665","date":"20 enero, 2016","format":false,"excerpt":"Este fin de semana hemos organizado casi todo para la llegada de Frida, as\u00ed que voy viendo m\u00e1s claro las cosas que le faltan y alg\u00fan caprichito que quiero darle(me). Como el m\u00f3vil de cisne y plumas de Vanessa Byrne que me tiene enamorada, absolutamente delicado... La mini butaca Enmanuelle\u2026","rel":"","context":"En \u00abMATERNIDAD\u00bb","block_context":{"text":"MATERNIDAD","link":"https:\/\/oui-oui.es\/blog\/category\/maternidad\/"},"img":{"alt_text":"","src":"https:\/\/i0.wp.com\/oui-oui.es\/blog\/wp-content\/uploads\/2016\/01\/Oui-Oui-wishlist-frida-m%C3%B3bil-cuna-plumas-y-cisne.jpg?resize=350%2C200&ssl=1","width":350,"height":200,"srcset":"https:\/\/i0.wp.com\/oui-oui.es\/blog\/wp-content\/uploads\/2016\/01\/Oui-Oui-wishlist-frida-m%C3%B3bil-cuna-plumas-y-cisne.jpg?resize=350%2C200&ssl=1 1x, https:\/\/i0.wp.com\/oui-oui.es\/blog\/wp-content\/uploads\/2016\/01\/Oui-Oui-wishlist-frida-m%C3%B3bil-cuna-plumas-y-cisne.jpg?resize=525%2C300&ssl=1 1.5x, https:\/\/i0.wp.com\/oui-oui.es\/blog\/wp-content\/uploads\/2016\/01\/Oui-Oui-wishlist-frida-m%C3%B3bil-cuna-plumas-y-cisne.jpg?resize=700%2C400&ssl=1 2x"},"classes":[]},{"id":6829,"url":"https:\/\/oui-oui.es\/blog\/los-ratoncitos-de-maileg\/","url_meta":{"origin":3725,"position":3},"title":"Los ratoncitos de Maileg","author":"Mar\u00eda \u2665Oui Oui\u2665","date":"18 julio, 2017","format":false,"excerpt":"Los ratoncitos de Maileg han acompa\u00f1ado nuestras puertas del ratoncito P\u00e9rez casi desde el principio, y lo cierto es que les he ido cogiendo cari\u00f1o con el tiempo. Al principio s\u00f3lo eran unos ratoncitos de tela mon\u00edsimos, que ven\u00edan en su cajita de cerillas con colchoncito y mantita (y que\u2026","rel":"","context":"En \u00abNI\u00d1OS Y NI\u00d1AS\u00bb","block_context":{"text":"NI\u00d1OS Y NI\u00d1AS","link":"https:\/\/oui-oui.es\/blog\/category\/ninos\/"},"img":{"alt_text":"","src":"https:\/\/i0.wp.com\/oui-oui.es\/blog\/wp-content\/uploads\/2017\/07\/Oui-Oui-puertas-ratoncito-P%C3%A9rez-ratoncitos-Maileg.jpg?resize=350%2C200&ssl=1","width":350,"height":200,"srcset":"https:\/\/i0.wp.com\/oui-oui.es\/blog\/wp-content\/uploads\/2017\/07\/Oui-Oui-puertas-ratoncito-P%C3%A9rez-ratoncitos-Maileg.jpg?resize=350%2C200&ssl=1 1x, https:\/\/i0.wp.com\/oui-oui.es\/blog\/wp-content\/uploads\/2017\/07\/Oui-Oui-puertas-ratoncito-P%C3%A9rez-ratoncitos-Maileg.jpg?resize=525%2C300&ssl=1 1.5x, https:\/\/i0.wp.com\/oui-oui.es\/blog\/wp-content\/uploads\/2017\/07\/Oui-Oui-puertas-ratoncito-P%C3%A9rez-ratoncitos-Maileg.jpg?resize=700%2C400&ssl=1 2x, https:\/\/i0.wp.com\/oui-oui.es\/blog\/wp-content\/uploads\/2017\/07\/Oui-Oui-puertas-ratoncito-P%C3%A9rez-ratoncitos-Maileg.jpg?resize=1050%2C600&ssl=1 3x"},"classes":[]},{"id":5174,"url":"https:\/\/oui-oui.es\/blog\/gafas-de-sol-para-ninos-siroko\/","url_meta":{"origin":3725,"position":4},"title":"Gafas de sol para ni\u00f1os | Siroko","author":"Mar\u00eda \u2665Oui Oui\u2665","date":"13 marzo, 2017","format":false,"excerpt":"\u00a0 Como escrib\u00eda el otro d\u00eda,\u00a0 ya estoy en modo primavera-verano total y pensando en verano y en gafas de sol di con Siroko, una marca del norte de Espa\u00f1a de la que me llam\u00f3 la atenci\u00f3n su filosof\u00eda What you are is what you do, con productos inspirados en\u2026","rel":"","context":"En \u00abNI\u00d1OS Y NI\u00d1AS\u00bb","block_context":{"text":"NI\u00d1OS Y NI\u00d1AS","link":"https:\/\/oui-oui.es\/blog\/category\/ninos\/"},"img":{"alt_text":"","src":"https:\/\/i0.wp.com\/oui-oui.es\/blog\/wp-content\/uploads\/2017\/03\/Oui-Oui-gafas-sol-ni%C3%B1os-siroko.jpg?resize=350%2C200&ssl=1","width":350,"height":200,"srcset":"https:\/\/i0.wp.com\/oui-oui.es\/blog\/wp-content\/uploads\/2017\/03\/Oui-Oui-gafas-sol-ni%C3%B1os-siroko.jpg?resize=350%2C200&ssl=1 1x, https:\/\/i0.wp.com\/oui-oui.es\/blog\/wp-content\/uploads\/2017\/03\/Oui-Oui-gafas-sol-ni%C3%B1os-siroko.jpg?resize=525%2C300&ssl=1 1.5x"},"classes":[]},{"id":4814,"url":"https:\/\/oui-oui.es\/blog\/con-ganas-de-acampada\/","url_meta":{"origin":3725,"position":5},"title":"Con ganas de acampada","author":"Mar\u00eda \u2665Oui Oui\u2665","date":"2 noviembre, 2016","format":false,"excerpt":"Hace unos a\u00f1os hice una ruta por Picos de Europa , mucho m\u00e1s dura de lo que imaginaba (b\u00e1sicamente porque era mi primera vez en alta monta\u00f1a y porque no nos enteramos muy bien del nivel de la ruta...) el caso es que, a pesar de los momentos duros, los\u2026","rel":"","context":"En \u00abESTILO DE VIDA\u00bb","block_context":{"text":"ESTILO DE VIDA","link":"https:\/\/oui-oui.es\/blog\/category\/lifestyle-2\/"},"img":{"alt_text":"","src":"https:\/\/i0.wp.com\/oui-oui.es\/blog\/wp-content\/uploads\/2016\/10\/Oui-Oui-acampada-deluxe-tendencia-acampada-cool-camping-gampling-2.jpg?resize=350%2C200&ssl=1","width":350,"height":200,"srcset":"https:\/\/i0.wp.com\/oui-oui.es\/blog\/wp-content\/uploads\/2016\/10\/Oui-Oui-acampada-deluxe-tendencia-acampada-cool-camping-gampling-2.jpg?resize=350%2C200&ssl=1 1x, https:\/\/i0.wp.com\/oui-oui.es\/blog\/wp-content\/uploads\/2016\/10\/Oui-Oui-acampada-deluxe-tendencia-acampada-cool-camping-gampling-2.jpg?resize=525%2C300&ssl=1 1.5x"},"classes":[]}],"_links":{"self":[{"href":"https:\/\/oui-oui.es\/blog\/wp-json\/wp\/v2\/posts\/3725","targetHints":{"allow":["GET"]}}],"collection":[{"href":"https:\/\/oui-oui.es\/blog\/wp-json\/wp\/v2\/posts"}],"about":[{"href":"https:\/\/oui-oui.es\/blog\/wp-json\/wp\/v2\/types\/post"}],"author":[{"embeddable":true,"href":"https:\/\/oui-oui.es\/blog\/wp-json\/wp\/v2\/users\/1"}],"replies":[{"embeddable":true,"href":"https:\/\/oui-oui.es\/blog\/wp-json\/wp\/v2\/comments?post=3725"}],"version-history":[{"count":2,"href":"https:\/\/oui-oui.es\/blog\/wp-json\/wp\/v2\/posts\/3725\/revisions"}],"predecessor-version":[{"id":3734,"href":"https:\/\/oui-oui.es\/blog\/wp-json\/wp\/v2\/posts\/3725\/revisions\/3734"}],"wp:featuredmedia":[{"embeddable":true,"href":"https:\/\/oui-oui.es\/blog\/wp-json\/wp\/v2\/media\/3729"}],"wp:attachment":[{"href":"https:\/\/oui-oui.es\/blog\/wp-json\/wp\/v2\/media?parent=3725"}],"wp:term":[{"taxonomy":"category","embeddable":true,"href":"https:\/\/oui-oui.es\/blog\/wp-json\/wp\/v2\/categories?post=3725"},{"taxonomy":"post_tag","embeddable":true,"href":"https:\/\/oui-oui.es\/blog\/wp-json\/wp\/v2\/tags?post=3725"}],"curies":[{"name":"wp","href":"https:\/\/api.w.org\/{rel}","templated":true}]}}