{"id":374,"date":"2012-12-21T00:00:43","date_gmt":"2012-12-20T23:00:43","guid":{"rendered":"http:\/\/ouiouiblog.wordpress.com\/?p=374"},"modified":"2020-05-19T21:56:17","modified_gmt":"2020-05-19T19:56:17","slug":"el-arbol-diy-de-este-ano","status":"publish","type":"post","link":"https:\/\/oui-oui.es\/blog\/el-arbol-diy-de-este-ano\/","title":{"rendered":"El \u00e1rbol DIY de este a\u00f1o"},"content":{"rendered":"<p style=\"text-align:center;\"><a href=\"https:\/\/oui-oui.es\/blog\/wp-content\/uploads\/oui-oui-arbol-navidad-ramas-troncos-diy-arbol-navidad-diferente-4.jpg\"><img loading=\"lazy\" decoding=\"async\" class=\"aligncenter size-full wp-image-378\" alt=\"Oui Oui-arbol navidad ramas-troncos-DIY-arbol navidad diferente (4)\" src=\"https:\/\/oui-oui.es\/blog\/wp-content\/uploads\/oui-oui-arbol-navidad-ramas-troncos-diy-arbol-navidad-diferente-4.jpg\" width=\"529\" height=\"708\" srcset=\"https:\/\/oui-oui.es\/blog\/wp-content\/uploads\/oui-oui-arbol-navidad-ramas-troncos-diy-arbol-navidad-diferente-4.jpg 1936w, https:\/\/oui-oui.es\/blog\/wp-content\/uploads\/oui-oui-arbol-navidad-ramas-troncos-diy-arbol-navidad-diferente-4-224x300.jpg 224w, https:\/\/oui-oui.es\/blog\/wp-content\/uploads\/oui-oui-arbol-navidad-ramas-troncos-diy-arbol-navidad-diferente-4-764x1024.jpg 764w\" sizes=\"auto, (max-width: 529px) 100vw, 529px\" \/><\/a><\/p>\n<p style=\"text-align:center;\">Hace una semana escrib\u00eda sobre <a href=\"http:\/\/ouiouiblog.wordpress.com\/2012\/12\/03\/pensando-ya-en-el-arbol-de-navidad\/\" target=\"_blank\" rel=\"noopener noreferrer\">formas diferentes de crear y decorar \u00e1rboles de navidad<\/a>, m\u00e1s all\u00e1 del natural de toda la vida. La <strong>idea<\/strong> de este a\u00f1o era hacer un <strong>\u00e1rbol con troncos<\/strong>, pues estamos <strong>en la sierra<\/strong> y era lo m\u00e1s apropiado adem\u00e1s de <strong>f\u00e1cil de conseguir<\/strong>.<\/p>\n<p style=\"text-align:center;\"><a href=\"https:\/\/oui-oui.es\/blog\/wp-content\/uploads\/oui-oui-arbol-navidad-ramas-troncos-diy-arbol-navidad-diferente-3.jpg\"><img loading=\"lazy\" decoding=\"async\" class=\"aligncenter size-full wp-image-377\" alt=\"Oui Oui-arbol navidad ramas-troncos-DIY-arbol navidad diferente (3)\" src=\"https:\/\/oui-oui.es\/blog\/wp-content\/uploads\/oui-oui-arbol-navidad-ramas-troncos-diy-arbol-navidad-diferente-3.jpg\" width=\"529\" height=\"708\" srcset=\"https:\/\/oui-oui.es\/blog\/wp-content\/uploads\/oui-oui-arbol-navidad-ramas-troncos-diy-arbol-navidad-diferente-3.jpg 1936w, https:\/\/oui-oui.es\/blog\/wp-content\/uploads\/oui-oui-arbol-navidad-ramas-troncos-diy-arbol-navidad-diferente-3-224x300.jpg 224w, https:\/\/oui-oui.es\/blog\/wp-content\/uploads\/oui-oui-arbol-navidad-ramas-troncos-diy-arbol-navidad-diferente-3-764x1024.jpg 764w\" sizes=\"auto, (max-width: 529px) 100vw, 529px\" \/><\/a><\/p>\n<p style=\"text-align:center;\">Hoy lo hemos montado y decorado (sacando las innumerables cajas que tiene mi madre de <strong>decoraci\u00f3n navide\u00f1a<\/strong>, por <strong>estilos, colores, tama\u00f1os&#8230;Podr\u00edamos montar una tienda de adornos!!).<\/strong><\/p>\n<p style=\"text-align:center;\"><a href=\"https:\/\/oui-oui.es\/blog\/wp-content\/uploads\/oui-oui-arbol-navidad-ramas-troncos-diy-arbol-navidad-diferente-5.jpg\"><img loading=\"lazy\" decoding=\"async\" class=\"aligncenter size-full wp-image-379\" alt=\"Oui Oui-arbol navidad ramas-troncos-DIY-arbol navidad diferente (5)\" src=\"https:\/\/oui-oui.es\/blog\/wp-content\/uploads\/oui-oui-arbol-navidad-ramas-troncos-diy-arbol-navidad-diferente-5.jpg\" width=\"529\" height=\"708\" srcset=\"https:\/\/oui-oui.es\/blog\/wp-content\/uploads\/oui-oui-arbol-navidad-ramas-troncos-diy-arbol-navidad-diferente-5.jpg 1936w, https:\/\/oui-oui.es\/blog\/wp-content\/uploads\/oui-oui-arbol-navidad-ramas-troncos-diy-arbol-navidad-diferente-5-224x300.jpg 224w, https:\/\/oui-oui.es\/blog\/wp-content\/uploads\/oui-oui-arbol-navidad-ramas-troncos-diy-arbol-navidad-diferente-5-764x1024.jpg 764w\" sizes=\"auto, (max-width: 529px) 100vw, 529px\" \/><\/a><\/p>\n<p style=\"text-align:center;\">He escogido los <strong>adornos de lana<\/strong>; <strong>estrellas, corazones y manoplas con estampados de jersey de monta\u00f1a<\/strong>, s\u00f3lo falta que nieve!<\/p>\n<p style=\"text-align:center;\"><a href=\"https:\/\/oui-oui.es\/blog\/wp-content\/uploads\/oui-oui-arbol-navidad-ramas-troncos-diy-arbol-navidad-diferente-2.jpg\"><img loading=\"lazy\" decoding=\"async\" class=\"aligncenter size-full wp-image-376\" alt=\"Oui Oui-arbol navidad ramas-troncos-DIY-arbol navidad diferente (2)\" src=\"https:\/\/oui-oui.es\/blog\/wp-content\/uploads\/oui-oui-arbol-navidad-ramas-troncos-diy-arbol-navidad-diferente-2.jpg\" width=\"529\" height=\"708\" srcset=\"https:\/\/oui-oui.es\/blog\/wp-content\/uploads\/oui-oui-arbol-navidad-ramas-troncos-diy-arbol-navidad-diferente-2.jpg 1936w, https:\/\/oui-oui.es\/blog\/wp-content\/uploads\/oui-oui-arbol-navidad-ramas-troncos-diy-arbol-navidad-diferente-2-224x300.jpg 224w, https:\/\/oui-oui.es\/blog\/wp-content\/uploads\/oui-oui-arbol-navidad-ramas-troncos-diy-arbol-navidad-diferente-2-764x1024.jpg 764w\" sizes=\"auto, (max-width: 529px) 100vw, 529px\" \/><\/a><\/p>\n<p style=\"text-align:center;\">Y he inclu\u00eddo <strong>mi pomp\u00f3n de lana de toda la vida<\/strong>, el que no falta ning\u00fan a\u00f1o, el pomp\u00f3n que hice en el cole hace unos 26 a\u00f1os m\u00e1s o menos&#8230;<\/p>\n<p style=\"text-align:center;\"><a href=\"https:\/\/oui-oui.es\/blog\/wp-content\/uploads\/oui-oui-arbol-navidad-ramas-troncos-diy-arbol-navidad-diferente-6.jpg\"><img loading=\"lazy\" decoding=\"async\" class=\"aligncenter size-full wp-image-380\" alt=\"Oui Oui-arbol navidad ramas-troncos-DIY-arbol navidad diferente (6)\" src=\"https:\/\/oui-oui.es\/blog\/wp-content\/uploads\/oui-oui-arbol-navidad-ramas-troncos-diy-arbol-navidad-diferente-6.jpg\" width=\"529\" height=\"708\" srcset=\"https:\/\/oui-oui.es\/blog\/wp-content\/uploads\/oui-oui-arbol-navidad-ramas-troncos-diy-arbol-navidad-diferente-6.jpg 1936w, https:\/\/oui-oui.es\/blog\/wp-content\/uploads\/oui-oui-arbol-navidad-ramas-troncos-diy-arbol-navidad-diferente-6-224x300.jpg 224w, https:\/\/oui-oui.es\/blog\/wp-content\/uploads\/oui-oui-arbol-navidad-ramas-troncos-diy-arbol-navidad-diferente-6-764x1024.jpg 764w\" sizes=\"auto, (max-width: 529px) 100vw, 529px\" \/><\/a><\/p>\n<p style=\"text-align:center;\">Despu\u00e9s mi padre ha hecho una <strong>estrella con palitos<\/strong> que ha quedado fenomenal<\/p>\n<p style=\"text-align:center;\"><a href=\"https:\/\/oui-oui.es\/blog\/wp-content\/uploads\/oui-oui-arbol-navidad-ramas-troncos-diy-arbol-navidad-diferente-7.jpg\"><img loading=\"lazy\" decoding=\"async\" class=\"aligncenter size-full wp-image-381\" alt=\"Oui Oui-arbol navidad ramas-troncos-DIY-arbol navidad diferente (7)\" src=\"https:\/\/oui-oui.es\/blog\/wp-content\/uploads\/oui-oui-arbol-navidad-ramas-troncos-diy-arbol-navidad-diferente-7.jpg\" width=\"529\" height=\"708\" srcset=\"https:\/\/oui-oui.es\/blog\/wp-content\/uploads\/oui-oui-arbol-navidad-ramas-troncos-diy-arbol-navidad-diferente-7.jpg 1936w, https:\/\/oui-oui.es\/blog\/wp-content\/uploads\/oui-oui-arbol-navidad-ramas-troncos-diy-arbol-navidad-diferente-7-224x300.jpg 224w, https:\/\/oui-oui.es\/blog\/wp-content\/uploads\/oui-oui-arbol-navidad-ramas-troncos-diy-arbol-navidad-diferente-7-764x1024.jpg 764w\" sizes=\"auto, (max-width: 529px) 100vw, 529px\" \/><\/a><\/p>\n<p style=\"text-align:center;\">Ma\u00f1ana nos pondremos con el resto de la decoraci\u00f3n y con la <strong><a href=\"http:\/\/ouiouiblog.wordpress.com\/2012\/12\/11\/una-mesa-de-postres-para-navidad\/\" target=\"_blank\" rel=\"noopener noreferrer\">mesa de dulces!<\/a><\/strong><\/p>\n<p style=\"text-align:center;\">Os ha gustado?<\/p>\n<p style=\"text-align:center;\"><a href=\"https:\/\/oui-oui.es\/blog\/wp-content\/uploads\/oui-oui-arbol-navidad-ramas-troncos-diy-arbol-navidad-diferente-1.jpg\"><img loading=\"lazy\" decoding=\"async\" class=\"aligncenter size-full wp-image-375\" alt=\"Oui Oui-arbol navidad ramas-troncos-DIY-arbol navidad diferente (1)\" src=\"https:\/\/oui-oui.es\/blog\/wp-content\/uploads\/oui-oui-arbol-navidad-ramas-troncos-diy-arbol-navidad-diferente-1.jpg\" width=\"529\" height=\"708\" srcset=\"https:\/\/oui-oui.es\/blog\/wp-content\/uploads\/oui-oui-arbol-navidad-ramas-troncos-diy-arbol-navidad-diferente-1.jpg 1936w, https:\/\/oui-oui.es\/blog\/wp-content\/uploads\/oui-oui-arbol-navidad-ramas-troncos-diy-arbol-navidad-diferente-1-224x300.jpg 224w, https:\/\/oui-oui.es\/blog\/wp-content\/uploads\/oui-oui-arbol-navidad-ramas-troncos-diy-arbol-navidad-diferente-1-764x1024.jpg 764w\" sizes=\"auto, (max-width: 529px) 100vw, 529px\" \/><\/a><\/p>\n<p style=\"text-align:center;\"><strong>Feliz Navidad a todos!!<\/strong><\/p>\n","protected":false},"excerpt":{"rendered":"<p>Hace una semana escrib\u00eda sobre formas diferentes de crear y decorar \u00e1rboles de navidad, m\u00e1s all\u00e1 del natural de toda la vida. La idea de este a\u00f1o era hacer un \u00e1rbol con troncos, pues estamos en la sierra y era lo m\u00e1s apropiado adem\u00e1s de f\u00e1cil de conseguir. Hoy lo hemos montado y decorado (sacando [&hellip;]<\/p>\n","protected":false},"author":1,"featured_media":378,"comment_status":"open","ping_status":"open","sticky":false,"template":"","format":"standard","meta":{"jetpack_post_was_ever_published":false,"_jetpack_newsletter_access":"","_jetpack_dont_email_post_to_subs":false,"_jetpack_newsletter_tier_id":0,"_jetpack_memberships_contains_paywalled_content":false,"_jetpack_memberships_contains_paid_content":false,"footnotes":"","jetpack_publicize_message":"","jetpack_publicize_feature_enabled":true,"jetpack_social_post_already_shared":true,"jetpack_social_options":{"image_generator_settings":{"template":"highway","default_image_id":0,"font":"","enabled":false},"version":2}},"categories":[892],"tags":[86,584],"class_list":["post-374","post","type-post","status-publish","format-standard","has-post-thumbnail","hentry","category-navidad","tag-diy","tag-navidad-2"],"aioseo_notices":[],"jetpack_publicize_connections":[],"jetpack_featured_media_url":"https:\/\/oui-oui.es\/blog\/wp-content\/uploads\/oui-oui-arbol-navidad-ramas-troncos-diy-arbol-navidad-diferente-4.jpg","jetpack_sharing_enabled":true,"jetpack-related-posts":[{"id":230,"url":"https:\/\/oui-oui.es\/blog\/pensando-ya-en-el-arbol-de-navidad\/","url_meta":{"origin":374,"position":0},"title":"Pensando ya en el \u00e1rbol de Navidad","author":"Mar\u00eda \u2665Oui Oui\u2665","date":"3 diciembre, 2012","format":false,"excerpt":"Cada vez me gusta m\u00e1s la idea de tener un \u00e1rbol de navidad diferente y que ocupe poco, es m\u00e1s, cada vez me gustan m\u00e1s los \u00e1rboles de Navidad de pared. El a\u00f1o pasado opt\u00e9 por la versi\u00f3n \u00e1rbol de post-it y este a\u00f1o a\u00fan lo estoy pensando. Acabo de\u2026","rel":"","context":"En \u00abDECORACI\u00d3N\u00bb","block_context":{"text":"DECORACI\u00d3N","link":"https:\/\/oui-oui.es\/blog\/category\/decoracion-de-casa\/"},"img":{"alt_text":"","src":"https:\/\/i0.wp.com\/oui-oui.es\/blog\/wp-content\/uploads\/oui-oui-ideas-originales-arbol-navidad.jpg?resize=350%2C200&ssl=1","width":350,"height":200},"classes":[]},{"id":3777,"url":"https:\/\/oui-oui.es\/blog\/empezamos-a-decorar-la-navidad\/","url_meta":{"origin":374,"position":1},"title":"\u00bfEmpezamos a decorar la Navidad?","author":"Mar\u00eda \u2665Oui Oui\u2665","date":"19 noviembre, 2015","format":false,"excerpt":"Tradicionalmente he empezado a decorar la casa en el puente de diciembre (cuando no estaba esquiando los \u00faltimos a\u00f1os), pero ya me pas\u00f3 el a\u00f1o pasado que, como pasamos varios d\u00edas de Navidad fuera de Madrid, me aprece que \"no he vivido\" la Navidad en casa lo suficiente...As\u00ed que ayer\u2026","rel":"","context":"En \u00abNavidad\u00bb","block_context":{"text":"Navidad","link":"https:\/\/oui-oui.es\/blog\/category\/fiestas-celebraciones\/navidad\/"},"img":{"alt_text":"","src":"https:\/\/i0.wp.com\/oui-oui.es\/blog\/wp-content\/uploads\/2015\/11\/Oui-Oui-arbol-navidad-ramas-arbol-navidad-troncos-colgador-christmas.jpg?resize=350%2C200&ssl=1","width":350,"height":200,"srcset":"https:\/\/i0.wp.com\/oui-oui.es\/blog\/wp-content\/uploads\/2015\/11\/Oui-Oui-arbol-navidad-ramas-arbol-navidad-troncos-colgador-christmas.jpg?resize=350%2C200&ssl=1 1x, https:\/\/i0.wp.com\/oui-oui.es\/blog\/wp-content\/uploads\/2015\/11\/Oui-Oui-arbol-navidad-ramas-arbol-navidad-troncos-colgador-christmas.jpg?resize=525%2C300&ssl=1 1.5x"},"classes":[]},{"id":286,"url":"https:\/\/oui-oui.es\/blog\/una-mesa-de-postres-para-navidad\/","url_meta":{"origin":374,"position":2},"title":"Una mesa de postres para Navidad","author":"Mar\u00eda \u2665Oui Oui\u2665","date":"11 diciembre, 2012","format":false,"excerpt":"Estas Navidades pasaremos Nochebuena en la sierra, pero como subiremos el viernes es como si la Navidad empezase el 21, ese fin de semana decoraremos, haremos el \u00e1rbol, cocinaremos...Todos juntos para que todo est\u00e9 listo para Nochebuena y Navidad. As\u00ed que, con tiempo por delante, una de las cosas que\u2026","rel":"","context":"En \u00abDECORACI\u00d3N\u00bb","block_context":{"text":"DECORACI\u00d3N","link":"https:\/\/oui-oui.es\/blog\/category\/decoracion-de-casa\/"},"img":{"alt_text":"","src":"https:\/\/i0.wp.com\/oui-oui.es\/blog\/wp-content\/uploads\/oui-oui-navidad-rustica-chic.jpg?resize=350%2C200&ssl=1","width":350,"height":200},"classes":[]},{"id":387,"url":"https:\/\/oui-oui.es\/blog\/navidades-hasta-el-ano-que-viene\/","url_meta":{"origin":374,"position":3},"title":"Navidades&#8230;hasta el a\u00f1o que viene!","author":"Mar\u00eda \u2665Oui Oui\u2665","date":"9 enero, 2013","format":false,"excerpt":"Se me ha echado el tiempo encima, entre montar la tienda online, el \u00e9xito de las puertas del Ratoncito P\u00e9rez\u00a0...No he dado abasto para poder escribir en el blog, pasan los d\u00edas y, aunque tengo el blog planner regalo de Superyuppies , que me est\u00e1 ayudando mucho, a\u00fan tengo que\u2026","rel":"","context":"En \u00abNavidad\u00bb","block_context":{"text":"Navidad","link":"https:\/\/oui-oui.es\/blog\/category\/fiestas-celebraciones\/navidad\/"},"img":{"alt_text":"","src":"https:\/\/i0.wp.com\/oui-oui.es\/blog\/wp-content\/uploads\/oui-oui-camion-pino-navidad-adios-navidad.jpg?resize=350%2C200&ssl=1","width":350,"height":200},"classes":[]},{"id":1713,"url":"https:\/\/oui-oui.es\/blog\/ideas-de-christmas-con-bebes\/","url_meta":{"origin":374,"position":4},"title":"Ideas de Christmas con beb\u00e9s","author":"Mar\u00eda \u2665Oui Oui\u2665","date":"20 noviembre, 2014","format":false,"excerpt":"El a\u00f1o pasado, nuestras primeras navidades con Mart\u00edn, enviamos un christma con un dibujo 8al m\u00e1s puro estilo de las tres mellizas) de los tres delante de una chimenea, est\u00e1 mal que yo lo diga pero qued\u00f3 mon\u00edsimo (y ahora que lo pienso creo que no nos quedamos con uno!\u2026","rel":"","context":"En \u00abMATERNIDAD\u00bb","block_context":{"text":"MATERNIDAD","link":"https:\/\/oui-oui.es\/blog\/category\/maternidad\/"},"img":{"alt_text":"","src":"https:\/\/i0.wp.com\/oui-oui.es\/blog\/wp-content\/uploads\/2014\/11\/oui-oui-ideas-fotos-bebe-navidad-elena-bau.jpg?resize=350%2C200&ssl=1","width":350,"height":200,"srcset":"https:\/\/i0.wp.com\/oui-oui.es\/blog\/wp-content\/uploads\/2014\/11\/oui-oui-ideas-fotos-bebe-navidad-elena-bau.jpg?resize=350%2C200&ssl=1 1x, https:\/\/i0.wp.com\/oui-oui.es\/blog\/wp-content\/uploads\/2014\/11\/oui-oui-ideas-fotos-bebe-navidad-elena-bau.jpg?resize=525%2C300&ssl=1 1.5x, https:\/\/i0.wp.com\/oui-oui.es\/blog\/wp-content\/uploads\/2014\/11\/oui-oui-ideas-fotos-bebe-navidad-elena-bau.jpg?resize=700%2C400&ssl=1 2x, https:\/\/i0.wp.com\/oui-oui.es\/blog\/wp-content\/uploads\/2014\/11\/oui-oui-ideas-fotos-bebe-navidad-elena-bau.jpg?resize=1050%2C600&ssl=1 3x, https:\/\/i0.wp.com\/oui-oui.es\/blog\/wp-content\/uploads\/2014\/11\/oui-oui-ideas-fotos-bebe-navidad-elena-bau.jpg?resize=1400%2C800&ssl=1 4x"},"classes":[]},{"id":4949,"url":"https:\/\/oui-oui.es\/blog\/los-jerseys-de-navidad\/","url_meta":{"origin":374,"position":5},"title":"Los jerseys de Navidad","author":"Mar\u00eda \u2665Oui Oui\u2665","date":"30 noviembre, 2016","format":false,"excerpt":"Los\u00a0 jers\u00e9ys navide\u00f1os o jumper christmas son esos divertidos jers\u00e9is con motivos navide\u00f1os que conocimos gracias a Marc Darcy en Bridget Jones Pero que en los \u00faltimos a\u00f1os se han popularizado en nuestro pa\u00eds, los tienes con nariz de reno en 3D, con cascabeles, y hasta con luces. Aqu\u00ed tienes\u2026","rel":"","context":"En \u00abFIESTAS y CELEBRACIONES\u00bb","block_context":{"text":"FIESTAS y CELEBRACIONES","link":"https:\/\/oui-oui.es\/blog\/category\/fiestas-celebraciones\/"},"img":{"alt_text":"","src":"https:\/\/i0.wp.com\/oui-oui.es\/blog\/wp-content\/uploads\/2016\/11\/Oui-Oui-etiquetas-regalo-jerseys-navide%C3%B1os-jumper-christmas-gift-tag.jpg?resize=350%2C200&ssl=1","width":350,"height":200,"srcset":"https:\/\/i0.wp.com\/oui-oui.es\/blog\/wp-content\/uploads\/2016\/11\/Oui-Oui-etiquetas-regalo-jerseys-navide%C3%B1os-jumper-christmas-gift-tag.jpg?resize=350%2C200&ssl=1 1x, https:\/\/i0.wp.com\/oui-oui.es\/blog\/wp-content\/uploads\/2016\/11\/Oui-Oui-etiquetas-regalo-jerseys-navide%C3%B1os-jumper-christmas-gift-tag.jpg?resize=525%2C300&ssl=1 1.5x, https:\/\/i0.wp.com\/oui-oui.es\/blog\/wp-content\/uploads\/2016\/11\/Oui-Oui-etiquetas-regalo-jerseys-navide%C3%B1os-jumper-christmas-gift-tag.jpg?resize=700%2C400&ssl=1 2x"},"classes":[]}],"_links":{"self":[{"href":"https:\/\/oui-oui.es\/blog\/wp-json\/wp\/v2\/posts\/374","targetHints":{"allow":["GET"]}}],"collection":[{"href":"https:\/\/oui-oui.es\/blog\/wp-json\/wp\/v2\/posts"}],"about":[{"href":"https:\/\/oui-oui.es\/blog\/wp-json\/wp\/v2\/types\/post"}],"author":[{"embeddable":true,"href":"https:\/\/oui-oui.es\/blog\/wp-json\/wp\/v2\/users\/1"}],"replies":[{"embeddable":true,"href":"https:\/\/oui-oui.es\/blog\/wp-json\/wp\/v2\/comments?post=374"}],"version-history":[{"count":1,"href":"https:\/\/oui-oui.es\/blog\/wp-json\/wp\/v2\/posts\/374\/revisions"}],"predecessor-version":[{"id":10530,"href":"https:\/\/oui-oui.es\/blog\/wp-json\/wp\/v2\/posts\/374\/revisions\/10530"}],"wp:featuredmedia":[{"embeddable":true,"href":"https:\/\/oui-oui.es\/blog\/wp-json\/wp\/v2\/media\/378"}],"wp:attachment":[{"href":"https:\/\/oui-oui.es\/blog\/wp-json\/wp\/v2\/media?parent=374"}],"wp:term":[{"taxonomy":"category","embeddable":true,"href":"https:\/\/oui-oui.es\/blog\/wp-json\/wp\/v2\/categories?post=374"},{"taxonomy":"post_tag","embeddable":true,"href":"https:\/\/oui-oui.es\/blog\/wp-json\/wp\/v2\/tags?post=374"}],"curies":[{"name":"wp","href":"https:\/\/api.w.org\/{rel}","templated":true}]}}