{"id":3794,"date":"2015-11-23T00:01:08","date_gmt":"2015-11-22T22:01:08","guid":{"rendered":"https:\/\/oui-oui.es\/blog\/?p=3794"},"modified":"2015-11-22T15:42:02","modified_gmt":"2015-11-22T13:42:02","slug":"mas-descubrimientos-para-frida","status":"publish","type":"post","link":"https:\/\/oui-oui.es\/blog\/mas-descubrimientos-para-frida\/","title":{"rendered":"M\u00e1s descubrimientos para Frida"},"content":{"rendered":"<p>Sin darme cuenta, la forma m\u00e1s organizada de aglutinar<strong> todo lo que encuentro que me gusta para Frida<\/strong> es el blog, as\u00ed lo dejo escrito, con su fotito y su link, y cuando quiero repasar tengo todo en la misma etiqueta (\u00a1ay lo que han hecho las <em>etiquetas<\/em> por m\u00ed!). As\u00ed que aqu\u00ed van mis \u00faltimos caprichines para Frida<\/p>\n<p>Una <strong>mantita cig\u00fce\u00f1a<\/strong> (aunque me gusta m\u00e1s llamarla mantita cisne, pero es que tambi\u00e9n tiene otro modelo cisne), de <a href=\"http:\/\/colettebream.bigcartel.com\/product\/stork-blanket\" target=\"_blank\">Colette Bream<\/a><\/p>\n<p><img loading=\"lazy\" decoding=\"async\" class=\"aligncenter size-full wp-image-3795\" src=\"https:\/\/oui-oui.es\/blog\/wp-content\/uploads\/2015\/11\/Oui-Oui-mantita-cig\u00fce\u00f1a-colette-bream.jpg\" alt=\"Oui Oui-mantita cig\u00fce\u00f1a-colette bream\" width=\"1000\" height=\"794\" srcset=\"https:\/\/oui-oui.es\/blog\/wp-content\/uploads\/2015\/11\/Oui-Oui-mantita-cig\u00fce\u00f1a-colette-bream.jpg 1000w, https:\/\/oui-oui.es\/blog\/wp-content\/uploads\/2015\/11\/Oui-Oui-mantita-cig\u00fce\u00f1a-colette-bream-300x238.jpg 300w, https:\/\/oui-oui.es\/blog\/wp-content\/uploads\/2015\/11\/Oui-Oui-mantita-cig\u00fce\u00f1a-colette-bream-600x476.jpg 600w\" sizes=\"auto, (max-width: 1000px) 100vw, 1000px\" \/><\/p>\n<p><img loading=\"lazy\" decoding=\"async\" class=\"aligncenter size-full wp-image-3796\" src=\"https:\/\/oui-oui.es\/blog\/wp-content\/uploads\/2015\/11\/Oui-Oui-mantita-cig\u00fce\u00f1a-lana-colette-bream.jpg\" alt=\"Oui Oui-mantita cig\u00fce\u00f1a-lana-colette bream\" width=\"1000\" height=\"794\" srcset=\"https:\/\/oui-oui.es\/blog\/wp-content\/uploads\/2015\/11\/Oui-Oui-mantita-cig\u00fce\u00f1a-lana-colette-bream.jpg 1000w, https:\/\/oui-oui.es\/blog\/wp-content\/uploads\/2015\/11\/Oui-Oui-mantita-cig\u00fce\u00f1a-lana-colette-bream-300x238.jpg 300w, https:\/\/oui-oui.es\/blog\/wp-content\/uploads\/2015\/11\/Oui-Oui-mantita-cig\u00fce\u00f1a-lana-colette-bream-600x476.jpg 600w\" sizes=\"auto, (max-width: 1000px) 100vw, 1000px\" \/><\/p>\n<p><img loading=\"lazy\" decoding=\"async\" class=\"aligncenter size-full wp-image-3797\" src=\"https:\/\/oui-oui.es\/blog\/wp-content\/uploads\/2015\/11\/Oui-Oui-mantita-cisne-colette-bream.jpg\" alt=\"Oui Oui-mantita cisne-colette bream\" width=\"1000\" height=\"794\" srcset=\"https:\/\/oui-oui.es\/blog\/wp-content\/uploads\/2015\/11\/Oui-Oui-mantita-cisne-colette-bream.jpg 1000w, https:\/\/oui-oui.es\/blog\/wp-content\/uploads\/2015\/11\/Oui-Oui-mantita-cisne-colette-bream-300x238.jpg 300w, https:\/\/oui-oui.es\/blog\/wp-content\/uploads\/2015\/11\/Oui-Oui-mantita-cisne-colette-bream-600x476.jpg 600w\" sizes=\"auto, (max-width: 1000px) 100vw, 1000px\" \/><\/p>\n<p>Su nombre hecho de <strong>alambre forrado con tela Liberty<\/strong>, de <a href=\"http:\/\/lesfils.com\/es\/\" target=\"_blank\">Les Fils<\/a><\/p>\n<p><img loading=\"lazy\" decoding=\"async\" class=\"aligncenter size-large wp-image-3799\" src=\"https:\/\/oui-oui.es\/blog\/wp-content\/uploads\/2015\/11\/Oui-Oui-nombre-bebe-en-alambre-con-tela-liberty-les-fils-1024x1017.jpg\" alt=\"Oui Oui-nombre bebe en alambre con tela liberty-les fils\" width=\"1024\" height=\"1017\" srcset=\"https:\/\/oui-oui.es\/blog\/wp-content\/uploads\/2015\/11\/Oui-Oui-nombre-bebe-en-alambre-con-tela-liberty-les-fils-1024x1017.jpg 1024w, https:\/\/oui-oui.es\/blog\/wp-content\/uploads\/2015\/11\/Oui-Oui-nombre-bebe-en-alambre-con-tela-liberty-les-fils-150x150.jpg 150w, https:\/\/oui-oui.es\/blog\/wp-content\/uploads\/2015\/11\/Oui-Oui-nombre-bebe-en-alambre-con-tela-liberty-les-fils-300x298.jpg 300w, https:\/\/oui-oui.es\/blog\/wp-content\/uploads\/2015\/11\/Oui-Oui-nombre-bebe-en-alambre-con-tela-liberty-les-fils-600x596.jpg 600w, https:\/\/oui-oui.es\/blog\/wp-content\/uploads\/2015\/11\/Oui-Oui-nombre-bebe-en-alambre-con-tela-liberty-les-fils.jpg 1125w\" sizes=\"auto, (max-width: 1024px) 100vw, 1024px\" \/><\/p>\n<p>Tenemos varias <strong>capas de ba\u00f1o<\/strong> de Mart\u00edn, pero me gustar\u00eda que Frida tuviera al menos una suya, creo que se lo voy a pedir a mi abuela para que tenga un recuedo de su <em>bisa<\/em>, y me ha gustado la idea de que <strong>tenga orejitas<\/strong>, como \u00e9sta de <strong><a href=\"http:\/\/elodiedetails.com\/es\/tienda\/para-casa\/capa-de-bao\/286\/capa-de-bao-marble-grey\" target=\"_blank\">Elodie Details<\/a><\/strong><\/p>\n<p><img loading=\"lazy\" decoding=\"async\" class=\"aligncenter size-large wp-image-3800\" src=\"https:\/\/oui-oui.es\/blog\/wp-content\/uploads\/2015\/11\/Oui-Oui-capa-de-ba\u00f1o-con-orejitas-gris-elodie-details-883x1024.jpg\" alt=\"Oui Oui-capa de ba\u00f1o con orejitas-gris-elodie details\" width=\"883\" height=\"1024\" srcset=\"https:\/\/oui-oui.es\/blog\/wp-content\/uploads\/2015\/11\/Oui-Oui-capa-de-ba\u00f1o-con-orejitas-gris-elodie-details-883x1024.jpg 883w, https:\/\/oui-oui.es\/blog\/wp-content\/uploads\/2015\/11\/Oui-Oui-capa-de-ba\u00f1o-con-orejitas-gris-elodie-details-259x300.jpg 259w, https:\/\/oui-oui.es\/blog\/wp-content\/uploads\/2015\/11\/Oui-Oui-capa-de-ba\u00f1o-con-orejitas-gris-elodie-details-600x696.jpg 600w, https:\/\/oui-oui.es\/blog\/wp-content\/uploads\/2015\/11\/Oui-Oui-capa-de-ba\u00f1o-con-orejitas-gris-elodie-details.jpg 948w\" sizes=\"auto, (max-width: 883px) 100vw, 883px\" \/><\/p>\n<p>Y trasteando en <strong>Elodie Details<\/strong> he encontrado este <strong><a href=\"https:\/\/www.tutete.com\/tienda\/es\/67_alimentacion\/171_baberos\/10764_ed-babero-golden-wing-con-mangas.html\" target=\"_blank\">babero dorado con alitas<\/a><\/strong> que me ha parecido gracios\u00edsimo para Frida!, adem\u00e1s lo venden en Espa\u00f1a en <a href=\"https:\/\/www.tutete.com\/tienda\/es\/67_alimentacion\/171_baberos\/10764_ed-babero-golden-wing-con-mangas.html\" target=\"_blank\">TuTete<\/a> , ah\u00ed lo dejo&#8230; \ud83d\ude09<\/p>\n<p><img loading=\"lazy\" decoding=\"async\" class=\"aligncenter size-full wp-image-3798\" src=\"https:\/\/oui-oui.es\/blog\/wp-content\/uploads\/2015\/11\/Oui-Oui-babero-dorado-con-alas-elodie-details.jpg\" alt=\"Oui Oui-babero dorado con alas-elodie details\" width=\"500\" height=\"417\" srcset=\"https:\/\/oui-oui.es\/blog\/wp-content\/uploads\/2015\/11\/Oui-Oui-babero-dorado-con-alas-elodie-details.jpg 500w, https:\/\/oui-oui.es\/blog\/wp-content\/uploads\/2015\/11\/Oui-Oui-babero-dorado-con-alas-elodie-details-300x250.jpg 300w\" sizes=\"auto, (max-width: 500px) 100vw, 500px\" \/><\/p>\n<p>Seguir\u00e9 buscando cositas \ud83d\ude09<\/p>\n","protected":false},"excerpt":{"rendered":"<p>Sin darme cuenta, la forma m\u00e1s organizada de aglutinar todo lo que encuentro que me gusta para Frida es el blog, as\u00ed lo dejo escrito, con su fotito y su link, y cuando quiero repasar tengo todo en la misma etiqueta (\u00a1ay lo que han hecho las etiquetas por m\u00ed!). As\u00ed que aqu\u00ed van mis [&hellip;]<\/p>\n","protected":false},"author":1,"featured_media":3797,"comment_status":"open","ping_status":"open","sticky":false,"template":"","format":"standard","meta":{"jetpack_post_was_ever_published":false,"_jetpack_newsletter_access":"","_jetpack_dont_email_post_to_subs":false,"_jetpack_newsletter_tier_id":0,"_jetpack_memberships_contains_paywalled_content":false,"_jetpack_memberships_contains_paid_content":false,"footnotes":"","jetpack_publicize_message":"","jetpack_publicize_feature_enabled":true,"jetpack_social_post_already_shared":true,"jetpack_social_options":{"image_generator_settings":{"template":"highway","default_image_id":0,"font":"","enabled":false},"version":2}},"categories":[535],"tags":[700,711],"class_list":["post-3794","post","type-post","status-publish","format-standard","has-post-thumbnail","hentry","category-maternidad","tag-compras-bebe","tag-wishlist"],"aioseo_notices":[],"jetpack_publicize_connections":[],"jetpack_featured_media_url":"https:\/\/oui-oui.es\/blog\/wp-content\/uploads\/2015\/11\/Oui-Oui-mantita-cisne-colette-bream.jpg","jetpack_sharing_enabled":true,"jetpack-related-posts":[{"id":3915,"url":"https:\/\/oui-oui.es\/blog\/iv-wishlist-de-frida\/","url_meta":{"origin":3794,"position":0},"title":"IV Wishlist de Frida ;)","author":"Mar\u00eda \u2665Oui Oui\u2665","date":"20 enero, 2016","format":false,"excerpt":"Este fin de semana hemos organizado casi todo para la llegada de Frida, as\u00ed que voy viendo m\u00e1s claro las cosas que le faltan y alg\u00fan caprichito que quiero darle(me). Como el m\u00f3vil de cisne y plumas de Vanessa Byrne que me tiene enamorada, absolutamente delicado... La mini butaca Enmanuelle\u2026","rel":"","context":"En \u00abMATERNIDAD\u00bb","block_context":{"text":"MATERNIDAD","link":"https:\/\/oui-oui.es\/blog\/category\/maternidad\/"},"img":{"alt_text":"","src":"https:\/\/i0.wp.com\/oui-oui.es\/blog\/wp-content\/uploads\/2016\/01\/Oui-Oui-wishlist-frida-m%C3%B3bil-cuna-plumas-y-cisne.jpg?resize=350%2C200&ssl=1","width":350,"height":200,"srcset":"https:\/\/i0.wp.com\/oui-oui.es\/blog\/wp-content\/uploads\/2016\/01\/Oui-Oui-wishlist-frida-m%C3%B3bil-cuna-plumas-y-cisne.jpg?resize=350%2C200&ssl=1 1x, https:\/\/i0.wp.com\/oui-oui.es\/blog\/wp-content\/uploads\/2016\/01\/Oui-Oui-wishlist-frida-m%C3%B3bil-cuna-plumas-y-cisne.jpg?resize=525%2C300&ssl=1 1.5x, https:\/\/i0.wp.com\/oui-oui.es\/blog\/wp-content\/uploads\/2016\/01\/Oui-Oui-wishlist-frida-m%C3%B3bil-cuna-plumas-y-cisne.jpg?resize=700%2C400&ssl=1 2x"},"classes":[]},{"id":4286,"url":"https:\/\/oui-oui.es\/blog\/un-cisne-en-la-habitacion\/","url_meta":{"origin":3794,"position":1},"title":"Un cisne en la habitaci\u00f3n","author":"Mar\u00eda \u2665Oui Oui\u2665","date":"11 mayo, 2016","format":false,"excerpt":"Hay veces que veo un producto en una feria por el mundo y, aunque tengo claro que lo quiero para Oui Oui, por h o por b se retrasa...Eso pas\u00f3 con la cabeza de cisne de fieltro, desde hace m\u00e1s de un a\u00f1o rondaba en mi cabeza y, cosas el\u2026","rel":"","context":"En \u00abNI\u00d1OS Y NI\u00d1AS\u00bb","block_context":{"text":"NI\u00d1OS Y NI\u00d1AS","link":"https:\/\/oui-oui.es\/blog\/category\/ninos\/"},"img":{"alt_text":"","src":"https:\/\/i0.wp.com\/oui-oui.es\/blog\/wp-content\/uploads\/2016\/05\/Oui-Oui-cabeza-cisne-fieltro-habitaci%C3%B3n-beb%C3%A9-pinterest-cuna-alta.jpg?resize=350%2C200&ssl=1","width":350,"height":200,"srcset":"https:\/\/i0.wp.com\/oui-oui.es\/blog\/wp-content\/uploads\/2016\/05\/Oui-Oui-cabeza-cisne-fieltro-habitaci%C3%B3n-beb%C3%A9-pinterest-cuna-alta.jpg?resize=350%2C200&ssl=1 1x, https:\/\/i0.wp.com\/oui-oui.es\/blog\/wp-content\/uploads\/2016\/05\/Oui-Oui-cabeza-cisne-fieltro-habitaci%C3%B3n-beb%C3%A9-pinterest-cuna-alta.jpg?resize=525%2C300&ssl=1 1.5x"},"classes":[]},{"id":5129,"url":"https:\/\/oui-oui.es\/blog\/oui-oui-loves-mexico-frida\/","url_meta":{"origin":3794,"position":2},"title":"Oui Oui loves M\u00e9xico | Frida","author":"Mar\u00eda \u2665Oui Oui\u2665","date":"13 febrero, 2017","format":false,"excerpt":"Ten\u00eda muchas ganas de lanzar esta nueva secci\u00f3n y no pod\u00eda llamarse de otra forma que FRIDA, una secci\u00f3n en la que plasmar nuestro amor por m\u00e9xico, por su cultura, colores, por su m\u00fasica, gastrono\u00eda e iconograf\u00eda...Desde el comienzo de Oui Oui hemos ido trayendo productos mexicanos gracias a nuestras\u2026","rel":"","context":"En \u00abOUI OUI\u00bb","block_context":{"text":"OUI OUI","link":"https:\/\/oui-oui.es\/blog\/category\/oui-oui\/"},"img":{"alt_text":"","src":"https:\/\/i0.wp.com\/oui-oui.es\/blog\/wp-content\/uploads\/2017\/02\/Oui-Oui-babyshoer-Frida-mexicana-elena-bau-eventos-colorin-10.jpg?resize=350%2C200&ssl=1","width":350,"height":200,"srcset":"https:\/\/i0.wp.com\/oui-oui.es\/blog\/wp-content\/uploads\/2017\/02\/Oui-Oui-babyshoer-Frida-mexicana-elena-bau-eventos-colorin-10.jpg?resize=350%2C200&ssl=1 1x, https:\/\/i0.wp.com\/oui-oui.es\/blog\/wp-content\/uploads\/2017\/02\/Oui-Oui-babyshoer-Frida-mexicana-elena-bau-eventos-colorin-10.jpg?resize=525%2C300&ssl=1 1.5x, https:\/\/i0.wp.com\/oui-oui.es\/blog\/wp-content\/uploads\/2017\/02\/Oui-Oui-babyshoer-Frida-mexicana-elena-bau-eventos-colorin-10.jpg?resize=700%2C400&ssl=1 2x, https:\/\/i0.wp.com\/oui-oui.es\/blog\/wp-content\/uploads\/2017\/02\/Oui-Oui-babyshoer-Frida-mexicana-elena-bau-eventos-colorin-10.jpg?resize=1050%2C600&ssl=1 3x, https:\/\/i0.wp.com\/oui-oui.es\/blog\/wp-content\/uploads\/2017\/02\/Oui-Oui-babyshoer-Frida-mexicana-elena-bau-eventos-colorin-10.jpg?resize=1400%2C800&ssl=1 4x"},"classes":[]},{"id":3890,"url":"https:\/\/oui-oui.es\/blog\/la-iii-wishlist-de-frida\/","url_meta":{"origin":3794,"position":3},"title":"La III Wishlist de Frida!","author":"Mar\u00eda \u2665Oui Oui\u2665","date":"17 diciembre, 2015","format":false,"excerpt":"Parece que me voy animando seg\u00fan se acerca el momento y cada vez veo m\u00e1s cosas que me apetecen para ella y para su rinc\u00f3n de la habitaci\u00f3n (ahora si que siento que tengo que volver a reestructurar un poco la habitaci\u00f3n de Mart\u00edn que ser\u00e1 de los dos!), as\u00ed\u2026","rel":"","context":"En \u00abNI\u00d1OS Y NI\u00d1AS\u00bb","block_context":{"text":"NI\u00d1OS Y NI\u00d1AS","link":"https:\/\/oui-oui.es\/blog\/category\/ninos\/"},"img":{"alt_text":"","src":"https:\/\/i0.wp.com\/oui-oui.es\/blog\/wp-content\/uploads\/2015\/12\/Oui-Oui-wishlist-frida-lamina-dibujo-mrs-miguetto.jpg?resize=350%2C200&ssl=1","width":350,"height":200,"srcset":"https:\/\/i0.wp.com\/oui-oui.es\/blog\/wp-content\/uploads\/2015\/12\/Oui-Oui-wishlist-frida-lamina-dibujo-mrs-miguetto.jpg?resize=350%2C200&ssl=1 1x, https:\/\/i0.wp.com\/oui-oui.es\/blog\/wp-content\/uploads\/2015\/12\/Oui-Oui-wishlist-frida-lamina-dibujo-mrs-miguetto.jpg?resize=525%2C300&ssl=1 1.5x, https:\/\/i0.wp.com\/oui-oui.es\/blog\/wp-content\/uploads\/2015\/12\/Oui-Oui-wishlist-frida-lamina-dibujo-mrs-miguetto.jpg?resize=700%2C400&ssl=1 2x"},"classes":[]},{"id":9602,"url":"https:\/\/oui-oui.es\/blog\/el-tercer-cumple-de-frida\/","url_meta":{"origin":3794,"position":4},"title":"El tercer cumple de Frida","author":"Mar\u00eda \u2665Oui Oui\u2665","date":"12 febrero, 2019","format":false,"excerpt":"El domingo celebramos el tercer cumplea\u00f1os de Frida, cuando lo empezamos a plantear hace meses d\u00ed por hecho que estar\u00edamos en nuestra nueva casa, as\u00ed que pensando en los temas de la fiesta acabamos decidiendo que ser\u00eda \"La fiesta de la plastilina\" , ya me imaginaba mi cocina nueva llena\u2026","rel":"","context":"En \u00abFIESTAS y CELEBRACIONES\u00bb","block_context":{"text":"FIESTAS y CELEBRACIONES","link":"https:\/\/oui-oui.es\/blog\/category\/fiestas-celebraciones\/"},"img":{"alt_text":"","src":"https:\/\/i0.wp.com\/oui-oui.es\/blog\/wp-content\/uploads\/2019\/02\/Oui-Oui-cumplea%C3%B1os-infantiles-espacio-la-galerie-local-cumplea%C3%B1os-tarta-ten-cook-2.jpg?resize=350%2C200&ssl=1","width":350,"height":200,"srcset":"https:\/\/i0.wp.com\/oui-oui.es\/blog\/wp-content\/uploads\/2019\/02\/Oui-Oui-cumplea%C3%B1os-infantiles-espacio-la-galerie-local-cumplea%C3%B1os-tarta-ten-cook-2.jpg?resize=350%2C200&ssl=1 1x, https:\/\/i0.wp.com\/oui-oui.es\/blog\/wp-content\/uploads\/2019\/02\/Oui-Oui-cumplea%C3%B1os-infantiles-espacio-la-galerie-local-cumplea%C3%B1os-tarta-ten-cook-2.jpg?resize=525%2C300&ssl=1 1.5x, https:\/\/i0.wp.com\/oui-oui.es\/blog\/wp-content\/uploads\/2019\/02\/Oui-Oui-cumplea%C3%B1os-infantiles-espacio-la-galerie-local-cumplea%C3%B1os-tarta-ten-cook-2.jpg?resize=700%2C400&ssl=1 2x, https:\/\/i0.wp.com\/oui-oui.es\/blog\/wp-content\/uploads\/2019\/02\/Oui-Oui-cumplea%C3%B1os-infantiles-espacio-la-galerie-local-cumplea%C3%B1os-tarta-ten-cook-2.jpg?resize=1050%2C600&ssl=1 3x, https:\/\/i0.wp.com\/oui-oui.es\/blog\/wp-content\/uploads\/2019\/02\/Oui-Oui-cumplea%C3%B1os-infantiles-espacio-la-galerie-local-cumplea%C3%B1os-tarta-ten-cook-2.jpg?resize=1400%2C800&ssl=1 4x"},"classes":[]},{"id":4616,"url":"https:\/\/oui-oui.es\/blog\/mi-pequenita-fridala-cancion\/","url_meta":{"origin":3794,"position":5},"title":"Mi peque\u00f1ita Frida; la canci\u00f3n","author":"Mar\u00eda \u2665Oui Oui\u2665","date":"8 julio, 2016","format":false,"excerpt":"Hace un par de meses recibimos uno de los regalos m\u00e1s originales, bonitos (\u00a1y pr\u00e1cticos!) que pod\u00edamos imaginar...Una nana personalizada para Frida, una canci\u00f3n de dos minutos pensada y compuesta para ayudarla a tranquilizarse y a dormir. La letra, la melod\u00eda y, sobretodo, la voz, son preciosas. Manuela, la creadora\u2026","rel":"","context":"En \u00abA un hombre\/ novio\/ marido\/ padre\u00bb","block_context":{"text":"A un hombre\/ novio\/ marido\/ padre","link":"https:\/\/oui-oui.es\/blog\/category\/no-se-que-regalar\/a-un-hombrenoviomaridopadre\/"},"img":{"alt_text":"","src":"https:\/\/i0.wp.com\/oui-oui.es\/blog\/wp-content\/uploads\/2016\/07\/Oui-Oui-te-compongo-tu-cancion-mi-pequ%C3%B1ita-Frida.jpg?resize=350%2C200&ssl=1","width":350,"height":200,"srcset":"https:\/\/i0.wp.com\/oui-oui.es\/blog\/wp-content\/uploads\/2016\/07\/Oui-Oui-te-compongo-tu-cancion-mi-pequ%C3%B1ita-Frida.jpg?resize=350%2C200&ssl=1 1x, https:\/\/i0.wp.com\/oui-oui.es\/blog\/wp-content\/uploads\/2016\/07\/Oui-Oui-te-compongo-tu-cancion-mi-pequ%C3%B1ita-Frida.jpg?resize=525%2C300&ssl=1 1.5x, https:\/\/i0.wp.com\/oui-oui.es\/blog\/wp-content\/uploads\/2016\/07\/Oui-Oui-te-compongo-tu-cancion-mi-pequ%C3%B1ita-Frida.jpg?resize=700%2C400&ssl=1 2x, https:\/\/i0.wp.com\/oui-oui.es\/blog\/wp-content\/uploads\/2016\/07\/Oui-Oui-te-compongo-tu-cancion-mi-pequ%C3%B1ita-Frida.jpg?resize=1050%2C600&ssl=1 3x, https:\/\/i0.wp.com\/oui-oui.es\/blog\/wp-content\/uploads\/2016\/07\/Oui-Oui-te-compongo-tu-cancion-mi-pequ%C3%B1ita-Frida.jpg?resize=1400%2C800&ssl=1 4x"},"classes":[]}],"_links":{"self":[{"href":"https:\/\/oui-oui.es\/blog\/wp-json\/wp\/v2\/posts\/3794","targetHints":{"allow":["GET"]}}],"collection":[{"href":"https:\/\/oui-oui.es\/blog\/wp-json\/wp\/v2\/posts"}],"about":[{"href":"https:\/\/oui-oui.es\/blog\/wp-json\/wp\/v2\/types\/post"}],"author":[{"embeddable":true,"href":"https:\/\/oui-oui.es\/blog\/wp-json\/wp\/v2\/users\/1"}],"replies":[{"embeddable":true,"href":"https:\/\/oui-oui.es\/blog\/wp-json\/wp\/v2\/comments?post=3794"}],"version-history":[{"count":1,"href":"https:\/\/oui-oui.es\/blog\/wp-json\/wp\/v2\/posts\/3794\/revisions"}],"predecessor-version":[{"id":3801,"href":"https:\/\/oui-oui.es\/blog\/wp-json\/wp\/v2\/posts\/3794\/revisions\/3801"}],"wp:featuredmedia":[{"embeddable":true,"href":"https:\/\/oui-oui.es\/blog\/wp-json\/wp\/v2\/media\/3797"}],"wp:attachment":[{"href":"https:\/\/oui-oui.es\/blog\/wp-json\/wp\/v2\/media?parent=3794"}],"wp:term":[{"taxonomy":"category","embeddable":true,"href":"https:\/\/oui-oui.es\/blog\/wp-json\/wp\/v2\/categories?post=3794"},{"taxonomy":"post_tag","embeddable":true,"href":"https:\/\/oui-oui.es\/blog\/wp-json\/wp\/v2\/tags?post=3794"}],"curies":[{"name":"wp","href":"https:\/\/api.w.org\/{rel}","templated":true}]}}