{"id":3823,"date":"2015-11-25T00:01:18","date_gmt":"2015-11-24T22:01:18","guid":{"rendered":"https:\/\/oui-oui.es\/blog\/?p=3823"},"modified":"2015-11-25T11:34:40","modified_gmt":"2015-11-25T09:34:40","slug":"dia-contra-la-violencia-de-genero-tu-puedes-ayudar","status":"publish","type":"post","link":"https:\/\/oui-oui.es\/blog\/dia-contra-la-violencia-de-genero-tu-puedes-ayudar\/","title":{"rendered":"D\u00eda contra la violencia de g\u00e9nero: tu puedes ayudar"},"content":{"rendered":"<p><img loading=\"lazy\" decoding=\"async\" class=\"aligncenter size-full wp-image-3824\" src=\"https:\/\/oui-oui.es\/blog\/wp-content\/uploads\/2015\/11\/Oui-Oui-dia-contra-violencia-de-genero-aspacia.jpg\" alt=\"Oui Oui-dia contra violencia de genero-aspacia\" width=\"419\" height=\"469\" srcset=\"https:\/\/oui-oui.es\/blog\/wp-content\/uploads\/2015\/11\/Oui-Oui-dia-contra-violencia-de-genero-aspacia.jpg 419w, https:\/\/oui-oui.es\/blog\/wp-content\/uploads\/2015\/11\/Oui-Oui-dia-contra-violencia-de-genero-aspacia-268x300.jpg 268w\" sizes=\"auto, (max-width: 419px) 100vw, 419px\" \/><\/p>\n<p>Hoy, 25 de noviembre, es el <strong>d\u00eda contra la violencia de g\u00e9nero<\/strong>. Est\u00e1 bien que haya un d\u00eda para que se cree un movimiento m\u00e1s contundente, pero <strong>lo importante es estar concienciado, concienciado de lo que significa.<\/strong><\/p>\n<p>Significa educar desde peque\u00f1itos que <strong>todos somos iguales, en derechos y en deberes<\/strong>, que ninguna ni\u00f1a, chica o mujer debe consentir el m\u00e1s m\u00ednimo desprecio hacia su persona, ya sea un comentario, una forma de hablar, de controlar o, lo peor, que llegue a la violencia f\u00edsica. Tambi\u00e9n hay que educar a los ni\u00f1os en esa igualdad, para que ni por un momento se les pase por la cabeza que tienen derecho sobre el cuerpo o la vida de nadie.<\/p>\n<p><img loading=\"lazy\" decoding=\"async\" class=\"aligncenter size-full wp-image-3826\" src=\"https:\/\/oui-oui.es\/blog\/wp-content\/uploads\/2015\/11\/Oui-Oui-dia-internacional-contra-violencia-de-genero-aspacia.jpg\" alt=\"Oui Oui-dia internacional contra violencia de genero-aspacia\" width=\"663\" height=\"705\" srcset=\"https:\/\/oui-oui.es\/blog\/wp-content\/uploads\/2015\/11\/Oui-Oui-dia-internacional-contra-violencia-de-genero-aspacia.jpg 663w, https:\/\/oui-oui.es\/blog\/wp-content\/uploads\/2015\/11\/Oui-Oui-dia-internacional-contra-violencia-de-genero-aspacia-282x300.jpg 282w, https:\/\/oui-oui.es\/blog\/wp-content\/uploads\/2015\/11\/Oui-Oui-dia-internacional-contra-violencia-de-genero-aspacia-600x638.jpg 600w\" sizes=\"auto, (max-width: 663px) 100vw, 663px\" \/><\/p>\n<p>Pero <strong>tambi\u00e9n significa denunciar e implicarse<\/strong>, no s\u00f3lo las v\u00edctimas, que en muchos casos no quieren hacerlo por miedo, por verg\u00fcenza o por las miles de razones que tendr\u00e1n&#8230;Sino,<strong> sobretodo nosotros, como sociedad<\/strong>, ante la violencia cuando la vemos, gran parte de la sociedad est\u00e1 acostumbrada a mirar hacia otro lado si ve una pelea o un tono m\u00e1s alto que otro, no vaya a ser que se nos vuelva contra nosotros, pero eso debe cambiar, si todos levant\u00e1ramos la voz, dejando en evidencia al que grita, habla mal o est\u00e1 tratando mal a otra persona, seguro que avanz\u00e1bamos m\u00e1s&#8230;<\/p>\n<p><img loading=\"lazy\" decoding=\"async\" class=\"aligncenter size-full wp-image-3825\" src=\"https:\/\/oui-oui.es\/blog\/wp-content\/uploads\/2015\/11\/Oui-Oui-dia-contra-violencia-de-genero-aspacia-forges.gif\" alt=\"Oui Oui-dia contra violencia de genero-aspacia-forges\" width=\"525\" height=\"354\" \/><\/p>\n<p>Hace unos a\u00f1os lleg\u00f3 a nuestros o\u00eddos la situaci\u00f3n de una madre que, debido al maltrato de su marido, dejaba su casa con sus tres hijos (entre 3 y 10 a\u00f1os aprox) apenas unas semanas antes de Navidad&#8230;Junto al miedo, la tristeza, la incetidubre y mil sentiemientos que tendr\u00eda esa pobre mujer dentro, se un\u00eda que de repente no ten\u00eda casa ni medios para que sus hijos celebrasen la Navidad. La asistente social se encarg\u00f3 de que tuvieran una casa y nosotros no dudamos en movilizarnos para que esos ni\u00f1os tuvieran sus regalos de Navidad y, de esa forma, hacerles un poquito m\u00e1s ligera la horrible situaci\u00f3n por la que estaban pasando. Movilizamos a una oficina entera, todo el mundo quiso participar (la asistente nos ayud\u00f3 indicando edades y necesidades de cada ni\u00f1o, no os cre\u00e1is que todo fueron juguetes, muchos regalos fueron l\u00e1pices, folios, una mochila para el cole&#8230;), al principio s\u00f3lo pensamos en los regalos de los ni\u00f1os, pero de repente, uno de mis compis dijo \u00abHay que comprarle algo a la madre, que tampoco tendr\u00e1 Reyes\u00bb, y as\u00ed hicimos&#8230;Y fue realmente gratificante cuando, pasadas las fiestas, nos contaron la emoci\u00f3n de la madre (que no sab\u00eda nada) y de los ni\u00f1os al recuperar, al menos por un d\u00eda, un poco de ilusi\u00f3n, mostrando en du\u00a1ibujos lo contentos que estaban con su mochila y sus l\u00e1pices&#8230;Tanto con tan poco.<\/p>\n<p>Cuento esto porque es un ejemplo de que se puede ayudar de muchas maneras, sin escudarnos en querer o no suscribirnos a una ONG, comprometernos a largo plazo&#8230;Hay muchas formas de ayudar, puedes ser puntuales, con 5-10\u20ac al mes&#8230;Todo ayuda y por eso quer\u00eda aprovechar hoy para dar a conocer la <a href=\"http:\/\/fundacion-aspacia.org\/colabora\/\" target=\"_blank\"><strong>fundaci\u00f3n para la convivencia<\/strong> <strong>ASPACIA<\/strong><\/a>, una fundaci\u00f3n sin \u00e1nimo de lucro que tiene como fin <strong>eliminar la violencia, proteger a las v\u00edctimas y promover la igualdad en las relaciones<\/strong>. Conozco de cerca su trabajo, la implicaci\u00f3n y la trazabilidad de las ayudas, por lo que se que colaborando con ella podemos ayudar a muchas mujeres en esta tr\u00e1gica situaci\u00f3n.<\/p>\n<p>Si quer\u00e9is saber m\u00e1s, Pod\u00e9is leer m\u00e1s <a href=\"http:\/\/fundacion-aspacia.org\/colabora\/\" target=\"_blank\">aqu\u00ed<\/a><\/p>\n<p><img loading=\"lazy\" decoding=\"async\" class=\"aligncenter size-full wp-image-3827\" src=\"https:\/\/oui-oui.es\/blog\/wp-content\/uploads\/2015\/11\/Oui-Oui-fundacion-convivencia-aspacia.png\" alt=\"Oui Oui-fundacion convivencia aspacia\" width=\"307\" height=\"158\" srcset=\"https:\/\/oui-oui.es\/blog\/wp-content\/uploads\/2015\/11\/Oui-Oui-fundacion-convivencia-aspacia.png 307w, https:\/\/oui-oui.es\/blog\/wp-content\/uploads\/2015\/11\/Oui-Oui-fundacion-convivencia-aspacia-300x154.png 300w\" sizes=\"auto, (max-width: 307px) 100vw, 307px\" \/><\/p>\n<p>Entre sus actividades est\u00e1 dar <strong>asistencia psicol\u00f3gica a las v\u00edctimas<\/strong>; las mujeres, y sus hijos, un aspecto para el que <strong>necesitan la colaboraci\u00f3n de todos<\/strong>, as\u00ed que desde Oui Oui queremos ayudar y <strong>donaremos el 10% de la recaudaci\u00f3n de hoy para esos proyectos.<\/strong><\/p>\n<p>Pero si tu tambi\u00e9n quieres colaborar, puedes hacerlo de diferentes formas, basta una peque\u00f1a ayuda mensual de la cantidad que creas conveniente, puedes <strong><a href=\"http:\/\/fundacion-aspacia.org\/colabora\/\" target=\"_blank\">informarte aqu\u00ed<\/a><\/strong><\/p>\n","protected":false},"excerpt":{"rendered":"<p>Hoy, 25 de noviembre, es el d\u00eda contra la violencia de g\u00e9nero. Est\u00e1 bien que haya un d\u00eda para que se cree un movimiento m\u00e1s contundente, pero lo importante es estar concienciado, concienciado de lo que significa. Significa educar desde peque\u00f1itos que todos somos iguales, en derechos y en deberes, que ninguna ni\u00f1a, chica o [&hellip;]<\/p>\n","protected":false},"author":1,"featured_media":3825,"comment_status":"open","ping_status":"open","sticky":false,"template":"","format":"standard","meta":{"jetpack_post_was_ever_published":false,"_jetpack_newsletter_access":"","_jetpack_dont_email_post_to_subs":false,"_jetpack_newsletter_tier_id":0,"_jetpack_memberships_contains_paywalled_content":false,"_jetpack_memberships_contains_paid_content":false,"footnotes":"","jetpack_publicize_message":"","jetpack_publicize_feature_enabled":true,"jetpack_social_post_already_shared":true,"jetpack_social_options":{"image_generator_settings":{"template":"highway","default_image_id":0,"font":"","enabled":false},"version":2}},"categories":[709],"tags":[],"class_list":["post-3823","post","type-post","status-publish","format-standard","has-post-thumbnail","hentry","category-opinion"],"aioseo_notices":[],"jetpack_publicize_connections":[],"jetpack_featured_media_url":"https:\/\/oui-oui.es\/blog\/wp-content\/uploads\/2015\/11\/Oui-Oui-dia-contra-violencia-de-genero-aspacia-forges.gif","jetpack_sharing_enabled":true,"jetpack-related-posts":[{"id":10754,"url":"https:\/\/oui-oui.es\/blog\/mi-primer-libro-cuentos-para-educar-sin-estereotipos\/","url_meta":{"origin":3823,"position":0},"title":"\u00a1Mi primer libro! Cuentos para Educar sin Estereotipos","author":"Mar\u00eda \u2665Oui Oui\u2665","date":"31 marzo, 2022","format":false,"excerpt":"Cuentos para educar sin estereotipos es el primer libro infantil escrito por Mar\u00eda Oui Oui con el firme pro\u00f3sito de conseguir una infancia libre que construya una sociedad igualitaria","rel":"","context":"En \u00abEDUCACI\u00d3N\u00bb","block_context":{"text":"EDUCACI\u00d3N","link":"https:\/\/oui-oui.es\/blog\/category\/educacion\/"},"img":{"alt_text":"","src":"https:\/\/i0.wp.com\/oui-oui.es\/blog\/wp-content\/uploads\/2022\/03\/Oui-Oui-Cuentos-Educar-sin-Estereotipos-Maria-Gijon-Penguis-Random-House-8-scaled.jpg?resize=350%2C200&ssl=1","width":350,"height":200,"srcset":"https:\/\/i0.wp.com\/oui-oui.es\/blog\/wp-content\/uploads\/2022\/03\/Oui-Oui-Cuentos-Educar-sin-Estereotipos-Maria-Gijon-Penguis-Random-House-8-scaled.jpg?resize=350%2C200&ssl=1 1x, https:\/\/i0.wp.com\/oui-oui.es\/blog\/wp-content\/uploads\/2022\/03\/Oui-Oui-Cuentos-Educar-sin-Estereotipos-Maria-Gijon-Penguis-Random-House-8-scaled.jpg?resize=525%2C300&ssl=1 1.5x, https:\/\/i0.wp.com\/oui-oui.es\/blog\/wp-content\/uploads\/2022\/03\/Oui-Oui-Cuentos-Educar-sin-Estereotipos-Maria-Gijon-Penguis-Random-House-8-scaled.jpg?resize=700%2C400&ssl=1 2x, https:\/\/i0.wp.com\/oui-oui.es\/blog\/wp-content\/uploads\/2022\/03\/Oui-Oui-Cuentos-Educar-sin-Estereotipos-Maria-Gijon-Penguis-Random-House-8-scaled.jpg?resize=1050%2C600&ssl=1 3x, https:\/\/i0.wp.com\/oui-oui.es\/blog\/wp-content\/uploads\/2022\/03\/Oui-Oui-Cuentos-Educar-sin-Estereotipos-Maria-Gijon-Penguis-Random-House-8-scaled.jpg?resize=1400%2C800&ssl=1 4x"},"classes":[]},{"id":8900,"url":"https:\/\/oui-oui.es\/blog\/libros-sobre-feminismo-yo-tambien-soy-machista-y-otras-cosas\/","url_meta":{"origin":3823,"position":1},"title":"Libros sobre feminismo, yo tambi\u00e9n soy machista y otras cosas&#8230;","author":"Mar\u00eda \u2665Oui Oui\u2665","date":"8 marzo, 2018","format":false,"excerpt":"Si hubiera tenido tiempo esta semana hoy recibir\u00edas un post laaaargo sobre feminismo y, sobre lo que creo m\u00e1s importante, educar en el feminismo, que no es otra cosa que educar en la igualdad. Como no me da tiempo y soy feminista todos los d\u00edas, lo escribir\u00e9, posiblemente, en Semana\u2026","rel":"","context":"En \u00abMATERNIDAD\u00bb","block_context":{"text":"MATERNIDAD","link":"https:\/\/oui-oui.es\/blog\/category\/maternidad\/"},"img":{"alt_text":"","src":"https:\/\/i0.wp.com\/oui-oui.es\/blog\/wp-content\/uploads\/2018\/03\/Oui-Oui-libros-feminismo-como-educar-en-el-feminismo.jpg?resize=350%2C200&ssl=1","width":350,"height":200,"srcset":"https:\/\/i0.wp.com\/oui-oui.es\/blog\/wp-content\/uploads\/2018\/03\/Oui-Oui-libros-feminismo-como-educar-en-el-feminismo.jpg?resize=350%2C200&ssl=1 1x, https:\/\/i0.wp.com\/oui-oui.es\/blog\/wp-content\/uploads\/2018\/03\/Oui-Oui-libros-feminismo-como-educar-en-el-feminismo.jpg?resize=525%2C300&ssl=1 1.5x, https:\/\/i0.wp.com\/oui-oui.es\/blog\/wp-content\/uploads\/2018\/03\/Oui-Oui-libros-feminismo-como-educar-en-el-feminismo.jpg?resize=700%2C400&ssl=1 2x, https:\/\/i0.wp.com\/oui-oui.es\/blog\/wp-content\/uploads\/2018\/03\/Oui-Oui-libros-feminismo-como-educar-en-el-feminismo.jpg?resize=1050%2C600&ssl=1 3x, https:\/\/i0.wp.com\/oui-oui.es\/blog\/wp-content\/uploads\/2018\/03\/Oui-Oui-libros-feminismo-como-educar-en-el-feminismo.jpg?resize=1400%2C800&ssl=1 4x"},"classes":[]},{"id":9874,"url":"https:\/\/oui-oui.es\/blog\/i-charlar-educar-sin-gritos-con-laura-monge\/","url_meta":{"origin":3823,"position":2},"title":"I Charlar | Educar sin gritos con Laura Monge","author":"Mar\u00eda \u2665Oui Oui\u2665","date":"27 mayo, 2019","format":false,"excerpt":"No s\u00e9 si os pasa pero yo, cada vez que paro a pensar c\u00f3mo quiero enfocar algo con mis hijos siempre vuelvo la vista atr\u00e1s a mi infancia y, de repente, llegan recuerdos de las situaciones o momentos que est\u00e1s intentando afrontar que hasta este momento no dabas importancia o\u2026","rel":"","context":"En \u00abEDUCACI\u00d3N\u00bb","block_context":{"text":"EDUCACI\u00d3N","link":"https:\/\/oui-oui.es\/blog\/category\/educacion\/"},"img":{"alt_text":"","src":"https:\/\/i0.wp.com\/oui-oui.es\/blog\/wp-content\/uploads\/2019\/05\/Oui-Oui-CHARLAR-encuentros-sobre-temas-que-nos-interesan-a-todos-la-galerie-ten-cook.png?resize=350%2C200&ssl=1","width":350,"height":200,"srcset":"https:\/\/i0.wp.com\/oui-oui.es\/blog\/wp-content\/uploads\/2019\/05\/Oui-Oui-CHARLAR-encuentros-sobre-temas-que-nos-interesan-a-todos-la-galerie-ten-cook.png?resize=350%2C200&ssl=1 1x, https:\/\/i0.wp.com\/oui-oui.es\/blog\/wp-content\/uploads\/2019\/05\/Oui-Oui-CHARLAR-encuentros-sobre-temas-que-nos-interesan-a-todos-la-galerie-ten-cook.png?resize=525%2C300&ssl=1 1.5x, https:\/\/i0.wp.com\/oui-oui.es\/blog\/wp-content\/uploads\/2019\/05\/Oui-Oui-CHARLAR-encuentros-sobre-temas-que-nos-interesan-a-todos-la-galerie-ten-cook.png?resize=700%2C400&ssl=1 2x, https:\/\/i0.wp.com\/oui-oui.es\/blog\/wp-content\/uploads\/2019\/05\/Oui-Oui-CHARLAR-encuentros-sobre-temas-que-nos-interesan-a-todos-la-galerie-ten-cook.png?resize=1050%2C600&ssl=1 3x, https:\/\/i0.wp.com\/oui-oui.es\/blog\/wp-content\/uploads\/2019\/05\/Oui-Oui-CHARLAR-encuentros-sobre-temas-que-nos-interesan-a-todos-la-galerie-ten-cook.png?resize=1400%2C800&ssl=1 4x"},"classes":[]},{"id":10481,"url":"https:\/\/oui-oui.es\/blog\/educar-sin-estereotipos\/","url_meta":{"origin":3823,"position":3},"title":"Educar sin Estereotipos","author":"Mar\u00eda \u2665Oui Oui\u2665","date":"29 abril, 2020","format":false,"excerpt":"Hace un a\u00f1o o dos mi hijo coment\u00f3 en casa que sus compa\u00f1eros dec\u00edan que llevar el pelo largo era de chicas, le argument\u00e9 por qu\u00e9 la longitud del cabello no tiene nada que ver con ser chico o chica y le mostr\u00e9 algunos ejemplos de hombres con pelo largo\u2026","rel":"","context":"En \u00abEDUCACI\u00d3N\u00bb","block_context":{"text":"EDUCACI\u00d3N","link":"https:\/\/oui-oui.es\/blog\/category\/educacion\/"},"img":{"alt_text":"","src":"https:\/\/i0.wp.com\/oui-oui.es\/blog\/wp-content\/uploads\/2020\/04\/Oui-Oui-educar-sin-estereotipos.jpg?resize=350%2C200&ssl=1","width":350,"height":200,"srcset":"https:\/\/i0.wp.com\/oui-oui.es\/blog\/wp-content\/uploads\/2020\/04\/Oui-Oui-educar-sin-estereotipos.jpg?resize=350%2C200&ssl=1 1x, https:\/\/i0.wp.com\/oui-oui.es\/blog\/wp-content\/uploads\/2020\/04\/Oui-Oui-educar-sin-estereotipos.jpg?resize=525%2C300&ssl=1 1.5x"},"classes":[]},{"id":4028,"url":"https:\/\/oui-oui.es\/blog\/3-de-mis-libros-favoritos-de-maternidad\/","url_meta":{"origin":3823,"position":4},"title":"3 de mis libros favoritos de maternidad","author":"Mar\u00eda \u2665Oui Oui\u2665","date":"3 marzo, 2016","format":false,"excerpt":"Hay multitud de libros sobre crianza respetuosa, educar a los ni\u00f1os, m\u00e9todos de educaci\u00f3n, etc...No he hecho ning\u00fan estudio en profundidad pero si puedo compartir los que, por ahora, m\u00e1s me han gustado. Sin ninguna duda, el que m\u00e1s me gust\u00f3 (lo le\u00ed en el embarazo de Mart\u00edn pero no\u2026","rel":"","context":"En \u00abMATERNIDAD\u00bb","block_context":{"text":"MATERNIDAD","link":"https:\/\/oui-oui.es\/blog\/category\/maternidad\/"},"img":{"alt_text":"","src":"https:\/\/i0.wp.com\/oui-oui.es\/blog\/wp-content\/uploads\/2016\/01\/Oui-Oui-libros-maternidad-un-a%C3%B1o-para-toda-la-vida.jpg?resize=350%2C200&ssl=1","width":350,"height":200,"srcset":"https:\/\/i0.wp.com\/oui-oui.es\/blog\/wp-content\/uploads\/2016\/01\/Oui-Oui-libros-maternidad-un-a%C3%B1o-para-toda-la-vida.jpg?resize=350%2C200&ssl=1 1x, https:\/\/i0.wp.com\/oui-oui.es\/blog\/wp-content\/uploads\/2016\/01\/Oui-Oui-libros-maternidad-un-a%C3%B1o-para-toda-la-vida.jpg?resize=525%2C300&ssl=1 1.5x, https:\/\/i0.wp.com\/oui-oui.es\/blog\/wp-content\/uploads\/2016\/01\/Oui-Oui-libros-maternidad-un-a%C3%B1o-para-toda-la-vida.jpg?resize=700%2C400&ssl=1 2x, https:\/\/i0.wp.com\/oui-oui.es\/blog\/wp-content\/uploads\/2016\/01\/Oui-Oui-libros-maternidad-un-a%C3%B1o-para-toda-la-vida.jpg?resize=1050%2C600&ssl=1 3x"},"classes":[]},{"id":10469,"url":"https:\/\/oui-oui.es\/blog\/5-memorys-que-me-encantan\/","url_meta":{"origin":3823,"position":5},"title":"5 Memorys que me encantan","author":"Mar\u00eda \u2665Oui Oui\u2665","date":"15 abril, 2020","format":false,"excerpt":"El Memory es uno de mis juegos favoritos desde peque\u00f1a y con mis hijos lo he replicado desde bien peque\u00f1itos, por eso me apetec\u00eda compartir algunos de mis favoritos. Por si no lo conoc\u00e9is, se trata de un juego de parejas que pones todas boca abajo y tienes que ir\u2026","rel":"","context":"En \u00abEDUCACI\u00d3N\u00bb","block_context":{"text":"EDUCACI\u00d3N","link":"https:\/\/oui-oui.es\/blog\/category\/educacion\/"},"img":{"alt_text":"","src":"https:\/\/i0.wp.com\/oui-oui.es\/blog\/wp-content\/uploads\/2020\/04\/OUi-Oui-Memory-Buenos-H%C3%A1bitos-juego-memoria-beunos-habitos-juego-rutinas-como-fomentar-rutinas-con-juegos-scaled.jpg?resize=350%2C200&ssl=1","width":350,"height":200,"srcset":"https:\/\/i0.wp.com\/oui-oui.es\/blog\/wp-content\/uploads\/2020\/04\/OUi-Oui-Memory-Buenos-H%C3%A1bitos-juego-memoria-beunos-habitos-juego-rutinas-como-fomentar-rutinas-con-juegos-scaled.jpg?resize=350%2C200&ssl=1 1x, https:\/\/i0.wp.com\/oui-oui.es\/blog\/wp-content\/uploads\/2020\/04\/OUi-Oui-Memory-Buenos-H%C3%A1bitos-juego-memoria-beunos-habitos-juego-rutinas-como-fomentar-rutinas-con-juegos-scaled.jpg?resize=525%2C300&ssl=1 1.5x, https:\/\/i0.wp.com\/oui-oui.es\/blog\/wp-content\/uploads\/2020\/04\/OUi-Oui-Memory-Buenos-H%C3%A1bitos-juego-memoria-beunos-habitos-juego-rutinas-como-fomentar-rutinas-con-juegos-scaled.jpg?resize=700%2C400&ssl=1 2x, https:\/\/i0.wp.com\/oui-oui.es\/blog\/wp-content\/uploads\/2020\/04\/OUi-Oui-Memory-Buenos-H%C3%A1bitos-juego-memoria-beunos-habitos-juego-rutinas-como-fomentar-rutinas-con-juegos-scaled.jpg?resize=1050%2C600&ssl=1 3x, https:\/\/i0.wp.com\/oui-oui.es\/blog\/wp-content\/uploads\/2020\/04\/OUi-Oui-Memory-Buenos-H%C3%A1bitos-juego-memoria-beunos-habitos-juego-rutinas-como-fomentar-rutinas-con-juegos-scaled.jpg?resize=1400%2C800&ssl=1 4x"},"classes":[]}],"_links":{"self":[{"href":"https:\/\/oui-oui.es\/blog\/wp-json\/wp\/v2\/posts\/3823","targetHints":{"allow":["GET"]}}],"collection":[{"href":"https:\/\/oui-oui.es\/blog\/wp-json\/wp\/v2\/posts"}],"about":[{"href":"https:\/\/oui-oui.es\/blog\/wp-json\/wp\/v2\/types\/post"}],"author":[{"embeddable":true,"href":"https:\/\/oui-oui.es\/blog\/wp-json\/wp\/v2\/users\/1"}],"replies":[{"embeddable":true,"href":"https:\/\/oui-oui.es\/blog\/wp-json\/wp\/v2\/comments?post=3823"}],"version-history":[{"count":3,"href":"https:\/\/oui-oui.es\/blog\/wp-json\/wp\/v2\/posts\/3823\/revisions"}],"predecessor-version":[{"id":3851,"href":"https:\/\/oui-oui.es\/blog\/wp-json\/wp\/v2\/posts\/3823\/revisions\/3851"}],"wp:featuredmedia":[{"embeddable":true,"href":"https:\/\/oui-oui.es\/blog\/wp-json\/wp\/v2\/media\/3825"}],"wp:attachment":[{"href":"https:\/\/oui-oui.es\/blog\/wp-json\/wp\/v2\/media?parent=3823"}],"wp:term":[{"taxonomy":"category","embeddable":true,"href":"https:\/\/oui-oui.es\/blog\/wp-json\/wp\/v2\/categories?post=3823"},{"taxonomy":"post_tag","embeddable":true,"href":"https:\/\/oui-oui.es\/blog\/wp-json\/wp\/v2\/tags?post=3823"}],"curies":[{"name":"wp","href":"https:\/\/api.w.org\/{rel}","templated":true}]}}