{"id":3857,"date":"2015-12-07T00:01:43","date_gmt":"2015-12-06T22:01:43","guid":{"rendered":"https:\/\/oui-oui.es\/blog\/?p=3857"},"modified":"2015-12-04T15:48:20","modified_gmt":"2015-12-04T13:48:20","slug":"como-afrontar-la-llegada-de-un-segundo-hermano","status":"publish","type":"post","link":"https:\/\/oui-oui.es\/blog\/como-afrontar-la-llegada-de-un-segundo-hermano\/","title":{"rendered":"C\u00f3mo afrontar la llegada de un segundo hermano"},"content":{"rendered":"<p><img loading=\"lazy\" decoding=\"async\" class=\"aligncenter size-full wp-image-3859\" src=\"https:\/\/oui-oui.es\/blog\/wp-content\/uploads\/2015\/12\/Oui-Oui-afrontar-hermano-mayor.jpg\" alt=\"Oui Oui-afrontar hermano mayor\" width=\"478\" height=\"640\" srcset=\"https:\/\/oui-oui.es\/blog\/wp-content\/uploads\/2015\/12\/Oui-Oui-afrontar-hermano-mayor.jpg 478w, https:\/\/oui-oui.es\/blog\/wp-content\/uploads\/2015\/12\/Oui-Oui-afrontar-hermano-mayor-224x300.jpg 224w\" sizes=\"auto, (max-width: 478px) 100vw, 478px\" \/><\/p>\n<p>Hace unas semanas acud\u00ed a un <strong>clase sobre c\u00f3mo gestionar la llegada de un segundo hermano<\/strong> y no qued\u00e9 muy contenta. Cuando se despu\u00e9s se lo coment\u00e9 a amigas que tienen dos y tres hijos me dec\u00edan que era una tonter\u00eda, que las hubiese preguntado a ellas&#8230;En eso no estoy tan de acuerdo, porque cada familia es un mundo y en cuestiones de primerizas (o primera vez que vas a ser madre de un segundo hijo) si te pones a preguntar a todo el mundo al final tienes mil opiniones que van de un extremo a otro y te quedas como est\u00e1s.<strong>Me gusta tener la opini\u00f3n de un experto<\/strong> en el que conf\u00edes por su forma de educar, su visi\u00f3n de la familia, del trato a los ni\u00f1os, etc&#8230;<strong>Para luego formar la m\u00eda propia.<\/strong><\/p>\n<p>En mi caso no qued\u00e9 contenta porque me pareci\u00f3 muy cara para el tiempo y los consejos que nos dieron.<\/p>\n<p>Sin embargo, creo que <strong>si est\u00e1s esperando un segundo hijo es interesante<\/strong>, en mi caso no hab\u00eda visto que <strong>Valentina<\/strong>, de <strong><a href=\"http:\/\/crecerjuntosconarte.es\/courses\/no-quiero-un-nuevo-hermito\/\" target=\"_blank\">Crecer Juntos con Arte<\/a><\/strong> organizaba una clase similar a los pocos d\u00edas, sino <strong>me hubiese apuntado a la suya<\/strong> (que, adem\u00e1s, cuesta menos de la mitad de lo que yo pagu\u00e9 en otro sitio).<\/p>\n<p>Aqu\u00ed os dejo algunos de los <strong>tips <\/strong>que me parecieron <strong>interesantes<\/strong> por si os pueden servir y para <strong>conocer vuestra opini\u00f3n al respecto<\/strong> (la de todas!, madres de uno, dos, tres y los que sean!)<\/p>\n<p><img loading=\"lazy\" decoding=\"async\" class=\"aligncenter size-full wp-image-3860\" src=\"https:\/\/oui-oui.es\/blog\/wp-content\/uploads\/2015\/12\/Oui-Oui-como-afrontar-llegada-segundo-hermano.jpg\" alt=\"Oui Oui-como afrontar llegada segundo hermano\" width=\"736\" height=\"560\" srcset=\"https:\/\/oui-oui.es\/blog\/wp-content\/uploads\/2015\/12\/Oui-Oui-como-afrontar-llegada-segundo-hermano.jpg 736w, https:\/\/oui-oui.es\/blog\/wp-content\/uploads\/2015\/12\/Oui-Oui-como-afrontar-llegada-segundo-hermano-300x228.jpg 300w, https:\/\/oui-oui.es\/blog\/wp-content\/uploads\/2015\/12\/Oui-Oui-como-afrontar-llegada-segundo-hermano-600x457.jpg 600w\" sizes=\"auto, (max-width: 736px) 100vw, 736px\" \/><\/p>\n<ul>\n<li>Por supuesto, <strong>ir cont\u00e1ndole a tu hijo que va a tener un beb\u00e9, el porqu\u00e9 de la tripa,<\/strong> etc&#8230;Con naturalidad y sin invenciones, en nuestro caso, Mart\u00edn sabe que dentro de la tripa de mam\u00e1 hay un beb\u00e9, que ser\u00e1 su hermanita y que se llamar\u00e1 Frida.<\/li>\n<li>Pero aunque le cuentes todo, no llegan a ser conscientes (sobretodo tan peques), por lo que tampoco merece la pena contarles much\u00edsimo antes <strong>el proceso de que te vas a ir al hospital, estar unos d\u00edas fuera<\/strong>, etc&#8230;Pero s\u00ed <strong>cont\u00e1rselo una semana antes<\/strong>.<\/li>\n<li>Cuando vaya al hospital a ver a mam\u00e1 y al nuevo hermanito, <strong>que sea pap\u00e1 el que le recoja en casa y le lleve al hospital.<\/strong><\/li>\n<li>Que la <strong>visita al hospital<\/strong> se produzca cuando mam\u00e1 <strong>ya no tenga v\u00edas<\/strong> y en un momento que<strong> no est\u00e9 dando el pecho al nuevo beb\u00e9<\/strong> (para poderle atender bien y que lo primero que vea despu\u00e9s de varios d\u00edas sin ver a mam\u00e1 no sea que <em>hay otro<\/em> m\u00e1s unido a ella).<\/li>\n<li><strong>El primer d\u00eda que est\u00e9is todos en casa<\/strong> es un d\u00eda para estar todos juntos en familia, los cuatro, <strong>que no vaya a la guarde\/cole.<\/strong><\/li>\n<li>Suele ocurrir que <strong>a los dos meses<\/strong> de haber nacido el beb\u00e9 estalla la <strong>crisis<\/strong>, puede ser en modo rabieta, contra los padres o contra el beb\u00e9, sabi\u00e9ndolo de antemano al menos te vas preparando por si ocurre.<\/li>\n<li>Un punto que me pareci\u00f3 importante fue el hincapi\u00e9 que hac\u00eda la psic\u00f3loga en <strong>no <em>abandonar<\/em> al nuevo beb\u00e9<\/strong> (en brazos de la chica, el padre, los abuelos) <strong>para atender las demandas del mayor<\/strong>, a veces parece que el beb\u00e9 no se va a enterar de nada y que el que sufre es el mayor, pero es necesario crear ese v\u00ednculo inicial con el beb\u00e9, para empezar a conoceros de la misma forma que lo hiciste con el primero, a cambio, reservar una parte del d\u00eda (que no tiene que ser enorme, con 1\/2-1h valdr\u00eda) para atender m\u00e1s directamente al mayor e ir fusionando esos momentos juntos poco a poco.<\/li>\n<li>Este consejo no me lo dieron en clase, sino varias madres a las que les ha pasado; <strong>estar prevenidas ante los desplantes que pudiera tener el hijo mayor contra nosotras<\/strong> \ud83d\ude41<\/li>\n<\/ul>\n<p><strong>\u00bfQu\u00e9 os parecen?<\/strong>, no tienen ninguna pretensi\u00f3n divulgativa, ni cient\u00edfica, tan s\u00f3lo he resumido mis apuntes de la clase y, por supuesto, hay miles de familias diferentes, de ni\u00f1os distintos y de circunstancias que lo cambian todo&#8230;Por eso me encantar\u00eda saber vuestra experiencia y consejos!<\/p>\n","protected":false},"excerpt":{"rendered":"<p>Hace unas semanas acud\u00ed a un clase sobre c\u00f3mo gestionar la llegada de un segundo hermano y no qued\u00e9 muy contenta. Cuando se despu\u00e9s se lo coment\u00e9 a amigas que tienen dos y tres hijos me dec\u00edan que era una tonter\u00eda, que las hubiese preguntado a ellas&#8230;En eso no estoy tan de acuerdo, porque cada [&hellip;]<\/p>\n","protected":false},"author":1,"featured_media":3860,"comment_status":"open","ping_status":"open","sticky":false,"template":"","format":"standard","meta":{"jetpack_post_was_ever_published":false,"_jetpack_newsletter_access":"","_jetpack_dont_email_post_to_subs":false,"_jetpack_newsletter_tier_id":0,"_jetpack_memberships_contains_paywalled_content":false,"_jetpack_memberships_contains_paid_content":false,"footnotes":"","jetpack_publicize_message":"","jetpack_publicize_feature_enabled":true,"jetpack_social_post_already_shared":true,"jetpack_social_options":{"image_generator_settings":{"template":"highway","default_image_id":0,"font":"","enabled":false},"version":2}},"categories":[535,709],"tags":[],"class_list":["post-3857","post","type-post","status-publish","format-standard","has-post-thumbnail","hentry","category-maternidad","category-opinion"],"aioseo_notices":[],"jetpack_publicize_connections":[],"jetpack_featured_media_url":"https:\/\/oui-oui.es\/blog\/wp-content\/uploads\/2015\/12\/Oui-Oui-como-afrontar-llegada-segundo-hermano.jpg","jetpack_sharing_enabled":true,"jetpack-related-posts":[{"id":3325,"url":"https:\/\/oui-oui.es\/blog\/ideas-para-anunciar-el-segundo-embarazo-una-gran-noticia\/","url_meta":{"origin":3857,"position":0},"title":"Ideas para anunciar el segundo embarazo + una gran noticia!","author":"Mar\u00eda \u2665Oui Oui\u2665","date":"16 septiembre, 2015","format":false,"excerpt":"He empezado la vuelta al curso con muchas ganas, de darlo todo en este \u00faltimo trimestre (o primero, seg\u00fan se mire), espero poder compartir con vosotros pronto varias novedades en Oui Oui, pero antes, una noticia personal que me apetec\u00eda mucho compartir!...En 2016 seremos padres de nuevo!!!, el embarazo va\u2026","rel":"","context":"En \u00abMATERNIDAD\u00bb","block_context":{"text":"MATERNIDAD","link":"https:\/\/oui-oui.es\/blog\/category\/maternidad\/"},"img":{"alt_text":"","src":"https:\/\/i0.wp.com\/oui-oui.es\/blog\/wp-content\/uploads\/2015\/09\/Oui-Oui-anuncio-segundo-embarazo-babyoui-martin-pizarra-con-cosas-que-hacer-5.jpg?resize=350%2C200&ssl=1","width":350,"height":200,"srcset":"https:\/\/i0.wp.com\/oui-oui.es\/blog\/wp-content\/uploads\/2015\/09\/Oui-Oui-anuncio-segundo-embarazo-babyoui-martin-pizarra-con-cosas-que-hacer-5.jpg?resize=350%2C200&ssl=1 1x, https:\/\/i0.wp.com\/oui-oui.es\/blog\/wp-content\/uploads\/2015\/09\/Oui-Oui-anuncio-segundo-embarazo-babyoui-martin-pizarra-con-cosas-que-hacer-5.jpg?resize=525%2C300&ssl=1 1.5x, https:\/\/i0.wp.com\/oui-oui.es\/blog\/wp-content\/uploads\/2015\/09\/Oui-Oui-anuncio-segundo-embarazo-babyoui-martin-pizarra-con-cosas-que-hacer-5.jpg?resize=700%2C400&ssl=1 2x, https:\/\/i0.wp.com\/oui-oui.es\/blog\/wp-content\/uploads\/2015\/09\/Oui-Oui-anuncio-segundo-embarazo-babyoui-martin-pizarra-con-cosas-que-hacer-5.jpg?resize=1050%2C600&ssl=1 3x, https:\/\/i0.wp.com\/oui-oui.es\/blog\/wp-content\/uploads\/2015\/09\/Oui-Oui-anuncio-segundo-embarazo-babyoui-martin-pizarra-con-cosas-que-hacer-5.jpg?resize=1400%2C800&ssl=1 4x"},"classes":[]},{"id":783,"url":"https:\/\/oui-oui.es\/blog\/la-resaca-de-say-i-do\/","url_meta":{"origin":3857,"position":1},"title":"La resaca de Say I Do!","author":"Mar\u00eda \u2665Oui Oui\u2665","date":"6 junio, 2013","format":false,"excerpt":"He tardado unos d\u00edas en recuperarme pero aqu\u00ed estoy de vuelta!, despu\u00e9s de cuatro d\u00edas intens\u00edsimos (m\u00e1s dos de preparaci\u00f3n) en Say I Do! en el espacio 1001 Atmosphera no puedo estar m\u00e1s contenta con la experiencia :) Por el fant\u00e1stico espacio con el que contamos, porque el stand gust\u00f3\u2026","rel":"","context":"En \u00abBoda\u00bb","block_context":{"text":"Boda","link":"https:\/\/oui-oui.es\/blog\/category\/fiestas-celebraciones\/boda\/"},"img":{"alt_text":"","src":"https:\/\/i0.wp.com\/oui-oui.es\/blog\/wp-content\/uploads\/oui-oui-pop-up-say-i-do-1001-atmosphera-stand-oui-oui-completo.jpg?resize=350%2C200&ssl=1","width":350,"height":200,"srcset":"https:\/\/i0.wp.com\/oui-oui.es\/blog\/wp-content\/uploads\/oui-oui-pop-up-say-i-do-1001-atmosphera-stand-oui-oui-completo.jpg?resize=350%2C200&ssl=1 1x, https:\/\/i0.wp.com\/oui-oui.es\/blog\/wp-content\/uploads\/oui-oui-pop-up-say-i-do-1001-atmosphera-stand-oui-oui-completo.jpg?resize=525%2C300&ssl=1 1.5x, https:\/\/i0.wp.com\/oui-oui.es\/blog\/wp-content\/uploads\/oui-oui-pop-up-say-i-do-1001-atmosphera-stand-oui-oui-completo.jpg?resize=700%2C400&ssl=1 2x, https:\/\/i0.wp.com\/oui-oui.es\/blog\/wp-content\/uploads\/oui-oui-pop-up-say-i-do-1001-atmosphera-stand-oui-oui-completo.jpg?resize=1050%2C600&ssl=1 3x, https:\/\/i0.wp.com\/oui-oui.es\/blog\/wp-content\/uploads\/oui-oui-pop-up-say-i-do-1001-atmosphera-stand-oui-oui-completo.jpg?resize=1400%2C800&ssl=1 4x"},"classes":[]},{"id":666,"url":"https:\/\/oui-oui.es\/blog\/oui-oui-en-los-zankyou-international-wedding-awards-2013\/","url_meta":{"origin":3857,"position":2},"title":"Oui Oui en los Zankyou International Wedding Awards 2013!!","author":"Mar\u00eda \u2665Oui Oui\u2665","date":"25 abril, 2013","format":false,"excerpt":"Ayer me escribieron desde Zankyou Bodas para darme la s\u00faper buena noticia de que Oui Oui hab\u00eda sido seleccionado como uno de los 99 blogs de bodas m\u00e1s originales del mundo!!!...Elegidos por las 18 editoras en los pa\u00edses que Zankyou tiene presencia, en Espa\u00f1a hemos sido \"galardonados\" 12 blogs, as\u00ed\u2026","rel":"","context":"En \u00abOUI OUI\u00bb","block_context":{"text":"OUI OUI","link":"https:\/\/oui-oui.es\/blog\/category\/oui-oui\/"},"img":{"alt_text":"Oui Oui-ganador 99 mejores blog del mundo-zank you","src":"https:\/\/ouiouiblog.files.wordpress.com\/2013\/04\/oui-oui-ganador-99-mejores-blog-del-mundo-zank-you.png?w=350&h=200&crop=1","width":350,"height":200},"classes":[]},{"id":3487,"url":"https:\/\/oui-oui.es\/blog\/la-wishlist-de-martin-por-su-segundo-cumpleanos\/","url_meta":{"origin":3857,"position":3},"title":"La wishlist de Mart\u00edn por su segundo cumplea\u00f1os","author":"Mar\u00eda \u2665Oui Oui\u2665","date":"12 octubre, 2015","format":false,"excerpt":"El cumplea\u00f1os de Mart\u00edn fue hace exactamente un mes y, como nos pill\u00f3 reci\u00e9n llegados de viaje y con l\u00edo de trabajo no me di\u00f3 tiempo a hacer su lista de regalos como me hubiera gustado, est\u00e1 claro que no pasa nada, tuvo regalos m\u00e1s que de sobra (hasta guard\u00e9\u2026","rel":"","context":"En \u00abNI\u00d1OS Y NI\u00d1AS\u00bb","block_context":{"text":"NI\u00d1OS Y NI\u00d1AS","link":"https:\/\/oui-oui.es\/blog\/category\/ninos\/"},"img":{"alt_text":"","src":"https:\/\/i0.wp.com\/oui-oui.es\/blog\/wp-content\/uploads\/2015\/10\/Oui-Oui-wishlist-martin-babyoui-material-montessori-torre-rosa-tigriteando.jpg?resize=350%2C200&ssl=1","width":350,"height":200},"classes":[]},{"id":9913,"url":"https:\/\/oui-oui.es\/blog\/regalos-a-profes-reflexion-e-ideas\/","url_meta":{"origin":3857,"position":4},"title":"Regalos a profes | Reflexi\u00f3n e Ideas","author":"Mar\u00eda \u2665Oui Oui\u2665","date":"5 junio, 2019","format":false,"excerpt":"Es un tema recurrente cada fin de curso (y en Navidad tambi\u00e9n) debate mediante, \u00bfregalos s\u00ed o no? yo soy partidaria de hacer regalo siempre y cuando est\u00e9s contenta con la profesora o el profesor. No tiene ning\u00fan sentido hacer un regalo de agradecimiento a alguien a qui\u00e9n no sientes\u2026","rel":"","context":"En \u00abREGALOS\u00bb","block_context":{"text":"REGALOS","link":"https:\/\/oui-oui.es\/blog\/category\/no-se-que-regalar\/"},"img":{"alt_text":"","src":"https:\/\/i0.wp.com\/oui-oui.es\/blog\/wp-content\/uploads\/2019\/06\/Oui-Oui-regalos-para-profes-taza-teacher-taza-gin-girl-power-1.jpg?resize=350%2C200&ssl=1","width":350,"height":200,"srcset":"https:\/\/i0.wp.com\/oui-oui.es\/blog\/wp-content\/uploads\/2019\/06\/Oui-Oui-regalos-para-profes-taza-teacher-taza-gin-girl-power-1.jpg?resize=350%2C200&ssl=1 1x, https:\/\/i0.wp.com\/oui-oui.es\/blog\/wp-content\/uploads\/2019\/06\/Oui-Oui-regalos-para-profes-taza-teacher-taza-gin-girl-power-1.jpg?resize=525%2C300&ssl=1 1.5x, https:\/\/i0.wp.com\/oui-oui.es\/blog\/wp-content\/uploads\/2019\/06\/Oui-Oui-regalos-para-profes-taza-teacher-taza-gin-girl-power-1.jpg?resize=700%2C400&ssl=1 2x, https:\/\/i0.wp.com\/oui-oui.es\/blog\/wp-content\/uploads\/2019\/06\/Oui-Oui-regalos-para-profes-taza-teacher-taza-gin-girl-power-1.jpg?resize=1050%2C600&ssl=1 3x, https:\/\/i0.wp.com\/oui-oui.es\/blog\/wp-content\/uploads\/2019\/06\/Oui-Oui-regalos-para-profes-taza-teacher-taza-gin-girl-power-1.jpg?resize=1400%2C800&ssl=1 4x"},"classes":[]},{"id":2735,"url":"https:\/\/oui-oui.es\/blog\/vuelve-el-plato-combinado-lovnis\/","url_meta":{"origin":3857,"position":5},"title":"Vuelve el plato combinado | Lovnis","author":"Mar\u00eda \u2665Oui Oui\u2665","date":"15 julio, 2015","format":false,"excerpt":"Si cuando estaba en el colegio me dicen que ir\u00eda a un restaurante porque uno de sus atractivos son los platos combinados servidos en las m\u00edticas bandejas de metal en las que cab\u00eda todo; primero, segundo, pan, postre y cubiertos...No me lo creer\u00eda. Pero as\u00ed ha sido, los exitosos socios\u2026","rel":"","context":"En \u00abESTILO DE VIDA\u00bb","block_context":{"text":"ESTILO DE VIDA","link":"https:\/\/oui-oui.es\/blog\/category\/lifestyle-2\/"},"img":{"alt_text":"","src":"https:\/\/i0.wp.com\/oui-oui.es\/blog\/wp-content\/uploads\/Oui-Oui-restaurante-platos-combinados-LOVNI-revista-HSM.jpg?resize=350%2C200&ssl=1","width":350,"height":200,"srcset":"https:\/\/i0.wp.com\/oui-oui.es\/blog\/wp-content\/uploads\/Oui-Oui-restaurante-platos-combinados-LOVNI-revista-HSM.jpg?resize=350%2C200&ssl=1 1x, https:\/\/i0.wp.com\/oui-oui.es\/blog\/wp-content\/uploads\/Oui-Oui-restaurante-platos-combinados-LOVNI-revista-HSM.jpg?resize=525%2C300&ssl=1 1.5x"},"classes":[]}],"_links":{"self":[{"href":"https:\/\/oui-oui.es\/blog\/wp-json\/wp\/v2\/posts\/3857","targetHints":{"allow":["GET"]}}],"collection":[{"href":"https:\/\/oui-oui.es\/blog\/wp-json\/wp\/v2\/posts"}],"about":[{"href":"https:\/\/oui-oui.es\/blog\/wp-json\/wp\/v2\/types\/post"}],"author":[{"embeddable":true,"href":"https:\/\/oui-oui.es\/blog\/wp-json\/wp\/v2\/users\/1"}],"replies":[{"embeddable":true,"href":"https:\/\/oui-oui.es\/blog\/wp-json\/wp\/v2\/comments?post=3857"}],"version-history":[{"count":1,"href":"https:\/\/oui-oui.es\/blog\/wp-json\/wp\/v2\/posts\/3857\/revisions"}],"predecessor-version":[{"id":3861,"href":"https:\/\/oui-oui.es\/blog\/wp-json\/wp\/v2\/posts\/3857\/revisions\/3861"}],"wp:featuredmedia":[{"embeddable":true,"href":"https:\/\/oui-oui.es\/blog\/wp-json\/wp\/v2\/media\/3860"}],"wp:attachment":[{"href":"https:\/\/oui-oui.es\/blog\/wp-json\/wp\/v2\/media?parent=3857"}],"wp:term":[{"taxonomy":"category","embeddable":true,"href":"https:\/\/oui-oui.es\/blog\/wp-json\/wp\/v2\/categories?post=3857"},{"taxonomy":"post_tag","embeddable":true,"href":"https:\/\/oui-oui.es\/blog\/wp-json\/wp\/v2\/tags?post=3857"}],"curies":[{"name":"wp","href":"https:\/\/api.w.org\/{rel}","templated":true}]}}