{"id":3897,"date":"2015-12-18T00:01:47","date_gmt":"2015-12-17T22:01:47","guid":{"rendered":"https:\/\/oui-oui.es\/blog\/?p=3897"},"modified":"2015-12-17T15:02:58","modified_gmt":"2015-12-17T13:02:58","slug":"restaurantes-que-tachar-en-diciembre","status":"publish","type":"post","link":"https:\/\/oui-oui.es\/blog\/restaurantes-que-tachar-en-diciembre\/","title":{"rendered":"Restaurantes que tachar en diciembre"},"content":{"rendered":"<p>Es momento de cenas navide\u00f1as, si no has reservado ya en los sitios m\u00e1s de moda ser\u00e1 dif\u00edcil encontrar mesa, pero aqu\u00ed va mi selecci\u00f3n&#8230;Empezando por donde cenamos antes de ayer \ud83d\ude09<\/p>\n<p><span style=\"text-decoration: underline;\"><strong>La Vaquer\u00eda Monta\u00f1esa<\/strong><\/span><\/p>\n<p><img loading=\"lazy\" decoding=\"async\" class=\"aligncenter size-full wp-image-3898\" src=\"https:\/\/oui-oui.es\/blog\/wp-content\/uploads\/2015\/12\/Oui-Oui-restaurantes-tachar-diciembre-la-vaqueria-monta\u00f1esa.jpg\" alt=\"Oui Oui-restaurantes tachar diciembre-la vaqueria monta\u00f1esa\" width=\"560\" height=\"373\" srcset=\"https:\/\/oui-oui.es\/blog\/wp-content\/uploads\/2015\/12\/Oui-Oui-restaurantes-tachar-diciembre-la-vaqueria-monta\u00f1esa.jpg 560w, https:\/\/oui-oui.es\/blog\/wp-content\/uploads\/2015\/12\/Oui-Oui-restaurantes-tachar-diciembre-la-vaqueria-monta\u00f1esa-300x200.jpg 300w\" sizes=\"auto, (max-width: 560px) 100vw, 560px\" \/><\/p>\n<p>En el antiguo local de la Vaquer\u00eda Suiza se sit\u00faa la \u00faltima propuesta gastron\u00f3mica del <strong>grupo De Luz<\/strong> en Madrid (tras <strong>La Carmencita<\/strong> y <strong>Celso y Manolo<\/strong>); una extensa carta (con entrantes del norte como rabas, anchoas, pulpo&#8230;Pero tambi\u00e9n unas croquetas de bogavante muy buenas) y diversas proupestas; desde pastas a platos de huevos, pollo, carne,percado y hasta cabrito&#8230;Todo riqu\u00edsimo (menci\u00f3n especial para la cookie de postre) en un ambiente c\u00e1lido y sencillo para charlas con amigos tranquilamente. Precio medio 35\u20ac<\/p>\n<p><strong>\u00bfD\u00f3nde?<\/strong> C\/Blanca de Navarra,8 <strong>Tlf: <span class=\"_Xbe kno-fv\"><a class=\"fl r-irlouv5e2H9E\" title=\"Llamar a trav\u00e9s de Hangouts\" data-number=\"+34911387106\" data-rtid=\"irlouv5e2H9E\" data-ved=\"0ahUKEwj11tC48OLJAhXHlxoKHWdpDlsQkAgIkQEwEw\">91 138 71 06<\/a><\/span><\/strong><\/p>\n<p><span style=\"text-decoration: underline;\"><strong><a href=\"http:\/\/teckelmadrid.com\/\" target=\"_blank\">Teckel Madrid<\/a><\/strong><\/span><\/p>\n<div id=\"attachment_3900\" style=\"width: 650px\" class=\"wp-caption aligncenter\"><img loading=\"lazy\" decoding=\"async\" aria-describedby=\"caption-attachment-3900\" class=\"wp-image-3900 size-full\" src=\"https:\/\/oui-oui.es\/blog\/wp-content\/uploads\/2015\/12\/Oui-Oui-restaurantes-tachar-diciembre-teckel-couis-interiorismo.jpg\" alt=\"Oui Oui-restaurantes tachar diciembre-teckel-couis interiorismo\" width=\"640\" height=\"427\" srcset=\"https:\/\/oui-oui.es\/blog\/wp-content\/uploads\/2015\/12\/Oui-Oui-restaurantes-tachar-diciembre-teckel-couis-interiorismo.jpg 640w, https:\/\/oui-oui.es\/blog\/wp-content\/uploads\/2015\/12\/Oui-Oui-restaurantes-tachar-diciembre-teckel-couis-interiorismo-300x200.jpg 300w, https:\/\/oui-oui.es\/blog\/wp-content\/uploads\/2015\/12\/Oui-Oui-restaurantes-tachar-diciembre-teckel-couis-interiorismo-600x400.jpg 600w\" sizes=\"auto, (max-width: 640px) 100vw, 640px\" \/><p id=\"caption-attachment-3900\" class=\"wp-caption-text\">V\u00eda La Gastr\u00f3noma<\/p><\/div>\n<p>Aunque lleva abierto desde finales de octubre a\u00fan no he podido ir y me cuentan que merece la pena, adem\u00e1s est\u00e1 en mi rect\u00e1ngulo de confianza Castellana-Chamart\u00edn ;), con el interiorismo firmado por el equipo <strong>Cousi<\/strong>, seguro que la deco no te deja indiferente y tienen platos tan apetecibles como el <strong>bocadillo de costilla<\/strong>s&#8230;Yo ya estoy planeando la siguiente comida aqu\u00ed!. Precio medio 25\u20ac<\/p>\n<div id=\"attachment_3899\" style=\"width: 650px\" class=\"wp-caption aligncenter\"><img loading=\"lazy\" decoding=\"async\" aria-describedby=\"caption-attachment-3899\" class=\"wp-image-3899 size-full\" src=\"https:\/\/oui-oui.es\/blog\/wp-content\/uploads\/2015\/12\/Oui-Oui-restaurante-teckel-madrid-bocadillo-de-costillas-restaurantes-tachar-diciembre.jpg\" alt=\"Oui Oui-restaurante teckel madrid-bocadillo de costillas-restaurantes tachar diciembre\" width=\"640\" height=\"427\" srcset=\"https:\/\/oui-oui.es\/blog\/wp-content\/uploads\/2015\/12\/Oui-Oui-restaurante-teckel-madrid-bocadillo-de-costillas-restaurantes-tachar-diciembre.jpg 640w, https:\/\/oui-oui.es\/blog\/wp-content\/uploads\/2015\/12\/Oui-Oui-restaurante-teckel-madrid-bocadillo-de-costillas-restaurantes-tachar-diciembre-300x200.jpg 300w, https:\/\/oui-oui.es\/blog\/wp-content\/uploads\/2015\/12\/Oui-Oui-restaurante-teckel-madrid-bocadillo-de-costillas-restaurantes-tachar-diciembre-600x400.jpg 600w\" sizes=\"auto, (max-width: 640px) 100vw, 640px\" \/><p id=\"caption-attachment-3899\" class=\"wp-caption-text\">V\u00eda La Gastr\u00f3noma<\/p><\/div>\n<p><strong>\u00bfD\u00f3nde?<\/strong> C\/Concha Espina, 55 Tlf: 91 599 64 00<\/p>\n<p><span style=\"text-decoration: underline;\"><strong>Benar\u00e9s<\/strong><\/span><\/p>\n<p><img loading=\"lazy\" decoding=\"async\" class=\"aligncenter size-full wp-image-3901\" src=\"https:\/\/oui-oui.es\/blog\/wp-content\/uploads\/2015\/12\/Oui-Oui-restaurantes-tachar-diciembre-Benares-restaurante-indio.jpg\" alt=\"Oui Oui-restaurantes tachar diciembre-Benares-restaurante indio\" width=\"800\" height=\"532\" srcset=\"https:\/\/oui-oui.es\/blog\/wp-content\/uploads\/2015\/12\/Oui-Oui-restaurantes-tachar-diciembre-Benares-restaurante-indio.jpg 800w, https:\/\/oui-oui.es\/blog\/wp-content\/uploads\/2015\/12\/Oui-Oui-restaurantes-tachar-diciembre-Benares-restaurante-indio-300x200.jpg 300w, https:\/\/oui-oui.es\/blog\/wp-content\/uploads\/2015\/12\/Oui-Oui-restaurantes-tachar-diciembre-Benares-restaurante-indio-600x399.jpg 600w\" sizes=\"auto, (max-width: 800px) 100vw, 800px\" \/><\/p>\n<p>Fu\u00e9 pasar por la puerta en coche y que sus l\u00e1mparas e iluminaci\u00f3n nos hicieran girar la cabeza&#8230;Y despu\u00e9s ha resultado ser el \u00fanico restaurante de alta cocina india de Madrid (y de Espa\u00f1a) ubicado, adem\u00e1s, donde el antiguo Annapurna. <strong>Benar\u00e9s<\/strong> Madrid es la versi\u00f3n espa\u00f1ola del situado en Mayfair, Londres, as\u00ed que tenemos que ir s\u00ed o s\u00ed, a conocerlo!. De nuevo <strong>Cousi Interiorismo<\/strong> a los mandos de la deco (parece la nueva oleada despu\u00e9s de los restaurante \u00abMadrid in Love\u00bb) , que tengan una barra de postres ya le hace merecedor de ir pront\u00edsimo a conocerlo!. Precio medio 70\u20ac.<\/p>\n<p><img loading=\"lazy\" decoding=\"async\" class=\"aligncenter size-full wp-image-3902\" src=\"https:\/\/oui-oui.es\/blog\/wp-content\/uploads\/2015\/12\/Oui-Oui-restaurantes-tachar-diciembre-Benares-restaurante-indio-Madrid-Pollo-Tandoori-Murg.jpg\" alt=\"Oui Oui-restaurantes tachar diciembre-Benares-restaurante indio-Madrid-Pollo-Tandoori-Murg\" width=\"1000\" height=\"665\" srcset=\"https:\/\/oui-oui.es\/blog\/wp-content\/uploads\/2015\/12\/Oui-Oui-restaurantes-tachar-diciembre-Benares-restaurante-indio-Madrid-Pollo-Tandoori-Murg.jpg 1000w, https:\/\/oui-oui.es\/blog\/wp-content\/uploads\/2015\/12\/Oui-Oui-restaurantes-tachar-diciembre-Benares-restaurante-indio-Madrid-Pollo-Tandoori-Murg-300x200.jpg 300w, https:\/\/oui-oui.es\/blog\/wp-content\/uploads\/2015\/12\/Oui-Oui-restaurantes-tachar-diciembre-Benares-restaurante-indio-Madrid-Pollo-Tandoori-Murg-600x399.jpg 600w\" sizes=\"auto, (max-width: 1000px) 100vw, 1000px\" \/><\/p>\n<p>&nbsp;<\/p>\n<p><strong>\u00bfD\u00f3nde?<\/strong> C\/ Zurbano, 5\u00a0\u00a0 Tlf: 91 319 87 16<\/p>\n<p><span style=\"text-decoration: underline;\"><strong><a href=\"http:\/\/www.umiko.es\/\" target=\"_blank\">Umiko<\/a><\/strong><\/span><\/p>\n<p><img loading=\"lazy\" decoding=\"async\" class=\"aligncenter size-full wp-image-3904\" src=\"https:\/\/oui-oui.es\/blog\/wp-content\/uploads\/2015\/12\/Oui-Oui-restaurantes-tachar-diciembre-umiko-fusion-japones-diosa-del-mar.jpg\" alt=\"Oui Oui-restaurantes tachar diciembre-umiko-fusion japones-diosa del mar\" width=\"887\" height=\"789\" srcset=\"https:\/\/oui-oui.es\/blog\/wp-content\/uploads\/2015\/12\/Oui-Oui-restaurantes-tachar-diciembre-umiko-fusion-japones-diosa-del-mar.jpg 887w, https:\/\/oui-oui.es\/blog\/wp-content\/uploads\/2015\/12\/Oui-Oui-restaurantes-tachar-diciembre-umiko-fusion-japones-diosa-del-mar-300x267.jpg 300w, https:\/\/oui-oui.es\/blog\/wp-content\/uploads\/2015\/12\/Oui-Oui-restaurantes-tachar-diciembre-umiko-fusion-japones-diosa-del-mar-600x534.jpg 600w\" sizes=\"auto, (max-width: 887px) 100vw, 887px\" \/><\/p>\n<p>Tambi\u00e9n lleva varios meses de rodaje (eso es bueno), pero me han hablado muy bien (lo recomendaba Dabiz Mu\u00f1oz) de este restaurante de <strong>cocina fusi\u00f3n japo espa\u00f1ola<\/strong>, con el pescado como protagonista.Me muero por probar el tartar&#8230;Por cierto, organizan cenas de empresa y te pueden preparar la cena de Nochebuena ;). Precio medio: 40\u20ac<\/p>\n<div id=\"attachment_3903\" style=\"width: 1034px\" class=\"wp-caption aligncenter\"><img loading=\"lazy\" decoding=\"async\" aria-describedby=\"caption-attachment-3903\" class=\"size-full wp-image-3903\" src=\"https:\/\/oui-oui.es\/blog\/wp-content\/uploads\/2015\/12\/Oui-Oui-restaurantes-tachar-diciembre-umiko-fusion-japones-tartar.jpg\" alt=\"V\u00eda La Gastr\u00f3noma\" width=\"1024\" height=\"1024\" srcset=\"https:\/\/oui-oui.es\/blog\/wp-content\/uploads\/2015\/12\/Oui-Oui-restaurantes-tachar-diciembre-umiko-fusion-japones-tartar.jpg 1024w, https:\/\/oui-oui.es\/blog\/wp-content\/uploads\/2015\/12\/Oui-Oui-restaurantes-tachar-diciembre-umiko-fusion-japones-tartar-150x150.jpg 150w, https:\/\/oui-oui.es\/blog\/wp-content\/uploads\/2015\/12\/Oui-Oui-restaurantes-tachar-diciembre-umiko-fusion-japones-tartar-300x300.jpg 300w, https:\/\/oui-oui.es\/blog\/wp-content\/uploads\/2015\/12\/Oui-Oui-restaurantes-tachar-diciembre-umiko-fusion-japones-tartar-600x600.jpg 600w\" sizes=\"auto, (max-width: 1024px) 100vw, 1024px\" \/><p id=\"caption-attachment-3903\" class=\"wp-caption-text\">V\u00eda La Gastr\u00f3noma<\/p><\/div>\n<p><strong>\u00bfD\u00f3nde?<\/strong> C\/Los Madrazo,18 Tlf: 91 493 87 06<\/p>\n<p>&nbsp;<\/p>\n<div id=\"stcpDiv\"><\/div>\n","protected":false},"excerpt":{"rendered":"<p>Es momento de cenas navide\u00f1as, si no has reservado ya en los sitios m\u00e1s de moda ser\u00e1 dif\u00edcil encontrar mesa, pero aqu\u00ed va mi selecci\u00f3n&#8230;Empezando por donde cenamos antes de ayer \ud83d\ude09 La Vaquer\u00eda Monta\u00f1esa En el antiguo local de la Vaquer\u00eda Suiza se sit\u00faa la \u00faltima propuesta gastron\u00f3mica del grupo De Luz en Madrid [&hellip;]<\/p>\n","protected":false},"author":1,"featured_media":3898,"comment_status":"open","ping_status":"open","sticky":false,"template":"","format":"standard","meta":{"jetpack_post_was_ever_published":false,"_jetpack_newsletter_access":"","_jetpack_dont_email_post_to_subs":false,"_jetpack_newsletter_tier_id":0,"_jetpack_memberships_contains_paywalled_content":false,"_jetpack_memberships_contains_paid_content":false,"footnotes":"","jetpack_publicize_message":"","jetpack_publicize_feature_enabled":true,"jetpack_social_post_already_shared":true,"jetpack_social_options":{"image_generator_settings":{"template":"highway","default_image_id":0,"font":"","enabled":false},"version":2}},"categories":[177],"tags":[736],"class_list":["post-3897","post","type-post","status-publish","format-standard","has-post-thumbnail","hentry","category-lifestyle-2","tag-restaurantes"],"aioseo_notices":[],"jetpack_publicize_connections":[],"jetpack_featured_media_url":"https:\/\/oui-oui.es\/blog\/wp-content\/uploads\/2015\/12\/Oui-Oui-restaurantes-tachar-diciembre-la-vaqueria-monta\u00f1esa.jpg","jetpack_sharing_enabled":true,"jetpack-related-posts":[{"id":1133,"url":"https:\/\/oui-oui.es\/blog\/weddsgiving-o-el-planazo-de-las-navidades-pasadas\/","url_meta":{"origin":3897,"position":0},"title":"Weddsgiving, o el planazo de las navidades pasadas","author":"Mar\u00eda \u2665Oui Oui\u2665","date":"22 enero, 2014","format":false,"excerpt":"Llego tarde, ya lo s\u00e9, en este mundo bloggeril, o escribes sobre el \"evento en cuesti\u00f3n\" como tarde a la semana siguiente de acudir o ya puede parecer \"pasado\"...Pues bien, yo escribo este post m\u00e1s de un mes despu\u00e9s, porque es cuando he tenido tiempo y porque me apetece. Es\u2026","rel":"","context":"En \u00abNavidad\u00bb","block_context":{"text":"Navidad","link":"https:\/\/oui-oui.es\/blog\/category\/fiestas-celebraciones\/navidad\/"},"img":{"alt_text":"","src":"https:\/\/i0.wp.com\/oui-oui.es\/blog\/wp-content\/uploads\/2014\/01\/oui-oui-weddsgiving-comida-navidad-bloggers-vaqueria-suiza-savethedateproject-ranasyprincesas-debodaconmaron-tocadosletouquet-7.jpg?resize=350%2C200&ssl=1","width":350,"height":200},"classes":[]},{"id":4960,"url":"https:\/\/oui-oui.es\/blog\/restaurantes-que-tachar-en-diciembre-2\/","url_meta":{"origin":3897,"position":1},"title":"Restaurantes que tachar en diciembre","author":"Mar\u00eda \u2665Oui Oui\u2665","date":"2 diciembre, 2016","format":false,"excerpt":"Tengo esta secci\u00f3n un poco abandonada, b\u00e1sicamente por falta de tiempo y porque \u00e9sta ha hecho que salga menos a comer por ah\u00ed, pero no quiero despedir el a\u00f1o, ni empezar diciembre (mes de las cenas y comidas fuera por excelencia) sin dejar, al menos plasmados, todos los restaurantes que\u2026","rel":"","context":"En \u00abLA GU\u00cdA DE MAR\u00cdA\u00bb","block_context":{"text":"LA GU\u00cdA DE MAR\u00cdA","link":"https:\/\/oui-oui.es\/blog\/category\/la-guia-de-maria\/"},"img":{"alt_text":"","src":"https:\/\/i0.wp.com\/oui-oui.es\/blog\/wp-content\/uploads\/2016\/12\/Oui-Oui-duck-and-sushi-restaurantes-cuzco-restaurantes-calle-orense-restaurantes-plaza-castilla.jpg?resize=350%2C200&ssl=1","width":350,"height":200,"srcset":"https:\/\/i0.wp.com\/oui-oui.es\/blog\/wp-content\/uploads\/2016\/12\/Oui-Oui-duck-and-sushi-restaurantes-cuzco-restaurantes-calle-orense-restaurantes-plaza-castilla.jpg?resize=350%2C200&ssl=1 1x, https:\/\/i0.wp.com\/oui-oui.es\/blog\/wp-content\/uploads\/2016\/12\/Oui-Oui-duck-and-sushi-restaurantes-cuzco-restaurantes-calle-orense-restaurantes-plaza-castilla.jpg?resize=525%2C300&ssl=1 1.5x"},"classes":[]},{"id":4418,"url":"https:\/\/oui-oui.es\/blog\/restaurantes-que-tachar-en-junio\/","url_meta":{"origin":3897,"position":2},"title":"Restaurantes que tachar en junio","author":"Mar\u00eda \u2665Oui Oui\u2665","date":"8 junio, 2016","format":false,"excerpt":"Los restaurantes de este mes van a estar dedicados al Barrio de las Letras, como os contaba ayer, participaremos en DecorAcci\u00f3n y me gusta (en la medida de lo posible porque con los horarios del stand es complicado) aprovechar para tachar esos sitios que tengo pendiente por la zona y\u2026","rel":"","context":"En \u00abESTILO DE VIDA\u00bb","block_context":{"text":"ESTILO DE VIDA","link":"https:\/\/oui-oui.es\/blog\/category\/lifestyle-2\/"},"img":{"alt_text":"","src":"https:\/\/i0.wp.com\/oui-oui.es\/blog\/wp-content\/uploads\/2016\/06\/Oui-Oui-restaurantes-tachar-junio-mercado-anton-martin-buns-and-bones.jpg?resize=350%2C200&ssl=1","width":350,"height":200,"srcset":"https:\/\/i0.wp.com\/oui-oui.es\/blog\/wp-content\/uploads\/2016\/06\/Oui-Oui-restaurantes-tachar-junio-mercado-anton-martin-buns-and-bones.jpg?resize=350%2C200&ssl=1 1x, https:\/\/i0.wp.com\/oui-oui.es\/blog\/wp-content\/uploads\/2016\/06\/Oui-Oui-restaurantes-tachar-junio-mercado-anton-martin-buns-and-bones.jpg?resize=525%2C300&ssl=1 1.5x, https:\/\/i0.wp.com\/oui-oui.es\/blog\/wp-content\/uploads\/2016\/06\/Oui-Oui-restaurantes-tachar-junio-mercado-anton-martin-buns-and-bones.jpg?resize=700%2C400&ssl=1 2x"},"classes":[]},{"id":4255,"url":"https:\/\/oui-oui.es\/blog\/restaurantes-que-tachar-en-mayo\/","url_meta":{"origin":3897,"position":3},"title":"Restaurantes que tachar en mayo","author":"Mar\u00eda \u2665Oui Oui\u2665","date":"4 mayo, 2016","format":false,"excerpt":"Llevaba desaparecida desde febrero en lo que a restaurantes a tachar se refiere, pero no pod\u00eda demorarlo m\u00e1s, as\u00ed que aqu\u00ed va mi propuesta para este mes El invernadero de los Pe\u00f1otes Es el primero de la lista porque all\u00ed es donde comimos el d\u00eda de la Madre, mi primer\u2026","rel":"","context":"En \u00abESTILO DE VIDA\u00bb","block_context":{"text":"ESTILO DE VIDA","link":"https:\/\/oui-oui.es\/blog\/category\/lifestyle-2\/"},"img":{"alt_text":"","src":"https:\/\/i0.wp.com\/oui-oui.es\/blog\/wp-content\/uploads\/2016\/04\/Oui-Oui-restaurantes-tachar-mayo-invernadero-los-pe%C3%B1otes.jpg?resize=350%2C200&ssl=1","width":350,"height":200,"srcset":"https:\/\/i0.wp.com\/oui-oui.es\/blog\/wp-content\/uploads\/2016\/04\/Oui-Oui-restaurantes-tachar-mayo-invernadero-los-pe%C3%B1otes.jpg?resize=350%2C200&ssl=1 1x, https:\/\/i0.wp.com\/oui-oui.es\/blog\/wp-content\/uploads\/2016\/04\/Oui-Oui-restaurantes-tachar-mayo-invernadero-los-pe%C3%B1otes.jpg?resize=525%2C300&ssl=1 1.5x, https:\/\/i0.wp.com\/oui-oui.es\/blog\/wp-content\/uploads\/2016\/04\/Oui-Oui-restaurantes-tachar-mayo-invernadero-los-pe%C3%B1otes.jpg?resize=700%2C400&ssl=1 2x"},"classes":[]},{"id":3285,"url":"https:\/\/oui-oui.es\/blog\/mis-imprescindibles-en-leon-restaurantes-y-bares-de-tapas\/","url_meta":{"origin":3897,"position":4},"title":"Mis imprescindibles en Le\u00f3n | restaurantes y bares de tapas","author":"Mar\u00eda \u2665Oui Oui\u2665","date":"7 septiembre, 2015","format":false,"excerpt":"\u00a0 Me encanta conocer restaurantes nuevos; de todo tipo, pero en Madrid la t\u00f3nica general es que sean de dise\u00f1o, con una cuidada decoraci\u00f3n, muchos con cartas variadas de corte internacional o de cocina creativa. Por eso, cuando salgo a ciudades m\u00e1s peque\u00f1as me apetece disfrutar de lugares m\u00e1s aut\u00e9nticos,\u2026","rel":"","context":"En \u00abESTILO DE VIDA\u00bb","block_context":{"text":"ESTILO DE VIDA","link":"https:\/\/oui-oui.es\/blog\/category\/lifestyle-2\/"},"img":{"alt_text":"","src":"https:\/\/i0.wp.com\/oui-oui.es\/blog\/wp-content\/uploads\/2015\/09\/Oui-Oui-restaurantes-en-Le%C3%B3n-mes%C3%B3n-el-burgo.jpg?resize=350%2C200&ssl=1","width":350,"height":200,"srcset":"https:\/\/i0.wp.com\/oui-oui.es\/blog\/wp-content\/uploads\/2015\/09\/Oui-Oui-restaurantes-en-Le%C3%B3n-mes%C3%B3n-el-burgo.jpg?resize=350%2C200&ssl=1 1x, https:\/\/i0.wp.com\/oui-oui.es\/blog\/wp-content\/uploads\/2015\/09\/Oui-Oui-restaurantes-en-Le%C3%B3n-mes%C3%B3n-el-burgo.jpg?resize=525%2C300&ssl=1 1.5x, https:\/\/i0.wp.com\/oui-oui.es\/blog\/wp-content\/uploads\/2015\/09\/Oui-Oui-restaurantes-en-Le%C3%B3n-mes%C3%B3n-el-burgo.jpg?resize=700%2C400&ssl=1 2x, https:\/\/i0.wp.com\/oui-oui.es\/blog\/wp-content\/uploads\/2015\/09\/Oui-Oui-restaurantes-en-Le%C3%B3n-mes%C3%B3n-el-burgo.jpg?resize=1050%2C600&ssl=1 3x, https:\/\/i0.wp.com\/oui-oui.es\/blog\/wp-content\/uploads\/2015\/09\/Oui-Oui-restaurantes-en-Le%C3%B3n-mes%C3%B3n-el-burgo.jpg?resize=1400%2C800&ssl=1 4x"},"classes":[]},{"id":1726,"url":"https:\/\/oui-oui.es\/blog\/donde-alojarte-y-cenar-en-el-valle-de-aran\/","url_meta":{"origin":3897,"position":5},"title":"D\u00f3nde alojarte y cenar en el Valle de Ar\u00e1n","author":"Mar\u00eda \u2665Oui Oui\u2665","date":"22 enero, 2015","format":false,"excerpt":"He vuelto con las pilas cargadas despu\u00e9s de mi primer finde de esqu\u00ed en tres temporadas, entre el embarazo y la lactancia no hab\u00eda vuelto a esquiar y ten\u00eda muchas ganas, parece que hasta m\u00e1s de las que yo cre\u00eda, pues los tres d\u00edas me han sabido como si fueran\u2026","rel":"","context":"En \u00abESTILO DE VIDA\u00bb","block_context":{"text":"ESTILO DE VIDA","link":"https:\/\/oui-oui.es\/blog\/category\/lifestyle-2\/"},"img":{"alt_text":"","src":"https:\/\/i0.wp.com\/oui-oui.es\/blog\/wp-content\/uploads\/2015\/01\/oui-oui-restaurantes-favoritos-valle-de-aran-alojamientos-chulos-valle-de-aran-hotel-himalaya-le-sac-en-papier.jpg?resize=350%2C200&ssl=1","width":350,"height":200},"classes":[]}],"_links":{"self":[{"href":"https:\/\/oui-oui.es\/blog\/wp-json\/wp\/v2\/posts\/3897","targetHints":{"allow":["GET"]}}],"collection":[{"href":"https:\/\/oui-oui.es\/blog\/wp-json\/wp\/v2\/posts"}],"about":[{"href":"https:\/\/oui-oui.es\/blog\/wp-json\/wp\/v2\/types\/post"}],"author":[{"embeddable":true,"href":"https:\/\/oui-oui.es\/blog\/wp-json\/wp\/v2\/users\/1"}],"replies":[{"embeddable":true,"href":"https:\/\/oui-oui.es\/blog\/wp-json\/wp\/v2\/comments?post=3897"}],"version-history":[{"count":1,"href":"https:\/\/oui-oui.es\/blog\/wp-json\/wp\/v2\/posts\/3897\/revisions"}],"predecessor-version":[{"id":3905,"href":"https:\/\/oui-oui.es\/blog\/wp-json\/wp\/v2\/posts\/3897\/revisions\/3905"}],"wp:featuredmedia":[{"embeddable":true,"href":"https:\/\/oui-oui.es\/blog\/wp-json\/wp\/v2\/media\/3898"}],"wp:attachment":[{"href":"https:\/\/oui-oui.es\/blog\/wp-json\/wp\/v2\/media?parent=3897"}],"wp:term":[{"taxonomy":"category","embeddable":true,"href":"https:\/\/oui-oui.es\/blog\/wp-json\/wp\/v2\/categories?post=3897"},{"taxonomy":"post_tag","embeddable":true,"href":"https:\/\/oui-oui.es\/blog\/wp-json\/wp\/v2\/tags?post=3897"}],"curies":[{"name":"wp","href":"https:\/\/api.w.org\/{rel}","templated":true}]}}