{"id":3942,"date":"2016-01-25T00:01:23","date_gmt":"2016-01-24T22:01:23","guid":{"rendered":"https:\/\/oui-oui.es\/blog\/?p=3942"},"modified":"2016-01-17T19:45:29","modified_gmt":"2016-01-17T17:45:29","slug":"date-un-capricho-en-rebajas","status":"publish","type":"post","link":"https:\/\/oui-oui.es\/blog\/date-un-capricho-en-rebajas\/","title":{"rendered":"Date un capricho en rebajas"},"content":{"rendered":"<p>\u00bfSab\u00edas que en <strong>Oui Oui<\/strong> tenemos una <strong><a href=\"http:\/\/www.oui-oui.es\/37-rebajas\" target=\"_blank\">secci\u00f3n de rebajas<\/a><\/strong>?, en ella encontrar\u00e1s las <strong>\u00faltimas unidades<\/strong> de los productos que no volver\u00e1n con <strong>grandes descuentos<\/strong>, puedes aprovechar para comprar unos detalles navide\u00f1os para el a\u00f1o que viene a mitad de precio o para adelantar la compra de alg\u00fan regalo que tengas en mente (siempre me ha gustado la idea de la estanter\u00eda de los regalos como contaba aqu\u00ed)<\/p>\n<p>Aqu\u00ed tienes <strong>algunas ideas<\/strong><\/p>\n<p>Para San Valent\u00edn, este <strong><a href=\"http:\/\/www.oui-oui.es\/ddetalles-decoracion-boda-con-estilo\/803-banderin-i-love-you.html\" target=\"_blank\">bander\u00edn de tela que pone I Love You<\/a><\/strong><\/p>\n<p><a href=\"http:\/\/www.oui-oui.es\/ddetalles-decoracion-boda-con-estilo\/803-banderin-i-love-you.html\" rel=\"attachment wp-att-3946\"><img loading=\"lazy\" decoding=\"async\" class=\"aligncenter size-full wp-image-3946\" src=\"https:\/\/oui-oui.es\/blog\/wp-content\/uploads\/2016\/01\/Oui-Oui-banderin-rojo-I-LOVE-YOU.jpg\" alt=\"Oui Oui-banderin rojo I LOVE YOU\" width=\"630\" height=\"630\" srcset=\"https:\/\/oui-oui.es\/blog\/wp-content\/uploads\/2016\/01\/Oui-Oui-banderin-rojo-I-LOVE-YOU.jpg 630w, https:\/\/oui-oui.es\/blog\/wp-content\/uploads\/2016\/01\/Oui-Oui-banderin-rojo-I-LOVE-YOU-150x150.jpg 150w, https:\/\/oui-oui.es\/blog\/wp-content\/uploads\/2016\/01\/Oui-Oui-banderin-rojo-I-LOVE-YOU-300x300.jpg 300w, https:\/\/oui-oui.es\/blog\/wp-content\/uploads\/2016\/01\/Oui-Oui-banderin-rojo-I-LOVE-YOU-600x600.jpg 600w\" sizes=\"auto, (max-width: 630px) 100vw, 630px\" \/><\/a><\/p>\n<p>Para regalar a los peques, como este conjunto de <a href=\"http:\/\/www.oui-oui.es\/detalles-decoracion-ninos-habitacion-pinterest\/898-mc-castanuelas.html\" target=\"_blank\"><strong>sonajeros-maraca con forma de hamburguesa y patatas fritas<\/strong><\/a> \ud83d\ude09<\/p>\n<p><img loading=\"lazy\" decoding=\"async\" class=\"aligncenter size-full wp-image-3944\" src=\"https:\/\/oui-oui.es\/blog\/wp-content\/uploads\/2016\/01\/Oui-Oui-kit-hamburguer-hamburguesa-casta\u00f1uelas-sonajero-patatas-fritas.jpg\" alt=\"Oui Oui-kit hamburguer-hamburguesa casta\u00f1uelas-sonajero patatas fritas\" width=\"479\" height=\"479\" srcset=\"https:\/\/oui-oui.es\/blog\/wp-content\/uploads\/2016\/01\/Oui-Oui-kit-hamburguer-hamburguesa-casta\u00f1uelas-sonajero-patatas-fritas.jpg 479w, https:\/\/oui-oui.es\/blog\/wp-content\/uploads\/2016\/01\/Oui-Oui-kit-hamburguer-hamburguesa-casta\u00f1uelas-sonajero-patatas-fritas-150x150.jpg 150w, https:\/\/oui-oui.es\/blog\/wp-content\/uploads\/2016\/01\/Oui-Oui-kit-hamburguer-hamburguesa-casta\u00f1uelas-sonajero-patatas-fritas-300x300.jpg 300w\" sizes=\"auto, (max-width: 479px) 100vw, 479px\" \/><\/p>\n<p>O este <strong><a href=\"http:\/\/www.oui-oui.es\/detalles-decoracion-ninos-habitacion-pinterest\/900-vajilla-carita-nina.html\" target=\"_blank\">set de tacita y bowl de cereales<\/a><\/strong> tan ideal<\/p>\n<p><a href=\"http:\/\/www.oui-oui.es\/detalles-decoracion-ninos-habitacion-pinterest\/900-vajilla-carita-nina.html\" rel=\"attachment wp-att-3945\"><img loading=\"lazy\" decoding=\"async\" class=\"aligncenter size-full wp-image-3945\" src=\"https:\/\/oui-oui.es\/blog\/wp-content\/uploads\/2016\/01\/Oui-Oui-taza-y-cuenco-ni\u00f1a-montado.jpg\" alt=\"Oui Oui-taza y cuenco ni\u00f1a montado\" width=\"523\" height=\"523\" srcset=\"https:\/\/oui-oui.es\/blog\/wp-content\/uploads\/2016\/01\/Oui-Oui-taza-y-cuenco-ni\u00f1a-montado.jpg 523w, https:\/\/oui-oui.es\/blog\/wp-content\/uploads\/2016\/01\/Oui-Oui-taza-y-cuenco-ni\u00f1a-montado-150x150.jpg 150w, https:\/\/oui-oui.es\/blog\/wp-content\/uploads\/2016\/01\/Oui-Oui-taza-y-cuenco-ni\u00f1a-montado-300x300.jpg 300w\" sizes=\"auto, (max-width: 523px) 100vw, 523px\" \/><\/a><\/p>\n<p>Si vas a organizar una fiesta, tienes la <a href=\"http:\/\/www.oui-oui.es\/fiestas\/969-guirnalda-donuts.html\" target=\"_blank\"><strong>guirnalda de donuts<\/strong><\/a> que puedes complementar con las invitaciones, post it&#8230;)<\/p>\n<p><img loading=\"lazy\" decoding=\"async\" class=\"aligncenter size-large wp-image-3943\" src=\"https:\/\/oui-oui.es\/blog\/wp-content\/uploads\/2016\/01\/Oui-Oui-mesa-dulces-donut-guirnalda-cart\u00f3n-donuts-cuadrada-1024x1024.jpg\" alt=\"Oui Oui-mesa dulces donut-guirnalda cart\u00f3n donuts-cuadrada\" width=\"1024\" height=\"1024\" srcset=\"https:\/\/oui-oui.es\/blog\/wp-content\/uploads\/2016\/01\/Oui-Oui-mesa-dulces-donut-guirnalda-cart\u00f3n-donuts-cuadrada-1024x1024.jpg 1024w, https:\/\/oui-oui.es\/blog\/wp-content\/uploads\/2016\/01\/Oui-Oui-mesa-dulces-donut-guirnalda-cart\u00f3n-donuts-cuadrada-150x150.jpg 150w, https:\/\/oui-oui.es\/blog\/wp-content\/uploads\/2016\/01\/Oui-Oui-mesa-dulces-donut-guirnalda-cart\u00f3n-donuts-cuadrada-300x300.jpg 300w, https:\/\/oui-oui.es\/blog\/wp-content\/uploads\/2016\/01\/Oui-Oui-mesa-dulces-donut-guirnalda-cart\u00f3n-donuts-cuadrada-768x768.jpg 768w, https:\/\/oui-oui.es\/blog\/wp-content\/uploads\/2016\/01\/Oui-Oui-mesa-dulces-donut-guirnalda-cart\u00f3n-donuts-cuadrada-600x600.jpg 600w\" sizes=\"auto, (max-width: 1024px) 100vw, 1024px\" \/><\/p>\n<p>Puedes ver <a href=\"http:\/\/www.oui-oui.es\/37-rebajas\" target=\"_blank\"><strong>aqu\u00ed<\/strong><\/a> el resto de <a href=\"http:\/\/www.oui-oui.es\/37-rebajas\" target=\"_blank\"><strong>rebajas<\/strong><\/a>&#8230;Recuerda, seg\u00fan se vayan acabando, no volver\u00e1n \ud83d\ude09<\/p>\n","protected":false},"excerpt":{"rendered":"<p>\u00bfSab\u00edas que en Oui Oui tenemos una secci\u00f3n de rebajas?, en ella encontrar\u00e1s las \u00faltimas unidades de los productos que no volver\u00e1n con grandes descuentos, puedes aprovechar para comprar unos detalles navide\u00f1os para el a\u00f1o que viene a mitad de precio o para adelantar la compra de alg\u00fan regalo que tengas en mente (siempre me [&hellip;]<\/p>\n","protected":false},"author":1,"featured_media":3945,"comment_status":"open","ping_status":"open","sticky":false,"template":"","format":"standard","meta":{"jetpack_post_was_ever_published":false,"_jetpack_newsletter_access":"","_jetpack_dont_email_post_to_subs":false,"_jetpack_newsletter_tier_id":0,"_jetpack_memberships_contains_paywalled_content":false,"_jetpack_memberships_contains_paid_content":false,"footnotes":"","jetpack_publicize_message":"","jetpack_publicize_feature_enabled":true,"jetpack_social_post_already_shared":true,"jetpack_social_options":{"image_generator_settings":{"template":"highway","default_image_id":0,"font":"","enabled":false},"version":2}},"categories":[13],"tags":[733],"class_list":["post-3942","post","type-post","status-publish","format-standard","has-post-thumbnail","hentry","category-oui-oui","tag-oui-oui-concept-store"],"aioseo_notices":[],"jetpack_publicize_connections":[],"jetpack_featured_media_url":"https:\/\/oui-oui.es\/blog\/wp-content\/uploads\/2016\/01\/Oui-Oui-taza-y-cuenco-ni\u00f1a-montado.jpg","jetpack_sharing_enabled":true,"jetpack-related-posts":[{"id":1144,"url":"https:\/\/oui-oui.es\/blog\/estamos-de-rebajas\/","url_meta":{"origin":3942,"position":0},"title":"\u00a1Estamos de Rebajas!","author":"Mar\u00eda \u2665Oui Oui\u2665","date":"23 enero, 2014","format":false,"excerpt":"\u00bfNo os hab\u00edais enterado? Pues corre que hay pocas unidades de casi todo!, la idea es liquidar algunos productos para dejar hueco a otros nuevos y ofreceros la oportunidad de comprar m\u00e1s barato otros productos que seguir\u00e1n...En cualquier caso es momento de aprovechar! En la secci\u00f3n rebajas pod\u00e9is ver todo...Muchos\u2026","rel":"","context":"En \u00abOUI OUI\u00bb","block_context":{"text":"OUI OUI","link":"https:\/\/oui-oui.es\/blog\/category\/oui-oui\/"},"img":{"alt_text":"","src":"https:\/\/i0.wp.com\/oui-oui.es\/blog\/wp-content\/uploads\/2014\/01\/oui-oui-rebajas-enero.jpg?resize=350%2C200&ssl=1","width":350,"height":200,"srcset":"https:\/\/i0.wp.com\/oui-oui.es\/blog\/wp-content\/uploads\/2014\/01\/oui-oui-rebajas-enero.jpg?resize=350%2C200&ssl=1 1x, https:\/\/i0.wp.com\/oui-oui.es\/blog\/wp-content\/uploads\/2014\/01\/oui-oui-rebajas-enero.jpg?resize=525%2C300&ssl=1 1.5x, https:\/\/i0.wp.com\/oui-oui.es\/blog\/wp-content\/uploads\/2014\/01\/oui-oui-rebajas-enero.jpg?resize=700%2C400&ssl=1 2x"},"classes":[]},{"id":4505,"url":"https:\/\/oui-oui.es\/blog\/3-cosas-que-comprare-en-las-rebajas-de-zara\/","url_meta":{"origin":3942,"position":1},"title":"3 cosas que comprar\u00e9 en las rebajas de Zara","author":"Mar\u00eda \u2665Oui Oui\u2665","date":"22 junio, 2016","format":false,"excerpt":"Ten\u00eda que ir a cambiar una blusa en Zara y esta tarde encontr\u00e9 un huequito y me he encontrado con que ya hab\u00eda rebajas en muchas tiendas (menos en el Imprerio Inditex, por supuesto, que ellos siempre esperan al 1 de julio), as\u00ed que en Zara me he resistido a\u2026","rel":"","context":"En \u00abESTILO DE VIDA\u00bb","block_context":{"text":"ESTILO DE VIDA","link":"https:\/\/oui-oui.es\/blog\/category\/lifestyle-2\/"},"img":{"alt_text":"","src":"https:\/\/i0.wp.com\/oui-oui.es\/blog\/wp-content\/uploads\/2016\/06\/Oui-Oui-sombrero-canotier-multicolor-zara.jpg?resize=350%2C200&ssl=1","width":350,"height":200},"classes":[]},{"id":4692,"url":"https:\/\/oui-oui.es\/blog\/las-vacaciones-son-para-comprar\/","url_meta":{"origin":3942,"position":2},"title":"Las vacaciones son para comprar","author":"Mar\u00eda \u2665Oui Oui\u2665","date":"20 julio, 2016","format":false,"excerpt":"Pues s\u00ed, no mientras est\u00e1s en la playa o en la piscina, pero s\u00ed por las tardes\/noches...Y m\u00e1s a\u00fan si est\u00e1s fuera de casa, en una casa en la que haya alguien todo el d\u00eda, en el pueblo, en la monta\u00f1a o en casa de los abuelos. A m\u00ed me\u2026","rel":"","context":"En \u00abOUI OUI\u00bb","block_context":{"text":"OUI OUI","link":"https:\/\/oui-oui.es\/blog\/category\/oui-oui\/"},"img":{"alt_text":"","src":"https:\/\/i0.wp.com\/oui-oui.es\/blog\/wp-content\/uploads\/2016\/07\/Oui-Oui-colchoneta-helado-flotador-helado-hotel-nabia.jpg?resize=350%2C200&ssl=1","width":350,"height":200,"srcset":"https:\/\/i0.wp.com\/oui-oui.es\/blog\/wp-content\/uploads\/2016\/07\/Oui-Oui-colchoneta-helado-flotador-helado-hotel-nabia.jpg?resize=350%2C200&ssl=1 1x, https:\/\/i0.wp.com\/oui-oui.es\/blog\/wp-content\/uploads\/2016\/07\/Oui-Oui-colchoneta-helado-flotador-helado-hotel-nabia.jpg?resize=525%2C300&ssl=1 1.5x, https:\/\/i0.wp.com\/oui-oui.es\/blog\/wp-content\/uploads\/2016\/07\/Oui-Oui-colchoneta-helado-flotador-helado-hotel-nabia.jpg?resize=700%2C400&ssl=1 2x, https:\/\/i0.wp.com\/oui-oui.es\/blog\/wp-content\/uploads\/2016\/07\/Oui-Oui-colchoneta-helado-flotador-helado-hotel-nabia.jpg?resize=1050%2C600&ssl=1 3x, https:\/\/i0.wp.com\/oui-oui.es\/blog\/wp-content\/uploads\/2016\/07\/Oui-Oui-colchoneta-helado-flotador-helado-hotel-nabia.jpg?resize=1400%2C800&ssl=1 4x"},"classes":[]},{"id":5032,"url":"https:\/\/oui-oui.es\/blog\/flechazo-el-calzado-de-anniel\/","url_meta":{"origin":3942,"position":3},"title":"Flechazo: el calzado de Anniel","author":"Mar\u00eda \u2665Oui Oui\u2665","date":"20 enero, 2017","format":false,"excerpt":"Muchas veces las cosas surgen en cadena; vi unas botas de ni\u00f1a que me chiflaron y d\u00ed por hecho que habr\u00eda talla para Frida, total que iba a preparar un post de wishlist para su cumplea\u00f1os \u00a1cumple ya un a\u00f1o y, s\u00ed, se me ha pasado volando! y cuando voy\u2026","rel":"","context":"En \u00abESTILO DE VIDA\u00bb","block_context":{"text":"ESTILO DE VIDA","link":"https:\/\/oui-oui.es\/blog\/category\/lifestyle-2\/"},"img":{"alt_text":"","src":"https:\/\/i0.wp.com\/oui-oui.es\/blog\/wp-content\/uploads\/2017\/01\/Oui-Oui-botas-nieve-para-ni%C3%B1a-botas-forrados-bambi-anouk.jpg?resize=350%2C200&ssl=1","width":350,"height":200,"srcset":"https:\/\/i0.wp.com\/oui-oui.es\/blog\/wp-content\/uploads\/2017\/01\/Oui-Oui-botas-nieve-para-ni%C3%B1a-botas-forrados-bambi-anouk.jpg?resize=350%2C200&ssl=1 1x, https:\/\/i0.wp.com\/oui-oui.es\/blog\/wp-content\/uploads\/2017\/01\/Oui-Oui-botas-nieve-para-ni%C3%B1a-botas-forrados-bambi-anouk.jpg?resize=525%2C300&ssl=1 1.5x, https:\/\/i0.wp.com\/oui-oui.es\/blog\/wp-content\/uploads\/2017\/01\/Oui-Oui-botas-nieve-para-ni%C3%B1a-botas-forrados-bambi-anouk.jpg?resize=700%2C400&ssl=1 2x"},"classes":[]},{"id":10919,"url":"https:\/\/oui-oui.es\/blog\/las-5-cosas-superfluas-pero-imprescindibles-de-este-julio\/","url_meta":{"origin":3942,"position":4},"title":"Las 5 cosas Superfluas pero Imprescindibles de este julio","author":"Mar\u00eda \u2665Oui Oui\u2665","date":"29 julio, 2025","format":false,"excerpt":"Los helados Utop\u00eda de Magnum Me cuesta elegir entre el Doble Cherry y el el Doble Hazelnut , ambos con una combinaci\u00f3n de sabores, texturas y matices incre\u00edble, el primero m\u00e1s \u00e1cido (pero con un toque de cereza amarga impresionante que recuerda un poco a una piruleta fiesta pero con\u2026","rel":"","context":"En \u00abSin categor\u00eda\u00bb","block_context":{"text":"Sin categor\u00eda","link":"https:\/\/oui-oui.es\/blog\/category\/sin-categoria\/"},"img":{"alt_text":"","src":"https:\/\/i0.wp.com\/oui-oui.es\/blog\/wp-content\/uploads\/2025\/07\/Oui-Oui-es-Superfluo-Imprescindible-Magnum-Utopia-los-mejores-helados-de-2025.webp?resize=350%2C200&ssl=1","width":350,"height":200,"srcset":"https:\/\/i0.wp.com\/oui-oui.es\/blog\/wp-content\/uploads\/2025\/07\/Oui-Oui-es-Superfluo-Imprescindible-Magnum-Utopia-los-mejores-helados-de-2025.webp?resize=350%2C200&ssl=1 1x, https:\/\/i0.wp.com\/oui-oui.es\/blog\/wp-content\/uploads\/2025\/07\/Oui-Oui-es-Superfluo-Imprescindible-Magnum-Utopia-los-mejores-helados-de-2025.webp?resize=525%2C300&ssl=1 1.5x, https:\/\/i0.wp.com\/oui-oui.es\/blog\/wp-content\/uploads\/2025\/07\/Oui-Oui-es-Superfluo-Imprescindible-Magnum-Utopia-los-mejores-helados-de-2025.webp?resize=700%2C400&ssl=1 2x"},"classes":[]},{"id":5174,"url":"https:\/\/oui-oui.es\/blog\/gafas-de-sol-para-ninos-siroko\/","url_meta":{"origin":3942,"position":5},"title":"Gafas de sol para ni\u00f1os | Siroko","author":"Mar\u00eda \u2665Oui Oui\u2665","date":"13 marzo, 2017","format":false,"excerpt":"\u00a0 Como escrib\u00eda el otro d\u00eda,\u00a0 ya estoy en modo primavera-verano total y pensando en verano y en gafas de sol di con Siroko, una marca del norte de Espa\u00f1a de la que me llam\u00f3 la atenci\u00f3n su filosof\u00eda What you are is what you do, con productos inspirados en\u2026","rel":"","context":"En \u00abNI\u00d1OS Y NI\u00d1AS\u00bb","block_context":{"text":"NI\u00d1OS Y NI\u00d1AS","link":"https:\/\/oui-oui.es\/blog\/category\/ninos\/"},"img":{"alt_text":"","src":"https:\/\/i0.wp.com\/oui-oui.es\/blog\/wp-content\/uploads\/2017\/03\/Oui-Oui-gafas-sol-ni%C3%B1os-siroko.jpg?resize=350%2C200&ssl=1","width":350,"height":200,"srcset":"https:\/\/i0.wp.com\/oui-oui.es\/blog\/wp-content\/uploads\/2017\/03\/Oui-Oui-gafas-sol-ni%C3%B1os-siroko.jpg?resize=350%2C200&ssl=1 1x, https:\/\/i0.wp.com\/oui-oui.es\/blog\/wp-content\/uploads\/2017\/03\/Oui-Oui-gafas-sol-ni%C3%B1os-siroko.jpg?resize=525%2C300&ssl=1 1.5x"},"classes":[]}],"_links":{"self":[{"href":"https:\/\/oui-oui.es\/blog\/wp-json\/wp\/v2\/posts\/3942","targetHints":{"allow":["GET"]}}],"collection":[{"href":"https:\/\/oui-oui.es\/blog\/wp-json\/wp\/v2\/posts"}],"about":[{"href":"https:\/\/oui-oui.es\/blog\/wp-json\/wp\/v2\/types\/post"}],"author":[{"embeddable":true,"href":"https:\/\/oui-oui.es\/blog\/wp-json\/wp\/v2\/users\/1"}],"replies":[{"embeddable":true,"href":"https:\/\/oui-oui.es\/blog\/wp-json\/wp\/v2\/comments?post=3942"}],"version-history":[{"count":1,"href":"https:\/\/oui-oui.es\/blog\/wp-json\/wp\/v2\/posts\/3942\/revisions"}],"predecessor-version":[{"id":3947,"href":"https:\/\/oui-oui.es\/blog\/wp-json\/wp\/v2\/posts\/3942\/revisions\/3947"}],"wp:featuredmedia":[{"embeddable":true,"href":"https:\/\/oui-oui.es\/blog\/wp-json\/wp\/v2\/media\/3945"}],"wp:attachment":[{"href":"https:\/\/oui-oui.es\/blog\/wp-json\/wp\/v2\/media?parent=3942"}],"wp:term":[{"taxonomy":"category","embeddable":true,"href":"https:\/\/oui-oui.es\/blog\/wp-json\/wp\/v2\/categories?post=3942"},{"taxonomy":"post_tag","embeddable":true,"href":"https:\/\/oui-oui.es\/blog\/wp-json\/wp\/v2\/tags?post=3942"}],"curies":[{"name":"wp","href":"https:\/\/api.w.org\/{rel}","templated":true}]}}