{"id":3951,"date":"2016-01-27T00:01:15","date_gmt":"2016-01-26T22:01:15","guid":{"rendered":"https:\/\/oui-oui.es\/blog\/?p=3951"},"modified":"2016-01-23T19:34:23","modified_gmt":"2016-01-23T17:34:23","slug":"pasear-al-bebe-en-carrito-por-la-nieve-ya-es-posible","status":"publish","type":"post","link":"https:\/\/oui-oui.es\/blog\/pasear-al-bebe-en-carrito-por-la-nieve-ya-es-posible\/","title":{"rendered":"Pasear al beb\u00e9 en carrito por la nieve ya es posible"},"content":{"rendered":"<p>Por fin ha llegado la nieve, estas navidades ten\u00eda previsto subir con Mart\u00edn a la nieve para que jugara con ella y hacer unas fotos, pero fue imposible porque no hab\u00eda ni gota&#8230;Ahora que ha nevado estoy tan apunto de dar a luz que ni nos lo planteamos, pero con el carrito de beb\u00e9 que descubr\u00ed el otro d\u00eda&#8230;\u00a1Podr\u00edamos subir con Frida!; <strong>un carrito de beb\u00e9 con esqu\u00eds<\/strong> de complemento!&#8230;Para poder pasear por la nieve tranquilamente \ud83d\ude42<\/p>\n<p><img loading=\"lazy\" decoding=\"async\" class=\"aligncenter size-large wp-image-3954\" src=\"https:\/\/oui-oui.es\/blog\/wp-content\/uploads\/2016\/01\/Oui-Oui-carrito-beb\u00e9-para-la-nieve-CYBEX-3-1024x761.jpg\" alt=\"Oui Oui-carrito beb\u00e9 para la nieve-CYBEX (3)\" width=\"1024\" height=\"761\" srcset=\"https:\/\/oui-oui.es\/blog\/wp-content\/uploads\/2016\/01\/Oui-Oui-carrito-beb\u00e9-para-la-nieve-CYBEX-3-1024x761.jpg 1024w, https:\/\/oui-oui.es\/blog\/wp-content\/uploads\/2016\/01\/Oui-Oui-carrito-beb\u00e9-para-la-nieve-CYBEX-3-300x223.jpg 300w, https:\/\/oui-oui.es\/blog\/wp-content\/uploads\/2016\/01\/Oui-Oui-carrito-beb\u00e9-para-la-nieve-CYBEX-3-768x571.jpg 768w, https:\/\/oui-oui.es\/blog\/wp-content\/uploads\/2016\/01\/Oui-Oui-carrito-beb\u00e9-para-la-nieve-CYBEX-3-600x446.jpg 600w\" sizes=\"auto, (max-width: 1024px) 100vw, 1024px\" \/><\/p>\n<p>Es verdad que viviendo en Madrid igual no le sacas mucho partido (aunque en realidad al ser un complemento, podr\u00edas tener el carrito y luego comprar o no el accesorio)&#8230;<strong>Yo ya me veo paseando con Frida por Beret el a\u00f1o que viene&#8230;Ser\u00eda genial!<\/strong><\/p>\n<p><img loading=\"lazy\" decoding=\"async\" class=\"aligncenter size-large wp-image-3952\" src=\"https:\/\/oui-oui.es\/blog\/wp-content\/uploads\/2016\/01\/Oui-Oui-carrito-beb\u00e9-para-la-nieve-CYBEX-1-1024x683.jpg\" alt=\"Oui Oui-carrito beb\u00e9 para la nieve-CYBEX (1)\" width=\"1024\" height=\"683\" srcset=\"https:\/\/oui-oui.es\/blog\/wp-content\/uploads\/2016\/01\/Oui-Oui-carrito-beb\u00e9-para-la-nieve-CYBEX-1-1024x683.jpg 1024w, https:\/\/oui-oui.es\/blog\/wp-content\/uploads\/2016\/01\/Oui-Oui-carrito-beb\u00e9-para-la-nieve-CYBEX-1-300x200.jpg 300w, https:\/\/oui-oui.es\/blog\/wp-content\/uploads\/2016\/01\/Oui-Oui-carrito-beb\u00e9-para-la-nieve-CYBEX-1-768x512.jpg 768w, https:\/\/oui-oui.es\/blog\/wp-content\/uploads\/2016\/01\/Oui-Oui-carrito-beb\u00e9-para-la-nieve-CYBEX-1-600x400.jpg 600w\" sizes=\"auto, (max-width: 1024px) 100vw, 1024px\" \/><\/p>\n<p><img loading=\"lazy\" decoding=\"async\" class=\"aligncenter size-large wp-image-3953\" src=\"https:\/\/oui-oui.es\/blog\/wp-content\/uploads\/2016\/01\/Oui-Oui-carrito-beb\u00e9-para-la-nieve-CYBEX-2-1024x678.jpg\" alt=\"Oui Oui-carrito beb\u00e9 para la nieve-CYBEX (2)\" width=\"1024\" height=\"678\" srcset=\"https:\/\/oui-oui.es\/blog\/wp-content\/uploads\/2016\/01\/Oui-Oui-carrito-beb\u00e9-para-la-nieve-CYBEX-2-1024x678.jpg 1024w, https:\/\/oui-oui.es\/blog\/wp-content\/uploads\/2016\/01\/Oui-Oui-carrito-beb\u00e9-para-la-nieve-CYBEX-2-300x199.jpg 300w, https:\/\/oui-oui.es\/blog\/wp-content\/uploads\/2016\/01\/Oui-Oui-carrito-beb\u00e9-para-la-nieve-CYBEX-2-768x508.jpg 768w, https:\/\/oui-oui.es\/blog\/wp-content\/uploads\/2016\/01\/Oui-Oui-carrito-beb\u00e9-para-la-nieve-CYBEX-2-600x397.jpg 600w\" sizes=\"auto, (max-width: 1024px) 100vw, 1024px\" \/><\/p>\n<p>Se trata del modelo <a href=\"http:\/\/cybex-online.com\/es\/pushchairs\/priam.html\" target=\"_blank\">PRIAM <\/a>de la marca <a href=\"http:\/\/cybex-online.com\/es\/pushchairs\/priam.html\" target=\"_blank\">CYBEX<\/a>, que esta temporada incorpora el accesorio <strong>CYBEX PRIAM SKIS<\/strong>, son unos <strong>esqu\u00eds de aluminio que sustituyen a las ruedas delanteras<\/strong>, y parecen muy f\u00e1ciles de cambiar&#8230;Si eres un amante de la monta\u00f1a y en espcial de la nieve y est\u00e1s buscando carrito de beb\u00e9&#8230;\u00a1Yo no me lo pensaba!<\/p>\n<p>A mi me encantar\u00eda probarla (por si lo dud\u00e1bais; el post no es patrocinado, as\u00ed que si a los Sr. de CYBEX les apetece dej\u00e1rmela para subir a la nieve con Frida, yo encantada&#8230;jeje)<\/p>\n<p><img loading=\"lazy\" decoding=\"async\" class=\"aligncenter size-large wp-image-3955\" src=\"https:\/\/oui-oui.es\/blog\/wp-content\/uploads\/2016\/01\/Oui-Oui-carrito-beb\u00e9-para-la-nieve-CYBEX-4-1024x683.jpg\" alt=\"Oui Oui-carrito beb\u00e9 para la nieve-CYBEX (4)\" width=\"1024\" height=\"683\" srcset=\"https:\/\/oui-oui.es\/blog\/wp-content\/uploads\/2016\/01\/Oui-Oui-carrito-beb\u00e9-para-la-nieve-CYBEX-4-1024x683.jpg 1024w, https:\/\/oui-oui.es\/blog\/wp-content\/uploads\/2016\/01\/Oui-Oui-carrito-beb\u00e9-para-la-nieve-CYBEX-4-300x200.jpg 300w, https:\/\/oui-oui.es\/blog\/wp-content\/uploads\/2016\/01\/Oui-Oui-carrito-beb\u00e9-para-la-nieve-CYBEX-4-768x512.jpg 768w, https:\/\/oui-oui.es\/blog\/wp-content\/uploads\/2016\/01\/Oui-Oui-carrito-beb\u00e9-para-la-nieve-CYBEX-4-600x400.jpg 600w\" sizes=\"auto, (max-width: 1024px) 100vw, 1024px\" \/><\/p>\n<p>\u00bfQu\u00e9 os aprece? \u00a1a m\u00ed me ha encantado!<\/p>\n","protected":false},"excerpt":{"rendered":"<p>Por fin ha llegado la nieve, estas navidades ten\u00eda previsto subir con Mart\u00edn a la nieve para que jugara con ella y hacer unas fotos, pero fue imposible porque no hab\u00eda ni gota&#8230;Ahora que ha nevado estoy tan apunto de dar a luz que ni nos lo planteamos, pero con el carrito de beb\u00e9 que [&hellip;]<\/p>\n","protected":false},"author":1,"featured_media":3955,"comment_status":"open","ping_status":"open","sticky":false,"template":"","format":"standard","meta":{"jetpack_post_was_ever_published":false,"_jetpack_newsletter_access":"","_jetpack_dont_email_post_to_subs":false,"_jetpack_newsletter_tier_id":0,"_jetpack_memberships_contains_paywalled_content":false,"_jetpack_memberships_contains_paid_content":false,"footnotes":"","jetpack_publicize_message":"","jetpack_publicize_feature_enabled":true,"jetpack_social_post_already_shared":true,"jetpack_social_options":{"image_generator_settings":{"template":"highway","default_image_id":0,"font":"","enabled":false},"version":2}},"categories":[535],"tags":[700,755],"class_list":["post-3951","post","type-post","status-publish","format-standard","has-post-thumbnail","hentry","category-maternidad","tag-compras-bebe","tag-esqui"],"aioseo_notices":[],"jetpack_publicize_connections":[],"jetpack_featured_media_url":"https:\/\/oui-oui.es\/blog\/wp-content\/uploads\/2016\/01\/Oui-Oui-carrito-beb\u00e9-para-la-nieve-CYBEX-4.jpg","jetpack_sharing_enabled":true,"jetpack-related-posts":[{"id":4701,"url":"https:\/\/oui-oui.es\/blog\/el-parasol-de-carrito-que-querras-tener\/","url_meta":{"origin":3951,"position":0},"title":"El parasol de carrito que querr\u00e1s tener","author":"Mar\u00eda \u2665Oui Oui\u2665","date":"23 agosto, 2016","format":false,"excerpt":"Uno de los momentos m\u00e1s pesados cuando llevas a tu beb\u00e9 en el carrito es cuando da el sol, a priori no parece tan dif\u00edcil evitar que le de en la cara pero la realidad es que siempre acaba entrando justo por el hueco que la sombrilla no tapa y\u2026","rel":"","context":"En \u00abMATERNIDAD\u00bb","block_context":{"text":"MATERNIDAD","link":"https:\/\/oui-oui.es\/blog\/category\/maternidad\/"},"img":{"alt_text":"","src":"https:\/\/i0.wp.com\/oui-oui.es\/blog\/wp-content\/uploads\/2016\/08\/Oui-Oui-dooky-baby-paraol-cochecito-bebe-quitar-sol-carrito-bebe.jpg?resize=350%2C200&ssl=1","width":350,"height":200,"srcset":"https:\/\/i0.wp.com\/oui-oui.es\/blog\/wp-content\/uploads\/2016\/08\/Oui-Oui-dooky-baby-paraol-cochecito-bebe-quitar-sol-carrito-bebe.jpg?resize=350%2C200&ssl=1 1x, https:\/\/i0.wp.com\/oui-oui.es\/blog\/wp-content\/uploads\/2016\/08\/Oui-Oui-dooky-baby-paraol-cochecito-bebe-quitar-sol-carrito-bebe.jpg?resize=525%2C300&ssl=1 1.5x, https:\/\/i0.wp.com\/oui-oui.es\/blog\/wp-content\/uploads\/2016\/08\/Oui-Oui-dooky-baby-paraol-cochecito-bebe-quitar-sol-carrito-bebe.jpg?resize=700%2C400&ssl=1 2x, https:\/\/i0.wp.com\/oui-oui.es\/blog\/wp-content\/uploads\/2016\/08\/Oui-Oui-dooky-baby-paraol-cochecito-bebe-quitar-sol-carrito-bebe.jpg?resize=1050%2C600&ssl=1 3x"},"classes":[]},{"id":2636,"url":"https:\/\/oui-oui.es\/blog\/una-bolsa-de-carrito-para-cada-etapa\/","url_meta":{"origin":3951,"position":1},"title":"Una bolsa de carrito para cada etapa","author":"Mar\u00eda \u2665Oui Oui\u2665","date":"22 junio, 2015","format":false,"excerpt":"\u00a0 Un momento clave en las compras de beb\u00e9 es la elecci\u00f3n del carrito, y una vez lo tienes, otro elemento importante es la bolsa que viene con \u00e9l o que, si no te gusta, buscar\u00e1s una diferente. En los 21 meses que tiene Mart\u00edn me he dado cuenta de\u2026","rel":"","context":"En \u00abMATERNIDAD\u00bb","block_context":{"text":"MATERNIDAD","link":"https:\/\/oui-oui.es\/blog\/category\/maternidad\/"},"img":{"alt_text":"","src":"https:\/\/i0.wp.com\/oui-oui.es\/blog\/wp-content\/uploads\/Oui-Oui-bolsa-carrito-mc-laren.jpg?resize=350%2C200&ssl=1","width":350,"height":200,"srcset":"https:\/\/i0.wp.com\/oui-oui.es\/blog\/wp-content\/uploads\/Oui-Oui-bolsa-carrito-mc-laren.jpg?resize=350%2C200&ssl=1 1x, https:\/\/i0.wp.com\/oui-oui.es\/blog\/wp-content\/uploads\/Oui-Oui-bolsa-carrito-mc-laren.jpg?resize=525%2C300&ssl=1 1.5x"},"classes":[]},{"id":5462,"url":"https:\/\/oui-oui.es\/blog\/el-carrito-de-mimbre-que-estabas-buscando\/","url_meta":{"origin":3951,"position":2},"title":"El carrito de mimbre que estabas buscando!","author":"Mar\u00eda \u2665Oui Oui\u2665","date":"30 mayo, 2017","format":false,"excerpt":"Me encanta descubrir objetos para ni\u00f1os que sean especiales, que transmitan algo m\u00e1s, y cuando conoc\u00ed los carritos y las cestas de Olli Ella tuve un flechazo \u00a1los quer\u00eda para Frida y Mart\u00edn y los quer\u00eda para m\u00ed! , ya os cont\u00e9 que le regalamos a Frida por su primer\u2026","rel":"","context":"En \u00abNI\u00d1OS Y NI\u00d1AS\u00bb","block_context":{"text":"NI\u00d1OS Y NI\u00d1AS","link":"https:\/\/oui-oui.es\/blog\/category\/ninos\/"},"img":{"alt_text":"","src":"https:\/\/i0.wp.com\/oui-oui.es\/blog\/wp-content\/uploads\/2017\/05\/Oui-Oui-carrito-mimbre-cochecito-mimbre-carrito-ni%C3%B1os-mimbre-luggy-basket-NATURAL-olli-ella-carrito-compra-mimbre-natural-ni%C3%B1o-cesta-picnic.jpg?resize=350%2C200&ssl=1","width":350,"height":200,"srcset":"https:\/\/i0.wp.com\/oui-oui.es\/blog\/wp-content\/uploads\/2017\/05\/Oui-Oui-carrito-mimbre-cochecito-mimbre-carrito-ni%C3%B1os-mimbre-luggy-basket-NATURAL-olli-ella-carrito-compra-mimbre-natural-ni%C3%B1o-cesta-picnic.jpg?resize=350%2C200&ssl=1 1x, https:\/\/i0.wp.com\/oui-oui.es\/blog\/wp-content\/uploads\/2017\/05\/Oui-Oui-carrito-mimbre-cochecito-mimbre-carrito-ni%C3%B1os-mimbre-luggy-basket-NATURAL-olli-ella-carrito-compra-mimbre-natural-ni%C3%B1o-cesta-picnic.jpg?resize=525%2C300&ssl=1 1.5x, https:\/\/i0.wp.com\/oui-oui.es\/blog\/wp-content\/uploads\/2017\/05\/Oui-Oui-carrito-mimbre-cochecito-mimbre-carrito-ni%C3%B1os-mimbre-luggy-basket-NATURAL-olli-ella-carrito-compra-mimbre-natural-ni%C3%B1o-cesta-picnic.jpg?resize=700%2C400&ssl=1 2x, https:\/\/i0.wp.com\/oui-oui.es\/blog\/wp-content\/uploads\/2017\/05\/Oui-Oui-carrito-mimbre-cochecito-mimbre-carrito-ni%C3%B1os-mimbre-luggy-basket-NATURAL-olli-ella-carrito-compra-mimbre-natural-ni%C3%B1o-cesta-picnic.jpg?resize=1050%2C600&ssl=1 3x"},"classes":[]},{"id":4495,"url":"https:\/\/oui-oui.es\/blog\/mis-conjuntitos-de-erase-una-vez-para-este-verano\/","url_meta":{"origin":3951,"position":3},"title":"Mis conjuntitos de \u00c9rase una Vez para este verano","author":"Mar\u00eda \u2665Oui Oui\u2665","date":"16 junio, 2016","format":false,"excerpt":"La semana pasada lleg\u00f3 el calorazo de repente, la verdad es que ten\u00eda ganas para vestir a Frida y a Mart\u00edn de veranito, se me estaban acumulando culottes, petos y m\u00e1s prendas de Frida que quer\u00eda estrenar ya y adem\u00e1s no pude resistirme a encargarles varios conjuntos a juego, es\u2026","rel":"","context":"En \u00abNI\u00d1OS Y NI\u00d1AS\u00bb","block_context":{"text":"NI\u00d1OS Y NI\u00d1AS","link":"https:\/\/oui-oui.es\/blog\/category\/ninos\/"},"img":{"alt_text":"","src":"https:\/\/i0.wp.com\/oui-oui.es\/blog\/wp-content\/uploads\/2016\/06\/Oui-Oui-peto-bebe-estampado-tropical-culotte-bebe-estampado-tropical-platos-estampado-tropical.jpg?resize=350%2C200&ssl=1","width":350,"height":200,"srcset":"https:\/\/i0.wp.com\/oui-oui.es\/blog\/wp-content\/uploads\/2016\/06\/Oui-Oui-peto-bebe-estampado-tropical-culotte-bebe-estampado-tropical-platos-estampado-tropical.jpg?resize=350%2C200&ssl=1 1x, https:\/\/i0.wp.com\/oui-oui.es\/blog\/wp-content\/uploads\/2016\/06\/Oui-Oui-peto-bebe-estampado-tropical-culotte-bebe-estampado-tropical-platos-estampado-tropical.jpg?resize=525%2C300&ssl=1 1.5x, https:\/\/i0.wp.com\/oui-oui.es\/blog\/wp-content\/uploads\/2016\/06\/Oui-Oui-peto-bebe-estampado-tropical-culotte-bebe-estampado-tropical-platos-estampado-tropical.jpg?resize=700%2C400&ssl=1 2x, https:\/\/i0.wp.com\/oui-oui.es\/blog\/wp-content\/uploads\/2016\/06\/Oui-Oui-peto-bebe-estampado-tropical-culotte-bebe-estampado-tropical-platos-estampado-tropical.jpg?resize=1050%2C600&ssl=1 3x, https:\/\/i0.wp.com\/oui-oui.es\/blog\/wp-content\/uploads\/2016\/06\/Oui-Oui-peto-bebe-estampado-tropical-culotte-bebe-estampado-tropical-platos-estampado-tropical.jpg?resize=1400%2C800&ssl=1 4x"},"classes":[]},{"id":3655,"url":"https:\/\/oui-oui.es\/blog\/familias-urbanas-el-carrito-con-patinete\/","url_meta":{"origin":3951,"position":4},"title":"Familias urbanas | el carrito con patinete","author":"Mar\u00eda \u2665Oui Oui\u2665","date":"30 octubre, 2015","format":false,"excerpt":"Parece que los monopatines han llegado para quedarse, mirad esta opci\u00f3n de longboard con carrito para que todos nos lo pasemos como ni\u00f1os... La marca Quinny, despu\u00e9s de dos a\u00f1os de desarrollo lanza el longboardstroller, un nuevo enfoque de la movilidad de padres e hijos, m\u00e1s divertido pero con todos\u2026","rel":"","context":"En \u00abA un hombre\/ novio\/ marido\/ padre\u00bb","block_context":{"text":"A un hombre\/ novio\/ marido\/ padre","link":"https:\/\/oui-oui.es\/blog\/category\/no-se-que-regalar\/a-un-hombrenoviomaridopadre\/"},"img":{"alt_text":"","src":"https:\/\/i0.wp.com\/oui-oui.es\/blog\/wp-content\/uploads\/2015\/10\/Oui-Oui-carrito-patinete-quinny-longboardstroller-patinete-con-silla-de-ni%C3%B1o-3.jpg?resize=350%2C200&ssl=1","width":350,"height":200,"srcset":"https:\/\/i0.wp.com\/oui-oui.es\/blog\/wp-content\/uploads\/2015\/10\/Oui-Oui-carrito-patinete-quinny-longboardstroller-patinete-con-silla-de-ni%C3%B1o-3.jpg?resize=350%2C200&ssl=1 1x, https:\/\/i0.wp.com\/oui-oui.es\/blog\/wp-content\/uploads\/2015\/10\/Oui-Oui-carrito-patinete-quinny-longboardstroller-patinete-con-silla-de-ni%C3%B1o-3.jpg?resize=525%2C300&ssl=1 1.5x, https:\/\/i0.wp.com\/oui-oui.es\/blog\/wp-content\/uploads\/2015\/10\/Oui-Oui-carrito-patinete-quinny-longboardstroller-patinete-con-silla-de-ni%C3%B1o-3.jpg?resize=700%2C400&ssl=1 2x"},"classes":[]},{"id":4357,"url":"https:\/\/oui-oui.es\/blog\/5-practicos-regalos-para-una-reciente-mama\/","url_meta":{"origin":3951,"position":5},"title":"5 pr\u00e1cticos regalos para una reciente mam\u00e1","author":"Mar\u00eda \u2665Oui Oui\u2665","date":"25 mayo, 2016","format":false,"excerpt":"Cuando te quedas embarazada (sobretodo si es del primer hijo) recibes muchos regalos, m\u00e1s para el beb\u00e9 que para t\u00ed pero te regalan cosas nuevas, la mayor\u00eda no hab\u00eda estado en tu espectro de compras y empiezas a descubrir un mundo nuevo.Si tienes a una mujer embarazada cerca, aqu\u00ed van\u2026","rel":"","context":"En \u00abMATERNIDAD\u00bb","block_context":{"text":"MATERNIDAD","link":"https:\/\/oui-oui.es\/blog\/category\/maternidad\/"},"img":{"alt_text":"","src":"https:\/\/i0.wp.com\/oui-oui.es\/blog\/wp-content\/uploads\/2016\/05\/Oui-Oui-auriculares-inalambricos-carrito-bebe-urbanista.jpg?resize=350%2C200&ssl=1","width":350,"height":200,"srcset":"https:\/\/i0.wp.com\/oui-oui.es\/blog\/wp-content\/uploads\/2016\/05\/Oui-Oui-auriculares-inalambricos-carrito-bebe-urbanista.jpg?resize=350%2C200&ssl=1 1x, https:\/\/i0.wp.com\/oui-oui.es\/blog\/wp-content\/uploads\/2016\/05\/Oui-Oui-auriculares-inalambricos-carrito-bebe-urbanista.jpg?resize=525%2C300&ssl=1 1.5x, https:\/\/i0.wp.com\/oui-oui.es\/blog\/wp-content\/uploads\/2016\/05\/Oui-Oui-auriculares-inalambricos-carrito-bebe-urbanista.jpg?resize=700%2C400&ssl=1 2x, https:\/\/i0.wp.com\/oui-oui.es\/blog\/wp-content\/uploads\/2016\/05\/Oui-Oui-auriculares-inalambricos-carrito-bebe-urbanista.jpg?resize=1050%2C600&ssl=1 3x, https:\/\/i0.wp.com\/oui-oui.es\/blog\/wp-content\/uploads\/2016\/05\/Oui-Oui-auriculares-inalambricos-carrito-bebe-urbanista.jpg?resize=1400%2C800&ssl=1 4x"},"classes":[]}],"_links":{"self":[{"href":"https:\/\/oui-oui.es\/blog\/wp-json\/wp\/v2\/posts\/3951","targetHints":{"allow":["GET"]}}],"collection":[{"href":"https:\/\/oui-oui.es\/blog\/wp-json\/wp\/v2\/posts"}],"about":[{"href":"https:\/\/oui-oui.es\/blog\/wp-json\/wp\/v2\/types\/post"}],"author":[{"embeddable":true,"href":"https:\/\/oui-oui.es\/blog\/wp-json\/wp\/v2\/users\/1"}],"replies":[{"embeddable":true,"href":"https:\/\/oui-oui.es\/blog\/wp-json\/wp\/v2\/comments?post=3951"}],"version-history":[{"count":1,"href":"https:\/\/oui-oui.es\/blog\/wp-json\/wp\/v2\/posts\/3951\/revisions"}],"predecessor-version":[{"id":3956,"href":"https:\/\/oui-oui.es\/blog\/wp-json\/wp\/v2\/posts\/3951\/revisions\/3956"}],"wp:featuredmedia":[{"embeddable":true,"href":"https:\/\/oui-oui.es\/blog\/wp-json\/wp\/v2\/media\/3955"}],"wp:attachment":[{"href":"https:\/\/oui-oui.es\/blog\/wp-json\/wp\/v2\/media?parent=3951"}],"wp:term":[{"taxonomy":"category","embeddable":true,"href":"https:\/\/oui-oui.es\/blog\/wp-json\/wp\/v2\/categories?post=3951"},{"taxonomy":"post_tag","embeddable":true,"href":"https:\/\/oui-oui.es\/blog\/wp-json\/wp\/v2\/tags?post=3951"}],"curies":[{"name":"wp","href":"https:\/\/api.w.org\/{rel}","templated":true}]}}