{"id":4009,"date":"2016-02-05T00:15:44","date_gmt":"2016-02-04T22:15:44","guid":{"rendered":"https:\/\/oui-oui.es\/blog\/?p=4009"},"modified":"2016-01-29T01:51:22","modified_gmt":"2016-01-28T23:51:22","slug":"mi-wishlist-de-cumpleanos","status":"publish","type":"post","link":"https:\/\/oui-oui.es\/blog\/mi-wishlist-de-cumpleanos\/","title":{"rendered":"Lo que me gusta una wishlist, aqu\u00ed la de mi cumple!"},"content":{"rendered":"<p>Esta semana los post van de regalos, se nota que estamos en meses de muchas celebraciones, \u00bfverdad?. <strong>Hoy empieza la cuenta atr\u00e1s para mi 34 cumplea\u00f1os<\/strong>, as\u00ed que, previsora una, dejo aqu\u00ed mi <strong>peque\u00f1a wishlist<\/strong> para que luego algunos no me digan que no les ha dado tiempo o que no sab\u00edan qu\u00e9 podr\u00eda gustarme \ud83d\ude09<\/p>\n<p>Tengo mi querido jarronejo y varios platos de <a href=\"http:\/\/www.abetheape.es\/\" target=\"_blank\"><span style=\"text-decoration: underline;\"><strong>Abe the Ape<\/strong><\/span><\/a>, pero parece que sus piezas nunca son suficientes, me encantan dos de sus \u00faltimos platos y pod\u00e9is elegir el que quer\u00e1is (30\u20ac c\/u)<\/p>\n<p><img loading=\"lazy\" decoding=\"async\" class=\"aligncenter size-full wp-image-4013\" src=\"https:\/\/oui-oui.es\/blog\/wp-content\/uploads\/2016\/01\/Oui-Oui-platos-abe-the-ape-YSL-YSL-bendiga-esta-casa.jpg\" alt=\"Oui Oui-platos abe the ape-YSL-YSL bendiga esta casa\" width=\"600\" height=\"700\" srcset=\"https:\/\/oui-oui.es\/blog\/wp-content\/uploads\/2016\/01\/Oui-Oui-platos-abe-the-ape-YSL-YSL-bendiga-esta-casa.jpg 600w, https:\/\/oui-oui.es\/blog\/wp-content\/uploads\/2016\/01\/Oui-Oui-platos-abe-the-ape-YSL-YSL-bendiga-esta-casa-257x300.jpg 257w\" sizes=\"auto, (max-width: 600px) 100vw, 600px\" \/><\/p>\n<p><img loading=\"lazy\" decoding=\"async\" class=\"aligncenter size-full wp-image-4012\" src=\"https:\/\/oui-oui.es\/blog\/wp-content\/uploads\/2016\/01\/Oui-Oui-platos-abe-the-ape-las-chicas-de-oro.jpg\" alt=\"Oui Oui-platos abe the ape-las chicas de oro\" width=\"600\" height=\"700\" srcset=\"https:\/\/oui-oui.es\/blog\/wp-content\/uploads\/2016\/01\/Oui-Oui-platos-abe-the-ape-las-chicas-de-oro.jpg 600w, https:\/\/oui-oui.es\/blog\/wp-content\/uploads\/2016\/01\/Oui-Oui-platos-abe-the-ape-las-chicas-de-oro-257x300.jpg 257w\" sizes=\"auto, (max-width: 600px) 100vw, 600px\" \/><\/p>\n<p>Un cuadro de <span style=\"text-decoration: underline;\"><strong><a href=\"https:\/\/saramartinart.wordpress.com\" target=\"_blank\">Sara Mart\u00edn Art<\/a><\/strong><\/span>, desde que compartimos espacio pop up hace un a\u00f1o y pico tengo pedniente un cuadro suyo, el de los pies en la ba\u00f1ra me encanta porque me identifico mucho!, supongo que habr\u00e1 que encargarlo porque ya lo habr\u00e1 vendido, pero pod\u00e9is ver su web <a href=\"https:\/\/saramartinart.wordpress.com\" target=\"_blank\"><strong><span style=\"text-decoration: underline;\">aqu\u00ed<\/span><\/strong><\/a><\/p>\n<p><img loading=\"lazy\" decoding=\"async\" class=\"aligncenter size-large wp-image-4015\" src=\"https:\/\/oui-oui.es\/blog\/wp-content\/uploads\/2016\/01\/Oui-Oui-cuadros-sara-martin-art-pies-en-la-ba\u00f1era-psycho-674x1024.jpg\" alt=\"Oui Oui-cuadros sara martin art-pies en la ba\u00f1era-psycho\" width=\"674\" height=\"1024\" srcset=\"https:\/\/oui-oui.es\/blog\/wp-content\/uploads\/2016\/01\/Oui-Oui-cuadros-sara-martin-art-pies-en-la-ba\u00f1era-psycho-674x1024.jpg 674w, https:\/\/oui-oui.es\/blog\/wp-content\/uploads\/2016\/01\/Oui-Oui-cuadros-sara-martin-art-pies-en-la-ba\u00f1era-psycho-197x300.jpg 197w, https:\/\/oui-oui.es\/blog\/wp-content\/uploads\/2016\/01\/Oui-Oui-cuadros-sara-martin-art-pies-en-la-ba\u00f1era-psycho-768x1168.jpg 768w, https:\/\/oui-oui.es\/blog\/wp-content\/uploads\/2016\/01\/Oui-Oui-cuadros-sara-martin-art-pies-en-la-ba\u00f1era-psycho-600x912.jpg 600w, https:\/\/oui-oui.es\/blog\/wp-content\/uploads\/2016\/01\/Oui-Oui-cuadros-sara-martin-art-pies-en-la-ba\u00f1era-psycho.jpg 1180w\" sizes=\"auto, (max-width: 674px) 100vw, 674px\" \/><\/p>\n<p>&nbsp;<\/p>\n<p>Otra cosa que me apetece desde hace tiempo (escrib\u00ed aqu\u00ed sobre ellas) son unas <em>sleepers<\/em> de <strong>Calita Loafers<\/strong>, no s\u00e9 si ser\u00eda mejor esperar a ver su colecci\u00f3n de P\/V, pero, a modo de ejemplo, creo que <a href=\"http:\/\/calitashoes.com\/epages\/4fbf0981-8771-4139-ae59-d7116f283800.sf\/es_ES\/?ObjectPath=\/Shops\/4fbf0981-8771-4139-ae59-d7116f283800\/Products\/7\" target=\"_blank\"><strong><span style=\"text-decoration: underline;\">\u00e9stas<\/span><\/strong><\/a> van bastante conmigo<\/p>\n<p><img loading=\"lazy\" decoding=\"async\" class=\"aligncenter size-large wp-image-4017\" src=\"https:\/\/oui-oui.es\/blog\/wp-content\/uploads\/2016\/01\/Oui-Oui-calita-lofers-frapuccino-y-donut-Loafers-Calita-Coffee-Break-1024x680.jpg\" alt=\"Oui Oui-calita lofers frapuccino y donut-Loafers Calita Coffee Break\" width=\"1024\" height=\"680\" srcset=\"https:\/\/oui-oui.es\/blog\/wp-content\/uploads\/2016\/01\/Oui-Oui-calita-lofers-frapuccino-y-donut-Loafers-Calita-Coffee-Break-1024x680.jpg 1024w, https:\/\/oui-oui.es\/blog\/wp-content\/uploads\/2016\/01\/Oui-Oui-calita-lofers-frapuccino-y-donut-Loafers-Calita-Coffee-Break-300x199.jpg 300w, https:\/\/oui-oui.es\/blog\/wp-content\/uploads\/2016\/01\/Oui-Oui-calita-lofers-frapuccino-y-donut-Loafers-Calita-Coffee-Break-768x510.jpg 768w, https:\/\/oui-oui.es\/blog\/wp-content\/uploads\/2016\/01\/Oui-Oui-calita-lofers-frapuccino-y-donut-Loafers-Calita-Coffee-Break-600x399.jpg 600w, https:\/\/oui-oui.es\/blog\/wp-content\/uploads\/2016\/01\/Oui-Oui-calita-lofers-frapuccino-y-donut-Loafers-Calita-Coffee-Break.jpg 1626w\" sizes=\"auto, (max-width: 1024px) 100vw, 1024px\" \/><\/p>\n<p>La <strong>cestita<\/strong> de <strong>Miguel Mil\u00e1<\/strong> sigue desde hace a\u00f1os en mi wishlist&#8230;Puedes encontrarla <strong><span style=\"text-decoration: underline;\"><a href=\"http:\/\/www.santacole.com\/es\/catalogo\/lamparas-de-sobremesa\/cestita\/\" target=\"_blank\">aqu\u00ed<\/a><\/span><\/strong><\/p>\n<p>&nbsp;<\/p>\n<p><img loading=\"lazy\" decoding=\"async\" class=\"aligncenter size-full wp-image-4014\" src=\"https:\/\/oui-oui.es\/blog\/wp-content\/uploads\/2016\/01\/Oui-Oui-lampara-sobremesa-cestita-miguel-mil\u00e1-santa-and-cole.jpg\" alt=\"Oui Oui-lampara sobremesa cestita-miguel mil\u00e1-santa and cole\" width=\"600\" height=\"399\" srcset=\"https:\/\/oui-oui.es\/blog\/wp-content\/uploads\/2016\/01\/Oui-Oui-lampara-sobremesa-cestita-miguel-mil\u00e1-santa-and-cole.jpg 600w, https:\/\/oui-oui.es\/blog\/wp-content\/uploads\/2016\/01\/Oui-Oui-lampara-sobremesa-cestita-miguel-mil\u00e1-santa-and-cole-300x200.jpg 300w\" sizes=\"auto, (max-width: 600px) 100vw, 600px\" \/><\/p>\n<p>Hay dos peque\u00f1os <strong>caprichos-reto<\/strong> que me encantan y que, aunque cuando celebre mi 34 cumplea\u00f1os no podr\u00e9 enfundarme porque estar\u00e9 en pleno proceso de recuperaci\u00f3n post parto, los incluyo en la lista como aliciente para trabajar un poco m\u00e1s duro en esa recuperaci\u00f3n \ud83d\ude09 .<\/p>\n<p>Como un vestido de <span style=\"text-decoration: underline;\"><strong><a href=\"http:\/\/www.kolonakimadrid.com\" target=\"_blank\">Kolonaki<\/a><\/strong><\/span>, que, aunque a\u00fan no hemos podido ver su nueva colecci\u00f3n, estoy segura de que me chiflar\u00e1 m\u00e1s de una cosa \ud83d\ude42<\/p>\n<p><img loading=\"lazy\" decoding=\"async\" class=\"aligncenter size-large wp-image-4010\" src=\"https:\/\/oui-oui.es\/blog\/wp-content\/uploads\/2016\/01\/Oui-Oui-falda-kolonaki-madrid-primavera-verano-2015-737x1024.jpg\" alt=\"Oui Oui-falda kolonaki madrid-primavera verano 2015\" width=\"737\" height=\"1024\" srcset=\"https:\/\/oui-oui.es\/blog\/wp-content\/uploads\/2016\/01\/Oui-Oui-falda-kolonaki-madrid-primavera-verano-2015-737x1024.jpg 737w, https:\/\/oui-oui.es\/blog\/wp-content\/uploads\/2016\/01\/Oui-Oui-falda-kolonaki-madrid-primavera-verano-2015-216x300.jpg 216w, https:\/\/oui-oui.es\/blog\/wp-content\/uploads\/2016\/01\/Oui-Oui-falda-kolonaki-madrid-primavera-verano-2015-768x1067.jpg 768w, https:\/\/oui-oui.es\/blog\/wp-content\/uploads\/2016\/01\/Oui-Oui-falda-kolonaki-madrid-primavera-verano-2015-600x834.jpg 600w, https:\/\/oui-oui.es\/blog\/wp-content\/uploads\/2016\/01\/Oui-Oui-falda-kolonaki-madrid-primavera-verano-2015.jpg 921w\" sizes=\"auto, (max-width: 737px) 100vw, 737px\" \/><\/p>\n<p>El segundo caprich\u00edn es una <strong>chaqueta<\/strong> de <span style=\"text-decoration: underline;\"><strong><a href=\"http:\/\/www.lacondesa.bigcartel.com\/\" target=\"_blank\">La Condesa<\/a><\/strong><\/span> , adem\u00e1s personalizan un poco las chaquetas, as\u00ed que igual es posible hacerla un poco menos entallada en la espalda que ya sab\u00e9is que me van m\u00e1s las rectas \ud83d\ude09 &#8230;Aqu\u00ed lo dejo para que <em>sus majestades cumplea\u00f1eras<\/em> lo tengan en mente \ud83d\ude09<\/p>\n<p><img loading=\"lazy\" decoding=\"async\" class=\"aligncenter size-full wp-image-4011\" src=\"https:\/\/oui-oui.es\/blog\/wp-content\/uploads\/2016\/01\/OUi-OUi-wishlist-cumplea\u00f1os-la-condesa.jpg\" alt=\"OUi OUi-wishlist cumplea\u00f1os la condesa\" width=\"640\" height=\"960\" srcset=\"https:\/\/oui-oui.es\/blog\/wp-content\/uploads\/2016\/01\/OUi-OUi-wishlist-cumplea\u00f1os-la-condesa.jpg 640w, https:\/\/oui-oui.es\/blog\/wp-content\/uploads\/2016\/01\/OUi-OUi-wishlist-cumplea\u00f1os-la-condesa-200x300.jpg 200w, https:\/\/oui-oui.es\/blog\/wp-content\/uploads\/2016\/01\/OUi-OUi-wishlist-cumplea\u00f1os-la-condesa-600x900.jpg 600w\" sizes=\"auto, (max-width: 640px) 100vw, 640px\" \/><\/p>\n<p>Y&#8230;<strong>No hay cumple sin tarta<\/strong>, este a\u00f1o tengo claro que <strong>quiero una de Hershey\u00b4s<\/strong> como \u00e9sta de <strong>Sugar Factory<\/strong>, no os preocup\u00e9is que de esto me ocupo yo \ud83d\ude09<\/p>\n<p><img loading=\"lazy\" decoding=\"async\" class=\"aligncenter size-large wp-image-4016\" src=\"https:\/\/oui-oui.es\/blog\/wp-content\/uploads\/2016\/01\/Oui-Oui-tarta-hersheys-sugar-factory-madrid-1024x937.jpg\" alt=\"Oui Oui-tarta hersheys-sugar factory madrid\" width=\"1024\" height=\"937\" srcset=\"https:\/\/oui-oui.es\/blog\/wp-content\/uploads\/2016\/01\/Oui-Oui-tarta-hersheys-sugar-factory-madrid-1024x937.jpg 1024w, https:\/\/oui-oui.es\/blog\/wp-content\/uploads\/2016\/01\/Oui-Oui-tarta-hersheys-sugar-factory-madrid-300x274.jpg 300w, https:\/\/oui-oui.es\/blog\/wp-content\/uploads\/2016\/01\/Oui-Oui-tarta-hersheys-sugar-factory-madrid-768x702.jpg 768w, https:\/\/oui-oui.es\/blog\/wp-content\/uploads\/2016\/01\/Oui-Oui-tarta-hersheys-sugar-factory-madrid-600x549.jpg 600w, https:\/\/oui-oui.es\/blog\/wp-content\/uploads\/2016\/01\/Oui-Oui-tarta-hersheys-sugar-factory-madrid.jpg 1125w\" sizes=\"auto, (max-width: 1024px) 100vw, 1024px\" \/><\/p>\n<p>&nbsp;<\/p>\n","protected":false},"excerpt":{"rendered":"<p>Esta semana los post van de regalos, se nota que estamos en meses de muchas celebraciones, \u00bfverdad?. Hoy empieza la cuenta atr\u00e1s para mi 34 cumplea\u00f1os, as\u00ed que, previsora una, dejo aqu\u00ed mi peque\u00f1a wishlist para que luego algunos no me digan que no les ha dado tiempo o que no sab\u00edan qu\u00e9 podr\u00eda gustarme [&hellip;]<\/p>\n","protected":false},"author":1,"featured_media":4016,"comment_status":"open","ping_status":"open","sticky":false,"template":"","format":"standard","meta":{"jetpack_post_was_ever_published":false,"_jetpack_newsletter_access":"","_jetpack_dont_email_post_to_subs":false,"_jetpack_newsletter_tier_id":0,"_jetpack_memberships_contains_paywalled_content":false,"_jetpack_memberships_contains_paid_content":false,"footnotes":"","jetpack_publicize_message":"","jetpack_publicize_feature_enabled":true,"jetpack_social_post_already_shared":true,"jetpack_social_options":{"image_generator_settings":{"template":"highway","default_image_id":0,"font":"","enabled":false},"version":2}},"categories":[177,11],"tags":[714,734,743,711],"class_list":["post-4009","post","type-post","status-publish","format-standard","has-post-thumbnail","hentry","category-lifestyle-2","category-no-se-que-regalar","tag-lamparas","tag-regalos","tag-tartas","tag-wishlist"],"aioseo_notices":[],"jetpack_publicize_connections":[],"jetpack_featured_media_url":"https:\/\/oui-oui.es\/blog\/wp-content\/uploads\/2016\/01\/Oui-Oui-tarta-hersheys-sugar-factory-madrid.jpg","jetpack_sharing_enabled":true,"jetpack-related-posts":[{"id":3487,"url":"https:\/\/oui-oui.es\/blog\/la-wishlist-de-martin-por-su-segundo-cumpleanos\/","url_meta":{"origin":4009,"position":0},"title":"La wishlist de Mart\u00edn por su segundo cumplea\u00f1os","author":"Mar\u00eda \u2665Oui Oui\u2665","date":"12 octubre, 2015","format":false,"excerpt":"El cumplea\u00f1os de Mart\u00edn fue hace exactamente un mes y, como nos pill\u00f3 reci\u00e9n llegados de viaje y con l\u00edo de trabajo no me di\u00f3 tiempo a hacer su lista de regalos como me hubiera gustado, est\u00e1 claro que no pasa nada, tuvo regalos m\u00e1s que de sobra (hasta guard\u00e9\u2026","rel":"","context":"En \u00abNI\u00d1OS Y NI\u00d1AS\u00bb","block_context":{"text":"NI\u00d1OS Y NI\u00d1AS","link":"https:\/\/oui-oui.es\/blog\/category\/ninos\/"},"img":{"alt_text":"","src":"https:\/\/i0.wp.com\/oui-oui.es\/blog\/wp-content\/uploads\/2015\/10\/Oui-Oui-wishlist-martin-babyoui-material-montessori-torre-rosa-tigriteando.jpg?resize=350%2C200&ssl=1","width":350,"height":200},"classes":[]},{"id":3612,"url":"https:\/\/oui-oui.es\/blog\/wishlist-para-embarazadas\/","url_meta":{"origin":4009,"position":1},"title":"Wishlist para embarazadas","author":"Mar\u00eda \u2665Oui Oui\u2665","date":"26 octubre, 2015","format":false,"excerpt":"El segundo embarazo no es ni comparable al primero, empezando por una misma que no tiene ni la mitad de tiempo que antes y siguiendo por los dem\u00e1s, que tampoco lo ven con la misma ilusi\u00f3n que la primera vez. Y a las pruebas me remito...Estoy de seis meses y\u2026","rel":"","context":"En \u00abA una futura o reciente mam\u00e1\u00bb","block_context":{"text":"A una futura o reciente mam\u00e1","link":"https:\/\/oui-oui.es\/blog\/category\/no-se-que-regalar\/a-una-futura-o-reciente-mama\/"},"img":{"alt_text":"","src":"https:\/\/i0.wp.com\/oui-oui.es\/blog\/wp-content\/uploads\/2015\/10\/Oui-Oui-crema-antiestr%C3%ADas-embarazo-mama-mio-olivia-soaps.jpg?resize=350%2C200&ssl=1","width":350,"height":200,"srcset":"https:\/\/i0.wp.com\/oui-oui.es\/blog\/wp-content\/uploads\/2015\/10\/Oui-Oui-crema-antiestr%C3%ADas-embarazo-mama-mio-olivia-soaps.jpg?resize=350%2C200&ssl=1 1x, https:\/\/i0.wp.com\/oui-oui.es\/blog\/wp-content\/uploads\/2015\/10\/Oui-Oui-crema-antiestr%C3%ADas-embarazo-mama-mio-olivia-soaps.jpg?resize=525%2C300&ssl=1 1.5x, https:\/\/i0.wp.com\/oui-oui.es\/blog\/wp-content\/uploads\/2015\/10\/Oui-Oui-crema-antiestr%C3%ADas-embarazo-mama-mio-olivia-soaps.jpg?resize=700%2C400&ssl=1 2x"},"classes":[]},{"id":5066,"url":"https:\/\/oui-oui.es\/blog\/bebe-fiera-mama-pantera\/","url_meta":{"origin":4009,"position":2},"title":"Beb\u00e9 fiera | Mam\u00e1 pantera","author":"Mar\u00eda \u2665Oui Oui\u2665","date":"3 febrero, 2017","format":false,"excerpt":"M\u00e1s adelante har\u00e9 un post con regalos para el d\u00eda de la madre, pero hoy ten\u00eda que compartir las camisetas de Hello Vandals porque me parecen la pera\u00a0 y, aunque las sigo hace tiempo en Instagram, hoy se me ha iluminado la idea de para cuando las quer\u00eda...Este verano Frida\u2026","rel":"","context":"En \u00abD\u00eda de la Madre\u00bb","block_context":{"text":"D\u00eda de la Madre","link":"https:\/\/oui-oui.es\/blog\/category\/no-se-que-regalar\/dia-de-la-madre\/"},"img":{"alt_text":"","src":"https:\/\/i0.wp.com\/oui-oui.es\/blog\/wp-content\/uploads\/2017\/01\/Oui-Oui-camisetas-mam%C3%A1-e-hijo-bebe-fiera-mama-pantera-hello-vandals.png?resize=350%2C200&ssl=1","width":350,"height":200,"srcset":"https:\/\/i0.wp.com\/oui-oui.es\/blog\/wp-content\/uploads\/2017\/01\/Oui-Oui-camisetas-mam%C3%A1-e-hijo-bebe-fiera-mama-pantera-hello-vandals.png?resize=350%2C200&ssl=1 1x, https:\/\/i0.wp.com\/oui-oui.es\/blog\/wp-content\/uploads\/2017\/01\/Oui-Oui-camisetas-mam%C3%A1-e-hijo-bebe-fiera-mama-pantera-hello-vandals.png?resize=525%2C300&ssl=1 1.5x, https:\/\/i0.wp.com\/oui-oui.es\/blog\/wp-content\/uploads\/2017\/01\/Oui-Oui-camisetas-mam%C3%A1-e-hijo-bebe-fiera-mama-pantera-hello-vandals.png?resize=700%2C400&ssl=1 2x"},"classes":[]},{"id":3663,"url":"https:\/\/oui-oui.es\/blog\/la-wishlist-para-frida\/","url_meta":{"origin":4009,"position":3},"title":"La wishlist para Frida","author":"Mar\u00eda \u2665Oui Oui\u2665","date":"4 noviembre, 2015","format":false,"excerpt":"A\u00fan quedan un poco m\u00e1s de tres meses pero es ahora cuando empiezo a tener las ganas de ver y buscar cosas para Frida (as\u00ed se llamar\u00e1 la ni\u00f1a que esperamos para febrero!) as\u00ed que voy a ir recopil\u00e1ndolas en mis wishlist para que no se me olviden. Hay dos\u2026","rel":"","context":"En \u00abMATERNIDAD\u00bb","block_context":{"text":"MATERNIDAD","link":"https:\/\/oui-oui.es\/blog\/category\/maternidad\/"},"img":{"alt_text":"","src":"https:\/\/i0.wp.com\/oui-oui.es\/blog\/wp-content\/uploads\/2015\/11\/Oui-Oui-libro-frida-kahlo-ni%C3%B1os-coleccion-mujeres-cuentos-ni%C3%B1os-cuento-frida-ed-alba.jpg?resize=350%2C200&ssl=1","width":350,"height":200},"classes":[]},{"id":5055,"url":"https:\/\/oui-oui.es\/blog\/la-wishlist-del-primer-cumpleanos-de-frida\/","url_meta":{"origin":4009,"position":4},"title":"La Wishlist del primer cumplea\u00f1os de Frida","author":"Mar\u00eda \u2665Oui Oui\u2665","date":"25 enero, 2017","format":false,"excerpt":"Quedan dos semanas para que Frida cumpla un a\u00f1o, es un t\u00f3pico pero ha pasado volando y aqu\u00ed estoy rompi\u00e9ndome la cabeza para ver qu\u00e9 le regalamos, porque quiero que tenga algo especial de recuerdo, y a la vez me parece que ya tiene de todo con los juguetes de\u2026","rel":"","context":"En \u00abFIESTAS y CELEBRACIONES\u00bb","block_context":{"text":"FIESTAS y CELEBRACIONES","link":"https:\/\/oui-oui.es\/blog\/category\/fiestas-celebraciones\/"},"img":{"alt_text":"","src":"https:\/\/i0.wp.com\/oui-oui.es\/blog\/wp-content\/uploads\/2017\/01\/Oui-Oui-wishlist-Frida-gorro-fiesta-crochet-la-f%C3%AAte-laf%C3%A8te-party-hat.jpg?resize=350%2C200&ssl=1","width":350,"height":200,"srcset":"https:\/\/i0.wp.com\/oui-oui.es\/blog\/wp-content\/uploads\/2017\/01\/Oui-Oui-wishlist-Frida-gorro-fiesta-crochet-la-f%C3%AAte-laf%C3%A8te-party-hat.jpg?resize=350%2C200&ssl=1 1x, https:\/\/i0.wp.com\/oui-oui.es\/blog\/wp-content\/uploads\/2017\/01\/Oui-Oui-wishlist-Frida-gorro-fiesta-crochet-la-f%C3%AAte-laf%C3%A8te-party-hat.jpg?resize=525%2C300&ssl=1 1.5x, https:\/\/i0.wp.com\/oui-oui.es\/blog\/wp-content\/uploads\/2017\/01\/Oui-Oui-wishlist-Frida-gorro-fiesta-crochet-la-f%C3%AAte-laf%C3%A8te-party-hat.jpg?resize=700%2C400&ssl=1 2x, https:\/\/i0.wp.com\/oui-oui.es\/blog\/wp-content\/uploads\/2017\/01\/Oui-Oui-wishlist-Frida-gorro-fiesta-crochet-la-f%C3%AAte-laf%C3%A8te-party-hat.jpg?resize=1050%2C600&ssl=1 3x"},"classes":[]},{"id":5082,"url":"https:\/\/oui-oui.es\/blog\/la-wishlist-de-mis-35\/","url_meta":{"origin":4009,"position":5},"title":"La wishlist de mis 35","author":"Mar\u00eda \u2665Oui Oui\u2665","date":"1 febrero, 2017","format":false,"excerpt":"Queda un mes para mi cumple y como soy do\u00f1a wishlist, no pod\u00eda faltar la m\u00eda ;) , adem\u00e1s, este a\u00f1o \u00a1cumplo 35! , en mi caso, creo que s\u00f3lo voy a celebrar mi cumple (con m\u00e1s gente que mi familia cercana) cada 5 a\u00f1os...As\u00ed que \u00e9ste deber\u00eda ser El\u2026","rel":"","context":"En \u00abESTILO DE VIDA\u00bb","block_context":{"text":"ESTILO DE VIDA","link":"https:\/\/oui-oui.es\/blog\/category\/lifestyle-2\/"},"img":{"alt_text":"","src":"https:\/\/i0.wp.com\/oui-oui.es\/blog\/wp-content\/uploads\/2017\/01\/Oui-Oui-wishlist-Mar%C3%ADa-35-gray-Malin-iceberg-swan-float.jpg?resize=350%2C200&ssl=1","width":350,"height":200,"srcset":"https:\/\/i0.wp.com\/oui-oui.es\/blog\/wp-content\/uploads\/2017\/01\/Oui-Oui-wishlist-Mar%C3%ADa-35-gray-Malin-iceberg-swan-float.jpg?resize=350%2C200&ssl=1 1x, https:\/\/i0.wp.com\/oui-oui.es\/blog\/wp-content\/uploads\/2017\/01\/Oui-Oui-wishlist-Mar%C3%ADa-35-gray-Malin-iceberg-swan-float.jpg?resize=525%2C300&ssl=1 1.5x, https:\/\/i0.wp.com\/oui-oui.es\/blog\/wp-content\/uploads\/2017\/01\/Oui-Oui-wishlist-Mar%C3%ADa-35-gray-Malin-iceberg-swan-float.jpg?resize=700%2C400&ssl=1 2x"},"classes":[]}],"_links":{"self":[{"href":"https:\/\/oui-oui.es\/blog\/wp-json\/wp\/v2\/posts\/4009","targetHints":{"allow":["GET"]}}],"collection":[{"href":"https:\/\/oui-oui.es\/blog\/wp-json\/wp\/v2\/posts"}],"about":[{"href":"https:\/\/oui-oui.es\/blog\/wp-json\/wp\/v2\/types\/post"}],"author":[{"embeddable":true,"href":"https:\/\/oui-oui.es\/blog\/wp-json\/wp\/v2\/users\/1"}],"replies":[{"embeddable":true,"href":"https:\/\/oui-oui.es\/blog\/wp-json\/wp\/v2\/comments?post=4009"}],"version-history":[{"count":4,"href":"https:\/\/oui-oui.es\/blog\/wp-json\/wp\/v2\/posts\/4009\/revisions"}],"predecessor-version":[{"id":4021,"href":"https:\/\/oui-oui.es\/blog\/wp-json\/wp\/v2\/posts\/4009\/revisions\/4021"}],"wp:featuredmedia":[{"embeddable":true,"href":"https:\/\/oui-oui.es\/blog\/wp-json\/wp\/v2\/media\/4016"}],"wp:attachment":[{"href":"https:\/\/oui-oui.es\/blog\/wp-json\/wp\/v2\/media?parent=4009"}],"wp:term":[{"taxonomy":"category","embeddable":true,"href":"https:\/\/oui-oui.es\/blog\/wp-json\/wp\/v2\/categories?post=4009"},{"taxonomy":"post_tag","embeddable":true,"href":"https:\/\/oui-oui.es\/blog\/wp-json\/wp\/v2\/tags?post=4009"}],"curies":[{"name":"wp","href":"https:\/\/api.w.org\/{rel}","templated":true}]}}