{"id":4048,"date":"2016-02-09T00:15:23","date_gmt":"2016-02-08T22:15:23","guid":{"rendered":"https:\/\/oui-oui.es\/blog\/?p=4048"},"modified":"2016-02-01T00:56:19","modified_gmt":"2016-01-31T22:56:19","slug":"restaurantes-que-tachar-en-febrero","status":"publish","type":"post","link":"https:\/\/oui-oui.es\/blog\/restaurantes-que-tachar-en-febrero\/","title":{"rendered":"Restaurantes que tachar en Febrero"},"content":{"rendered":"<p>Est\u00e1 claro que febrero no ser\u00e1 un mes f\u00e1cil para tachar restaurantes, me quedan unos diez d\u00edas como m\u00e1ximo para dar a luz y no s\u00e9 como nos apa\u00f1aremos siendo cuatro en casa, con la lactancia, el cansancio, etc&#8230;Pero a\u00fan as\u00ed, os dejo la lista para que pod\u00e1is tacharlos vosotros! \ud83d\ude09<\/p>\n<p><span style=\"text-decoration: underline;\"><strong>Floren Domezain &#8211; El Rey de las Verduras<\/strong><\/span><\/p>\n<p><img loading=\"lazy\" decoding=\"async\" class=\"aligncenter size-large wp-image-4049\" src=\"https:\/\/oui-oui.es\/blog\/wp-content\/uploads\/2016\/02\/Oui-Oui-floren-domezain-el-rey-de-las-verduras-huerto-ecologico-restaurante-1024x684.jpg\" alt=\"Oui Oui-floren domezain-el rey de las verduras-huerto ecologico restaurante\" width=\"1024\" height=\"684\" srcset=\"https:\/\/oui-oui.es\/blog\/wp-content\/uploads\/2016\/02\/Oui-Oui-floren-domezain-el-rey-de-las-verduras-huerto-ecologico-restaurante.jpg 1024w, https:\/\/oui-oui.es\/blog\/wp-content\/uploads\/2016\/02\/Oui-Oui-floren-domezain-el-rey-de-las-verduras-huerto-ecologico-restaurante-300x200.jpg 300w, https:\/\/oui-oui.es\/blog\/wp-content\/uploads\/2016\/02\/Oui-Oui-floren-domezain-el-rey-de-las-verduras-huerto-ecologico-restaurante-768x513.jpg 768w, https:\/\/oui-oui.es\/blog\/wp-content\/uploads\/2016\/02\/Oui-Oui-floren-domezain-el-rey-de-las-verduras-huerto-ecologico-restaurante-600x401.jpg 600w\" sizes=\"auto, (max-width: 1024px) 100vw, 1024px\" \/><\/p>\n<p>Lo descubr\u00ed a trav\u00e9s de Vogue en verano, pero se me hab\u00eda quedado en el tintero hasta que mi amiga Elena estuvo hace unas semanas y me lo recomend\u00f3 encarecidamente.Como reza su nombre, es un gran especialista en verduras, comenz\u00f3 desde Tudela (cuna de unas de las mejores verduras, sin duda), surtiendo de las mejores a los mejores cocineros, cruzando a Francia a por m\u00e1s delicatessen y, poco a poco, se convirti\u00f3 en \u00abagricultos, cocinero y autodidacta\u00bb, como \u00e9l mismo se define.<\/p>\n<p><a href=\"http:\/\/florendomezain.es\/\" target=\"_blank\"><strong>Floren Domezain<\/strong><\/a> es el creador tambi\u00e9n del mayor huerto urbano, en la azotea del Hotel Wellington y ,ahora, tiene su segundo restaurante, el primero con su nombre\u00a0 y en Madrid.<\/p>\n<p>Me recomiendan la <strong>lechuga, la borraja y la cebolla estofada de entrantes<\/strong>, as\u00ed como el buey de mar relleno y la vaca vieja de principales, pero insisten en que todo estaba buen\u00edsimo, y la foto del <strong>tomate<\/strong> habla por s\u00ed sola,as\u00ed que intentar\u00e9 ir pronto a probarlo!<\/p>\n<div id=\"attachment_4051\" style=\"width: 1034px\" class=\"wp-caption aligncenter\"><img loading=\"lazy\" decoding=\"async\" aria-describedby=\"caption-attachment-4051\" class=\"size-full wp-image-4051\" src=\"https:\/\/oui-oui.es\/blog\/wp-content\/uploads\/2016\/02\/Oui-Oui-floren-domezain-restaurante-tomate-rosa.jpg\" alt=\"Fotograf\u00eda de La Gastr\u00f3noma\" width=\"1024\" height=\"1024\" srcset=\"https:\/\/oui-oui.es\/blog\/wp-content\/uploads\/2016\/02\/Oui-Oui-floren-domezain-restaurante-tomate-rosa.jpg 1024w, https:\/\/oui-oui.es\/blog\/wp-content\/uploads\/2016\/02\/Oui-Oui-floren-domezain-restaurante-tomate-rosa-150x150.jpg 150w, https:\/\/oui-oui.es\/blog\/wp-content\/uploads\/2016\/02\/Oui-Oui-floren-domezain-restaurante-tomate-rosa-300x300.jpg 300w, https:\/\/oui-oui.es\/blog\/wp-content\/uploads\/2016\/02\/Oui-Oui-floren-domezain-restaurante-tomate-rosa-768x768.jpg 768w, https:\/\/oui-oui.es\/blog\/wp-content\/uploads\/2016\/02\/Oui-Oui-floren-domezain-restaurante-tomate-rosa-600x600.jpg 600w\" sizes=\"auto, (max-width: 1024px) 100vw, 1024px\" \/><p id=\"caption-attachment-4051\" class=\"wp-caption-text\">Fotograf\u00eda de La Gastr\u00f3noma<\/p><\/div>\n<p>En el mismo restaurante tienen un peque\u00f1o huerto vertical y adem\u00e1s te obsequian con este peque\u00f1o detalle cuando te vas \ud83d\ude09<\/p>\n<div id=\"attachment_4052\" style=\"width: 687px\" class=\"wp-caption aligncenter\"><img loading=\"lazy\" decoding=\"async\" aria-describedby=\"caption-attachment-4052\" class=\"wp-image-4052 size-full\" src=\"https:\/\/oui-oui.es\/blog\/wp-content\/uploads\/2016\/02\/Oui-Oui-floren-domezain-restaurante-lechuga.jpg\" alt=\"Oui Oui-floren domezain-restaurante-lechuga\" width=\"677\" height=\"529\" srcset=\"https:\/\/oui-oui.es\/blog\/wp-content\/uploads\/2016\/02\/Oui-Oui-floren-domezain-restaurante-lechuga.jpg 677w, https:\/\/oui-oui.es\/blog\/wp-content\/uploads\/2016\/02\/Oui-Oui-floren-domezain-restaurante-lechuga-300x234.jpg 300w, https:\/\/oui-oui.es\/blog\/wp-content\/uploads\/2016\/02\/Oui-Oui-floren-domezain-restaurante-lechuga-600x469.jpg 600w\" sizes=\"auto, (max-width: 677px) 100vw, 677px\" \/><p id=\"caption-attachment-4052\" class=\"wp-caption-text\">Fotograf\u00eda de Elena Bau<\/p><\/div>\n<p><strong>Precio medio:<\/strong> 50\u20ac<\/p>\n<p><strong>\u00bfD\u00f3nde?<\/strong> C\/Castell\u00f3,9 Tlf: <span class=\"_Xbe kno-fv\"><a class=\"fl r-iYCr3DsvXEag\" title=\"Llamar a trav\u00e9s de Hangouts\" data-number=\"+34915767623\" data-rtid=\"iYCr3DsvXEag\" data-ved=\"0ahUKEwimj8DZitXKAhUCJhoKHV44DxQQkAgIkAEwFA\">91 576 76 23<\/a><\/span><\/p>\n<p><span style=\"text-decoration: underline;\"><strong><a href=\"http:\/\/restaurantelabienaparecida.com\/\" target=\"_blank\">La Bien Aparecida<\/a><\/strong><\/span><\/p>\n<p><img loading=\"lazy\" decoding=\"async\" class=\"aligncenter size-full wp-image-4054\" src=\"https:\/\/oui-oui.es\/blog\/wp-content\/uploads\/2016\/02\/Oui-OUi-restaurantes-tachar-febrero-la-bien-aparecida.jpg\" alt=\"Oui OUi-restaurantes tachar febrero-la bien aparecida\" width=\"942\" height=\"531\" srcset=\"https:\/\/oui-oui.es\/blog\/wp-content\/uploads\/2016\/02\/Oui-OUi-restaurantes-tachar-febrero-la-bien-aparecida.jpg 942w, https:\/\/oui-oui.es\/blog\/wp-content\/uploads\/2016\/02\/Oui-OUi-restaurantes-tachar-febrero-la-bien-aparecida-300x169.jpg 300w, https:\/\/oui-oui.es\/blog\/wp-content\/uploads\/2016\/02\/Oui-OUi-restaurantes-tachar-febrero-la-bien-aparecida-768x433.jpg 768w, https:\/\/oui-oui.es\/blog\/wp-content\/uploads\/2016\/02\/Oui-OUi-restaurantes-tachar-febrero-la-bien-aparecida-600x338.jpg 600w\" sizes=\"auto, (max-width: 942px) 100vw, 942px\" \/><\/p>\n<p>De los mismos due\u00f1os que <strong>Ca\u00f1ad\u00edo<\/strong> y <strong>La Manduca<\/strong>, es decir, de <strong>origen c\u00e1ntabro y cocina de la tierra<\/strong>, promete a\u00f1adir un toque de estilismo decorativo a las \u00f3rdenes de Sandra Tarruella, con toques sencillos y elegantes cargados de luz.Entre sus platos, no pueden faltar las anchoas de santo\u00f1a y las rabas, pero cuentan que tampoco te puedes perder sus platos de cuchara&#8230;Vamos, un restaurante para comer bien y, adem\u00e1s, en un ambiente cuidado.<\/p>\n<p><strong>Precio medio:<\/strong> 50\u20ac<\/p>\n<p><strong>\u00bfD\u00f3nde?<\/strong> C\/Jorge Juan, 8 Tlf: <span class=\"_Xbe kno-fv\"><a class=\"fl r-iOwGdNXxIQpg\" title=\"Llamar a trav\u00e9s de Hangouts\" data-number=\"+34911593939\" data-rtid=\"iOwGdNXxIQpg\" data-ved=\"0ahUKEwiMw5aujtXKAhUFPBQKHaOtALMQkAgIkAEwEw\">91 159 39 39<\/a><\/span><\/p>\n<p><span style=\"text-decoration: underline;\"><strong>Restaurante Atl\u00e1ntico<\/strong><\/span><\/p>\n<p><img loading=\"lazy\" decoding=\"async\" class=\"aligncenter size-large wp-image-4053\" src=\"https:\/\/oui-oui.es\/blog\/wp-content\/uploads\/2016\/02\/Oui-OUi-restaurantes-tachar-febrero-atlantico-1024x683.jpg\" alt=\"Oui OUi-restaurantes tachar febrero-atlantico\" width=\"1024\" height=\"683\" srcset=\"https:\/\/oui-oui.es\/blog\/wp-content\/uploads\/2016\/02\/Oui-OUi-restaurantes-tachar-febrero-atlantico.jpg 1024w, https:\/\/oui-oui.es\/blog\/wp-content\/uploads\/2016\/02\/Oui-OUi-restaurantes-tachar-febrero-atlantico-300x200.jpg 300w, https:\/\/oui-oui.es\/blog\/wp-content\/uploads\/2016\/02\/Oui-OUi-restaurantes-tachar-febrero-atlantico-768x512.jpg 768w, https:\/\/oui-oui.es\/blog\/wp-content\/uploads\/2016\/02\/Oui-OUi-restaurantes-tachar-febrero-atlantico-600x400.jpg 600w\" sizes=\"auto, (max-width: 1024px) 100vw, 1024px\" \/><\/p>\n<p>Parece que todos los restaurantes de este mes tienen como denominador com\u00fan la materia prima por encima de todo, cocina de mercado y de cuchara&#8230;Y el restaurante Atl\u00e1ntico no pod\u00eda ser menos; una casa de comidas gallego con deco <em>Navy<\/em> muy cuidada.Con barra en la entrada para una comida m\u00e1s informal de conservas, o con mesas bajas en el interior, se presenta un restaurante muy apetecible&#8230;Tengo que probar el pulpo!<\/p>\n<p><strong>Precio medio:<\/strong> 15\u20ac en barra y 35\u20ac en el comedor<\/p>\n<p><strong>\u00bfD\u00f3nde?<\/strong> C\/Vel\u00e1zquez, 31 Tlf: <span class=\"_Xbe kno-fv\"><a class=\"fl r-iNoo9_NeLkNI\" title=\"Llamar a trav\u00e9s de Hangouts\" data-number=\"+34914356316\" data-rtid=\"iNoo9_NeLkNI\" data-ved=\"0ahUKEwiEntvjjNXKAhXEWRoKHcC5BVEQkAgImAEwEA\">91 435 63 16<\/a><\/span><\/p>\n<p><span style=\"text-decoration: underline;\"><strong><a href=\"http:\/\/www.lacandelaresto.com\/\" target=\"_blank\">La Candela Resto<\/a><\/strong><\/span><\/p>\n<p><img loading=\"lazy\" decoding=\"async\" class=\"aligncenter size-full wp-image-4055\" src=\"https:\/\/oui-oui.es\/blog\/wp-content\/uploads\/2016\/02\/Oui-OUi-restaurantes-tachar-febrero-la-candela-resto.jpg\" alt=\"Oui OUi-restaurantes tachar febrero-la candela resto\" width=\"996\" height=\"560\" srcset=\"https:\/\/oui-oui.es\/blog\/wp-content\/uploads\/2016\/02\/Oui-OUi-restaurantes-tachar-febrero-la-candela-resto.jpg 996w, https:\/\/oui-oui.es\/blog\/wp-content\/uploads\/2016\/02\/Oui-OUi-restaurantes-tachar-febrero-la-candela-resto-300x169.jpg 300w, https:\/\/oui-oui.es\/blog\/wp-content\/uploads\/2016\/02\/Oui-OUi-restaurantes-tachar-febrero-la-candela-resto-768x432.jpg 768w, https:\/\/oui-oui.es\/blog\/wp-content\/uploads\/2016\/02\/Oui-OUi-restaurantes-tachar-febrero-la-candela-resto-600x337.jpg 600w, https:\/\/oui-oui.es\/blog\/wp-content\/uploads\/2016\/02\/Oui-OUi-restaurantes-tachar-febrero-la-candela-resto-500x280.jpg 500w\" sizes=\"auto, (max-width: 996px) 100vw, 996px\" \/><\/p>\n<p>En este caso la recomendaci\u00f3n viene de mi amiga B\u00e1rbara, es el restaurante que le da el toque creativo al post, un restaurante sin carta, en el que varios chefs fusionan sus cosmopolitas bagajes al servicio de una <strong>cocina de fusi\u00f3n<\/strong> que sin duda sorprender\u00e1, con 3 men\u00fas en funci\u00f3n de cu\u00e1nto se quiera comer: el <strong>Petit Gastro<\/strong>\u00a0ofrece cuatro aperitivos, cinco platos principales y un postre (53\u20ac\/persona); el <strong>Gastron\u00f3mico<\/strong> (67\u20ac\/persona), con dos platos principales m\u00e1s y\u00a0dos postres; y el <strong>Gastro S\u00e1varo<\/strong> (79\u20ac\/persona), que incluye nueve platos principales y dos postres. <strong>\u00a1No me lo pierdo!<\/strong><\/p>\n<p><strong>\u00bfD\u00f3nde?<\/strong>\u00a0 <span class=\"color_13\">C\/ Amnist\u00eda, 10. Tlf: 91 173 98 88<\/span><\/p>\n<div><\/div>\n<p>&nbsp;<\/p>\n<p>&nbsp;<\/p>\n","protected":false},"excerpt":{"rendered":"<p>Est\u00e1 claro que febrero no ser\u00e1 un mes f\u00e1cil para tachar restaurantes, me quedan unos diez d\u00edas como m\u00e1ximo para dar a luz y no s\u00e9 como nos apa\u00f1aremos siendo cuatro en casa, con la lactancia, el cansancio, etc&#8230;Pero a\u00fan as\u00ed, os dejo la lista para que pod\u00e1is tacharlos vosotros! \ud83d\ude09 Floren Domezain &#8211; El [&hellip;]<\/p>\n","protected":false},"author":1,"featured_media":4052,"comment_status":"open","ping_status":"open","sticky":false,"template":"","format":"standard","meta":{"jetpack_post_was_ever_published":false,"_jetpack_newsletter_access":"","_jetpack_dont_email_post_to_subs":false,"_jetpack_newsletter_tier_id":0,"_jetpack_memberships_contains_paywalled_content":false,"_jetpack_memberships_contains_paid_content":false,"footnotes":"","jetpack_publicize_message":"","jetpack_publicize_feature_enabled":true,"jetpack_social_post_already_shared":true,"jetpack_social_options":{"image_generator_settings":{"template":"highway","default_image_id":0,"font":"","enabled":false},"version":2}},"categories":[177],"tags":[736],"class_list":["post-4048","post","type-post","status-publish","format-standard","has-post-thumbnail","hentry","category-lifestyle-2","tag-restaurantes"],"aioseo_notices":[],"jetpack_publicize_connections":[],"jetpack_featured_media_url":"https:\/\/oui-oui.es\/blog\/wp-content\/uploads\/2016\/02\/Oui-Oui-floren-domezain-restaurante-lechuga.jpg","jetpack_sharing_enabled":true,"jetpack-related-posts":[{"id":3897,"url":"https:\/\/oui-oui.es\/blog\/restaurantes-que-tachar-en-diciembre\/","url_meta":{"origin":4048,"position":0},"title":"Restaurantes que tachar en diciembre","author":"Mar\u00eda \u2665Oui Oui\u2665","date":"18 diciembre, 2015","format":false,"excerpt":"Es momento de cenas navide\u00f1as, si no has reservado ya en los sitios m\u00e1s de moda ser\u00e1 dif\u00edcil encontrar mesa, pero aqu\u00ed va mi selecci\u00f3n...Empezando por donde cenamos antes de ayer ;) La Vaquer\u00eda Monta\u00f1esa En el antiguo local de la Vaquer\u00eda Suiza se sit\u00faa la \u00faltima propuesta gastron\u00f3mica del\u2026","rel":"","context":"En \u00abESTILO DE VIDA\u00bb","block_context":{"text":"ESTILO DE VIDA","link":"https:\/\/oui-oui.es\/blog\/category\/lifestyle-2\/"},"img":{"alt_text":"","src":"https:\/\/i0.wp.com\/oui-oui.es\/blog\/wp-content\/uploads\/2015\/12\/Oui-Oui-restaurantes-tachar-diciembre-la-vaqueria-monta%C3%B1esa.jpg?resize=350%2C200&ssl=1","width":350,"height":200,"srcset":"https:\/\/i0.wp.com\/oui-oui.es\/blog\/wp-content\/uploads\/2015\/12\/Oui-Oui-restaurantes-tachar-diciembre-la-vaqueria-monta%C3%B1esa.jpg?resize=350%2C200&ssl=1 1x, https:\/\/i0.wp.com\/oui-oui.es\/blog\/wp-content\/uploads\/2015\/12\/Oui-Oui-restaurantes-tachar-diciembre-la-vaqueria-monta%C3%B1esa.jpg?resize=525%2C300&ssl=1 1.5x"},"classes":[]},{"id":4255,"url":"https:\/\/oui-oui.es\/blog\/restaurantes-que-tachar-en-mayo\/","url_meta":{"origin":4048,"position":1},"title":"Restaurantes que tachar en mayo","author":"Mar\u00eda \u2665Oui Oui\u2665","date":"4 mayo, 2016","format":false,"excerpt":"Llevaba desaparecida desde febrero en lo que a restaurantes a tachar se refiere, pero no pod\u00eda demorarlo m\u00e1s, as\u00ed que aqu\u00ed va mi propuesta para este mes El invernadero de los Pe\u00f1otes Es el primero de la lista porque all\u00ed es donde comimos el d\u00eda de la Madre, mi primer\u2026","rel":"","context":"En \u00abESTILO DE VIDA\u00bb","block_context":{"text":"ESTILO DE VIDA","link":"https:\/\/oui-oui.es\/blog\/category\/lifestyle-2\/"},"img":{"alt_text":"","src":"https:\/\/i0.wp.com\/oui-oui.es\/blog\/wp-content\/uploads\/2016\/04\/Oui-Oui-restaurantes-tachar-mayo-invernadero-los-pe%C3%B1otes.jpg?resize=350%2C200&ssl=1","width":350,"height":200,"srcset":"https:\/\/i0.wp.com\/oui-oui.es\/blog\/wp-content\/uploads\/2016\/04\/Oui-Oui-restaurantes-tachar-mayo-invernadero-los-pe%C3%B1otes.jpg?resize=350%2C200&ssl=1 1x, https:\/\/i0.wp.com\/oui-oui.es\/blog\/wp-content\/uploads\/2016\/04\/Oui-Oui-restaurantes-tachar-mayo-invernadero-los-pe%C3%B1otes.jpg?resize=525%2C300&ssl=1 1.5x, https:\/\/i0.wp.com\/oui-oui.es\/blog\/wp-content\/uploads\/2016\/04\/Oui-Oui-restaurantes-tachar-mayo-invernadero-los-pe%C3%B1otes.jpg?resize=700%2C400&ssl=1 2x"},"classes":[]},{"id":4418,"url":"https:\/\/oui-oui.es\/blog\/restaurantes-que-tachar-en-junio\/","url_meta":{"origin":4048,"position":2},"title":"Restaurantes que tachar en junio","author":"Mar\u00eda \u2665Oui Oui\u2665","date":"8 junio, 2016","format":false,"excerpt":"Los restaurantes de este mes van a estar dedicados al Barrio de las Letras, como os contaba ayer, participaremos en DecorAcci\u00f3n y me gusta (en la medida de lo posible porque con los horarios del stand es complicado) aprovechar para tachar esos sitios que tengo pendiente por la zona y\u2026","rel":"","context":"En \u00abESTILO DE VIDA\u00bb","block_context":{"text":"ESTILO DE VIDA","link":"https:\/\/oui-oui.es\/blog\/category\/lifestyle-2\/"},"img":{"alt_text":"","src":"https:\/\/i0.wp.com\/oui-oui.es\/blog\/wp-content\/uploads\/2016\/06\/Oui-Oui-restaurantes-tachar-junio-mercado-anton-martin-buns-and-bones.jpg?resize=350%2C200&ssl=1","width":350,"height":200,"srcset":"https:\/\/i0.wp.com\/oui-oui.es\/blog\/wp-content\/uploads\/2016\/06\/Oui-Oui-restaurantes-tachar-junio-mercado-anton-martin-buns-and-bones.jpg?resize=350%2C200&ssl=1 1x, https:\/\/i0.wp.com\/oui-oui.es\/blog\/wp-content\/uploads\/2016\/06\/Oui-Oui-restaurantes-tachar-junio-mercado-anton-martin-buns-and-bones.jpg?resize=525%2C300&ssl=1 1.5x, https:\/\/i0.wp.com\/oui-oui.es\/blog\/wp-content\/uploads\/2016\/06\/Oui-Oui-restaurantes-tachar-junio-mercado-anton-martin-buns-and-bones.jpg?resize=700%2C400&ssl=1 2x"},"classes":[]},{"id":3682,"url":"https:\/\/oui-oui.es\/blog\/restaurantes-a-tachar-en-noviembre\/","url_meta":{"origin":4048,"position":3},"title":"Restaurantes a tachar en noviembre","author":"Mar\u00eda \u2665Oui Oui\u2665","date":"6 noviembre, 2015","format":false,"excerpt":"Primer viernes de mes y encima cae en puente (para los madrile\u00f1os), as\u00ed que m\u00e1s f\u00e1cil a\u00fan tachar algunas de las propuestas de restaurantes para este mes; he inclu\u00eddo algunos antiguos (decir eso en Madrid significa que igual lleva ya m\u00e1s de seis meses abierto...) para obligarme a tacharlos y\u2026","rel":"","context":"En \u00abESTILO DE VIDA\u00bb","block_context":{"text":"ESTILO DE VIDA","link":"https:\/\/oui-oui.es\/blog\/category\/lifestyle-2\/"},"img":{"alt_text":"","src":"https:\/\/i0.wp.com\/oui-oui.es\/blog\/wp-content\/uploads\/2015\/11\/Oui-Oui-do%C3%B1a-tecla-terraza-de-invierno.jpg?resize=350%2C200&ssl=1","width":350,"height":200,"srcset":"https:\/\/i0.wp.com\/oui-oui.es\/blog\/wp-content\/uploads\/2015\/11\/Oui-Oui-do%C3%B1a-tecla-terraza-de-invierno.jpg?resize=350%2C200&ssl=1 1x, https:\/\/i0.wp.com\/oui-oui.es\/blog\/wp-content\/uploads\/2015\/11\/Oui-Oui-do%C3%B1a-tecla-terraza-de-invierno.jpg?resize=525%2C300&ssl=1 1.5x"},"classes":[]},{"id":4960,"url":"https:\/\/oui-oui.es\/blog\/restaurantes-que-tachar-en-diciembre-2\/","url_meta":{"origin":4048,"position":4},"title":"Restaurantes que tachar en diciembre","author":"Mar\u00eda \u2665Oui Oui\u2665","date":"2 diciembre, 2016","format":false,"excerpt":"Tengo esta secci\u00f3n un poco abandonada, b\u00e1sicamente por falta de tiempo y porque \u00e9sta ha hecho que salga menos a comer por ah\u00ed, pero no quiero despedir el a\u00f1o, ni empezar diciembre (mes de las cenas y comidas fuera por excelencia) sin dejar, al menos plasmados, todos los restaurantes que\u2026","rel":"","context":"En \u00abLA GU\u00cdA DE MAR\u00cdA\u00bb","block_context":{"text":"LA GU\u00cdA DE MAR\u00cdA","link":"https:\/\/oui-oui.es\/blog\/category\/la-guia-de-maria\/"},"img":{"alt_text":"","src":"https:\/\/i0.wp.com\/oui-oui.es\/blog\/wp-content\/uploads\/2016\/12\/Oui-Oui-duck-and-sushi-restaurantes-cuzco-restaurantes-calle-orense-restaurantes-plaza-castilla.jpg?resize=350%2C200&ssl=1","width":350,"height":200,"srcset":"https:\/\/i0.wp.com\/oui-oui.es\/blog\/wp-content\/uploads\/2016\/12\/Oui-Oui-duck-and-sushi-restaurantes-cuzco-restaurantes-calle-orense-restaurantes-plaza-castilla.jpg?resize=350%2C200&ssl=1 1x, https:\/\/i0.wp.com\/oui-oui.es\/blog\/wp-content\/uploads\/2016\/12\/Oui-Oui-duck-and-sushi-restaurantes-cuzco-restaurantes-calle-orense-restaurantes-plaza-castilla.jpg?resize=525%2C300&ssl=1 1.5x"},"classes":[]},{"id":3451,"url":"https:\/\/oui-oui.es\/blog\/restaurantes-que-tachar-en-octubre\/","url_meta":{"origin":4048,"position":5},"title":"Restaurantes que tachar en octubre","author":"Mar\u00eda \u2665Oui Oui\u2665","date":"7 octubre, 2015","format":false,"excerpt":"\u00a0 Empezamos mes y con \u00e9l tengo que actualizar mi lista de restaurantes a los que ir, ya hice la lista de septiembre y estoy content\u00edsima porque pude tachar muchos, aunque a\u00fan tengo pendientes La Pagoda, Chuka Ramen, La Chamartina y\u00a0 la terraza de Dear Hotel (el primer d\u00eda con\u2026","rel":"","context":"En \u00abESTILO DE VIDA\u00bb","block_context":{"text":"ESTILO DE VIDA","link":"https:\/\/oui-oui.es\/blog\/category\/lifestyle-2\/"},"img":{"alt_text":"","src":"https:\/\/i0.wp.com\/oui-oui.es\/blog\/wp-content\/uploads\/2015\/10\/Oui-Oui-kilometros-de-pizza-las-tablas-restaurantes-con-ni%C3%B1os-pizza-boquerones-en-vinagre.jpg?resize=350%2C200&ssl=1","width":350,"height":200,"srcset":"https:\/\/i0.wp.com\/oui-oui.es\/blog\/wp-content\/uploads\/2015\/10\/Oui-Oui-kilometros-de-pizza-las-tablas-restaurantes-con-ni%C3%B1os-pizza-boquerones-en-vinagre.jpg?resize=350%2C200&ssl=1 1x, https:\/\/i0.wp.com\/oui-oui.es\/blog\/wp-content\/uploads\/2015\/10\/Oui-Oui-kilometros-de-pizza-las-tablas-restaurantes-con-ni%C3%B1os-pizza-boquerones-en-vinagre.jpg?resize=525%2C300&ssl=1 1.5x, https:\/\/i0.wp.com\/oui-oui.es\/blog\/wp-content\/uploads\/2015\/10\/Oui-Oui-kilometros-de-pizza-las-tablas-restaurantes-con-ni%C3%B1os-pizza-boquerones-en-vinagre.jpg?resize=700%2C400&ssl=1 2x"},"classes":[]}],"_links":{"self":[{"href":"https:\/\/oui-oui.es\/blog\/wp-json\/wp\/v2\/posts\/4048","targetHints":{"allow":["GET"]}}],"collection":[{"href":"https:\/\/oui-oui.es\/blog\/wp-json\/wp\/v2\/posts"}],"about":[{"href":"https:\/\/oui-oui.es\/blog\/wp-json\/wp\/v2\/types\/post"}],"author":[{"embeddable":true,"href":"https:\/\/oui-oui.es\/blog\/wp-json\/wp\/v2\/users\/1"}],"replies":[{"embeddable":true,"href":"https:\/\/oui-oui.es\/blog\/wp-json\/wp\/v2\/comments?post=4048"}],"version-history":[{"count":2,"href":"https:\/\/oui-oui.es\/blog\/wp-json\/wp\/v2\/posts\/4048\/revisions"}],"predecessor-version":[{"id":4057,"href":"https:\/\/oui-oui.es\/blog\/wp-json\/wp\/v2\/posts\/4048\/revisions\/4057"}],"wp:featuredmedia":[{"embeddable":true,"href":"https:\/\/oui-oui.es\/blog\/wp-json\/wp\/v2\/media\/4052"}],"wp:attachment":[{"href":"https:\/\/oui-oui.es\/blog\/wp-json\/wp\/v2\/media?parent=4048"}],"wp:term":[{"taxonomy":"category","embeddable":true,"href":"https:\/\/oui-oui.es\/blog\/wp-json\/wp\/v2\/categories?post=4048"},{"taxonomy":"post_tag","embeddable":true,"href":"https:\/\/oui-oui.es\/blog\/wp-json\/wp\/v2\/tags?post=4048"}],"curies":[{"name":"wp","href":"https:\/\/api.w.org\/{rel}","templated":true}]}}