{"id":4066,"date":"2016-02-23T00:15:38","date_gmt":"2016-02-22T22:15:38","guid":{"rendered":"https:\/\/oui-oui.es\/blog\/?p=4066"},"modified":"2016-02-08T07:48:48","modified_gmt":"2016-02-08T05:48:48","slug":"be-poppins-nineras-de-confianza","status":"publish","type":"post","link":"https:\/\/oui-oui.es\/blog\/be-poppins-nineras-de-confianza\/","title":{"rendered":"Be Poppins | Ni\u00f1eras de confianza"},"content":{"rendered":"<p><strong>Encontrar a una persona de confianza para cuidar a tus hijos es de las tareas m\u00e1s dif\u00edciles que hay<\/strong>, lo primero por la seguridad de dejar a tus hijos con alguien que no conoces pero, adem\u00e1s, porque quieres que esa persona sea cari\u00f1osa, juegue con ellos, sea responsable, sepa actuar en un momento de estr\u00e9s, etc&#8230;Por eso siempre recurrimos a amigos y conocidos para que nso recomienden a alguien que haya trabajado con ellos, pero \u00bfy si no conocen a nadie disponible?, en esa tesitura nos encontr\u00e1bamos nosotros hace unos meses, necesit\u00e1bamos una persona que recogiera a Mart\u00edn del cole y estuviera cuid\u00e1ndolo y jugando con \u00e9l durante unas horas, no encontr\u00e1bamos a nadie recomendado y las agencias al uso nunca me han convencido mucho, as\u00ed que pens\u00e9 en <strong><a href=\"https:\/\/bepoppins.com\/\" target=\"_blank\">Be Poppins<\/a><\/strong>&#8230;<\/p>\n<p><img loading=\"lazy\" decoding=\"async\" class=\"aligncenter wp-image-4067 size-large\" src=\"https:\/\/oui-oui.es\/blog\/wp-content\/uploads\/2016\/02\/Oui-Oui-ni\u00f1eras-de-confianza-Be-Poppins-1024x1024.jpg\" alt=\"Superhero kid against summer sky background. Girl power and feminism concept\" width=\"1024\" height=\"1024\" srcset=\"https:\/\/oui-oui.es\/blog\/wp-content\/uploads\/2016\/02\/Oui-Oui-ni\u00f1eras-de-confianza-Be-Poppins-1024x1024.jpg 1024w, https:\/\/oui-oui.es\/blog\/wp-content\/uploads\/2016\/02\/Oui-Oui-ni\u00f1eras-de-confianza-Be-Poppins-150x150.jpg 150w, https:\/\/oui-oui.es\/blog\/wp-content\/uploads\/2016\/02\/Oui-Oui-ni\u00f1eras-de-confianza-Be-Poppins-300x300.jpg 300w, https:\/\/oui-oui.es\/blog\/wp-content\/uploads\/2016\/02\/Oui-Oui-ni\u00f1eras-de-confianza-Be-Poppins-768x768.jpg 768w, https:\/\/oui-oui.es\/blog\/wp-content\/uploads\/2016\/02\/Oui-Oui-ni\u00f1eras-de-confianza-Be-Poppins-600x600.jpg 600w, https:\/\/oui-oui.es\/blog\/wp-content\/uploads\/2016\/02\/Oui-Oui-ni\u00f1eras-de-confianza-Be-Poppins.jpg 1378w\" sizes=\"auto, (max-width: 1024px) 100vw, 1024px\" \/><\/p>\n<p><strong>Una plataforma online que pone en contacto directo a padres y a cuidadoras<\/strong> (aunque ahora ya tienen servicio dom\u00e9stico tambi\u00e9n) de una forma diferente; <strong>ellos seleccionan a cada ni\u00f1era a trav\u00e9s de un exhaustivo proceso<\/strong>, <strong>en su mayor\u00eda son maestras o est\u00e1n relacionadas con la educaci\u00f3n de los ni\u00f1os<\/strong> (es decir, m\u00e1s cualificadas), <strong>graban en v\u00eddeo su presentaci\u00f3n<\/strong> (as\u00ed en la web tu ya las conoces un poco m\u00e1s) y, por supuesto, hacen un <strong>minucioso trabajo de comprobaci\u00f3n de t\u00edtulos y referencias<\/strong>.<\/p>\n<p><img loading=\"lazy\" decoding=\"async\" class=\"aligncenter size-full wp-image-4068\" src=\"https:\/\/oui-oui.es\/blog\/wp-content\/uploads\/2016\/02\/Oui-Oui-be-poppins-canguros-de-confianza-ni\u00f1eras-confianza-madrid-valencia-barcelona.jpg\" alt=\"Oui Oui-be poppins-canguros de confianza-ni\u00f1eras confianza-madrid-valencia-barcelona\" width=\"640\" height=\"340\" srcset=\"https:\/\/oui-oui.es\/blog\/wp-content\/uploads\/2016\/02\/Oui-Oui-be-poppins-canguros-de-confianza-ni\u00f1eras-confianza-madrid-valencia-barcelona.jpg 640w, https:\/\/oui-oui.es\/blog\/wp-content\/uploads\/2016\/02\/Oui-Oui-be-poppins-canguros-de-confianza-ni\u00f1eras-confianza-madrid-valencia-barcelona-300x159.jpg 300w, https:\/\/oui-oui.es\/blog\/wp-content\/uploads\/2016\/02\/Oui-Oui-be-poppins-canguros-de-confianza-ni\u00f1eras-confianza-madrid-valencia-barcelona-600x319.jpg 600w\" sizes=\"auto, (max-width: 640px) 100vw, 640px\" \/><\/p>\n<p>Navegando un poco por su web fui filtrando las personas que me cuadraban por horario, proximidad, estudios, etc&#8230;Y contact\u00e9 con Alicia (la mitad de <strong>Be Poppins<\/strong>) para que me pusiera en contacto con ellas; recuerdo que ten\u00eda cuatro personas y no hizo falta pasar de la primera&#8230;La primera chica que nos mand\u00f3 (Mar\u00eda), nos encant\u00f3, su filosof\u00eda de educaci\u00f3n cuadraba con la nuestra, nos pareci\u00f3 una persona s\u00faper dispuesta a trabajar y con ganas, a la que le gustaban los ni\u00f1os y que estaba terminando de formarse en magisterio.As\u00ed que <strong>la contratamos a la primera, sin equivocarnos<\/strong>, pero es que adem\u00e1s desde <strong><a href=\"https:\/\/bepoppins.com\/\" target=\"_blank\">Be Poppins<\/a><\/strong>, Alicia contact\u00f3 con nosotros a lo largo de los meses en un par de ocasiones para <strong>reconfirmar si segu\u00edamos contentos, si todo iba bien<\/strong>&#8230;Y me consta que lo mismo hizo con la ni\u00f1era, es decir, que cuidan las dos partes; a los clientes y a las trabajadoras \ud83d\ude42<\/p>\n<p>Por eso ten\u00eda que <strong>recomendaros<\/strong> desde aqu\u00ed <strong><a href=\"https:\/\/bepoppins.com\/\" target=\"_blank\">Be Poppins<\/a><\/strong>; tanto <strong>si buscas una persona para cuidar a tus hijos<\/strong> de forma espor\u00e1dica (una noche para salir a cenar) como si es para algo m\u00e1s recurrente en el tiempo o si necesitas una persona de servicio dom\u00e9stico todo el d\u00eda&#8230;<strong>Cubren todos los servicios y, lo mejor, con la m\u00e1xima confianza y responsabilidad.<\/strong><\/p>\n<p>Por cuestiones t\u00e9cnicas Mar\u00eda ya no trabaja con nosotros en el d\u00eda a d\u00eda, pero la recomendamos fervientemente, as\u00ed que si necesitas una cuidadora en Madrid y quieres referencias, no dudes en escribirme por privado \ud83d\ude09<\/p>\n<p>Ah!, por el momento, cuentan con profesionales para trabajar en Madrid, Barcelona y Valencia \ud83d\ude09<\/p>\n<p>&nbsp;<\/p>\n","protected":false},"excerpt":{"rendered":"<p>Encontrar a una persona de confianza para cuidar a tus hijos es de las tareas m\u00e1s dif\u00edciles que hay, lo primero por la seguridad de dejar a tus hijos con alguien que no conoces pero, adem\u00e1s, porque quieres que esa persona sea cari\u00f1osa, juegue con ellos, sea responsable, sepa actuar en un momento de estr\u00e9s, [&hellip;]<\/p>\n","protected":false},"author":1,"featured_media":4067,"comment_status":"open","ping_status":"open","sticky":false,"template":"","format":"standard","meta":{"jetpack_post_was_ever_published":false,"_jetpack_newsletter_access":"","_jetpack_dont_email_post_to_subs":false,"_jetpack_newsletter_tier_id":0,"_jetpack_memberships_contains_paywalled_content":false,"_jetpack_memberships_contains_paid_content":false,"footnotes":"","jetpack_publicize_message":"","jetpack_publicize_feature_enabled":true,"jetpack_social_post_already_shared":true,"jetpack_social_options":{"image_generator_settings":{"template":"highway","default_image_id":0,"font":"","enabled":false},"version":2}},"categories":[535,174],"tags":[721],"class_list":["post-4066","post","type-post","status-publish","format-standard","has-post-thumbnail","hentry","category-maternidad","category-ninos","tag-planes-con-ninos"],"aioseo_notices":[],"jetpack_publicize_connections":[],"jetpack_featured_media_url":"https:\/\/oui-oui.es\/blog\/wp-content\/uploads\/2016\/02\/Oui-Oui-ni\u00f1eras-de-confianza-Be-Poppins.jpg","jetpack_sharing_enabled":true,"jetpack-related-posts":[{"id":8860,"url":"https:\/\/oui-oui.es\/blog\/y-tu-como-educas-a-tus-hijos\/","url_meta":{"origin":4066,"position":0},"title":"Y t\u00fa \u00bfc\u00f3mo educas a tus hijos?","author":"Mar\u00eda \u2665Oui Oui\u2665","date":"26 febrero, 2018","format":false,"excerpt":"Las noticias sobre sucesos con ni\u00f1os, los chats de whatsapp del colegio, las charlas sobre educaci\u00f3n y futuro con amigas dan mucho de s\u00ed, y llevaba un tiempo reflexionando sobre la delgada l\u00ednea entre el derecho que tenemos los padres a educar de la forma que mejor nos parezca y\u2026","rel":"","context":"En \u00abMATERNIDAD\u00bb","block_context":{"text":"MATERNIDAD","link":"https:\/\/oui-oui.es\/blog\/category\/maternidad\/"},"img":{"alt_text":"","src":"https:\/\/i0.wp.com\/oui-oui.es\/blog\/wp-content\/uploads\/2018\/02\/Oui-Oui-set-paris-kiko-juego-madera-paris-paris-matchi-kiko.jpg?resize=350%2C200&ssl=1","width":350,"height":200,"srcset":"https:\/\/i0.wp.com\/oui-oui.es\/blog\/wp-content\/uploads\/2018\/02\/Oui-Oui-set-paris-kiko-juego-madera-paris-paris-matchi-kiko.jpg?resize=350%2C200&ssl=1 1x, https:\/\/i0.wp.com\/oui-oui.es\/blog\/wp-content\/uploads\/2018\/02\/Oui-Oui-set-paris-kiko-juego-madera-paris-paris-matchi-kiko.jpg?resize=525%2C300&ssl=1 1.5x, https:\/\/i0.wp.com\/oui-oui.es\/blog\/wp-content\/uploads\/2018\/02\/Oui-Oui-set-paris-kiko-juego-madera-paris-paris-matchi-kiko.jpg?resize=700%2C400&ssl=1 2x"},"classes":[]},{"id":8988,"url":"https:\/\/oui-oui.es\/blog\/10-tips-para-iniciarte-en-el-senderismo-con-ninos\/","url_meta":{"origin":4066,"position":1},"title":"10 Tips para iniciarte en el senderismo con ni\u00f1os","author":"Mar\u00eda \u2665Oui Oui\u2665","date":"20 abril, 2018","format":false,"excerpt":"El post de hoy es un poco diferente porque es la primera vez que hago una colaboraci\u00f3n para que alguien que no sea yo escriba un post, pero la verdad es que desde que conoc\u00ed (virtualmente) a Laura de Mini Explorers ten\u00eda ganas de hacer algo con ella. Las casualidades\u2026","rel":"","context":"En \u00abNI\u00d1OS Y NI\u00d1AS\u00bb","block_context":{"text":"NI\u00d1OS Y NI\u00d1AS","link":"https:\/\/oui-oui.es\/blog\/category\/ninos\/"},"img":{"alt_text":"","src":"https:\/\/i0.wp.com\/oui-oui.es\/blog\/wp-content\/uploads\/2018\/04\/Como-iniciarte-en-el-senderismo-con-ni%C3%B1os-monta%C3%B1a-ni%C3%B1os-mini-explorers-cantimplora-oui-oui.jpg?resize=350%2C200&ssl=1","width":350,"height":200,"srcset":"https:\/\/i0.wp.com\/oui-oui.es\/blog\/wp-content\/uploads\/2018\/04\/Como-iniciarte-en-el-senderismo-con-ni%C3%B1os-monta%C3%B1a-ni%C3%B1os-mini-explorers-cantimplora-oui-oui.jpg?resize=350%2C200&ssl=1 1x, https:\/\/i0.wp.com\/oui-oui.es\/blog\/wp-content\/uploads\/2018\/04\/Como-iniciarte-en-el-senderismo-con-ni%C3%B1os-monta%C3%B1a-ni%C3%B1os-mini-explorers-cantimplora-oui-oui.jpg?resize=525%2C300&ssl=1 1.5x, https:\/\/i0.wp.com\/oui-oui.es\/blog\/wp-content\/uploads\/2018\/04\/Como-iniciarte-en-el-senderismo-con-ni%C3%B1os-monta%C3%B1a-ni%C3%B1os-mini-explorers-cantimplora-oui-oui.jpg?resize=700%2C400&ssl=1 2x, https:\/\/i0.wp.com\/oui-oui.es\/blog\/wp-content\/uploads\/2018\/04\/Como-iniciarte-en-el-senderismo-con-ni%C3%B1os-monta%C3%B1a-ni%C3%B1os-mini-explorers-cantimplora-oui-oui.jpg?resize=1050%2C600&ssl=1 3x, https:\/\/i0.wp.com\/oui-oui.es\/blog\/wp-content\/uploads\/2018\/04\/Como-iniciarte-en-el-senderismo-con-ni%C3%B1os-monta%C3%B1a-ni%C3%B1os-mini-explorers-cantimplora-oui-oui.jpg?resize=1400%2C800&ssl=1 4x"},"classes":[]},{"id":3823,"url":"https:\/\/oui-oui.es\/blog\/dia-contra-la-violencia-de-genero-tu-puedes-ayudar\/","url_meta":{"origin":4066,"position":2},"title":"D\u00eda contra la violencia de g\u00e9nero: tu puedes ayudar","author":"Mar\u00eda \u2665Oui Oui\u2665","date":"25 noviembre, 2015","format":false,"excerpt":"Hoy, 25 de noviembre, es el d\u00eda contra la violencia de g\u00e9nero. Est\u00e1 bien que haya un d\u00eda para que se cree un movimiento m\u00e1s contundente, pero lo importante es estar concienciado, concienciado de lo que significa. Significa educar desde peque\u00f1itos que todos somos iguales, en derechos y en deberes,\u2026","rel":"","context":"En \u00abOPINI\u00d3N\u00bb","block_context":{"text":"OPINI\u00d3N","link":"https:\/\/oui-oui.es\/blog\/category\/opinion\/"},"img":{"alt_text":"","src":"https:\/\/i0.wp.com\/oui-oui.es\/blog\/wp-content\/uploads\/2015\/11\/Oui-Oui-dia-contra-violencia-de-genero-aspacia-forges.gif?resize=350%2C200&ssl=1","width":350,"height":200,"srcset":"https:\/\/i0.wp.com\/oui-oui.es\/blog\/wp-content\/uploads\/2015\/11\/Oui-Oui-dia-contra-violencia-de-genero-aspacia-forges.gif?resize=350%2C200&ssl=1 1x, https:\/\/i0.wp.com\/oui-oui.es\/blog\/wp-content\/uploads\/2015\/11\/Oui-Oui-dia-contra-violencia-de-genero-aspacia-forges.gif?resize=525%2C300&ssl=1 1.5x"},"classes":[]},{"id":9996,"url":"https:\/\/oui-oui.es\/blog\/las-nuevas-tecnologias-y-los-ninos-estudio-tenemoslike\/","url_meta":{"origin":4066,"position":3},"title":"Las nuevas tecnolog\u00edas y los ni\u00f1os | Estudio #TenemosLike","author":"Mar\u00eda \u2665Oui Oui\u2665","date":"18 julio, 2019","format":false,"excerpt":"Esta ma\u00f1ana he acudido a la presentaci\u00f3n del estudio #TenemosLike realizado por el Club de Malasmadres y Movistar tomando como muestra madres del Club. Me interesaba mucho porque es un tema que me preocupa a futuro, mis hijos son peque\u00f1os y, con mucho esfuerzo, a\u00fan no utilizan dispositivos. El estudio\u2026","rel":"","context":"En \u00abEDUCACI\u00d3N\u00bb","block_context":{"text":"EDUCACI\u00d3N","link":"https:\/\/oui-oui.es\/blog\/category\/educacion\/"},"img":{"alt_text":"","src":"https:\/\/i0.wp.com\/oui-oui.es\/blog\/wp-content\/uploads\/2019\/07\/Oui-Oui-uso-dispositivos-moviles-hijos-.jpg?resize=350%2C200&ssl=1","width":350,"height":200},"classes":[]},{"id":4251,"url":"https:\/\/oui-oui.es\/blog\/grey-elephant-en-tu-oficina\/","url_meta":{"origin":4066,"position":4},"title":"Grey Elephant en tu oficina","author":"Mar\u00eda \u2665Oui Oui\u2665","date":"2 mayo, 2016","format":false,"excerpt":"\u00bfTrabajas en una empresa grande?, \u00bftienes hijos?, si has respondido a las dos preguntas con un S\u00cd, no puedes dejar de leer el post...Y de propon\u00e9rselo al departamento de RRHH de tu empresa. El espacio de actividades para ni\u00f1os Grey Elephant ha tenido una gran idea; trasladar sus talleres, clases,\u2026","rel":"","context":"En \u00abNI\u00d1OS Y NI\u00d1AS\u00bb","block_context":{"text":"NI\u00d1OS Y NI\u00d1AS","link":"https:\/\/oui-oui.es\/blog\/category\/ninos\/"},"img":{"alt_text":"","src":"https:\/\/i0.wp.com\/oui-oui.es\/blog\/wp-content\/uploads\/2016\/04\/Oui-Oui-pop-up-empresas-grey-elephant.png?resize=350%2C200&ssl=1","width":350,"height":200,"srcset":"https:\/\/i0.wp.com\/oui-oui.es\/blog\/wp-content\/uploads\/2016\/04\/Oui-Oui-pop-up-empresas-grey-elephant.png?resize=350%2C200&ssl=1 1x, https:\/\/i0.wp.com\/oui-oui.es\/blog\/wp-content\/uploads\/2016\/04\/Oui-Oui-pop-up-empresas-grey-elephant.png?resize=525%2C300&ssl=1 1.5x, https:\/\/i0.wp.com\/oui-oui.es\/blog\/wp-content\/uploads\/2016\/04\/Oui-Oui-pop-up-empresas-grey-elephant.png?resize=700%2C400&ssl=1 2x"},"classes":[]},{"id":8876,"url":"https:\/\/oui-oui.es\/blog\/iii-kids-up-edicion-primavera\/","url_meta":{"origin":4066,"position":5},"title":"III Kids UP! | Edici\u00f3n Primavera","author":"Mar\u00eda \u2665Oui Oui\u2665","date":"5 marzo, 2018","format":false,"excerpt":"Recuerdo cuando habl\u00e1bamos de organizar una venta especial de moda y productos infantiles porque no encontr\u00e1bamos nada que nos encajara...Y, de repente...Vamos a organizar la III Edici\u00f3n de Kids UP! Como ya os cont\u00e9 en la primera edici\u00f3n, se trata de juntar marcas del mundo infantil que me gustan, no\u2026","rel":"","context":"En \u00abNI\u00d1OS Y NI\u00d1AS\u00bb","block_context":{"text":"NI\u00d1OS Y NI\u00d1AS","link":"https:\/\/oui-oui.es\/blog\/category\/ninos\/"},"img":{"alt_text":"","src":"https:\/\/i0.wp.com\/oui-oui.es\/blog\/wp-content\/uploads\/2018\/03\/Flyer-Kids-UP-Primavera-2018-Cuadrada.jpg?resize=350%2C200&ssl=1","width":350,"height":200,"srcset":"https:\/\/i0.wp.com\/oui-oui.es\/blog\/wp-content\/uploads\/2018\/03\/Flyer-Kids-UP-Primavera-2018-Cuadrada.jpg?resize=350%2C200&ssl=1 1x, https:\/\/i0.wp.com\/oui-oui.es\/blog\/wp-content\/uploads\/2018\/03\/Flyer-Kids-UP-Primavera-2018-Cuadrada.jpg?resize=525%2C300&ssl=1 1.5x, https:\/\/i0.wp.com\/oui-oui.es\/blog\/wp-content\/uploads\/2018\/03\/Flyer-Kids-UP-Primavera-2018-Cuadrada.jpg?resize=700%2C400&ssl=1 2x, https:\/\/i0.wp.com\/oui-oui.es\/blog\/wp-content\/uploads\/2018\/03\/Flyer-Kids-UP-Primavera-2018-Cuadrada.jpg?resize=1050%2C600&ssl=1 3x, https:\/\/i0.wp.com\/oui-oui.es\/blog\/wp-content\/uploads\/2018\/03\/Flyer-Kids-UP-Primavera-2018-Cuadrada.jpg?resize=1400%2C800&ssl=1 4x"},"classes":[]}],"_links":{"self":[{"href":"https:\/\/oui-oui.es\/blog\/wp-json\/wp\/v2\/posts\/4066","targetHints":{"allow":["GET"]}}],"collection":[{"href":"https:\/\/oui-oui.es\/blog\/wp-json\/wp\/v2\/posts"}],"about":[{"href":"https:\/\/oui-oui.es\/blog\/wp-json\/wp\/v2\/types\/post"}],"author":[{"embeddable":true,"href":"https:\/\/oui-oui.es\/blog\/wp-json\/wp\/v2\/users\/1"}],"replies":[{"embeddable":true,"href":"https:\/\/oui-oui.es\/blog\/wp-json\/wp\/v2\/comments?post=4066"}],"version-history":[{"count":1,"href":"https:\/\/oui-oui.es\/blog\/wp-json\/wp\/v2\/posts\/4066\/revisions"}],"predecessor-version":[{"id":4069,"href":"https:\/\/oui-oui.es\/blog\/wp-json\/wp\/v2\/posts\/4066\/revisions\/4069"}],"wp:featuredmedia":[{"embeddable":true,"href":"https:\/\/oui-oui.es\/blog\/wp-json\/wp\/v2\/media\/4067"}],"wp:attachment":[{"href":"https:\/\/oui-oui.es\/blog\/wp-json\/wp\/v2\/media?parent=4066"}],"wp:term":[{"taxonomy":"category","embeddable":true,"href":"https:\/\/oui-oui.es\/blog\/wp-json\/wp\/v2\/categories?post=4066"},{"taxonomy":"post_tag","embeddable":true,"href":"https:\/\/oui-oui.es\/blog\/wp-json\/wp\/v2\/tags?post=4066"}],"curies":[{"name":"wp","href":"https:\/\/api.w.org\/{rel}","templated":true}]}}