{"id":4153,"date":"2016-04-06T11:26:31","date_gmt":"2016-04-06T09:26:31","guid":{"rendered":"https:\/\/oui-oui.es\/blog\/?p=4153"},"modified":"2016-04-06T11:26:31","modified_gmt":"2016-04-06T09:26:31","slug":"mis-3-anuncios-favoritos-de-la-tv-ultimamente","status":"publish","type":"post","link":"https:\/\/oui-oui.es\/blog\/mis-3-anuncios-favoritos-de-la-tv-ultimamente\/","title":{"rendered":"Mis 3 anuncios favoritos de la tv \u00faltimamente"},"content":{"rendered":"<p>\u00daltimamente veo mucho la televisi\u00f3n (es lo que tiene dar el pecho a demanda)&#8230;He pasado de no tener ni idea de los programas\/series que hab\u00eda en la tele (hasta mi marido me llama siempre para informarme de los fallecimientos \u00abfamosos\u00bb porque sino me enteraba a los tres d\u00edas&#8230;) a estar al d\u00eda del caso NOOS, de la investidura de gobierno y a volver a ver cual adolescente Anatom\u00eda de Grey o llorar con Cinco Hermanos <span class=\"big\">(la pol\u00edtica y las series son mis favoritos\u00a0&#x1f602;).<\/span><\/p>\n<p>Bueno, lo que quer\u00eda es compartir hoy <strong>tres anuncios que me han gustado mucho \u00faltimament<\/strong>e, cada vez parece m\u00e1s dif\u00edcil sorprender o sacar una sonrisa con algo diferente pero <strong>ING, Self Bank y el queso Philadelphia<\/strong> lo han conseguido!<\/p>\n<p><strong>El anuncio del \u00faltimo pr\u00e9stamo de ING<\/strong> me saca una sonisa siempre, adem\u00e1s del concepto de <strong><em>no infidelida<\/em><em>d<\/em><\/strong>, la banda sonora no puede ser mejor (adem\u00e1s de que me recuerda a mi adolescencia, una \u00e9poca que tuve de baladas), pero tambi\u00e9n son geniales las situaciones que no son infidelidad (como poner corazones en un mensaje o puntuar al nuevo), puedes verlo <a href=\"https:\/\/www.youtube.com\/watch?v=LS2_JnHAtZ0\" target=\"_blank\">Aqu\u00ed<\/a><\/p>\n<p><img loading=\"lazy\" decoding=\"async\" class=\"aligncenter size-full wp-image-4154\" src=\"https:\/\/oui-oui.es\/blog\/wp-content\/uploads\/2016\/04\/Oui-Oui-anuncio-ING-infidelidad.jpg\" alt=\"Oui Oui-anuncio ING infidelidad\" width=\"800\" height=\"444\" srcset=\"https:\/\/oui-oui.es\/blog\/wp-content\/uploads\/2016\/04\/Oui-Oui-anuncio-ING-infidelidad.jpg 800w, https:\/\/oui-oui.es\/blog\/wp-content\/uploads\/2016\/04\/Oui-Oui-anuncio-ING-infidelidad-300x167.jpg 300w, https:\/\/oui-oui.es\/blog\/wp-content\/uploads\/2016\/04\/Oui-Oui-anuncio-ING-infidelidad-768x426.jpg 768w, https:\/\/oui-oui.es\/blog\/wp-content\/uploads\/2016\/04\/Oui-Oui-anuncio-ING-infidelidad-600x333.jpg 600w\" sizes=\"auto, (max-width: 800px) 100vw, 800px\" \/><\/p>\n<p><strong>El anuncio del banco online Self Bank<\/strong> tambi\u00e9n es genial, con su gui\u00f1o a los digital (un me gusta real no mola tanto como uno digital, y no digamos ya un GIF), el del \u00abme gusta\u00bb puedes verlo <a href=\"https:\/\/www.youtube.com\/watch?v=PBZlJfjr0e4\" target=\"_blank\">Aqu\u00ed<\/a><\/p>\n<p><iframe loading=\"lazy\" title=\"Spot Anuncio Self Bank Un GIF mejor si es digital\" width=\"500\" height=\"281\" src=\"https:\/\/www.youtube.com\/embed\/ZEw_pIiVFQk?feature=oembed\" frameborder=\"0\" allow=\"accelerometer; autoplay; clipboard-write; encrypted-media; gyroscope; picture-in-picture; web-share\" referrerpolicy=\"strict-origin-when-cross-origin\" allowfullscreen><\/iframe><\/p>\n<p>Y, por \u00faltimo, <strong>el del queso Philadelphia<\/strong> en el que dos \u00e1ngeles est\u00e1n fotografiando su desayuno para publicarlo me ha recordado tanto a m\u00ed cuando voy a tomar algo con mis amigas que me ha encantado&#8230;\u00a1Seguro que m\u00e1s de uno tambi\u00e9n os hab\u00e9is sentido identificados! (me ha sido imposible encontrar una foto ni el spot completo, si lo encontr\u00e1is, avisadme please)<\/p>\n<p><img loading=\"lazy\" decoding=\"async\" class=\"aligncenter size-full wp-image-4156\" src=\"https:\/\/oui-oui.es\/blog\/wp-content\/uploads\/2016\/04\/Oui-Oui-anuncio-angeles-haciendo-foto-desayuno-philadelphia.jpg\" alt=\"Oui Oui-anuncio angeles haciendo foto desayuno philadelphia\" width=\"961\" height=\"447\" srcset=\"https:\/\/oui-oui.es\/blog\/wp-content\/uploads\/2016\/04\/Oui-Oui-anuncio-angeles-haciendo-foto-desayuno-philadelphia.jpg 961w, https:\/\/oui-oui.es\/blog\/wp-content\/uploads\/2016\/04\/Oui-Oui-anuncio-angeles-haciendo-foto-desayuno-philadelphia-300x140.jpg 300w, https:\/\/oui-oui.es\/blog\/wp-content\/uploads\/2016\/04\/Oui-Oui-anuncio-angeles-haciendo-foto-desayuno-philadelphia-768x357.jpg 768w, https:\/\/oui-oui.es\/blog\/wp-content\/uploads\/2016\/04\/Oui-Oui-anuncio-angeles-haciendo-foto-desayuno-philadelphia-600x279.jpg 600w\" sizes=\"auto, (max-width: 961px) 100vw, 961px\" \/><\/p>\n<p>Es curioso que dos de los anuncios que m\u00e1s me han gustado est\u00e9n relacionados con el mundo digital, parece que tiene mucho \u00e9xito en mundo <em>off<\/em> tambi\u00e9n \ud83d\ude09<\/p>\n<p>\u00bfQu\u00e9 os parecen?, \u00bflos hab\u00edais visto y os han gustado tanto como a m\u00ed?<\/p>\n","protected":false},"excerpt":{"rendered":"<p>\u00daltimamente veo mucho la televisi\u00f3n (es lo que tiene dar el pecho a demanda)&#8230;He pasado de no tener ni idea de los programas\/series que hab\u00eda en la tele (hasta mi marido me llama siempre para informarme de los fallecimientos \u00abfamosos\u00bb porque sino me enteraba a los tres d\u00edas&#8230;) a estar al d\u00eda del caso NOOS, [&hellip;]<\/p>\n","protected":false},"author":1,"featured_media":4157,"comment_status":"open","ping_status":"open","sticky":false,"template":"","format":"standard","meta":{"jetpack_post_was_ever_published":false,"_jetpack_newsletter_access":"","_jetpack_dont_email_post_to_subs":false,"_jetpack_newsletter_tier_id":0,"_jetpack_memberships_contains_paywalled_content":false,"_jetpack_memberships_contains_paid_content":false,"footnotes":"","jetpack_publicize_message":"","jetpack_publicize_feature_enabled":true,"jetpack_social_post_already_shared":true,"jetpack_social_options":{"image_generator_settings":{"template":"highway","default_image_id":0,"font":"","enabled":false},"version":2}},"categories":[709],"tags":[],"class_list":["post-4153","post","type-post","status-publish","format-standard","has-post-thumbnail","hentry","category-opinion"],"aioseo_notices":[],"jetpack_publicize_connections":[],"jetpack_featured_media_url":"https:\/\/oui-oui.es\/blog\/wp-content\/uploads\/2016\/04\/Oui-Oui-anuncio-ING-infidelidad-mirada.jpg","jetpack_sharing_enabled":true,"jetpack-related-posts":[{"id":10505,"url":"https:\/\/oui-oui.es\/blog\/los-cuentos-que-hemos-leido-ultimamente\/","url_meta":{"origin":4153,"position":0},"title":"Los cuentos que hemos le\u00eddo \u00faltimamente","author":"Mar\u00eda \u2665Oui Oui\u2665","date":"19 mayo, 2020","format":false,"excerpt":"Hace un a\u00f1o me propuse compartir en el blog los cuentos que le\u00edamos cada mes...Creo que escrib\u00ed dos post y ah\u00ed se qued\u00f3 la idea, si bien s\u00ed que comparto todas nuestras lecturas en Stories de mi cuenta de Instagram y ten\u00e9is sendos destacados HOY LEEMOS 1 y HOY LEEMOS\u2026","rel":"","context":"En \u00abEDUCACI\u00d3N\u00bb","block_context":{"text":"EDUCACI\u00d3N","link":"https:\/\/oui-oui.es\/blog\/category\/educacion\/"},"img":{"alt_text":"","src":"https:\/\/i0.wp.com\/oui-oui.es\/blog\/wp-content\/uploads\/2020\/05\/Oui-Oui-libros-recomendados-infantil-primaria-cuentos-para-ni%C3%B1os-cuatro-a%C3%B1os-cinco-a%C3%B1os-patio-editorial-tramintana-beascoa-daniela-pirata-1.jpg?resize=350%2C200&ssl=1","width":350,"height":200,"srcset":"https:\/\/i0.wp.com\/oui-oui.es\/blog\/wp-content\/uploads\/2020\/05\/Oui-Oui-libros-recomendados-infantil-primaria-cuentos-para-ni%C3%B1os-cuatro-a%C3%B1os-cinco-a%C3%B1os-patio-editorial-tramintana-beascoa-daniela-pirata-1.jpg?resize=350%2C200&ssl=1 1x, https:\/\/i0.wp.com\/oui-oui.es\/blog\/wp-content\/uploads\/2020\/05\/Oui-Oui-libros-recomendados-infantil-primaria-cuentos-para-ni%C3%B1os-cuatro-a%C3%B1os-cinco-a%C3%B1os-patio-editorial-tramintana-beascoa-daniela-pirata-1.jpg?resize=525%2C300&ssl=1 1.5x, https:\/\/i0.wp.com\/oui-oui.es\/blog\/wp-content\/uploads\/2020\/05\/Oui-Oui-libros-recomendados-infantil-primaria-cuentos-para-ni%C3%B1os-cuatro-a%C3%B1os-cinco-a%C3%B1os-patio-editorial-tramintana-beascoa-daniela-pirata-1.jpg?resize=700%2C400&ssl=1 2x, https:\/\/i0.wp.com\/oui-oui.es\/blog\/wp-content\/uploads\/2020\/05\/Oui-Oui-libros-recomendados-infantil-primaria-cuentos-para-ni%C3%B1os-cuatro-a%C3%B1os-cinco-a%C3%B1os-patio-editorial-tramintana-beascoa-daniela-pirata-1.jpg?resize=1050%2C600&ssl=1 3x, https:\/\/i0.wp.com\/oui-oui.es\/blog\/wp-content\/uploads\/2020\/05\/Oui-Oui-libros-recomendados-infantil-primaria-cuentos-para-ni%C3%B1os-cuatro-a%C3%B1os-cinco-a%C3%B1os-patio-editorial-tramintana-beascoa-daniela-pirata-1.jpg?resize=1400%2C800&ssl=1 4x"},"classes":[]},{"id":9164,"url":"https:\/\/oui-oui.es\/blog\/cuadernos-de-actividades-y-otros-juegos-para-vacaciones\/","url_meta":{"origin":4153,"position":1},"title":"Cuadernos de actividades y otros juegos para vacaciones","author":"Mar\u00eda \u2665Oui Oui\u2665","date":"25 junio, 2018","format":false,"excerpt":"Recuerdo cuando llegaba el verano y me encantaba ir a comprar un cuaderno de actividades, por entonces s\u00f3lo exist\u00edan los t\u00edpicos de \"Vacaciones Santillana\" y alg\u00fan cuaderno Rubio, pero, junto al regalo que nos hac\u00edan mis padres por las buenas notas (y que sol\u00eda elegir entre esos anuncios de juguetes\u2026","rel":"","context":"En \u00abNI\u00d1OS Y NI\u00d1AS\u00bb","block_context":{"text":"NI\u00d1OS Y NI\u00d1AS","link":"https:\/\/oui-oui.es\/blog\/category\/ninos\/"},"img":{"alt_text":"","src":"https:\/\/i0.wp.com\/oui-oui.es\/blog\/wp-content\/uploads\/2018\/06\/IMG_5669.jpg?resize=350%2C200&ssl=1","width":350,"height":200,"srcset":"https:\/\/i0.wp.com\/oui-oui.es\/blog\/wp-content\/uploads\/2018\/06\/IMG_5669.jpg?resize=350%2C200&ssl=1 1x, https:\/\/i0.wp.com\/oui-oui.es\/blog\/wp-content\/uploads\/2018\/06\/IMG_5669.jpg?resize=525%2C300&ssl=1 1.5x, https:\/\/i0.wp.com\/oui-oui.es\/blog\/wp-content\/uploads\/2018\/06\/IMG_5669.jpg?resize=700%2C400&ssl=1 2x, https:\/\/i0.wp.com\/oui-oui.es\/blog\/wp-content\/uploads\/2018\/06\/IMG_5669.jpg?resize=1050%2C600&ssl=1 3x, https:\/\/i0.wp.com\/oui-oui.es\/blog\/wp-content\/uploads\/2018\/06\/IMG_5669.jpg?resize=1400%2C800&ssl=1 4x"},"classes":[]},{"id":3396,"url":"https:\/\/oui-oui.es\/blog\/5-1-de-mis-fotografos-favoritos\/","url_meta":{"origin":4153,"position":2},"title":"5 + 1 de mis fot\u00f3grafos favoritos","author":"Mar\u00eda \u2665Oui Oui\u2665","date":"30 septiembre, 2015","format":false,"excerpt":"Me encantan las buenas fotograf\u00edas aunque no entiendo mucho de fotograf\u00eda, pero de lo que s\u00ed entiendo es de est\u00e9tica, de fotos que transmiten, de luz y de recuerdos. Desde que estaba embarazada de Mart\u00edn supe que quer\u00eda hacer una sesi\u00f3n de fotos de reci\u00e9n nacido y una vez la\u2026","rel":"","context":"En \u00abBoda\u00bb","block_context":{"text":"Boda","link":"https:\/\/oui-oui.es\/blog\/category\/fiestas-celebraciones\/boda\/"},"img":{"alt_text":"","src":"https:\/\/i0.wp.com\/oui-oui.es\/blog\/wp-content\/uploads\/2015\/09\/Oui-Oui-aire-de-loewe-luc%C3%ADa-M.jpg?resize=350%2C200&ssl=1","width":350,"height":200,"srcset":"https:\/\/i0.wp.com\/oui-oui.es\/blog\/wp-content\/uploads\/2015\/09\/Oui-Oui-aire-de-loewe-luc%C3%ADa-M.jpg?resize=350%2C200&ssl=1 1x, https:\/\/i0.wp.com\/oui-oui.es\/blog\/wp-content\/uploads\/2015\/09\/Oui-Oui-aire-de-loewe-luc%C3%ADa-M.jpg?resize=525%2C300&ssl=1 1.5x, https:\/\/i0.wp.com\/oui-oui.es\/blog\/wp-content\/uploads\/2015\/09\/Oui-Oui-aire-de-loewe-luc%C3%ADa-M.jpg?resize=700%2C400&ssl=1 2x"},"classes":[]},{"id":9320,"url":"https:\/\/oui-oui.es\/blog\/los-looks-otonales-infantiles-que-me-chiflan\/","url_meta":{"origin":4153,"position":3},"title":"Los looks oto\u00f1ales infantiles que me chiflan","author":"Mar\u00eda \u2665Oui Oui\u2665","date":"26 septiembre, 2018","format":false,"excerpt":"Ya estamos oficialmente en oto\u00f1o y, aunque por el tiempo no lo parezca, lo cierto es que voy teniendo ganas de looks oto\u00f1ales, especialmente para los ni\u00f1os, se me hace raro este entre tiempo y me apetece empezar a hacerles looks. Algunas de mis marcas favoritas ya han mostrado su\u2026","rel":"","context":"En \u00abNI\u00d1OS Y NI\u00d1AS\u00bb","block_context":{"text":"NI\u00d1OS Y NI\u00d1AS","link":"https:\/\/oui-oui.es\/blog\/category\/ninos\/"},"img":{"alt_text":"","src":"https:\/\/i0.wp.com\/oui-oui.es\/blog\/wp-content\/uploads\/2018\/09\/Oui-Oui-trixi-kids-oto%C3%B1o-2018-jersey-mostaza-ni%C3%B1os-ranita-pana.jpg?resize=350%2C200&ssl=1","width":350,"height":200,"srcset":"https:\/\/i0.wp.com\/oui-oui.es\/blog\/wp-content\/uploads\/2018\/09\/Oui-Oui-trixi-kids-oto%C3%B1o-2018-jersey-mostaza-ni%C3%B1os-ranita-pana.jpg?resize=350%2C200&ssl=1 1x, https:\/\/i0.wp.com\/oui-oui.es\/blog\/wp-content\/uploads\/2018\/09\/Oui-Oui-trixi-kids-oto%C3%B1o-2018-jersey-mostaza-ni%C3%B1os-ranita-pana.jpg?resize=525%2C300&ssl=1 1.5x"},"classes":[]},{"id":5225,"url":"https:\/\/oui-oui.es\/blog\/10-restaurantes-donde-cenar-en-el-valle-de-aran\/","url_meta":{"origin":4153,"position":4},"title":"10 restaurantes donde cenar en el Valle de Ar\u00e1n","author":"Mar\u00eda \u2665Oui Oui\u2665","date":"17 marzo, 2017","format":false,"excerpt":"Hace un mes y medio estaba esquiando tan feliz en Baqueira que seg\u00fan volvimos a madrid me puse a mirar para reservar para este puente, al final, entre el l\u00edo de ir con los ni\u00f1os, que los sitios que nos gustaban estaban ocupados y tal lo hemos dejado pasar hasta\u2026","rel":"","context":"En \u00abESTILO DE VIDA\u00bb","block_context":{"text":"ESTILO DE VIDA","link":"https:\/\/oui-oui.es\/blog\/category\/lifestyle-2\/"},"img":{"alt_text":"","src":"https:\/\/i0.wp.com\/oui-oui.es\/blog\/wp-content\/uploads\/2017\/03\/Oui-Oui-restaurantes-garos-restaurantes-valle-de-aran-la-mejor-crema-catalana-del-valle-de-aran-eth-restill%C3%A9.jpg?resize=350%2C200&ssl=1","width":350,"height":200,"srcset":"https:\/\/i0.wp.com\/oui-oui.es\/blog\/wp-content\/uploads\/2017\/03\/Oui-Oui-restaurantes-garos-restaurantes-valle-de-aran-la-mejor-crema-catalana-del-valle-de-aran-eth-restill%C3%A9.jpg?resize=350%2C200&ssl=1 1x, https:\/\/i0.wp.com\/oui-oui.es\/blog\/wp-content\/uploads\/2017\/03\/Oui-Oui-restaurantes-garos-restaurantes-valle-de-aran-la-mejor-crema-catalana-del-valle-de-aran-eth-restill%C3%A9.jpg?resize=525%2C300&ssl=1 1.5x, https:\/\/i0.wp.com\/oui-oui.es\/blog\/wp-content\/uploads\/2017\/03\/Oui-Oui-restaurantes-garos-restaurantes-valle-de-aran-la-mejor-crema-catalana-del-valle-de-aran-eth-restill%C3%A9.jpg?resize=700%2C400&ssl=1 2x, https:\/\/i0.wp.com\/oui-oui.es\/blog\/wp-content\/uploads\/2017\/03\/Oui-Oui-restaurantes-garos-restaurantes-valle-de-aran-la-mejor-crema-catalana-del-valle-de-aran-eth-restill%C3%A9.jpg?resize=1050%2C600&ssl=1 3x, https:\/\/i0.wp.com\/oui-oui.es\/blog\/wp-content\/uploads\/2017\/03\/Oui-Oui-restaurantes-garos-restaurantes-valle-de-aran-la-mejor-crema-catalana-del-valle-de-aran-eth-restill%C3%A9.jpg?resize=1400%2C800&ssl=1 4x"},"classes":[]},{"id":9942,"url":"https:\/\/oui-oui.es\/blog\/por-7a-vez-nos-vemos-en-decoraccion-2019\/","url_meta":{"origin":4153,"position":5},"title":"Por 7\u00aa vez&#8230;Nos vemos en DecorAcci\u00f3n 2019","author":"Mar\u00eda \u2665Oui Oui\u2665","date":"11 junio, 2019","format":false,"excerpt":"Despu\u00e9s de siete a\u00f1os participando en DecorAcci\u00f3n, me cuesta escribir algo distinto, los que le\u00e9is este blog ya sab\u00e9is lo especial que es para nosotros esta fiesta de la DecorAcci\u00f3n, lo bien que nos lo pasamos y lo que nos gusta que pas\u00e9is a vernos :) Este a\u00f1o parece que\u2026","rel":"","context":"En \u00abDECORACI\u00d3N\u00bb","block_context":{"text":"DECORACI\u00d3N","link":"https:\/\/oui-oui.es\/blog\/category\/decoracion-de-casa\/"},"img":{"alt_text":"","src":"https:\/\/i0.wp.com\/oui-oui.es\/blog\/wp-content\/uploads\/2019\/06\/Oui-Oui-decoraccion-2019-barrio-de-las-letras-mercadillo.jpg?resize=350%2C200&ssl=1","width":350,"height":200,"srcset":"https:\/\/i0.wp.com\/oui-oui.es\/blog\/wp-content\/uploads\/2019\/06\/Oui-Oui-decoraccion-2019-barrio-de-las-letras-mercadillo.jpg?resize=350%2C200&ssl=1 1x, https:\/\/i0.wp.com\/oui-oui.es\/blog\/wp-content\/uploads\/2019\/06\/Oui-Oui-decoraccion-2019-barrio-de-las-letras-mercadillo.jpg?resize=525%2C300&ssl=1 1.5x"},"classes":[]}],"_links":{"self":[{"href":"https:\/\/oui-oui.es\/blog\/wp-json\/wp\/v2\/posts\/4153","targetHints":{"allow":["GET"]}}],"collection":[{"href":"https:\/\/oui-oui.es\/blog\/wp-json\/wp\/v2\/posts"}],"about":[{"href":"https:\/\/oui-oui.es\/blog\/wp-json\/wp\/v2\/types\/post"}],"author":[{"embeddable":true,"href":"https:\/\/oui-oui.es\/blog\/wp-json\/wp\/v2\/users\/1"}],"replies":[{"embeddable":true,"href":"https:\/\/oui-oui.es\/blog\/wp-json\/wp\/v2\/comments?post=4153"}],"version-history":[{"count":1,"href":"https:\/\/oui-oui.es\/blog\/wp-json\/wp\/v2\/posts\/4153\/revisions"}],"predecessor-version":[{"id":4158,"href":"https:\/\/oui-oui.es\/blog\/wp-json\/wp\/v2\/posts\/4153\/revisions\/4158"}],"wp:featuredmedia":[{"embeddable":true,"href":"https:\/\/oui-oui.es\/blog\/wp-json\/wp\/v2\/media\/4157"}],"wp:attachment":[{"href":"https:\/\/oui-oui.es\/blog\/wp-json\/wp\/v2\/media?parent=4153"}],"wp:term":[{"taxonomy":"category","embeddable":true,"href":"https:\/\/oui-oui.es\/blog\/wp-json\/wp\/v2\/categories?post=4153"},{"taxonomy":"post_tag","embeddable":true,"href":"https:\/\/oui-oui.es\/blog\/wp-json\/wp\/v2\/tags?post=4153"}],"curies":[{"name":"wp","href":"https:\/\/api.w.org\/{rel}","templated":true}]}}