{"id":4159,"date":"2016-04-08T00:15:02","date_gmt":"2016-04-07T22:15:02","guid":{"rendered":"https:\/\/oui-oui.es\/blog\/?p=4159"},"modified":"2016-04-06T23:37:19","modified_gmt":"2016-04-06T21:37:19","slug":"baby-spa-relax-maximo-para-tu-bebe","status":"publish","type":"post","link":"https:\/\/oui-oui.es\/blog\/baby-spa-relax-maximo-para-tu-bebe\/","title":{"rendered":"Baby Spa: relax m\u00e1ximo para tu beb\u00e9"},"content":{"rendered":"<p><img loading=\"lazy\" decoding=\"async\" class=\"aligncenter size-full wp-image-4160\" src=\"https:\/\/oui-oui.es\/blog\/wp-content\/uploads\/2016\/04\/Oui-Oui-baby-spa-madrid-spa-bebes.jpg\" alt=\"Oui Oui-baby spa madrid-spa bebes\" width=\"640\" height=\"426\" srcset=\"https:\/\/oui-oui.es\/blog\/wp-content\/uploads\/2016\/04\/Oui-Oui-baby-spa-madrid-spa-bebes.jpg 640w, https:\/\/oui-oui.es\/blog\/wp-content\/uploads\/2016\/04\/Oui-Oui-baby-spa-madrid-spa-bebes-300x200.jpg 300w, https:\/\/oui-oui.es\/blog\/wp-content\/uploads\/2016\/04\/Oui-Oui-baby-spa-madrid-spa-bebes-600x399.jpg 600w\" sizes=\"auto, (max-width: 640px) 100vw, 640px\" \/><\/p>\n<p>Hace unas semanas tuve la oportunidad de ir a conocer <strong><a href=\"http:\/\/tubabyspa.com\" target=\"_blank\">Baby Spa<\/a><\/strong> con Frida, hab\u00eda le\u00eddo alguna noticia sobre su apertura y ten\u00eda ganas de conocerlo, como su nombre indica, se trata de un \u00abspa para beb\u00e9s\u00bb; un espacio creado y pensado para cuidar de los m\u00e1s peque\u00f1itos (pueden ir desde los cero a los seis meses), <strong>para que disfruten en el agua<\/strong>, se relajen y, si tienen alg\u00fan problema de sue\u00f1o o respiratorio, puedan ayudarle con sus masajes.Almudena, su fundadora en Espa\u00f1a, import\u00f3 la idea de Londres, inaugurando el segundo Baby Spa del mundo aqu\u00ed en Madrid (est\u00e1 pendiente de apertura otro en Sud\u00e1frica)<\/p>\n<p><strong>Lo m\u00e1s caracter\u00edstico del spa es la forma en la que flotan los beb\u00e9s<\/strong>; gracias a un flotador de cuello (bubby, especialmente dise\u00f1ado para BabySpa y con todos los controles de sanidad y seguridad necesarios) que, pese a la apariencia, <strong>no s\u00f3lo no les molesta nada en absoluto, sino que adem\u00e1s hace que tengan libertad absoluta en el agua<\/strong>. Al no estar sujetados por nadie, las fisios del spa me contaban que <strong>los beb\u00e9s peque\u00f1itos se suelen dormir<\/strong>, sin embargo Frida estuvo toda la sesi\u00f3n (unos 15-20 min en el agua) movi\u00e9ndose, fuimos cuando ten\u00eda un mes y una semana y fue alucinante ver c\u00f3mo mov\u00eda las piernecitas y le gustaba \u00abempujarse\u00bb de una pared a otra.<\/p>\n<p><img loading=\"lazy\" decoding=\"async\" class=\"aligncenter size-large wp-image-4163\" src=\"https:\/\/oui-oui.es\/blog\/wp-content\/uploads\/2016\/04\/Oui-Oui-Frida-en-Bay-Spa-con-un-mes-e1459978116100-1024x1024.jpg\" alt=\"Oui Oui-Frida en Bay Spa con un mes\" width=\"1024\" height=\"1024\" srcset=\"https:\/\/oui-oui.es\/blog\/wp-content\/uploads\/2016\/04\/Oui-Oui-Frida-en-Bay-Spa-con-un-mes-e1459978116100-1024x1024.jpg 1024w, https:\/\/oui-oui.es\/blog\/wp-content\/uploads\/2016\/04\/Oui-Oui-Frida-en-Bay-Spa-con-un-mes-e1459978116100-150x150.jpg 150w, https:\/\/oui-oui.es\/blog\/wp-content\/uploads\/2016\/04\/Oui-Oui-Frida-en-Bay-Spa-con-un-mes-e1459978116100-300x300.jpg 300w, https:\/\/oui-oui.es\/blog\/wp-content\/uploads\/2016\/04\/Oui-Oui-Frida-en-Bay-Spa-con-un-mes-e1459978116100-768x768.jpg 768w, https:\/\/oui-oui.es\/blog\/wp-content\/uploads\/2016\/04\/Oui-Oui-Frida-en-Bay-Spa-con-un-mes-e1459978116100-600x600.jpg 600w\" sizes=\"auto, (max-width: 1024px) 100vw, 1024px\" \/><\/p>\n<p>Y, <strong>despu\u00e9s del ba\u00f1o relajante, toca masaje<\/strong> (la sesi\u00f3n incluye ambos tratamientos), a nosotras, por la hora, justo despu\u00e9s del masaje nos toc\u00f3 la toma del pecho y no tuvimos problema para darla en una sala especial que tienen para ello, pero lo que m\u00e1s me llam\u00f3 la atenci\u00f3n fue la <strong>cara de absoluta relajaci\u00f3n que ten\u00eda Frida<\/strong> tomando el pecho, suele ser bastante ansiosa y nunca acaba dormidita y, sin embargo, despu\u00e9s del ba\u00f1o y del masaje, acabar tomando el pecho deb\u00ed\u00f3 ser como su ma\u00f1ana perfecta, <strong>se ve\u00eda el relax en su cara<\/strong>.<\/p>\n<p><img loading=\"lazy\" decoding=\"async\" class=\"aligncenter size-full wp-image-4162\" src=\"https:\/\/oui-oui.es\/blog\/wp-content\/uploads\/2016\/04\/Oui-Oui-baby-spa-madrid-spa-bebes-sala-lactancia.jpg\" alt=\"Oui Oui-baby spa madrid-spa bebes-sala lactancia\" width=\"640\" height=\"449\" srcset=\"https:\/\/oui-oui.es\/blog\/wp-content\/uploads\/2016\/04\/Oui-Oui-baby-spa-madrid-spa-bebes-sala-lactancia.jpg 640w, https:\/\/oui-oui.es\/blog\/wp-content\/uploads\/2016\/04\/Oui-Oui-baby-spa-madrid-spa-bebes-sala-lactancia-300x210.jpg 300w, https:\/\/oui-oui.es\/blog\/wp-content\/uploads\/2016\/04\/Oui-Oui-baby-spa-madrid-spa-bebes-sala-lactancia-600x421.jpg 600w\" sizes=\"auto, (max-width: 640px) 100vw, 640px\" \/><\/p>\n<p><img loading=\"lazy\" decoding=\"async\" class=\"aligncenter size-large wp-image-4164\" src=\"https:\/\/oui-oui.es\/blog\/wp-content\/uploads\/2016\/04\/Oui-Oui-Frida-en-Bay-Spa-e1459978236885-1024x1024.jpg\" alt=\"Oui Oui-Frida en Bay Spa\" width=\"1024\" height=\"1024\" srcset=\"https:\/\/oui-oui.es\/blog\/wp-content\/uploads\/2016\/04\/Oui-Oui-Frida-en-Bay-Spa-e1459978236885-1024x1024.jpg 1024w, https:\/\/oui-oui.es\/blog\/wp-content\/uploads\/2016\/04\/Oui-Oui-Frida-en-Bay-Spa-e1459978236885-150x150.jpg 150w, https:\/\/oui-oui.es\/blog\/wp-content\/uploads\/2016\/04\/Oui-Oui-Frida-en-Bay-Spa-e1459978236885-300x300.jpg 300w, https:\/\/oui-oui.es\/blog\/wp-content\/uploads\/2016\/04\/Oui-Oui-Frida-en-Bay-Spa-e1459978236885-768x768.jpg 768w, https:\/\/oui-oui.es\/blog\/wp-content\/uploads\/2016\/04\/Oui-Oui-Frida-en-Bay-Spa-e1459978236885-600x600.jpg 600w\" sizes=\"auto, (max-width: 1024px) 100vw, 1024px\" \/><\/p>\n<p>En <strong><a href=\"http:\/\/tubabyspa.com\" target=\"_blank\">Baby Spa<\/a><\/strong> tienen <strong>dos tipos de piscinas<\/strong>; las <strong>individuales para los beb\u00e9s que a\u00fan no tienen las vacunas<\/strong> puestas (de 0 a 2 meses) <strong>y otras m\u00e1s grandes para los beb\u00e9s de 2 a 6 meses<\/strong> y que pueden compatir con otros peques, Frida prob\u00f3 la individual (y reconozco que al principio me pareci\u00f3 peque\u00f1a, es como una pila, pero es cierto que as\u00ed mantienen su c\u00edrculo de seguridad \u00abchocando\u00bb con las paredes, como estaban acostumbrados en el \u00fatero) as\u00ed que volveremos en cuanto cumpla los dos meses para probar la grande!<\/p>\n<p><img loading=\"lazy\" decoding=\"async\" class=\"aligncenter size-full wp-image-4165\" src=\"https:\/\/oui-oui.es\/blog\/wp-content\/uploads\/2016\/04\/Oui-Oui-baby-spa-madrid-spa-bebes-piscina-6-meses.jpg\" alt=\"Oui Oui-baby spa madrid-spa bebes-piscina 6 meses\" width=\"640\" height=\"474\" srcset=\"https:\/\/oui-oui.es\/blog\/wp-content\/uploads\/2016\/04\/Oui-Oui-baby-spa-madrid-spa-bebes-piscina-6-meses.jpg 640w, https:\/\/oui-oui.es\/blog\/wp-content\/uploads\/2016\/04\/Oui-Oui-baby-spa-madrid-spa-bebes-piscina-6-meses-300x222.jpg 300w, https:\/\/oui-oui.es\/blog\/wp-content\/uploads\/2016\/04\/Oui-Oui-baby-spa-madrid-spa-bebes-piscina-6-meses-600x444.jpg 600w\" sizes=\"auto, (max-width: 640px) 100vw, 640px\" \/><\/p>\n<p>Yo <strong>soy muy fan de las terapias en agua<\/strong>, no s\u00e9 si ser\u00e1 por ser piscis, pero me chiflan las piscinas, me encant\u00f3 la experiencia del tanque de flotaci\u00f3n, nunca digo no a un buen spa&#8230;Y creo que mis hijos lo est\u00e1n heredando; a Mart\u00edn le encanta la hora del ba\u00f1o, darse duchas de chorros y jugar con bobas para el ba\u00f1o, y a Frida el ba\u00f1o le relaja much\u00edsimo, se queda con carita de <em>me quedar\u00eda aqu\u00ed dos horas<\/em>&#8230;Y, claro, luego llora al salir \ud83d\ude41 , en parte por eso quer\u00eda probar <strong><a href=\"http:\/\/tubabyspa.com\" target=\"_blank\">Baby Spa<\/a><\/strong>, pero tambi\u00e9n por <span style=\"text-decoration: underline;\"><strong>los beneficios que tiene para los beb\u00e9s<\/strong><\/span>, como explican en su p\u00e1gina web:<\/p>\n<p>A medida que tu beb\u00e9 comienza a disfrutar moviendose en el agua, <strong>las peque\u00f1as olas de oscilaci\u00f3n que \u00e9l crea ayudar\u00e1n a mejorar su equilibrio y coordinaci\u00f3n y apoyar\u00e1n su capacidad de gatear, caminar y nadar. Incluso si tu beb\u00e9 se queda dormido en el agua, el movimiento de esta act\u00faa como mecedora lo que har\u00e1 que el beb\u00e9 contin\u00fae con su respiraci\u00f3n r\u00edtmica.<\/strong><\/p>\n<p><strong>La sensaci\u00f3n de flotar en el agua caliente<\/strong> hace que tu bebe est\u00e9 completamente a gusto y tenga una serie de beneficios importantes:<\/p>\n<ul>\n<li>La fortaleza muscular y de los huesos se incrementa a trav\u00e9s de la resistencia suave que provoca el agua en el cuerpo del beb\u00e9.<\/li>\n<li>El movimiento del beb\u00e9 en el agua tiene un efecto positivo sobre los sistemas digestivo y circulatorio que pueden ayudar a reducir los niveles de meconio y disminuir el riesgo de ictericia tres o cuatro d\u00edas despu\u00e9s del nacimiento.<\/li>\n<li>La suave presi\u00f3n del agua en el pecho, al fortalecer los m\u00fasculos intercostales y el sistema respiratorio, estimula la capacidad pulmonar.<\/li>\n<li>Las visitas regulares a <em>Baby Spa Madrid<\/em>, para realizar estas actividades, beneficiar\u00e1n el sistema cardiovascular.<\/li>\n<li>Los reflejos naturales para nadar son estimulados y la coordinaci\u00f3n necesaria se desarrolla a medida que aprenden a controlar sus movimientos.<\/li>\n<\/ul>\n<p>Cuando publiqu\u00e9 el v\u00eddeo en <a href=\"https:\/\/www.instagram.com\/p\/BDD8e3ZP6RT\/?taken-by=ouiouidetalles&amp;hl=es\" target=\"_blank\">Instagram<\/a> <strong>hubo algunas personas que dudaban del flotador, si pod\u00eda ser c\u00f3modo o no para el beb\u00e9, de verdad quiero hacer hincapi\u00e9 en \u00e9sto porque a mi tambi\u00e9n me parec\u00eda un poco raro al principio y, sin embargo, doy fe de lo seguro y c\u00f3modo que result\u00f3 para Frida.<\/strong><\/p>\n<p>Si quieres hacer un <strong>regalo diferente a un beb\u00e9<\/strong>, una sesi\u00f3n o un vale de varias \u00a1ser\u00e1 un acierto seguro!, yo me pido ir una vez al mes con Frida \ud83d\ude09<\/p>\n<p>Adem\u00e1s en BabySpa tambi\u00e9n tienen estimulaci\u00f3n temprana, pilates para mam\u00e1s y beb\u00e9s, fisioterapia respiratoria&#8230;<\/p>\n","protected":false},"excerpt":{"rendered":"<p>Hace unas semanas tuve la oportunidad de ir a conocer Baby Spa con Frida, hab\u00eda le\u00eddo alguna noticia sobre su apertura y ten\u00eda ganas de conocerlo, como su nombre indica, se trata de un \u00abspa para beb\u00e9s\u00bb; un espacio creado y pensado para cuidar de los m\u00e1s peque\u00f1itos (pueden ir desde los cero a los [&hellip;]<\/p>\n","protected":false},"author":1,"featured_media":4160,"comment_status":"open","ping_status":"open","sticky":false,"template":"","format":"standard","meta":{"jetpack_post_was_ever_published":false,"_jetpack_newsletter_access":"","_jetpack_dont_email_post_to_subs":false,"_jetpack_newsletter_tier_id":0,"_jetpack_memberships_contains_paywalled_content":false,"_jetpack_memberships_contains_paid_content":false,"footnotes":"","jetpack_publicize_message":"","jetpack_publicize_feature_enabled":true,"jetpack_social_post_already_shared":true,"jetpack_social_options":{"image_generator_settings":{"template":"highway","default_image_id":0,"font":"","enabled":false},"version":2}},"categories":[535,18],"tags":[758,659],"class_list":["post-4159","post","type-post","status-publish","format-standard","has-post-thumbnail","hentry","category-maternidad","category-regalos-originales-para-ninos","tag-frida","tag-planes-con-bebes"],"aioseo_notices":[],"jetpack_publicize_connections":[],"jetpack_featured_media_url":"https:\/\/oui-oui.es\/blog\/wp-content\/uploads\/2016\/04\/Oui-Oui-baby-spa-madrid-spa-bebes.jpg","jetpack_sharing_enabled":true,"jetpack-related-posts":[{"id":1311,"url":"https:\/\/oui-oui.es\/blog\/ahora-si-que-si-carnaval\/","url_meta":{"origin":4159,"position":0},"title":"Ahora s\u00ed que s\u00ed&#8230;Carnaval!!!","author":"Mar\u00eda \u2665Oui Oui\u2665","date":"21 febrero, 2014","format":false,"excerpt":"Comienza la cuenta atr\u00e1s, queda una semana y tengo unas ganas locas (bueno, las he tenido desde siempre, sino, leed el post del a\u00f1o pasado) de disfrazar a Mart\u00edn. Lo malo es cuando te metes en Pinterest a buscar ideas e inspiraci\u00f3n y sales necesitando 5 carnavales para poder disfrazarle\u2026","rel":"","context":"En \u00abNI\u00d1OS Y NI\u00d1AS\u00bb","block_context":{"text":"NI\u00d1OS Y NI\u00d1AS","link":"https:\/\/oui-oui.es\/blog\/category\/ninos\/"},"img":{"alt_text":"","src":"https:\/\/i0.wp.com\/oui-oui.es\/blog\/wp-content\/uploads\/2014\/02\/oui-oui-disfraces-originales-para-bebc3a9s-nic3b1os-reno.jpg?resize=350%2C200&ssl=1","width":350,"height":200},"classes":[]},{"id":5402,"url":"https:\/\/oui-oui.es\/blog\/como-ayudar-a-un-bebe-a-comer-solo\/","url_meta":{"origin":4159,"position":1},"title":"C\u00f3mo ayudar a un beb\u00e9 a comer solo","author":"Mar\u00eda \u2665Oui Oui\u2665","date":"16 mayo, 2017","format":false,"excerpt":"Recuerdo que Mart\u00edn com\u00eda bien \u00e9l solo desde muy peque\u00f1o y creo que en gran parte se debi\u00f3 a que fue a la guarde desde muy pronto tambi\u00e9n. Las rutinas germ\u00e1nicas, el ver comer a otros ni\u00f1os... Con Frida, sin embargo, que va a ir a la guarde m\u00e1s tarde,\u2026","rel":"","context":"En \u00abMATERNIDAD\u00bb","block_context":{"text":"MATERNIDAD","link":"https:\/\/oui-oui.es\/blog\/category\/maternidad\/"},"img":{"alt_text":"","src":"https:\/\/i0.wp.com\/oui-oui.es\/blog\/wp-content\/uploads\/2017\/05\/Oui-Oui-como-organizarte-momento-ba%C3%B1os-bol-numnum-aprender-a-comer-solos-baby-lead-weaning.jpg?resize=350%2C200&ssl=1","width":350,"height":200,"srcset":"https:\/\/i0.wp.com\/oui-oui.es\/blog\/wp-content\/uploads\/2017\/05\/Oui-Oui-como-organizarte-momento-ba%C3%B1os-bol-numnum-aprender-a-comer-solos-baby-lead-weaning.jpg?resize=350%2C200&ssl=1 1x, https:\/\/i0.wp.com\/oui-oui.es\/blog\/wp-content\/uploads\/2017\/05\/Oui-Oui-como-organizarte-momento-ba%C3%B1os-bol-numnum-aprender-a-comer-solos-baby-lead-weaning.jpg?resize=525%2C300&ssl=1 1.5x, https:\/\/i0.wp.com\/oui-oui.es\/blog\/wp-content\/uploads\/2017\/05\/Oui-Oui-como-organizarte-momento-ba%C3%B1os-bol-numnum-aprender-a-comer-solos-baby-lead-weaning.jpg?resize=700%2C400&ssl=1 2x, https:\/\/i0.wp.com\/oui-oui.es\/blog\/wp-content\/uploads\/2017\/05\/Oui-Oui-como-organizarte-momento-ba%C3%B1os-bol-numnum-aprender-a-comer-solos-baby-lead-weaning.jpg?resize=1050%2C600&ssl=1 3x, https:\/\/i0.wp.com\/oui-oui.es\/blog\/wp-content\/uploads\/2017\/05\/Oui-Oui-como-organizarte-momento-ba%C3%B1os-bol-numnum-aprender-a-comer-solos-baby-lead-weaning.jpg?resize=1400%2C800&ssl=1 4x"},"classes":[]},{"id":3890,"url":"https:\/\/oui-oui.es\/blog\/la-iii-wishlist-de-frida\/","url_meta":{"origin":4159,"position":2},"title":"La III Wishlist de Frida!","author":"Mar\u00eda \u2665Oui Oui\u2665","date":"17 diciembre, 2015","format":false,"excerpt":"Parece que me voy animando seg\u00fan se acerca el momento y cada vez veo m\u00e1s cosas que me apetecen para ella y para su rinc\u00f3n de la habitaci\u00f3n (ahora si que siento que tengo que volver a reestructurar un poco la habitaci\u00f3n de Mart\u00edn que ser\u00e1 de los dos!), as\u00ed\u2026","rel":"","context":"En \u00abNI\u00d1OS Y NI\u00d1AS\u00bb","block_context":{"text":"NI\u00d1OS Y NI\u00d1AS","link":"https:\/\/oui-oui.es\/blog\/category\/ninos\/"},"img":{"alt_text":"","src":"https:\/\/i0.wp.com\/oui-oui.es\/blog\/wp-content\/uploads\/2015\/12\/Oui-Oui-wishlist-frida-lamina-dibujo-mrs-miguetto.jpg?resize=350%2C200&ssl=1","width":350,"height":200,"srcset":"https:\/\/i0.wp.com\/oui-oui.es\/blog\/wp-content\/uploads\/2015\/12\/Oui-Oui-wishlist-frida-lamina-dibujo-mrs-miguetto.jpg?resize=350%2C200&ssl=1 1x, https:\/\/i0.wp.com\/oui-oui.es\/blog\/wp-content\/uploads\/2015\/12\/Oui-Oui-wishlist-frida-lamina-dibujo-mrs-miguetto.jpg?resize=525%2C300&ssl=1 1.5x, https:\/\/i0.wp.com\/oui-oui.es\/blog\/wp-content\/uploads\/2015\/12\/Oui-Oui-wishlist-frida-lamina-dibujo-mrs-miguetto.jpg?resize=700%2C400&ssl=1 2x"},"classes":[]},{"id":4495,"url":"https:\/\/oui-oui.es\/blog\/mis-conjuntitos-de-erase-una-vez-para-este-verano\/","url_meta":{"origin":4159,"position":3},"title":"Mis conjuntitos de \u00c9rase una Vez para este verano","author":"Mar\u00eda \u2665Oui Oui\u2665","date":"16 junio, 2016","format":false,"excerpt":"La semana pasada lleg\u00f3 el calorazo de repente, la verdad es que ten\u00eda ganas para vestir a Frida y a Mart\u00edn de veranito, se me estaban acumulando culottes, petos y m\u00e1s prendas de Frida que quer\u00eda estrenar ya y adem\u00e1s no pude resistirme a encargarles varios conjuntos a juego, es\u2026","rel":"","context":"En \u00abNI\u00d1OS Y NI\u00d1AS\u00bb","block_context":{"text":"NI\u00d1OS Y NI\u00d1AS","link":"https:\/\/oui-oui.es\/blog\/category\/ninos\/"},"img":{"alt_text":"","src":"https:\/\/i0.wp.com\/oui-oui.es\/blog\/wp-content\/uploads\/2016\/06\/Oui-Oui-peto-bebe-estampado-tropical-culotte-bebe-estampado-tropical-platos-estampado-tropical.jpg?resize=350%2C200&ssl=1","width":350,"height":200,"srcset":"https:\/\/i0.wp.com\/oui-oui.es\/blog\/wp-content\/uploads\/2016\/06\/Oui-Oui-peto-bebe-estampado-tropical-culotte-bebe-estampado-tropical-platos-estampado-tropical.jpg?resize=350%2C200&ssl=1 1x, https:\/\/i0.wp.com\/oui-oui.es\/blog\/wp-content\/uploads\/2016\/06\/Oui-Oui-peto-bebe-estampado-tropical-culotte-bebe-estampado-tropical-platos-estampado-tropical.jpg?resize=525%2C300&ssl=1 1.5x, https:\/\/i0.wp.com\/oui-oui.es\/blog\/wp-content\/uploads\/2016\/06\/Oui-Oui-peto-bebe-estampado-tropical-culotte-bebe-estampado-tropical-platos-estampado-tropical.jpg?resize=700%2C400&ssl=1 2x, https:\/\/i0.wp.com\/oui-oui.es\/blog\/wp-content\/uploads\/2016\/06\/Oui-Oui-peto-bebe-estampado-tropical-culotte-bebe-estampado-tropical-platos-estampado-tropical.jpg?resize=1050%2C600&ssl=1 3x, https:\/\/i0.wp.com\/oui-oui.es\/blog\/wp-content\/uploads\/2016\/06\/Oui-Oui-peto-bebe-estampado-tropical-culotte-bebe-estampado-tropical-platos-estampado-tropical.jpg?resize=1400%2C800&ssl=1 4x"},"classes":[]},{"id":3663,"url":"https:\/\/oui-oui.es\/blog\/la-wishlist-para-frida\/","url_meta":{"origin":4159,"position":4},"title":"La wishlist para Frida","author":"Mar\u00eda \u2665Oui Oui\u2665","date":"4 noviembre, 2015","format":false,"excerpt":"A\u00fan quedan un poco m\u00e1s de tres meses pero es ahora cuando empiezo a tener las ganas de ver y buscar cosas para Frida (as\u00ed se llamar\u00e1 la ni\u00f1a que esperamos para febrero!) as\u00ed que voy a ir recopil\u00e1ndolas en mis wishlist para que no se me olviden. Hay dos\u2026","rel":"","context":"En \u00abMATERNIDAD\u00bb","block_context":{"text":"MATERNIDAD","link":"https:\/\/oui-oui.es\/blog\/category\/maternidad\/"},"img":{"alt_text":"","src":"https:\/\/i0.wp.com\/oui-oui.es\/blog\/wp-content\/uploads\/2015\/11\/Oui-Oui-libro-frida-kahlo-ni%C3%B1os-coleccion-mujeres-cuentos-ni%C3%B1os-cuento-frida-ed-alba.jpg?resize=350%2C200&ssl=1","width":350,"height":200},"classes":[]},{"id":5451,"url":"https:\/\/oui-oui.es\/blog\/baby-bloom-kids-ropa-de-ninos-con-aires-del-sur\/","url_meta":{"origin":4159,"position":5},"title":"Baby Bloom Kids | Ropa de ni\u00f1os con aires del sur","author":"Mar\u00eda \u2665Oui Oui\u2665","date":"26 mayo, 2017","format":false,"excerpt":"\u00a0 Hace unas semanas pude conocer la nueva marca de ropa para ni\u00f1os Baby Bloom Kids, creada por Beatriz Mira Hafner y su madre. La verdad es que me encanta conocer marcas nuevas para comprarle ropa a Mart\u00edn y a Frida\u00a0 un poco diferente a la que vemos todos los\u2026","rel":"","context":"En \u00abNI\u00d1OS Y NI\u00d1AS\u00bb","block_context":{"text":"NI\u00d1OS Y NI\u00d1AS","link":"https:\/\/oui-oui.es\/blog\/category\/ninos\/"},"img":{"alt_text":"","src":"https:\/\/i0.wp.com\/oui-oui.es\/blog\/wp-content\/uploads\/2017\/05\/Oui-Oui-baby-bloom-kids-ropa-ni%C3%B1os-beatriz-mira-hafner-logo.png?resize=350%2C200&ssl=1","width":350,"height":200},"classes":[]}],"_links":{"self":[{"href":"https:\/\/oui-oui.es\/blog\/wp-json\/wp\/v2\/posts\/4159","targetHints":{"allow":["GET"]}}],"collection":[{"href":"https:\/\/oui-oui.es\/blog\/wp-json\/wp\/v2\/posts"}],"about":[{"href":"https:\/\/oui-oui.es\/blog\/wp-json\/wp\/v2\/types\/post"}],"author":[{"embeddable":true,"href":"https:\/\/oui-oui.es\/blog\/wp-json\/wp\/v2\/users\/1"}],"replies":[{"embeddable":true,"href":"https:\/\/oui-oui.es\/blog\/wp-json\/wp\/v2\/comments?post=4159"}],"version-history":[{"count":2,"href":"https:\/\/oui-oui.es\/blog\/wp-json\/wp\/v2\/posts\/4159\/revisions"}],"predecessor-version":[{"id":4167,"href":"https:\/\/oui-oui.es\/blog\/wp-json\/wp\/v2\/posts\/4159\/revisions\/4167"}],"wp:featuredmedia":[{"embeddable":true,"href":"https:\/\/oui-oui.es\/blog\/wp-json\/wp\/v2\/media\/4160"}],"wp:attachment":[{"href":"https:\/\/oui-oui.es\/blog\/wp-json\/wp\/v2\/media?parent=4159"}],"wp:term":[{"taxonomy":"category","embeddable":true,"href":"https:\/\/oui-oui.es\/blog\/wp-json\/wp\/v2\/categories?post=4159"},{"taxonomy":"post_tag","embeddable":true,"href":"https:\/\/oui-oui.es\/blog\/wp-json\/wp\/v2\/tags?post=4159"}],"curies":[{"name":"wp","href":"https:\/\/api.w.org\/{rel}","templated":true}]}}