{"id":4174,"date":"2016-04-13T00:00:06","date_gmt":"2016-04-12T22:00:06","guid":{"rendered":"https:\/\/oui-oui.es\/blog\/?p=4174"},"modified":"2016-04-13T00:00:06","modified_gmt":"2016-04-12T22:00:06","slug":"flamingo-fever","status":"publish","type":"post","link":"https:\/\/oui-oui.es\/blog\/flamingo-fever\/","title":{"rendered":"Flamingo Fever"},"content":{"rendered":"<p>Lo reconozco, cuando me da por algo soy intensa, como escrib\u00eda el otro d\u00eda en <a href=\"https:\/\/ello.co\/ouiouiconceptstore\" target=\"_blank\">Ello<\/a> ;<\/p>\n<blockquote><p>La pi\u00f1a <img loading=\"lazy\" decoding=\"async\" class=\"emoji\" title=\":pineapple:\" src=\"https:\/\/d2r3yqi5wwm1w7.cloudfront.net\/images\/emoji\/unicode\/1f34d.png\" alt=\":pineapple:\" width=\"20\" height=\"20\" align=\"absmiddle\" \/> fue el nuevo moustache<br \/>\nEl unicornio  fue la nueva pi\u00f1a <img loading=\"lazy\" decoding=\"async\" class=\"emoji\" title=\":pineapple:\" src=\"https:\/\/d2r3yqi5wwm1w7.cloudfront.net\/images\/emoji\/unicode\/1f34d.png\" alt=\":pineapple:\" width=\"20\" height=\"20\" align=\"absmiddle\" \/><br \/>\nEl cactus <img loading=\"lazy\" decoding=\"async\" class=\"emoji\" title=\":cactus:\" src=\"https:\/\/d2r3yqi5wwm1w7.cloudfront.net\/images\/emoji\/unicode\/1f335.png\" alt=\":cactus:\" width=\"20\" height=\"20\" align=\"absmiddle\" \/> el nuevo unicornio<br \/>\nEl flamenco el nuevo cactus <img loading=\"lazy\" decoding=\"async\" class=\"emoji\" title=\":cactus:\" src=\"https:\/\/d2r3yqi5wwm1w7.cloudfront.net\/images\/emoji\/unicode\/1f335.png\" alt=\":cactus:\" width=\"20\" height=\"20\" align=\"absmiddle\" \/><\/p>\n<p>Y el cisne el nuevo flamenco&#8230;<\/p><\/blockquote>\n<p><strong>No todos relevan completamente al anterior icono sino que algunos se van solapando<\/strong>; el moustache est\u00e1 totalmente muerto, pero la pi\u00f1a sigue atrayi\u00e9ndonos a veces. A los unicornios los querremos siempre y el verano no ser\u00e1 verano sin cactus y flamencos&#8230;Al cisne le querremos durante oto\u00f1o tambi\u00e9n.<\/p>\n<p>Pero el post de hoy va de <strong>flamencos<\/strong>, de lo mucho que me gustan y \u00a1 de todas las cosas que no me resisto a traer a Oui Oui!<\/p>\n<p>El primer producto <em>pink flamingo<\/em> fue la <a href=\"http:\/\/www.oui-oui.es\/fiestas\/589-guirnalda-flamencos-con-luz.html\" target=\"_blank\"><strong>guirnalda de luces de flamencos<\/strong><\/a>, casi ya es un cl\u00e1sico y sin embargo este a\u00f1o vuelve con m\u00e1s fuerza que nunca<\/p>\n<p><a href=\"www.oui-oui.es\/fiestas\/589-guirnalda-flamencos-con-luz.html\" rel=\"attachment wp-att-4181\"><img loading=\"lazy\" decoding=\"async\" class=\"aligncenter size-full wp-image-4181\" src=\"https:\/\/oui-oui.es\/blog\/wp-content\/uploads\/2016\/04\/Oui-Oui-guirnalda-flamencos-con-luz.jpg\" alt=\"Oui Oui-guirnalda flamencos con luz\" width=\"800\" height=\"800\" srcset=\"https:\/\/oui-oui.es\/blog\/wp-content\/uploads\/2016\/04\/Oui-Oui-guirnalda-flamencos-con-luz.jpg 800w, https:\/\/oui-oui.es\/blog\/wp-content\/uploads\/2016\/04\/Oui-Oui-guirnalda-flamencos-con-luz-150x150.jpg 150w, https:\/\/oui-oui.es\/blog\/wp-content\/uploads\/2016\/04\/Oui-Oui-guirnalda-flamencos-con-luz-300x300.jpg 300w, https:\/\/oui-oui.es\/blog\/wp-content\/uploads\/2016\/04\/Oui-Oui-guirnalda-flamencos-con-luz-768x768.jpg 768w, https:\/\/oui-oui.es\/blog\/wp-content\/uploads\/2016\/04\/Oui-Oui-guirnalda-flamencos-con-luz-600x600.jpg 600w\" sizes=\"auto, (max-width: 800px) 100vw, 800px\" \/><\/a><\/p>\n<p>El segundo y, un bombazo, fu\u00e9 el <a href=\"http:\/\/www.oui-oui.es\/buscar?controller=search&amp;orderby=position&amp;orderway=desc&amp;search-cat-select=0&amp;search_query=flamenco&amp;submit_search=\" target=\"_blank\"><strong>flotador flamenco<\/strong><\/a>, que traje en 2014, repetimos en 2015 y que volver\u00e1 este verano!<\/p>\n<p><a href=\"http:\/\/www.oui-oui.es\/buscar?controller=search&amp;orderby=position&amp;orderway=desc&amp;search-cat-select=0&amp;search_query=flamenco&amp;submit_search=\" rel=\"attachment wp-att-4176\"><img loading=\"lazy\" decoding=\"async\" class=\"aligncenter size-full wp-image-4176\" src=\"https:\/\/oui-oui.es\/blog\/wp-content\/uploads\/2016\/04\/Oui-Oui-flotador-flamenco-gigante-cua.jpg\" alt=\"Oui Oui-flotador flamenco gigante-cua\" width=\"975\" height=\"975\" srcset=\"https:\/\/oui-oui.es\/blog\/wp-content\/uploads\/2016\/04\/Oui-Oui-flotador-flamenco-gigante-cua.jpg 975w, https:\/\/oui-oui.es\/blog\/wp-content\/uploads\/2016\/04\/Oui-Oui-flotador-flamenco-gigante-cua-150x150.jpg 150w, https:\/\/oui-oui.es\/blog\/wp-content\/uploads\/2016\/04\/Oui-Oui-flotador-flamenco-gigante-cua-300x300.jpg 300w, https:\/\/oui-oui.es\/blog\/wp-content\/uploads\/2016\/04\/Oui-Oui-flotador-flamenco-gigante-cua-768x768.jpg 768w, https:\/\/oui-oui.es\/blog\/wp-content\/uploads\/2016\/04\/Oui-Oui-flotador-flamenco-gigante-cua-600x600.jpg 600w\" sizes=\"auto, (max-width: 975px) 100vw, 975px\" \/><\/a><\/p>\n<p>Para la habitaci\u00f3n de los ni\u00f1os, la <a href=\"http:\/\/www.oui-oui.es\/detalles-decoracion-ninos-habitacion-pinterest\/1055-cabeza-peluche-flamenco.html\" target=\"_blank\"><strong>cabeza de peluche de flamenco rosa<\/strong><\/a> es un must, de hecho se agot\u00f3 en una ma\u00f1ana \u00a1pero volveremos a tenerlas a finales de abril!<\/p>\n<p><a href=\"http:\/\/www.oui-oui.es\/detalles-decoracion-ninos-habitacion-pinterest\/1055-cabeza-peluche-flamenco.html\" rel=\"attachment wp-att-4175\"><img loading=\"lazy\" decoding=\"async\" class=\"aligncenter size-large wp-image-4175\" src=\"https:\/\/oui-oui.es\/blog\/wp-content\/uploads\/2016\/04\/Oui-Oui-cabeza-peluche-flamenco-rosa-1024x1024.jpg\" alt=\"Oui Oui-cabeza peluche flamenco rosa\" width=\"1024\" height=\"1024\" srcset=\"https:\/\/oui-oui.es\/blog\/wp-content\/uploads\/2016\/04\/Oui-Oui-cabeza-peluche-flamenco-rosa-1024x1024.jpg 1024w, https:\/\/oui-oui.es\/blog\/wp-content\/uploads\/2016\/04\/Oui-Oui-cabeza-peluche-flamenco-rosa-150x150.jpg 150w, https:\/\/oui-oui.es\/blog\/wp-content\/uploads\/2016\/04\/Oui-Oui-cabeza-peluche-flamenco-rosa-300x300.jpg 300w, https:\/\/oui-oui.es\/blog\/wp-content\/uploads\/2016\/04\/Oui-Oui-cabeza-peluche-flamenco-rosa-768x768.jpg 768w, https:\/\/oui-oui.es\/blog\/wp-content\/uploads\/2016\/04\/Oui-Oui-cabeza-peluche-flamenco-rosa-600x600.jpg 600w\" sizes=\"auto, (max-width: 1024px) 100vw, 1024px\" \/><\/a><\/p>\n<p>Despu\u00e9s han llegado todos los art\u00edculos que necesitas para montar una <strong>fiesta tropical, de flamencos o, simplemente de verano<\/strong> con los flamencos rosas como protagonistas:<\/p>\n<p><strong> Los palitos para cocktail<\/strong><\/p>\n<p><a href=\"http:\/\/www.oui-oui.es\/fiestas\/1088-palitos-cocktail-flamencos.html\" rel=\"attachment wp-att-4187\"><img loading=\"lazy\" decoding=\"async\" class=\"aligncenter size-large wp-image-4187\" src=\"https:\/\/oui-oui.es\/blog\/wp-content\/uploads\/2016\/04\/Oui-Oui-pinchos-cocktail-flamencos-1024x1024.jpg\" alt=\"Oui Oui-pinchos cocktail flamencos\" width=\"1024\" height=\"1024\" srcset=\"https:\/\/oui-oui.es\/blog\/wp-content\/uploads\/2016\/04\/Oui-Oui-pinchos-cocktail-flamencos-1024x1024.jpg 1024w, https:\/\/oui-oui.es\/blog\/wp-content\/uploads\/2016\/04\/Oui-Oui-pinchos-cocktail-flamencos-150x150.jpg 150w, https:\/\/oui-oui.es\/blog\/wp-content\/uploads\/2016\/04\/Oui-Oui-pinchos-cocktail-flamencos-300x300.jpg 300w, https:\/\/oui-oui.es\/blog\/wp-content\/uploads\/2016\/04\/Oui-Oui-pinchos-cocktail-flamencos-768x768.jpg 768w, https:\/\/oui-oui.es\/blog\/wp-content\/uploads\/2016\/04\/Oui-Oui-pinchos-cocktail-flamencos-600x600.jpg 600w\" sizes=\"auto, (max-width: 1024px) 100vw, 1024px\" \/><\/a><\/p>\n<p><strong><a href=\"http:\/\/www.oui-oui.es\/fiestas\/1089-pinchitos-flamencos.html\" target=\"_blank\">Pinchitos<\/a> para cupcakes o aperitivos con forma de flamenco<\/strong> (fijaros en los palillos que simulan sus patas, son geniales!)<\/p>\n<p><a href=\"www.oui-oui.es\/fiestas\/1089-pinchitos-flamencos.html\" rel=\"attachment wp-att-4186\"><img loading=\"lazy\" decoding=\"async\" class=\"aligncenter size-large wp-image-4186\" src=\"https:\/\/oui-oui.es\/blog\/wp-content\/uploads\/2016\/04\/Oui-Oui-pinchitos-aperitivo-flamencos-rosas-fiesta-flamencos-fiesta-tropical-1024x1024.jpg\" alt=\"Oui Oui-pinchitos aperitivo-flamencos rosas-fiesta flamencos-fiesta tropical\" width=\"1024\" height=\"1024\" srcset=\"https:\/\/oui-oui.es\/blog\/wp-content\/uploads\/2016\/04\/Oui-Oui-pinchitos-aperitivo-flamencos-rosas-fiesta-flamencos-fiesta-tropical-1024x1024.jpg 1024w, https:\/\/oui-oui.es\/blog\/wp-content\/uploads\/2016\/04\/Oui-Oui-pinchitos-aperitivo-flamencos-rosas-fiesta-flamencos-fiesta-tropical-150x150.jpg 150w, https:\/\/oui-oui.es\/blog\/wp-content\/uploads\/2016\/04\/Oui-Oui-pinchitos-aperitivo-flamencos-rosas-fiesta-flamencos-fiesta-tropical-300x300.jpg 300w, https:\/\/oui-oui.es\/blog\/wp-content\/uploads\/2016\/04\/Oui-Oui-pinchitos-aperitivo-flamencos-rosas-fiesta-flamencos-fiesta-tropical-768x768.jpg 768w, https:\/\/oui-oui.es\/blog\/wp-content\/uploads\/2016\/04\/Oui-Oui-pinchitos-aperitivo-flamencos-rosas-fiesta-flamencos-fiesta-tropical-600x600.jpg 600w\" sizes=\"auto, (max-width: 1024px) 100vw, 1024px\" \/><\/a><\/p>\n<p><strong>Servilletas con flamencos dibujados<\/strong><\/p>\n<p>Las <strong><a href=\"http:\/\/www.oui-oui.es\/fiestas\/1087-pajitas-flamencos.html\" target=\"_blank\">pajitas<\/a><\/strong> de bamb\u00fa <strong>con flamencos<\/strong> son geniales<\/p>\n<p><a href=\"www.oui-oui.es\/fiestas\/1087-pajitas-flamencos.html\" rel=\"attachment wp-att-4184\"><img loading=\"lazy\" decoding=\"async\" class=\"aligncenter size-large wp-image-4184\" src=\"https:\/\/oui-oui.es\/blog\/wp-content\/uploads\/2016\/04\/Oui-Oui-pajitas-flamencos-rosas-fiesta-flamencos-fiesta-tropical-mason-jar-1024x1024.jpg\" alt=\"Oui Oui-pajitas flamencos rosas-fiesta flamencos-fiesta tropical-mason jar\" width=\"1024\" height=\"1024\" srcset=\"https:\/\/oui-oui.es\/blog\/wp-content\/uploads\/2016\/04\/Oui-Oui-pajitas-flamencos-rosas-fiesta-flamencos-fiesta-tropical-mason-jar-1024x1024.jpg 1024w, https:\/\/oui-oui.es\/blog\/wp-content\/uploads\/2016\/04\/Oui-Oui-pajitas-flamencos-rosas-fiesta-flamencos-fiesta-tropical-mason-jar-150x150.jpg 150w, https:\/\/oui-oui.es\/blog\/wp-content\/uploads\/2016\/04\/Oui-Oui-pajitas-flamencos-rosas-fiesta-flamencos-fiesta-tropical-mason-jar-300x300.jpg 300w, https:\/\/oui-oui.es\/blog\/wp-content\/uploads\/2016\/04\/Oui-Oui-pajitas-flamencos-rosas-fiesta-flamencos-fiesta-tropical-mason-jar-768x768.jpg 768w, https:\/\/oui-oui.es\/blog\/wp-content\/uploads\/2016\/04\/Oui-Oui-pajitas-flamencos-rosas-fiesta-flamencos-fiesta-tropical-mason-jar-600x600.jpg 600w\" sizes=\"auto, (max-width: 1024px) 100vw, 1024px\" \/><\/a><\/p>\n<p>En una fiesta de verano <strong>no pueden faltar <a href=\"http:\/\/www.oui-oui.es\/fiestas\/1058-gafas-flamenco.html\" target=\"_blank\">gafas<\/a> y props para el <a href=\"http:\/\/www.oui-oui.es\/fiestas\/1091-photo-booth-tropical.html\" target=\"_blank\">photocall con forma de flamenco<\/a><\/strong>, con pi\u00f1as, cocktails, corbatas de estampado tropical,etc&#8230;<\/p>\n<p><a href=\"www.oui-oui.es\/fiestas\/1058-gafas-flamenco.html\" rel=\"attachment wp-att-4180\"><img loading=\"lazy\" decoding=\"async\" class=\"aligncenter size-full wp-image-4180\" src=\"https:\/\/oui-oui.es\/blog\/wp-content\/uploads\/2016\/04\/Oui-Oui-gafas-flamenco-rosas.jpg\" alt=\"Oui Oui-gafas flamenco rosas\" width=\"922\" height=\"922\" srcset=\"https:\/\/oui-oui.es\/blog\/wp-content\/uploads\/2016\/04\/Oui-Oui-gafas-flamenco-rosas.jpg 922w, https:\/\/oui-oui.es\/blog\/wp-content\/uploads\/2016\/04\/Oui-Oui-gafas-flamenco-rosas-150x150.jpg 150w, https:\/\/oui-oui.es\/blog\/wp-content\/uploads\/2016\/04\/Oui-Oui-gafas-flamenco-rosas-300x300.jpg 300w, https:\/\/oui-oui.es\/blog\/wp-content\/uploads\/2016\/04\/Oui-Oui-gafas-flamenco-rosas-768x768.jpg 768w, https:\/\/oui-oui.es\/blog\/wp-content\/uploads\/2016\/04\/Oui-Oui-gafas-flamenco-rosas-600x600.jpg 600w\" sizes=\"auto, (max-width: 922px) 100vw, 922px\" \/><\/a><\/p>\n<p><a href=\"www.oui-oui.es\/fiestas\/1091-photo-booth-tropical.html\" rel=\"attachment wp-att-4185\"><img loading=\"lazy\" decoding=\"async\" class=\"aligncenter size-large wp-image-4185\" src=\"https:\/\/oui-oui.es\/blog\/wp-content\/uploads\/2016\/04\/Oui-Oui-photo-booth-tropical-flamenco-1024x1024.jpg\" alt=\"Oui Oui-photo booth tropical-flamenco\" width=\"1024\" height=\"1024\" srcset=\"https:\/\/oui-oui.es\/blog\/wp-content\/uploads\/2016\/04\/Oui-Oui-photo-booth-tropical-flamenco-1024x1024.jpg 1024w, https:\/\/oui-oui.es\/blog\/wp-content\/uploads\/2016\/04\/Oui-Oui-photo-booth-tropical-flamenco-150x150.jpg 150w, https:\/\/oui-oui.es\/blog\/wp-content\/uploads\/2016\/04\/Oui-Oui-photo-booth-tropical-flamenco-300x300.jpg 300w, https:\/\/oui-oui.es\/blog\/wp-content\/uploads\/2016\/04\/Oui-Oui-photo-booth-tropical-flamenco-768x768.jpg 768w, https:\/\/oui-oui.es\/blog\/wp-content\/uploads\/2016\/04\/Oui-Oui-photo-booth-tropical-flamenco-600x600.jpg 600w\" sizes=\"auto, (max-width: 1024px) 100vw, 1024px\" \/><\/a><\/p>\n<p>La <strong><a href=\"http:\/\/www.oui-oui.es\/fiestas\/1057-senal-luminosa-flamenco.html\" target=\"_blank\">se\u00f1al luminosa de flamenco<\/a><\/strong> es otro de los imprescindibles, yo estoy busc\u00e1ndole hueco en casa \u00a1que ya no me cabe nada!<\/p>\n<p><a href=\"http:\/\/www.oui-oui.es\/fiestas\/1057-senal-luminosa-flamenco.html\" rel=\"attachment wp-att-4182\"><img loading=\"lazy\" decoding=\"async\" class=\"aligncenter size-full wp-image-4182\" src=\"https:\/\/oui-oui.es\/blog\/wp-content\/uploads\/2016\/04\/Oui-Oui-luminoso-flamenco-flamenco-con-bombillas-flamenco-luminoso.jpg\" alt=\"Oui Oui-luminoso flamenco-flamenco con bombillas-flamenco luminoso\" width=\"800\" height=\"800\" srcset=\"https:\/\/oui-oui.es\/blog\/wp-content\/uploads\/2016\/04\/Oui-Oui-luminoso-flamenco-flamenco-con-bombillas-flamenco-luminoso.jpg 800w, https:\/\/oui-oui.es\/blog\/wp-content\/uploads\/2016\/04\/Oui-Oui-luminoso-flamenco-flamenco-con-bombillas-flamenco-luminoso-150x150.jpg 150w, https:\/\/oui-oui.es\/blog\/wp-content\/uploads\/2016\/04\/Oui-Oui-luminoso-flamenco-flamenco-con-bombillas-flamenco-luminoso-300x300.jpg 300w, https:\/\/oui-oui.es\/blog\/wp-content\/uploads\/2016\/04\/Oui-Oui-luminoso-flamenco-flamenco-con-bombillas-flamenco-luminoso-768x768.jpg 768w, https:\/\/oui-oui.es\/blog\/wp-content\/uploads\/2016\/04\/Oui-Oui-luminoso-flamenco-flamenco-con-bombillas-flamenco-luminoso-600x600.jpg 600w\" sizes=\"auto, (max-width: 800px) 100vw, 800px\" \/><\/a><\/p>\n<p>Y <a href=\"http:\/\/www.oui-oui.es\/detalles-decoracion-casa-pinterest-con-estilo\/1108-vasos-estampado-tropical.html\" target=\"_blank\"><strong>\u00a1vasos!<\/strong> <\/a>esos que tanto demand\u00e1bamos desde que Ikea sac\u00f3 unos hace a\u00f1os y nunca m\u00e1s volvieron&#8230;<\/p>\n<p><a href=\"http:\/\/www.oui-oui.es\/detalles-decoracion-casa-pinterest-con-estilo\/1108-vasos-estampado-tropical.html\" rel=\"attachment wp-att-4179\"><img loading=\"lazy\" decoding=\"async\" class=\"aligncenter size-full wp-image-4179\" src=\"https:\/\/oui-oui.es\/blog\/wp-content\/uploads\/2016\/04\/Oui-Oui-vasos-tropicales-vasos-estampado-flamencos.jpg\" alt=\"Oui Oui-vasos tropicales-vasos estampado flamencos\" width=\"630\" height=\"630\" srcset=\"https:\/\/oui-oui.es\/blog\/wp-content\/uploads\/2016\/04\/Oui-Oui-vasos-tropicales-vasos-estampado-flamencos.jpg 630w, https:\/\/oui-oui.es\/blog\/wp-content\/uploads\/2016\/04\/Oui-Oui-vasos-tropicales-vasos-estampado-flamencos-150x150.jpg 150w, https:\/\/oui-oui.es\/blog\/wp-content\/uploads\/2016\/04\/Oui-Oui-vasos-tropicales-vasos-estampado-flamencos-300x300.jpg 300w, https:\/\/oui-oui.es\/blog\/wp-content\/uploads\/2016\/04\/Oui-Oui-vasos-tropicales-vasos-estampado-flamencos-600x600.jpg 600w\" sizes=\"auto, (max-width: 630px) 100vw, 630px\" \/><\/a><\/p>\n<p>Con el mismo <strong>estampado de flamencos rosas<\/strong> sobre un fondo turquesa, tienes tambi\u00e9n una <strong><a href=\"http:\/\/www.oui-oui.es\/detalles-decoracion-casa-pinterest-con-estilo\/1050-set-de-maletas-tropical.html\" target=\"_blank\">maleta<\/a><\/strong>, un <a href=\"http:\/\/www.oui-oui.es\/regalo-original-regalo-con-estilo\/1071-cuaderno-flamencos.html\" target=\"_blank\"><strong>cuaderno<\/strong><\/a> y las <a href=\"http:\/\/www.oui-oui.es\/regalo-original-regalo-con-estilo\/1070-etiquetas-tropicales.html\" target=\"_blank\">etiquetas para regalo<\/a>, vamos, \u00a1que puedes convertir tu casa en una expo de flamencos rosas!<\/p>\n<p><a href=\"www.oui-oui.es\/detalles-decoracion-casa-pinterest-con-estilo\/1050-set-de-maletas-tropical.html\" rel=\"attachment wp-att-4188\"><img loading=\"lazy\" decoding=\"async\" class=\"aligncenter size-large wp-image-4188\" src=\"https:\/\/oui-oui.es\/blog\/wp-content\/uploads\/2016\/04\/Oui-Oui-maletas-tropicales-maleta-flamencos-maleta-sandias-maleta-pi\u00f1as-maletitas-ni\u00f1os-1024x1024.jpg\" alt=\"Oui Oui-maletas tropicales-maleta flamencos-maleta sandias-maleta pi\u00f1as-maletitas ni\u00f1os\" width=\"1024\" height=\"1024\" srcset=\"https:\/\/oui-oui.es\/blog\/wp-content\/uploads\/2016\/04\/Oui-Oui-maletas-tropicales-maleta-flamencos-maleta-sandias-maleta-pi\u00f1as-maletitas-ni\u00f1os-1024x1024.jpg 1024w, https:\/\/oui-oui.es\/blog\/wp-content\/uploads\/2016\/04\/Oui-Oui-maletas-tropicales-maleta-flamencos-maleta-sandias-maleta-pi\u00f1as-maletitas-ni\u00f1os-150x150.jpg 150w, https:\/\/oui-oui.es\/blog\/wp-content\/uploads\/2016\/04\/Oui-Oui-maletas-tropicales-maleta-flamencos-maleta-sandias-maleta-pi\u00f1as-maletitas-ni\u00f1os-300x300.jpg 300w, https:\/\/oui-oui.es\/blog\/wp-content\/uploads\/2016\/04\/Oui-Oui-maletas-tropicales-maleta-flamencos-maleta-sandias-maleta-pi\u00f1as-maletitas-ni\u00f1os-768x768.jpg 768w, https:\/\/oui-oui.es\/blog\/wp-content\/uploads\/2016\/04\/Oui-Oui-maletas-tropicales-maleta-flamencos-maleta-sandias-maleta-pi\u00f1as-maletitas-ni\u00f1os-600x600.jpg 600w\" sizes=\"auto, (max-width: 1024px) 100vw, 1024px\" \/><\/a><\/p>\n<p><a href=\"www.oui-oui.es\/regalo-original-regalo-con-estilo\/1071-cuaderno-flamencos.html\" rel=\"attachment wp-att-4177\"><img loading=\"lazy\" decoding=\"async\" class=\"aligncenter size-large wp-image-4177\" src=\"https:\/\/oui-oui.es\/blog\/wp-content\/uploads\/2016\/04\/Oui-Oui-cuaderno-flamencos-rosa-y-azul-1024x1024.jpg\" alt=\"Oui Oui-cuaderno flamencos rosa y azul\" width=\"1024\" height=\"1024\" srcset=\"https:\/\/oui-oui.es\/blog\/wp-content\/uploads\/2016\/04\/Oui-Oui-cuaderno-flamencos-rosa-y-azul-1024x1024.jpg 1024w, https:\/\/oui-oui.es\/blog\/wp-content\/uploads\/2016\/04\/Oui-Oui-cuaderno-flamencos-rosa-y-azul-150x150.jpg 150w, https:\/\/oui-oui.es\/blog\/wp-content\/uploads\/2016\/04\/Oui-Oui-cuaderno-flamencos-rosa-y-azul-300x300.jpg 300w, https:\/\/oui-oui.es\/blog\/wp-content\/uploads\/2016\/04\/Oui-Oui-cuaderno-flamencos-rosa-y-azul-768x768.jpg 768w, https:\/\/oui-oui.es\/blog\/wp-content\/uploads\/2016\/04\/Oui-Oui-cuaderno-flamencos-rosa-y-azul-600x600.jpg 600w, https:\/\/oui-oui.es\/blog\/wp-content\/uploads\/2016\/04\/Oui-Oui-cuaderno-flamencos-rosa-y-azul.jpg 1200w\" sizes=\"auto, (max-width: 1024px) 100vw, 1024px\" \/><\/a><\/p>\n<p><a href=\"http:\/\/www.oui-oui.es\/regalo-original-regalo-con-estilo\/1070-etiquetas-tropicales.html\" rel=\"attachment wp-att-4178\"><img loading=\"lazy\" decoding=\"async\" class=\"aligncenter size-large wp-image-4178\" src=\"https:\/\/oui-oui.es\/blog\/wp-content\/uploads\/2016\/04\/Oui-Oui-etiquetas-regalo-tropical-flamenco-pi\u00f1a-sandia-palmera-1024x1024.jpg\" alt=\"Oui Oui-etiquetas regalo tropical-flamenco-pi\u00f1a-sandia-palmera\" width=\"1024\" height=\"1024\" srcset=\"https:\/\/oui-oui.es\/blog\/wp-content\/uploads\/2016\/04\/Oui-Oui-etiquetas-regalo-tropical-flamenco-pi\u00f1a-sandia-palmera-1024x1024.jpg 1024w, https:\/\/oui-oui.es\/blog\/wp-content\/uploads\/2016\/04\/Oui-Oui-etiquetas-regalo-tropical-flamenco-pi\u00f1a-sandia-palmera-150x150.jpg 150w, https:\/\/oui-oui.es\/blog\/wp-content\/uploads\/2016\/04\/Oui-Oui-etiquetas-regalo-tropical-flamenco-pi\u00f1a-sandia-palmera-300x300.jpg 300w, https:\/\/oui-oui.es\/blog\/wp-content\/uploads\/2016\/04\/Oui-Oui-etiquetas-regalo-tropical-flamenco-pi\u00f1a-sandia-palmera-768x768.jpg 768w, https:\/\/oui-oui.es\/blog\/wp-content\/uploads\/2016\/04\/Oui-Oui-etiquetas-regalo-tropical-flamenco-pi\u00f1a-sandia-palmera-600x600.jpg 600w, https:\/\/oui-oui.es\/blog\/wp-content\/uploads\/2016\/04\/Oui-Oui-etiquetas-regalo-tropical-flamenco-pi\u00f1a-sandia-palmera.jpg 1200w\" sizes=\"auto, (max-width: 1024px) 100vw, 1024px\" \/><\/a><\/p>\n<p>\u00a1Y a\u00fan queda por llegar alg\u00fan flemnquito m\u00e1s que os va a chiflar!<\/p>\n<p>Por cierto, en Instagram estamos reivndicando el emoji flamenco con el #queremoselemojiflamenco<\/p>\n<p>\u00bfAlguna loca m\u00e1s de los flamencos en la sala?<\/p>\n","protected":false},"excerpt":{"rendered":"<p>Lo reconozco, cuando me da por algo soy intensa, como escrib\u00eda el otro d\u00eda en Ello ; La pi\u00f1a fue el nuevo moustache El unicornio fue la nueva pi\u00f1a El cactus el nuevo unicornio El flamenco el nuevo cactus Y el cisne el nuevo flamenco&#8230; No todos relevan completamente al anterior icono sino que algunos [&hellip;]<\/p>\n","protected":false},"author":1,"featured_media":4182,"comment_status":"open","ping_status":"open","sticky":false,"template":"","format":"standard","meta":{"jetpack_post_was_ever_published":false,"_jetpack_newsletter_access":"","_jetpack_dont_email_post_to_subs":false,"_jetpack_newsletter_tier_id":0,"_jetpack_memberships_contains_paywalled_content":false,"_jetpack_memberships_contains_paid_content":false,"footnotes":"","jetpack_publicize_message":"","jetpack_publicize_feature_enabled":true,"jetpack_social_post_already_shared":true,"jetpack_social_options":{"image_generator_settings":{"template":"highway","default_image_id":0,"font":"","enabled":false},"version":2}},"categories":[177,7,174],"tags":[746,675,761],"class_list":["post-4174","post","type-post","status-publish","format-standard","has-post-thumbnail","hentry","category-lifestyle-2","category-fiestas-celebraciones","category-ninos","tag-deco-ninos","tag-fiesta-en-la-piscina","tag-flamencos"],"aioseo_notices":[],"jetpack_publicize_connections":[],"jetpack_featured_media_url":"https:\/\/oui-oui.es\/blog\/wp-content\/uploads\/2016\/04\/Oui-Oui-luminoso-flamenco-flamenco-con-bombillas-flamenco-luminoso.jpg","jetpack_sharing_enabled":true,"jetpack-related-posts":[{"id":3988,"url":"https:\/\/oui-oui.es\/blog\/todo-es-mejor-con-un-unicornio\/","url_meta":{"origin":4174,"position":0},"title":"Todo es mejor con un unicornio","author":"Mar\u00eda \u2665Oui Oui\u2665","date":"29 enero, 2016","format":false,"excerpt":"Recuerdo cuando el a\u00f1o pasado me fui a Singapur y le dije a mi amiga Ester \"tenemos que encontrar cosas de unicornios, son mi nueva obsesi\u00f3n\", en esos momentos en Oui Oui ya ten\u00edamos el platito unicornio y una cabeza de unicornio de cart\u00f3n, pero yo quer\u00eda m\u00e1s! Poco a\u2026","rel":"","context":"En \u00abFIESTAS y CELEBRACIONES\u00bb","block_context":{"text":"FIESTAS y CELEBRACIONES","link":"https:\/\/oui-oui.es\/blog\/category\/fiestas-celebraciones\/"},"img":{"alt_text":"","src":"https:\/\/i0.wp.com\/oui-oui.es\/blog\/wp-content\/uploads\/2016\/01\/Oui-Oui-filetes-de-unicornio-unicorn-filets-tendencia-unicornios-logo.jpg?resize=350%2C200&ssl=1","width":350,"height":200,"srcset":"https:\/\/i0.wp.com\/oui-oui.es\/blog\/wp-content\/uploads\/2016\/01\/Oui-Oui-filetes-de-unicornio-unicorn-filets-tendencia-unicornios-logo.jpg?resize=350%2C200&ssl=1 1x, https:\/\/i0.wp.com\/oui-oui.es\/blog\/wp-content\/uploads\/2016\/01\/Oui-Oui-filetes-de-unicornio-unicorn-filets-tendencia-unicornios-logo.jpg?resize=525%2C300&ssl=1 1.5x, https:\/\/i0.wp.com\/oui-oui.es\/blog\/wp-content\/uploads\/2016\/01\/Oui-Oui-filetes-de-unicornio-unicorn-filets-tendencia-unicornios-logo.jpg?resize=700%2C400&ssl=1 2x, https:\/\/i0.wp.com\/oui-oui.es\/blog\/wp-content\/uploads\/2016\/01\/Oui-Oui-filetes-de-unicornio-unicorn-filets-tendencia-unicornios-logo.jpg?resize=1050%2C600&ssl=1 3x, https:\/\/i0.wp.com\/oui-oui.es\/blog\/wp-content\/uploads\/2016\/01\/Oui-Oui-filetes-de-unicornio-unicorn-filets-tendencia-unicornios-logo.jpg?resize=1400%2C800&ssl=1 4x"},"classes":[]},{"id":2057,"url":"https:\/\/oui-oui.es\/blog\/pon-una-pina-en-tu-vida-2\/","url_meta":{"origin":4174,"position":1},"title":"Pon una pi\u00f1a en tu vida","author":"Mar\u00eda \u2665Oui Oui\u2665","date":"17 abril, 2015","format":false,"excerpt":"Reconozco que cuando me da por algo me da fuerte y me compro todo lo que puedo de ese estilo...El a\u00f1o pasado me pas\u00f3 con las pi\u00f1as, fue poco a poco, primero vi en Zara Home este cesto pi\u00f1a y pens\u00e9; no s\u00e9 para qu\u00e9 pero deber\u00eda compr\u00e1rmelo...No lo hice\u2026","rel":"","context":"En \u00abDECORACI\u00d3N\u00bb","block_context":{"text":"DECORACI\u00d3N","link":"https:\/\/oui-oui.es\/blog\/category\/decoracion-de-casa\/"},"img":{"alt_text":"","src":"https:\/\/i0.wp.com\/oui-oui.es\/blog\/wp-content\/uploads\/2015\/04\/oui-oui-la-fiebre-de-las-pic3b1as-pic3b1a-lampara-lamparas-pic3b1a-pic3b1acolada-lamp.jpg?resize=350%2C200&ssl=1","width":350,"height":200,"srcset":"https:\/\/i0.wp.com\/oui-oui.es\/blog\/wp-content\/uploads\/2015\/04\/oui-oui-la-fiebre-de-las-pic3b1as-pic3b1a-lampara-lamparas-pic3b1a-pic3b1acolada-lamp.jpg?resize=350%2C200&ssl=1 1x, https:\/\/i0.wp.com\/oui-oui.es\/blog\/wp-content\/uploads\/2015\/04\/oui-oui-la-fiebre-de-las-pic3b1as-pic3b1a-lampara-lamparas-pic3b1a-pic3b1acolada-lamp.jpg?resize=525%2C300&ssl=1 1.5x"},"classes":[]},{"id":4515,"url":"https:\/\/oui-oui.es\/blog\/de-flotadoresflamencos-cactus-y-otras-cosas\/","url_meta":{"origin":4174,"position":2},"title":"De flotadores,flamencos, cactus y otras cosas","author":"Mar\u00eda \u2665Oui Oui\u2665","date":"23 junio, 2016","format":false,"excerpt":"\u00a1Ya han llegado!, a\u00fan recuerdo la primera vez que trajimos los footadores gigantes, hace dos a\u00f1os, hasta los paseamos por DecorAcci\u00f3n ;) El flotador pretzel y el flotador donut, el a\u00f1o pasado incorporamos el flotador cisne y el flotador flamenco y este a\u00f1o...La colchoneta helado gigante! Este a\u00f1o han llegado\u2026","rel":"","context":"En \u00abESTILO DE VIDA\u00bb","block_context":{"text":"ESTILO DE VIDA","link":"https:\/\/oui-oui.es\/blog\/category\/lifestyle-2\/"},"img":{"alt_text":"","src":"https:\/\/i0.wp.com\/oui-oui.es\/blog\/wp-content\/uploads\/2016\/06\/Oui-Oui-flotador-donut-volando-hotel-nabia-infinity-pool-rural.jpg?resize=350%2C200&ssl=1","width":350,"height":200,"srcset":"https:\/\/i0.wp.com\/oui-oui.es\/blog\/wp-content\/uploads\/2016\/06\/Oui-Oui-flotador-donut-volando-hotel-nabia-infinity-pool-rural.jpg?resize=350%2C200&ssl=1 1x, https:\/\/i0.wp.com\/oui-oui.es\/blog\/wp-content\/uploads\/2016\/06\/Oui-Oui-flotador-donut-volando-hotel-nabia-infinity-pool-rural.jpg?resize=525%2C300&ssl=1 1.5x, https:\/\/i0.wp.com\/oui-oui.es\/blog\/wp-content\/uploads\/2016\/06\/Oui-Oui-flotador-donut-volando-hotel-nabia-infinity-pool-rural.jpg?resize=700%2C400&ssl=1 2x, https:\/\/i0.wp.com\/oui-oui.es\/blog\/wp-content\/uploads\/2016\/06\/Oui-Oui-flotador-donut-volando-hotel-nabia-infinity-pool-rural.jpg?resize=1050%2C600&ssl=1 3x, https:\/\/i0.wp.com\/oui-oui.es\/blog\/wp-content\/uploads\/2016\/06\/Oui-Oui-flotador-donut-volando-hotel-nabia-infinity-pool-rural.jpg?resize=1400%2C800&ssl=1 4x"},"classes":[]},{"id":4409,"url":"https:\/\/oui-oui.es\/blog\/os-esperamos-en-decoraccion\/","url_meta":{"origin":4174,"position":3},"title":"\u00a1Os esperamos en DecorAcci\u00f3n!","author":"Mar\u00eda \u2665Oui Oui\u2665","date":"7 junio, 2016","format":false,"excerpt":"Un a\u00f1o m\u00e1s \u00a1y ya van cuatro! participaremos en el evento de decoraci\u00f3n m\u00e1s importante de Espa\u00f1a; DecorAcci\u00f3n. El Barrio de las Letras de Madrid se viste de gala para recibir a todo el mundo entre instalaciones, exposiciones, mercadillo de antig\u00fcedades y pop up de tiendas de decoraci\u00f3n online. Como\u2026","rel":"","context":"En \u00abDECORACI\u00d3N\u00bb","block_context":{"text":"DECORACI\u00d3N","link":"https:\/\/oui-oui.es\/blog\/category\/decoracion-de-casa\/"},"img":{"alt_text":"","src":"https:\/\/i0.wp.com\/oui-oui.es\/blog\/wp-content\/uploads\/2016\/06\/Oui-Oui-lampara-catus-verde-cactus-lamp-goodnightlight-jarronejo.jpg?resize=350%2C200&ssl=1","width":350,"height":200,"srcset":"https:\/\/i0.wp.com\/oui-oui.es\/blog\/wp-content\/uploads\/2016\/06\/Oui-Oui-lampara-catus-verde-cactus-lamp-goodnightlight-jarronejo.jpg?resize=350%2C200&ssl=1 1x, https:\/\/i0.wp.com\/oui-oui.es\/blog\/wp-content\/uploads\/2016\/06\/Oui-Oui-lampara-catus-verde-cactus-lamp-goodnightlight-jarronejo.jpg?resize=525%2C300&ssl=1 1.5x, https:\/\/i0.wp.com\/oui-oui.es\/blog\/wp-content\/uploads\/2016\/06\/Oui-Oui-lampara-catus-verde-cactus-lamp-goodnightlight-jarronejo.jpg?resize=700%2C400&ssl=1 2x, https:\/\/i0.wp.com\/oui-oui.es\/blog\/wp-content\/uploads\/2016\/06\/Oui-Oui-lampara-catus-verde-cactus-lamp-goodnightlight-jarronejo.jpg?resize=1050%2C600&ssl=1 3x, https:\/\/i0.wp.com\/oui-oui.es\/blog\/wp-content\/uploads\/2016\/06\/Oui-Oui-lampara-catus-verde-cactus-lamp-goodnightlight-jarronejo.jpg?resize=1400%2C800&ssl=1 4x"},"classes":[]},{"id":4127,"url":"https:\/\/oui-oui.es\/blog\/un-domingo-magico-entre-unicornios\/","url_meta":{"origin":4174,"position":4},"title":"Un domingo m\u00e1gico entre unicornios","author":"Mar\u00eda \u2665Oui Oui\u2665","date":"22 marzo, 2016","format":false,"excerpt":"Un par de semanas antes de que naciera Frida, Marta Mach\u00edn y Eva de Bodas Color\u00edn Colorado nos invitaron a un plan que se celebrar\u00eda a los pocos d\u00edas de que naciera, era un plan s\u00faper apetecible; una ma\u00f1ana de domingo de magia y unicornios... \u00bfQui\u00e9n podr\u00eda resistirse?, desde luego\u2026","rel":"","context":"En \u00abFIESTAS y CELEBRACIONES\u00bb","block_context":{"text":"FIESTAS y CELEBRACIONES","link":"https:\/\/oui-oui.es\/blog\/category\/fiestas-celebraciones\/"},"img":{"alt_text":"","src":"https:\/\/i0.wp.com\/oui-oui.es\/blog\/wp-content\/uploads\/2016\/03\/Oui-Oui-fiesta-unicornios-dispensadores-bebida-fiesta-ni%C3%B1os-bodas-colorin-marta-machin-1.jpg?resize=350%2C200&ssl=1","width":350,"height":200,"srcset":"https:\/\/i0.wp.com\/oui-oui.es\/blog\/wp-content\/uploads\/2016\/03\/Oui-Oui-fiesta-unicornios-dispensadores-bebida-fiesta-ni%C3%B1os-bodas-colorin-marta-machin-1.jpg?resize=350%2C200&ssl=1 1x, https:\/\/i0.wp.com\/oui-oui.es\/blog\/wp-content\/uploads\/2016\/03\/Oui-Oui-fiesta-unicornios-dispensadores-bebida-fiesta-ni%C3%B1os-bodas-colorin-marta-machin-1.jpg?resize=525%2C300&ssl=1 1.5x, https:\/\/i0.wp.com\/oui-oui.es\/blog\/wp-content\/uploads\/2016\/03\/Oui-Oui-fiesta-unicornios-dispensadores-bebida-fiesta-ni%C3%B1os-bodas-colorin-marta-machin-1.jpg?resize=700%2C400&ssl=1 2x, https:\/\/i0.wp.com\/oui-oui.es\/blog\/wp-content\/uploads\/2016\/03\/Oui-Oui-fiesta-unicornios-dispensadores-bebida-fiesta-ni%C3%B1os-bodas-colorin-marta-machin-1.jpg?resize=1050%2C600&ssl=1 3x, https:\/\/i0.wp.com\/oui-oui.es\/blog\/wp-content\/uploads\/2016\/03\/Oui-Oui-fiesta-unicornios-dispensadores-bebida-fiesta-ni%C3%B1os-bodas-colorin-marta-machin-1.jpg?resize=1400%2C800&ssl=1 4x"},"classes":[]},{"id":769,"url":"https:\/\/oui-oui.es\/blog\/una-de-pinatas\/","url_meta":{"origin":4174,"position":5},"title":"Una de pi\u00f1atas!","author":"Mar\u00eda \u2665Oui Oui\u2665","date":"28 mayo, 2013","format":false,"excerpt":"Soy muy fan de las pi\u00f1atas, de peque\u00f1a me encantaba \"competir\" en los cumplea\u00f1os y ahora de mayor estoy esperando a organizar la pr\u00f3xima fiesta para poner una...Porque no son exclusivas de ni\u00f1os ;) Pero hasta hace poco era un poco dif\u00edcil encontrar unas monas, que no fueran de un\u2026","rel":"","context":"En \u00abFIESTAS y CELEBRACIONES\u00bb","block_context":{"text":"FIESTAS y CELEBRACIONES","link":"https:\/\/oui-oui.es\/blog\/category\/fiestas-celebraciones\/"},"img":{"alt_text":"","src":"https:\/\/i0.wp.com\/oui-oui.es\/blog\/wp-content\/uploads\/oui-oui-pic3b1ata-cinco-mayo.jpg?resize=350%2C200&ssl=1","width":350,"height":200,"srcset":"https:\/\/i0.wp.com\/oui-oui.es\/blog\/wp-content\/uploads\/oui-oui-pic3b1ata-cinco-mayo.jpg?resize=350%2C200&ssl=1 1x, https:\/\/i0.wp.com\/oui-oui.es\/blog\/wp-content\/uploads\/oui-oui-pic3b1ata-cinco-mayo.jpg?resize=525%2C300&ssl=1 1.5x"},"classes":[]}],"_links":{"self":[{"href":"https:\/\/oui-oui.es\/blog\/wp-json\/wp\/v2\/posts\/4174","targetHints":{"allow":["GET"]}}],"collection":[{"href":"https:\/\/oui-oui.es\/blog\/wp-json\/wp\/v2\/posts"}],"about":[{"href":"https:\/\/oui-oui.es\/blog\/wp-json\/wp\/v2\/types\/post"}],"author":[{"embeddable":true,"href":"https:\/\/oui-oui.es\/blog\/wp-json\/wp\/v2\/users\/1"}],"replies":[{"embeddable":true,"href":"https:\/\/oui-oui.es\/blog\/wp-json\/wp\/v2\/comments?post=4174"}],"version-history":[{"count":2,"href":"https:\/\/oui-oui.es\/blog\/wp-json\/wp\/v2\/posts\/4174\/revisions"}],"predecessor-version":[{"id":4190,"href":"https:\/\/oui-oui.es\/blog\/wp-json\/wp\/v2\/posts\/4174\/revisions\/4190"}],"wp:featuredmedia":[{"embeddable":true,"href":"https:\/\/oui-oui.es\/blog\/wp-json\/wp\/v2\/media\/4182"}],"wp:attachment":[{"href":"https:\/\/oui-oui.es\/blog\/wp-json\/wp\/v2\/media?parent=4174"}],"wp:term":[{"taxonomy":"category","embeddable":true,"href":"https:\/\/oui-oui.es\/blog\/wp-json\/wp\/v2\/categories?post=4174"},{"taxonomy":"post_tag","embeddable":true,"href":"https:\/\/oui-oui.es\/blog\/wp-json\/wp\/v2\/tags?post=4174"}],"curies":[{"name":"wp","href":"https:\/\/api.w.org\/{rel}","templated":true}]}}