{"id":4208,"date":"2016-04-21T00:15:06","date_gmt":"2016-04-20T22:15:06","guid":{"rendered":"https:\/\/oui-oui.es\/blog\/?p=4208"},"modified":"2016-06-02T14:05:21","modified_gmt":"2016-06-02T12:05:21","slug":"10-marcas-de-ropa-espanolas-para-bebes","status":"publish","type":"post","link":"https:\/\/oui-oui.es\/blog\/10-marcas-de-ropa-espanolas-para-bebes\/","title":{"rendered":"10 marcas de ropa espa\u00f1olas para beb\u00e9s"},"content":{"rendered":"<p>Creo que cada d\u00eda descubro una marca nueva de ropa para beb\u00e9s y ni\u00f1os,espa\u00f1ola o extranjera, se est\u00e1 conviertiendo en una perdici\u00f3n y me encantar\u00eda que Instagram me dejara hacer listas para organizarlas mejor, mientras, he pensado ir haciendo post poco a poco con mis favoritas, empiezo seleccionando 10 marcas espa\u00f1olas que me encantan.<\/p>\n<p><a href=\"http:\/\/www.bebeseraseunavez.com\"><span style=\"text-decoration: underline;\"><strong>\u00c9rase una vez<\/strong><\/span><\/a><\/p>\n<p>Pos sus estampados, en culottes y petos, a buen precio (el a\u00f1o pasado ten\u00eda unos ba\u00f1adores mon\u00edsimos, \u00e9ste a\u00f1o no ha hecho, pero a cambio hay gorritos de playa!), a\u00fan me debato entre el estampado zigzag, los flamencos, las hojas tropicales y las florecitas estilo Liberty&#8230;\u00a1Me gustan todos!<\/p>\n<p><img loading=\"lazy\" decoding=\"async\" class=\"aligncenter size-full wp-image-4221\" src=\"https:\/\/oui-oui.es\/blog\/wp-content\/uploads\/2016\/04\/Oui-Oui-marcas-espa\u00f1olas-ropa-bebe-erase-una-vez-culottes.jpg\" alt=\"Oui Oui-marcas espa\u00f1olas ropa bebe-erase una vez-culottes\" width=\"591\" height=\"570\" srcset=\"https:\/\/oui-oui.es\/blog\/wp-content\/uploads\/2016\/04\/Oui-Oui-marcas-espa\u00f1olas-ropa-bebe-erase-una-vez-culottes.jpg 591w, https:\/\/oui-oui.es\/blog\/wp-content\/uploads\/2016\/04\/Oui-Oui-marcas-espa\u00f1olas-ropa-bebe-erase-una-vez-culottes-300x289.jpg 300w\" sizes=\"auto, (max-width: 591px) 100vw, 591px\" \/><\/p>\n<p><img loading=\"lazy\" decoding=\"async\" class=\"aligncenter size-full wp-image-4220\" src=\"https:\/\/oui-oui.es\/blog\/wp-content\/uploads\/2016\/04\/Oui-Oui-marcas-espa\u00f1olas-ropa-bebe-erase-una-vez-conjuntos-flores.jpg\" alt=\"Oui Oui-marcas espa\u00f1olas ropa bebe-erase una vez-conjuntos flores\" width=\"597\" height=\"588\" srcset=\"https:\/\/oui-oui.es\/blog\/wp-content\/uploads\/2016\/04\/Oui-Oui-marcas-espa\u00f1olas-ropa-bebe-erase-una-vez-conjuntos-flores.jpg 597w, https:\/\/oui-oui.es\/blog\/wp-content\/uploads\/2016\/04\/Oui-Oui-marcas-espa\u00f1olas-ropa-bebe-erase-una-vez-conjuntos-flores-300x295.jpg 300w\" sizes=\"auto, (max-width: 597px) 100vw, 597px\" \/><\/p>\n<p><img loading=\"lazy\" decoding=\"async\" class=\"aligncenter size-full wp-image-4222\" src=\"https:\/\/oui-oui.es\/blog\/wp-content\/uploads\/2016\/04\/Oui-Oui-marcas-espa\u00f1olas-ropa-bebe-erase-una-vez-gorros.jpg\" alt=\"Oui Oui-marcas espa\u00f1olas ropa bebe-erase una vez-gorros\" width=\"596\" height=\"596\" srcset=\"https:\/\/oui-oui.es\/blog\/wp-content\/uploads\/2016\/04\/Oui-Oui-marcas-espa\u00f1olas-ropa-bebe-erase-una-vez-gorros.jpg 596w, https:\/\/oui-oui.es\/blog\/wp-content\/uploads\/2016\/04\/Oui-Oui-marcas-espa\u00f1olas-ropa-bebe-erase-una-vez-gorros-150x150.jpg 150w, https:\/\/oui-oui.es\/blog\/wp-content\/uploads\/2016\/04\/Oui-Oui-marcas-espa\u00f1olas-ropa-bebe-erase-una-vez-gorros-300x300.jpg 300w\" sizes=\"auto, (max-width: 596px) 100vw, 596px\" \/><\/p>\n<p><a href=\"http:\/\/trixikids.com\/es\/\"><span style=\"text-decoration: underline;\"><strong>Trixi Kids<\/strong><\/span><\/a><\/p>\n<p>Me ha conquistado por sus tejidos de lino natural, en azul <em>oxford<\/em>, tostado o gris, con dise\u00f1os sencillos pero estilosos y muy fresquitos,no pude resistirme al modelo Otto en plumetti blanco y a un peto para Frida con pantal\u00f3n a juego para Mart\u00edn.<\/p>\n<p><img loading=\"lazy\" decoding=\"async\" class=\"aligncenter size-large wp-image-4216\" src=\"https:\/\/oui-oui.es\/blog\/wp-content\/uploads\/2016\/04\/Oui-Oui-marcas-espa\u00f1olas-ropa-bebe-trixy-kids-peto-lino-e1460828399853-1024x1024.jpg\" alt=\"Oui Oui-marcas espa\u00f1olas ropa bebe-trixy kids-peto lino\" width=\"1024\" height=\"1024\" srcset=\"https:\/\/oui-oui.es\/blog\/wp-content\/uploads\/2016\/04\/Oui-Oui-marcas-espa\u00f1olas-ropa-bebe-trixy-kids-peto-lino-e1460828399853-1024x1024.jpg 1024w, https:\/\/oui-oui.es\/blog\/wp-content\/uploads\/2016\/04\/Oui-Oui-marcas-espa\u00f1olas-ropa-bebe-trixy-kids-peto-lino-e1460828399853-150x150.jpg 150w, https:\/\/oui-oui.es\/blog\/wp-content\/uploads\/2016\/04\/Oui-Oui-marcas-espa\u00f1olas-ropa-bebe-trixy-kids-peto-lino-e1460828399853-300x300.jpg 300w, https:\/\/oui-oui.es\/blog\/wp-content\/uploads\/2016\/04\/Oui-Oui-marcas-espa\u00f1olas-ropa-bebe-trixy-kids-peto-lino-e1460828399853-768x768.jpg 768w, https:\/\/oui-oui.es\/blog\/wp-content\/uploads\/2016\/04\/Oui-Oui-marcas-espa\u00f1olas-ropa-bebe-trixy-kids-peto-lino-e1460828399853-600x600.jpg 600w\" sizes=\"auto, (max-width: 1024px) 100vw, 1024px\" \/><\/p>\n<p><img loading=\"lazy\" decoding=\"async\" class=\"aligncenter size-full wp-image-4217\" src=\"https:\/\/oui-oui.es\/blog\/wp-content\/uploads\/2016\/04\/Oui-Oui-marcas-espa\u00f1olas-ropa-bebe-trixy-kids-otto-plumetti.jpg\" alt=\"Oui Oui-marcas espa\u00f1olas ropa bebe-trixy kids-otto plumetti\" width=\"475\" height=\"600\" srcset=\"https:\/\/oui-oui.es\/blog\/wp-content\/uploads\/2016\/04\/Oui-Oui-marcas-espa\u00f1olas-ropa-bebe-trixy-kids-otto-plumetti.jpg 475w, https:\/\/oui-oui.es\/blog\/wp-content\/uploads\/2016\/04\/Oui-Oui-marcas-espa\u00f1olas-ropa-bebe-trixy-kids-otto-plumetti-238x300.jpg 238w\" sizes=\"auto, (max-width: 475px) 100vw, 475px\" \/><\/p>\n<p><a href=\"http:\/\/www.jaimolas.com\"><span style=\"text-decoration: underline;\"><strong>Jaimolas<\/strong><\/span><\/a><\/p>\n<p>De estilo cl\u00e1sico renovado, si te gusta algo, no te demores en la compra porque todo vuela rapid\u00edsimo!, yo me qued\u00e9 sin la camisa polo&#8230;<\/p>\n<p><img loading=\"lazy\" decoding=\"async\" class=\"aligncenter size-full wp-image-4209\" src=\"https:\/\/oui-oui.es\/blog\/wp-content\/uploads\/2016\/04\/Oui-Oui-camisa-polo-jaimolas-marcas-espa\u00f1olas-ropa-bebe.jpeg\" alt=\"Oui Oui-camisa polo jaimolas-marcas espa\u00f1olas ropa bebe\" width=\"500\" height=\"750\" srcset=\"https:\/\/oui-oui.es\/blog\/wp-content\/uploads\/2016\/04\/Oui-Oui-camisa-polo-jaimolas-marcas-espa\u00f1olas-ropa-bebe.jpeg 500w, https:\/\/oui-oui.es\/blog\/wp-content\/uploads\/2016\/04\/Oui-Oui-camisa-polo-jaimolas-marcas-espa\u00f1olas-ropa-bebe-200x300.jpeg 200w\" sizes=\"auto, (max-width: 500px) 100vw, 500px\" \/><\/p>\n<p><span style=\"text-decoration: underline;\"><strong>Bonnet a Pompon<\/strong><\/span><\/p>\n<p>Aunque su nombre suene a franc\u00e9s, se trata de una marca espa\u00f1ola que creci\u00f3 r\u00e1pidamente, lo que si que tiene es un aire afrancesado que hace que te chiflen todas sus prendas&#8230;Yo he tenido un flechazo con este conjuntito amarillo para Frida.<\/p>\n<style>.eic-frame-4212 { width: 479px; height:479px; background-color: #444444; border: 0px solid #444444; }.eic-frame-4212 .eic-image { border: 0px solid #444444; }<\/style><div class=\"eic-container\"><div class=\"eic-frame eic-frame-4212 eic-frame-2-row\" data-layout-name=\"2-row\" data-orig-width=\"479\" data-orig-border=\"0\" data-ratio=\"1\"><div class=\"eic-rows\"><div class=\"eic-row eic-child-1\" style=\"top: 0; left: 0; right: 0; bottom: 50%; height: 50%;\"><div class=\"eic-image eic-image-0\" data-size-x=\"479\" data-size-y=\"479\" data-pos-x=\"0\" data-pos-y=\"-120\"><img decoding=\"async\" src=\"https:\/\/oui-oui.es\/blog\/wp-content\/uploads\/2016\/04\/Oui-Oui-jersey-bebe-bonnet-a-pompon-punto-amarillo.jpg\" style=\"width: 479px !important;height: 479px !important;max-width: none !important;max-height: none !important;position: absolute !important;left: 0px !important;top: -120px !important;padding: 0 !important;margin: 0 !important;border: none !important;\" title=\"Oui Oui-jersey-bebe-bonnet-a-pompon-punto-amarillo\" alt=\"Oui Oui-jersey-bebe-bonnet-a-pompon-punto-amarillo\" \/><\/div><\/div><div class=\"eic-row eic-child-2\" style=\"bottom: 0; left: 0; right: 0; top: 50%; height: 50%;\"><div class=\"eic-image eic-image-1\" data-size-x=\"479\" data-size-y=\"479\" data-pos-x=\"0\" data-pos-y=\"-102\"><img decoding=\"async\" src=\"https:\/\/oui-oui.es\/blog\/wp-content\/uploads\/2016\/04\/Oui-Oui-ranita-bebe-bonnet-a-pompon-punto-amarillo-600x600.jpg\" style=\"width: 479px !important;height: 479px !important;max-width: none !important;max-height: none !important;position: absolute !important;left: 0px !important;top: -102px !important;padding: 0 !important;margin: 0 !important;border: none !important;\" title=\"Oui Oui-ranita-bebe-bonnet-a-pompon-punto-amarillo\" alt=\"Oui Oui-ranita-bebe-bonnet-a-pompon-punto-amarillo\" \/><\/div><\/div><\/div><\/div><\/div>\n<p>&nbsp;<\/p>\n<p><span style=\"text-decoration: underline;\"><strong>Nicoli<\/strong><\/span><\/p>\n<p>Conoc\u00eda la marca, pero fue gracias al regalo que una amiga me hizo cuando naci\u00f3 Mart\u00edn que ha hecho que se convierta en una de mis marcas favoritas para tener un par de conjuntos por temporada, este conjunto rosa palo ya es m\u00edo (menos el jersey que lo hizo mi suegra a la que tengo todo el d\u00eda con encarguitos \ud83d\ude09 ).<\/p>\n<p>&nbsp;<\/p>\n<p><a href=\"http:\/\/www.oui-oui.es\/detalles-decoracion-ninos-habitacion-pinterest\/725-jirafa-sophie.html\"><img loading=\"lazy\" decoding=\"async\" class=\"aligncenter size-large wp-image-4215\" src=\"https:\/\/oui-oui.es\/blog\/wp-content\/uploads\/2016\/04\/Oui-Oui-conjunto-rosa-palo-bebe-nicoli-1024x1024.jpg\" alt=\"Oui Oui-conjunto rosa palo-bebe-nicoli\" width=\"1024\" height=\"1024\" srcset=\"https:\/\/oui-oui.es\/blog\/wp-content\/uploads\/2016\/04\/Oui-Oui-conjunto-rosa-palo-bebe-nicoli-1024x1024.jpg 1024w, https:\/\/oui-oui.es\/blog\/wp-content\/uploads\/2016\/04\/Oui-Oui-conjunto-rosa-palo-bebe-nicoli-150x150.jpg 150w, https:\/\/oui-oui.es\/blog\/wp-content\/uploads\/2016\/04\/Oui-Oui-conjunto-rosa-palo-bebe-nicoli-300x300.jpg 300w, https:\/\/oui-oui.es\/blog\/wp-content\/uploads\/2016\/04\/Oui-Oui-conjunto-rosa-palo-bebe-nicoli-768x768.jpg 768w, https:\/\/oui-oui.es\/blog\/wp-content\/uploads\/2016\/04\/Oui-Oui-conjunto-rosa-palo-bebe-nicoli-600x600.jpg 600w\" sizes=\"auto, (max-width: 1024px) 100vw, 1024px\" \/><\/a><\/p>\n<p>Y la blusita con toques dorados tambi\u00e9n me la pido para Frida<\/p>\n<p><img loading=\"lazy\" decoding=\"async\" class=\"aligncenter size-full wp-image-4214\" src=\"https:\/\/oui-oui.es\/blog\/wp-content\/uploads\/2016\/04\/Oui-Oui-blusa-manguita-tul-topos-dorados-bebe-nicoli.jpg\" alt=\"Oui Oui-blusa manguita tul-topos dorados-bebe-nicoli\" width=\"470\" height=\"554\" srcset=\"https:\/\/oui-oui.es\/blog\/wp-content\/uploads\/2016\/04\/Oui-Oui-blusa-manguita-tul-topos-dorados-bebe-nicoli.jpg 470w, https:\/\/oui-oui.es\/blog\/wp-content\/uploads\/2016\/04\/Oui-Oui-blusa-manguita-tul-topos-dorados-bebe-nicoli-255x300.jpg 255w\" sizes=\"auto, (max-width: 470px) 100vw, 470px\" \/><\/p>\n<p>Son un must sus chales y bufanditas<\/p>\n<p><a href=\"https:\/\/poleomentatejiendo.com\/handmade-by-poleomenta\/\"><span style=\"text-decoration: underline;\"><strong>Poleomenta<\/strong><\/span><\/a><\/p>\n<p>Uno de los descubrimientos gracias a Instagram, me encantan sus patuqitos, bueno, en realidad sus conjuntos enteros!<\/p>\n<p><img loading=\"lazy\" decoding=\"async\" class=\"aligncenter size-full wp-image-4219\" src=\"https:\/\/oui-oui.es\/blog\/wp-content\/uploads\/2016\/04\/Oui-Oui-marcas-espa\u00f1olas-ropa-bebe-punto-poleomenta-tejiendo-patucos.jpg\" alt=\"Oui Oui-marcas espa\u00f1olas ropa bebe-punto-poleomenta tejiendo-patucos\" width=\"700\" height=\"527\" srcset=\"https:\/\/oui-oui.es\/blog\/wp-content\/uploads\/2016\/04\/Oui-Oui-marcas-espa\u00f1olas-ropa-bebe-punto-poleomenta-tejiendo-patucos.jpg 700w, https:\/\/oui-oui.es\/blog\/wp-content\/uploads\/2016\/04\/Oui-Oui-marcas-espa\u00f1olas-ropa-bebe-punto-poleomenta-tejiendo-patucos-300x226.jpg 300w, https:\/\/oui-oui.es\/blog\/wp-content\/uploads\/2016\/04\/Oui-Oui-marcas-espa\u00f1olas-ropa-bebe-punto-poleomenta-tejiendo-patucos-600x452.jpg 600w\" sizes=\"auto, (max-width: 700px) 100vw, 700px\" \/><\/p>\n<p><img loading=\"lazy\" decoding=\"async\" class=\"aligncenter size-full wp-image-4218\" src=\"https:\/\/oui-oui.es\/blog\/wp-content\/uploads\/2016\/04\/Oui-Oui-marcas-espa\u00f1olas-ropa-bebe-punto-poleomenta-tejiendo.jpg\" alt=\"Oui Oui-marcas espa\u00f1olas ropa bebe-punto-poleomenta tejiendo\" width=\"700\" height=\"530\" srcset=\"https:\/\/oui-oui.es\/blog\/wp-content\/uploads\/2016\/04\/Oui-Oui-marcas-espa\u00f1olas-ropa-bebe-punto-poleomenta-tejiendo.jpg 700w, https:\/\/oui-oui.es\/blog\/wp-content\/uploads\/2016\/04\/Oui-Oui-marcas-espa\u00f1olas-ropa-bebe-punto-poleomenta-tejiendo-300x227.jpg 300w, https:\/\/oui-oui.es\/blog\/wp-content\/uploads\/2016\/04\/Oui-Oui-marcas-espa\u00f1olas-ropa-bebe-punto-poleomenta-tejiendo-600x454.jpg 600w\" sizes=\"auto, (max-width: 700px) 100vw, 700px\" \/><\/p>\n<p><strong>\u00a0<\/strong><span style=\"text-decoration: underline;\"><strong>Otto and Tula<\/strong><\/span><\/p>\n<p>Una marca handmade sevillana especializada en prendas de punto, sus culottes son puro amor!<\/p>\n<p><img loading=\"lazy\" decoding=\"async\" class=\"aligncenter size-full wp-image-4223\" src=\"https:\/\/oui-oui.es\/blog\/wp-content\/uploads\/2016\/04\/Oui-Oui-marcas-espa\u00f1olas-ropa-bebe-culotte-punto-otto-and-tula.jpg\" alt=\"Oui Oui-marcas espa\u00f1olas ropa bebe-culotte-punto-otto and tula\" width=\"616\" height=\"589\" srcset=\"https:\/\/oui-oui.es\/blog\/wp-content\/uploads\/2016\/04\/Oui-Oui-marcas-espa\u00f1olas-ropa-bebe-culotte-punto-otto-and-tula.jpg 616w, https:\/\/oui-oui.es\/blog\/wp-content\/uploads\/2016\/04\/Oui-Oui-marcas-espa\u00f1olas-ropa-bebe-culotte-punto-otto-and-tula-300x287.jpg 300w, https:\/\/oui-oui.es\/blog\/wp-content\/uploads\/2016\/04\/Oui-Oui-marcas-espa\u00f1olas-ropa-bebe-culotte-punto-otto-and-tula-600x574.jpg 600w\" sizes=\"auto, (max-width: 616px) 100vw, 616px\" \/><\/p>\n<p><span style=\"text-decoration: underline;\"><strong>La se\u00f1orita babies<\/strong><\/span><\/p>\n<p>Marca asturiana con un mont\u00f3n de prendas y complementos diferentes,los estampados de sus culotes son geniales, pero lo que m\u00e1s me gustan son sus camisetas personalizadas (no s\u00f3lo para ni\u00f1os, tambi\u00e9n para mam\u00e1s y pap\u00e1s), adem\u00e1s, tengo que encargarle un chupetero a Frida!<\/p>\n<p><img loading=\"lazy\" decoding=\"async\" class=\"aligncenter size-large wp-image-4224\" src=\"https:\/\/oui-oui.es\/blog\/wp-content\/uploads\/2016\/04\/Oui-Oui-marcas-espa\u00f1olas-ropa-bebe-la-se\u00f1orita-babies-camisetas-pap\u00e1.jpg\" alt=\"Oui Oui-marcas espa\u00f1olas ropa bebe-la se\u00f1orita babies-camisetas pap\u00e1\" width=\"478\" height=\"598\" srcset=\"https:\/\/oui-oui.es\/blog\/wp-content\/uploads\/2016\/04\/Oui-Oui-marcas-espa\u00f1olas-ropa-bebe-la-se\u00f1orita-babies-camisetas-pap\u00e1.jpg 478w, https:\/\/oui-oui.es\/blog\/wp-content\/uploads\/2016\/04\/Oui-Oui-marcas-espa\u00f1olas-ropa-bebe-la-se\u00f1orita-babies-camisetas-pap\u00e1-240x300.jpg 240w\" sizes=\"auto, (max-width: 478px) 100vw, 478px\" \/><\/p>\n<p><img loading=\"lazy\" decoding=\"async\" class=\"aligncenter size-full wp-image-4225\" src=\"https:\/\/oui-oui.es\/blog\/wp-content\/uploads\/2016\/04\/Oui-Oui-marcas-espa\u00f1olas-ropa-bebe-la-se\u00f1orita-babies-portachupete.jpg\" alt=\"Oui Oui-marcas espa\u00f1olas ropa bebe-la se\u00f1orita babies-portachupete\" width=\"596\" height=\"394\" srcset=\"https:\/\/oui-oui.es\/blog\/wp-content\/uploads\/2016\/04\/Oui-Oui-marcas-espa\u00f1olas-ropa-bebe-la-se\u00f1orita-babies-portachupete.jpg 596w, https:\/\/oui-oui.es\/blog\/wp-content\/uploads\/2016\/04\/Oui-Oui-marcas-espa\u00f1olas-ropa-bebe-la-se\u00f1orita-babies-portachupete-300x198.jpg 300w\" sizes=\"auto, (max-width: 596px) 100vw, 596px\" \/><\/p>\n<p><span style=\"text-decoration: underline;\"><strong><a href=\"http:\/\/www.laupers.com\/\">Laupers<\/a><\/strong><\/span><\/p>\n<p>Me han encantado sus vestiditos, en plumeti, algod\u00f3n, de florecitas&#8230;Me gusta todo!, de hecho al principio de este post cre\u00eda que no comprar\u00eda nada hasta el verano que viene cuando ande Frida, pero buscando fotos, voy a caer con esta ranita<\/p>\n<p><img loading=\"lazy\" decoding=\"async\" class=\"aligncenter size-full wp-image-4229\" src=\"https:\/\/oui-oui.es\/blog\/wp-content\/uploads\/2016\/04\/Oui-Oui-marcas-espa\u00f1olas-ropa-bebe-ranita-flores-liberty-laupers-kids.jpg\" alt=\"Oui Oui-marcas espa\u00f1olas ropa bebe-ranita-flores-liberty-laupers-kids\" width=\"500\" height=\"751\" srcset=\"https:\/\/oui-oui.es\/blog\/wp-content\/uploads\/2016\/04\/Oui-Oui-marcas-espa\u00f1olas-ropa-bebe-ranita-flores-liberty-laupers-kids.jpg 500w, https:\/\/oui-oui.es\/blog\/wp-content\/uploads\/2016\/04\/Oui-Oui-marcas-espa\u00f1olas-ropa-bebe-ranita-flores-liberty-laupers-kids-200x300.jpg 200w\" sizes=\"auto, (max-width: 500px) 100vw, 500px\" \/><\/p>\n<p>Este vestido para las m\u00e1s mayores<\/p>\n<p><img loading=\"lazy\" decoding=\"async\" class=\"aligncenter size-full wp-image-4227\" src=\"https:\/\/oui-oui.es\/blog\/wp-content\/uploads\/2016\/04\/Oui-Oui-marcas-espa\u00f1olas-ropa-bebe-vestido-plumetti-laupers-kids.jpg\" alt=\"Oui Oui-marcas espa\u00f1olas ropa bebe-vestido-plumetti-laupers-kids\" width=\"479\" height=\"596\" srcset=\"https:\/\/oui-oui.es\/blog\/wp-content\/uploads\/2016\/04\/Oui-Oui-marcas-espa\u00f1olas-ropa-bebe-vestido-plumetti-laupers-kids.jpg 479w, https:\/\/oui-oui.es\/blog\/wp-content\/uploads\/2016\/04\/Oui-Oui-marcas-espa\u00f1olas-ropa-bebe-vestido-plumetti-laupers-kids-241x300.jpg 241w\" sizes=\"auto, (max-width: 479px) 100vw, 479px\" \/><\/p>\n<p><img loading=\"lazy\" decoding=\"async\" class=\"aligncenter size-full wp-image-4226\" src=\"https:\/\/oui-oui.es\/blog\/wp-content\/uploads\/2016\/04\/Oui-Oui-marcas-espa\u00f1olas-ropa-bebe-vestido-algodon-azul-laupers-kids.jpg\" alt=\"Oui Oui-marcas espa\u00f1olas ropa bebe-vestido-algodon-azul-laupers-kids\" width=\"597\" height=\"596\" srcset=\"https:\/\/oui-oui.es\/blog\/wp-content\/uploads\/2016\/04\/Oui-Oui-marcas-espa\u00f1olas-ropa-bebe-vestido-algodon-azul-laupers-kids.jpg 597w, https:\/\/oui-oui.es\/blog\/wp-content\/uploads\/2016\/04\/Oui-Oui-marcas-espa\u00f1olas-ropa-bebe-vestido-algodon-azul-laupers-kids-150x150.jpg 150w, https:\/\/oui-oui.es\/blog\/wp-content\/uploads\/2016\/04\/Oui-Oui-marcas-espa\u00f1olas-ropa-bebe-vestido-algodon-azul-laupers-kids-300x300.jpg 300w\" sizes=\"auto, (max-width: 597px) 100vw, 597px\" \/><\/p>\n<p>Para el verano que viene me pido este conjunto<\/p>\n<p><img loading=\"lazy\" decoding=\"async\" class=\"aligncenter size-full wp-image-4228\" src=\"https:\/\/oui-oui.es\/blog\/wp-content\/uploads\/2016\/04\/Oui-Oui-marcas-espa\u00f1olas-ropa-bebe-vestido-culotte-bebe-algodon-laupers-kids.jpg\" alt=\"Oui Oui-marcas espa\u00f1olas ropa bebe-vestido-culotte bebe-algodon-laupers-kids\" width=\"601\" height=\"598\" srcset=\"https:\/\/oui-oui.es\/blog\/wp-content\/uploads\/2016\/04\/Oui-Oui-marcas-espa\u00f1olas-ropa-bebe-vestido-culotte-bebe-algodon-laupers-kids.jpg 601w, https:\/\/oui-oui.es\/blog\/wp-content\/uploads\/2016\/04\/Oui-Oui-marcas-espa\u00f1olas-ropa-bebe-vestido-culotte-bebe-algodon-laupers-kids-150x150.jpg 150w, https:\/\/oui-oui.es\/blog\/wp-content\/uploads\/2016\/04\/Oui-Oui-marcas-espa\u00f1olas-ropa-bebe-vestido-culotte-bebe-algodon-laupers-kids-300x300.jpg 300w, https:\/\/oui-oui.es\/blog\/wp-content\/uploads\/2016\/04\/Oui-Oui-marcas-espa\u00f1olas-ropa-bebe-vestido-culotte-bebe-algodon-laupers-kids-600x597.jpg 600w\" sizes=\"auto, (max-width: 601px) 100vw, 601px\" \/><\/p>\n<p><a href=\"http:\/\/www.mymartinamini.blogspot.com.es\">My Martina Mini<\/a><\/p>\n<p>De esta marca me quedo con los petos de punto con pomp\u00f3n de conejito, no me dig\u00e1is que no es ideal!, en el nombre ten\u00e9is el link al blog (no tiene tienda online), pero casi es mejor que la busqu\u00e9is en Instagram @mymartinamini pues as\u00ed pod\u00e9is ver mejor las prendas.<\/p>\n<p><img loading=\"lazy\" decoding=\"async\" class=\"aligncenter size-full wp-image-4230\" src=\"https:\/\/oui-oui.es\/blog\/wp-content\/uploads\/2016\/04\/Oui-Oui-marcas-espa\u00f1olas-ropa-bebe-my-martina-mini-ranita-pompom-conejo.jpg\" alt=\"Oui Oui-marcas espa\u00f1olas ropa bebe-my martina mini-ranita pompom conejo\" width=\"475\" height=\"599\" srcset=\"https:\/\/oui-oui.es\/blog\/wp-content\/uploads\/2016\/04\/Oui-Oui-marcas-espa\u00f1olas-ropa-bebe-my-martina-mini-ranita-pompom-conejo.jpg 475w, https:\/\/oui-oui.es\/blog\/wp-content\/uploads\/2016\/04\/Oui-Oui-marcas-espa\u00f1olas-ropa-bebe-my-martina-mini-ranita-pompom-conejo-238x300.jpg 238w\" sizes=\"auto, (max-width: 475px) 100vw, 475px\" \/><\/p>\n<p>&nbsp;<\/p>\n","protected":false},"excerpt":{"rendered":"<p>Creo que cada d\u00eda descubro una marca nueva de ropa para beb\u00e9s y ni\u00f1os,espa\u00f1ola o extranjera, se est\u00e1 conviertiendo en una perdici\u00f3n y me encantar\u00eda que Instagram me dejara hacer listas para organizarlas mejor, mientras, he pensado ir haciendo post poco a poco con mis favoritas, empiezo seleccionando 10 marcas espa\u00f1olas que me encantan. \u00c9rase [&hellip;]<\/p>\n","protected":false},"author":1,"featured_media":4219,"comment_status":"open","ping_status":"open","sticky":false,"template":"","format":"standard","meta":{"jetpack_post_was_ever_published":false,"_jetpack_newsletter_access":"","_jetpack_dont_email_post_to_subs":false,"_jetpack_newsletter_tier_id":0,"_jetpack_memberships_contains_paywalled_content":false,"_jetpack_memberships_contains_paid_content":false,"footnotes":"","jetpack_publicize_message":"","jetpack_publicize_feature_enabled":true,"jetpack_social_post_already_shared":true,"jetpack_social_options":{"image_generator_settings":{"template":"highway","default_image_id":0,"font":"","enabled":false},"version":2}},"categories":[174],"tags":[700,719],"class_list":["post-4208","post","type-post","status-publish","format-standard","has-post-thumbnail","hentry","category-ninos","tag-compras-bebe","tag-ropa-bebes-y-ninos"],"aioseo_notices":[],"jetpack_publicize_connections":[],"jetpack_featured_media_url":"https:\/\/oui-oui.es\/blog\/wp-content\/uploads\/2016\/04\/Oui-Oui-marcas-espa\u00f1olas-ropa-bebe-punto-poleomenta-tejiendo-patucos.jpg","jetpack_sharing_enabled":true,"jetpack-related-posts":[{"id":4264,"url":"https:\/\/oui-oui.es\/blog\/5-marcas-espanolas-de-ropa-de-bebe\/","url_meta":{"origin":4208,"position":0},"title":"5 marcas espa\u00f1olas de ropa de beb\u00e9","author":"Mar\u00eda \u2665Oui Oui\u2665","date":"6 mayo, 2016","format":false,"excerpt":"Este post es la continuaci\u00f3n del de 10 marcas de ropa espa\u00f1olas para beb\u00e9, cada semana descubro marcas nuevas que me encantan, muchas espa\u00f1olas y otras no, pero me pareci\u00f3 interesante dividirlas as\u00ed, como no me cab\u00edan todas en un post, aqu\u00ed va la segunda tanda ;) Las agujas de\u2026","rel":"","context":"En \u00abMATERNIDAD\u00bb","block_context":{"text":"MATERNIDAD","link":"https:\/\/oui-oui.es\/blog\/category\/maternidad\/"},"img":{"alt_text":"","src":"https:\/\/i0.wp.com\/oui-oui.es\/blog\/wp-content\/uploads\/2016\/05\/Oui-Oui-marcas-espa%C3%B1olas-ropa-bebe-jersey-inicial-las-agujas-de-mama.jpg?resize=350%2C200&ssl=1","width":350,"height":200,"srcset":"https:\/\/i0.wp.com\/oui-oui.es\/blog\/wp-content\/uploads\/2016\/05\/Oui-Oui-marcas-espa%C3%B1olas-ropa-bebe-jersey-inicial-las-agujas-de-mama.jpg?resize=350%2C200&ssl=1 1x, https:\/\/i0.wp.com\/oui-oui.es\/blog\/wp-content\/uploads\/2016\/05\/Oui-Oui-marcas-espa%C3%B1olas-ropa-bebe-jersey-inicial-las-agujas-de-mama.jpg?resize=525%2C300&ssl=1 1.5x"},"classes":[]},{"id":5451,"url":"https:\/\/oui-oui.es\/blog\/baby-bloom-kids-ropa-de-ninos-con-aires-del-sur\/","url_meta":{"origin":4208,"position":1},"title":"Baby Bloom Kids | Ropa de ni\u00f1os con aires del sur","author":"Mar\u00eda \u2665Oui Oui\u2665","date":"26 mayo, 2017","format":false,"excerpt":"\u00a0 Hace unas semanas pude conocer la nueva marca de ropa para ni\u00f1os Baby Bloom Kids, creada por Beatriz Mira Hafner y su madre. La verdad es que me encanta conocer marcas nuevas para comprarle ropa a Mart\u00edn y a Frida\u00a0 un poco diferente a la que vemos todos los\u2026","rel":"","context":"En \u00abNI\u00d1OS Y NI\u00d1AS\u00bb","block_context":{"text":"NI\u00d1OS Y NI\u00d1AS","link":"https:\/\/oui-oui.es\/blog\/category\/ninos\/"},"img":{"alt_text":"","src":"https:\/\/i0.wp.com\/oui-oui.es\/blog\/wp-content\/uploads\/2017\/05\/Oui-Oui-baby-bloom-kids-ropa-ni%C3%B1os-beatriz-mira-hafner-logo.png?resize=350%2C200&ssl=1","width":350,"height":200},"classes":[]},{"id":2359,"url":"https:\/\/oui-oui.es\/blog\/un-trocito-de-verano-por-bonnet-a-pompon\/","url_meta":{"origin":4208,"position":2},"title":"Un trocito de verano por Bonnet \u00e0 Pompon","author":"Mar\u00eda \u2665Oui Oui\u2665","date":"20 mayo, 2015","format":false,"excerpt":"Otra de las marcas de ropa que me encantan para ni\u00f1os es Bonnet \u00e0 Pompon, tanto para beb\u00e9 como para cuando van creciendo, tiene un estilo inconfundible, m\u00e1s bien un estilazo. Los colores, las combinaciones de tejidos, el punto como protagonista y su aire afrancesado, aunque es puramente marca espa\u00f1ola,\u2026","rel":"","context":"En \u00abMATERNIDAD\u00bb","block_context":{"text":"MATERNIDAD","link":"https:\/\/oui-oui.es\/blog\/category\/maternidad\/"},"img":{"alt_text":"","src":"https:\/\/i0.wp.com\/oui-oui.es\/blog\/wp-content\/uploads\/2015\/05\/oui-oui-bonnet-a-pompon-2015-ropa-mona-bebes-verano-3.jpg?resize=350%2C200&ssl=1","width":350,"height":200,"srcset":"https:\/\/i0.wp.com\/oui-oui.es\/blog\/wp-content\/uploads\/2015\/05\/oui-oui-bonnet-a-pompon-2015-ropa-mona-bebes-verano-3.jpg?resize=350%2C200&ssl=1 1x, https:\/\/i0.wp.com\/oui-oui.es\/blog\/wp-content\/uploads\/2015\/05\/oui-oui-bonnet-a-pompon-2015-ropa-mona-bebes-verano-3.jpg?resize=525%2C300&ssl=1 1.5x, https:\/\/i0.wp.com\/oui-oui.es\/blog\/wp-content\/uploads\/2015\/05\/oui-oui-bonnet-a-pompon-2015-ropa-mona-bebes-verano-3.jpg?resize=700%2C400&ssl=1 2x"},"classes":[]},{"id":2341,"url":"https:\/\/oui-oui.es\/blog\/un-verano-en-sainte-claire\/","url_meta":{"origin":4208,"position":3},"title":"Un verano en Sainte Claire","author":"Mar\u00eda \u2665Oui Oui\u2665","date":"12 mayo, 2015","format":false,"excerpt":"Me encanta\u00a0descubrir nuevas marcas de ropa para ni\u00f1os y hace unas semanas me hablaron de Sainte Claire, una marca\u00a0espa\u00f1ola con aire afrancesado que combina a la perfecci\u00f3n un lujo accesible con el estilo cl\u00e1sico de\u00a0toques m\u00e1s atrevidos. Para beb\u00e9s tienen unos conjuntos de punto ideales \u00a0 Aunque sus algodones y\u2026","rel":"","context":"En \u00abMATERNIDAD\u00bb","block_context":{"text":"MATERNIDAD","link":"https:\/\/oui-oui.es\/blog\/category\/maternidad\/"},"img":{"alt_text":"","src":"https:\/\/i0.wp.com\/oui-oui.es\/blog\/wp-content\/uploads\/2015\/05\/oui-oui-sainte-claire-ropa-bebes-con-estilo-7.jpg?resize=350%2C200&ssl=1","width":350,"height":200,"srcset":"https:\/\/i0.wp.com\/oui-oui.es\/blog\/wp-content\/uploads\/2015\/05\/oui-oui-sainte-claire-ropa-bebes-con-estilo-7.jpg?resize=350%2C200&ssl=1 1x, https:\/\/i0.wp.com\/oui-oui.es\/blog\/wp-content\/uploads\/2015\/05\/oui-oui-sainte-claire-ropa-bebes-con-estilo-7.jpg?resize=525%2C300&ssl=1 1.5x, https:\/\/i0.wp.com\/oui-oui.es\/blog\/wp-content\/uploads\/2015\/05\/oui-oui-sainte-claire-ropa-bebes-con-estilo-7.jpg?resize=700%2C400&ssl=1 2x, https:\/\/i0.wp.com\/oui-oui.es\/blog\/wp-content\/uploads\/2015\/05\/oui-oui-sainte-claire-ropa-bebes-con-estilo-7.jpg?resize=1050%2C600&ssl=1 3x, https:\/\/i0.wp.com\/oui-oui.es\/blog\/wp-content\/uploads\/2015\/05\/oui-oui-sainte-claire-ropa-bebes-con-estilo-7.jpg?resize=1400%2C800&ssl=1 4x"},"classes":[]},{"id":8868,"url":"https:\/\/oui-oui.es\/blog\/olivia-ann-moda-infantil-espanola-triunfando-en-australia\/","url_meta":{"origin":4208,"position":4},"title":"Olivia Ann | Moda infantil espa\u00f1ola triunfando en Australia","author":"Mar\u00eda \u2665Oui Oui\u2665","date":"2 marzo, 2018","format":false,"excerpt":"Seguro que los que hab\u00e9is vivido fuera de Espa\u00f1a hab\u00e9is notado lo mucho que valoran en el extranjero much\u00edsimas cosas de aqu\u00ed, desde la gastronom\u00eda a la moda, especialmente la moda infantil. Mi cu\u00f1ada es de fuera y siempre que viene se lleva ropa para sus sobrinos, ya sea para\u2026","rel":"","context":"En \u00abEMPRENDEDORAS\u00bb","block_context":{"text":"EMPRENDEDORAS","link":"https:\/\/oui-oui.es\/blog\/category\/mentoring-emprendedores\/"},"img":{"alt_text":"","src":"https:\/\/i0.wp.com\/oui-oui.es\/blog\/wp-content\/uploads\/2018\/03\/Oui-Oui-olivia-ann-spanish-kids-fashion-australia-vender-ropa-infantil-en-australia.jpg?resize=350%2C200&ssl=1","width":350,"height":200,"srcset":"https:\/\/i0.wp.com\/oui-oui.es\/blog\/wp-content\/uploads\/2018\/03\/Oui-Oui-olivia-ann-spanish-kids-fashion-australia-vender-ropa-infantil-en-australia.jpg?resize=350%2C200&ssl=1 1x, https:\/\/i0.wp.com\/oui-oui.es\/blog\/wp-content\/uploads\/2018\/03\/Oui-Oui-olivia-ann-spanish-kids-fashion-australia-vender-ropa-infantil-en-australia.jpg?resize=525%2C300&ssl=1 1.5x"},"classes":[]},{"id":3692,"url":"https:\/\/oui-oui.es\/blog\/jaimolas-moda-infantil-de-0-a-10\/","url_meta":{"origin":4208,"position":5},"title":"Jaimolas | moda infantil de 0 a 10","author":"Mar\u00eda \u2665Oui Oui\u2665","date":"9 noviembre, 2015","format":false,"excerpt":"\u00a1Por fin! ya tenemos online la colecci\u00f3n de Jaimolas y no puede ser m\u00e1s ideal; ropa para beb\u00e9s, ni\u00f1os y ni\u00f1as hasta 10 a\u00f1os, de corte cl\u00e1sico pero con toques actuales que la hacen s\u00faper ponible y, lo mejor, que detr\u00e1s de esta marca est\u00e1 una s\u00faper mam\u00e1 emprendedora con\u2026","rel":"","context":"En \u00abNI\u00d1OS Y NI\u00d1AS\u00bb","block_context":{"text":"NI\u00d1OS Y NI\u00d1AS","link":"https:\/\/oui-oui.es\/blog\/category\/ninos\/"},"img":{"alt_text":"","src":"https:\/\/i0.wp.com\/oui-oui.es\/blog\/wp-content\/uploads\/2015\/11\/Oui-Oui-ropa-bebe-mona-jaimolas.jpeg?resize=350%2C200&ssl=1","width":350,"height":200},"classes":[]}],"_links":{"self":[{"href":"https:\/\/oui-oui.es\/blog\/wp-json\/wp\/v2\/posts\/4208","targetHints":{"allow":["GET"]}}],"collection":[{"href":"https:\/\/oui-oui.es\/blog\/wp-json\/wp\/v2\/posts"}],"about":[{"href":"https:\/\/oui-oui.es\/blog\/wp-json\/wp\/v2\/types\/post"}],"author":[{"embeddable":true,"href":"https:\/\/oui-oui.es\/blog\/wp-json\/wp\/v2\/users\/1"}],"replies":[{"embeddable":true,"href":"https:\/\/oui-oui.es\/blog\/wp-json\/wp\/v2\/comments?post=4208"}],"version-history":[{"count":2,"href":"https:\/\/oui-oui.es\/blog\/wp-json\/wp\/v2\/posts\/4208\/revisions"}],"predecessor-version":[{"id":4396,"href":"https:\/\/oui-oui.es\/blog\/wp-json\/wp\/v2\/posts\/4208\/revisions\/4396"}],"wp:featuredmedia":[{"embeddable":true,"href":"https:\/\/oui-oui.es\/blog\/wp-json\/wp\/v2\/media\/4219"}],"wp:attachment":[{"href":"https:\/\/oui-oui.es\/blog\/wp-json\/wp\/v2\/media?parent=4208"}],"wp:term":[{"taxonomy":"category","embeddable":true,"href":"https:\/\/oui-oui.es\/blog\/wp-json\/wp\/v2\/categories?post=4208"},{"taxonomy":"post_tag","embeddable":true,"href":"https:\/\/oui-oui.es\/blog\/wp-json\/wp\/v2\/tags?post=4208"}],"curies":[{"name":"wp","href":"https:\/\/api.w.org\/{rel}","templated":true}]}}