{"id":4232,"date":"2016-04-26T00:15:37","date_gmt":"2016-04-25T22:15:37","guid":{"rendered":"https:\/\/oui-oui.es\/blog\/?p=4232"},"modified":"2016-04-26T00:11:42","modified_gmt":"2016-04-25T22:11:42","slug":"las-puertas-del-ratoncito-de-este-ano","status":"publish","type":"post","link":"https:\/\/oui-oui.es\/blog\/las-puertas-del-ratoncito-de-este-ano\/","title":{"rendered":"Las puertas del ratoncito de este a\u00f1o"},"content":{"rendered":"<p>Mi intenci\u00f3n era ense\u00f1aros una selecci\u00f3n de las <strong>puertas para el ratoncito P\u00e9rez<\/strong> que hacemos cada mes, pero lo cierto es que vamos a mil con los pedidos y seg\u00fan las trae mi padre a la oficina salen corriendo hacia vuetsras casas y muchas veces no me da tiempo a hacer ni una foto&#8230;Con lo que me gustar\u00eda tener una foto de cada!<\/p>\n<p>En este post os mostrar\u00e9 alguna de las m\u00e1s especiales de los \u00faltimos meses y me pongo como objetivo volver a ense\u00f1\u00e1roslas cada mes!!<\/p>\n<p>Sin duda una de las cosas que m\u00e1s \u00e9xito ha tenido y que nos hace sentirnos s\u00faper contentos es el <strong>ponerle nombre a las puertas<\/strong>, una empresa madrile\u00f1a fabrica las letras para nosotros y, aunque es un trabajo muy minucioso, estamos felices de que pod\u00e1is tener vuestra <strong>puerta del ratoncito personalizada<\/strong> hasta el \u00faltimo detalle.<\/p>\n<p><a href=\"http:\/\/www.oui-oui.es\/29-puertas-ratoncito-perez\"><img loading=\"lazy\" decoding=\"async\" class=\"aligncenter size-large wp-image-4234\" src=\"https:\/\/oui-oui.es\/blog\/wp-content\/uploads\/2016\/04\/Oui-Oui-puerta-ratoncito-Perez-nombres-inglesa-doble-color-1024x768.jpg\" alt=\"Oui Oui-puerta ratoncito Perez-nombres-inglesa doble color\" width=\"1024\" height=\"768\" srcset=\"https:\/\/oui-oui.es\/blog\/wp-content\/uploads\/2016\/04\/Oui-Oui-puerta-ratoncito-Perez-nombres-inglesa-doble-color-1024x768.jpg 1024w, https:\/\/oui-oui.es\/blog\/wp-content\/uploads\/2016\/04\/Oui-Oui-puerta-ratoncito-Perez-nombres-inglesa-doble-color-300x225.jpg 300w, https:\/\/oui-oui.es\/blog\/wp-content\/uploads\/2016\/04\/Oui-Oui-puerta-ratoncito-Perez-nombres-inglesa-doble-color-768x576.jpg 768w, https:\/\/oui-oui.es\/blog\/wp-content\/uploads\/2016\/04\/Oui-Oui-puerta-ratoncito-Perez-nombres-inglesa-doble-color-600x450.jpg 600w\" sizes=\"auto, (max-width: 1024px) 100vw, 1024px\" \/><\/a><\/p>\n<p><a href=\"http:\/\/www.oui-oui.es\/29-puertas-ratoncito-perez\"><img loading=\"lazy\" decoding=\"async\" class=\"aligncenter size-large wp-image-4236\" src=\"https:\/\/oui-oui.es\/blog\/wp-content\/uploads\/2016\/04\/Oui-Oui-puerta-ratoncito-perez-rosa-y-blanca-Elvira-1024x1024.jpg\" alt=\"Oui Oui-puerta ratoncito perez-rosa y blanca-Elvira\" width=\"1024\" height=\"1024\" srcset=\"https:\/\/oui-oui.es\/blog\/wp-content\/uploads\/2016\/04\/Oui-Oui-puerta-ratoncito-perez-rosa-y-blanca-Elvira-1024x1024.jpg 1024w, https:\/\/oui-oui.es\/blog\/wp-content\/uploads\/2016\/04\/Oui-Oui-puerta-ratoncito-perez-rosa-y-blanca-Elvira-150x150.jpg 150w, https:\/\/oui-oui.es\/blog\/wp-content\/uploads\/2016\/04\/Oui-Oui-puerta-ratoncito-perez-rosa-y-blanca-Elvira-300x300.jpg 300w, https:\/\/oui-oui.es\/blog\/wp-content\/uploads\/2016\/04\/Oui-Oui-puerta-ratoncito-perez-rosa-y-blanca-Elvira-768x768.jpg 768w, https:\/\/oui-oui.es\/blog\/wp-content\/uploads\/2016\/04\/Oui-Oui-puerta-ratoncito-perez-rosa-y-blanca-Elvira-600x600.jpg 600w\" sizes=\"auto, (max-width: 1024px) 100vw, 1024px\" \/><\/a><\/p>\n<p><a href=\"http:\/\/www.oui-oui.es\/29-puertas-ratoncito-perez\"><img loading=\"lazy\" decoding=\"async\" class=\"aligncenter size-large wp-image-4235\" src=\"https:\/\/oui-oui.es\/blog\/wp-content\/uploads\/2016\/04\/Oui-Oui-puerta-ratoncito-perez-puerta-raton-perez-dream-big-1024x1024.jpg\" alt=\"Oui Oui-puerta ratoncito perez-puerta-raton-perez-dream big\" width=\"1024\" height=\"1024\" srcset=\"https:\/\/oui-oui.es\/blog\/wp-content\/uploads\/2016\/04\/Oui-Oui-puerta-ratoncito-perez-puerta-raton-perez-dream-big-1024x1024.jpg 1024w, https:\/\/oui-oui.es\/blog\/wp-content\/uploads\/2016\/04\/Oui-Oui-puerta-ratoncito-perez-puerta-raton-perez-dream-big-150x150.jpg 150w, https:\/\/oui-oui.es\/blog\/wp-content\/uploads\/2016\/04\/Oui-Oui-puerta-ratoncito-perez-puerta-raton-perez-dream-big-300x300.jpg 300w, https:\/\/oui-oui.es\/blog\/wp-content\/uploads\/2016\/04\/Oui-Oui-puerta-ratoncito-perez-puerta-raton-perez-dream-big-768x768.jpg 768w, https:\/\/oui-oui.es\/blog\/wp-content\/uploads\/2016\/04\/Oui-Oui-puerta-ratoncito-perez-puerta-raton-perez-dream-big-600x600.jpg 600w\" sizes=\"auto, (max-width: 1024px) 100vw, 1024px\" \/><\/a><\/p>\n<p>Tambi\u00e9n os gustan mucho las tem\u00e1ticas; <strong>la puerta de Spiderman<\/strong> se lleva la palma \ud83d\ude09<\/p>\n<p><img loading=\"lazy\" decoding=\"async\" class=\"aligncenter size-large wp-image-4238\" src=\"https:\/\/oui-oui.es\/blog\/wp-content\/uploads\/2016\/04\/Oui-Oui-puerta-ratoncito-perez-spiderman-1024x1024.jpg\" alt=\"Oui Oui-puerta ratoncito perez-spiderman\" width=\"1024\" height=\"1024\" srcset=\"https:\/\/oui-oui.es\/blog\/wp-content\/uploads\/2016\/04\/Oui-Oui-puerta-ratoncito-perez-spiderman-1024x1024.jpg 1024w, https:\/\/oui-oui.es\/blog\/wp-content\/uploads\/2016\/04\/Oui-Oui-puerta-ratoncito-perez-spiderman-150x150.jpg 150w, https:\/\/oui-oui.es\/blog\/wp-content\/uploads\/2016\/04\/Oui-Oui-puerta-ratoncito-perez-spiderman-300x300.jpg 300w, https:\/\/oui-oui.es\/blog\/wp-content\/uploads\/2016\/04\/Oui-Oui-puerta-ratoncito-perez-spiderman-768x768.jpg 768w, https:\/\/oui-oui.es\/blog\/wp-content\/uploads\/2016\/04\/Oui-Oui-puerta-ratoncito-perez-spiderman-600x600.jpg 600w\" sizes=\"auto, (max-width: 1024px) 100vw, 1024px\" \/><\/p>\n<p>La puerta del ratoncito del arcoiris sigue siendo una de las m\u00e1s especiales<\/p>\n<p><a href=\"http:\/\/www.oui-oui.es\/29-puertas-ratoncito-perez\"><img loading=\"lazy\" decoding=\"async\" class=\"aligncenter size-large wp-image-4233\" src=\"https:\/\/oui-oui.es\/blog\/wp-content\/uploads\/2016\/04\/Oui-Oui-puerta-ratoncito-P\u00e9rez-arcoiris-1024x1024.jpg\" alt=\"Oui Oui-puerta ratoncito P\u00e9rez-arcoiris\" width=\"1024\" height=\"1024\" srcset=\"https:\/\/oui-oui.es\/blog\/wp-content\/uploads\/2016\/04\/Oui-Oui-puerta-ratoncito-P\u00e9rez-arcoiris-1024x1024.jpg 1024w, https:\/\/oui-oui.es\/blog\/wp-content\/uploads\/2016\/04\/Oui-Oui-puerta-ratoncito-P\u00e9rez-arcoiris-150x150.jpg 150w, https:\/\/oui-oui.es\/blog\/wp-content\/uploads\/2016\/04\/Oui-Oui-puerta-ratoncito-P\u00e9rez-arcoiris-300x300.jpg 300w, https:\/\/oui-oui.es\/blog\/wp-content\/uploads\/2016\/04\/Oui-Oui-puerta-ratoncito-P\u00e9rez-arcoiris-768x768.jpg 768w, https:\/\/oui-oui.es\/blog\/wp-content\/uploads\/2016\/04\/Oui-Oui-puerta-ratoncito-P\u00e9rez-arcoiris-600x600.jpg 600w\" sizes=\"auto, (max-width: 1024px) 100vw, 1024px\" \/><\/a><\/p>\n<p>Tambi\u00e9n quisimos hacerle un homenaje a una puerta londinense que hay en Portland Road, Londres es una gran inspiraci\u00f3n!<\/p>\n<p><a href=\"http:\/\/www.oui-oui.es\/29-puertas-ratoncito-perez\"><img loading=\"lazy\" decoding=\"async\" class=\"aligncenter size-large wp-image-4242\" src=\"https:\/\/oui-oui.es\/blog\/wp-content\/uploads\/2016\/04\/Oui-Oui-puerta-raton-perez-ojos-portland-road-londres-1-1024x1024.jpg\" alt=\"Oui Oui-puerta-raton-perez-ojos-portland road-londres\" width=\"1024\" height=\"1024\" srcset=\"https:\/\/oui-oui.es\/blog\/wp-content\/uploads\/2016\/04\/Oui-Oui-puerta-raton-perez-ojos-portland-road-londres-1-1024x1024.jpg 1024w, https:\/\/oui-oui.es\/blog\/wp-content\/uploads\/2016\/04\/Oui-Oui-puerta-raton-perez-ojos-portland-road-londres-1-150x150.jpg 150w, https:\/\/oui-oui.es\/blog\/wp-content\/uploads\/2016\/04\/Oui-Oui-puerta-raton-perez-ojos-portland-road-londres-1-300x300.jpg 300w, https:\/\/oui-oui.es\/blog\/wp-content\/uploads\/2016\/04\/Oui-Oui-puerta-raton-perez-ojos-portland-road-londres-1-768x768.jpg 768w, https:\/\/oui-oui.es\/blog\/wp-content\/uploads\/2016\/04\/Oui-Oui-puerta-raton-perez-ojos-portland-road-londres-1-600x600.jpg 600w, https:\/\/oui-oui.es\/blog\/wp-content\/uploads\/2016\/04\/Oui-Oui-puerta-raton-perez-ojos-portland-road-londres-1.jpg 1125w\" sizes=\"auto, (max-width: 1024px) 100vw, 1024px\" \/><\/a><\/p>\n<p>De todas las fotos de las puertas del ratoncito que compart\u00eds (recordad que pod\u00e9is hacerlo con el #puertasratoncitop\u00e9rezouioui ) aqu\u00ed ten\u00e9is a dos de las m\u00e1s chulas, aunque \u00a1hay muchas m\u00e1s donde elegir!<\/p>\n<p><a href=\"http:\/\/www.oui-oui.es\/29-puertas-ratoncito-perez\"><img loading=\"lazy\" decoding=\"async\" class=\"aligncenter size-large wp-image-4240\" src=\"https:\/\/oui-oui.es\/blog\/wp-content\/uploads\/2016\/04\/Oui-Oui-puerta-ratoncito-p\u00e9rez-victoriana-roja-arbolito-1024x1024.jpg\" alt=\"Oui Oui-puerta ratoncito p\u00e9rez-victoriana roja-arbolito\" width=\"1024\" height=\"1024\" srcset=\"https:\/\/oui-oui.es\/blog\/wp-content\/uploads\/2016\/04\/Oui-Oui-puerta-ratoncito-p\u00e9rez-victoriana-roja-arbolito-1024x1024.jpg 1024w, https:\/\/oui-oui.es\/blog\/wp-content\/uploads\/2016\/04\/Oui-Oui-puerta-ratoncito-p\u00e9rez-victoriana-roja-arbolito-150x150.jpg 150w, https:\/\/oui-oui.es\/blog\/wp-content\/uploads\/2016\/04\/Oui-Oui-puerta-ratoncito-p\u00e9rez-victoriana-roja-arbolito-300x300.jpg 300w, https:\/\/oui-oui.es\/blog\/wp-content\/uploads\/2016\/04\/Oui-Oui-puerta-ratoncito-p\u00e9rez-victoriana-roja-arbolito-768x768.jpg 768w, https:\/\/oui-oui.es\/blog\/wp-content\/uploads\/2016\/04\/Oui-Oui-puerta-ratoncito-p\u00e9rez-victoriana-roja-arbolito-600x600.jpg 600w, https:\/\/oui-oui.es\/blog\/wp-content\/uploads\/2016\/04\/Oui-Oui-puerta-ratoncito-p\u00e9rez-victoriana-roja-arbolito.jpg 1125w\" sizes=\"auto, (max-width: 1024px) 100vw, 1024px\" \/><\/a> <a href=\"(recordad que pod\u00e9is hacerlo con el #puertasratoncitop\u00e9rezouioui ) aqu\u00ed ten\u00e9is a dos de las m\u00e1s chulas, aunque \u00a1hay muchas m\u00e1s donde elegir!\"><img loading=\"lazy\" decoding=\"async\" class=\"aligncenter size-large wp-image-4239\" src=\"https:\/\/oui-oui.es\/blog\/wp-content\/uploads\/2016\/04\/Oui-Oui-puerta-ratoncito-p\u00e9rez-verde-gris\u00e1ceo-sombra-ratoncito-1024x1024.jpg\" alt=\"Oui Oui-puerta ratoncito p\u00e9rez-verde gris\u00e1ceo-sombra ratoncito\" width=\"1024\" height=\"1024\" srcset=\"https:\/\/oui-oui.es\/blog\/wp-content\/uploads\/2016\/04\/Oui-Oui-puerta-ratoncito-p\u00e9rez-verde-gris\u00e1ceo-sombra-ratoncito-1024x1024.jpg 1024w, https:\/\/oui-oui.es\/blog\/wp-content\/uploads\/2016\/04\/Oui-Oui-puerta-ratoncito-p\u00e9rez-verde-gris\u00e1ceo-sombra-ratoncito-150x150.jpg 150w, https:\/\/oui-oui.es\/blog\/wp-content\/uploads\/2016\/04\/Oui-Oui-puerta-ratoncito-p\u00e9rez-verde-gris\u00e1ceo-sombra-ratoncito-300x300.jpg 300w, https:\/\/oui-oui.es\/blog\/wp-content\/uploads\/2016\/04\/Oui-Oui-puerta-ratoncito-p\u00e9rez-verde-gris\u00e1ceo-sombra-ratoncito-768x768.jpg 768w, https:\/\/oui-oui.es\/blog\/wp-content\/uploads\/2016\/04\/Oui-Oui-puerta-ratoncito-p\u00e9rez-verde-gris\u00e1ceo-sombra-ratoncito-600x600.jpg 600w, https:\/\/oui-oui.es\/blog\/wp-content\/uploads\/2016\/04\/Oui-Oui-puerta-ratoncito-p\u00e9rez-verde-gris\u00e1ceo-sombra-ratoncito.jpg 1265w\" sizes=\"auto, (max-width: 1024px) 100vw, 1024px\" \/><\/a><\/p>\n<p>Ah! y una curiosidad&#8230;En abril <strong>enviamos nuestra primera puerta del ratoncito a Jap\u00f3n!!<\/strong> y a una persona japonesa, no espa\u00f1ola \u00a1estamos deseando que nos mande la foto!<\/p>\n<p>&#8230;Hasta las puertas de mayo \ud83d\ude09<\/p>\n","protected":false},"excerpt":{"rendered":"<p>Mi intenci\u00f3n era ense\u00f1aros una selecci\u00f3n de las puertas para el ratoncito P\u00e9rez que hacemos cada mes, pero lo cierto es que vamos a mil con los pedidos y seg\u00fan las trae mi padre a la oficina salen corriendo hacia vuetsras casas y muchas veces no me da tiempo a hacer ni una foto&#8230;Con lo [&hellip;]<\/p>\n","protected":false},"author":1,"featured_media":4235,"comment_status":"open","ping_status":"open","sticky":false,"template":"","format":"standard","meta":{"jetpack_post_was_ever_published":false,"_jetpack_newsletter_access":"","_jetpack_dont_email_post_to_subs":false,"_jetpack_newsletter_tier_id":0,"_jetpack_memberships_contains_paywalled_content":false,"_jetpack_memberships_contains_paid_content":false,"footnotes":"","jetpack_publicize_message":"","jetpack_publicize_feature_enabled":true,"jetpack_social_post_already_shared":true,"jetpack_social_options":{"image_generator_settings":{"template":"highway","default_image_id":0,"font":"","enabled":false},"version":2}},"categories":[174,18],"tags":[340],"class_list":["post-4232","post","type-post","status-publish","format-standard","has-post-thumbnail","hentry","category-ninos","category-regalos-originales-para-ninos","tag-puertas-ratoncito-perez"],"aioseo_notices":[],"jetpack_publicize_connections":[],"jetpack_featured_media_url":"https:\/\/oui-oui.es\/blog\/wp-content\/uploads\/2016\/04\/Oui-Oui-puerta-ratoncito-perez-puerta-raton-perez-dream-big.jpg","jetpack_sharing_enabled":true,"jetpack-related-posts":[{"id":2716,"url":"https:\/\/oui-oui.es\/blog\/las-puertas-del-ratoncito-perez-de-junio\/","url_meta":{"origin":4232,"position":0},"title":"Las puertas del ratoncito P\u00e9rez de junio","author":"Mar\u00eda \u2665Oui Oui\u2665","date":"2 julio, 2015","format":false,"excerpt":"Como cada mes, me gusta mostraros las puertas para el ratoncito P\u00e9rez m\u00e1s caracter\u00edsticas, este mes de juno hemos hecho algunas muy especiales, pero lo que m\u00e1s me ha llamado la atenci\u00f3n han sido los destinos hacia donde iban. Hasta este paraje espectcular llegaron dos puertas para el ratoncito (Islas\u2026","rel":"","context":"En \u00abNI\u00d1OS Y NI\u00d1AS\u00bb","block_context":{"text":"NI\u00d1OS Y NI\u00d1AS","link":"https:\/\/oui-oui.es\/blog\/category\/ninos\/"},"img":{"alt_text":"","src":"https:\/\/i0.wp.com\/oui-oui.es\/blog\/wp-content\/uploads\/Oui-Oui-puerta-ratoncito-P%C3%A9rez-Orgullo-Gay.jpg?resize=350%2C200&ssl=1","width":350,"height":200,"srcset":"https:\/\/i0.wp.com\/oui-oui.es\/blog\/wp-content\/uploads\/Oui-Oui-puerta-ratoncito-P%C3%A9rez-Orgullo-Gay.jpg?resize=350%2C200&ssl=1 1x, https:\/\/i0.wp.com\/oui-oui.es\/blog\/wp-content\/uploads\/Oui-Oui-puerta-ratoncito-P%C3%A9rez-Orgullo-Gay.jpg?resize=525%2C300&ssl=1 1.5x"},"classes":[]},{"id":10866,"url":"https:\/\/oui-oui.es\/blog\/algunas-puertas-del-ratoncito-perez-de-mayo\/","url_meta":{"origin":4232,"position":1},"title":"Algunas puertas del ratoncito P\u00e9rez de mayo","author":"Mar\u00eda \u2665Oui Oui\u2665","date":"21 mayo, 2024","format":false,"excerpt":"Algunas de las Puertas para el Ratoncito P\u00e9rez que hemos hecho en el \u00faltimo mes.","rel":"","context":"En \u00abPUERTAS RATONCITO P\u00c9REZ\u00bb","block_context":{"text":"PUERTAS RATONCITO P\u00c9REZ","link":"https:\/\/oui-oui.es\/blog\/category\/puertas-para-el-ratoncito-perez\/"},"img":{"alt_text":"","src":"https:\/\/i0.wp.com\/oui-oui.es\/blog\/wp-content\/uploads\/2024\/05\/Oui-Oui-Puerta-Ratoncito-Perez-Ratoncitos-Maileg-Autenticas-Puertas-Ratoncito-Perez-6-scaled.jpg?resize=350%2C200&ssl=1","width":350,"height":200,"srcset":"https:\/\/i0.wp.com\/oui-oui.es\/blog\/wp-content\/uploads\/2024\/05\/Oui-Oui-Puerta-Ratoncito-Perez-Ratoncitos-Maileg-Autenticas-Puertas-Ratoncito-Perez-6-scaled.jpg?resize=350%2C200&ssl=1 1x, https:\/\/i0.wp.com\/oui-oui.es\/blog\/wp-content\/uploads\/2024\/05\/Oui-Oui-Puerta-Ratoncito-Perez-Ratoncitos-Maileg-Autenticas-Puertas-Ratoncito-Perez-6-scaled.jpg?resize=525%2C300&ssl=1 1.5x, https:\/\/i0.wp.com\/oui-oui.es\/blog\/wp-content\/uploads\/2024\/05\/Oui-Oui-Puerta-Ratoncito-Perez-Ratoncitos-Maileg-Autenticas-Puertas-Ratoncito-Perez-6-scaled.jpg?resize=700%2C400&ssl=1 2x, https:\/\/i0.wp.com\/oui-oui.es\/blog\/wp-content\/uploads\/2024\/05\/Oui-Oui-Puerta-Ratoncito-Perez-Ratoncitos-Maileg-Autenticas-Puertas-Ratoncito-Perez-6-scaled.jpg?resize=1050%2C600&ssl=1 3x, https:\/\/i0.wp.com\/oui-oui.es\/blog\/wp-content\/uploads\/2024\/05\/Oui-Oui-Puerta-Ratoncito-Perez-Ratoncitos-Maileg-Autenticas-Puertas-Ratoncito-Perez-6-scaled.jpg?resize=1400%2C800&ssl=1 4x"},"classes":[]},{"id":1971,"url":"https:\/\/oui-oui.es\/blog\/las-puertas-del-ratoncito-perez-en-febrero\/","url_meta":{"origin":4232,"position":2},"title":"Las puertas del ratoncito P\u00e9rez en febrero","author":"Mar\u00eda \u2665Oui Oui\u2665","date":"3 marzo, 2015","format":false,"excerpt":"Cada d\u00eda tenemos pedidos diferentes de las puertas del ratoncito P\u00e9rez y la verdad es que nos encantan aquellos especialmente diferentes, por el color que ped\u00eds, por la historia que hay detr\u00e1s o por la composici\u00f3n que hago para la foto. As\u00ed que me he propuesto compartir con vosotros aquellas\u2026","rel":"","context":"En \u00abPUERTAS RATONCITO P\u00c9REZ\u00bb","block_context":{"text":"PUERTAS RATONCITO P\u00c9REZ","link":"https:\/\/oui-oui.es\/blog\/category\/puertas-para-el-ratoncito-perez\/"},"img":{"alt_text":"","src":"https:\/\/i0.wp.com\/oui-oui.es\/blog\/wp-content\/uploads\/2015\/03\/oui-oui-puerta-ratoncito-perez-mint-nutella.jpg?resize=350%2C200&ssl=1","width":350,"height":200,"srcset":"https:\/\/i0.wp.com\/oui-oui.es\/blog\/wp-content\/uploads\/2015\/03\/oui-oui-puerta-ratoncito-perez-mint-nutella.jpg?resize=350%2C200&ssl=1 1x, https:\/\/i0.wp.com\/oui-oui.es\/blog\/wp-content\/uploads\/2015\/03\/oui-oui-puerta-ratoncito-perez-mint-nutella.jpg?resize=525%2C300&ssl=1 1.5x"},"classes":[]},{"id":2495,"url":"https:\/\/oui-oui.es\/blog\/las-puertas-del-ratoncito-perez-de-mayo\/","url_meta":{"origin":4232,"position":3},"title":"Las puertas del ratoncito P\u00e9rez de mayo","author":"Mar\u00eda \u2665Oui Oui\u2665","date":"1 junio, 2015","format":false,"excerpt":"\u00a0 Creo que me he saltado un par de meses porque hemos tenido mucho l\u00edo, pero no quer\u00eda dejar de ense\u00f1aros por aqu\u00ed alguna de las puertas para el ratoncito P\u00e9rez que hemos hecho este mes, como sab\u00e9is, las hacemos personalizadas\u00a0con el n\u00famero o nombre que quer\u00e1is, as\u00ed como con\u2026","rel":"","context":"En \u00abNI\u00d1OS Y NI\u00d1AS\u00bb","block_context":{"text":"NI\u00d1OS Y NI\u00d1AS","link":"https:\/\/oui-oui.es\/blog\/category\/ninos\/"},"img":{"alt_text":"","src":"https:\/\/i0.wp.com\/oui-oui.es\/blog\/wp-content\/uploads\/2015\/06\/oui-oui-edicion-especial-puerta-ratocnito-pc3a9rez-san-isidro-puerta-chulapa.jpg?resize=350%2C200&ssl=1","width":350,"height":200},"classes":[]},{"id":10003,"url":"https:\/\/oui-oui.es\/blog\/la-puerta-del-ratoncito-perez-de-friends\/","url_meta":{"origin":4232,"position":4},"title":"La puerta del ratoncito P\u00e9rez de Friends","author":"Mar\u00eda \u2665Oui Oui\u2665","date":"22 julio, 2019","format":false,"excerpt":"Soy s\u00faper fan de Friends, recuerdo cuando me descubri\u00f3 la serie mi amigo Miguel en el instituto y c\u00f3mo me enganch\u00e9 a verla a medio d\u00eda y luego la vi durante a\u00f1os como plan cuando nos qued\u00e1bamos en casa. Me llev\u00e9 una decepci\u00f3n cuando fui a New York y descubr\u00ed\u2026","rel":"","context":"En \u00abA un hombre\/ novio\/ marido\/ padre\u00bb","block_context":{"text":"A un hombre\/ novio\/ marido\/ padre","link":"https:\/\/oui-oui.es\/blog\/category\/no-se-que-regalar\/a-un-hombrenoviomaridopadre\/"},"img":{"alt_text":"","src":"https:\/\/i0.wp.com\/oui-oui.es\/blog\/wp-content\/uploads\/2019\/07\/Oui-Oui-puerta-ratoncito-perez-friends.-friends-door-puerta-friends-miniatura-puerta-friends.jpg?resize=350%2C200&ssl=1","width":350,"height":200,"srcset":"https:\/\/i0.wp.com\/oui-oui.es\/blog\/wp-content\/uploads\/2019\/07\/Oui-Oui-puerta-ratoncito-perez-friends.-friends-door-puerta-friends-miniatura-puerta-friends.jpg?resize=350%2C200&ssl=1 1x, https:\/\/i0.wp.com\/oui-oui.es\/blog\/wp-content\/uploads\/2019\/07\/Oui-Oui-puerta-ratoncito-perez-friends.-friends-door-puerta-friends-miniatura-puerta-friends.jpg?resize=525%2C300&ssl=1 1.5x, https:\/\/i0.wp.com\/oui-oui.es\/blog\/wp-content\/uploads\/2019\/07\/Oui-Oui-puerta-ratoncito-perez-friends.-friends-door-puerta-friends-miniatura-puerta-friends.jpg?resize=700%2C400&ssl=1 2x, https:\/\/i0.wp.com\/oui-oui.es\/blog\/wp-content\/uploads\/2019\/07\/Oui-Oui-puerta-ratoncito-perez-friends.-friends-door-puerta-friends-miniatura-puerta-friends.jpg?resize=1050%2C600&ssl=1 3x, https:\/\/i0.wp.com\/oui-oui.es\/blog\/wp-content\/uploads\/2019\/07\/Oui-Oui-puerta-ratoncito-perez-friends.-friends-door-puerta-friends-miniatura-puerta-friends.jpg?resize=1400%2C800&ssl=1 4x"},"classes":[]},{"id":1864,"url":"https:\/\/oui-oui.es\/blog\/la-puerta-del-ratoncito-perez-navidena\/","url_meta":{"origin":4232,"position":5},"title":"La puerta del ratoncito P\u00e9rez navide\u00f1a","author":"Mar\u00eda \u2665Oui Oui\u2665","date":"6 febrero, 2015","format":false,"excerpt":"\u00a0 Este post se me ha retrasado m\u00e1s de lo que debiera, pero no pod\u00eda dejar de compartir el curre que os\u00a0pegasteis\u00a0muchos decorando vuestras puertas del ratoncito P\u00e9rez en Navidad...Para los que no lo sep\u00e1is, la Navidad pasada organizamos un concurso en Instagram de decoraci\u00f3n navide\u00f1a de las puertas del\u2026","rel":"","context":"En \u00abPUERTAS RATONCITO P\u00c9REZ\u00bb","block_context":{"text":"PUERTAS RATONCITO P\u00c9REZ","link":"https:\/\/oui-oui.es\/blog\/category\/puertas-para-el-ratoncito-perez\/"},"img":{"alt_text":"","src":"https:\/\/i0.wp.com\/oui-oui.es\/blog\/wp-content\/uploads\/2015\/02\/oui-oui-puertas-ratoncito-perez-navidad-cottonetlavande.jpg?resize=350%2C200&ssl=1","width":350,"height":200},"classes":[]}],"_links":{"self":[{"href":"https:\/\/oui-oui.es\/blog\/wp-json\/wp\/v2\/posts\/4232","targetHints":{"allow":["GET"]}}],"collection":[{"href":"https:\/\/oui-oui.es\/blog\/wp-json\/wp\/v2\/posts"}],"about":[{"href":"https:\/\/oui-oui.es\/blog\/wp-json\/wp\/v2\/types\/post"}],"author":[{"embeddable":true,"href":"https:\/\/oui-oui.es\/blog\/wp-json\/wp\/v2\/users\/1"}],"replies":[{"embeddable":true,"href":"https:\/\/oui-oui.es\/blog\/wp-json\/wp\/v2\/comments?post=4232"}],"version-history":[{"count":1,"href":"https:\/\/oui-oui.es\/blog\/wp-json\/wp\/v2\/posts\/4232\/revisions"}],"predecessor-version":[{"id":4243,"href":"https:\/\/oui-oui.es\/blog\/wp-json\/wp\/v2\/posts\/4232\/revisions\/4243"}],"wp:featuredmedia":[{"embeddable":true,"href":"https:\/\/oui-oui.es\/blog\/wp-json\/wp\/v2\/media\/4235"}],"wp:attachment":[{"href":"https:\/\/oui-oui.es\/blog\/wp-json\/wp\/v2\/media?parent=4232"}],"wp:term":[{"taxonomy":"category","embeddable":true,"href":"https:\/\/oui-oui.es\/blog\/wp-json\/wp\/v2\/categories?post=4232"},{"taxonomy":"post_tag","embeddable":true,"href":"https:\/\/oui-oui.es\/blog\/wp-json\/wp\/v2\/tags?post=4232"}],"curies":[{"name":"wp","href":"https:\/\/api.w.org\/{rel}","templated":true}]}}