{"id":4245,"date":"2016-04-28T00:15:51","date_gmt":"2016-04-27T22:15:51","guid":{"rendered":"https:\/\/oui-oui.es\/blog\/?p=4245"},"modified":"2016-04-27T23:42:11","modified_gmt":"2016-04-27T21:42:11","slug":"las-noches-de-la-suite","status":"publish","type":"post","link":"https:\/\/oui-oui.es\/blog\/las-noches-de-la-suite\/","title":{"rendered":"Las noches de la Suite"},"content":{"rendered":"<p><strong>\u00bfTe imaginas compartiendo habitaci\u00f3n (Suite Presidencial) con cincuenta personas para disfrutar de una cena y un concierto \u00fanico?<\/strong>, pues es posible y, adem\u00e1s, est\u00e1 a tu alcance.<\/p>\n<p><img loading=\"lazy\" decoding=\"async\" class=\"aligncenter size-full wp-image-4246\" src=\"https:\/\/oui-oui.es\/blog\/wp-content\/uploads\/2016\/04\/Oui-Oui-las-noches-dde-la-suite-nh-eurobuilding.jpg\" alt=\"Oui Oui-las noches dde la suite-nh eurobuilding\" width=\"321\" height=\"400\" srcset=\"https:\/\/oui-oui.es\/blog\/wp-content\/uploads\/2016\/04\/Oui-Oui-las-noches-dde-la-suite-nh-eurobuilding.jpg 321w, https:\/\/oui-oui.es\/blog\/wp-content\/uploads\/2016\/04\/Oui-Oui-las-noches-dde-la-suite-nh-eurobuilding-241x300.jpg 241w\" sizes=\"auto, (max-width: 321px) 100vw, 321px\" \/><\/p>\n<p>Se trata de <a href=\"http:\/\/lasnochesdelasuite.com\"><strong>Las Noches de la Suite<\/strong><\/a>, <em>\u00aben otro sitios los ver\u00e1s, en la Suite podr\u00e1s sentirlos\u00bb<\/em>; un concepto de NH Collection que consiste en unir arte (m\u00fasica, teatro, mon\u00f3logos&#8230;) con gastronom\u00eda en la mejor ubicaci\u00f3n del hotel.<\/p>\n<p><img loading=\"lazy\" decoding=\"async\" class=\"aligncenter size-large wp-image-4249\" src=\"https:\/\/oui-oui.es\/blog\/wp-content\/uploads\/2016\/04\/oui-oui-las-noches-de-la-suite-NH-Collection-Eurobuilding-VIP-Level-1024x588.jpg\" alt=\"oui oui-las noches de la suite-NH-Collection-Eurobuilding-VIP-Level\" width=\"1024\" height=\"588\" srcset=\"https:\/\/oui-oui.es\/blog\/wp-content\/uploads\/2016\/04\/oui-oui-las-noches-de-la-suite-NH-Collection-Eurobuilding-VIP-Level-1024x588.jpg 1024w, https:\/\/oui-oui.es\/blog\/wp-content\/uploads\/2016\/04\/oui-oui-las-noches-de-la-suite-NH-Collection-Eurobuilding-VIP-Level-300x172.jpg 300w, https:\/\/oui-oui.es\/blog\/wp-content\/uploads\/2016\/04\/oui-oui-las-noches-de-la-suite-NH-Collection-Eurobuilding-VIP-Level-768x441.jpg 768w, https:\/\/oui-oui.es\/blog\/wp-content\/uploads\/2016\/04\/oui-oui-las-noches-de-la-suite-NH-Collection-Eurobuilding-VIP-Level-600x345.jpg 600w\" sizes=\"auto, (max-width: 1024px) 100vw, 1024px\" \/><\/p>\n<p><img loading=\"lazy\" decoding=\"async\" class=\"aligncenter size-full wp-image-4248\" src=\"https:\/\/oui-oui.es\/blog\/wp-content\/uploads\/2016\/04\/Oui-Oui-las-noches-de-la-suite-Suite-Presidencial-NH-Collection-Eurobuilding.jpg\" alt=\"Oui Oui-las noches de la suite-Suite-Presidencial-NH-Collection-Eurobuilding\" width=\"750\" height=\"500\" srcset=\"https:\/\/oui-oui.es\/blog\/wp-content\/uploads\/2016\/04\/Oui-Oui-las-noches-de-la-suite-Suite-Presidencial-NH-Collection-Eurobuilding.jpg 750w, https:\/\/oui-oui.es\/blog\/wp-content\/uploads\/2016\/04\/Oui-Oui-las-noches-de-la-suite-Suite-Presidencial-NH-Collection-Eurobuilding-300x200.jpg 300w, https:\/\/oui-oui.es\/blog\/wp-content\/uploads\/2016\/04\/Oui-Oui-las-noches-de-la-suite-Suite-Presidencial-NH-Collection-Eurobuilding-600x400.jpg 600w\" sizes=\"auto, (max-width: 750px) 100vw, 750px\" \/><\/p>\n<p>En Madrid se celebran en el <strong>NH Collection Eurobuilding<\/strong> a cargo del <strong>chef Luis Bartolom\u00e9<\/strong>, por su suite presidencial han pasado <strong>Roberto Drag\u00f3, Ariel Rot, Los Secretos<\/strong>&#8230;Y el pr\u00f3ximo <strong><span style=\"text-decoration: underline;\">7 de mayo<\/span><\/strong> lo har\u00e1 <strong>Marlango<\/strong>, el plan consiste en cenar un men\u00fa desgustaci\u00f3n y despu\u00e9s disfrutar de la m\u00fasica de Marlango, <strong>una experiencia gastroac\u00fastica<\/strong>, y a un precio bastante razonable para la exclusividad el plan; 80\u20ac (el de Marlango, seg\u00fan el artista puede variar)<\/p>\n<p><img loading=\"lazy\" decoding=\"async\" class=\"aligncenter size-full wp-image-4247\" src=\"https:\/\/oui-oui.es\/blog\/wp-content\/uploads\/2016\/04\/Oui-Oui-las-noches-de-la-suite-carlos-iglesias.jpg\" alt=\"Oui Oui-las noches de la suite-carlos-iglesias\" width=\"321\" height=\"400\" srcset=\"https:\/\/oui-oui.es\/blog\/wp-content\/uploads\/2016\/04\/Oui-Oui-las-noches-de-la-suite-carlos-iglesias.jpg 321w, https:\/\/oui-oui.es\/blog\/wp-content\/uploads\/2016\/04\/Oui-Oui-las-noches-de-la-suite-carlos-iglesias-241x300.jpg 241w\" sizes=\"auto, (max-width: 321px) 100vw, 321px\" \/><\/p>\n<p>&nbsp;<\/p>\n<p>Yo a\u00fan o he podido ir \u00a1me hubiera encantado estar en la de los secretos! pero estar\u00e9 atenta para no perderme su agenda.<\/p>\n<p>Puedes informarte de todo <a href=\"http:\/\/lasnochesdelasuite.com\/\">aqu\u00ed<\/a><\/p>\n","protected":false},"excerpt":{"rendered":"<p>\u00bfTe imaginas compartiendo habitaci\u00f3n (Suite Presidencial) con cincuenta personas para disfrutar de una cena y un concierto \u00fanico?, pues es posible y, adem\u00e1s, est\u00e1 a tu alcance. Se trata de Las Noches de la Suite, \u00aben otro sitios los ver\u00e1s, en la Suite podr\u00e1s sentirlos\u00bb; un concepto de NH Collection que consiste en unir arte [&hellip;]<\/p>\n","protected":false},"author":1,"featured_media":4249,"comment_status":"open","ping_status":"open","sticky":false,"template":"","format":"standard","meta":{"jetpack_post_was_ever_published":false,"_jetpack_newsletter_access":"","_jetpack_dont_email_post_to_subs":false,"_jetpack_newsletter_tier_id":0,"_jetpack_memberships_contains_paywalled_content":false,"_jetpack_memberships_contains_paid_content":false,"footnotes":"","jetpack_publicize_message":"","jetpack_publicize_feature_enabled":true,"jetpack_social_post_already_shared":true,"jetpack_social_options":{"image_generator_settings":{"template":"highway","default_image_id":0,"font":"","enabled":false},"version":2}},"categories":[177],"tags":[712,752,736],"class_list":["post-4245","post","type-post","status-publish","format-standard","has-post-thumbnail","hentry","category-lifestyle-2","tag-musica","tag-planes-chulos","tag-restaurantes"],"aioseo_notices":[],"jetpack_publicize_connections":[],"jetpack_featured_media_url":"https:\/\/oui-oui.es\/blog\/wp-content\/uploads\/2016\/04\/oui-oui-las-noches-de-la-suite-NH-Collection-Eurobuilding-VIP-Level.jpg","jetpack_sharing_enabled":true,"jetpack-related-posts":[{"id":4692,"url":"https:\/\/oui-oui.es\/blog\/las-vacaciones-son-para-comprar\/","url_meta":{"origin":4245,"position":0},"title":"Las vacaciones son para comprar","author":"Mar\u00eda \u2665Oui Oui\u2665","date":"20 julio, 2016","format":false,"excerpt":"Pues s\u00ed, no mientras est\u00e1s en la playa o en la piscina, pero s\u00ed por las tardes\/noches...Y m\u00e1s a\u00fan si est\u00e1s fuera de casa, en una casa en la que haya alguien todo el d\u00eda, en el pueblo, en la monta\u00f1a o en casa de los abuelos. A m\u00ed me\u2026","rel":"","context":"En \u00abOUI OUI\u00bb","block_context":{"text":"OUI OUI","link":"https:\/\/oui-oui.es\/blog\/category\/oui-oui\/"},"img":{"alt_text":"","src":"https:\/\/i0.wp.com\/oui-oui.es\/blog\/wp-content\/uploads\/2016\/07\/Oui-Oui-colchoneta-helado-flotador-helado-hotel-nabia.jpg?resize=350%2C200&ssl=1","width":350,"height":200,"srcset":"https:\/\/i0.wp.com\/oui-oui.es\/blog\/wp-content\/uploads\/2016\/07\/Oui-Oui-colchoneta-helado-flotador-helado-hotel-nabia.jpg?resize=350%2C200&ssl=1 1x, https:\/\/i0.wp.com\/oui-oui.es\/blog\/wp-content\/uploads\/2016\/07\/Oui-Oui-colchoneta-helado-flotador-helado-hotel-nabia.jpg?resize=525%2C300&ssl=1 1.5x, https:\/\/i0.wp.com\/oui-oui.es\/blog\/wp-content\/uploads\/2016\/07\/Oui-Oui-colchoneta-helado-flotador-helado-hotel-nabia.jpg?resize=700%2C400&ssl=1 2x, https:\/\/i0.wp.com\/oui-oui.es\/blog\/wp-content\/uploads\/2016\/07\/Oui-Oui-colchoneta-helado-flotador-helado-hotel-nabia.jpg?resize=1050%2C600&ssl=1 3x, https:\/\/i0.wp.com\/oui-oui.es\/blog\/wp-content\/uploads\/2016\/07\/Oui-Oui-colchoneta-helado-flotador-helado-hotel-nabia.jpg?resize=1400%2C800&ssl=1 4x"},"classes":[]},{"id":3022,"url":"https:\/\/oui-oui.es\/blog\/y-tu-eres-de-playa-de-norte-o-de-sur\/","url_meta":{"origin":4245,"position":1},"title":"Y t\u00fa, \u00bferes de playa de Norte o de Sur?","author":"Mar\u00eda \u2665Oui Oui\u2665","date":"26 agosto, 2015","format":false,"excerpt":"\u00a0 Ten\u00eda la esperanza de poder escribir todas las noches de las \u00faltimas semanas, pero resulta que llego muerta y me quedo frita, as\u00ed que he encontraod un huequ\u00edn para compartir mis reflexiones del \u00faltimo mes sobre las ventajas de ir a una playa \"de calor\" (en Espa\u00f1a d\u00edcese del\u2026","rel":"","context":"En \u00abESTILO DE VIDA\u00bb","block_context":{"text":"ESTILO DE VIDA","link":"https:\/\/oui-oui.es\/blog\/category\/lifestyle-2\/"},"img":{"alt_text":"","src":"https:\/\/i0.wp.com\/oui-oui.es\/blog\/wp-content\/uploads\/2015\/08\/Oui-Oui-playas-asturias-con-ni%C3%B1os-tazones.jpg?resize=350%2C200&ssl=1","width":350,"height":200,"srcset":"https:\/\/i0.wp.com\/oui-oui.es\/blog\/wp-content\/uploads\/2015\/08\/Oui-Oui-playas-asturias-con-ni%C3%B1os-tazones.jpg?resize=350%2C200&ssl=1 1x, https:\/\/i0.wp.com\/oui-oui.es\/blog\/wp-content\/uploads\/2015\/08\/Oui-Oui-playas-asturias-con-ni%C3%B1os-tazones.jpg?resize=525%2C300&ssl=1 1.5x, https:\/\/i0.wp.com\/oui-oui.es\/blog\/wp-content\/uploads\/2015\/08\/Oui-Oui-playas-asturias-con-ni%C3%B1os-tazones.jpg?resize=700%2C400&ssl=1 2x, https:\/\/i0.wp.com\/oui-oui.es\/blog\/wp-content\/uploads\/2015\/08\/Oui-Oui-playas-asturias-con-ni%C3%B1os-tazones.jpg?resize=1050%2C600&ssl=1 3x"},"classes":[]},{"id":5767,"url":"https:\/\/oui-oui.es\/blog\/3-planes-para-fomentar-la-musica-en-los-mas-pequenos\/","url_meta":{"origin":4245,"position":2},"title":"3 Planes para fomentar la m\u00fasica en los m\u00e1s peque\u00f1os","author":"Mar\u00eda \u2665Oui Oui\u2665","date":"16 junio, 2017","format":false,"excerpt":"Como sab\u00e9is a Mart\u00edn le chifla la m\u00fasica, es algo innato porque desde muy muy peque\u00f1o se quedaba embobado con cualquier tipo de actuaci\u00f3n musica; desde un m\u00fasico callejero a un video clip pasando por un concierto de m\u00fasica cl\u00e1sica en el Auditorio. Con Frida confirmamos que cada ni\u00f1o es\u2026","rel":"","context":"En \u00abNI\u00d1OS Y NI\u00d1AS\u00bb","block_context":{"text":"NI\u00d1OS Y NI\u00d1AS","link":"https:\/\/oui-oui.es\/blog\/category\/ninos\/"},"img":{"alt_text":"","src":"https:\/\/i0.wp.com\/oui-oui.es\/blog\/wp-content\/uploads\/2017\/06\/Oui-Oui-conciertos-aire-libre-madrid-olivar-castillejo-conciertos-ni%C3%B1os-apasionados-musica-1.jpg?resize=350%2C200&ssl=1","width":350,"height":200,"srcset":"https:\/\/i0.wp.com\/oui-oui.es\/blog\/wp-content\/uploads\/2017\/06\/Oui-Oui-conciertos-aire-libre-madrid-olivar-castillejo-conciertos-ni%C3%B1os-apasionados-musica-1.jpg?resize=350%2C200&ssl=1 1x, https:\/\/i0.wp.com\/oui-oui.es\/blog\/wp-content\/uploads\/2017\/06\/Oui-Oui-conciertos-aire-libre-madrid-olivar-castillejo-conciertos-ni%C3%B1os-apasionados-musica-1.jpg?resize=525%2C300&ssl=1 1.5x, https:\/\/i0.wp.com\/oui-oui.es\/blog\/wp-content\/uploads\/2017\/06\/Oui-Oui-conciertos-aire-libre-madrid-olivar-castillejo-conciertos-ni%C3%B1os-apasionados-musica-1.jpg?resize=700%2C400&ssl=1 2x"},"classes":[]},{"id":4853,"url":"https:\/\/oui-oui.es\/blog\/rincon-de-la-musica-para-ninos\/","url_meta":{"origin":4245,"position":3},"title":"Rinc\u00f3n de la m\u00fasica para ni\u00f1os","author":"Mar\u00eda \u2665Oui Oui\u2665","date":"4 noviembre, 2016","format":false,"excerpt":"Una de las cosas que m\u00e1s le gusta a Mart\u00edn es la m\u00fasica, desde peque\u00f1ito siempre se ha animado a bailar con la m\u00fasica de la radio, con un video clip de fondo o en cualquier fiesta en la que estuvi\u00e9ramos. Le llevamos por primera vez a los conciertos en\u2026","rel":"","context":"En \u00abNI\u00d1OS Y NI\u00d1AS\u00bb","block_context":{"text":"NI\u00d1OS Y NI\u00d1AS","link":"https:\/\/oui-oui.es\/blog\/category\/ninos\/"},"img":{"alt_text":"","src":"https:\/\/i0.wp.com\/oui-oui.es\/blog\/wp-content\/uploads\/2016\/11\/Oui-Oui-music-corner-rincon-de-la-musica-decoraci%C3%B3n-musical-habitacion-ni%C3%B1os-2.jpg?resize=350%2C200&ssl=1","width":350,"height":200,"srcset":"https:\/\/i0.wp.com\/oui-oui.es\/blog\/wp-content\/uploads\/2016\/11\/Oui-Oui-music-corner-rincon-de-la-musica-decoraci%C3%B3n-musical-habitacion-ni%C3%B1os-2.jpg?resize=350%2C200&ssl=1 1x, https:\/\/i0.wp.com\/oui-oui.es\/blog\/wp-content\/uploads\/2016\/11\/Oui-Oui-music-corner-rincon-de-la-musica-decoraci%C3%B3n-musical-habitacion-ni%C3%B1os-2.jpg?resize=525%2C300&ssl=1 1.5x, https:\/\/i0.wp.com\/oui-oui.es\/blog\/wp-content\/uploads\/2016\/11\/Oui-Oui-music-corner-rincon-de-la-musica-decoraci%C3%B3n-musical-habitacion-ni%C3%B1os-2.jpg?resize=700%2C400&ssl=1 2x, https:\/\/i0.wp.com\/oui-oui.es\/blog\/wp-content\/uploads\/2016\/11\/Oui-Oui-music-corner-rincon-de-la-musica-decoraci%C3%B3n-musical-habitacion-ni%C3%B1os-2.jpg?resize=1050%2C600&ssl=1 3x, https:\/\/i0.wp.com\/oui-oui.es\/blog\/wp-content\/uploads\/2016\/11\/Oui-Oui-music-corner-rincon-de-la-musica-decoraci%C3%B3n-musical-habitacion-ni%C3%B1os-2.jpg?resize=1400%2C800&ssl=1 4x"},"classes":[]},{"id":3663,"url":"https:\/\/oui-oui.es\/blog\/la-wishlist-para-frida\/","url_meta":{"origin":4245,"position":4},"title":"La wishlist para Frida","author":"Mar\u00eda \u2665Oui Oui\u2665","date":"4 noviembre, 2015","format":false,"excerpt":"A\u00fan quedan un poco m\u00e1s de tres meses pero es ahora cuando empiezo a tener las ganas de ver y buscar cosas para Frida (as\u00ed se llamar\u00e1 la ni\u00f1a que esperamos para febrero!) as\u00ed que voy a ir recopil\u00e1ndolas en mis wishlist para que no se me olviden. Hay dos\u2026","rel":"","context":"En \u00abMATERNIDAD\u00bb","block_context":{"text":"MATERNIDAD","link":"https:\/\/oui-oui.es\/blog\/category\/maternidad\/"},"img":{"alt_text":"","src":"https:\/\/i0.wp.com\/oui-oui.es\/blog\/wp-content\/uploads\/2015\/11\/Oui-Oui-libro-frida-kahlo-ni%C3%B1os-coleccion-mujeres-cuentos-ni%C3%B1os-cuento-frida-ed-alba.jpg?resize=350%2C200&ssl=1","width":350,"height":200},"classes":[]},{"id":4986,"url":"https:\/\/oui-oui.es\/blog\/playing-for-change\/","url_meta":{"origin":4245,"position":5},"title":"Playing for Change","author":"Mar\u00eda \u2665Oui Oui\u2665","date":"16 diciembre, 2016","format":false,"excerpt":"Hace unas semanas mi t\u00edo Galo comparti\u00f3 en un grupo de whatsapp familiar un v\u00eddeo en el que varios m\u00fasicos tocaban, alrededor del mundo y con distintos instrumentos, la canci\u00f3n de \"la Bamba\". Nada m\u00e1s verlo supe que le encantar\u00eda a Mart\u00edn y as\u00ed fu\u00e9...A ra\u00edz de buscarlo m\u00e1s tarde\u2026","rel":"","context":"En \u00abNI\u00d1OS Y NI\u00d1AS\u00bb","block_context":{"text":"NI\u00d1OS Y NI\u00d1AS","link":"https:\/\/oui-oui.es\/blog\/category\/ninos\/"},"img":{"alt_text":"","src":"https:\/\/i0.wp.com\/oui-oui.es\/blog\/wp-content\/uploads\/2016\/12\/Oui-Oui-musica-ni%C3%B1os-multicultural-playing-for-change-grandpa-elliott.jpg?resize=350%2C200&ssl=1","width":350,"height":200,"srcset":"https:\/\/i0.wp.com\/oui-oui.es\/blog\/wp-content\/uploads\/2016\/12\/Oui-Oui-musica-ni%C3%B1os-multicultural-playing-for-change-grandpa-elliott.jpg?resize=350%2C200&ssl=1 1x, https:\/\/i0.wp.com\/oui-oui.es\/blog\/wp-content\/uploads\/2016\/12\/Oui-Oui-musica-ni%C3%B1os-multicultural-playing-for-change-grandpa-elliott.jpg?resize=525%2C300&ssl=1 1.5x, https:\/\/i0.wp.com\/oui-oui.es\/blog\/wp-content\/uploads\/2016\/12\/Oui-Oui-musica-ni%C3%B1os-multicultural-playing-for-change-grandpa-elliott.jpg?resize=700%2C400&ssl=1 2x, https:\/\/i0.wp.com\/oui-oui.es\/blog\/wp-content\/uploads\/2016\/12\/Oui-Oui-musica-ni%C3%B1os-multicultural-playing-for-change-grandpa-elliott.jpg?resize=1050%2C600&ssl=1 3x"},"classes":[]}],"_links":{"self":[{"href":"https:\/\/oui-oui.es\/blog\/wp-json\/wp\/v2\/posts\/4245","targetHints":{"allow":["GET"]}}],"collection":[{"href":"https:\/\/oui-oui.es\/blog\/wp-json\/wp\/v2\/posts"}],"about":[{"href":"https:\/\/oui-oui.es\/blog\/wp-json\/wp\/v2\/types\/post"}],"author":[{"embeddable":true,"href":"https:\/\/oui-oui.es\/blog\/wp-json\/wp\/v2\/users\/1"}],"replies":[{"embeddable":true,"href":"https:\/\/oui-oui.es\/blog\/wp-json\/wp\/v2\/comments?post=4245"}],"version-history":[{"count":1,"href":"https:\/\/oui-oui.es\/blog\/wp-json\/wp\/v2\/posts\/4245\/revisions"}],"predecessor-version":[{"id":4250,"href":"https:\/\/oui-oui.es\/blog\/wp-json\/wp\/v2\/posts\/4245\/revisions\/4250"}],"wp:featuredmedia":[{"embeddable":true,"href":"https:\/\/oui-oui.es\/blog\/wp-json\/wp\/v2\/media\/4249"}],"wp:attachment":[{"href":"https:\/\/oui-oui.es\/blog\/wp-json\/wp\/v2\/media?parent=4245"}],"wp:term":[{"taxonomy":"category","embeddable":true,"href":"https:\/\/oui-oui.es\/blog\/wp-json\/wp\/v2\/categories?post=4245"},{"taxonomy":"post_tag","embeddable":true,"href":"https:\/\/oui-oui.es\/blog\/wp-json\/wp\/v2\/tags?post=4245"}],"curies":[{"name":"wp","href":"https:\/\/api.w.org\/{rel}","templated":true}]}}