{"id":4255,"date":"2016-05-04T00:15:38","date_gmt":"2016-05-03T22:15:38","guid":{"rendered":"https:\/\/oui-oui.es\/blog\/?p=4255"},"modified":"2016-05-03T22:37:10","modified_gmt":"2016-05-03T20:37:10","slug":"restaurantes-que-tachar-en-mayo","status":"publish","type":"post","link":"https:\/\/oui-oui.es\/blog\/restaurantes-que-tachar-en-mayo\/","title":{"rendered":"Restaurantes que tachar en mayo"},"content":{"rendered":"<p>Llevaba <em>desaparecida<\/em> desde febrero en lo que a restaurantes a tachar se refiere, pero no pod\u00eda demorarlo m\u00e1s, as\u00ed que aqu\u00ed va mi propuesta para este mes<\/p>\n<p><a href=\"http:\/\/www.lospenotes.com\/ficha.php?id=334\"><span style=\"text-decoration: underline;\"><strong>El invernadero de los Pe\u00f1otes<\/strong><\/span><\/a><\/p>\n<p><img loading=\"lazy\" decoding=\"async\" class=\"aligncenter size-full wp-image-4261\" src=\"https:\/\/oui-oui.es\/blog\/wp-content\/uploads\/2016\/04\/Oui-Oui-restaurantes-tachar-mayo-invernadero-los-pe\u00f1otes-luz.jpg\" alt=\"Oui Oui-restaurantes tachar mayo-invernadero los pe\u00f1otes-luz\" width=\"675\" height=\"420\" srcset=\"https:\/\/oui-oui.es\/blog\/wp-content\/uploads\/2016\/04\/Oui-Oui-restaurantes-tachar-mayo-invernadero-los-pe\u00f1otes-luz.jpg 675w, https:\/\/oui-oui.es\/blog\/wp-content\/uploads\/2016\/04\/Oui-Oui-restaurantes-tachar-mayo-invernadero-los-pe\u00f1otes-luz-300x187.jpg 300w, https:\/\/oui-oui.es\/blog\/wp-content\/uploads\/2016\/04\/Oui-Oui-restaurantes-tachar-mayo-invernadero-los-pe\u00f1otes-luz-600x373.jpg 600w\" sizes=\"auto, (max-width: 675px) 100vw, 675px\" \/><\/p>\n<p>Es el primero de la lista porque all\u00ed es donde comimos el d\u00eda de la Madre, mi primer d\u00eda de la madre con dos hijos, fuimos a comer los cuatro y ya s\u00f3lo eso hizo que fuera especial.<\/p>\n<p>El espacio abre todo el d\u00eda hasta las 19h y es s\u00faper agradable comer rodeado de plantas y con mucha luz, respecto a la cocina,todo bastante rico,en especial los rollitos de pato y el solomillo.Algo importante es la mesa que elijas,para que no os moleste el sol,os recomiendo reservar al fondo o en el centro,justo en la entrada el sol entra por el lateral&#8230;<\/p>\n<p><img loading=\"lazy\" decoding=\"async\" class=\"aligncenter size-full wp-image-4260\" src=\"https:\/\/oui-oui.es\/blog\/wp-content\/uploads\/2016\/04\/Oui-Oui-restaurantes-tachar-mayo-invernadero-los-pe\u00f1otes.jpg\" alt=\"Oui Oui-restaurantes tachar mayo-invernadero los pe\u00f1otes\" width=\"996\" height=\"560\" srcset=\"https:\/\/oui-oui.es\/blog\/wp-content\/uploads\/2016\/04\/Oui-Oui-restaurantes-tachar-mayo-invernadero-los-pe\u00f1otes.jpg 996w, https:\/\/oui-oui.es\/blog\/wp-content\/uploads\/2016\/04\/Oui-Oui-restaurantes-tachar-mayo-invernadero-los-pe\u00f1otes-300x169.jpg 300w, https:\/\/oui-oui.es\/blog\/wp-content\/uploads\/2016\/04\/Oui-Oui-restaurantes-tachar-mayo-invernadero-los-pe\u00f1otes-768x432.jpg 768w, https:\/\/oui-oui.es\/blog\/wp-content\/uploads\/2016\/04\/Oui-Oui-restaurantes-tachar-mayo-invernadero-los-pe\u00f1otes-600x337.jpg 600w, https:\/\/oui-oui.es\/blog\/wp-content\/uploads\/2016\/04\/Oui-Oui-restaurantes-tachar-mayo-invernadero-los-pe\u00f1otes-500x280.jpg 500w\" sizes=\"auto, (max-width: 996px) 100vw, 996px\" \/><\/p>\n<p><strong>\u00bfD\u00f3nde?: <\/strong>Carretera de Burgos A1, salida 12A Tlf: 91 662 08 95<\/p>\n<p><strong>Precio medio:40\u20ac<\/strong><\/p>\n<p><a href=\"http:\/\/www.fanfan.restaurant\/\"><span style=\"text-decoration: underline;\"><strong>Fan Fan<\/strong><\/span><\/a><\/p>\n<p>En \u00e9ste tambi\u00e9n he estado (lo tach\u00e9 el viernes pasado), me gust\u00f3 mucho y ten\u00eda que recomend\u00e1roslo; sencillo pero con una luz y unos colores en la decoraci\u00f3n que invitan a quedarse a comer con amigas, si vas a medio d\u00eda tienen unos men\u00fas muy interesantes y diferentes a lo habitual pudiendo comer, por ejemplo, s\u00f3lo ensalada pero hecha a la medida y en gran cantidad, en su carta te costar\u00e1 elegir; las quesadillas muy ricas, el servicio s\u00faper amable y todo a un precio muy razonable.<\/p>\n<p><img loading=\"lazy\" decoding=\"async\" class=\"aligncenter size-full wp-image-4256\" src=\"https:\/\/oui-oui.es\/blog\/wp-content\/uploads\/2016\/04\/Oui-Oui-restaurantes-tachar-mayo-fan-fan-madrid.jpg\" alt=\"Oui Oui-restaurantes tachar mayo-fan fan madrid\" width=\"774\" height=\"516\" srcset=\"https:\/\/oui-oui.es\/blog\/wp-content\/uploads\/2016\/04\/Oui-Oui-restaurantes-tachar-mayo-fan-fan-madrid.jpg 774w, https:\/\/oui-oui.es\/blog\/wp-content\/uploads\/2016\/04\/Oui-Oui-restaurantes-tachar-mayo-fan-fan-madrid-300x200.jpg 300w, https:\/\/oui-oui.es\/blog\/wp-content\/uploads\/2016\/04\/Oui-Oui-restaurantes-tachar-mayo-fan-fan-madrid-768x512.jpg 768w, https:\/\/oui-oui.es\/blog\/wp-content\/uploads\/2016\/04\/Oui-Oui-restaurantes-tachar-mayo-fan-fan-madrid-600x400.jpg 600w\" sizes=\"auto, (max-width: 774px) 100vw, 774px\" \/><\/p>\n<p><strong>\u00bfD\u00f3nde?<\/strong> Paseo de la Castellana, 122 (frente a Azca) Tlf: <span class=\"st\">91 764 80 96<\/span><\/p>\n<p><strong>Precio medio:<\/strong> men\u00fa 12\u20ac, carta 25\u20ac<\/p>\n<p><a href=\"http:\/\/restauranteatrapallada.com\/\"><strong><span style=\"text-decoration: underline;\">La Atrapallada<\/span><\/strong><\/a><\/p>\n<p><img loading=\"lazy\" decoding=\"async\" class=\"aligncenter size-full wp-image-4257\" src=\"https:\/\/oui-oui.es\/blog\/wp-content\/uploads\/2016\/04\/Oui-Oui-restaurantes-tachar-mayo-la-atrapallada.jpg\" alt=\"Oui Oui-restaurantes tachar mayo-la atrapallada\" width=\"960\" height=\"632\" srcset=\"https:\/\/oui-oui.es\/blog\/wp-content\/uploads\/2016\/04\/Oui-Oui-restaurantes-tachar-mayo-la-atrapallada.jpg 960w, https:\/\/oui-oui.es\/blog\/wp-content\/uploads\/2016\/04\/Oui-Oui-restaurantes-tachar-mayo-la-atrapallada-300x198.jpg 300w, https:\/\/oui-oui.es\/blog\/wp-content\/uploads\/2016\/04\/Oui-Oui-restaurantes-tachar-mayo-la-atrapallada-768x506.jpg 768w, https:\/\/oui-oui.es\/blog\/wp-content\/uploads\/2016\/04\/Oui-Oui-restaurantes-tachar-mayo-la-atrapallada-600x395.jpg 600w\" sizes=\"auto, (max-width: 960px) 100vw, 960px\" \/><\/p>\n<p>Fuera del <em>circuito habitual<\/em> de restaurantes se encuentra <strong>La Atrapallada<\/strong>, un restaurante de toda la vida al que le tengo un especial aprecio por mis recuerdos de ni\u00f1a, al que han dado un lavado de cara, con un gran ba\u00f1o de luz, de maderas c\u00e1lidas y tonos c\u00edtricos, pero conservando su famosa carta con materia prima de calidad, especialmente en pescados y mariscos. Fu\u00ed a comer con mi abuela (con la que iba de ni\u00f1a) y dimos buena cuenta de que sigue estando a la altura; las coquinas, la gamba roja, el at\u00fan rojo&#8230;Todo buen\u00edsimo, s\u00f3lo una pega, el tocinillo de cielo no estaba muy dulce \ud83d\ude09<\/p>\n<p><strong>\u00bfD\u00f3nde?: <\/strong>Paseo de las Acacias,12 Tlf: <span class=\"_Xbe kno-fv\"><a class=\"fl r-ifR6p7rzbxLI\" title=\"Llamar a trav\u00e9s de Hangouts\" data-number=\"+34915390892\" data-pstn-out-call-url=\"\" data-rtid=\"ifR6p7rzbxLI\" data-ved=\"0ahUKEwi5g_H_p7fMAhWG8RQKHcMOCrcQkAgImQEwEA\">91 539 08 92<\/a><\/span><\/p>\n<p><strong>Precio medio:<\/strong> 50\u20ac<\/p>\n<p><a href=\"https:\/\/www.facebook.com\/Gonzal%C3%ADn-bar-a-secas-213632058976523\/\"><span style=\"text-decoration: underline;\"><strong>Gonzal\u00edn<\/strong><\/span><\/a><\/p>\n<div id=\"attachment_4258\" style=\"width: 1034px\" class=\"wp-caption aligncenter\"><img loading=\"lazy\" decoding=\"async\" aria-describedby=\"caption-attachment-4258\" class=\"size-large wp-image-4258\" src=\"https:\/\/oui-oui.es\/blog\/wp-content\/uploads\/2016\/04\/Oui-Oui-restaurantes-tachar-mayo-gonzal\u00edn-1024x768.jpg\" alt=\"Foto v\u00eda La Gastr\u00f3noma\" width=\"1024\" height=\"768\" srcset=\"https:\/\/oui-oui.es\/blog\/wp-content\/uploads\/2016\/04\/Oui-Oui-restaurantes-tachar-mayo-gonzal\u00edn.jpg 1024w, https:\/\/oui-oui.es\/blog\/wp-content\/uploads\/2016\/04\/Oui-Oui-restaurantes-tachar-mayo-gonzal\u00edn-300x225.jpg 300w, https:\/\/oui-oui.es\/blog\/wp-content\/uploads\/2016\/04\/Oui-Oui-restaurantes-tachar-mayo-gonzal\u00edn-768x576.jpg 768w, https:\/\/oui-oui.es\/blog\/wp-content\/uploads\/2016\/04\/Oui-Oui-restaurantes-tachar-mayo-gonzal\u00edn-600x450.jpg 600w\" sizes=\"auto, (max-width: 1024px) 100vw, 1024px\" \/><p id=\"caption-attachment-4258\" class=\"wp-caption-text\">Foto v\u00eda La Gastr\u00f3noma<\/p><\/div>\n<p>&nbsp;<\/p>\n<p>El \u00faltimo de los restaurantes<em> made in<\/em> <strong>Madrid in Love<\/strong>, un <em><strong>bar a secas<\/strong><\/em>, donde ir a desayunar, comer de men\u00fa a medio d\u00eda o tomarte algo de afterwork, con cocina tradicional y una carta en la que puedes picar y compartir, as\u00ed como tomarte un cocktail,tengo ganas de ir, lo \u00fanico malo es que no reservan y como Frida y yo somos una, con el carrito no me arriesgo, pero intetar\u00e9 ir a una hora menos transitada \ud83d\ude09<\/p>\n<div id=\"attachment_4259\" style=\"width: 1034px\" class=\"wp-caption aligncenter\"><img loading=\"lazy\" decoding=\"async\" aria-describedby=\"caption-attachment-4259\" class=\"size-large wp-image-4259\" src=\"https:\/\/oui-oui.es\/blog\/wp-content\/uploads\/2016\/04\/Oui-Oui-restaurantes-tachar-mayo-gonzal\u00edn-madrid-in-love-1024x682.jpg\" alt=\"Foto v\u00eda La Gastr\u00f3noma\" width=\"1024\" height=\"682\" srcset=\"https:\/\/oui-oui.es\/blog\/wp-content\/uploads\/2016\/04\/Oui-Oui-restaurantes-tachar-mayo-gonzal\u00edn-madrid-in-love.jpg 1024w, https:\/\/oui-oui.es\/blog\/wp-content\/uploads\/2016\/04\/Oui-Oui-restaurantes-tachar-mayo-gonzal\u00edn-madrid-in-love-300x200.jpg 300w, https:\/\/oui-oui.es\/blog\/wp-content\/uploads\/2016\/04\/Oui-Oui-restaurantes-tachar-mayo-gonzal\u00edn-madrid-in-love-768x512.jpg 768w, https:\/\/oui-oui.es\/blog\/wp-content\/uploads\/2016\/04\/Oui-Oui-restaurantes-tachar-mayo-gonzal\u00edn-madrid-in-love-600x400.jpg 600w\" sizes=\"auto, (max-width: 1024px) 100vw, 1024px\" \/><p id=\"caption-attachment-4259\" class=\"wp-caption-text\">Foto v\u00eda La Gastr\u00f3noma<\/p><\/div>\n<p>&nbsp;<\/p>\n<p><strong>\u00bfD\u00f3nde?<\/strong> Eloy Gonzalo, 8 Tlf: <span class=\"_Xbe kno-fv\"><a class=\"fl r-iQxrGnBPrIwc\" title=\"Llamar a trav\u00e9s de Hangouts\" data-number=\"+34916034364\" data-pstn-out-call-url=\"\" data-rtid=\"iQxrGnBPrIwc\" data-ved=\"0ahUKEwjAqKrkqrfMAhUGuhQKHQelBJoQkAgIiQEwEA\">91 603 43 64<\/a><\/span><\/p>\n<p><strong>Precio medio:<\/strong> Men\u00fa del d\u00eda 11\u20ac,carta 20\u20ac<\/p>\n<p><a href=\"http:\/\/www.jardindesalvadorbachiller.com\/#jardin\"><span style=\"text-decoration: underline;\"><strong>El jard\u00edn secreto de Salvador Bachiller<\/strong><\/span><\/a><\/p>\n<p><img loading=\"lazy\" decoding=\"async\" class=\"aligncenter size-full wp-image-4262\" src=\"https:\/\/oui-oui.es\/blog\/wp-content\/uploads\/2016\/05\/Oui-Oui-restaurantes-tachar-mayo-el-jardin-secreto-de-salvador-bachiller.png\" alt=\"Oui Oui-restaurantes tachar mayo-el jardin secreto de salvador bachiller\" width=\"964\" height=\"552\" srcset=\"https:\/\/oui-oui.es\/blog\/wp-content\/uploads\/2016\/05\/Oui-Oui-restaurantes-tachar-mayo-el-jardin-secreto-de-salvador-bachiller.png 964w, https:\/\/oui-oui.es\/blog\/wp-content\/uploads\/2016\/05\/Oui-Oui-restaurantes-tachar-mayo-el-jardin-secreto-de-salvador-bachiller-300x172.png 300w, https:\/\/oui-oui.es\/blog\/wp-content\/uploads\/2016\/05\/Oui-Oui-restaurantes-tachar-mayo-el-jardin-secreto-de-salvador-bachiller-768x440.png 768w, https:\/\/oui-oui.es\/blog\/wp-content\/uploads\/2016\/05\/Oui-Oui-restaurantes-tachar-mayo-el-jardin-secreto-de-salvador-bachiller-600x344.png 600w\" sizes=\"auto, (max-width: 964px) 100vw, 964px\" \/><\/p>\n<p>Lleva mucho tiempo pero <em>por h o por b<\/em> a\u00fan no he ido y ahora, en mayo, que es el mes de la primavera, puede ser el mejor momento para descubrir este jard\u00edn al aire libre lleno de plantas y flores naturales&#8230;Un vergel en pleno Madrid. Seguro que est\u00e1 siempre a rebosar, as\u00ed que intentar\u00e9 pasarme por la ma\u00f1ana (adem\u00e1s, tienen brunch todos los d\u00edas de 11 a 13.30)<\/p>\n<p><strong>\u00bfD\u00f3nde?<\/strong> C\/Montera,37 Tlf: <span class=\"_Xbe kno-fv\"><a class=\"fl r-i4kOikF7Eb94\" title=\"Llamar a trav\u00e9s de Hangouts\" data-number=\"+34915310260\" data-pstn-out-call-url=\"\" data-rtid=\"i4kOikF7Eb94\" data-ved=\"0ahUKEwiDxfXnsLfMAhXJuhQKHVijCegQkAgInwEwEw\">915 31 02 60<\/a><\/span><\/p>\n<p><strong>Precio medio:<\/strong> 15\u20ac<\/p>\n<p>&nbsp;<\/p>\n","protected":false},"excerpt":{"rendered":"<p>Llevaba desaparecida desde febrero en lo que a restaurantes a tachar se refiere, pero no pod\u00eda demorarlo m\u00e1s, as\u00ed que aqu\u00ed va mi propuesta para este mes El invernadero de los Pe\u00f1otes Es el primero de la lista porque all\u00ed es donde comimos el d\u00eda de la Madre, mi primer d\u00eda de la madre con [&hellip;]<\/p>\n","protected":false},"author":1,"featured_media":4260,"comment_status":"open","ping_status":"open","sticky":false,"template":"","format":"standard","meta":{"jetpack_post_was_ever_published":false,"_jetpack_newsletter_access":"","_jetpack_dont_email_post_to_subs":false,"_jetpack_newsletter_tier_id":0,"_jetpack_memberships_contains_paywalled_content":false,"_jetpack_memberships_contains_paid_content":false,"footnotes":"","jetpack_publicize_message":"","jetpack_publicize_feature_enabled":true,"jetpack_social_post_already_shared":true,"jetpack_social_options":{"image_generator_settings":{"template":"highway","default_image_id":0,"font":"","enabled":false},"version":2}},"categories":[177],"tags":[736],"class_list":["post-4255","post","type-post","status-publish","format-standard","has-post-thumbnail","hentry","category-lifestyle-2","tag-restaurantes"],"aioseo_notices":[],"jetpack_publicize_connections":[],"jetpack_featured_media_url":"https:\/\/oui-oui.es\/blog\/wp-content\/uploads\/2016\/04\/Oui-Oui-restaurantes-tachar-mayo-invernadero-los-pe\u00f1otes.jpg","jetpack_sharing_enabled":true,"jetpack-related-posts":[{"id":4418,"url":"https:\/\/oui-oui.es\/blog\/restaurantes-que-tachar-en-junio\/","url_meta":{"origin":4255,"position":0},"title":"Restaurantes que tachar en junio","author":"Mar\u00eda \u2665Oui Oui\u2665","date":"8 junio, 2016","format":false,"excerpt":"Los restaurantes de este mes van a estar dedicados al Barrio de las Letras, como os contaba ayer, participaremos en DecorAcci\u00f3n y me gusta (en la medida de lo posible porque con los horarios del stand es complicado) aprovechar para tachar esos sitios que tengo pendiente por la zona y\u2026","rel":"","context":"En \u00abESTILO DE VIDA\u00bb","block_context":{"text":"ESTILO DE VIDA","link":"https:\/\/oui-oui.es\/blog\/category\/lifestyle-2\/"},"img":{"alt_text":"","src":"https:\/\/i0.wp.com\/oui-oui.es\/blog\/wp-content\/uploads\/2016\/06\/Oui-Oui-restaurantes-tachar-junio-mercado-anton-martin-buns-and-bones.jpg?resize=350%2C200&ssl=1","width":350,"height":200,"srcset":"https:\/\/i0.wp.com\/oui-oui.es\/blog\/wp-content\/uploads\/2016\/06\/Oui-Oui-restaurantes-tachar-junio-mercado-anton-martin-buns-and-bones.jpg?resize=350%2C200&ssl=1 1x, https:\/\/i0.wp.com\/oui-oui.es\/blog\/wp-content\/uploads\/2016\/06\/Oui-Oui-restaurantes-tachar-junio-mercado-anton-martin-buns-and-bones.jpg?resize=525%2C300&ssl=1 1.5x, https:\/\/i0.wp.com\/oui-oui.es\/blog\/wp-content\/uploads\/2016\/06\/Oui-Oui-restaurantes-tachar-junio-mercado-anton-martin-buns-and-bones.jpg?resize=700%2C400&ssl=1 2x"},"classes":[]},{"id":3451,"url":"https:\/\/oui-oui.es\/blog\/restaurantes-que-tachar-en-octubre\/","url_meta":{"origin":4255,"position":1},"title":"Restaurantes que tachar en octubre","author":"Mar\u00eda \u2665Oui Oui\u2665","date":"7 octubre, 2015","format":false,"excerpt":"\u00a0 Empezamos mes y con \u00e9l tengo que actualizar mi lista de restaurantes a los que ir, ya hice la lista de septiembre y estoy content\u00edsima porque pude tachar muchos, aunque a\u00fan tengo pendientes La Pagoda, Chuka Ramen, La Chamartina y\u00a0 la terraza de Dear Hotel (el primer d\u00eda con\u2026","rel":"","context":"En \u00abESTILO DE VIDA\u00bb","block_context":{"text":"ESTILO DE VIDA","link":"https:\/\/oui-oui.es\/blog\/category\/lifestyle-2\/"},"img":{"alt_text":"","src":"https:\/\/i0.wp.com\/oui-oui.es\/blog\/wp-content\/uploads\/2015\/10\/Oui-Oui-kilometros-de-pizza-las-tablas-restaurantes-con-ni%C3%B1os-pizza-boquerones-en-vinagre.jpg?resize=350%2C200&ssl=1","width":350,"height":200,"srcset":"https:\/\/i0.wp.com\/oui-oui.es\/blog\/wp-content\/uploads\/2015\/10\/Oui-Oui-kilometros-de-pizza-las-tablas-restaurantes-con-ni%C3%B1os-pizza-boquerones-en-vinagre.jpg?resize=350%2C200&ssl=1 1x, https:\/\/i0.wp.com\/oui-oui.es\/blog\/wp-content\/uploads\/2015\/10\/Oui-Oui-kilometros-de-pizza-las-tablas-restaurantes-con-ni%C3%B1os-pizza-boquerones-en-vinagre.jpg?resize=525%2C300&ssl=1 1.5x, https:\/\/i0.wp.com\/oui-oui.es\/blog\/wp-content\/uploads\/2015\/10\/Oui-Oui-kilometros-de-pizza-las-tablas-restaurantes-con-ni%C3%B1os-pizza-boquerones-en-vinagre.jpg?resize=700%2C400&ssl=1 2x"},"classes":[]},{"id":4048,"url":"https:\/\/oui-oui.es\/blog\/restaurantes-que-tachar-en-febrero\/","url_meta":{"origin":4255,"position":2},"title":"Restaurantes que tachar en Febrero","author":"Mar\u00eda \u2665Oui Oui\u2665","date":"9 febrero, 2016","format":false,"excerpt":"Est\u00e1 claro que febrero no ser\u00e1 un mes f\u00e1cil para tachar restaurantes, me quedan unos diez d\u00edas como m\u00e1ximo para dar a luz y no s\u00e9 como nos apa\u00f1aremos siendo cuatro en casa, con la lactancia, el cansancio, etc...Pero a\u00fan as\u00ed, os dejo la lista para que pod\u00e1is tacharlos vosotros!\u2026","rel":"","context":"En \u00abESTILO DE VIDA\u00bb","block_context":{"text":"ESTILO DE VIDA","link":"https:\/\/oui-oui.es\/blog\/category\/lifestyle-2\/"},"img":{"alt_text":"","src":"https:\/\/i0.wp.com\/oui-oui.es\/blog\/wp-content\/uploads\/2016\/02\/Oui-Oui-floren-domezain-restaurante-lechuga.jpg?resize=350%2C200&ssl=1","width":350,"height":200,"srcset":"https:\/\/i0.wp.com\/oui-oui.es\/blog\/wp-content\/uploads\/2016\/02\/Oui-Oui-floren-domezain-restaurante-lechuga.jpg?resize=350%2C200&ssl=1 1x, https:\/\/i0.wp.com\/oui-oui.es\/blog\/wp-content\/uploads\/2016\/02\/Oui-Oui-floren-domezain-restaurante-lechuga.jpg?resize=525%2C300&ssl=1 1.5x"},"classes":[]},{"id":4960,"url":"https:\/\/oui-oui.es\/blog\/restaurantes-que-tachar-en-diciembre-2\/","url_meta":{"origin":4255,"position":3},"title":"Restaurantes que tachar en diciembre","author":"Mar\u00eda \u2665Oui Oui\u2665","date":"2 diciembre, 2016","format":false,"excerpt":"Tengo esta secci\u00f3n un poco abandonada, b\u00e1sicamente por falta de tiempo y porque \u00e9sta ha hecho que salga menos a comer por ah\u00ed, pero no quiero despedir el a\u00f1o, ni empezar diciembre (mes de las cenas y comidas fuera por excelencia) sin dejar, al menos plasmados, todos los restaurantes que\u2026","rel":"","context":"En \u00abLA GU\u00cdA DE MAR\u00cdA\u00bb","block_context":{"text":"LA GU\u00cdA DE MAR\u00cdA","link":"https:\/\/oui-oui.es\/blog\/category\/la-guia-de-maria\/"},"img":{"alt_text":"","src":"https:\/\/i0.wp.com\/oui-oui.es\/blog\/wp-content\/uploads\/2016\/12\/Oui-Oui-duck-and-sushi-restaurantes-cuzco-restaurantes-calle-orense-restaurantes-plaza-castilla.jpg?resize=350%2C200&ssl=1","width":350,"height":200,"srcset":"https:\/\/i0.wp.com\/oui-oui.es\/blog\/wp-content\/uploads\/2016\/12\/Oui-Oui-duck-and-sushi-restaurantes-cuzco-restaurantes-calle-orense-restaurantes-plaza-castilla.jpg?resize=350%2C200&ssl=1 1x, https:\/\/i0.wp.com\/oui-oui.es\/blog\/wp-content\/uploads\/2016\/12\/Oui-Oui-duck-and-sushi-restaurantes-cuzco-restaurantes-calle-orense-restaurantes-plaza-castilla.jpg?resize=525%2C300&ssl=1 1.5x"},"classes":[]},{"id":3897,"url":"https:\/\/oui-oui.es\/blog\/restaurantes-que-tachar-en-diciembre\/","url_meta":{"origin":4255,"position":4},"title":"Restaurantes que tachar en diciembre","author":"Mar\u00eda \u2665Oui Oui\u2665","date":"18 diciembre, 2015","format":false,"excerpt":"Es momento de cenas navide\u00f1as, si no has reservado ya en los sitios m\u00e1s de moda ser\u00e1 dif\u00edcil encontrar mesa, pero aqu\u00ed va mi selecci\u00f3n...Empezando por donde cenamos antes de ayer ;) La Vaquer\u00eda Monta\u00f1esa En el antiguo local de la Vaquer\u00eda Suiza se sit\u00faa la \u00faltima propuesta gastron\u00f3mica del\u2026","rel":"","context":"En \u00abESTILO DE VIDA\u00bb","block_context":{"text":"ESTILO DE VIDA","link":"https:\/\/oui-oui.es\/blog\/category\/lifestyle-2\/"},"img":{"alt_text":"","src":"https:\/\/i0.wp.com\/oui-oui.es\/blog\/wp-content\/uploads\/2015\/12\/Oui-Oui-restaurantes-tachar-diciembre-la-vaqueria-monta%C3%B1esa.jpg?resize=350%2C200&ssl=1","width":350,"height":200,"srcset":"https:\/\/i0.wp.com\/oui-oui.es\/blog\/wp-content\/uploads\/2015\/12\/Oui-Oui-restaurantes-tachar-diciembre-la-vaqueria-monta%C3%B1esa.jpg?resize=350%2C200&ssl=1 1x, https:\/\/i0.wp.com\/oui-oui.es\/blog\/wp-content\/uploads\/2015\/12\/Oui-Oui-restaurantes-tachar-diciembre-la-vaqueria-monta%C3%B1esa.jpg?resize=525%2C300&ssl=1 1.5x"},"classes":[]},{"id":9138,"url":"https:\/\/oui-oui.es\/blog\/6-2-restaurantes-que-no-debes-perderte-en-el-barrio-de-las-letras\/","url_meta":{"origin":4255,"position":5},"title":"6 + 2 restaurantes que no debes perderte en el Barrio de las Letras","author":"Mar\u00eda \u2665Oui Oui\u2665","date":"13 junio, 2018","format":false,"excerpt":"Los a\u00f1os ( y los ni\u00f1os) van pesando y se notan en algunas cosas...Como en las salidas. No puedo quejarme porque yo a\u00fan salgo bastante ( de hecho hoy tengo cena con amigas...je,je), pero tras este finde de DecorAcci\u00f3n si me di cuenta que notaba el cansancio acumulado. En las\u2026","rel":"","context":"En \u00abESTILO DE VIDA\u00bb","block_context":{"text":"ESTILO DE VIDA","link":"https:\/\/oui-oui.es\/blog\/category\/lifestyle-2\/"},"img":{"alt_text":"","src":"https:\/\/i0.wp.com\/oui-oui.es\/blog\/wp-content\/uploads\/2018\/06\/Oui-Oui-restaurantes-barrio-letras-restaurante-bistronomika-cocina-creativa-huertas.jpg?resize=350%2C200&ssl=1","width":350,"height":200,"srcset":"https:\/\/i0.wp.com\/oui-oui.es\/blog\/wp-content\/uploads\/2018\/06\/Oui-Oui-restaurantes-barrio-letras-restaurante-bistronomika-cocina-creativa-huertas.jpg?resize=350%2C200&ssl=1 1x, https:\/\/i0.wp.com\/oui-oui.es\/blog\/wp-content\/uploads\/2018\/06\/Oui-Oui-restaurantes-barrio-letras-restaurante-bistronomika-cocina-creativa-huertas.jpg?resize=525%2C300&ssl=1 1.5x, https:\/\/i0.wp.com\/oui-oui.es\/blog\/wp-content\/uploads\/2018\/06\/Oui-Oui-restaurantes-barrio-letras-restaurante-bistronomika-cocina-creativa-huertas.jpg?resize=700%2C400&ssl=1 2x"},"classes":[]}],"_links":{"self":[{"href":"https:\/\/oui-oui.es\/blog\/wp-json\/wp\/v2\/posts\/4255","targetHints":{"allow":["GET"]}}],"collection":[{"href":"https:\/\/oui-oui.es\/blog\/wp-json\/wp\/v2\/posts"}],"about":[{"href":"https:\/\/oui-oui.es\/blog\/wp-json\/wp\/v2\/types\/post"}],"author":[{"embeddable":true,"href":"https:\/\/oui-oui.es\/blog\/wp-json\/wp\/v2\/users\/1"}],"replies":[{"embeddable":true,"href":"https:\/\/oui-oui.es\/blog\/wp-json\/wp\/v2\/comments?post=4255"}],"version-history":[{"count":3,"href":"https:\/\/oui-oui.es\/blog\/wp-json\/wp\/v2\/posts\/4255\/revisions"}],"predecessor-version":[{"id":4280,"href":"https:\/\/oui-oui.es\/blog\/wp-json\/wp\/v2\/posts\/4255\/revisions\/4280"}],"wp:featuredmedia":[{"embeddable":true,"href":"https:\/\/oui-oui.es\/blog\/wp-json\/wp\/v2\/media\/4260"}],"wp:attachment":[{"href":"https:\/\/oui-oui.es\/blog\/wp-json\/wp\/v2\/media?parent=4255"}],"wp:term":[{"taxonomy":"category","embeddable":true,"href":"https:\/\/oui-oui.es\/blog\/wp-json\/wp\/v2\/categories?post=4255"},{"taxonomy":"post_tag","embeddable":true,"href":"https:\/\/oui-oui.es\/blog\/wp-json\/wp\/v2\/tags?post=4255"}],"curies":[{"name":"wp","href":"https:\/\/api.w.org\/{rel}","templated":true}]}}