{"id":4264,"date":"2016-05-06T00:15:50","date_gmt":"2016-05-05T22:15:50","guid":{"rendered":"https:\/\/oui-oui.es\/blog\/?p=4264"},"modified":"2016-05-01T01:20:01","modified_gmt":"2016-04-30T23:20:01","slug":"5-marcas-espanolas-de-ropa-de-bebe","status":"publish","type":"post","link":"https:\/\/oui-oui.es\/blog\/5-marcas-espanolas-de-ropa-de-bebe\/","title":{"rendered":"5 marcas espa\u00f1olas de ropa de beb\u00e9"},"content":{"rendered":"<p>Este post es la continuaci\u00f3n del de 10 marcas de ropa espa\u00f1olas para beb\u00e9, cada semana descubro marcas nuevas que me encantan, muchas espa\u00f1olas y otras no, pero me pareci\u00f3 interesante dividirlas as\u00ed, como no me cab\u00edan todas en un post, aqu\u00ed va la segunda tanda \ud83d\ude09<\/p>\n<p><a href=\"https:\/\/www.facebook.com\/Las-agujas-de-Mam%C3%A1-1625831964312420\/\"><span style=\"text-decoration: underline;\"><strong>Las agujas de mam\u00e1<\/strong><\/span><\/a><\/p>\n<p>De esta marca de punto tejida a mano me gustan muchas cosas, los <strong>jerseys de iniciales<\/strong> los tengo apuntados para el oto\u00f1o que viene.<\/p>\n<p><img loading=\"lazy\" decoding=\"async\" class=\"aligncenter size-full wp-image-4265\" src=\"https:\/\/oui-oui.es\/blog\/wp-content\/uploads\/2016\/05\/Oui-Oui-marcas-espa\u00f1olas-ropa-bebe-jersey-inicial-las-agujas-de-mama.jpg\" alt=\"Oui Oui-marcas espa\u00f1olas ropa bebe-jersey inicial-las agujas de mama\" width=\"640\" height=\"640\" srcset=\"https:\/\/oui-oui.es\/blog\/wp-content\/uploads\/2016\/05\/Oui-Oui-marcas-espa\u00f1olas-ropa-bebe-jersey-inicial-las-agujas-de-mama.jpg 640w, https:\/\/oui-oui.es\/blog\/wp-content\/uploads\/2016\/05\/Oui-Oui-marcas-espa\u00f1olas-ropa-bebe-jersey-inicial-las-agujas-de-mama-150x150.jpg 150w, https:\/\/oui-oui.es\/blog\/wp-content\/uploads\/2016\/05\/Oui-Oui-marcas-espa\u00f1olas-ropa-bebe-jersey-inicial-las-agujas-de-mama-300x300.jpg 300w, https:\/\/oui-oui.es\/blog\/wp-content\/uploads\/2016\/05\/Oui-Oui-marcas-espa\u00f1olas-ropa-bebe-jersey-inicial-las-agujas-de-mama-600x600.jpg 600w\" sizes=\"auto, (max-width: 640px) 100vw, 640px\" \/><\/p>\n<p>Esta <strong>ranita color lima<\/strong> es una monada<\/p>\n<p><img loading=\"lazy\" decoding=\"async\" class=\"aligncenter size-large wp-image-4266\" src=\"https:\/\/oui-oui.es\/blog\/wp-content\/uploads\/2016\/05\/Oui-Oui-marcas-espa\u00f1olas-ropa-bebe-las-agujas-de-mam\u00e1-ranita-lima.jpg\" alt=\"Oui Oui-marcas espa\u00f1olas ropa bebe-las agujas de mam\u00e1-ranita lima\" width=\"590\" height=\"592\" srcset=\"https:\/\/oui-oui.es\/blog\/wp-content\/uploads\/2016\/05\/Oui-Oui-marcas-espa\u00f1olas-ropa-bebe-las-agujas-de-mam\u00e1-ranita-lima.jpg 590w, https:\/\/oui-oui.es\/blog\/wp-content\/uploads\/2016\/05\/Oui-Oui-marcas-espa\u00f1olas-ropa-bebe-las-agujas-de-mam\u00e1-ranita-lima-150x150.jpg 150w, https:\/\/oui-oui.es\/blog\/wp-content\/uploads\/2016\/05\/Oui-Oui-marcas-espa\u00f1olas-ropa-bebe-las-agujas-de-mam\u00e1-ranita-lima-300x300.jpg 300w\" sizes=\"auto, (max-width: 590px) 100vw, 590px\" \/><\/p>\n<p>Pero lo que acab\u00f3 de conquistarme fu\u00e9 esta <strong>ranita marinera<\/strong> \u00a1la necesito para Frida este verano!, ya me veo a los cuatro combinados con looks marineros en Asturias <span class=\"big\">&#x1f60d;<\/span><\/p>\n<p><img loading=\"lazy\" decoding=\"async\" class=\"aligncenter size-full wp-image-4267\" src=\"https:\/\/oui-oui.es\/blog\/wp-content\/uploads\/2016\/05\/Oui-Oui-marcas-espa\u00f1olas-ropa-bebe-las-agujas-de-mam\u00e1-ranita-marinera.jpg\" alt=\"Oui Oui-marcas espa\u00f1olas ropa bebe-las agujas de mam\u00e1-ranita marinera\" width=\"600\" height=\"595\" srcset=\"https:\/\/oui-oui.es\/blog\/wp-content\/uploads\/2016\/05\/Oui-Oui-marcas-espa\u00f1olas-ropa-bebe-las-agujas-de-mam\u00e1-ranita-marinera.jpg 600w, https:\/\/oui-oui.es\/blog\/wp-content\/uploads\/2016\/05\/Oui-Oui-marcas-espa\u00f1olas-ropa-bebe-las-agujas-de-mam\u00e1-ranita-marinera-150x150.jpg 150w, https:\/\/oui-oui.es\/blog\/wp-content\/uploads\/2016\/05\/Oui-Oui-marcas-espa\u00f1olas-ropa-bebe-las-agujas-de-mam\u00e1-ranita-marinera-300x298.jpg 300w\" sizes=\"auto, (max-width: 600px) 100vw, 600px\" \/><\/p>\n<p>&nbsp;<\/p>\n<p><a href=\"http:\/\/nottocbaby.com\"><span style=\"text-decoration: underline;\"><strong>Nottocbaby<\/strong><\/span><\/a><\/p>\n<p>Detr\u00e1s de esta firma est\u00e1 Liliana, mam\u00e1 de dos s\u00faper entregada, adem\u00e1s de prendas de punto hacen fundas para la cuna, yo ya les he encargado dos y doy fe del gusto por el trabajo bien hecho y acabado, el algod\u00f3n es s\u00faper gustoso y todo lo hacen con mucho estilo.<\/p>\n<p><a href=\"http:\/\/www.oui-oui.es\/2-detalles-decoracion-ninos-habitacion-pinterest\"><img loading=\"lazy\" decoding=\"async\" class=\"aligncenter size-large wp-image-4271\" src=\"https:\/\/oui-oui.es\/blog\/wp-content\/uploads\/2016\/05\/Oui-Oui-marcas-espa\u00f1olas-ropa-bebe-nottocbaby-cubre-cuna-chichonera-cuna-1024x1024.jpg\" alt=\"Oui Oui-marcas espa\u00f1olas ropa bebe-nottocbaby-cubre cuna-chichonera cuna\" width=\"1024\" height=\"1024\" srcset=\"https:\/\/oui-oui.es\/blog\/wp-content\/uploads\/2016\/05\/Oui-Oui-marcas-espa\u00f1olas-ropa-bebe-nottocbaby-cubre-cuna-chichonera-cuna-1024x1024.jpg 1024w, https:\/\/oui-oui.es\/blog\/wp-content\/uploads\/2016\/05\/Oui-Oui-marcas-espa\u00f1olas-ropa-bebe-nottocbaby-cubre-cuna-chichonera-cuna-150x150.jpg 150w, https:\/\/oui-oui.es\/blog\/wp-content\/uploads\/2016\/05\/Oui-Oui-marcas-espa\u00f1olas-ropa-bebe-nottocbaby-cubre-cuna-chichonera-cuna-300x300.jpg 300w, https:\/\/oui-oui.es\/blog\/wp-content\/uploads\/2016\/05\/Oui-Oui-marcas-espa\u00f1olas-ropa-bebe-nottocbaby-cubre-cuna-chichonera-cuna-768x768.jpg 768w, https:\/\/oui-oui.es\/blog\/wp-content\/uploads\/2016\/05\/Oui-Oui-marcas-espa\u00f1olas-ropa-bebe-nottocbaby-cubre-cuna-chichonera-cuna-600x600.jpg 600w\" sizes=\"auto, (max-width: 1024px) 100vw, 1024px\" \/><\/a><\/p>\n<p>Esta temporada nos ha sorprendido con <strong>vestidos para ni\u00f1as<\/strong> preciosos, si tuviera una ni\u00f1a m\u00e1s mayor, sin duda me hac\u00eda con \u00e9ste<\/p>\n<p><img loading=\"lazy\" decoding=\"async\" class=\"aligncenter size-large wp-image-4269\" src=\"https:\/\/oui-oui.es\/blog\/wp-content\/uploads\/2016\/05\/Oui-Oui-marcas-espa\u00f1olas-ropa-bebe-nottocbaby-vestido-mostaza.jpg\" alt=\"Oui Oui-marcas espa\u00f1olas ropa bebe-nottocbaby-vestido mostaza\" width=\"800\" height=\"740\" srcset=\"https:\/\/oui-oui.es\/blog\/wp-content\/uploads\/2016\/05\/Oui-Oui-marcas-espa\u00f1olas-ropa-bebe-nottocbaby-vestido-mostaza.jpg 800w, https:\/\/oui-oui.es\/blog\/wp-content\/uploads\/2016\/05\/Oui-Oui-marcas-espa\u00f1olas-ropa-bebe-nottocbaby-vestido-mostaza-300x278.jpg 300w, https:\/\/oui-oui.es\/blog\/wp-content\/uploads\/2016\/05\/Oui-Oui-marcas-espa\u00f1olas-ropa-bebe-nottocbaby-vestido-mostaza-768x710.jpg 768w, https:\/\/oui-oui.es\/blog\/wp-content\/uploads\/2016\/05\/Oui-Oui-marcas-espa\u00f1olas-ropa-bebe-nottocbaby-vestido-mostaza-600x555.jpg 600w\" sizes=\"auto, (max-width: 800px) 100vw, 800px\" \/><\/p>\n<p>De las prendas de beb\u00e9, me chiflan los <strong>culottes<\/strong><\/p>\n<p><img loading=\"lazy\" decoding=\"async\" class=\"aligncenter size-full wp-image-4268\" src=\"https:\/\/oui-oui.es\/blog\/wp-content\/uploads\/2016\/05\/Oui-Oui-marcas-espa\u00f1olas-ropa-bebe-nottocbaby-culotte-flores.jpg\" alt=\"Oui Oui-marcas espa\u00f1olas ropa bebe-nottocbaby-culotte flores\" width=\"800\" height=\"740\" srcset=\"https:\/\/oui-oui.es\/blog\/wp-content\/uploads\/2016\/05\/Oui-Oui-marcas-espa\u00f1olas-ropa-bebe-nottocbaby-culotte-flores.jpg 800w, https:\/\/oui-oui.es\/blog\/wp-content\/uploads\/2016\/05\/Oui-Oui-marcas-espa\u00f1olas-ropa-bebe-nottocbaby-culotte-flores-300x278.jpg 300w, https:\/\/oui-oui.es\/blog\/wp-content\/uploads\/2016\/05\/Oui-Oui-marcas-espa\u00f1olas-ropa-bebe-nottocbaby-culotte-flores-768x710.jpg 768w, https:\/\/oui-oui.es\/blog\/wp-content\/uploads\/2016\/05\/Oui-Oui-marcas-espa\u00f1olas-ropa-bebe-nottocbaby-culotte-flores-600x555.jpg 600w\" sizes=\"auto, (max-width: 800px) 100vw, 800px\" \/><\/p>\n<p><img loading=\"lazy\" decoding=\"async\" class=\"aligncenter size-full wp-image-4270\" src=\"https:\/\/oui-oui.es\/blog\/wp-content\/uploads\/2016\/05\/Oui-Oui-marcas-espa\u00f1olas-ropa-bebe-nottocbaby-culotte-rosa-volantes.jpg\" alt=\"Oui Oui-marcas espa\u00f1olas ropa bebe-nottocbaby-culotte rosa volantes\" width=\"800\" height=\"740\" srcset=\"https:\/\/oui-oui.es\/blog\/wp-content\/uploads\/2016\/05\/Oui-Oui-marcas-espa\u00f1olas-ropa-bebe-nottocbaby-culotte-rosa-volantes.jpg 800w, https:\/\/oui-oui.es\/blog\/wp-content\/uploads\/2016\/05\/Oui-Oui-marcas-espa\u00f1olas-ropa-bebe-nottocbaby-culotte-rosa-volantes-300x278.jpg 300w, https:\/\/oui-oui.es\/blog\/wp-content\/uploads\/2016\/05\/Oui-Oui-marcas-espa\u00f1olas-ropa-bebe-nottocbaby-culotte-rosa-volantes-768x710.jpg 768w, https:\/\/oui-oui.es\/blog\/wp-content\/uploads\/2016\/05\/Oui-Oui-marcas-espa\u00f1olas-ropa-bebe-nottocbaby-culotte-rosa-volantes-600x555.jpg 600w\" sizes=\"auto, (max-width: 800px) 100vw, 800px\" \/><\/p>\n<p><a href=\"http:\/\/www.tricocot.com\"><strong>Tricocot<\/strong><\/a><\/p>\n<p>Conoc\u00ed esta marca porque es una de las pocas que vende los calcetines de zorritos originales, ahora en verano me han encantado sus <strong>culottes de Liberty<\/strong>, a este paso veo que acabo con decenas de culottes para Frida&#8230;Son tan monos!<\/p>\n<p><img loading=\"lazy\" decoding=\"async\" class=\"aligncenter size-full wp-image-4272\" src=\"https:\/\/oui-oui.es\/blog\/wp-content\/uploads\/2016\/05\/Oui-Oui-marcas-espa\u00f1olas-ropa-bebe-tricocot-conjunto-culotte-liberty-Claire-Aude.jpg\" alt=\"Oui Oui-marcas espa\u00f1olas ropa bebe-tricocot-conjunto culotte liberty Claire-Aude\" width=\"600\" height=\"600\" srcset=\"https:\/\/oui-oui.es\/blog\/wp-content\/uploads\/2016\/05\/Oui-Oui-marcas-espa\u00f1olas-ropa-bebe-tricocot-conjunto-culotte-liberty-Claire-Aude.jpg 600w, https:\/\/oui-oui.es\/blog\/wp-content\/uploads\/2016\/05\/Oui-Oui-marcas-espa\u00f1olas-ropa-bebe-tricocot-conjunto-culotte-liberty-Claire-Aude-150x150.jpg 150w, https:\/\/oui-oui.es\/blog\/wp-content\/uploads\/2016\/05\/Oui-Oui-marcas-espa\u00f1olas-ropa-bebe-tricocot-conjunto-culotte-liberty-Claire-Aude-300x300.jpg 300w\" sizes=\"auto, (max-width: 600px) 100vw, 600px\" \/><\/p>\n<p>&nbsp;<\/p>\n<p><span style=\"text-decoration: underline;\"><strong>Elefantine<\/strong><\/span><\/p>\n<p>A priori parec\u00eda que el negro no era para los ni\u00f1os pero marcas como Elefantine est\u00e1n demostrando que con gusto y estilo pueden crearse conjuntos incre\u00edbles<\/p>\n<p><img loading=\"lazy\" decoding=\"async\" class=\"aligncenter size-full wp-image-4275\" src=\"https:\/\/oui-oui.es\/blog\/wp-content\/uploads\/2016\/05\/Oui-Oui-marcas-espa\u00f1olas-ropa-beb\u00e9s-Elefantine-SS16-by-Cosolita-Kids.png\" alt=\"Oui Oui-marcas espa\u00f1olas ropa beb\u00e9s-Elefantine-SS16-by-Cosolita-Kids\" width=\"520\" height=\"400\" srcset=\"https:\/\/oui-oui.es\/blog\/wp-content\/uploads\/2016\/05\/Oui-Oui-marcas-espa\u00f1olas-ropa-beb\u00e9s-Elefantine-SS16-by-Cosolita-Kids.png 520w, https:\/\/oui-oui.es\/blog\/wp-content\/uploads\/2016\/05\/Oui-Oui-marcas-espa\u00f1olas-ropa-beb\u00e9s-Elefantine-SS16-by-Cosolita-Kids-300x231.png 300w\" sizes=\"auto, (max-width: 520px) 100vw, 520px\" \/><\/p>\n<p>Para Frida me pido su <strong>braguita de ba\u00f1o vichy<\/strong><\/p>\n<p><img loading=\"lazy\" decoding=\"async\" class=\"aligncenter size-full wp-image-4274\" src=\"https:\/\/oui-oui.es\/blog\/wp-content\/uploads\/2016\/05\/Oui-Oui-marcas-espa\u00f1olas-ropa-beb\u00e9s-Elefantine-braguita-ba\u00f1o-beb\u00e9-vichy-negro.jpg\" alt=\"Oui Oui-marcas espa\u00f1olas ropa beb\u00e9s-Elefantine-braguita ba\u00f1o beb\u00e9-vichy negro\" width=\"300\" height=\"225\" \/><\/p>\n<p>Por cierto, que este fin de semana har\u00e1n una <strong>venta especial<\/strong> en el <strong>Hotel AC Retiro (6,7 y 8 de mayo de 11 a 20h V Y S y hasta las 14h el domingo)<\/strong><\/p>\n<p><a href=\"https:\/\/www.facebook.com\/EugenieHandmade\/\"><span style=\"text-decoration: underline;\"><strong>Eugenie handmade<\/strong><\/span><\/a><\/p>\n<p>Marca espa\u00f1ola, de madre emprendedora y hecha a mano, <strong>sus ranitas de punto son una gozada<\/strong>, hay que tocarlas para darse cuenta, Frida tiene una color mint palo que es una monada.<\/p>\n<p><a href=\"http:\/\/www.oui-oui.es\/detalles-decoracion-ninos-habitacion-pinterest\/725-jirafa-sophie.html\"><img loading=\"lazy\" decoding=\"async\" class=\"aligncenter size-large wp-image-4277\" src=\"https:\/\/oui-oui.es\/blog\/wp-content\/uploads\/2016\/05\/Oui-Oui-marcas-espa\u00f1olas-ropa-bebe-EUGENIE-HANDMADE-RANITA-VERDE-1024x1024.jpg\" alt=\"Oui Oui-marcas espa\u00f1olas ropa bebe-EUGENIE HANDMADE-RANITA VERDE\" width=\"1024\" height=\"1024\" srcset=\"https:\/\/oui-oui.es\/blog\/wp-content\/uploads\/2016\/05\/Oui-Oui-marcas-espa\u00f1olas-ropa-bebe-EUGENIE-HANDMADE-RANITA-VERDE-1024x1024.jpg 1024w, https:\/\/oui-oui.es\/blog\/wp-content\/uploads\/2016\/05\/Oui-Oui-marcas-espa\u00f1olas-ropa-bebe-EUGENIE-HANDMADE-RANITA-VERDE-150x150.jpg 150w, https:\/\/oui-oui.es\/blog\/wp-content\/uploads\/2016\/05\/Oui-Oui-marcas-espa\u00f1olas-ropa-bebe-EUGENIE-HANDMADE-RANITA-VERDE-300x300.jpg 300w, https:\/\/oui-oui.es\/blog\/wp-content\/uploads\/2016\/05\/Oui-Oui-marcas-espa\u00f1olas-ropa-bebe-EUGENIE-HANDMADE-RANITA-VERDE-768x768.jpg 768w, https:\/\/oui-oui.es\/blog\/wp-content\/uploads\/2016\/05\/Oui-Oui-marcas-espa\u00f1olas-ropa-bebe-EUGENIE-HANDMADE-RANITA-VERDE-600x600.jpg 600w\" sizes=\"auto, (max-width: 1024px) 100vw, 1024px\" \/><\/a><\/p>\n<p>Tiene prendas m\u00e1s cl\u00e1sica como un fald\u00f3n con jersey o ranitas ideales para verano, a\u00fan no tiene tienda online pero si clicas en su nombre te llevar\u00e1 a su p\u00e1gina de FB \ud83d\ude09<\/p>\n<p><img loading=\"lazy\" decoding=\"async\" class=\"aligncenter size-full wp-image-4276\" src=\"https:\/\/oui-oui.es\/blog\/wp-content\/uploads\/2016\/05\/Oui-Oui-marcas-espa\u00f1olas-ropa-bebe-EUGENIE-HANDMADE-fald\u00f3n-topo.jpg\" alt=\"Oui Oui-marcas espa\u00f1olas ropa bebe-EUGENIE HANDMADE-fald\u00f3n topo\" width=\"594\" height=\"593\" srcset=\"https:\/\/oui-oui.es\/blog\/wp-content\/uploads\/2016\/05\/Oui-Oui-marcas-espa\u00f1olas-ropa-bebe-EUGENIE-HANDMADE-fald\u00f3n-topo.jpg 594w, https:\/\/oui-oui.es\/blog\/wp-content\/uploads\/2016\/05\/Oui-Oui-marcas-espa\u00f1olas-ropa-bebe-EUGENIE-HANDMADE-fald\u00f3n-topo-150x150.jpg 150w, https:\/\/oui-oui.es\/blog\/wp-content\/uploads\/2016\/05\/Oui-Oui-marcas-espa\u00f1olas-ropa-bebe-EUGENIE-HANDMADE-fald\u00f3n-topo-300x300.jpg 300w\" sizes=\"auto, (max-width: 594px) 100vw, 594px\" \/><\/p>\n<p>\u00bfSabes de alguna marca m\u00e1s que merezca la pena conocer? \u00a1cu\u00e9ntamela!<\/p>\n<p>&nbsp;<\/p>\n<p>&nbsp;<\/p>\n<p>&nbsp;<\/p>\n<p>&nbsp;<\/p>\n<p>&nbsp;<\/p>\n<p>&nbsp;<\/p>\n<p>&nbsp;<\/p>\n<p>&nbsp;<\/p>\n<p>&nbsp;<\/p>\n<p>&nbsp;<\/p>\n","protected":false},"excerpt":{"rendered":"<p>Este post es la continuaci\u00f3n del de 10 marcas de ropa espa\u00f1olas para beb\u00e9, cada semana descubro marcas nuevas que me encantan, muchas espa\u00f1olas y otras no, pero me pareci\u00f3 interesante dividirlas as\u00ed, como no me cab\u00edan todas en un post, aqu\u00ed va la segunda tanda \ud83d\ude09 Las agujas de mam\u00e1 De esta marca de [&hellip;]<\/p>\n","protected":false},"author":1,"featured_media":4265,"comment_status":"open","ping_status":"open","sticky":false,"template":"","format":"standard","meta":{"jetpack_post_was_ever_published":false,"_jetpack_newsletter_access":"","_jetpack_dont_email_post_to_subs":false,"_jetpack_newsletter_tier_id":0,"_jetpack_memberships_contains_paywalled_content":false,"_jetpack_memberships_contains_paid_content":false,"footnotes":"","jetpack_publicize_message":"","jetpack_publicize_feature_enabled":true,"jetpack_social_post_already_shared":true,"jetpack_social_options":{"image_generator_settings":{"template":"highway","default_image_id":0,"font":"","enabled":false},"version":2}},"categories":[535,174],"tags":[700,719,753],"class_list":["post-4264","post","type-post","status-publish","format-standard","has-post-thumbnail","hentry","category-maternidad","category-ninos","tag-compras-bebe","tag-ropa-bebes-y-ninos","tag-wishlistfrida"],"aioseo_notices":[],"jetpack_publicize_connections":[],"jetpack_featured_media_url":"https:\/\/oui-oui.es\/blog\/wp-content\/uploads\/2016\/05\/Oui-Oui-marcas-espa\u00f1olas-ropa-bebe-jersey-inicial-las-agujas-de-mama.jpg","jetpack_sharing_enabled":true,"jetpack-related-posts":[{"id":4208,"url":"https:\/\/oui-oui.es\/blog\/10-marcas-de-ropa-espanolas-para-bebes\/","url_meta":{"origin":4264,"position":0},"title":"10 marcas de ropa espa\u00f1olas para beb\u00e9s","author":"Mar\u00eda \u2665Oui Oui\u2665","date":"21 abril, 2016","format":false,"excerpt":"Creo que cada d\u00eda descubro una marca nueva de ropa para beb\u00e9s y ni\u00f1os,espa\u00f1ola o extranjera, se est\u00e1 conviertiendo en una perdici\u00f3n y me encantar\u00eda que Instagram me dejara hacer listas para organizarlas mejor, mientras, he pensado ir haciendo post poco a poco con mis favoritas, empiezo seleccionando 10 marcas\u2026","rel":"","context":"En \u00abNI\u00d1OS Y NI\u00d1AS\u00bb","block_context":{"text":"NI\u00d1OS Y NI\u00d1AS","link":"https:\/\/oui-oui.es\/blog\/category\/ninos\/"},"img":{"alt_text":"","src":"https:\/\/i0.wp.com\/oui-oui.es\/blog\/wp-content\/uploads\/2016\/04\/Oui-Oui-marcas-espa%C3%B1olas-ropa-bebe-punto-poleomenta-tejiendo-patucos.jpg?resize=350%2C200&ssl=1","width":350,"height":200,"srcset":"https:\/\/i0.wp.com\/oui-oui.es\/blog\/wp-content\/uploads\/2016\/04\/Oui-Oui-marcas-espa%C3%B1olas-ropa-bebe-punto-poleomenta-tejiendo-patucos.jpg?resize=350%2C200&ssl=1 1x, https:\/\/i0.wp.com\/oui-oui.es\/blog\/wp-content\/uploads\/2016\/04\/Oui-Oui-marcas-espa%C3%B1olas-ropa-bebe-punto-poleomenta-tejiendo-patucos.jpg?resize=525%2C300&ssl=1 1.5x, https:\/\/i0.wp.com\/oui-oui.es\/blog\/wp-content\/uploads\/2016\/04\/Oui-Oui-marcas-espa%C3%B1olas-ropa-bebe-punto-poleomenta-tejiendo-patucos.jpg?resize=700%2C400&ssl=1 2x"},"classes":[]},{"id":8614,"url":"https:\/\/oui-oui.es\/blog\/6-prendas-de-6-de-mis-marcas-favoritas-de-ropa-infantil\/","url_meta":{"origin":4264,"position":1},"title":"6 prendas de 6 de mis marcas favoritas de ropa infantil","author":"Mar\u00eda \u2665Oui Oui\u2665","date":"10 octubre, 2017","format":false,"excerpt":"Aunque con este tiempazo que est\u00e1 haciendo parece que no va a llegar el verdadero oto\u00f1o, yo necesito hacer el cambio de ropa or una cuesti\u00f3n de organizaci\u00f3n mental. Hace dos semanas hice el cambio de ropa de los ni\u00f1os (es m\u00e1s f\u00e1cil porque la ropa de verano les quedar\u00e1\u2026","rel":"","context":"En \u00abNI\u00d1OS Y NI\u00d1AS\u00bb","block_context":{"text":"NI\u00d1OS Y NI\u00d1AS","link":"https:\/\/oui-oui.es\/blog\/category\/ninos\/"},"img":{"alt_text":"","src":"https:\/\/i0.wp.com\/oui-oui.es\/blog\/wp-content\/uploads\/2017\/10\/Oui-Oui-carrito-mimbre-amarillo-manee-kids-tanzania-2017.jpg?resize=350%2C200&ssl=1","width":350,"height":200,"srcset":"https:\/\/i0.wp.com\/oui-oui.es\/blog\/wp-content\/uploads\/2017\/10\/Oui-Oui-carrito-mimbre-amarillo-manee-kids-tanzania-2017.jpg?resize=350%2C200&ssl=1 1x, https:\/\/i0.wp.com\/oui-oui.es\/blog\/wp-content\/uploads\/2017\/10\/Oui-Oui-carrito-mimbre-amarillo-manee-kids-tanzania-2017.jpg?resize=525%2C300&ssl=1 1.5x, https:\/\/i0.wp.com\/oui-oui.es\/blog\/wp-content\/uploads\/2017\/10\/Oui-Oui-carrito-mimbre-amarillo-manee-kids-tanzania-2017.jpg?resize=700%2C400&ssl=1 2x"},"classes":[]},{"id":5451,"url":"https:\/\/oui-oui.es\/blog\/baby-bloom-kids-ropa-de-ninos-con-aires-del-sur\/","url_meta":{"origin":4264,"position":2},"title":"Baby Bloom Kids | Ropa de ni\u00f1os con aires del sur","author":"Mar\u00eda \u2665Oui Oui\u2665","date":"26 mayo, 2017","format":false,"excerpt":"\u00a0 Hace unas semanas pude conocer la nueva marca de ropa para ni\u00f1os Baby Bloom Kids, creada por Beatriz Mira Hafner y su madre. La verdad es que me encanta conocer marcas nuevas para comprarle ropa a Mart\u00edn y a Frida\u00a0 un poco diferente a la que vemos todos los\u2026","rel":"","context":"En \u00abNI\u00d1OS Y NI\u00d1AS\u00bb","block_context":{"text":"NI\u00d1OS Y NI\u00d1AS","link":"https:\/\/oui-oui.es\/blog\/category\/ninos\/"},"img":{"alt_text":"","src":"https:\/\/i0.wp.com\/oui-oui.es\/blog\/wp-content\/uploads\/2017\/05\/Oui-Oui-baby-bloom-kids-ropa-ni%C3%B1os-beatriz-mira-hafner-logo.png?resize=350%2C200&ssl=1","width":350,"height":200},"classes":[]},{"id":2440,"url":"https:\/\/oui-oui.es\/blog\/erase-una-vez-ropa-de-bebe\/","url_meta":{"origin":4264,"position":3},"title":"\u00c9rase una vez&#8230;Ropa de beb\u00e9","author":"Mar\u00eda \u2665Oui Oui\u2665","date":"5 junio, 2015","format":false,"excerpt":"Encontrar marcas de ropa de beb\u00e9 o ni\u00f1os que seas monas y asequibles no es f\u00e1cil, por eso hoy quer\u00eda compartir con vosotros la marca de ropa de beb\u00e9 100% espa\u00f1ola \u00c9rase una vez; una marca que lleva muy poquito tiempo pero que su fundadora, Gabriela, est\u00e1 haciendo crecer poco\u2026","rel":"","context":"En \u00abMATERNIDAD\u00bb","block_context":{"text":"MATERNIDAD","link":"https:\/\/oui-oui.es\/blog\/category\/maternidad\/"},"img":{"alt_text":"","src":"https:\/\/i0.wp.com\/oui-oui.es\/blog\/wp-content\/uploads\/2015\/06\/oui-oui-blog-ropa-bebe-erase-una-vez-ropa-bebe-mona-buen-precio-5.jpg?resize=350%2C200&ssl=1","width":350,"height":200,"srcset":"https:\/\/i0.wp.com\/oui-oui.es\/blog\/wp-content\/uploads\/2015\/06\/oui-oui-blog-ropa-bebe-erase-una-vez-ropa-bebe-mona-buen-precio-5.jpg?resize=350%2C200&ssl=1 1x, https:\/\/i0.wp.com\/oui-oui.es\/blog\/wp-content\/uploads\/2015\/06\/oui-oui-blog-ropa-bebe-erase-una-vez-ropa-bebe-mona-buen-precio-5.jpg?resize=525%2C300&ssl=1 1.5x"},"classes":[]},{"id":8737,"url":"https:\/\/oui-oui.es\/blog\/los-imprescindibles-de-trixi-kids-ropa-de-diseno-para-ninos\/","url_meta":{"origin":4264,"position":4},"title":"Los imprescindibles de Trixi Kids | Ropa de dise\u00f1o para ni\u00f1os","author":"Mar\u00eda \u2665Oui Oui\u2665","date":"21 noviembre, 2017","format":false,"excerpt":"Uno de mis prop\u00f3sitos de este oto\u00f1o era hacerles looks a los ni\u00f1os, de forma que no tuviera que pensar mucho...Estamos a 21 de noviembre y a\u00fan no los he hecho tan bien c\u00f3mo ten\u00eda en mente (con foto y todo, as\u00ed ser\u00eda f\u00e1cil para todos si les viste otra\u2026","rel":"","context":"En \u00abNI\u00d1OS Y NI\u00d1AS\u00bb","block_context":{"text":"NI\u00d1OS Y NI\u00d1AS","link":"https:\/\/oui-oui.es\/blog\/category\/ninos\/"},"img":{"alt_text":"","src":"https:\/\/i0.wp.com\/oui-oui.es\/blog\/wp-content\/uploads\/2017\/11\/Oui-Oui-frida-con-conjunto-Trixi-e1511268217585.jpg?resize=350%2C200&ssl=1","width":350,"height":200,"srcset":"https:\/\/i0.wp.com\/oui-oui.es\/blog\/wp-content\/uploads\/2017\/11\/Oui-Oui-frida-con-conjunto-Trixi-e1511268217585.jpg?resize=350%2C200&ssl=1 1x, https:\/\/i0.wp.com\/oui-oui.es\/blog\/wp-content\/uploads\/2017\/11\/Oui-Oui-frida-con-conjunto-Trixi-e1511268217585.jpg?resize=525%2C300&ssl=1 1.5x, https:\/\/i0.wp.com\/oui-oui.es\/blog\/wp-content\/uploads\/2017\/11\/Oui-Oui-frida-con-conjunto-Trixi-e1511268217585.jpg?resize=700%2C400&ssl=1 2x, https:\/\/i0.wp.com\/oui-oui.es\/blog\/wp-content\/uploads\/2017\/11\/Oui-Oui-frida-con-conjunto-Trixi-e1511268217585.jpg?resize=1050%2C600&ssl=1 3x"},"classes":[]},{"id":8868,"url":"https:\/\/oui-oui.es\/blog\/olivia-ann-moda-infantil-espanola-triunfando-en-australia\/","url_meta":{"origin":4264,"position":5},"title":"Olivia Ann | Moda infantil espa\u00f1ola triunfando en Australia","author":"Mar\u00eda \u2665Oui Oui\u2665","date":"2 marzo, 2018","format":false,"excerpt":"Seguro que los que hab\u00e9is vivido fuera de Espa\u00f1a hab\u00e9is notado lo mucho que valoran en el extranjero much\u00edsimas cosas de aqu\u00ed, desde la gastronom\u00eda a la moda, especialmente la moda infantil. Mi cu\u00f1ada es de fuera y siempre que viene se lleva ropa para sus sobrinos, ya sea para\u2026","rel":"","context":"En \u00abEMPRENDEDORAS\u00bb","block_context":{"text":"EMPRENDEDORAS","link":"https:\/\/oui-oui.es\/blog\/category\/mentoring-emprendedores\/"},"img":{"alt_text":"","src":"https:\/\/i0.wp.com\/oui-oui.es\/blog\/wp-content\/uploads\/2018\/03\/Oui-Oui-olivia-ann-spanish-kids-fashion-australia-vender-ropa-infantil-en-australia.jpg?resize=350%2C200&ssl=1","width":350,"height":200,"srcset":"https:\/\/i0.wp.com\/oui-oui.es\/blog\/wp-content\/uploads\/2018\/03\/Oui-Oui-olivia-ann-spanish-kids-fashion-australia-vender-ropa-infantil-en-australia.jpg?resize=350%2C200&ssl=1 1x, https:\/\/i0.wp.com\/oui-oui.es\/blog\/wp-content\/uploads\/2018\/03\/Oui-Oui-olivia-ann-spanish-kids-fashion-australia-vender-ropa-infantil-en-australia.jpg?resize=525%2C300&ssl=1 1.5x"},"classes":[]}],"_links":{"self":[{"href":"https:\/\/oui-oui.es\/blog\/wp-json\/wp\/v2\/posts\/4264","targetHints":{"allow":["GET"]}}],"collection":[{"href":"https:\/\/oui-oui.es\/blog\/wp-json\/wp\/v2\/posts"}],"about":[{"href":"https:\/\/oui-oui.es\/blog\/wp-json\/wp\/v2\/types\/post"}],"author":[{"embeddable":true,"href":"https:\/\/oui-oui.es\/blog\/wp-json\/wp\/v2\/users\/1"}],"replies":[{"embeddable":true,"href":"https:\/\/oui-oui.es\/blog\/wp-json\/wp\/v2\/comments?post=4264"}],"version-history":[{"count":1,"href":"https:\/\/oui-oui.es\/blog\/wp-json\/wp\/v2\/posts\/4264\/revisions"}],"predecessor-version":[{"id":4278,"href":"https:\/\/oui-oui.es\/blog\/wp-json\/wp\/v2\/posts\/4264\/revisions\/4278"}],"wp:featuredmedia":[{"embeddable":true,"href":"https:\/\/oui-oui.es\/blog\/wp-json\/wp\/v2\/media\/4265"}],"wp:attachment":[{"href":"https:\/\/oui-oui.es\/blog\/wp-json\/wp\/v2\/media?parent=4264"}],"wp:term":[{"taxonomy":"category","embeddable":true,"href":"https:\/\/oui-oui.es\/blog\/wp-json\/wp\/v2\/categories?post=4264"},{"taxonomy":"post_tag","embeddable":true,"href":"https:\/\/oui-oui.es\/blog\/wp-json\/wp\/v2\/tags?post=4264"}],"curies":[{"name":"wp","href":"https:\/\/api.w.org\/{rel}","templated":true}]}}