{"id":427,"date":"2012-11-19T00:00:09","date_gmt":"2012-11-18T22:00:09","guid":{"rendered":"http:\/\/ouiouiblog.wordpress.com\/?p=1"},"modified":"2012-11-19T00:00:09","modified_gmt":"2012-11-18T22:00:09","slug":"el-primer-pasito-de-oui-oui","status":"publish","type":"post","link":"https:\/\/oui-oui.es\/blog\/el-primer-pasito-de-oui-oui\/","title":{"rendered":"El primer pasito de Oui Oui"},"content":{"rendered":"<div id=\"attachment_78\" style=\"width: 410px\" class=\"wp-caption aligncenter\"><a href=\"http:\/\/ouiouiblog.files.wordpress.com\/2012\/11\/oui-oui-emprender-poner-en-marcha-proyecto-momento-empezar.jpg\"><img loading=\"lazy\" decoding=\"async\" aria-describedby=\"caption-attachment-78\" class=\"size-full wp-image-78\" title=\"Oui Oui-emprender-poner en marcha proyecto-momento-empezar\" alt=\"\" src=\"http:\/\/ouiouiblog.files.wordpress.com\/2012\/11\/oui-oui-emprender-poner-en-marcha-proyecto-momento-empezar.jpg\" height=\"500\" width=\"400\" srcset=\"https:\/\/oui-oui.es\/blog\/wp-content\/uploads\/oui-oui-emprender-poner-en-marcha-proyecto-momento-empezar.jpg 400w, https:\/\/oui-oui.es\/blog\/wp-content\/uploads\/oui-oui-emprender-poner-en-marcha-proyecto-momento-empezar-240x300.jpg 240w\" sizes=\"auto, (max-width: 400px) 100vw, 400px\" \/><\/a><p id=\"caption-attachment-78\" class=\"wp-caption-text\">Pinterest Oui Oui<\/p><\/div>\n<p style=\"text-align:center;\">Comenzar un proyecto nuevo siempre es emocionante, con muchas ganas de que vayan saliendo las cosas, pero mezclado con un poco de v\u00e9rtigo y nervios.<\/p>\n<p style=\"text-align:center;\">Y as\u00ed me encuentro ahora ante el blog de Oui Oui, aunque llevo escribiendo otro blog m\u00e1s de cuatro a\u00f1os &#8211;<a href=\"http:\/\/superfluo-imprescindible.blogspot.com.es\/\" target=\"_blank\">Superfluo Imprescindible<\/a>&#8211; es como si empezara de nuevo (algo influye el cambio de Blogger a WordPress, a ver si me hago pronto a la plataforma!).<\/p>\n<div id=\"attachment_70\" style=\"width: 510px\" class=\"wp-caption aligncenter\"><a href=\"http:\/\/ouiouiblog.files.wordpress.com\/2012\/11\/luces-berbena-colores-boda-fiesta1.jpg\"><img loading=\"lazy\" decoding=\"async\" aria-describedby=\"caption-attachment-70\" class=\"size-full wp-image-70\" title=\"Luces-berbena-colores-boda-fiesta\" alt=\"\" src=\"http:\/\/ouiouiblog.files.wordpress.com\/2012\/11\/luces-berbena-colores-boda-fiesta1.jpg\" height=\"683\" width=\"500\" srcset=\"https:\/\/oui-oui.es\/blog\/wp-content\/uploads\/luces-berbena-colores-boda-fiesta1.jpg 500w, https:\/\/oui-oui.es\/blog\/wp-content\/uploads\/luces-berbena-colores-boda-fiesta1-219x300.jpg 219w\" sizes=\"auto, (max-width: 500px) 100vw, 500px\" \/><\/a><p id=\"caption-attachment-70\" class=\"wp-caption-text\">Pinterest Oui Oui<\/p><\/div>\n<p style=\"text-align:center;\">Pero aqu\u00ed estoy, escribiendo, poniendo la primera piedrecita de mi proyecto, mi ilusi\u00f3n, que es Oui Oui y que espero poder descubriros en unos meses.<\/p>\n<div id=\"attachment_77\" style=\"width: 492px\" class=\"wp-caption aligncenter\"><a href=\"http:\/\/ouiouiblog.files.wordpress.com\/2012\/11\/oui-oui-claudia-cardinale-mujer-bici-vestido-novia.jpg\"><img loading=\"lazy\" decoding=\"async\" aria-describedby=\"caption-attachment-77\" class=\"size-full wp-image-77\" title=\"Oui Oui-Claudia Cardinale-mujer-bici-vestido novia\" alt=\"\" src=\"http:\/\/ouiouiblog.files.wordpress.com\/2012\/11\/oui-oui-claudia-cardinale-mujer-bici-vestido-novia.jpg\" height=\"685\" width=\"482\" srcset=\"https:\/\/oui-oui.es\/blog\/wp-content\/uploads\/oui-oui-claudia-cardinale-mujer-bici-vestido-novia.jpg 482w, https:\/\/oui-oui.es\/blog\/wp-content\/uploads\/oui-oui-claudia-cardinale-mujer-bici-vestido-novia-211x300.jpg 211w\" sizes=\"auto, (max-width: 482px) 100vw, 482px\" \/><\/a><p id=\"caption-attachment-77\" class=\"wp-caption-text\">Pinterest Oui Oui<\/p><\/div>\n<p style=\"text-align:center;\">\u00bfQue encontrar\u00e1s en el blog de Oui Oui?, muchas ideas e inspiraci\u00f3n; para llenar de detalles tu boda, pero tambi\u00e9n para organizar cualquier celebraci\u00f3n; la inauguraci\u00f3n de tu casa, un bautizo, la fiesta de graduaci\u00f3n, un cambio profesional, una babyshower o una despedida de soltera (o casada!) diferente.<\/p>\n<div id=\"attachment_73\" style=\"width: 539px\" class=\"wp-caption aligncenter\"><a href=\"http:\/\/ouiouiblog.files.wordpress.com\/2012\/11\/mesa-en-el-campo-chic-oui-oui.jpg\"><img loading=\"lazy\" decoding=\"async\" aria-describedby=\"caption-attachment-73\" class=\"size-full wp-image-73  \" title=\"Mesa en el campo-chic-Oui Oui\" alt=\"\" src=\"http:\/\/ouiouiblog.files.wordpress.com\/2012\/11\/mesa-en-el-campo-chic-oui-oui.jpg\" height=\"352\" width=\"529\" srcset=\"https:\/\/oui-oui.es\/blog\/wp-content\/uploads\/mesa-en-el-campo-chic-oui-oui.jpg 554w, https:\/\/oui-oui.es\/blog\/wp-content\/uploads\/mesa-en-el-campo-chic-oui-oui-300x199.jpg 300w\" sizes=\"auto, (max-width: 529px) 100vw, 529px\" \/><\/a><p id=\"caption-attachment-73\" class=\"wp-caption-text\">Pinterest Oui Oui<\/p><\/div>\n<p style=\"text-align:center;\">Cualquier ocasi\u00f3n es perfecta para hacerla especial al personalizarla y celebrarla con los que m\u00e1s quieres.<\/p>\n<div id=\"attachment_82\" style=\"width: 453px\" class=\"wp-caption aligncenter\"><a href=\"http:\/\/ouiouiblog.files.wordpress.com\/2012\/11\/oui-oui-pompones-rosas-empolvados-decoracion-fiesta-nic3b1a.jpg\"><img loading=\"lazy\" decoding=\"async\" aria-describedby=\"caption-attachment-82\" class=\"size-full wp-image-82 \" title=\"Oui Oui-pompones-rosas-empolvados-decoracion fiesta ni\u00f1a\" alt=\"\" src=\"http:\/\/ouiouiblog.files.wordpress.com\/2012\/11\/oui-oui-pompones-rosas-empolvados-decoracion-fiesta-nic3b1a.jpg\" height=\"589\" width=\"443\" srcset=\"https:\/\/oui-oui.es\/blog\/wp-content\/uploads\/oui-oui-pompones-rosas-empolvados-decoracion-fiesta-nic3b1a.jpg 443w, https:\/\/oui-oui.es\/blog\/wp-content\/uploads\/oui-oui-pompones-rosas-empolvados-decoracion-fiesta-nic3b1a-225x300.jpg 225w\" sizes=\"auto, (max-width: 443px) 100vw, 443px\" \/><\/a><p id=\"caption-attachment-82\" class=\"wp-caption-text\">Pinterest Oui Oui<\/p><\/div>\n<p style=\"text-align:center;\">Me encantan las fiestas, los peque\u00f1os y grandes detalles, recibir en casa y darle <em>mi toque<\/em> a todo lo que hago, me encantar\u00eda que me acompa\u00f1\u00e1seis en esta nueva aventura.<\/p>\n<p style=\"text-align:center;\">Adem\u00e1s de a trav\u00e9s del blog, pod\u00e9is hacerlo v\u00eda <a href=\"https:\/\/www.facebook.com\/OuiOuiDetalles\" target=\"_blank\">Facebook<\/a> , <a href=\"https:\/\/twitter.com\/OuiOuiDetalles\" target=\"_blank\">Twitter<\/a> y <a href=\"http:\/\/pinterest.com\/ouiouidetalles\/\" target=\"_blank\">Pinterest<\/a><\/p>\n<p style=\"text-align:center;\"><a href=\"http:\/\/ouiouiblog.files.wordpress.com\/2012\/11\/oui-oui-fiesta-original-boda-personalizada-detalles-chic-2.jpg\"><img loading=\"lazy\" decoding=\"async\" class=\"aligncenter size-full wp-image-72\" title=\"Oui Oui-fiesta-original-boda-personalizada-detalles-chic (2)\" alt=\"\" src=\"http:\/\/ouiouiblog.files.wordpress.com\/2012\/11\/oui-oui-fiesta-original-boda-personalizada-detalles-chic-2.jpg\" height=\"130\" width=\"330\" srcset=\"https:\/\/oui-oui.es\/blog\/wp-content\/uploads\/oui-oui-fiesta-original-boda-personalizada-detalles-chic-2.jpg 330w, https:\/\/oui-oui.es\/blog\/wp-content\/uploads\/oui-oui-fiesta-original-boda-personalizada-detalles-chic-2-300x118.jpg 300w\" sizes=\"auto, (max-width: 330px) 100vw, 330px\" \/><\/a><\/p>\n<p style=\"text-align:center;\">Y si tienes alguna idea, propuesta, conoces una boda preciosa para publicar o necesitas asesoramiento&#8230;Puedes contactarnos en ouidigame@oui-oui.es<\/p>\n<p style=\"text-align:center;\">Ma\u00f1ana empieza el viaje!&#8230;El segundo post no pod\u00eda ser otro que el de nuestra boda!<\/p>\n","protected":false},"excerpt":{"rendered":"<p>Comenzar un proyecto nuevo siempre es emocionante, con muchas ganas de que vayan saliendo las cosas, pero mezclado con un poco de v\u00e9rtigo y nervios. Y as\u00ed me encuentro ahora ante el blog de Oui Oui, aunque llevo escribiendo otro blog m\u00e1s de cuatro a\u00f1os &#8211;Superfluo Imprescindible&#8211; es como si empezara de nuevo (algo influye [&hellip;]<\/p>\n","protected":false},"author":1,"featured_media":78,"comment_status":"open","ping_status":"open","sticky":false,"template":"","format":"standard","meta":{"jetpack_post_was_ever_published":false,"_jetpack_newsletter_access":"","_jetpack_dont_email_post_to_subs":false,"_jetpack_newsletter_tier_id":0,"_jetpack_memberships_contains_paywalled_content":false,"_jetpack_memberships_contains_paid_content":false,"footnotes":"","jetpack_publicize_message":"","jetpack_publicize_feature_enabled":true,"jetpack_social_post_already_shared":false,"jetpack_social_options":{"image_generator_settings":{"template":"highway","default_image_id":0,"font":"","enabled":false},"version":2}},"categories":[13],"tags":[718,722,90,733,734],"class_list":["post-427","post","type-post","status-publish","format-standard","has-post-thumbnail","hentry","category-oui-oui","tag-bodas","tag-despedida-de-soltera","tag-fiesta-personalizada","tag-oui-oui-concept-store","tag-regalos"],"aioseo_notices":[],"jetpack_publicize_connections":[],"jetpack_featured_media_url":"https:\/\/oui-oui.es\/blog\/wp-content\/uploads\/oui-oui-emprender-poner-en-marcha-proyecto-momento-empezar.jpg","jetpack_sharing_enabled":true,"jetpack-related-posts":[{"id":3325,"url":"https:\/\/oui-oui.es\/blog\/ideas-para-anunciar-el-segundo-embarazo-una-gran-noticia\/","url_meta":{"origin":427,"position":0},"title":"Ideas para anunciar el segundo embarazo + una gran noticia!","author":"Mar\u00eda \u2665Oui Oui\u2665","date":"16 septiembre, 2015","format":false,"excerpt":"He empezado la vuelta al curso con muchas ganas, de darlo todo en este \u00faltimo trimestre (o primero, seg\u00fan se mire), espero poder compartir con vosotros pronto varias novedades en Oui Oui, pero antes, una noticia personal que me apetec\u00eda mucho compartir!...En 2016 seremos padres de nuevo!!!, el embarazo va\u2026","rel":"","context":"En \u00abMATERNIDAD\u00bb","block_context":{"text":"MATERNIDAD","link":"https:\/\/oui-oui.es\/blog\/category\/maternidad\/"},"img":{"alt_text":"","src":"https:\/\/i0.wp.com\/oui-oui.es\/blog\/wp-content\/uploads\/2015\/09\/Oui-Oui-anuncio-segundo-embarazo-babyoui-martin-pizarra-con-cosas-que-hacer-5.jpg?resize=350%2C200&ssl=1","width":350,"height":200,"srcset":"https:\/\/i0.wp.com\/oui-oui.es\/blog\/wp-content\/uploads\/2015\/09\/Oui-Oui-anuncio-segundo-embarazo-babyoui-martin-pizarra-con-cosas-que-hacer-5.jpg?resize=350%2C200&ssl=1 1x, https:\/\/i0.wp.com\/oui-oui.es\/blog\/wp-content\/uploads\/2015\/09\/Oui-Oui-anuncio-segundo-embarazo-babyoui-martin-pizarra-con-cosas-que-hacer-5.jpg?resize=525%2C300&ssl=1 1.5x, https:\/\/i0.wp.com\/oui-oui.es\/blog\/wp-content\/uploads\/2015\/09\/Oui-Oui-anuncio-segundo-embarazo-babyoui-martin-pizarra-con-cosas-que-hacer-5.jpg?resize=700%2C400&ssl=1 2x, https:\/\/i0.wp.com\/oui-oui.es\/blog\/wp-content\/uploads\/2015\/09\/Oui-Oui-anuncio-segundo-embarazo-babyoui-martin-pizarra-con-cosas-que-hacer-5.jpg?resize=1050%2C600&ssl=1 3x, https:\/\/i0.wp.com\/oui-oui.es\/blog\/wp-content\/uploads\/2015\/09\/Oui-Oui-anuncio-segundo-embarazo-babyoui-martin-pizarra-con-cosas-que-hacer-5.jpg?resize=1400%2C800&ssl=1 4x"},"classes":[]},{"id":4058,"url":"https:\/\/oui-oui.es\/blog\/el-blanco-es-el-nuevo-negro\/","url_meta":{"origin":427,"position":1},"title":"El blanco es el nuevo negro?","author":"Mar\u00eda \u2665Oui Oui\u2665","date":"11 febrero, 2016","format":false,"excerpt":"Si ten\u00edas ganas de vestirte de blanco pero no te vas a casar, este es tu a\u00f1o, el vestido blanco, inmaculado, vuelve como traje de noche, eso, s\u00ed, ligero, con una buena ca\u00edda y pocos a\u00f1adidos. Tres ejemplos; Marta Ortega y Vicky Mart\u00edn Berrocal coincidieron en estilo y color en\u2026","rel":"","context":"En \u00abESTILO DE VIDA\u00bb","block_context":{"text":"ESTILO DE VIDA","link":"https:\/\/oui-oui.es\/blog\/category\/lifestyle-2\/"},"img":{"alt_text":"","src":"https:\/\/i0.wp.com\/oui-oui.es\/blog\/wp-content\/uploads\/2016\/02\/OUi-Oui-tendencia-vestidos-blancos-vicky-martin-berrocal-y-marta-ortega_cumplea%C3%B1os-eugenia.jpg?resize=350%2C200&ssl=1","width":350,"height":200,"srcset":"https:\/\/i0.wp.com\/oui-oui.es\/blog\/wp-content\/uploads\/2016\/02\/OUi-Oui-tendencia-vestidos-blancos-vicky-martin-berrocal-y-marta-ortega_cumplea%C3%B1os-eugenia.jpg?resize=350%2C200&ssl=1 1x, https:\/\/i0.wp.com\/oui-oui.es\/blog\/wp-content\/uploads\/2016\/02\/OUi-Oui-tendencia-vestidos-blancos-vicky-martin-berrocal-y-marta-ortega_cumplea%C3%B1os-eugenia.jpg?resize=525%2C300&ssl=1 1.5x"},"classes":[]},{"id":1149,"url":"https:\/\/oui-oui.es\/blog\/lo-nuevo-de-david-christian\/","url_meta":{"origin":427,"position":2},"title":"Lo nuevo de David Christian","author":"Mar\u00eda \u2665Oui Oui\u2665","date":"24 enero, 2014","format":false,"excerpt":"Me perd\u00ed la inauguraci\u00f3n de su nueva tienda taller en el coraz\u00f3n de Madrid y a\u00fan no he podido pasarme a conocerla, pero me hace much\u00edsima ilusi\u00f3n ver c\u00f3mo ha crecido David Christian como marca, pues confi\u00e9 en ellas para mi vestido de novia y qued\u00e9 content\u00edsima. En esta nueva\u2026","rel":"","context":"En \u00abBoda\u00bb","block_context":{"text":"Boda","link":"https:\/\/oui-oui.es\/blog\/category\/fiestas-celebraciones\/boda\/"},"img":{"alt_text":"","src":"https:\/\/i0.wp.com\/oui-oui.es\/blog\/wp-content\/uploads\/2014\/01\/nueva-tienda-david-christian.jpg?resize=350%2C200&ssl=1","width":350,"height":200,"srcset":"https:\/\/i0.wp.com\/oui-oui.es\/blog\/wp-content\/uploads\/2014\/01\/nueva-tienda-david-christian.jpg?resize=350%2C200&ssl=1 1x, https:\/\/i0.wp.com\/oui-oui.es\/blog\/wp-content\/uploads\/2014\/01\/nueva-tienda-david-christian.jpg?resize=525%2C300&ssl=1 1.5x, https:\/\/i0.wp.com\/oui-oui.es\/blog\/wp-content\/uploads\/2014\/01\/nueva-tienda-david-christian.jpg?resize=700%2C400&ssl=1 2x, https:\/\/i0.wp.com\/oui-oui.es\/blog\/wp-content\/uploads\/2014\/01\/nueva-tienda-david-christian.jpg?resize=1050%2C600&ssl=1 3x, https:\/\/i0.wp.com\/oui-oui.es\/blog\/wp-content\/uploads\/2014\/01\/nueva-tienda-david-christian.jpg?resize=1400%2C800&ssl=1 4x"},"classes":[]},{"id":3368,"url":"https:\/\/oui-oui.es\/blog\/novedades-deco-nos-vemos-en-1001-atmosphera\/","url_meta":{"origin":427,"position":3},"title":"Novedades deco&#8230;Nos vemos en 1001 Atmosphera!","author":"Mar\u00eda \u2665Oui Oui\u2665","date":"21 septiembre, 2015","format":false,"excerpt":"Nada me gusta m\u00e1s cuando se acerca el oto\u00f1o que redecorar algunos rincones de casa, pensando en esos momentos de sof\u00e1, mantita y peli (que cada vez cuesta m\u00e1s encontrar un momento para ellos, pero que cuando lo tenemos disfrutamos el doble) y aprovechando que estaremos un poquito m\u00e1s en\u2026","rel":"","context":"En \u00abDECORACI\u00d3N\u00bb","block_context":{"text":"DECORACI\u00d3N","link":"https:\/\/oui-oui.es\/blog\/category\/decoracion-de-casa\/"},"img":{"alt_text":"","src":"https:\/\/i0.wp.com\/oui-oui.es\/blog\/wp-content\/uploads\/2015\/09\/Oui-Oui-Se%C3%B1ales-Luminosas.jpg?resize=350%2C200&ssl=1","width":350,"height":200,"srcset":"https:\/\/i0.wp.com\/oui-oui.es\/blog\/wp-content\/uploads\/2015\/09\/Oui-Oui-Se%C3%B1ales-Luminosas.jpg?resize=350%2C200&ssl=1 1x, https:\/\/i0.wp.com\/oui-oui.es\/blog\/wp-content\/uploads\/2015\/09\/Oui-Oui-Se%C3%B1ales-Luminosas.jpg?resize=525%2C300&ssl=1 1.5x"},"classes":[]},{"id":1548,"url":"https:\/\/oui-oui.es\/blog\/oui-oui-en-decoraccion\/","url_meta":{"origin":427,"position":4},"title":"Oui Oui en DecorAcci\u00f3n","author":"Mar\u00eda \u2665Oui Oui\u2665","date":"2 junio, 2014","format":false,"excerpt":"Vuelvo al blog con ganas de contaros muchas cosas y la primera y muy importantes es que Oui Oui va a participar en la V Edici\u00f3n de DecorAcci\u00f3n...Que se ha convertido en uno de los eventos de decoraci\u00f3n m\u00e1s importantes, tanto por su dimensi\u00f3n (todo el Barrio de Las Letras)\u2026","rel":"","context":"En \u00abOUI OUI\u00bb","block_context":{"text":"OUI OUI","link":"https:\/\/oui-oui.es\/blog\/category\/oui-oui\/"},"img":{"alt_text":"","src":"https:\/\/i0.wp.com\/oui-oui.es\/blog\/wp-content\/uploads\/2014\/06\/oui-oui-las-verdaderas-puertas-del-ratoncito-perez-puerta-ratoncito-perez-la-original.jpg?resize=350%2C200&ssl=1","width":350,"height":200,"srcset":"https:\/\/i0.wp.com\/oui-oui.es\/blog\/wp-content\/uploads\/2014\/06\/oui-oui-las-verdaderas-puertas-del-ratoncito-perez-puerta-ratoncito-perez-la-original.jpg?resize=350%2C200&ssl=1 1x, https:\/\/i0.wp.com\/oui-oui.es\/blog\/wp-content\/uploads\/2014\/06\/oui-oui-las-verdaderas-puertas-del-ratoncito-perez-puerta-ratoncito-perez-la-original.jpg?resize=525%2C300&ssl=1 1.5x, https:\/\/i0.wp.com\/oui-oui.es\/blog\/wp-content\/uploads\/2014\/06\/oui-oui-las-verdaderas-puertas-del-ratoncito-perez-puerta-ratoncito-perez-la-original.jpg?resize=700%2C400&ssl=1 2x"},"classes":[]},{"id":2057,"url":"https:\/\/oui-oui.es\/blog\/pon-una-pina-en-tu-vida-2\/","url_meta":{"origin":427,"position":5},"title":"Pon una pi\u00f1a en tu vida","author":"Mar\u00eda \u2665Oui Oui\u2665","date":"17 abril, 2015","format":false,"excerpt":"Reconozco que cuando me da por algo me da fuerte y me compro todo lo que puedo de ese estilo...El a\u00f1o pasado me pas\u00f3 con las pi\u00f1as, fue poco a poco, primero vi en Zara Home este cesto pi\u00f1a y pens\u00e9; no s\u00e9 para qu\u00e9 pero deber\u00eda compr\u00e1rmelo...No lo hice\u2026","rel":"","context":"En \u00abDECORACI\u00d3N\u00bb","block_context":{"text":"DECORACI\u00d3N","link":"https:\/\/oui-oui.es\/blog\/category\/decoracion-de-casa\/"},"img":{"alt_text":"","src":"https:\/\/i0.wp.com\/oui-oui.es\/blog\/wp-content\/uploads\/2015\/04\/oui-oui-la-fiebre-de-las-pic3b1as-pic3b1a-lampara-lamparas-pic3b1a-pic3b1acolada-lamp.jpg?resize=350%2C200&ssl=1","width":350,"height":200,"srcset":"https:\/\/i0.wp.com\/oui-oui.es\/blog\/wp-content\/uploads\/2015\/04\/oui-oui-la-fiebre-de-las-pic3b1as-pic3b1a-lampara-lamparas-pic3b1a-pic3b1acolada-lamp.jpg?resize=350%2C200&ssl=1 1x, https:\/\/i0.wp.com\/oui-oui.es\/blog\/wp-content\/uploads\/2015\/04\/oui-oui-la-fiebre-de-las-pic3b1as-pic3b1a-lampara-lamparas-pic3b1a-pic3b1acolada-lamp.jpg?resize=525%2C300&ssl=1 1.5x"},"classes":[]}],"_links":{"self":[{"href":"https:\/\/oui-oui.es\/blog\/wp-json\/wp\/v2\/posts\/427","targetHints":{"allow":["GET"]}}],"collection":[{"href":"https:\/\/oui-oui.es\/blog\/wp-json\/wp\/v2\/posts"}],"about":[{"href":"https:\/\/oui-oui.es\/blog\/wp-json\/wp\/v2\/types\/post"}],"author":[{"embeddable":true,"href":"https:\/\/oui-oui.es\/blog\/wp-json\/wp\/v2\/users\/1"}],"replies":[{"embeddable":true,"href":"https:\/\/oui-oui.es\/blog\/wp-json\/wp\/v2\/comments?post=427"}],"version-history":[{"count":0,"href":"https:\/\/oui-oui.es\/blog\/wp-json\/wp\/v2\/posts\/427\/revisions"}],"wp:featuredmedia":[{"embeddable":true,"href":"https:\/\/oui-oui.es\/blog\/wp-json\/wp\/v2\/media\/78"}],"wp:attachment":[{"href":"https:\/\/oui-oui.es\/blog\/wp-json\/wp\/v2\/media?parent=427"}],"wp:term":[{"taxonomy":"category","embeddable":true,"href":"https:\/\/oui-oui.es\/blog\/wp-json\/wp\/v2\/categories?post=427"},{"taxonomy":"post_tag","embeddable":true,"href":"https:\/\/oui-oui.es\/blog\/wp-json\/wp\/v2\/tags?post=427"}],"curies":[{"name":"wp","href":"https:\/\/api.w.org\/{rel}","templated":true}]}}