{"id":4282,"date":"2016-05-09T12:59:30","date_gmt":"2016-05-09T10:59:30","guid":{"rendered":"https:\/\/oui-oui.es\/blog\/?p=4282"},"modified":"2016-05-09T12:59:30","modified_gmt":"2016-05-09T10:59:30","slug":"el-violinista-para-tu-fiesta-pablo","status":"publish","type":"post","link":"https:\/\/oui-oui.es\/blog\/el-violinista-para-tu-fiesta-pablo\/","title":{"rendered":"El violinista para tu fiesta; Pablo"},"content":{"rendered":"<p>&nbsp;<\/p>\n<div id=\"attachment_4283\" style=\"width: 1034px\" class=\"wp-caption aligncenter\"><img loading=\"lazy\" decoding=\"async\" aria-describedby=\"caption-attachment-4283\" class=\"size-large wp-image-4283\" src=\"https:\/\/oui-oui.es\/blog\/wp-content\/uploads\/2016\/05\/Oui-Oui-pablo-violin-y-mickey-pavon-fiesta-paula-ordovas-mypeeptoes-1024x683.jpg\" alt=\"Fotograf\u00eda de Elena Bau\" width=\"1024\" height=\"683\" srcset=\"https:\/\/oui-oui.es\/blog\/wp-content\/uploads\/2016\/05\/Oui-Oui-pablo-violin-y-mickey-pavon-fiesta-paula-ordovas-mypeeptoes-1024x683.jpg 1024w, https:\/\/oui-oui.es\/blog\/wp-content\/uploads\/2016\/05\/Oui-Oui-pablo-violin-y-mickey-pavon-fiesta-paula-ordovas-mypeeptoes-300x200.jpg 300w, https:\/\/oui-oui.es\/blog\/wp-content\/uploads\/2016\/05\/Oui-Oui-pablo-violin-y-mickey-pavon-fiesta-paula-ordovas-mypeeptoes-768x512.jpg 768w, https:\/\/oui-oui.es\/blog\/wp-content\/uploads\/2016\/05\/Oui-Oui-pablo-violin-y-mickey-pavon-fiesta-paula-ordovas-mypeeptoes-600x400.jpg 600w, https:\/\/oui-oui.es\/blog\/wp-content\/uploads\/2016\/05\/Oui-Oui-pablo-violin-y-mickey-pavon-fiesta-paula-ordovas-mypeeptoes.jpg 1200w\" sizes=\"auto, (max-width: 1024px) 100vw, 1024px\" \/><p id=\"caption-attachment-4283\" class=\"wp-caption-text\">Fotograf\u00eda de Elena Bau<\/p><\/div>\n<p>Descubr\u00ed al <strong>violinista Pablo Navarro<\/strong> en la fiesta (fiest\u00f3n) de <a href=\"http:\/\/www.mypeeptoes.com\/\">Paula <\/a>y <strong>volv\u00ed a casa emocionad<\/strong>a&#8230;Pablo es m\u00fasico profesional, violinista, ha formado parte de las mejores orquestas de Madrid, como la de la \u00d3pera y se ha especializado (o al menos es por lo que es m\u00e1s conocido) en el <strong>viol\u00edn el\u00e9ctrico<\/strong>, es una pasada verlo en directo y ser\u00eda una sorpresa incre\u00edble para cualquier boda o fiesta (yo me lo he apuntado para mi fiesta de 35 o 40&#8230;je,je).<\/p>\n<p>Pod\u00e9is seguirle en Instagram <strong>@violinpablo<\/strong> y act\u00faa bastante a menudo en la sala Kapital, en su <a href=\"http:\/\/www.pabloviolin.com\">web <\/a>pod\u00e9is coger m\u00e1s info, pero os dejo con uno de sus v\u00eddeos que habla por s\u00ed solo.<\/p>\n<p><iframe loading=\"lazy\" title=\"Pablo Viol\u00edn -Justin Bieber\" width=\"500\" height=\"281\" src=\"https:\/\/www.youtube.com\/embed\/3XbBdMBaLU8?feature=oembed\" frameborder=\"0\" allow=\"accelerometer; autoplay; clipboard-write; encrypted-media; gyroscope; picture-in-picture; web-share\" referrerpolicy=\"strict-origin-when-cross-origin\" allowfullscreen><\/iframe><\/p>\n<p>&nbsp;<\/p>\n","protected":false},"excerpt":{"rendered":"<p>&nbsp; Descubr\u00ed al violinista Pablo Navarro en la fiesta (fiest\u00f3n) de Paula y volv\u00ed a casa emocionada&#8230;Pablo es m\u00fasico profesional, violinista, ha formado parte de las mejores orquestas de Madrid, como la de la \u00d3pera y se ha especializado (o al menos es por lo que es m\u00e1s conocido) en el viol\u00edn el\u00e9ctrico, es una [&hellip;]<\/p>\n","protected":false},"author":1,"featured_media":4284,"comment_status":"open","ping_status":"open","sticky":false,"template":"","format":"standard","meta":{"jetpack_post_was_ever_published":false,"_jetpack_newsletter_access":"","_jetpack_dont_email_post_to_subs":false,"_jetpack_newsletter_tier_id":0,"_jetpack_memberships_contains_paywalled_content":false,"_jetpack_memberships_contains_paid_content":false,"footnotes":"","jetpack_publicize_message":"","jetpack_publicize_feature_enabled":true,"jetpack_social_post_already_shared":true,"jetpack_social_options":{"image_generator_settings":{"template":"highway","default_image_id":0,"font":"","enabled":false},"version":2}},"categories":[704,7],"tags":[723,712],"class_list":["post-4282","post","type-post","status-publish","format-standard","has-post-thumbnail","hentry","category-boda","category-fiestas-celebraciones","tag-detalle-boda","tag-musica"],"aioseo_notices":[],"jetpack_publicize_connections":[],"jetpack_featured_media_url":"https:\/\/oui-oui.es\/blog\/wp-content\/uploads\/2016\/05\/IeV9IWZ8.jpg","jetpack_sharing_enabled":true,"jetpack-related-posts":[{"id":804,"url":"https:\/\/oui-oui.es\/blog\/tarros-de-cristal-pegatinas-de-pizarra\/","url_meta":{"origin":4282,"position":0},"title":"Tarros de cristal &#038; Pegatinas de Pizarra","author":"Mar\u00eda \u2665Oui Oui\u2665","date":"14 junio, 2013","format":false,"excerpt":"Ha sido ver la foto de los vasos de limonada rosa con etiquetas de pizarra para poner el nombre de cada invitado y querer buscar m\u00e1s. Una idea f\u00e1cil para que cada uno tenga controlado su vaso en las fiestas campestres, barbacoas o bodas r\u00fasticas y que adem\u00e1s puedes reutilizar\u2026","rel":"","context":"En \u00abBoda\u00bb","block_context":{"text":"Boda","link":"https:\/\/oui-oui.es\/blog\/category\/fiestas-celebraciones\/boda\/"},"img":{"alt_text":"","src":"https:\/\/i0.wp.com\/oui-oui.es\/blog\/wp-content\/uploads\/oui-oui-ideas-fiesta-campo-etiquetas-pizarra-botes-cristal-boda-campestre-limonada-rosa.jpg?resize=350%2C200&ssl=1","width":350,"height":200},"classes":[]},{"id":1206,"url":"https:\/\/oui-oui.es\/blog\/its-gstaad-baby\/","url_meta":{"origin":4282,"position":1},"title":"It\u00b4s Gstaad Baby!","author":"Mar\u00eda \u2665Oui Oui\u2665","date":"3 febrero, 2014","format":false,"excerpt":"A la espera de ver \u00a1pronto, por favor! las fotos y reportaje oficial (si es que lo vemos, que espero que s\u00ed) del bod\u00f3n invernal de Tatiana Santodomingo y Andrea Casiraghi aqu\u00ed os dejo con lo que se ha filtrado hasta el momento (todas las fotos son tomadas de Instagram\u2026","rel":"","context":"En \u00abBoda\u00bb","block_context":{"text":"Boda","link":"https:\/\/oui-oui.es\/blog\/category\/fiestas-celebraciones\/boda\/"},"img":{"alt_text":"","src":"https:\/\/i0.wp.com\/oui-oui.es\/blog\/wp-content\/uploads\/2014\/02\/oui-oui-boda-tatiana-santodomingo-andrea-casiraghi-gstaad-boda-invernal-boda-invierno-9.jpg?resize=350%2C200&ssl=1","width":350,"height":200,"srcset":"https:\/\/i0.wp.com\/oui-oui.es\/blog\/wp-content\/uploads\/2014\/02\/oui-oui-boda-tatiana-santodomingo-andrea-casiraghi-gstaad-boda-invernal-boda-invierno-9.jpg?resize=350%2C200&ssl=1 1x, https:\/\/i0.wp.com\/oui-oui.es\/blog\/wp-content\/uploads\/2014\/02\/oui-oui-boda-tatiana-santodomingo-andrea-casiraghi-gstaad-boda-invernal-boda-invierno-9.jpg?resize=525%2C300&ssl=1 1.5x"},"classes":[]},{"id":427,"url":"https:\/\/oui-oui.es\/blog\/el-primer-pasito-de-oui-oui\/","url_meta":{"origin":4282,"position":2},"title":"El primer pasito de Oui Oui","author":"Mar\u00eda \u2665Oui Oui\u2665","date":"19 noviembre, 2012","format":false,"excerpt":"Comenzar un proyecto nuevo siempre es emocionante, con muchas ganas de que vayan saliendo las cosas, pero mezclado con un poco de v\u00e9rtigo y nervios. Y as\u00ed me encuentro ahora ante el blog de Oui Oui, aunque llevo escribiendo otro blog m\u00e1s de cuatro a\u00f1os -Superfluo Imprescindible- es como si\u2026","rel":"","context":"En \u00abOUI OUI\u00bb","block_context":{"text":"OUI OUI","link":"https:\/\/oui-oui.es\/blog\/category\/oui-oui\/"},"img":{"alt_text":"","src":"https:\/\/i0.wp.com\/oui-oui.es\/blog\/wp-content\/uploads\/oui-oui-emprender-poner-en-marcha-proyecto-momento-empezar.jpg?resize=350%2C200&ssl=1","width":350,"height":200},"classes":[]},{"id":10115,"url":"https:\/\/oui-oui.es\/blog\/re-boda-si-o-no\/","url_meta":{"origin":4282,"position":3},"title":"Re boda, \u00bfs\u00ed o no?","author":"Mar\u00eda \u2665Oui Oui\u2665","date":"13 septiembre, 2019","format":false,"excerpt":"Septiembre es un mes muy especial, aunque cada vez m\u00e1s se est\u00e1 convirtiendo en un mes m\u00e1s estresante, sigo teni\u00e9ndole mucho cari\u00f1o. En septiembre es la vuelta al cole que tanto me ha gustado siempre, tambi\u00e9n es mi comienzo de a\u00f1o, pues mi mente piensa en cursos escolares y no\u2026","rel":"","context":"En \u00abBoda\u00bb","block_context":{"text":"Boda","link":"https:\/\/oui-oui.es\/blog\/category\/fiestas-celebraciones\/boda\/"},"img":{"alt_text":"","src":"https:\/\/i0.wp.com\/oui-oui.es\/blog\/wp-content\/uploads\/2019\/09\/Ramo-boda-oui-oui-bici-just-married-asturias.jpg?resize=350%2C200&ssl=1","width":350,"height":200,"srcset":"https:\/\/i0.wp.com\/oui-oui.es\/blog\/wp-content\/uploads\/2019\/09\/Ramo-boda-oui-oui-bici-just-married-asturias.jpg?resize=350%2C200&ssl=1 1x, https:\/\/i0.wp.com\/oui-oui.es\/blog\/wp-content\/uploads\/2019\/09\/Ramo-boda-oui-oui-bici-just-married-asturias.jpg?resize=525%2C300&ssl=1 1.5x, https:\/\/i0.wp.com\/oui-oui.es\/blog\/wp-content\/uploads\/2019\/09\/Ramo-boda-oui-oui-bici-just-married-asturias.jpg?resize=700%2C400&ssl=1 2x, https:\/\/i0.wp.com\/oui-oui.es\/blog\/wp-content\/uploads\/2019\/09\/Ramo-boda-oui-oui-bici-just-married-asturias.jpg?resize=1050%2C600&ssl=1 3x"},"classes":[]},{"id":1103,"url":"https:\/\/oui-oui.es\/blog\/decorar-con-guirnaldas\/","url_meta":{"origin":4282,"position":4},"title":"Decorar con guirnaldas","author":"Mar\u00eda \u2665Oui Oui\u2665","date":"21 enero, 2014","format":false,"excerpt":"Las hab\u00eda echado el ojo hace tiempo y por fin est\u00e1n en Oui Oui, las guirnaldas de borlas, de tiras de papel o tassel garlands. Una alternativa a los banderines, me gustaban para decorar cualquier rinc\u00f3n de una fiesta; para la mesa de dulces, la zona de baile o una\u2026","rel":"","context":"En \u00abBoda\u00bb","block_context":{"text":"Boda","link":"https:\/\/oui-oui.es\/blog\/category\/fiestas-celebraciones\/boda\/"},"img":{"alt_text":"","src":"https:\/\/i0.wp.com\/oui-oui.es\/blog\/wp-content\/uploads\/2014\/01\/oui-oui-decorar-con-guirnaldas-guirnadas-de-flecos-guirnaldas-de-borlas-tassel-garlands-decoracion-original-boda-boda-rustic-chic-1.jpg?resize=350%2C200&ssl=1","width":350,"height":200,"srcset":"https:\/\/i0.wp.com\/oui-oui.es\/blog\/wp-content\/uploads\/2014\/01\/oui-oui-decorar-con-guirnaldas-guirnadas-de-flecos-guirnaldas-de-borlas-tassel-garlands-decoracion-original-boda-boda-rustic-chic-1.jpg?resize=350%2C200&ssl=1 1x, https:\/\/i0.wp.com\/oui-oui.es\/blog\/wp-content\/uploads\/2014\/01\/oui-oui-decorar-con-guirnaldas-guirnadas-de-flecos-guirnaldas-de-borlas-tassel-garlands-decoracion-original-boda-boda-rustic-chic-1.jpg?resize=525%2C300&ssl=1 1.5x"},"classes":[]},{"id":96,"url":"https:\/\/oui-oui.es\/blog\/una-boda-sencilla-llena-de-detalles-y-con-un-estilo-muy-campestre\/","url_meta":{"origin":4282,"position":5},"title":"Una boda sencilla, llena de detalles y con un estilo muy campestre","author":"Mar\u00eda \u2665Oui Oui\u2665","date":"20 noviembre, 2012","format":false,"excerpt":"\u00c1lvaro y yo nos casamos en septiembre del a\u00f1o pasado y hasta ahora no he escrito un post completo sobre la boda (en Superfluo Imprescindible lo hice sobre los zapatos y sobre el ramo) por lo abrumador que se me hac\u00eda pensar c\u00f3mo contarlo todo. Pero tras ped\u00edrmelo muchas personas\u2026","rel":"","context":"En \u00abBoda\u00bb","block_context":{"text":"Boda","link":"https:\/\/oui-oui.es\/blog\/category\/fiestas-celebraciones\/boda\/"},"img":{"alt_text":"","src":"https:\/\/i0.wp.com\/oui-oui.es\/blog\/wp-content\/uploads\/oui-oui-boda-ma-carteles-madera-boda-palacio-de-rubianes.jpg?resize=350%2C200&ssl=1","width":350,"height":200,"srcset":"https:\/\/i0.wp.com\/oui-oui.es\/blog\/wp-content\/uploads\/oui-oui-boda-ma-carteles-madera-boda-palacio-de-rubianes.jpg?resize=350%2C200&ssl=1 1x, https:\/\/i0.wp.com\/oui-oui.es\/blog\/wp-content\/uploads\/oui-oui-boda-ma-carteles-madera-boda-palacio-de-rubianes.jpg?resize=525%2C300&ssl=1 1.5x, https:\/\/i0.wp.com\/oui-oui.es\/blog\/wp-content\/uploads\/oui-oui-boda-ma-carteles-madera-boda-palacio-de-rubianes.jpg?resize=700%2C400&ssl=1 2x, https:\/\/i0.wp.com\/oui-oui.es\/blog\/wp-content\/uploads\/oui-oui-boda-ma-carteles-madera-boda-palacio-de-rubianes.jpg?resize=1050%2C600&ssl=1 3x"},"classes":[]}],"_links":{"self":[{"href":"https:\/\/oui-oui.es\/blog\/wp-json\/wp\/v2\/posts\/4282","targetHints":{"allow":["GET"]}}],"collection":[{"href":"https:\/\/oui-oui.es\/blog\/wp-json\/wp\/v2\/posts"}],"about":[{"href":"https:\/\/oui-oui.es\/blog\/wp-json\/wp\/v2\/types\/post"}],"author":[{"embeddable":true,"href":"https:\/\/oui-oui.es\/blog\/wp-json\/wp\/v2\/users\/1"}],"replies":[{"embeddable":true,"href":"https:\/\/oui-oui.es\/blog\/wp-json\/wp\/v2\/comments?post=4282"}],"version-history":[{"count":1,"href":"https:\/\/oui-oui.es\/blog\/wp-json\/wp\/v2\/posts\/4282\/revisions"}],"predecessor-version":[{"id":4285,"href":"https:\/\/oui-oui.es\/blog\/wp-json\/wp\/v2\/posts\/4282\/revisions\/4285"}],"wp:featuredmedia":[{"embeddable":true,"href":"https:\/\/oui-oui.es\/blog\/wp-json\/wp\/v2\/media\/4284"}],"wp:attachment":[{"href":"https:\/\/oui-oui.es\/blog\/wp-json\/wp\/v2\/media?parent=4282"}],"wp:term":[{"taxonomy":"category","embeddable":true,"href":"https:\/\/oui-oui.es\/blog\/wp-json\/wp\/v2\/categories?post=4282"},{"taxonomy":"post_tag","embeddable":true,"href":"https:\/\/oui-oui.es\/blog\/wp-json\/wp\/v2\/tags?post=4282"}],"curies":[{"name":"wp","href":"https:\/\/api.w.org\/{rel}","templated":true}]}}