{"id":4298,"date":"2016-05-13T00:15:15","date_gmt":"2016-05-12T22:15:15","guid":{"rendered":"https:\/\/oui-oui.es\/blog\/?p=4298"},"modified":"2016-05-11T23:38:43","modified_gmt":"2016-05-11T21:38:43","slug":"the-nude-label","status":"publish","type":"post","link":"https:\/\/oui-oui.es\/blog\/the-nude-label\/","title":{"rendered":"The Nude Label"},"content":{"rendered":"<p><img loading=\"lazy\" decoding=\"async\" class=\"aligncenter size-full wp-image-4302\" src=\"https:\/\/oui-oui.es\/blog\/wp-content\/uploads\/2016\/05\/Oui-Oui-the-nude-label.png\" alt=\"Oui Oui-the-nude-label\" width=\"924\" height=\"325\" srcset=\"https:\/\/oui-oui.es\/blog\/wp-content\/uploads\/2016\/05\/Oui-Oui-the-nude-label.png 924w, https:\/\/oui-oui.es\/blog\/wp-content\/uploads\/2016\/05\/Oui-Oui-the-nude-label-300x106.png 300w, https:\/\/oui-oui.es\/blog\/wp-content\/uploads\/2016\/05\/Oui-Oui-the-nude-label-768x270.png 768w, https:\/\/oui-oui.es\/blog\/wp-content\/uploads\/2016\/05\/Oui-Oui-the-nude-label-600x211.png 600w\" sizes=\"auto, (max-width: 924px) 100vw, 924px\" \/><\/p>\n<p>Vuelven los b\u00e1sicos, especialmente en ropa interior, volvemos a las l\u00edneas sencillas, que ajusten bien sin apretar y que se conviertan en un aliado diario.<\/p>\n<p><img loading=\"lazy\" decoding=\"async\" class=\"aligncenter size-large wp-image-4305\" src=\"https:\/\/oui-oui.es\/blog\/wp-content\/uploads\/2016\/05\/Oui-Oui-the-nude-label-marca-ropa-interior-espa\u00f1ola-danza-1024x726.png\" alt=\"Oui Oui-the nude label-marca ropa interior espa\u00f1ola-danza\" width=\"1024\" height=\"726\" srcset=\"https:\/\/oui-oui.es\/blog\/wp-content\/uploads\/2016\/05\/Oui-Oui-the-nude-label-marca-ropa-interior-espa\u00f1ola-danza-1024x726.png 1024w, https:\/\/oui-oui.es\/blog\/wp-content\/uploads\/2016\/05\/Oui-Oui-the-nude-label-marca-ropa-interior-espa\u00f1ola-danza-300x213.png 300w, https:\/\/oui-oui.es\/blog\/wp-content\/uploads\/2016\/05\/Oui-Oui-the-nude-label-marca-ropa-interior-espa\u00f1ola-danza-768x544.png 768w, https:\/\/oui-oui.es\/blog\/wp-content\/uploads\/2016\/05\/Oui-Oui-the-nude-label-marca-ropa-interior-espa\u00f1ola-danza-600x425.png 600w, https:\/\/oui-oui.es\/blog\/wp-content\/uploads\/2016\/05\/Oui-Oui-the-nude-label-marca-ropa-interior-espa\u00f1ola-danza.png 1280w\" sizes=\"auto, (max-width: 1024px) 100vw, 1024px\" \/><\/p>\n<p>Y en esa tendencia, me he topado con <a href=\"http:\/\/thenudelabel.com\/es\/\"><strong>The Nude Label<\/strong><\/a>, una <strong>marca de ropa interior espa\u00f1ol<\/strong>a fundada en 2014 que, centr\u00e1ndose en la <strong>comodidad<\/strong>,presentan unas prendas en las que prevalece la funcionalidad sobre el adorno,una <strong>evocaci\u00f3n de la belleza natural<\/strong>, con el uso de materiales blandos que te hagan sentirlas como una segunda piel, todo dentro de una paleta de colores equilibrada.<\/p>\n<p><img loading=\"lazy\" decoding=\"async\" class=\"aligncenter size-large wp-image-4307\" src=\"https:\/\/oui-oui.es\/blog\/wp-content\/uploads\/2016\/05\/Oui-Oui-The_Nude_Label_Lingerie_Black-1024x682.jpg\" alt=\"Oui Oui-The_Nude_Label_Lingerie_Black\" width=\"1024\" height=\"682\" srcset=\"https:\/\/oui-oui.es\/blog\/wp-content\/uploads\/2016\/05\/Oui-Oui-The_Nude_Label_Lingerie_Black.jpg 1024w, https:\/\/oui-oui.es\/blog\/wp-content\/uploads\/2016\/05\/Oui-Oui-The_Nude_Label_Lingerie_Black-300x200.jpg 300w, https:\/\/oui-oui.es\/blog\/wp-content\/uploads\/2016\/05\/Oui-Oui-The_Nude_Label_Lingerie_Black-768x512.jpg 768w, https:\/\/oui-oui.es\/blog\/wp-content\/uploads\/2016\/05\/Oui-Oui-The_Nude_Label_Lingerie_Black-600x400.jpg 600w\" sizes=\"auto, (max-width: 1024px) 100vw, 1024px\" \/><\/p>\n<p><img loading=\"lazy\" decoding=\"async\" class=\"aligncenter size-full wp-image-4300\" src=\"https:\/\/oui-oui.es\/blog\/wp-content\/uploads\/2016\/05\/Oui-OUi-the-nude-label-conjunto-azul.jpe\" alt=\"Oui OUi-the nude label-conjunto azul\" width=\"1000\" height=\"667\" srcset=\"https:\/\/oui-oui.es\/blog\/wp-content\/uploads\/2016\/05\/Oui-OUi-the-nude-label-conjunto-azul.jpe 1000w, https:\/\/oui-oui.es\/blog\/wp-content\/uploads\/2016\/05\/Oui-OUi-the-nude-label-conjunto-azul-300x200.jpe 300w, https:\/\/oui-oui.es\/blog\/wp-content\/uploads\/2016\/05\/Oui-OUi-the-nude-label-conjunto-azul-768x512.jpe 768w, https:\/\/oui-oui.es\/blog\/wp-content\/uploads\/2016\/05\/Oui-OUi-the-nude-label-conjunto-azul-600x400.jpe 600w\" sizes=\"auto, (max-width: 1000px) 100vw, 1000px\" \/><\/p>\n<p><em>Made in<\/em> Barcelona, Espa\u00f1a, dentro de un marco de slow fashion, con materiales obtenidos de forma socialmente responsable.<\/p>\n<p><img loading=\"lazy\" decoding=\"async\" class=\"aligncenter size-large wp-image-4304\" src=\"https:\/\/oui-oui.es\/blog\/wp-content\/uploads\/2016\/05\/Oui-Oui-the-nude-label-marca-ropa-interior-espa\u00f1ola-1024x722.png\" alt=\"Oui Oui-the nude label-marca ropa interior espa\u00f1ola\" width=\"1024\" height=\"722\" srcset=\"https:\/\/oui-oui.es\/blog\/wp-content\/uploads\/2016\/05\/Oui-Oui-the-nude-label-marca-ropa-interior-espa\u00f1ola-1024x722.png 1024w, https:\/\/oui-oui.es\/blog\/wp-content\/uploads\/2016\/05\/Oui-Oui-the-nude-label-marca-ropa-interior-espa\u00f1ola-300x212.png 300w, https:\/\/oui-oui.es\/blog\/wp-content\/uploads\/2016\/05\/Oui-Oui-the-nude-label-marca-ropa-interior-espa\u00f1ola-768x542.png 768w, https:\/\/oui-oui.es\/blog\/wp-content\/uploads\/2016\/05\/Oui-Oui-the-nude-label-marca-ropa-interior-espa\u00f1ola-600x423.png 600w, https:\/\/oui-oui.es\/blog\/wp-content\/uploads\/2016\/05\/Oui-Oui-the-nude-label-marca-ropa-interior-espa\u00f1ola.png 1280w\" sizes=\"auto, (max-width: 1024px) 100vw, 1024px\" \/> <img loading=\"lazy\" decoding=\"async\" class=\"aligncenter size-large wp-image-4306\" src=\"https:\/\/oui-oui.es\/blog\/wp-content\/uploads\/2016\/05\/Oui-Oui-the-nude-label-marca-ropa-interior-espa\u00f1ola-prendas-negras-1024x723.png\" alt=\"Oui Oui-the nude label-marca ropa interior espa\u00f1ola-prendas negras\" width=\"1024\" height=\"723\" srcset=\"https:\/\/oui-oui.es\/blog\/wp-content\/uploads\/2016\/05\/Oui-Oui-the-nude-label-marca-ropa-interior-espa\u00f1ola-prendas-negras-1024x723.png 1024w, https:\/\/oui-oui.es\/blog\/wp-content\/uploads\/2016\/05\/Oui-Oui-the-nude-label-marca-ropa-interior-espa\u00f1ola-prendas-negras-300x212.png 300w, https:\/\/oui-oui.es\/blog\/wp-content\/uploads\/2016\/05\/Oui-Oui-the-nude-label-marca-ropa-interior-espa\u00f1ola-prendas-negras-768x542.png 768w, https:\/\/oui-oui.es\/blog\/wp-content\/uploads\/2016\/05\/Oui-Oui-the-nude-label-marca-ropa-interior-espa\u00f1ola-prendas-negras-600x424.png 600w, https:\/\/oui-oui.es\/blog\/wp-content\/uploads\/2016\/05\/Oui-Oui-the-nude-label-marca-ropa-interior-espa\u00f1ola-prendas-negras.png 1280w\" sizes=\"auto, (max-width: 1024px) 100vw, 1024px\" \/> <img loading=\"lazy\" decoding=\"async\" class=\"aligncenter size-large wp-image-4303\" src=\"https:\/\/oui-oui.es\/blog\/wp-content\/uploads\/2016\/05\/Oui-Oui-the-nude-label-1-1024x725.png\" alt=\"Oui Oui-the nude label\" width=\"1024\" height=\"725\" srcset=\"https:\/\/oui-oui.es\/blog\/wp-content\/uploads\/2016\/05\/Oui-Oui-the-nude-label-1-1024x725.png 1024w, https:\/\/oui-oui.es\/blog\/wp-content\/uploads\/2016\/05\/Oui-Oui-the-nude-label-1-300x212.png 300w, https:\/\/oui-oui.es\/blog\/wp-content\/uploads\/2016\/05\/Oui-Oui-the-nude-label-1-768x544.png 768w, https:\/\/oui-oui.es\/blog\/wp-content\/uploads\/2016\/05\/Oui-Oui-the-nude-label-1-600x425.png 600w, https:\/\/oui-oui.es\/blog\/wp-content\/uploads\/2016\/05\/Oui-Oui-the-nude-label-1.png 1280w\" sizes=\"auto, (max-width: 1024px) 100vw, 1024px\" \/><\/p>\n<p>Las fotos (de Camila Falquez) hablan por s\u00ed solas.<\/p>\n","protected":false},"excerpt":{"rendered":"<p>Vuelven los b\u00e1sicos, especialmente en ropa interior, volvemos a las l\u00edneas sencillas, que ajusten bien sin apretar y que se conviertan en un aliado diario. Y en esa tendencia, me he topado con The Nude Label, una marca de ropa interior espa\u00f1ola fundada en 2014 que, centr\u00e1ndose en la comodidad,presentan unas prendas en las que [&hellip;]<\/p>\n","protected":false},"author":1,"featured_media":4302,"comment_status":"open","ping_status":"open","sticky":false,"template":"","format":"standard","meta":{"jetpack_post_was_ever_published":false,"_jetpack_newsletter_access":"","_jetpack_dont_email_post_to_subs":false,"_jetpack_newsletter_tier_id":0,"_jetpack_memberships_contains_paywalled_content":false,"_jetpack_memberships_contains_paid_content":false,"footnotes":"","jetpack_publicize_message":"","jetpack_publicize_feature_enabled":true,"jetpack_social_post_already_shared":true,"jetpack_social_options":{"image_generator_settings":{"template":"highway","default_image_id":0,"font":"","enabled":false},"version":2}},"categories":[177],"tags":[764,529],"class_list":["post-4298","post","type-post","status-publish","format-standard","has-post-thumbnail","hentry","category-lifestyle-2","tag-marcas","tag-tendencias"],"aioseo_notices":[],"jetpack_publicize_connections":[],"jetpack_featured_media_url":"https:\/\/oui-oui.es\/blog\/wp-content\/uploads\/2016\/05\/Oui-Oui-the-nude-label.png","jetpack_sharing_enabled":true,"jetpack-related-posts":[{"id":690,"url":"https:\/\/oui-oui.es\/blog\/que-lenceria-escoger-para-el-dia-b\/","url_meta":{"origin":4298,"position":0},"title":"Qu\u00e9 lencer\u00eda escoger para el d\u00eda B","author":"Mar\u00eda \u2665Oui Oui\u2665","date":"7 mayo, 2013","format":false,"excerpt":"Cuando est\u00e1s organizando la boda, parece que todo tiene que ser diferente, especial y muchas veces; caro. Un gran ejemplo es la ropa interior, ante sde casarte piensas que comprar\u00e1s un conjunto mon\u00edsimo en La Perla, pero en cuanto hablas con la modista o dise\u00f1ador que te est\u00e1 haciendo el\u2026","rel":"","context":"En \u00abBoda\u00bb","block_context":{"text":"Boda","link":"https:\/\/oui-oui.es\/blog\/category\/fiestas-celebraciones\/boda\/"},"img":{"alt_text":"","src":"https:\/\/i0.wp.com\/oui-oui.es\/blog\/wp-content\/uploads\/oui-oui-lenceria-boda-ropa-interior-novia-barata.jpg?resize=350%2C200&ssl=1","width":350,"height":200},"classes":[]},{"id":9010,"url":"https:\/\/oui-oui.es\/blog\/9010-2\/","url_meta":{"origin":4298,"position":1},"title":"Por qu\u00e9 S\u00cd tener una secadora","author":"Mar\u00eda \u2665Oui Oui\u2665","date":"27 abril, 2018","format":false,"excerpt":"No s\u00e9 por qu\u00e9 (porque no es que me guste especialmente limpiar...) pero me encantar\u00eda tener una estancia de limpieza, o cuarto de plancha bien puesto en casa (junto a la zona de empaquetado y cosas transitorias como contaba aqu\u00ed ,jeje). Una zona en la que est\u00e9 todo lo relacionado\u2026","rel":"","context":"En \u00abESTILO DE VIDA\u00bb","block_context":{"text":"ESTILO DE VIDA","link":"https:\/\/oui-oui.es\/blog\/category\/lifestyle-2\/"},"img":{"alt_text":"","src":"https:\/\/i0.wp.com\/oui-oui.es\/blog\/wp-content\/uploads\/2018\/04\/Oui-Oui-zona-de-limpieza-secadora-electrolux.jpg?resize=350%2C200&ssl=1","width":350,"height":200},"classes":[]},{"id":2440,"url":"https:\/\/oui-oui.es\/blog\/erase-una-vez-ropa-de-bebe\/","url_meta":{"origin":4298,"position":2},"title":"\u00c9rase una vez&#8230;Ropa de beb\u00e9","author":"Mar\u00eda \u2665Oui Oui\u2665","date":"5 junio, 2015","format":false,"excerpt":"Encontrar marcas de ropa de beb\u00e9 o ni\u00f1os que seas monas y asequibles no es f\u00e1cil, por eso hoy quer\u00eda compartir con vosotros la marca de ropa de beb\u00e9 100% espa\u00f1ola \u00c9rase una vez; una marca que lleva muy poquito tiempo pero que su fundadora, Gabriela, est\u00e1 haciendo crecer poco\u2026","rel":"","context":"En \u00abMATERNIDAD\u00bb","block_context":{"text":"MATERNIDAD","link":"https:\/\/oui-oui.es\/blog\/category\/maternidad\/"},"img":{"alt_text":"","src":"https:\/\/i0.wp.com\/oui-oui.es\/blog\/wp-content\/uploads\/2015\/06\/oui-oui-blog-ropa-bebe-erase-una-vez-ropa-bebe-mona-buen-precio-5.jpg?resize=350%2C200&ssl=1","width":350,"height":200,"srcset":"https:\/\/i0.wp.com\/oui-oui.es\/blog\/wp-content\/uploads\/2015\/06\/oui-oui-blog-ropa-bebe-erase-una-vez-ropa-bebe-mona-buen-precio-5.jpg?resize=350%2C200&ssl=1 1x, https:\/\/i0.wp.com\/oui-oui.es\/blog\/wp-content\/uploads\/2015\/06\/oui-oui-blog-ropa-bebe-erase-una-vez-ropa-bebe-mona-buen-precio-5.jpg?resize=525%2C300&ssl=1 1.5x"},"classes":[]},{"id":2359,"url":"https:\/\/oui-oui.es\/blog\/un-trocito-de-verano-por-bonnet-a-pompon\/","url_meta":{"origin":4298,"position":3},"title":"Un trocito de verano por Bonnet \u00e0 Pompon","author":"Mar\u00eda \u2665Oui Oui\u2665","date":"20 mayo, 2015","format":false,"excerpt":"Otra de las marcas de ropa que me encantan para ni\u00f1os es Bonnet \u00e0 Pompon, tanto para beb\u00e9 como para cuando van creciendo, tiene un estilo inconfundible, m\u00e1s bien un estilazo. Los colores, las combinaciones de tejidos, el punto como protagonista y su aire afrancesado, aunque es puramente marca espa\u00f1ola,\u2026","rel":"","context":"En \u00abMATERNIDAD\u00bb","block_context":{"text":"MATERNIDAD","link":"https:\/\/oui-oui.es\/blog\/category\/maternidad\/"},"img":{"alt_text":"","src":"https:\/\/i0.wp.com\/oui-oui.es\/blog\/wp-content\/uploads\/2015\/05\/oui-oui-bonnet-a-pompon-2015-ropa-mona-bebes-verano-3.jpg?resize=350%2C200&ssl=1","width":350,"height":200,"srcset":"https:\/\/i0.wp.com\/oui-oui.es\/blog\/wp-content\/uploads\/2015\/05\/oui-oui-bonnet-a-pompon-2015-ropa-mona-bebes-verano-3.jpg?resize=350%2C200&ssl=1 1x, https:\/\/i0.wp.com\/oui-oui.es\/blog\/wp-content\/uploads\/2015\/05\/oui-oui-bonnet-a-pompon-2015-ropa-mona-bebes-verano-3.jpg?resize=525%2C300&ssl=1 1.5x, https:\/\/i0.wp.com\/oui-oui.es\/blog\/wp-content\/uploads\/2015\/05\/oui-oui-bonnet-a-pompon-2015-ropa-mona-bebes-verano-3.jpg?resize=700%2C400&ssl=1 2x"},"classes":[]},{"id":4264,"url":"https:\/\/oui-oui.es\/blog\/5-marcas-espanolas-de-ropa-de-bebe\/","url_meta":{"origin":4298,"position":4},"title":"5 marcas espa\u00f1olas de ropa de beb\u00e9","author":"Mar\u00eda \u2665Oui Oui\u2665","date":"6 mayo, 2016","format":false,"excerpt":"Este post es la continuaci\u00f3n del de 10 marcas de ropa espa\u00f1olas para beb\u00e9, cada semana descubro marcas nuevas que me encantan, muchas espa\u00f1olas y otras no, pero me pareci\u00f3 interesante dividirlas as\u00ed, como no me cab\u00edan todas en un post, aqu\u00ed va la segunda tanda ;) Las agujas de\u2026","rel":"","context":"En \u00abMATERNIDAD\u00bb","block_context":{"text":"MATERNIDAD","link":"https:\/\/oui-oui.es\/blog\/category\/maternidad\/"},"img":{"alt_text":"","src":"https:\/\/i0.wp.com\/oui-oui.es\/blog\/wp-content\/uploads\/2016\/05\/Oui-Oui-marcas-espa%C3%B1olas-ropa-bebe-jersey-inicial-las-agujas-de-mama.jpg?resize=350%2C200&ssl=1","width":350,"height":200,"srcset":"https:\/\/i0.wp.com\/oui-oui.es\/blog\/wp-content\/uploads\/2016\/05\/Oui-Oui-marcas-espa%C3%B1olas-ropa-bebe-jersey-inicial-las-agujas-de-mama.jpg?resize=350%2C200&ssl=1 1x, https:\/\/i0.wp.com\/oui-oui.es\/blog\/wp-content\/uploads\/2016\/05\/Oui-Oui-marcas-espa%C3%B1olas-ropa-bebe-jersey-inicial-las-agujas-de-mama.jpg?resize=525%2C300&ssl=1 1.5x"},"classes":[]},{"id":4208,"url":"https:\/\/oui-oui.es\/blog\/10-marcas-de-ropa-espanolas-para-bebes\/","url_meta":{"origin":4298,"position":5},"title":"10 marcas de ropa espa\u00f1olas para beb\u00e9s","author":"Mar\u00eda \u2665Oui Oui\u2665","date":"21 abril, 2016","format":false,"excerpt":"Creo que cada d\u00eda descubro una marca nueva de ropa para beb\u00e9s y ni\u00f1os,espa\u00f1ola o extranjera, se est\u00e1 conviertiendo en una perdici\u00f3n y me encantar\u00eda que Instagram me dejara hacer listas para organizarlas mejor, mientras, he pensado ir haciendo post poco a poco con mis favoritas, empiezo seleccionando 10 marcas\u2026","rel":"","context":"En \u00abNI\u00d1OS Y NI\u00d1AS\u00bb","block_context":{"text":"NI\u00d1OS Y NI\u00d1AS","link":"https:\/\/oui-oui.es\/blog\/category\/ninos\/"},"img":{"alt_text":"","src":"https:\/\/i0.wp.com\/oui-oui.es\/blog\/wp-content\/uploads\/2016\/04\/Oui-Oui-marcas-espa%C3%B1olas-ropa-bebe-punto-poleomenta-tejiendo-patucos.jpg?resize=350%2C200&ssl=1","width":350,"height":200,"srcset":"https:\/\/i0.wp.com\/oui-oui.es\/blog\/wp-content\/uploads\/2016\/04\/Oui-Oui-marcas-espa%C3%B1olas-ropa-bebe-punto-poleomenta-tejiendo-patucos.jpg?resize=350%2C200&ssl=1 1x, https:\/\/i0.wp.com\/oui-oui.es\/blog\/wp-content\/uploads\/2016\/04\/Oui-Oui-marcas-espa%C3%B1olas-ropa-bebe-punto-poleomenta-tejiendo-patucos.jpg?resize=525%2C300&ssl=1 1.5x, https:\/\/i0.wp.com\/oui-oui.es\/blog\/wp-content\/uploads\/2016\/04\/Oui-Oui-marcas-espa%C3%B1olas-ropa-bebe-punto-poleomenta-tejiendo-patucos.jpg?resize=700%2C400&ssl=1 2x"},"classes":[]}],"_links":{"self":[{"href":"https:\/\/oui-oui.es\/blog\/wp-json\/wp\/v2\/posts\/4298","targetHints":{"allow":["GET"]}}],"collection":[{"href":"https:\/\/oui-oui.es\/blog\/wp-json\/wp\/v2\/posts"}],"about":[{"href":"https:\/\/oui-oui.es\/blog\/wp-json\/wp\/v2\/types\/post"}],"author":[{"embeddable":true,"href":"https:\/\/oui-oui.es\/blog\/wp-json\/wp\/v2\/users\/1"}],"replies":[{"embeddable":true,"href":"https:\/\/oui-oui.es\/blog\/wp-json\/wp\/v2\/comments?post=4298"}],"version-history":[{"count":3,"href":"https:\/\/oui-oui.es\/blog\/wp-json\/wp\/v2\/posts\/4298\/revisions"}],"predecessor-version":[{"id":4308,"href":"https:\/\/oui-oui.es\/blog\/wp-json\/wp\/v2\/posts\/4298\/revisions\/4308"}],"wp:featuredmedia":[{"embeddable":true,"href":"https:\/\/oui-oui.es\/blog\/wp-json\/wp\/v2\/media\/4302"}],"wp:attachment":[{"href":"https:\/\/oui-oui.es\/blog\/wp-json\/wp\/v2\/media?parent=4298"}],"wp:term":[{"taxonomy":"category","embeddable":true,"href":"https:\/\/oui-oui.es\/blog\/wp-json\/wp\/v2\/categories?post=4298"},{"taxonomy":"post_tag","embeddable":true,"href":"https:\/\/oui-oui.es\/blog\/wp-json\/wp\/v2\/tags?post=4298"}],"curies":[{"name":"wp","href":"https:\/\/api.w.org\/{rel}","templated":true}]}}