{"id":4334,"date":"2016-05-23T13:03:20","date_gmt":"2016-05-23T11:03:20","guid":{"rendered":"https:\/\/oui-oui.es\/blog\/?p=4334"},"modified":"2016-05-23T13:03:20","modified_gmt":"2016-05-23T11:03:20","slug":"en-el-huerto-de-florette","status":"publish","type":"post","link":"https:\/\/oui-oui.es\/blog\/en-el-huerto-de-florette\/","title":{"rendered":"En el huerto de Florette"},"content":{"rendered":"<p><a href=\"http:\/\/www.oui-oui.es\/detalles-decoracion-ninos-habitacion-pinterest\/947-cojin-tractor.htmlhttp:\/\/\"><img loading=\"lazy\" decoding=\"async\" class=\"aligncenter size-large wp-image-4339\" src=\"https:\/\/oui-oui.es\/blog\/wp-content\/uploads\/2016\/05\/Oui-Oui-viaje-florette-huerto-florette-cojin-tractor-1024x1024.jpg\" alt=\"Oui Oui-viaje florette huerto florette-cojin tractor\" width=\"1024\" height=\"1024\" srcset=\"https:\/\/oui-oui.es\/blog\/wp-content\/uploads\/2016\/05\/Oui-Oui-viaje-florette-huerto-florette-cojin-tractor-1024x1024.jpg 1024w, https:\/\/oui-oui.es\/blog\/wp-content\/uploads\/2016\/05\/Oui-Oui-viaje-florette-huerto-florette-cojin-tractor-150x150.jpg 150w, https:\/\/oui-oui.es\/blog\/wp-content\/uploads\/2016\/05\/Oui-Oui-viaje-florette-huerto-florette-cojin-tractor-300x300.jpg 300w, https:\/\/oui-oui.es\/blog\/wp-content\/uploads\/2016\/05\/Oui-Oui-viaje-florette-huerto-florette-cojin-tractor-768x768.jpg 768w, https:\/\/oui-oui.es\/blog\/wp-content\/uploads\/2016\/05\/Oui-Oui-viaje-florette-huerto-florette-cojin-tractor-600x600.jpg 600w, https:\/\/oui-oui.es\/blog\/wp-content\/uploads\/2016\/05\/Oui-Oui-viaje-florette-huerto-florette-cojin-tractor.jpg 2048w\" sizes=\"auto, (max-width: 1024px) 100vw, 1024px\" \/><\/a><\/p>\n<p>Me encanta conocer el proceso y <em>las tripas<\/em> de <strong>c\u00f3mo se producen las cosas<\/strong>, antes de dejar el banco tuve la oportunidad (\u00a1gracias Morgan Stanley!) de visitar Inditex y Pescanova y fue una gran experiencia, as\u00ed que cuando desde <a href=\"http:\/\/www.florette.es\/\"><strong>Florette<\/strong> <\/a>me invitaron a conocer<strong> su huerto y la f\u00e1brica<\/strong> en la que producen todas sus bolsas de ensaladas (adem\u00e1s de otros productos), supe enseguida que ten\u00eda que decir que s\u00ed, aunque la log\u00edstica familiar (y la penita de separarme de Frida) fuera un pel\u00edn complicada. Reconozco que la idea de ir en tren y de dormir sola del tir\u00f3n tambi\u00e9n me atrajo, aunque luego \u00e9sto fue <em>trampa<\/em> porque a las 7 est\u00e1bamos en pie para ir al huerto \ud83d\ude09<\/p>\n<p>Nada m\u00e1s llegar al hotel, cerca de Tudela, nos ten\u00edan preparado un <strong>taller de ensaladas en tarro<\/strong>, con la genial Carmen de <a href=\"http:\/\/dietasanayejercicio.com\/\">Dieta Sana y Ejercicio<\/a>, un taller sencillo pero 100% pr\u00e1ctico y del que voy a tomar muy buena nota en cuanto recupere mi ritmo normal de oficina, pues puedes hacerte un plato combinado de ensalada de forma muy sencilla y sana \ud83d\ude09<\/p>\n<p><img loading=\"lazy\" decoding=\"async\" class=\"aligncenter size-large wp-image-4341\" src=\"https:\/\/oui-oui.es\/blog\/wp-content\/uploads\/2016\/05\/Oui-Oui-viaje-florette-ensalada-en-tarro-e1464000541993-1024x1024.jpg\" alt=\"Oui Oui-viaje florette-ensalada en tarro\" width=\"1024\" height=\"1024\" srcset=\"https:\/\/oui-oui.es\/blog\/wp-content\/uploads\/2016\/05\/Oui-Oui-viaje-florette-ensalada-en-tarro-e1464000541993-1024x1024.jpg 1024w, https:\/\/oui-oui.es\/blog\/wp-content\/uploads\/2016\/05\/Oui-Oui-viaje-florette-ensalada-en-tarro-e1464000541993-150x150.jpg 150w, https:\/\/oui-oui.es\/blog\/wp-content\/uploads\/2016\/05\/Oui-Oui-viaje-florette-ensalada-en-tarro-e1464000541993-300x300.jpg 300w, https:\/\/oui-oui.es\/blog\/wp-content\/uploads\/2016\/05\/Oui-Oui-viaje-florette-ensalada-en-tarro-e1464000541993-768x768.jpg 768w, https:\/\/oui-oui.es\/blog\/wp-content\/uploads\/2016\/05\/Oui-Oui-viaje-florette-ensalada-en-tarro-e1464000541993-600x600.jpg 600w\" sizes=\"auto, (max-width: 1024px) 100vw, 1024px\" \/><\/p>\n<p><img loading=\"lazy\" decoding=\"async\" class=\"aligncenter size-large wp-image-4335\" src=\"https:\/\/oui-oui.es\/blog\/wp-content\/uploads\/2016\/05\/Oui-Oui-visita-huerto-y-fabrica-Florette-12-1024x683.jpg\" alt=\"Oui Oui-visita huerto y fabrica Florette (12)\" width=\"1024\" height=\"683\" srcset=\"https:\/\/oui-oui.es\/blog\/wp-content\/uploads\/2016\/05\/Oui-Oui-visita-huerto-y-fabrica-Florette-12-1024x683.jpg 1024w, https:\/\/oui-oui.es\/blog\/wp-content\/uploads\/2016\/05\/Oui-Oui-visita-huerto-y-fabrica-Florette-12-300x200.jpg 300w, https:\/\/oui-oui.es\/blog\/wp-content\/uploads\/2016\/05\/Oui-Oui-visita-huerto-y-fabrica-Florette-12-768x512.jpg 768w, https:\/\/oui-oui.es\/blog\/wp-content\/uploads\/2016\/05\/Oui-Oui-visita-huerto-y-fabrica-Florette-12-600x400.jpg 600w\" sizes=\"auto, (max-width: 1024px) 100vw, 1024px\" \/><\/p>\n<p>Despu\u00e9s disfrutamos de una <strong>acogedora cena<\/strong>, con las verduras como protagonistas y con <a href=\"http:\/\/www.cenasadivina.com\/\"><strong>Silvia<\/strong><\/a> (por cierto, \u00bfos he dicho que estar\u00e9 en de <a href=\"http:\/\/www.cenasadivina.com\/#!calendario\/cjs2\"><strong>Cena Adivina<\/strong><\/a> el 24\/6?) de maestra de ceremonias que hizo que nos sinti\u00e9ramos como en casa y que nos conoci\u00e9ramos un poco m\u00e1s entre todos.<\/p>\n<p><img loading=\"lazy\" decoding=\"async\" class=\"aligncenter size-large wp-image-4340\" src=\"https:\/\/oui-oui.es\/blog\/wp-content\/uploads\/2016\/05\/Oui-Oui-viaje-florette-cena-adivina-e1464000586787-1024x1024.jpg\" alt=\"Oui Oui-viaje florette-cena adivina\" width=\"1024\" height=\"1024\" srcset=\"https:\/\/oui-oui.es\/blog\/wp-content\/uploads\/2016\/05\/Oui-Oui-viaje-florette-cena-adivina-e1464000586787-1024x1024.jpg 1024w, https:\/\/oui-oui.es\/blog\/wp-content\/uploads\/2016\/05\/Oui-Oui-viaje-florette-cena-adivina-e1464000586787-150x150.jpg 150w, https:\/\/oui-oui.es\/blog\/wp-content\/uploads\/2016\/05\/Oui-Oui-viaje-florette-cena-adivina-e1464000586787-300x300.jpg 300w, https:\/\/oui-oui.es\/blog\/wp-content\/uploads\/2016\/05\/Oui-Oui-viaje-florette-cena-adivina-e1464000586787-768x768.jpg 768w, https:\/\/oui-oui.es\/blog\/wp-content\/uploads\/2016\/05\/Oui-Oui-viaje-florette-cena-adivina-e1464000586787-600x600.jpg 600w\" sizes=\"auto, (max-width: 1024px) 100vw, 1024px\" \/><\/p>\n<p>Al d\u00eda siguiente,Javier <strong>nos ense\u00f1\u00f3 el huerto de forma tan apasionada<\/strong> que te entraban ganas de estudiar agr\u00f3nomos e irte a trabajar all\u00ed; no eres consciente (o al menos yo no lo era) de la cantidad de variables que entran en juego para cultivar de forma \u00f3ptima una lechuga o similar; la rotaci\u00f3n de los campos seg\u00fan la estaci\u00f3n, el control de las plagas, el invernadero con corrientes altas para evitar insectos, etc&#8230;<\/p>\n<p><img loading=\"lazy\" decoding=\"async\" class=\"aligncenter size-large wp-image-4336\" src=\"https:\/\/oui-oui.es\/blog\/wp-content\/uploads\/2016\/05\/Oui-Oui-visita-huerto-y-fabrica-Florette-25-1024x683.jpg\" alt=\"Oui Oui-visita huerto y fabrica Florette (25)\" width=\"1024\" height=\"683\" srcset=\"https:\/\/oui-oui.es\/blog\/wp-content\/uploads\/2016\/05\/Oui-Oui-visita-huerto-y-fabrica-Florette-25-1024x683.jpg 1024w, https:\/\/oui-oui.es\/blog\/wp-content\/uploads\/2016\/05\/Oui-Oui-visita-huerto-y-fabrica-Florette-25-300x200.jpg 300w, https:\/\/oui-oui.es\/blog\/wp-content\/uploads\/2016\/05\/Oui-Oui-visita-huerto-y-fabrica-Florette-25-768x512.jpg 768w, https:\/\/oui-oui.es\/blog\/wp-content\/uploads\/2016\/05\/Oui-Oui-visita-huerto-y-fabrica-Florette-25-600x400.jpg 600w\" sizes=\"auto, (max-width: 1024px) 100vw, 1024px\" \/><\/p>\n<p>La <strong>recogida de la r\u00facula<\/strong> me encant\u00f3, adem\u00e1s del buen olor que impregnaba todo el invernadero<\/p>\n<p><img loading=\"lazy\" decoding=\"async\" class=\"aligncenter size-large wp-image-4337\" src=\"https:\/\/oui-oui.es\/blog\/wp-content\/uploads\/2016\/05\/Oui-Oui-visita-huerto-y-fabrica-Florette-28-1024x683.jpg\" alt=\"Oui Oui-visita huerto y fabrica Florette (28)\" width=\"1024\" height=\"683\" srcset=\"https:\/\/oui-oui.es\/blog\/wp-content\/uploads\/2016\/05\/Oui-Oui-visita-huerto-y-fabrica-Florette-28-1024x683.jpg 1024w, https:\/\/oui-oui.es\/blog\/wp-content\/uploads\/2016\/05\/Oui-Oui-visita-huerto-y-fabrica-Florette-28-300x200.jpg 300w, https:\/\/oui-oui.es\/blog\/wp-content\/uploads\/2016\/05\/Oui-Oui-visita-huerto-y-fabrica-Florette-28-768x512.jpg 768w, https:\/\/oui-oui.es\/blog\/wp-content\/uploads\/2016\/05\/Oui-Oui-visita-huerto-y-fabrica-Florette-28-600x400.jpg 600w\" sizes=\"auto, (max-width: 1024px) 100vw, 1024px\" \/><\/p>\n<p>Una de las cosas que m\u00e1s me sorprendi\u00f3 conocer fue que <strong>desde que se recoge la lechuga, en 24<\/strong> (m\u00e1ximo 48h) <strong>est\u00e1 en la nevera del supermercado<\/strong>, y sin llevar ning\u00fan conservante (tan s\u00f3lo lavada muy bien con agua), dura de forma \u00f3ptima hasta diez d\u00edas (si mantenemos la cadena de fr\u00edo correctamente). <strong>El secreto est\u00e1 en cultivar las hojas<\/strong> (lechugas, brotes, etc&#8230;) <strong>lo m\u00e1s limpias posibles, lavarla muy bien y, sobretodo, secarla MUY bien<\/strong>, de forma que el agua no estropee las hojas, as\u00ed me di cuenta de que las bolsas de hoja verde Florette son realmente naturales, tan naturales como que dos d\u00edas antes de que la tengas en el super mercado, la lechuga estaba plantada.<\/p>\n<p>La visita a la f\u00e1brica en la que se limpia y se envasa fue realmente interesante, <strong>de la f\u00e1brica de Milagros en la que estuvimos salen cada d\u00eda 230.000 bolsas lo que significa unos 50.000 Kg<\/strong>, impresionante, \u00bfverdad?, en el v\u00eddeo pod\u00e9is haceros mejor a la idea<\/p>\n<p><iframe loading=\"lazy\" title=\"Blogtrip Florette abril 2016\" width=\"500\" height=\"281\" src=\"https:\/\/www.youtube.com\/embed\/AvxmZxVOzno?feature=oembed\" frameborder=\"0\" allow=\"accelerometer; autoplay; clipboard-write; encrypted-media; gyroscope; picture-in-picture; web-share\" referrerpolicy=\"strict-origin-when-cross-origin\" allowfullscreen><\/iframe><\/p>\n<p>Yo soy fan de los <strong>can\u00f3nigos, r\u00facula y espinacas<\/strong> y otro producto que me encanta (adem\u00e1s de los men\u00fas completos) son las <strong>bolsitas de manzana partida<\/strong>, ya se que lo ideal ser\u00eda llevar la manzana siempre pero yo voy siempre con prisas (no me gusta pelar la fruta, lo reconozco) y soy un poco <em>comodona<\/em> as\u00ed que me vienen muy bien para tener de picoteo en la oficina.Por cierto&#8230;Tienen novedades! la mezcla de <strong>ensalada Vittalia con s\u00faper alimentos y Kale<\/strong>, puedes conocerla <a href=\"http:\/\/www.florette.es\/producto\/vittalia\/\">aqu\u00ed<\/a><\/p>\n<p><img loading=\"lazy\" decoding=\"async\" class=\"aligncenter size-large wp-image-4338\" src=\"https:\/\/oui-oui.es\/blog\/wp-content\/uploads\/2016\/05\/Oui-Oui-visita-huerto-y-fabrica-Florette-33-1024x683.jpg\" alt=\"Oui Oui-visita huerto y fabrica Florette (33)\" width=\"1024\" height=\"683\" srcset=\"https:\/\/oui-oui.es\/blog\/wp-content\/uploads\/2016\/05\/Oui-Oui-visita-huerto-y-fabrica-Florette-33-1024x683.jpg 1024w, https:\/\/oui-oui.es\/blog\/wp-content\/uploads\/2016\/05\/Oui-Oui-visita-huerto-y-fabrica-Florette-33-300x200.jpg 300w, https:\/\/oui-oui.es\/blog\/wp-content\/uploads\/2016\/05\/Oui-Oui-visita-huerto-y-fabrica-Florette-33-768x512.jpg 768w, https:\/\/oui-oui.es\/blog\/wp-content\/uploads\/2016\/05\/Oui-Oui-visita-huerto-y-fabrica-Florette-33-600x400.jpg 600w\" sizes=\"auto, (max-width: 1024px) 100vw, 1024px\" \/><\/p>\n","protected":false},"excerpt":{"rendered":"<p>Me encanta conocer el proceso y las tripas de c\u00f3mo se producen las cosas, antes de dejar el banco tuve la oportunidad (\u00a1gracias Morgan Stanley!) de visitar Inditex y Pescanova y fue una gran experiencia, as\u00ed que cuando desde Florette me invitaron a conocer su huerto y la f\u00e1brica en la que producen todas sus [&hellip;]<\/p>\n","protected":false},"author":1,"featured_media":4339,"comment_status":"open","ping_status":"open","sticky":false,"template":"","format":"standard","meta":{"jetpack_post_was_ever_published":false,"_jetpack_newsletter_access":"","_jetpack_dont_email_post_to_subs":false,"_jetpack_newsletter_tier_id":0,"_jetpack_memberships_contains_paywalled_content":false,"_jetpack_memberships_contains_paid_content":false,"footnotes":"","jetpack_publicize_message":"","jetpack_publicize_feature_enabled":true,"jetpack_social_post_already_shared":true,"jetpack_social_options":{"image_generator_settings":{"template":"highway","default_image_id":0,"font":"","enabled":false},"version":2}},"categories":[177],"tags":[752],"class_list":["post-4334","post","type-post","status-publish","format-standard","has-post-thumbnail","hentry","category-lifestyle-2","tag-planes-chulos"],"aioseo_notices":[],"jetpack_publicize_connections":[],"jetpack_featured_media_url":"https:\/\/oui-oui.es\/blog\/wp-content\/uploads\/2016\/05\/Oui-Oui-viaje-florette-huerto-florette-cojin-tractor.jpg","jetpack_sharing_enabled":true,"jetpack-related-posts":[{"id":4048,"url":"https:\/\/oui-oui.es\/blog\/restaurantes-que-tachar-en-febrero\/","url_meta":{"origin":4334,"position":0},"title":"Restaurantes que tachar en Febrero","author":"Mar\u00eda \u2665Oui Oui\u2665","date":"9 febrero, 2016","format":false,"excerpt":"Est\u00e1 claro que febrero no ser\u00e1 un mes f\u00e1cil para tachar restaurantes, me quedan unos diez d\u00edas como m\u00e1ximo para dar a luz y no s\u00e9 como nos apa\u00f1aremos siendo cuatro en casa, con la lactancia, el cansancio, etc...Pero a\u00fan as\u00ed, os dejo la lista para que pod\u00e1is tacharlos vosotros!\u2026","rel":"","context":"En \u00abESTILO DE VIDA\u00bb","block_context":{"text":"ESTILO DE VIDA","link":"https:\/\/oui-oui.es\/blog\/category\/lifestyle-2\/"},"img":{"alt_text":"","src":"https:\/\/i0.wp.com\/oui-oui.es\/blog\/wp-content\/uploads\/2016\/02\/Oui-Oui-floren-domezain-restaurante-lechuga.jpg?resize=350%2C200&ssl=1","width":350,"height":200,"srcset":"https:\/\/i0.wp.com\/oui-oui.es\/blog\/wp-content\/uploads\/2016\/02\/Oui-Oui-floren-domezain-restaurante-lechuga.jpg?resize=350%2C200&ssl=1 1x, https:\/\/i0.wp.com\/oui-oui.es\/blog\/wp-content\/uploads\/2016\/02\/Oui-Oui-floren-domezain-restaurante-lechuga.jpg?resize=525%2C300&ssl=1 1.5x"},"classes":[]},{"id":2508,"url":"https:\/\/oui-oui.es\/blog\/una-boda-en-el-jardin-de-aldeallana\/","url_meta":{"origin":4334,"position":1},"title":"Una boda en el jard\u00edn de Aldeallana","author":"Mar\u00eda \u2665Oui Oui\u2665","date":"3 junio, 2015","format":false,"excerpt":"\u00a0 \u00a0 A veces sorprender es tan f\u00e1cil como proponer a unos adultos pasar una ma\u00f1ana de ni\u00f1os; as\u00ed nos sorprendieron en Finca Aldeallana hace unas semanas, con una garden party en la que disfrutamos de una gymkana jugando a la petanca, a los bolos, a tirar aros o el\u2026","rel":"","context":"En \u00abBoda\u00bb","block_context":{"text":"Boda","link":"https:\/\/oui-oui.es\/blog\/category\/fiestas-celebraciones\/boda\/"},"img":{"alt_text":"","src":"https:\/\/i0.wp.com\/oui-oui.es\/blog\/wp-content\/uploads\/2015\/06\/oui-oui-taza-friends-candybar-maria-antonieta-finca-aldeallana.jpg?resize=350%2C200&ssl=1","width":350,"height":200},"classes":[]},{"id":9775,"url":"https:\/\/oui-oui.es\/blog\/como-gestionar-la-carga-mental-descubrelo-en-net-a-emprender\/","url_meta":{"origin":4334,"position":2},"title":"C\u00f3mo gestionar la carga mental |Desc\u00fabrelo en Net \u00e0 Emprender","author":"Mar\u00eda \u2665Oui Oui\u2665","date":"23 abril, 2019","format":false,"excerpt":"Quiz\u00e1s no le hayas puesto nombre, pero si eres mujer, emprendedora y\/o madre, padeces carga mental SEGURO. Yo la identifiqu\u00e9 cuando emprend\u00ed y fui madre que, en mi caso, fue casi a la vez, coincidi\u00f3 el embarazo con el lanzamiento de Oui Oui, proyecto en el que trabaj\u00e9 un a\u00f1o\u2026","rel":"","context":"En \u00abEMPRENDEDORAS\u00bb","block_context":{"text":"EMPRENDEDORAS","link":"https:\/\/oui-oui.es\/blog\/category\/mentoring-emprendedores\/"},"img":{"alt_text":"","src":"https:\/\/i0.wp.com\/oui-oui.es\/blog\/wp-content\/uploads\/2019\/04\/Oui-Oui-la-carga-mental-net-a-emprender-emma.jpg?resize=350%2C200&ssl=1","width":350,"height":200,"srcset":"https:\/\/i0.wp.com\/oui-oui.es\/blog\/wp-content\/uploads\/2019\/04\/Oui-Oui-la-carga-mental-net-a-emprender-emma.jpg?resize=350%2C200&ssl=1 1x, https:\/\/i0.wp.com\/oui-oui.es\/blog\/wp-content\/uploads\/2019\/04\/Oui-Oui-la-carga-mental-net-a-emprender-emma.jpg?resize=525%2C300&ssl=1 1.5x"},"classes":[]},{"id":2661,"url":"https:\/\/oui-oui.es\/blog\/memorias-del-ayer-los-muebles-mas-bonitos-para-tu-boda\/","url_meta":{"origin":4334,"position":3},"title":"Memorias del Ayer: los muebles m\u00e1s bonitos para tu boda","author":"Mar\u00eda \u2665Oui Oui\u2665","date":"24 junio, 2015","format":false,"excerpt":"Descubr\u00ed a las chicas de Memorias del Ayer cuando buscando mesa para el evento de Telva, Eva nos las sugiri\u00f3 y ellas nos prestaron la mesa del candy bar encantadas. Desde entonces he podido conocer su trabajo un poquito m\u00e1s y quer\u00eda compartirlo porque quiz\u00e1s te sirva de ayuda si\u2026","rel":"","context":"En \u00abBoda\u00bb","block_context":{"text":"Boda","link":"https:\/\/oui-oui.es\/blog\/category\/fiestas-celebraciones\/boda\/"},"img":{"alt_text":"","src":"https:\/\/i0.wp.com\/oui-oui.es\/blog\/wp-content\/uploads\/Oui-Oui-alquiler-muebles-vintage-bodas-memorias-del-ayer-2.jpg?resize=350%2C200&ssl=1","width":350,"height":200,"srcset":"https:\/\/i0.wp.com\/oui-oui.es\/blog\/wp-content\/uploads\/Oui-Oui-alquiler-muebles-vintage-bodas-memorias-del-ayer-2.jpg?resize=350%2C200&ssl=1 1x, https:\/\/i0.wp.com\/oui-oui.es\/blog\/wp-content\/uploads\/Oui-Oui-alquiler-muebles-vintage-bodas-memorias-del-ayer-2.jpg?resize=525%2C300&ssl=1 1.5x, https:\/\/i0.wp.com\/oui-oui.es\/blog\/wp-content\/uploads\/Oui-Oui-alquiler-muebles-vintage-bodas-memorias-del-ayer-2.jpg?resize=700%2C400&ssl=1 2x, https:\/\/i0.wp.com\/oui-oui.es\/blog\/wp-content\/uploads\/Oui-Oui-alquiler-muebles-vintage-bodas-memorias-del-ayer-2.jpg?resize=1050%2C600&ssl=1 3x"},"classes":[]},{"id":3638,"url":"https:\/\/oui-oui.es\/blog\/en-ocasiones-veo-zorritos\/","url_meta":{"origin":4334,"position":4},"title":"En ocasiones veo zorritos","author":"Mar\u00eda \u2665Oui Oui\u2665","date":"28 octubre, 2015","format":false,"excerpt":"Es curioso c\u00f3mo se producen las tendencias y despu\u00e9s las modas...Cuando estaba realizando mis primeras compras para Oui Oui hace ya casi tres a\u00f1os, recuerdo que un proveedor me insisti\u00f3 para que comprara productos de la colecci\u00f3n Fox \"en Inglaterra tienen much\u00edsimo \u00e9xito\" me dec\u00eda...Y hab\u00eda cosas muy monas, pero\u2026","rel":"","context":"En \u00abNI\u00d1OS Y NI\u00d1AS\u00bb","block_context":{"text":"NI\u00d1OS Y NI\u00d1AS","link":"https:\/\/oui-oui.es\/blog\/category\/ninos\/"},"img":{"alt_text":"","src":"https:\/\/i0.wp.com\/oui-oui.es\/blog\/wp-content\/uploads\/2015\/10\/oui-Oui-maletas-zorros-decorar-con-zorros-set-maletas-fox-naranja.jpg?resize=350%2C200&ssl=1","width":350,"height":200,"srcset":"https:\/\/i0.wp.com\/oui-oui.es\/blog\/wp-content\/uploads\/2015\/10\/oui-Oui-maletas-zorros-decorar-con-zorros-set-maletas-fox-naranja.jpg?resize=350%2C200&ssl=1 1x, https:\/\/i0.wp.com\/oui-oui.es\/blog\/wp-content\/uploads\/2015\/10\/oui-Oui-maletas-zorros-decorar-con-zorros-set-maletas-fox-naranja.jpg?resize=525%2C300&ssl=1 1.5x"},"classes":[]},{"id":3099,"url":"https:\/\/oui-oui.es\/blog\/cabo-de-gata-en-familia\/","url_meta":{"origin":4334,"position":5},"title":"Cabo de Gata en familia","author":"Mar\u00eda \u2665Oui Oui\u2665","date":"2 septiembre, 2015","format":false,"excerpt":"Como contaba el otro d\u00eda, este a\u00f1o decidimos buscar un destino de \"playa de calor\" para segurarnos los d\u00edas de playa con Mart\u00edn, pero quer\u00edamos hu\u00edr de las masificaciones, los macro hoteles y los atascos, as\u00ed llegamos a Cabo de Gata. Siendo sincera, seg\u00fan bajamos del coche nos golpe\u00f3 una\u2026","rel":"","context":"En \u00abESTILO DE VIDA\u00bb","block_context":{"text":"ESTILO DE VIDA","link":"https:\/\/oui-oui.es\/blog\/category\/lifestyle-2\/"},"img":{"alt_text":"","src":"https:\/\/i0.wp.com\/oui-oui.es\/blog\/wp-content\/uploads\/2015\/09\/Oui-Oui-cabo-de-gata-con-ni%C3%B1os-agua-amarga.jpg?resize=350%2C200&ssl=1","width":350,"height":200,"srcset":"https:\/\/i0.wp.com\/oui-oui.es\/blog\/wp-content\/uploads\/2015\/09\/Oui-Oui-cabo-de-gata-con-ni%C3%B1os-agua-amarga.jpg?resize=350%2C200&ssl=1 1x, https:\/\/i0.wp.com\/oui-oui.es\/blog\/wp-content\/uploads\/2015\/09\/Oui-Oui-cabo-de-gata-con-ni%C3%B1os-agua-amarga.jpg?resize=525%2C300&ssl=1 1.5x, https:\/\/i0.wp.com\/oui-oui.es\/blog\/wp-content\/uploads\/2015\/09\/Oui-Oui-cabo-de-gata-con-ni%C3%B1os-agua-amarga.jpg?resize=700%2C400&ssl=1 2x, https:\/\/i0.wp.com\/oui-oui.es\/blog\/wp-content\/uploads\/2015\/09\/Oui-Oui-cabo-de-gata-con-ni%C3%B1os-agua-amarga.jpg?resize=1050%2C600&ssl=1 3x, https:\/\/i0.wp.com\/oui-oui.es\/blog\/wp-content\/uploads\/2015\/09\/Oui-Oui-cabo-de-gata-con-ni%C3%B1os-agua-amarga.jpg?resize=1400%2C800&ssl=1 4x"},"classes":[]}],"_links":{"self":[{"href":"https:\/\/oui-oui.es\/blog\/wp-json\/wp\/v2\/posts\/4334","targetHints":{"allow":["GET"]}}],"collection":[{"href":"https:\/\/oui-oui.es\/blog\/wp-json\/wp\/v2\/posts"}],"about":[{"href":"https:\/\/oui-oui.es\/blog\/wp-json\/wp\/v2\/types\/post"}],"author":[{"embeddable":true,"href":"https:\/\/oui-oui.es\/blog\/wp-json\/wp\/v2\/users\/1"}],"replies":[{"embeddable":true,"href":"https:\/\/oui-oui.es\/blog\/wp-json\/wp\/v2\/comments?post=4334"}],"version-history":[{"count":1,"href":"https:\/\/oui-oui.es\/blog\/wp-json\/wp\/v2\/posts\/4334\/revisions"}],"predecessor-version":[{"id":4342,"href":"https:\/\/oui-oui.es\/blog\/wp-json\/wp\/v2\/posts\/4334\/revisions\/4342"}],"wp:featuredmedia":[{"embeddable":true,"href":"https:\/\/oui-oui.es\/blog\/wp-json\/wp\/v2\/media\/4339"}],"wp:attachment":[{"href":"https:\/\/oui-oui.es\/blog\/wp-json\/wp\/v2\/media?parent=4334"}],"wp:term":[{"taxonomy":"category","embeddable":true,"href":"https:\/\/oui-oui.es\/blog\/wp-json\/wp\/v2\/categories?post=4334"},{"taxonomy":"post_tag","embeddable":true,"href":"https:\/\/oui-oui.es\/blog\/wp-json\/wp\/v2\/tags?post=4334"}],"curies":[{"name":"wp","href":"https:\/\/api.w.org\/{rel}","templated":true}]}}