{"id":4343,"date":"2016-05-27T00:15:42","date_gmt":"2016-05-26T22:15:42","guid":{"rendered":"https:\/\/oui-oui.es\/blog\/?p=4343"},"modified":"2016-05-24T00:51:50","modified_gmt":"2016-05-23T22:51:50","slug":"un-dia-en-los-caballos","status":"publish","type":"post","link":"https:\/\/oui-oui.es\/blog\/un-dia-en-los-caballos\/","title":{"rendered":"Un d\u00eda en los caballos"},"content":{"rendered":"<p><img loading=\"lazy\" decoding=\"async\" class=\"aligncenter size-large wp-image-4355\" src=\"https:\/\/oui-oui.es\/blog\/wp-content\/uploads\/2016\/05\/Oui-Oui-caballos-de-guadalajara-marta-machin-57-1024x683.jpg\" alt=\"Oui Oui-caballos de guadalajara-marta machin (57)\" width=\"1024\" height=\"683\" srcset=\"https:\/\/oui-oui.es\/blog\/wp-content\/uploads\/2016\/05\/Oui-Oui-caballos-de-guadalajara-marta-machin-57-1024x683.jpg 1024w, https:\/\/oui-oui.es\/blog\/wp-content\/uploads\/2016\/05\/Oui-Oui-caballos-de-guadalajara-marta-machin-57-300x200.jpg 300w, https:\/\/oui-oui.es\/blog\/wp-content\/uploads\/2016\/05\/Oui-Oui-caballos-de-guadalajara-marta-machin-57-768x513.jpg 768w, https:\/\/oui-oui.es\/blog\/wp-content\/uploads\/2016\/05\/Oui-Oui-caballos-de-guadalajara-marta-machin-57-600x400.jpg 600w, https:\/\/oui-oui.es\/blog\/wp-content\/uploads\/2016\/05\/Oui-Oui-caballos-de-guadalajara-marta-machin-57.jpg 1500w\" sizes=\"auto, (max-width: 1024px) 100vw, 1024px\" \/><\/p>\n<p>A Mart\u00edn<strong> le encantan los animales<\/strong>, primero eran los perros y seg\u00fan ha ido creciendo se han incorporado todos los que hemos conocido en el campo; cerdos, cabras, gallinas&#8230;Y <strong>Caballos<\/strong>, \u00faltimamente era casi una obsesi\u00f3n, as\u00ed que pensamos en organizar un d\u00eda con ponys a ver si le apetec\u00eda montar&#8230;\u00a1Y le encant\u00f3! tanto, que tambi\u00e9n se anim\u00f3 a subirse a un caballo grande despu\u00e9s.<\/p>\n<p><img loading=\"lazy\" decoding=\"async\" class=\"aligncenter size-large wp-image-4349\" src=\"https:\/\/oui-oui.es\/blog\/wp-content\/uploads\/2016\/05\/Oui-Oui-caballos-de-guadalajara-marta-machin-33-1024x683.jpg\" alt=\"Oui Oui-caballos de guadalajara-marta machin (33)\" width=\"1024\" height=\"683\" srcset=\"https:\/\/oui-oui.es\/blog\/wp-content\/uploads\/2016\/05\/Oui-Oui-caballos-de-guadalajara-marta-machin-33-1024x683.jpg 1024w, https:\/\/oui-oui.es\/blog\/wp-content\/uploads\/2016\/05\/Oui-Oui-caballos-de-guadalajara-marta-machin-33-300x200.jpg 300w, https:\/\/oui-oui.es\/blog\/wp-content\/uploads\/2016\/05\/Oui-Oui-caballos-de-guadalajara-marta-machin-33-768x513.jpg 768w, https:\/\/oui-oui.es\/blog\/wp-content\/uploads\/2016\/05\/Oui-Oui-caballos-de-guadalajara-marta-machin-33-600x400.jpg 600w, https:\/\/oui-oui.es\/blog\/wp-content\/uploads\/2016\/05\/Oui-Oui-caballos-de-guadalajara-marta-machin-33.jpg 1500w\" sizes=\"auto, (max-width: 1024px) 100vw, 1024px\" \/><\/p>\n<p>Para el plan elegimos el picadero de <a href=\"http:\/\/www.caballosdeguadalajara.com\"><strong>Caballos de Guadalajara<\/strong><\/a>, muy cerquita de Madrid (tardamos menos de una hora) y en el que nos daban la posibilidad de hacer barbacoa o un picnic por el campo, all\u00ed puedes contratar el <strong>paseo en pony<\/strong> de unos 50min, hacer un grupo, coger <strong>clases de montar a caballo para los ni\u00f1os<\/strong> m\u00e1s grandes&#8230;Son bastante flexibles, as\u00ed que si tienes un plan s\u00f3lo tienes que consultarles, puedes consultar <a href=\"http:\/\/www.caballosdeguadalajara.com\">aqu\u00ed<\/a>.<\/p>\n<p><img loading=\"lazy\" decoding=\"async\" class=\"aligncenter size-large wp-image-4344\" src=\"https:\/\/oui-oui.es\/blog\/wp-content\/uploads\/2016\/05\/Oui-Oui-caballos-de-guadalajara-marta-machin-1-1024x683.jpg\" alt=\"Oui Oui-caballos de guadalajara-marta machin (1)\" width=\"1024\" height=\"683\" srcset=\"https:\/\/oui-oui.es\/blog\/wp-content\/uploads\/2016\/05\/Oui-Oui-caballos-de-guadalajara-marta-machin-1-1024x683.jpg 1024w, https:\/\/oui-oui.es\/blog\/wp-content\/uploads\/2016\/05\/Oui-Oui-caballos-de-guadalajara-marta-machin-1-300x200.jpg 300w, https:\/\/oui-oui.es\/blog\/wp-content\/uploads\/2016\/05\/Oui-Oui-caballos-de-guadalajara-marta-machin-1-768x513.jpg 768w, https:\/\/oui-oui.es\/blog\/wp-content\/uploads\/2016\/05\/Oui-Oui-caballos-de-guadalajara-marta-machin-1-600x400.jpg 600w, https:\/\/oui-oui.es\/blog\/wp-content\/uploads\/2016\/05\/Oui-Oui-caballos-de-guadalajara-marta-machin-1.jpg 1500w\" sizes=\"auto, (max-width: 1024px) 100vw, 1024px\" \/><\/p>\n<p><img loading=\"lazy\" decoding=\"async\" class=\"aligncenter size-large wp-image-4346\" src=\"https:\/\/oui-oui.es\/blog\/wp-content\/uploads\/2016\/05\/Oui-Oui-caballos-de-guadalajara-marta-machin-11-683x1024.jpg\" alt=\"Oui Oui-caballos de guadalajara-marta machin (11)\" width=\"683\" height=\"1024\" srcset=\"https:\/\/oui-oui.es\/blog\/wp-content\/uploads\/2016\/05\/Oui-Oui-caballos-de-guadalajara-marta-machin-11-683x1024.jpg 683w, https:\/\/oui-oui.es\/blog\/wp-content\/uploads\/2016\/05\/Oui-Oui-caballos-de-guadalajara-marta-machin-11-200x300.jpg 200w, https:\/\/oui-oui.es\/blog\/wp-content\/uploads\/2016\/05\/Oui-Oui-caballos-de-guadalajara-marta-machin-11-768x1151.jpg 768w, https:\/\/oui-oui.es\/blog\/wp-content\/uploads\/2016\/05\/Oui-Oui-caballos-de-guadalajara-marta-machin-11-600x899.jpg 600w, https:\/\/oui-oui.es\/blog\/wp-content\/uploads\/2016\/05\/Oui-Oui-caballos-de-guadalajara-marta-machin-11.jpg 1001w\" sizes=\"auto, (max-width: 683px) 100vw, 683px\" \/><\/p>\n<p><img loading=\"lazy\" decoding=\"async\" class=\"aligncenter size-large wp-image-4345\" src=\"https:\/\/oui-oui.es\/blog\/wp-content\/uploads\/2016\/05\/Oui-Oui-caballos-de-guadalajara-marta-machin-8-1024x683.jpg\" alt=\"Oui Oui-caballos de guadalajara-marta machin (8)\" width=\"1024\" height=\"683\" srcset=\"https:\/\/oui-oui.es\/blog\/wp-content\/uploads\/2016\/05\/Oui-Oui-caballos-de-guadalajara-marta-machin-8-1024x683.jpg 1024w, https:\/\/oui-oui.es\/blog\/wp-content\/uploads\/2016\/05\/Oui-Oui-caballos-de-guadalajara-marta-machin-8-300x200.jpg 300w, https:\/\/oui-oui.es\/blog\/wp-content\/uploads\/2016\/05\/Oui-Oui-caballos-de-guadalajara-marta-machin-8-768x513.jpg 768w, https:\/\/oui-oui.es\/blog\/wp-content\/uploads\/2016\/05\/Oui-Oui-caballos-de-guadalajara-marta-machin-8-600x400.jpg 600w, https:\/\/oui-oui.es\/blog\/wp-content\/uploads\/2016\/05\/Oui-Oui-caballos-de-guadalajara-marta-machin-8.jpg 1500w\" sizes=\"auto, (max-width: 1024px) 100vw, 1024px\" \/><\/p>\n<p>Nosotros ten\u00edamos planeado un <strong>picnic en el campo<\/strong> pero al final la refrescamte sombra de la zona que tienen habilitada para comer nos atrajo m\u00e1s y all\u00ed que nos quedamos despu\u00e9s del paseo, adem\u00e1s ya s\u00f3lo estar en el picadero es un plan en si mismo; visitar las cuadras, jugar con los perros que hay por ah\u00ed, correr por los rincones&#8230;<\/p>\n<p><img loading=\"lazy\" decoding=\"async\" class=\"aligncenter size-large wp-image-4347\" src=\"https:\/\/oui-oui.es\/blog\/wp-content\/uploads\/2016\/05\/Oui-Oui-caballos-de-guadalajara-marta-machin-20-1024x683.jpg\" alt=\"Oui Oui-caballos de guadalajara-marta machin (20)\" width=\"1024\" height=\"683\" srcset=\"https:\/\/oui-oui.es\/blog\/wp-content\/uploads\/2016\/05\/Oui-Oui-caballos-de-guadalajara-marta-machin-20-1024x683.jpg 1024w, https:\/\/oui-oui.es\/blog\/wp-content\/uploads\/2016\/05\/Oui-Oui-caballos-de-guadalajara-marta-machin-20-300x200.jpg 300w, https:\/\/oui-oui.es\/blog\/wp-content\/uploads\/2016\/05\/Oui-Oui-caballos-de-guadalajara-marta-machin-20-768x513.jpg 768w, https:\/\/oui-oui.es\/blog\/wp-content\/uploads\/2016\/05\/Oui-Oui-caballos-de-guadalajara-marta-machin-20-600x400.jpg 600w, https:\/\/oui-oui.es\/blog\/wp-content\/uploads\/2016\/05\/Oui-Oui-caballos-de-guadalajara-marta-machin-20.jpg 1500w\" sizes=\"auto, (max-width: 1024px) 100vw, 1024px\" \/><\/p>\n<p>Despu\u00e9s de comer tanto Mart\u00edn como su amigo Teo se animaron a subir al caballo grande<\/p>\n<p><img loading=\"lazy\" decoding=\"async\" class=\"aligncenter size-large wp-image-4348\" src=\"https:\/\/oui-oui.es\/blog\/wp-content\/uploads\/2016\/05\/Oui-Oui-caballos-de-guadalajara-marta-machin-24-1024x683.jpg\" alt=\"Oui Oui-caballos de guadalajara-marta machin (24)\" width=\"1024\" height=\"683\" srcset=\"https:\/\/oui-oui.es\/blog\/wp-content\/uploads\/2016\/05\/Oui-Oui-caballos-de-guadalajara-marta-machin-24-1024x683.jpg 1024w, https:\/\/oui-oui.es\/blog\/wp-content\/uploads\/2016\/05\/Oui-Oui-caballos-de-guadalajara-marta-machin-24-300x200.jpg 300w, https:\/\/oui-oui.es\/blog\/wp-content\/uploads\/2016\/05\/Oui-Oui-caballos-de-guadalajara-marta-machin-24-768x513.jpg 768w, https:\/\/oui-oui.es\/blog\/wp-content\/uploads\/2016\/05\/Oui-Oui-caballos-de-guadalajara-marta-machin-24-600x400.jpg 600w, https:\/\/oui-oui.es\/blog\/wp-content\/uploads\/2016\/05\/Oui-Oui-caballos-de-guadalajara-marta-machin-24.jpg 1500w\" sizes=\"auto, (max-width: 1024px) 100vw, 1024px\" \/><\/p>\n<p><img loading=\"lazy\" decoding=\"async\" class=\"aligncenter size-large wp-image-4350\" src=\"https:\/\/oui-oui.es\/blog\/wp-content\/uploads\/2016\/05\/Oui-Oui-caballos-de-guadalajara-marta-machin-42-1024x683.jpg\" alt=\"Oui Oui-caballos de guadalajara-marta machin (42)\" width=\"1024\" height=\"683\" srcset=\"https:\/\/oui-oui.es\/blog\/wp-content\/uploads\/2016\/05\/Oui-Oui-caballos-de-guadalajara-marta-machin-42-1024x683.jpg 1024w, https:\/\/oui-oui.es\/blog\/wp-content\/uploads\/2016\/05\/Oui-Oui-caballos-de-guadalajara-marta-machin-42-300x200.jpg 300w, https:\/\/oui-oui.es\/blog\/wp-content\/uploads\/2016\/05\/Oui-Oui-caballos-de-guadalajara-marta-machin-42-768x513.jpg 768w, https:\/\/oui-oui.es\/blog\/wp-content\/uploads\/2016\/05\/Oui-Oui-caballos-de-guadalajara-marta-machin-42-600x400.jpg 600w, https:\/\/oui-oui.es\/blog\/wp-content\/uploads\/2016\/05\/Oui-Oui-caballos-de-guadalajara-marta-machin-42.jpg 1500w\" sizes=\"auto, (max-width: 1024px) 100vw, 1024px\" \/><\/p>\n<p><img loading=\"lazy\" decoding=\"async\" class=\"aligncenter size-large wp-image-4354\" src=\"https:\/\/oui-oui.es\/blog\/wp-content\/uploads\/2016\/05\/Oui-Oui-caballos-de-guadalajara-marta-machin-52-1024x683.jpg\" alt=\"Oui Oui-caballos de guadalajara-marta machin (52)\" width=\"1024\" height=\"683\" srcset=\"https:\/\/oui-oui.es\/blog\/wp-content\/uploads\/2016\/05\/Oui-Oui-caballos-de-guadalajara-marta-machin-52-1024x683.jpg 1024w, https:\/\/oui-oui.es\/blog\/wp-content\/uploads\/2016\/05\/Oui-Oui-caballos-de-guadalajara-marta-machin-52-300x200.jpg 300w, https:\/\/oui-oui.es\/blog\/wp-content\/uploads\/2016\/05\/Oui-Oui-caballos-de-guadalajara-marta-machin-52-768x513.jpg 768w, https:\/\/oui-oui.es\/blog\/wp-content\/uploads\/2016\/05\/Oui-Oui-caballos-de-guadalajara-marta-machin-52-600x400.jpg 600w, https:\/\/oui-oui.es\/blog\/wp-content\/uploads\/2016\/05\/Oui-Oui-caballos-de-guadalajara-marta-machin-52.jpg 1500w\" sizes=\"auto, (max-width: 1024px) 100vw, 1024px\" \/><\/p>\n<p>Marta y Miguel, los responsables de la escuela de <a href=\"http:\/\/www.caballosdeguadalajara.com\"><strong>Caballos de Guadalajara<\/strong><\/a>, fueron muy cercanos, preocup\u00e1ndose en todo momento de que los peques estuvieran a gusto, ahora tenemos casi todos los findes ocupados, pero<strong> en oto\u00f1o repetiremos y con picnic en campo<\/strong> que me qued\u00e9 con las ganas \ud83d\ude09 sin duda un planazo para ir con los ni\u00f1os un d\u00eda!<\/p>\n<p>Y yo muero de amor con estas fotos tan bonitas que nos hizo <a href=\"http:\/\/www.martamachin.com\/\"><strong>Marta Mach\u00edn<\/strong> <\/a><\/p>\n","protected":false},"excerpt":{"rendered":"<p>A Mart\u00edn le encantan los animales, primero eran los perros y seg\u00fan ha ido creciendo se han incorporado todos los que hemos conocido en el campo; cerdos, cabras, gallinas&#8230;Y Caballos, \u00faltimamente era casi una obsesi\u00f3n, as\u00ed que pensamos en organizar un d\u00eda con ponys a ver si le apetec\u00eda montar&#8230;\u00a1Y le encant\u00f3! tanto, que tambi\u00e9n [&hellip;]<\/p>\n","protected":false},"author":1,"featured_media":4344,"comment_status":"open","ping_status":"open","sticky":false,"template":"","format":"standard","meta":{"jetpack_post_was_ever_published":false,"_jetpack_newsletter_access":"","_jetpack_dont_email_post_to_subs":false,"_jetpack_newsletter_tier_id":0,"_jetpack_memberships_contains_paywalled_content":false,"_jetpack_memberships_contains_paid_content":false,"footnotes":"","jetpack_publicize_message":"","jetpack_publicize_feature_enabled":true,"jetpack_social_post_already_shared":true,"jetpack_social_options":{"image_generator_settings":{"template":"highway","default_image_id":0,"font":"","enabled":false},"version":2}},"categories":[174],"tags":[721],"class_list":["post-4343","post","type-post","status-publish","format-standard","has-post-thumbnail","hentry","category-ninos","tag-planes-con-ninos"],"aioseo_notices":[],"jetpack_publicize_connections":[],"jetpack_featured_media_url":"https:\/\/oui-oui.es\/blog\/wp-content\/uploads\/2016\/05\/Oui-Oui-caballos-de-guadalajara-marta-machin-1.jpg","jetpack_sharing_enabled":true,"jetpack-related-posts":[{"id":8769,"url":"https:\/\/oui-oui.es\/blog\/este-finde-kids-up-christmas-os-esperamos\/","url_meta":{"origin":4343,"position":0},"title":"Este finde \u00a1Kids UP Christmas! Os esperamos","author":"Mar\u00eda \u2665Oui Oui\u2665","date":"14 diciembre, 2017","format":false,"excerpt":"Queda poco m\u00e1s de una semana para Navidad y la mayor\u00eda de nosotros a\u00fan no tenemos ni la mitad de los regalos, queremos hacer algo especial pero nos falta tiempo...Pues te propongo un plan para este finde \u00a1vuelve nuestra pop up infantil! KIDS UP CHRISTMAS. Un espacio, 10 marcas y\u2026","rel":"","context":"En \u00abNI\u00d1OS Y NI\u00d1AS\u00bb","block_context":{"text":"NI\u00d1OS Y NI\u00d1AS","link":"https:\/\/oui-oui.es\/blog\/category\/ninos\/"},"img":{"alt_text":"","src":"https:\/\/i0.wp.com\/oui-oui.es\/blog\/wp-content\/uploads\/2017\/12\/Oui-Oui-puerta-ratoncito-navidad-puertas-ratoncito-perez-marta-machin.jpg?resize=350%2C200&ssl=1","width":350,"height":200,"srcset":"https:\/\/i0.wp.com\/oui-oui.es\/blog\/wp-content\/uploads\/2017\/12\/Oui-Oui-puerta-ratoncito-navidad-puertas-ratoncito-perez-marta-machin.jpg?resize=350%2C200&ssl=1 1x, https:\/\/i0.wp.com\/oui-oui.es\/blog\/wp-content\/uploads\/2017\/12\/Oui-Oui-puerta-ratoncito-navidad-puertas-ratoncito-perez-marta-machin.jpg?resize=525%2C300&ssl=1 1.5x, https:\/\/i0.wp.com\/oui-oui.es\/blog\/wp-content\/uploads\/2017\/12\/Oui-Oui-puerta-ratoncito-navidad-puertas-ratoncito-perez-marta-machin.jpg?resize=700%2C400&ssl=1 2x, https:\/\/i0.wp.com\/oui-oui.es\/blog\/wp-content\/uploads\/2017\/12\/Oui-Oui-puerta-ratoncito-navidad-puertas-ratoncito-perez-marta-machin.jpg?resize=1050%2C600&ssl=1 3x, https:\/\/i0.wp.com\/oui-oui.es\/blog\/wp-content\/uploads\/2017\/12\/Oui-Oui-puerta-ratoncito-navidad-puertas-ratoncito-perez-marta-machin.jpg?resize=1400%2C800&ssl=1 4x"},"classes":[]},{"id":1470,"url":"https:\/\/oui-oui.es\/blog\/de-cumpleanos-en-la-oficina\/","url_meta":{"origin":4343,"position":1},"title":"De cumplea\u00f1os en la oficina","author":"Mar\u00eda \u2665Oui Oui\u2665","date":"25 marzo, 2014","format":false,"excerpt":"Cuando eres peque\u00f1o y es tu cumplea\u00f1os llevas algo al cole; chuches para todos o quiz\u00e1s tambi\u00e9n tarta. \u00bfY cuando creces?\u00bfC\u00f3mo lo celebras en la oficina? \u00bfInvitando a un aburrido caf\u00e9 en el bar de siempre?. Hace un par de semanas, el d\u00eda antes de mi cumplea\u00f1os pens\u00e9 \u00bfy a\u2026","rel":"","context":"En \u00abFIESTAS y CELEBRACIONES\u00bb","block_context":{"text":"FIESTAS y CELEBRACIONES","link":"https:\/\/oui-oui.es\/blog\/category\/fiestas-celebraciones\/"},"img":{"alt_text":"","src":"https:\/\/i0.wp.com\/oui-oui.es\/blog\/wp-content\/uploads\/2014\/03\/oui-oui-stand-helados-con-toppings-2.jpg?resize=350%2C200&ssl=1","width":350,"height":200,"srcset":"https:\/\/i0.wp.com\/oui-oui.es\/blog\/wp-content\/uploads\/2014\/03\/oui-oui-stand-helados-con-toppings-2.jpg?resize=350%2C200&ssl=1 1x, https:\/\/i0.wp.com\/oui-oui.es\/blog\/wp-content\/uploads\/2014\/03\/oui-oui-stand-helados-con-toppings-2.jpg?resize=525%2C300&ssl=1 1.5x, https:\/\/i0.wp.com\/oui-oui.es\/blog\/wp-content\/uploads\/2014\/03\/oui-oui-stand-helados-con-toppings-2.jpg?resize=700%2C400&ssl=1 2x"},"classes":[]},{"id":5174,"url":"https:\/\/oui-oui.es\/blog\/gafas-de-sol-para-ninos-siroko\/","url_meta":{"origin":4343,"position":2},"title":"Gafas de sol para ni\u00f1os | Siroko","author":"Mar\u00eda \u2665Oui Oui\u2665","date":"13 marzo, 2017","format":false,"excerpt":"\u00a0 Como escrib\u00eda el otro d\u00eda,\u00a0 ya estoy en modo primavera-verano total y pensando en verano y en gafas de sol di con Siroko, una marca del norte de Espa\u00f1a de la que me llam\u00f3 la atenci\u00f3n su filosof\u00eda What you are is what you do, con productos inspirados en\u2026","rel":"","context":"En \u00abNI\u00d1OS Y NI\u00d1AS\u00bb","block_context":{"text":"NI\u00d1OS Y NI\u00d1AS","link":"https:\/\/oui-oui.es\/blog\/category\/ninos\/"},"img":{"alt_text":"","src":"https:\/\/i0.wp.com\/oui-oui.es\/blog\/wp-content\/uploads\/2017\/03\/Oui-Oui-gafas-sol-ni%C3%B1os-siroko.jpg?resize=350%2C200&ssl=1","width":350,"height":200,"srcset":"https:\/\/i0.wp.com\/oui-oui.es\/blog\/wp-content\/uploads\/2017\/03\/Oui-Oui-gafas-sol-ni%C3%B1os-siroko.jpg?resize=350%2C200&ssl=1 1x, https:\/\/i0.wp.com\/oui-oui.es\/blog\/wp-content\/uploads\/2017\/03\/Oui-Oui-gafas-sol-ni%C3%B1os-siroko.jpg?resize=525%2C300&ssl=1 1.5x"},"classes":[]},{"id":8647,"url":"https:\/\/oui-oui.es\/blog\/kids-up-venta-efimera-para-ninos-con-estilo\/","url_meta":{"origin":4343,"position":3},"title":"Kids UP | Venta ef\u00edmera para ni\u00f1os con estilo","author":"Mar\u00eda \u2665Oui Oui\u2665","date":"18 octubre, 2017","format":false,"excerpt":"Llevo 4 a\u00f1os participando en pop ups, ventas especiales, mercadillos varios, etc... Y, desde hace un tiempo ven\u00eda notando que faltaba algo, especialmente en lo que a ni\u00f1os se refiere, no s\u00f3lo en decoraci\u00f3n y regalos para ni\u00f1os (la secci\u00f3n de Oui Oui), sino en la selecci\u00f3n de marcas, en\u2026","rel":"","context":"En \u00abNI\u00d1OS Y NI\u00d1AS\u00bb","block_context":{"text":"NI\u00d1OS Y NI\u00d1AS","link":"https:\/\/oui-oui.es\/blog\/category\/ninos\/"},"img":{"alt_text":"","src":"https:\/\/i0.wp.com\/oui-oui.es\/blog\/wp-content\/uploads\/2017\/10\/kidsup-instagram-1.1-oui-oui-2.jpg?resize=350%2C200&ssl=1","width":350,"height":200,"srcset":"https:\/\/i0.wp.com\/oui-oui.es\/blog\/wp-content\/uploads\/2017\/10\/kidsup-instagram-1.1-oui-oui-2.jpg?resize=350%2C200&ssl=1 1x, https:\/\/i0.wp.com\/oui-oui.es\/blog\/wp-content\/uploads\/2017\/10\/kidsup-instagram-1.1-oui-oui-2.jpg?resize=525%2C300&ssl=1 1.5x, https:\/\/i0.wp.com\/oui-oui.es\/blog\/wp-content\/uploads\/2017\/10\/kidsup-instagram-1.1-oui-oui-2.jpg?resize=700%2C400&ssl=1 2x, https:\/\/i0.wp.com\/oui-oui.es\/blog\/wp-content\/uploads\/2017\/10\/kidsup-instagram-1.1-oui-oui-2.jpg?resize=1050%2C600&ssl=1 3x, https:\/\/i0.wp.com\/oui-oui.es\/blog\/wp-content\/uploads\/2017\/10\/kidsup-instagram-1.1-oui-oui-2.jpg?resize=1400%2C800&ssl=1 4x"},"classes":[]},{"id":4625,"url":"https:\/\/oui-oui.es\/blog\/la-caja-de-la-calma-mindfulness-para-ninos\/","url_meta":{"origin":4343,"position":4},"title":"La caja de la calma; mindfulness para ni\u00f1os","author":"Mar\u00eda \u2665Oui Oui\u2665","date":"11 julio, 2016","format":false,"excerpt":"Parece que \u00faltimamente s\u00f3lo escribo para proponer cosas que comprar, pero han llegado a m\u00ed tantas cosas chulas que \u00a1me es imposible no recomendarlas! y hoy os voy a hablar de la Caja m\u00e1gica de la calma, una gran idea de Hippy Kids Yoga para acercar el midfulness (ser consciente\u2026","rel":"","context":"En \u00abNI\u00d1OS Y NI\u00d1AS\u00bb","block_context":{"text":"NI\u00d1OS Y NI\u00d1AS","link":"https:\/\/oui-oui.es\/blog\/category\/ninos\/"},"img":{"alt_text":"","src":"https:\/\/i0.wp.com\/oui-oui.es\/blog\/wp-content\/uploads\/2016\/07\/Oui-Oui-caja-magica-de-la-calma-mindfulness-para-ni%C3%B1os-yoga-ni%C3%B1os-juego-relajante-ni%C3%B1os-4.jpg?resize=350%2C200&ssl=1","width":350,"height":200,"srcset":"https:\/\/i0.wp.com\/oui-oui.es\/blog\/wp-content\/uploads\/2016\/07\/Oui-Oui-caja-magica-de-la-calma-mindfulness-para-ni%C3%B1os-yoga-ni%C3%B1os-juego-relajante-ni%C3%B1os-4.jpg?resize=350%2C200&ssl=1 1x, https:\/\/i0.wp.com\/oui-oui.es\/blog\/wp-content\/uploads\/2016\/07\/Oui-Oui-caja-magica-de-la-calma-mindfulness-para-ni%C3%B1os-yoga-ni%C3%B1os-juego-relajante-ni%C3%B1os-4.jpg?resize=525%2C300&ssl=1 1.5x, https:\/\/i0.wp.com\/oui-oui.es\/blog\/wp-content\/uploads\/2016\/07\/Oui-Oui-caja-magica-de-la-calma-mindfulness-para-ni%C3%B1os-yoga-ni%C3%B1os-juego-relajante-ni%C3%B1os-4.jpg?resize=700%2C400&ssl=1 2x, https:\/\/i0.wp.com\/oui-oui.es\/blog\/wp-content\/uploads\/2016\/07\/Oui-Oui-caja-magica-de-la-calma-mindfulness-para-ni%C3%B1os-yoga-ni%C3%B1os-juego-relajante-ni%C3%B1os-4.jpg?resize=1050%2C600&ssl=1 3x"},"classes":[]},{"id":4251,"url":"https:\/\/oui-oui.es\/blog\/grey-elephant-en-tu-oficina\/","url_meta":{"origin":4343,"position":5},"title":"Grey Elephant en tu oficina","author":"Mar\u00eda \u2665Oui Oui\u2665","date":"2 mayo, 2016","format":false,"excerpt":"\u00bfTrabajas en una empresa grande?, \u00bftienes hijos?, si has respondido a las dos preguntas con un S\u00cd, no puedes dejar de leer el post...Y de propon\u00e9rselo al departamento de RRHH de tu empresa. El espacio de actividades para ni\u00f1os Grey Elephant ha tenido una gran idea; trasladar sus talleres, clases,\u2026","rel":"","context":"En \u00abNI\u00d1OS Y NI\u00d1AS\u00bb","block_context":{"text":"NI\u00d1OS Y NI\u00d1AS","link":"https:\/\/oui-oui.es\/blog\/category\/ninos\/"},"img":{"alt_text":"","src":"https:\/\/i0.wp.com\/oui-oui.es\/blog\/wp-content\/uploads\/2016\/04\/Oui-Oui-pop-up-empresas-grey-elephant.png?resize=350%2C200&ssl=1","width":350,"height":200,"srcset":"https:\/\/i0.wp.com\/oui-oui.es\/blog\/wp-content\/uploads\/2016\/04\/Oui-Oui-pop-up-empresas-grey-elephant.png?resize=350%2C200&ssl=1 1x, https:\/\/i0.wp.com\/oui-oui.es\/blog\/wp-content\/uploads\/2016\/04\/Oui-Oui-pop-up-empresas-grey-elephant.png?resize=525%2C300&ssl=1 1.5x, https:\/\/i0.wp.com\/oui-oui.es\/blog\/wp-content\/uploads\/2016\/04\/Oui-Oui-pop-up-empresas-grey-elephant.png?resize=700%2C400&ssl=1 2x"},"classes":[]}],"_links":{"self":[{"href":"https:\/\/oui-oui.es\/blog\/wp-json\/wp\/v2\/posts\/4343","targetHints":{"allow":["GET"]}}],"collection":[{"href":"https:\/\/oui-oui.es\/blog\/wp-json\/wp\/v2\/posts"}],"about":[{"href":"https:\/\/oui-oui.es\/blog\/wp-json\/wp\/v2\/types\/post"}],"author":[{"embeddable":true,"href":"https:\/\/oui-oui.es\/blog\/wp-json\/wp\/v2\/users\/1"}],"replies":[{"embeddable":true,"href":"https:\/\/oui-oui.es\/blog\/wp-json\/wp\/v2\/comments?post=4343"}],"version-history":[{"count":1,"href":"https:\/\/oui-oui.es\/blog\/wp-json\/wp\/v2\/posts\/4343\/revisions"}],"predecessor-version":[{"id":4356,"href":"https:\/\/oui-oui.es\/blog\/wp-json\/wp\/v2\/posts\/4343\/revisions\/4356"}],"wp:featuredmedia":[{"embeddable":true,"href":"https:\/\/oui-oui.es\/blog\/wp-json\/wp\/v2\/media\/4344"}],"wp:attachment":[{"href":"https:\/\/oui-oui.es\/blog\/wp-json\/wp\/v2\/media?parent=4343"}],"wp:term":[{"taxonomy":"category","embeddable":true,"href":"https:\/\/oui-oui.es\/blog\/wp-json\/wp\/v2\/categories?post=4343"},{"taxonomy":"post_tag","embeddable":true,"href":"https:\/\/oui-oui.es\/blog\/wp-json\/wp\/v2\/tags?post=4343"}],"curies":[{"name":"wp","href":"https:\/\/api.w.org\/{rel}","templated":true}]}}