{"id":4357,"date":"2016-05-25T00:15:56","date_gmt":"2016-05-24T22:15:56","guid":{"rendered":"https:\/\/oui-oui.es\/blog\/?p=4357"},"modified":"2016-05-24T01:36:49","modified_gmt":"2016-05-23T23:36:49","slug":"5-practicos-regalos-para-una-reciente-mama","status":"publish","type":"post","link":"https:\/\/oui-oui.es\/blog\/5-practicos-regalos-para-una-reciente-mama\/","title":{"rendered":"5 pr\u00e1cticos regalos para una reciente mam\u00e1"},"content":{"rendered":"<p>Cuando te quedas embarazada (sobretodo si es del primer hijo) recibes muchos regalos, m\u00e1s para el beb\u00e9 que para t\u00ed pero te regalan cosas nuevas, la mayor\u00eda no hab\u00eda estado en tu espectro de compras y empiezas a descubrir un mundo nuevo.Si tienes a una mujer embarazada cerca, aqu\u00ed van algunas ideas para sorprenderla con algo pr\u00e1ctico.<\/p>\n<ul>\n<li><strong><span style=\"text-decoration: underline;\"><a href=\"http:\/\/www.oui-oui.es\/buscar?controller=search&amp;orderby=position&amp;orderway=desc&amp;search-cat-select=0&amp;search_query=malasmadres&amp;submit_search=\">El libro de Malasmadres<\/a><\/span>:<\/strong> si no se lo han regalado durante el embarazo, no puede pasar el pueperio sin \u00e9l, aunque al principio tendr\u00e1 poco tiempo para leer, al ser un libro ameno y de humor, le vendr\u00e1 genial leer los tips de otras madres para sacarle una carcajada a las tantas de la ma\u00f1ana&#8230;Puedes comprarlo <strong><a href=\"http:\/\/www.oui-oui.es\/buscar?controller=search&amp;orderby=position&amp;orderway=desc&amp;search-cat-select=0&amp;search_query=malasmadres&amp;submit_search=\">aqu\u00ed<\/a><\/strong><\/li>\n<\/ul>\n<p><a href=\"http:\/\/www.oui-oui.es\/buscar?controller=search&amp;orderby=position&amp;orderway=desc&amp;search-cat-select=0&amp;search_query=malasmadres&amp;submit_search=\"><img loading=\"lazy\" decoding=\"async\" class=\"aligncenter size-full wp-image-4361\" src=\"https:\/\/oui-oui.es\/blog\/wp-content\/uploads\/2016\/05\/Oui-Oui-libro-malas-madres-soy-buena-malamadre.jpg\" alt=\"Oui Oui-libro malas madres-soy buena malamadre\" width=\"424\" height=\"424\" srcset=\"https:\/\/oui-oui.es\/blog\/wp-content\/uploads\/2016\/05\/Oui-Oui-libro-malas-madres-soy-buena-malamadre.jpg 424w, https:\/\/oui-oui.es\/blog\/wp-content\/uploads\/2016\/05\/Oui-Oui-libro-malas-madres-soy-buena-malamadre-150x150.jpg 150w, https:\/\/oui-oui.es\/blog\/wp-content\/uploads\/2016\/05\/Oui-Oui-libro-malas-madres-soy-buena-malamadre-300x300.jpg 300w\" sizes=\"auto, (max-width: 424px) 100vw, 424px\" \/><\/a><\/p>\n<ul>\n<li><span style=\"text-decoration: underline;\"><strong>Unos auriculares wireless<\/strong><\/span>: han sido mi gran descubrimiento para los paseos con Frida, me regalaron \u00e9stos de <a href=\"http:\/\/www.amazon.es\/gp\/product\/B00X9I2BUM\/ref=as_li_ss_tl?ie=UTF8&amp;camp=3626&amp;creative=24822&amp;creativeASIN=B00X9I2BUM&amp;linkCode=as2&amp;tag=ouou-21\" rel=\"nofollow\">Urbanista<\/a><img loading=\"lazy\" decoding=\"async\" style=\"border: none !important; margin: 0px !important;\" src=\"http:\/\/ir-es.amazon-adsystem.com\/e\/ir?t=ouou-21&amp;l=as2&amp;o=30&amp;a=B00X9I2BUM\" alt=\"\" width=\"1\" height=\"1\" border=\"0\" \/> y son geniales, los llevas puestos, el m\u00f3vil en el bolso y si te llaman vas hablando y andando tranquilamente, sin el m\u00f3vil en la mano, que se lleva mejor el carrito \ud83d\ude09 Puedes comprarlos <a href=\"http:\/\/www.amazon.es\/gp\/product\/B00X9I2BUM\/ref=as_li_ss_tl?ie=UTF8&amp;camp=3626&amp;creative=24822&amp;creativeASIN=B00X9I2BUM&amp;linkCode=as2&amp;tag=ouou-21\" rel=\"nofollow\">aqu\u00ed<\/a><img loading=\"lazy\" decoding=\"async\" style=\"border: none !important; margin: 0px !important;\" src=\"http:\/\/ir-es.amazon-adsystem.com\/e\/ir?t=ouou-21&amp;l=as2&amp;o=30&amp;a=B00X9I2BUM\" alt=\"\" width=\"1\" height=\"1\" border=\"0\" \/> (el modelo inal\u00e1mbrico es el Boston)<\/li>\n<\/ul>\n<p><img loading=\"lazy\" decoding=\"async\" class=\"aligncenter size-large wp-image-4362\" src=\"https:\/\/oui-oui.es\/blog\/wp-content\/uploads\/2016\/05\/Oui-Oui-auriculares-inalambricos-carrito-bebe-urbanista-1024x1024.jpg\" alt=\"Oui Oui-auriculares inalambricos carrito bebe-urbanista\" width=\"1024\" height=\"1024\" srcset=\"https:\/\/oui-oui.es\/blog\/wp-content\/uploads\/2016\/05\/Oui-Oui-auriculares-inalambricos-carrito-bebe-urbanista-1024x1024.jpg 1024w, https:\/\/oui-oui.es\/blog\/wp-content\/uploads\/2016\/05\/Oui-Oui-auriculares-inalambricos-carrito-bebe-urbanista-150x150.jpg 150w, https:\/\/oui-oui.es\/blog\/wp-content\/uploads\/2016\/05\/Oui-Oui-auriculares-inalambricos-carrito-bebe-urbanista-300x300.jpg 300w, https:\/\/oui-oui.es\/blog\/wp-content\/uploads\/2016\/05\/Oui-Oui-auriculares-inalambricos-carrito-bebe-urbanista-768x768.jpg 768w, https:\/\/oui-oui.es\/blog\/wp-content\/uploads\/2016\/05\/Oui-Oui-auriculares-inalambricos-carrito-bebe-urbanista-600x600.jpg 600w\" sizes=\"auto, (max-width: 1024px) 100vw, 1024px\" \/><\/p>\n<p>&nbsp;<\/p>\n<ul>\n<li><span style=\"text-decoration: underline;\"><strong>La crema borra estr\u00edas de Mamma Mio<\/strong><\/span>: tengo la suerte de que durante el embarazo no me salen muchas estr\u00edas, pero entre la \u00faltima semana y la ces\u00e1rea me salen todas, prob\u00e9 con \u00abGoodbye Strech Marks\u00bb y he alucinado con el resultado, l\u00e1stima que no me hice foto del antes, porque ser\u00eda para publicarlo y eso que no he terminado! Puedes comprarla <a href=\"http:\/\/www.amazon.es\/gp\/product\/B0013T7QE0\/ref=as_li_ss_tl?ie=UTF8&amp;camp=3626&amp;creative=24822&amp;creativeASIN=B0013T7QE0&amp;linkCode=as2&amp;tag=ouou-21\" rel=\"nofollow\">aqu\u00ed<\/a><img loading=\"lazy\" decoding=\"async\" style=\"border: none !important; margin: 0px !important;\" src=\"http:\/\/ir-es.amazon-adsystem.com\/e\/ir?t=ouou-21&amp;l=as2&amp;o=30&amp;a=B0013T7QE0\" alt=\"\" width=\"1\" height=\"1\" border=\"0\" \/><\/li>\n<\/ul>\n<p><img loading=\"lazy\" decoding=\"async\" class=\"aligncenter size-large wp-image-4363\" src=\"https:\/\/oui-oui.es\/blog\/wp-content\/uploads\/2016\/05\/Oui-Oui-crema-borra-estrias-mamma-mio-1024x1024.jpg\" alt=\"Oui Oui-crema borra estrias-mamma mio\" width=\"1024\" height=\"1024\" srcset=\"https:\/\/oui-oui.es\/blog\/wp-content\/uploads\/2016\/05\/Oui-Oui-crema-borra-estrias-mamma-mio-1024x1024.jpg 1024w, https:\/\/oui-oui.es\/blog\/wp-content\/uploads\/2016\/05\/Oui-Oui-crema-borra-estrias-mamma-mio-150x150.jpg 150w, https:\/\/oui-oui.es\/blog\/wp-content\/uploads\/2016\/05\/Oui-Oui-crema-borra-estrias-mamma-mio-300x300.jpg 300w, https:\/\/oui-oui.es\/blog\/wp-content\/uploads\/2016\/05\/Oui-Oui-crema-borra-estrias-mamma-mio-768x767.jpg 768w, https:\/\/oui-oui.es\/blog\/wp-content\/uploads\/2016\/05\/Oui-Oui-crema-borra-estrias-mamma-mio-600x599.jpg 600w, https:\/\/oui-oui.es\/blog\/wp-content\/uploads\/2016\/05\/Oui-Oui-crema-borra-estrias-mamma-mio.jpg 1119w\" sizes=\"auto, (max-width: 1024px) 100vw, 1024px\" \/><\/p>\n<p>&nbsp;<\/p>\n<ul>\n<li><strong><span style=\"text-decoration: underline;\">Un porta bebidas para el carrito<\/span><\/strong>: tanto para llevar tu Coca-Cola, la botella de agua o, m\u00e1s adelante, el biber\u00f3n para el beb\u00e9, parece una pijada pero es \u00fatil teniendo en cuenta que pasear\u00e1s todos los d\u00edas al menos una hora, puedes comprarlo <a href=\"http:\/\/www.amazon.es\/gp\/product\/B01BUH5WYK\/ref=as_li_ss_tl?ie=UTF8&amp;camp=3626&amp;creative=24822&amp;creativeASIN=B01BUH5WYK&amp;linkCode=as2&amp;tag=ouou-21\" rel=\"nofollow\">aqu\u00ed<\/a><img loading=\"lazy\" decoding=\"async\" style=\"border: medium none ! important; margin: 0px ! important;\" src=\"http:\/\/ir-es.amazon-adsystem.com\/e\/ir?t=ouou-21&amp;l=as2&amp;o=30&amp;a=B01BUH5WYK\" alt=\"\" width=\"1\" height=\"1\" border=\"0\" \/><\/li>\n<\/ul>\n<p><img loading=\"lazy\" decoding=\"async\" class=\"aligncenter size-large wp-image-4364\" src=\"https:\/\/oui-oui.es\/blog\/wp-content\/uploads\/2016\/05\/Oui-Oui-porta-bebidas-carrito-beb\u00e9-1024x768.jpg\" alt=\"Oui Oui-porta bebidas carrito beb\u00e9\" width=\"1024\" height=\"768\" srcset=\"https:\/\/oui-oui.es\/blog\/wp-content\/uploads\/2016\/05\/Oui-Oui-porta-bebidas-carrito-beb\u00e9-1024x768.jpg 1024w, https:\/\/oui-oui.es\/blog\/wp-content\/uploads\/2016\/05\/Oui-Oui-porta-bebidas-carrito-beb\u00e9-300x225.jpg 300w, https:\/\/oui-oui.es\/blog\/wp-content\/uploads\/2016\/05\/Oui-Oui-porta-bebidas-carrito-beb\u00e9-768x576.jpg 768w, https:\/\/oui-oui.es\/blog\/wp-content\/uploads\/2016\/05\/Oui-Oui-porta-bebidas-carrito-beb\u00e9-600x450.jpg 600w, https:\/\/oui-oui.es\/blog\/wp-content\/uploads\/2016\/05\/Oui-Oui-porta-bebidas-carrito-beb\u00e9.jpg 1500w\" sizes=\"auto, (max-width: 1024px) 100vw, 1024px\" \/><\/p>\n<p>&nbsp;<\/p>\n<ul>\n<li><a href=\"http:\/\/mylittlemomo.es\/tratamientos\/cejas\/lifting-de-pestanas\/\"><span style=\"text-decoration: underline;\"><strong>Un lifting de pesta\u00f1as:<\/strong><\/span><\/a> si, has le\u00eddo bien, reci\u00e9n dada a luz y durante los primeros meses habr\u00e1 muchos d\u00edas en los que tu amiga\/mujer no se pueda duchar o, si tiene la suerte de que le de tiempo, secarse el pelo se convertir\u00e1 en un aut\u00e9ntico lujo. \u00c9so, sumado a las ojeras, cara de cansancio&#8230;Har\u00e1n que parezca un panda cada ma\u00f1ana, pero el lifting de pesta\u00f1as realza de forma natural las pesta\u00f1as, pareciendo que te hs dado rimmel, que las tienes m\u00e1s largas y, lo mejor, parece que tienes buena cara. Adem\u00e1s es un regalo 2 x1; el tratamiento dura una hora y media as\u00ed que a la vez que te hacen las pesta\u00f1as puedes dormir un ratito ;). En <a href=\"http:\/\/mylittlemomo.es\/tratamientos\/cejas\/lifting-de-pestanas\/\"><strong>My Little Mom\u00f3<\/strong><\/a> las hacen incre\u00edbles, puedes ver m\u00e1s info <a href=\"http:\/\/mylittlemomo.es\/tratamientos\/cejas\/lifting-de-pestanas\/\">aqu\u00ed<\/a><\/li>\n<\/ul>\n<p><img loading=\"lazy\" decoding=\"async\" class=\"aligncenter size-full wp-image-4365\" src=\"https:\/\/oui-oui.es\/blog\/wp-content\/uploads\/2016\/05\/Oui-Oui-my-little-momo-lifting-pesta\u00f1as.jpg\" alt=\"Oui Oui-my little momo-lifting pesta\u00f1as\" width=\"649\" height=\"433\" srcset=\"https:\/\/oui-oui.es\/blog\/wp-content\/uploads\/2016\/05\/Oui-Oui-my-little-momo-lifting-pesta\u00f1as.jpg 649w, https:\/\/oui-oui.es\/blog\/wp-content\/uploads\/2016\/05\/Oui-Oui-my-little-momo-lifting-pesta\u00f1as-300x200.jpg 300w, https:\/\/oui-oui.es\/blog\/wp-content\/uploads\/2016\/05\/Oui-Oui-my-little-momo-lifting-pesta\u00f1as-600x400.jpg 600w\" sizes=\"auto, (max-width: 649px) 100vw, 649px\" \/><\/p>\n<p>&nbsp;<\/p>\n","protected":false},"excerpt":{"rendered":"<p>Cuando te quedas embarazada (sobretodo si es del primer hijo) recibes muchos regalos, m\u00e1s para el beb\u00e9 que para t\u00ed pero te regalan cosas nuevas, la mayor\u00eda no hab\u00eda estado en tu espectro de compras y empiezas a descubrir un mundo nuevo.Si tienes a una mujer embarazada cerca, aqu\u00ed van algunas ideas para sorprenderla con [&hellip;]<\/p>\n","protected":false},"author":1,"featured_media":4362,"comment_status":"open","ping_status":"open","sticky":false,"template":"","format":"standard","meta":{"jetpack_post_was_ever_published":false,"_jetpack_newsletter_access":"","_jetpack_dont_email_post_to_subs":false,"_jetpack_newsletter_tier_id":0,"_jetpack_memberships_contains_paywalled_content":false,"_jetpack_memberships_contains_paid_content":false,"footnotes":"","jetpack_publicize_message":"","jetpack_publicize_feature_enabled":true,"jetpack_social_post_already_shared":true,"jetpack_social_options":{"image_generator_settings":{"template":"highway","default_image_id":0,"font":"","enabled":false},"version":2}},"categories":[535],"tags":[766,692],"class_list":["post-4357","post","type-post","status-publish","format-standard","has-post-thumbnail","hentry","category-maternidad","tag-compras","tag-malasmadres"],"aioseo_notices":[],"jetpack_publicize_connections":[],"jetpack_featured_media_url":"https:\/\/oui-oui.es\/blog\/wp-content\/uploads\/2016\/05\/Oui-Oui-auriculares-inalambricos-carrito-bebe-urbanista.jpg","jetpack_sharing_enabled":true,"jetpack-related-posts":[{"id":1525,"url":"https:\/\/oui-oui.es\/blog\/ay-lo-que-me-apetecian-estos-saraos\/","url_meta":{"origin":4357,"position":0},"title":"\u00a1Ay lo que me apetec\u00edan estos saraos!","author":"Mar\u00eda \u2665Oui Oui\u2665","date":"6 mayo, 2014","format":false,"excerpt":"Si, ya es mala suerte...Meses esperando a saber cu\u00e1ndo era la fiesta de las Malasmadres y, cuando por fin se publica, me pilla fuera de Espa\u00f1a, pero si estuviera en Madrid no me la perder\u00eda!. \u00bfA\u00fan no sabes qu\u00e9 es el Club de las Malasmadres?, pues si tienes hijos no\u2026","rel":"","context":"En \u00abNI\u00d1OS Y NI\u00d1AS\u00bb","block_context":{"text":"NI\u00d1OS Y NI\u00d1AS","link":"https:\/\/oui-oui.es\/blog\/category\/ninos\/"},"img":{"alt_text":"","src":"https:\/\/i0.wp.com\/oui-oui.es\/blog\/wp-content\/uploads\/2014\/05\/oui-oui-club-malasmadres-party.png?resize=350%2C200&ssl=1","width":350,"height":200,"srcset":"https:\/\/i0.wp.com\/oui-oui.es\/blog\/wp-content\/uploads\/2014\/05\/oui-oui-club-malasmadres-party.png?resize=350%2C200&ssl=1 1x, https:\/\/i0.wp.com\/oui-oui.es\/blog\/wp-content\/uploads\/2014\/05\/oui-oui-club-malasmadres-party.png?resize=525%2C300&ssl=1 1.5x, https:\/\/i0.wp.com\/oui-oui.es\/blog\/wp-content\/uploads\/2014\/05\/oui-oui-club-malasmadres-party.png?resize=700%2C400&ssl=1 2x"},"classes":[]},{"id":2767,"url":"https:\/\/oui-oui.es\/blog\/bloggers-y-marcas-lo-que-no-me-dio-tiempo-a-decir-en-malasmadres\/","url_meta":{"origin":4357,"position":1},"title":"Bloggers y Marcas | Lo que no me di\u00f3 tiempo a decir en Malasmadres","author":"Mar\u00eda \u2665Oui Oui\u2665","date":"21 julio, 2015","format":false,"excerpt":"Cuando Kata me nomin\u00f3 para participar en la mesa redonda que Malasmadres organizaba, junto a Yo Dona en el III Encuentro de Madres Blogueras sobre marcas y bloggers no pod\u00eda imaginar que tendr\u00eda tanto apoyo de vosotras (casi todas mujeres) en Instagram, as\u00ed que cuando me llam\u00f3 Laura para decirme\u2026","rel":"","context":"En \u00abESTILO DE VIDA\u00bb","block_context":{"text":"ESTILO DE VIDA","link":"https:\/\/oui-oui.es\/blog\/category\/lifestyle-2\/"},"img":{"alt_text":"","src":"https:\/\/i0.wp.com\/oui-oui.es\/blog\/wp-content\/uploads\/Oui-Oui-III-encuentro-de-madres-blogueras-mesa-redonda-marcas-y-bloguers-yo-dona-malasmadres.jpg?resize=350%2C200&ssl=1","width":350,"height":200},"classes":[]},{"id":3612,"url":"https:\/\/oui-oui.es\/blog\/wishlist-para-embarazadas\/","url_meta":{"origin":4357,"position":2},"title":"Wishlist para embarazadas","author":"Mar\u00eda \u2665Oui Oui\u2665","date":"26 octubre, 2015","format":false,"excerpt":"El segundo embarazo no es ni comparable al primero, empezando por una misma que no tiene ni la mitad de tiempo que antes y siguiendo por los dem\u00e1s, que tampoco lo ven con la misma ilusi\u00f3n que la primera vez. Y a las pruebas me remito...Estoy de seis meses y\u2026","rel":"","context":"En \u00abA una futura o reciente mam\u00e1\u00bb","block_context":{"text":"A una futura o reciente mam\u00e1","link":"https:\/\/oui-oui.es\/blog\/category\/no-se-que-regalar\/a-una-futura-o-reciente-mama\/"},"img":{"alt_text":"","src":"https:\/\/i0.wp.com\/oui-oui.es\/blog\/wp-content\/uploads\/2015\/10\/Oui-Oui-crema-antiestr%C3%ADas-embarazo-mama-mio-olivia-soaps.jpg?resize=350%2C200&ssl=1","width":350,"height":200,"srcset":"https:\/\/i0.wp.com\/oui-oui.es\/blog\/wp-content\/uploads\/2015\/10\/Oui-Oui-crema-antiestr%C3%ADas-embarazo-mama-mio-olivia-soaps.jpg?resize=350%2C200&ssl=1 1x, https:\/\/i0.wp.com\/oui-oui.es\/blog\/wp-content\/uploads\/2015\/10\/Oui-Oui-crema-antiestr%C3%ADas-embarazo-mama-mio-olivia-soaps.jpg?resize=525%2C300&ssl=1 1.5x, https:\/\/i0.wp.com\/oui-oui.es\/blog\/wp-content\/uploads\/2015\/10\/Oui-Oui-crema-antiestr%C3%ADas-embarazo-mama-mio-olivia-soaps.jpg?resize=700%2C400&ssl=1 2x"},"classes":[]},{"id":4659,"url":"https:\/\/oui-oui.es\/blog\/pequena-y-grande-una-coleccion-con-encanto\/","url_meta":{"origin":4357,"position":3},"title":"Peque\u00f1a y Grande, una colecci\u00f3n con encanto","author":"Mar\u00eda \u2665Oui Oui\u2665","date":"14 julio, 2016","format":false,"excerpt":"El verano es un momento ideal para leer, no solo los mayores que tenemos m\u00e1s tiempo sino tambi\u00e9n los peques, tanto a los que les encanta leer cuentos como a Mart\u00edn como a los que a\u00fan no les ha llamado, es un momento perfecto para introducirles nuevas historias, nuevos cuentos,\u2026","rel":"","context":"En \u00abNI\u00d1OS Y NI\u00d1AS\u00bb","block_context":{"text":"NI\u00d1OS Y NI\u00d1AS","link":"https:\/\/oui-oui.es\/blog\/category\/ninos\/"},"img":{"alt_text":"","src":"https:\/\/i0.wp.com\/oui-oui.es\/blog\/wp-content\/uploads\/2016\/07\/Oui-Oui-Peque%C3%B1a-y-Grande-Coco-Chanel.jpg?resize=350%2C200&ssl=1","width":350,"height":200,"srcset":"https:\/\/i0.wp.com\/oui-oui.es\/blog\/wp-content\/uploads\/2016\/07\/Oui-Oui-Peque%C3%B1a-y-Grande-Coco-Chanel.jpg?resize=350%2C200&ssl=1 1x, https:\/\/i0.wp.com\/oui-oui.es\/blog\/wp-content\/uploads\/2016\/07\/Oui-Oui-Peque%C3%B1a-y-Grande-Coco-Chanel.jpg?resize=525%2C300&ssl=1 1.5x, https:\/\/i0.wp.com\/oui-oui.es\/blog\/wp-content\/uploads\/2016\/07\/Oui-Oui-Peque%C3%B1a-y-Grande-Coco-Chanel.jpg?resize=700%2C400&ssl=1 2x, https:\/\/i0.wp.com\/oui-oui.es\/blog\/wp-content\/uploads\/2016\/07\/Oui-Oui-Peque%C3%B1a-y-Grande-Coco-Chanel.jpg?resize=1050%2C600&ssl=1 3x, https:\/\/i0.wp.com\/oui-oui.es\/blog\/wp-content\/uploads\/2016\/07\/Oui-Oui-Peque%C3%B1a-y-Grande-Coco-Chanel.jpg?resize=1400%2C800&ssl=1 4x"},"classes":[]},{"id":5247,"url":"https:\/\/oui-oui.es\/blog\/5247-2\/","url_meta":{"origin":4357,"position":4},"title":"Somos Equipo y, por tanto, corresponsables","author":"Mar\u00eda \u2665Oui Oui\u2665","date":"29 marzo, 2017","format":false,"excerpt":"\u00a0 Llevo queriendo escribir este post desde el mismo d\u00eda que acud\u00ed a la presentaci\u00f3n del II Estudio de la Asociaci\u00f3n Yo No Renuncio, creada por el Club de las Malas Madres. El estudio \"Somos Equipo\" recog\u00eda los resultados de la macro encuesta que hab\u00edan realizado unos meses antes en\u2026","rel":"","context":"En \u00abMATERNIDAD\u00bb","block_context":{"text":"MATERNIDAD","link":"https:\/\/oui-oui.es\/blog\/category\/maternidad\/"},"img":{"alt_text":"","src":"https:\/\/i0.wp.com\/oui-oui.es\/blog\/wp-content\/uploads\/2017\/03\/Oui-Oui-Yo-no-renuncio-responsable-tareas-domesticas-aportacion-al-hogar.jpg?resize=350%2C200&ssl=1","width":350,"height":200,"srcset":"https:\/\/i0.wp.com\/oui-oui.es\/blog\/wp-content\/uploads\/2017\/03\/Oui-Oui-Yo-no-renuncio-responsable-tareas-domesticas-aportacion-al-hogar.jpg?resize=350%2C200&ssl=1 1x, https:\/\/i0.wp.com\/oui-oui.es\/blog\/wp-content\/uploads\/2017\/03\/Oui-Oui-Yo-no-renuncio-responsable-tareas-domesticas-aportacion-al-hogar.jpg?resize=525%2C300&ssl=1 1.5x, https:\/\/i0.wp.com\/oui-oui.es\/blog\/wp-content\/uploads\/2017\/03\/Oui-Oui-Yo-no-renuncio-responsable-tareas-domesticas-aportacion-al-hogar.jpg?resize=700%2C400&ssl=1 2x"},"classes":[]},{"id":1704,"url":"https:\/\/oui-oui.es\/blog\/quien-es-sophie\/","url_meta":{"origin":4357,"position":5},"title":"\u00bfQui\u00e9n es Sophie?","author":"Mar\u00eda \u2665Oui Oui\u2665","date":"17 noviembre, 2014","format":false,"excerpt":"Uno de los primeros regalos de Reyes de Mart\u00edn fue la jirafa Sophie, desde que estaba embarazada ten\u00eda ganas de que la tuviera y, una vez que la probamos, quise taerla a Oui Oui. Si a\u00fan no sabes qui\u00e9n es...te lo cuento! Es uno de los regalos para beb\u00e9s m\u00e1s\u2026","rel":"","context":"En \u00abMATERNIDAD\u00bb","block_context":{"text":"MATERNIDAD","link":"https:\/\/oui-oui.es\/blog\/category\/maternidad\/"},"img":{"alt_text":"","src":"https:\/\/i0.wp.com\/oui-oui.es\/blog\/wp-content\/uploads\/2014\/11\/oui-oui-jirafa-sophie-mordedor-de-moda-regalos-bebe-cool.jpg?resize=350%2C200&ssl=1","width":350,"height":200,"srcset":"https:\/\/i0.wp.com\/oui-oui.es\/blog\/wp-content\/uploads\/2014\/11\/oui-oui-jirafa-sophie-mordedor-de-moda-regalos-bebe-cool.jpg?resize=350%2C200&ssl=1 1x, https:\/\/i0.wp.com\/oui-oui.es\/blog\/wp-content\/uploads\/2014\/11\/oui-oui-jirafa-sophie-mordedor-de-moda-regalos-bebe-cool.jpg?resize=525%2C300&ssl=1 1.5x, https:\/\/i0.wp.com\/oui-oui.es\/blog\/wp-content\/uploads\/2014\/11\/oui-oui-jirafa-sophie-mordedor-de-moda-regalos-bebe-cool.jpg?resize=700%2C400&ssl=1 2x"},"classes":[]}],"_links":{"self":[{"href":"https:\/\/oui-oui.es\/blog\/wp-json\/wp\/v2\/posts\/4357","targetHints":{"allow":["GET"]}}],"collection":[{"href":"https:\/\/oui-oui.es\/blog\/wp-json\/wp\/v2\/posts"}],"about":[{"href":"https:\/\/oui-oui.es\/blog\/wp-json\/wp\/v2\/types\/post"}],"author":[{"embeddable":true,"href":"https:\/\/oui-oui.es\/blog\/wp-json\/wp\/v2\/users\/1"}],"replies":[{"embeddable":true,"href":"https:\/\/oui-oui.es\/blog\/wp-json\/wp\/v2\/comments?post=4357"}],"version-history":[{"count":1,"href":"https:\/\/oui-oui.es\/blog\/wp-json\/wp\/v2\/posts\/4357\/revisions"}],"predecessor-version":[{"id":4366,"href":"https:\/\/oui-oui.es\/blog\/wp-json\/wp\/v2\/posts\/4357\/revisions\/4366"}],"wp:featuredmedia":[{"embeddable":true,"href":"https:\/\/oui-oui.es\/blog\/wp-json\/wp\/v2\/media\/4362"}],"wp:attachment":[{"href":"https:\/\/oui-oui.es\/blog\/wp-json\/wp\/v2\/media?parent=4357"}],"wp:term":[{"taxonomy":"category","embeddable":true,"href":"https:\/\/oui-oui.es\/blog\/wp-json\/wp\/v2\/categories?post=4357"},{"taxonomy":"post_tag","embeddable":true,"href":"https:\/\/oui-oui.es\/blog\/wp-json\/wp\/v2\/tags?post=4357"}],"curies":[{"name":"wp","href":"https:\/\/api.w.org\/{rel}","templated":true}]}}