{"id":4368,"date":"2016-05-30T10:23:25","date_gmt":"2016-05-30T08:23:25","guid":{"rendered":"https:\/\/oui-oui.es\/blog\/?p=4368"},"modified":"2016-05-30T10:23:25","modified_gmt":"2016-05-30T08:23:25","slug":"con-el-corazon-de-alejo","status":"publish","type":"post","link":"https:\/\/oui-oui.es\/blog\/con-el-corazon-de-alejo\/","title":{"rendered":"Con el coraz\u00f3n de Alejo"},"content":{"rendered":"<p><img loading=\"lazy\" decoding=\"async\" class=\"aligncenter size-full wp-image-4370\" src=\"https:\/\/oui-oui.es\/blog\/wp-content\/uploads\/2016\/05\/Oui-Oui-en-tu-piel-alejo.jpg\" alt=\"Oui Oui-en tu piel alejo\" width=\"1000\" height=\"667\" srcset=\"https:\/\/oui-oui.es\/blog\/wp-content\/uploads\/2016\/05\/Oui-Oui-en-tu-piel-alejo.jpg 1000w, https:\/\/oui-oui.es\/blog\/wp-content\/uploads\/2016\/05\/Oui-Oui-en-tu-piel-alejo-300x200.jpg 300w, https:\/\/oui-oui.es\/blog\/wp-content\/uploads\/2016\/05\/Oui-Oui-en-tu-piel-alejo-768x512.jpg 768w, https:\/\/oui-oui.es\/blog\/wp-content\/uploads\/2016\/05\/Oui-Oui-en-tu-piel-alejo-600x400.jpg 600w\" sizes=\"auto, (max-width: 1000px) 100vw, 1000px\" \/><\/p>\n<p>No s\u00e9 si recordar\u00e9is que hace unos meses un grupo muy grande de bloggers nos pusimos en marcha para recaudar fondos a favor de los refugiados, de ese impulso inicial naci\u00f3n el concepto <em><strong>En tu piel<\/strong><\/em>, con la idea de organizar planes para ayudar a personas o causas que en un momento determinado lo necesitaran. Ahora, siete meses despu\u00e9s, la familia del peque\u00f1o Alejo contact\u00f3 con Silvia (cenas Adivina) para ver c\u00f3mo pod\u00edan recudar fondos <strong>para que Alejo pudiera ser operado de una cardiopat\u00eda severa en Boston<\/strong> (Alejo va a cumplir un a\u00f1ito ahora en Julio y ya fue operado por primera vez a los cinco d\u00edas) y Silvia, junto <strong>Laura<\/strong> (Malasmadres) a y <strong>M\u00f3nica Diago<\/strong> pusieron en marcha el mecanismo <em><strong>En tu Piel<\/strong><\/em>, as\u00ed entre las capitanas y muchas ayudando hemos organizado un plan de merienda para ni\u00f1os con talleres y poder ayudar un poquito a esa familia que no me quiero ni imaginar c\u00f3mo lo est\u00e1n pasando.<\/p>\n<p><a href=\"https:\/\/www.ticketea.com\/entradas-en-tu-piel-alejo\/\"><img loading=\"lazy\" decoding=\"async\" class=\"aligncenter size-large wp-image-4369\" src=\"https:\/\/oui-oui.es\/blog\/wp-content\/uploads\/2016\/05\/Oui-Oui-en-tu-piel-el-corazon-de-alejo-711x1024.jpg\" alt=\"Oui Oui-en tu piel-el corazon de alejo\" width=\"711\" height=\"1024\" srcset=\"https:\/\/oui-oui.es\/blog\/wp-content\/uploads\/2016\/05\/Oui-Oui-en-tu-piel-el-corazon-de-alejo-711x1024.jpg 711w, https:\/\/oui-oui.es\/blog\/wp-content\/uploads\/2016\/05\/Oui-Oui-en-tu-piel-el-corazon-de-alejo-208x300.jpg 208w, https:\/\/oui-oui.es\/blog\/wp-content\/uploads\/2016\/05\/Oui-Oui-en-tu-piel-el-corazon-de-alejo-768x1106.jpg 768w, https:\/\/oui-oui.es\/blog\/wp-content\/uploads\/2016\/05\/Oui-Oui-en-tu-piel-el-corazon-de-alejo-600x864.jpg 600w, https:\/\/oui-oui.es\/blog\/wp-content\/uploads\/2016\/05\/Oui-Oui-en-tu-piel-el-corazon-de-alejo.jpg 827w\" sizes=\"auto, (max-width: 711px) 100vw, 711px\" \/><\/a><\/p>\n<p><strong>Si tu tambi\u00e9n quieres ayudar<\/strong> puedes hacerlo de dos formas:<\/p>\n<p><strong>A)<\/strong> <a href=\"https:\/\/www.ticketea.com\/entradas-en-tu-piel-alejo\/\" target=\"_blank\">Comprando tu entrada<\/a> para venir a Fundaland (C\/Monasterio de las Huelgas,15 Madrid) a merendar ma\u00f1ana martes 31\/5 y a participar en los talleres, pinta caras, sorteos, etc&#8230;<\/p>\n<p><strong>B) <\/strong><a href=\"https:\/\/www.ticketea.com\/entradas-en-tu-piel-alejo\/\" target=\"_blank\">Comprando una fila cero<\/a> si no puedes venir pero puedes ayudar<\/p>\n<p><strong>Puedes comprar las entradas<\/strong> <a href=\"https:\/\/www.ticketea.com\/entradas-en-tu-piel-alejo\/\" target=\"_blank\"><strong>AQU\u00cd<\/strong><\/a><\/p>\n<p>Nosotros no faltaremos, y adem\u00e1s habr\u00e1 <strong>sorteo de productos Oui Oui con mucho coraz\u00f3n \ud83d\ude09<\/strong><\/p>\n<p>Si quieres saber m\u00e1s sobre la historia de Alejo puedes seguir la cuenta de IG de sus padres @elcorazondealejo<\/p>\n<p>\u00a1Os esperamos ma\u00f1ana a todos!<\/p>\n<p>&nbsp;<\/p>\n","protected":false},"excerpt":{"rendered":"<p>No s\u00e9 si recordar\u00e9is que hace unos meses un grupo muy grande de bloggers nos pusimos en marcha para recaudar fondos a favor de los refugiados, de ese impulso inicial naci\u00f3n el concepto En tu piel, con la idea de organizar planes para ayudar a personas o causas que en un momento determinado lo necesitaran. [&hellip;]<\/p>\n","protected":false},"author":1,"featured_media":4370,"comment_status":"open","ping_status":"open","sticky":false,"template":"","format":"standard","meta":{"jetpack_post_was_ever_published":false,"_jetpack_newsletter_access":"","_jetpack_dont_email_post_to_subs":false,"_jetpack_newsletter_tier_id":0,"_jetpack_memberships_contains_paywalled_content":false,"_jetpack_memberships_contains_paid_content":false,"footnotes":"","jetpack_publicize_message":"","jetpack_publicize_feature_enabled":true,"jetpack_social_post_already_shared":true,"jetpack_social_options":{"image_generator_settings":{"template":"highway","default_image_id":0,"font":"","enabled":false},"version":2}},"categories":[174],"tags":[721],"class_list":["post-4368","post","type-post","status-publish","format-standard","has-post-thumbnail","hentry","category-ninos","tag-planes-con-ninos"],"aioseo_notices":[],"jetpack_publicize_connections":[],"jetpack_featured_media_url":"https:\/\/oui-oui.es\/blog\/wp-content\/uploads\/2016\/05\/Oui-Oui-en-tu-piel-alejo.jpg","jetpack_sharing_enabled":true,"jetpack-related-posts":[{"id":4397,"url":"https:\/\/oui-oui.es\/blog\/las-puertas-del-ratoncito-perez-de-mayo-2\/","url_meta":{"origin":4368,"position":0},"title":"Las puertas del ratoncito P\u00e9rez de mayo","author":"Mar\u00eda \u2665Oui Oui\u2665","date":"3 junio, 2016","format":false,"excerpt":"Durante las \u00faltimas semanas hemos hecho algunas puertas para el ratoncito P\u00e9rez m\u00e1s especiales, llev\u00e1bamos un tiempo trabajando en una de las m\u00e1s personalizadas que hemos ehcho hasta el momento y por fin vio la luz...Se trata de la puerta del rat\u00f3n P\u00e9rez de la pasteler\u00eda Motteau en el Barrio\u2026","rel":"","context":"En \u00abNI\u00d1OS Y NI\u00d1AS\u00bb","block_context":{"text":"NI\u00d1OS Y NI\u00d1AS","link":"https:\/\/oui-oui.es\/blog\/category\/ninos\/"},"img":{"alt_text":"","src":"https:\/\/i0.wp.com\/oui-oui.es\/blog\/wp-content\/uploads\/2016\/06\/Oui-Oui-puerta-ratoncito-P%C3%A9rez-Motteau-bakery-madrid.jpg?resize=350%2C200&ssl=1","width":350,"height":200,"srcset":"https:\/\/i0.wp.com\/oui-oui.es\/blog\/wp-content\/uploads\/2016\/06\/Oui-Oui-puerta-ratoncito-P%C3%A9rez-Motteau-bakery-madrid.jpg?resize=350%2C200&ssl=1 1x, https:\/\/i0.wp.com\/oui-oui.es\/blog\/wp-content\/uploads\/2016\/06\/Oui-Oui-puerta-ratoncito-P%C3%A9rez-Motteau-bakery-madrid.jpg?resize=525%2C300&ssl=1 1.5x, https:\/\/i0.wp.com\/oui-oui.es\/blog\/wp-content\/uploads\/2016\/06\/Oui-Oui-puerta-ratoncito-P%C3%A9rez-Motteau-bakery-madrid.jpg?resize=700%2C400&ssl=1 2x, https:\/\/i0.wp.com\/oui-oui.es\/blog\/wp-content\/uploads\/2016\/06\/Oui-Oui-puerta-ratoncito-P%C3%A9rez-Motteau-bakery-madrid.jpg?resize=1050%2C600&ssl=1 3x, https:\/\/i0.wp.com\/oui-oui.es\/blog\/wp-content\/uploads\/2016\/06\/Oui-Oui-puerta-ratoncito-P%C3%A9rez-Motteau-bakery-madrid.jpg?resize=1400%2C800&ssl=1 4x"},"classes":[]},{"id":2263,"url":"https:\/\/oui-oui.es\/blog\/de-lo-bonito-de-montar-en-bici-con-tu-hijo-weeride-spain\/","url_meta":{"origin":4368,"position":1},"title":"De lo bonito de montar en bici con tu hijo: Weeride Spain","author":"Mar\u00eda \u2665Oui Oui\u2665","date":"5 mayo, 2015","format":false,"excerpt":"El verano pasado me regalaron una silla de bici para beb\u00e9, por entonces Mart\u00edn cumpl\u00eda 9 meses y coincid\u00eda que hab\u00eda una carrera cicloturista en la que participamos todos los a\u00f1os, as\u00ed que no lo pens\u00e9 y aprovech\u00e9 para estrenarla ese fin de semana...Desde entonces ten\u00eda ganas de compartir la\u2026","rel":"","context":"En \u00abMATERNIDAD\u00bb","block_context":{"text":"MATERNIDAD","link":"https:\/\/oui-oui.es\/blog\/category\/maternidad\/"},"img":{"alt_text":"","src":"https:\/\/i0.wp.com\/oui-oui.es\/blog\/wp-content\/uploads\/2015\/05\/oui-oui-weeride-silla-llevar-bebe-en-bici-silla-delantera-bebe-bici-cesta.jpg?resize=350%2C200&ssl=1","width":350,"height":200},"classes":[]},{"id":3391,"url":"https:\/\/oui-oui.es\/blog\/entupielrefugiado\/","url_meta":{"origin":4368,"position":2},"title":"#entupielRefugiado &#8230; Tu tambi\u00e9n puedes ayudar","author":"Mar\u00eda \u2665Oui Oui\u2665","date":"23 septiembre, 2015","format":false,"excerpt":"Hace unas semanas todos vimos la foto de un ni\u00f1o en la playa que nos estremeci\u00f3, nos revolvi\u00f3 por dentro y no nos dej\u00f3 indiferente...Reflejaba una situaci\u00f3n que lleva mucho tiempo ocurriendo, en diferentes partes del mundo, es cierto, pero esa imagen nos hizo parar, ponernos en la piel de\u2026","rel":"","context":"En \u00abNI\u00d1OS Y NI\u00d1AS\u00bb","block_context":{"text":"NI\u00d1OS Y NI\u00d1AS","link":"https:\/\/oui-oui.es\/blog\/category\/ninos\/"},"img":{"alt_text":"","src":"https:\/\/i0.wp.com\/oui-oui.es\/blog\/wp-content\/uploads\/2015\/09\/entupiel-cartel-cuadrado-1.jpg?resize=350%2C200&ssl=1","width":350,"height":200,"srcset":"https:\/\/i0.wp.com\/oui-oui.es\/blog\/wp-content\/uploads\/2015\/09\/entupiel-cartel-cuadrado-1.jpg?resize=350%2C200&ssl=1 1x, https:\/\/i0.wp.com\/oui-oui.es\/blog\/wp-content\/uploads\/2015\/09\/entupiel-cartel-cuadrado-1.jpg?resize=525%2C300&ssl=1 1.5x, https:\/\/i0.wp.com\/oui-oui.es\/blog\/wp-content\/uploads\/2015\/09\/entupiel-cartel-cuadrado-1.jpg?resize=700%2C400&ssl=1 2x, https:\/\/i0.wp.com\/oui-oui.es\/blog\/wp-content\/uploads\/2015\/09\/entupiel-cartel-cuadrado-1.jpg?resize=1050%2C600&ssl=1 3x, https:\/\/i0.wp.com\/oui-oui.es\/blog\/wp-content\/uploads\/2015\/09\/entupiel-cartel-cuadrado-1.jpg?resize=1400%2C800&ssl=1 4x"},"classes":[]},{"id":3821,"url":"https:\/\/oui-oui.es\/blog\/cenar-con-expertos-cenas-adivina\/","url_meta":{"origin":4368,"position":3},"title":"Cenar con expertos | Cenas Adivina","author":"Mar\u00eda \u2665Oui Oui\u2665","date":"26 noviembre, 2015","format":false,"excerpt":"Conoc\u00ed a Silvia y su proyecto hace unos meses aunque no fue hasta hace unas semanas que pude acudir a una de sus interesants cenas...las Cenas Adivina \u00bfy qu\u00e9 es eso? (os preguntar\u00e9is si a\u00fan no la conoc\u00e9is), pues un nuevo proyecto, lleno de ilusi\u00f3n y, sobretodo, rodeado de gente\u2026","rel":"","context":"En \u00abESTILO DE VIDA\u00bb","block_context":{"text":"ESTILO DE VIDA","link":"https:\/\/oui-oui.es\/blog\/category\/lifestyle-2\/"},"img":{"alt_text":"","src":"https:\/\/i0.wp.com\/oui-oui.es\/blog\/wp-content\/uploads\/2015\/11\/Oui-Oui-cenas-adivina.jpg?resize=350%2C200&ssl=1","width":350,"height":200,"srcset":"https:\/\/i0.wp.com\/oui-oui.es\/blog\/wp-content\/uploads\/2015\/11\/Oui-Oui-cenas-adivina.jpg?resize=350%2C200&ssl=1 1x, https:\/\/i0.wp.com\/oui-oui.es\/blog\/wp-content\/uploads\/2015\/11\/Oui-Oui-cenas-adivina.jpg?resize=525%2C300&ssl=1 1.5x, https:\/\/i0.wp.com\/oui-oui.es\/blog\/wp-content\/uploads\/2015\/11\/Oui-Oui-cenas-adivina.jpg?resize=700%2C400&ssl=1 2x"},"classes":[]},{"id":2467,"url":"https:\/\/oui-oui.es\/blog\/al-cine-con-tu-bebe-sesion-teta\/","url_meta":{"origin":4368,"position":4},"title":"Al cine con tu beb\u00e9: sesi\u00f3n teta","author":"Mar\u00eda \u2665Oui Oui\u2665","date":"28 mayo, 2015","format":false,"excerpt":"Hace unos meses, mi amiga Patricia public\u00f3 una foto en el cine con su beb\u00e9, un caf\u00e9 y un trozo de tarta...Parec\u00eda incre\u00edble poder disfrutar de tantas cosas a la vez, pero en Londres era posible, de hecho hay varios cines que promueven la sesi\u00f3n con beb\u00e9s y alguno m\u00e1s\u2026","rel":"","context":"En \u00abMATERNIDAD\u00bb","block_context":{"text":"MATERNIDAD","link":"https:\/\/oui-oui.es\/blog\/category\/maternidad\/"},"img":{"alt_text":"","src":"https:\/\/i0.wp.com\/oui-oui.es\/blog\/wp-content\/uploads\/2015\/05\/oui-oui-sesion-teta-cine-con-bebes-la-vaguada.jpg?resize=350%2C200&ssl=1","width":350,"height":200,"srcset":"https:\/\/i0.wp.com\/oui-oui.es\/blog\/wp-content\/uploads\/2015\/05\/oui-oui-sesion-teta-cine-con-bebes-la-vaguada.jpg?resize=350%2C200&ssl=1 1x, https:\/\/i0.wp.com\/oui-oui.es\/blog\/wp-content\/uploads\/2015\/05\/oui-oui-sesion-teta-cine-con-bebes-la-vaguada.jpg?resize=525%2C300&ssl=1 1.5x"},"classes":[]},{"id":4625,"url":"https:\/\/oui-oui.es\/blog\/la-caja-de-la-calma-mindfulness-para-ninos\/","url_meta":{"origin":4368,"position":5},"title":"La caja de la calma; mindfulness para ni\u00f1os","author":"Mar\u00eda \u2665Oui Oui\u2665","date":"11 julio, 2016","format":false,"excerpt":"Parece que \u00faltimamente s\u00f3lo escribo para proponer cosas que comprar, pero han llegado a m\u00ed tantas cosas chulas que \u00a1me es imposible no recomendarlas! y hoy os voy a hablar de la Caja m\u00e1gica de la calma, una gran idea de Hippy Kids Yoga para acercar el midfulness (ser consciente\u2026","rel":"","context":"En \u00abNI\u00d1OS Y NI\u00d1AS\u00bb","block_context":{"text":"NI\u00d1OS Y NI\u00d1AS","link":"https:\/\/oui-oui.es\/blog\/category\/ninos\/"},"img":{"alt_text":"","src":"https:\/\/i0.wp.com\/oui-oui.es\/blog\/wp-content\/uploads\/2016\/07\/Oui-Oui-caja-magica-de-la-calma-mindfulness-para-ni%C3%B1os-yoga-ni%C3%B1os-juego-relajante-ni%C3%B1os-4.jpg?resize=350%2C200&ssl=1","width":350,"height":200,"srcset":"https:\/\/i0.wp.com\/oui-oui.es\/blog\/wp-content\/uploads\/2016\/07\/Oui-Oui-caja-magica-de-la-calma-mindfulness-para-ni%C3%B1os-yoga-ni%C3%B1os-juego-relajante-ni%C3%B1os-4.jpg?resize=350%2C200&ssl=1 1x, https:\/\/i0.wp.com\/oui-oui.es\/blog\/wp-content\/uploads\/2016\/07\/Oui-Oui-caja-magica-de-la-calma-mindfulness-para-ni%C3%B1os-yoga-ni%C3%B1os-juego-relajante-ni%C3%B1os-4.jpg?resize=525%2C300&ssl=1 1.5x, https:\/\/i0.wp.com\/oui-oui.es\/blog\/wp-content\/uploads\/2016\/07\/Oui-Oui-caja-magica-de-la-calma-mindfulness-para-ni%C3%B1os-yoga-ni%C3%B1os-juego-relajante-ni%C3%B1os-4.jpg?resize=700%2C400&ssl=1 2x, https:\/\/i0.wp.com\/oui-oui.es\/blog\/wp-content\/uploads\/2016\/07\/Oui-Oui-caja-magica-de-la-calma-mindfulness-para-ni%C3%B1os-yoga-ni%C3%B1os-juego-relajante-ni%C3%B1os-4.jpg?resize=1050%2C600&ssl=1 3x"},"classes":[]}],"_links":{"self":[{"href":"https:\/\/oui-oui.es\/blog\/wp-json\/wp\/v2\/posts\/4368","targetHints":{"allow":["GET"]}}],"collection":[{"href":"https:\/\/oui-oui.es\/blog\/wp-json\/wp\/v2\/posts"}],"about":[{"href":"https:\/\/oui-oui.es\/blog\/wp-json\/wp\/v2\/types\/post"}],"author":[{"embeddable":true,"href":"https:\/\/oui-oui.es\/blog\/wp-json\/wp\/v2\/users\/1"}],"replies":[{"embeddable":true,"href":"https:\/\/oui-oui.es\/blog\/wp-json\/wp\/v2\/comments?post=4368"}],"version-history":[{"count":1,"href":"https:\/\/oui-oui.es\/blog\/wp-json\/wp\/v2\/posts\/4368\/revisions"}],"predecessor-version":[{"id":4371,"href":"https:\/\/oui-oui.es\/blog\/wp-json\/wp\/v2\/posts\/4368\/revisions\/4371"}],"wp:featuredmedia":[{"embeddable":true,"href":"https:\/\/oui-oui.es\/blog\/wp-json\/wp\/v2\/media\/4370"}],"wp:attachment":[{"href":"https:\/\/oui-oui.es\/blog\/wp-json\/wp\/v2\/media?parent=4368"}],"wp:term":[{"taxonomy":"category","embeddable":true,"href":"https:\/\/oui-oui.es\/blog\/wp-json\/wp\/v2\/categories?post=4368"},{"taxonomy":"post_tag","embeddable":true,"href":"https:\/\/oui-oui.es\/blog\/wp-json\/wp\/v2\/tags?post=4368"}],"curies":[{"name":"wp","href":"https:\/\/api.w.org\/{rel}","templated":true}]}}