{"id":4397,"date":"2016-06-03T00:38:42","date_gmt":"2016-06-02T22:38:42","guid":{"rendered":"https:\/\/oui-oui.es\/blog\/?p=4397"},"modified":"2016-06-03T00:38:42","modified_gmt":"2016-06-02T22:38:42","slug":"las-puertas-del-ratoncito-perez-de-mayo-2","status":"publish","type":"post","link":"https:\/\/oui-oui.es\/blog\/las-puertas-del-ratoncito-perez-de-mayo-2\/","title":{"rendered":"Las puertas del ratoncito P\u00e9rez de mayo"},"content":{"rendered":"<p>Durante las \u00faltimas semanas hemos hecho algunas <a href=\"http:\/\/www.oui-oui.es\/29-puertas-ratoncito-perez\" target=\"_blank\"><strong>puertas para el ratoncito P\u00e9rez<\/strong><\/a> m\u00e1s especiales, llev\u00e1bamos un tiempo trabajando en una de las m\u00e1s personalizadas que hemos ehcho hasta el momento y por fin vio la luz&#8230;Se trata de la <strong>puerta del rat\u00f3n P\u00e9rez<\/strong> de la <strong>pasteler\u00eda Motteau<\/strong> en el Barrio de las Letras (Madrid), con su puerta de dos hojas, con cristal y su toldito, no me dig\u00e1is que no es una monada! , por cierto que aprovecho para recomendaros la pasteler\u00eda, seguro que si pas\u00e1is por su escaparate os quedar\u00e9is con la nariz pegada en el cristal pensando en cu\u00e1l de sus apetecibles pasteles o tartas pedir, mmm&#8230;<\/p>\n<p><a href=\"http:\/\/www.oui-oui.es\/29-puertas-ratoncito-perez\"><img loading=\"lazy\" decoding=\"async\" class=\"aligncenter size-large wp-image-4403\" src=\"https:\/\/oui-oui.es\/blog\/wp-content\/uploads\/2016\/06\/Oui-Oui-puerta-ratoncito-P\u00e9rez-Motteau-bakery-madrid-1024x1024.jpg\" alt=\"Oui Oui-puerta ratoncito P\u00e9rez-Motteau bakery madrid\" width=\"1024\" height=\"1024\" srcset=\"https:\/\/oui-oui.es\/blog\/wp-content\/uploads\/2016\/06\/Oui-Oui-puerta-ratoncito-P\u00e9rez-Motteau-bakery-madrid-1024x1024.jpg 1024w, https:\/\/oui-oui.es\/blog\/wp-content\/uploads\/2016\/06\/Oui-Oui-puerta-ratoncito-P\u00e9rez-Motteau-bakery-madrid-150x150.jpg 150w, https:\/\/oui-oui.es\/blog\/wp-content\/uploads\/2016\/06\/Oui-Oui-puerta-ratoncito-P\u00e9rez-Motteau-bakery-madrid-300x300.jpg 300w, https:\/\/oui-oui.es\/blog\/wp-content\/uploads\/2016\/06\/Oui-Oui-puerta-ratoncito-P\u00e9rez-Motteau-bakery-madrid-768x768.jpg 768w, https:\/\/oui-oui.es\/blog\/wp-content\/uploads\/2016\/06\/Oui-Oui-puerta-ratoncito-P\u00e9rez-Motteau-bakery-madrid-600x600.jpg 600w\" sizes=\"auto, (max-width: 1024px) 100vw, 1024px\" \/><\/a><\/p>\n<p>Otra puerta del ratoncito que ten\u00edamos ganas de entregar era la de <strong>La Casa de los Tomillares<\/strong>, un hotel con encanto (y cinco estrellas!) en Candeleda, una de laz zonas m\u00e1s bonitas de \u00c1vila, all\u00ed viven unos ratoncitos mon\u00edsimos en la casa de mu\u00f1ecas a tama\u00f1o real que tienen y necesitaban su <a href=\"http:\/\/www.oui-oui.es\/29-puertas-ratoncito-perez\" target=\"_blank\">puerta para el ratoncito P\u00e9rez<\/a> \ud83d\ude09<\/p>\n<p><a href=\"http:\/\/www.oui-oui.es\/29-puertas-ratoncito-perez\"><img loading=\"lazy\" decoding=\"async\" class=\"aligncenter size-large wp-image-4402\" src=\"https:\/\/oui-oui.es\/blog\/wp-content\/uploads\/2016\/06\/Oui-Oui-puerta-ratoncito-P\u00e9rez-la-casa-de-los-tomillares-1024x1024.jpg\" alt=\"Oui Oui-puerta ratoncito P\u00e9rez-la casa de los tomillares\" width=\"1024\" height=\"1024\" srcset=\"https:\/\/oui-oui.es\/blog\/wp-content\/uploads\/2016\/06\/Oui-Oui-puerta-ratoncito-P\u00e9rez-la-casa-de-los-tomillares-1024x1024.jpg 1024w, https:\/\/oui-oui.es\/blog\/wp-content\/uploads\/2016\/06\/Oui-Oui-puerta-ratoncito-P\u00e9rez-la-casa-de-los-tomillares-150x150.jpg 150w, https:\/\/oui-oui.es\/blog\/wp-content\/uploads\/2016\/06\/Oui-Oui-puerta-ratoncito-P\u00e9rez-la-casa-de-los-tomillares-300x300.jpg 300w, https:\/\/oui-oui.es\/blog\/wp-content\/uploads\/2016\/06\/Oui-Oui-puerta-ratoncito-P\u00e9rez-la-casa-de-los-tomillares-768x768.jpg 768w, https:\/\/oui-oui.es\/blog\/wp-content\/uploads\/2016\/06\/Oui-Oui-puerta-ratoncito-P\u00e9rez-la-casa-de-los-tomillares-600x600.jpg 600w\" sizes=\"auto, (max-width: 1024px) 100vw, 1024px\" \/><\/a><\/p>\n<p>Por supuesto, <strong>celebramos San Isidro<\/strong> con el ratoncito P\u00e9rez!<\/p>\n<p><a href=\"http:\/\/www.oui-oui.es\/29-puertas-ratoncito-perez\"><img loading=\"lazy\" decoding=\"async\" class=\"aligncenter size-large wp-image-4405\" src=\"https:\/\/oui-oui.es\/blog\/wp-content\/uploads\/2016\/06\/Oui-Oui-puertas-ratoncito-P\u00e9rez-edici\u00f3n-San-Isidro-2016-1024x1024.jpg\" alt=\"Oui Oui-puertas ratoncito P\u00e9rez-edici\u00f3n San Isidro 2016\" width=\"1024\" height=\"1024\" srcset=\"https:\/\/oui-oui.es\/blog\/wp-content\/uploads\/2016\/06\/Oui-Oui-puertas-ratoncito-P\u00e9rez-edici\u00f3n-San-Isidro-2016-1024x1024.jpg 1024w, https:\/\/oui-oui.es\/blog\/wp-content\/uploads\/2016\/06\/Oui-Oui-puertas-ratoncito-P\u00e9rez-edici\u00f3n-San-Isidro-2016-150x150.jpg 150w, https:\/\/oui-oui.es\/blog\/wp-content\/uploads\/2016\/06\/Oui-Oui-puertas-ratoncito-P\u00e9rez-edici\u00f3n-San-Isidro-2016-300x300.jpg 300w, https:\/\/oui-oui.es\/blog\/wp-content\/uploads\/2016\/06\/Oui-Oui-puertas-ratoncito-P\u00e9rez-edici\u00f3n-San-Isidro-2016-768x768.jpg 768w, https:\/\/oui-oui.es\/blog\/wp-content\/uploads\/2016\/06\/Oui-Oui-puertas-ratoncito-P\u00e9rez-edici\u00f3n-San-Isidro-2016-600x600.jpg 600w\" sizes=\"auto, (max-width: 1024px) 100vw, 1024px\" \/><\/a><\/p>\n<p>Y la cl\u00ednica dental <strong>Sinodent<\/strong> ya tiene su <strong><a href=\"http:\/\/www.oui-oui.es\/29-puertas-ratoncito-perez\" target=\"_blank\">puerta para el ratoncito P\u00e9rez personalizada<\/a> con su logo<\/strong><\/p>\n<p><a href=\"http:\/\/www.oui-oui.es\/29-puertas-ratoncito-perez\"><img loading=\"lazy\" decoding=\"async\" class=\"aligncenter size-large wp-image-4404\" src=\"https:\/\/oui-oui.es\/blog\/wp-content\/uploads\/2016\/06\/Oui-Oui-Puerta-ratoncito-P\u00e9rez-Sinodent-1024x1024.jpg\" alt=\"Oui Oui-Puerta ratoncito P\u00e9rez-Sinodent\" width=\"1024\" height=\"1024\" srcset=\"https:\/\/oui-oui.es\/blog\/wp-content\/uploads\/2016\/06\/Oui-Oui-Puerta-ratoncito-P\u00e9rez-Sinodent-1024x1024.jpg 1024w, https:\/\/oui-oui.es\/blog\/wp-content\/uploads\/2016\/06\/Oui-Oui-Puerta-ratoncito-P\u00e9rez-Sinodent-150x150.jpg 150w, https:\/\/oui-oui.es\/blog\/wp-content\/uploads\/2016\/06\/Oui-Oui-Puerta-ratoncito-P\u00e9rez-Sinodent-300x300.jpg 300w, https:\/\/oui-oui.es\/blog\/wp-content\/uploads\/2016\/06\/Oui-Oui-Puerta-ratoncito-P\u00e9rez-Sinodent-768x768.jpg 768w, https:\/\/oui-oui.es\/blog\/wp-content\/uploads\/2016\/06\/Oui-Oui-Puerta-ratoncito-P\u00e9rez-Sinodent-600x600.jpg 600w\" sizes=\"auto, (max-width: 1024px) 100vw, 1024px\" \/><\/a><\/p>\n<p>Tambi\u00e9n eguimos personalizando muchas <a href=\"http:\/\/www.oui-oui.es\/29-puertas-ratoncito-perez\" target=\"_blank\"><strong>puertas del ratoncito<\/strong><\/a> con el nombre de los peques<\/p>\n<p><a href=\"http:\/\/www.oui-oui.es\/29-puertas-ratoncito-perez\"><img loading=\"lazy\" decoding=\"async\" class=\"aligncenter size-large wp-image-4406\" src=\"https:\/\/oui-oui.es\/blog\/wp-content\/uploads\/2016\/06\/Oui-Oui-puertas-raton-perez-ratoncito-p\u00e9rez-personalizada-e1464906905388-1024x1024.jpg\" alt=\"Oui Oui-puertas raton perez-ratoncito p\u00e9rez-personalizada\" width=\"1024\" height=\"1024\" srcset=\"https:\/\/oui-oui.es\/blog\/wp-content\/uploads\/2016\/06\/Oui-Oui-puertas-raton-perez-ratoncito-p\u00e9rez-personalizada-e1464906905388-1024x1024.jpg 1024w, https:\/\/oui-oui.es\/blog\/wp-content\/uploads\/2016\/06\/Oui-Oui-puertas-raton-perez-ratoncito-p\u00e9rez-personalizada-e1464906905388-150x150.jpg 150w, https:\/\/oui-oui.es\/blog\/wp-content\/uploads\/2016\/06\/Oui-Oui-puertas-raton-perez-ratoncito-p\u00e9rez-personalizada-e1464906905388-300x300.jpg 300w, https:\/\/oui-oui.es\/blog\/wp-content\/uploads\/2016\/06\/Oui-Oui-puertas-raton-perez-ratoncito-p\u00e9rez-personalizada-e1464906905388-768x768.jpg 768w, https:\/\/oui-oui.es\/blog\/wp-content\/uploads\/2016\/06\/Oui-Oui-puertas-raton-perez-ratoncito-p\u00e9rez-personalizada-e1464906905388-600x600.jpg 600w\" sizes=\"auto, (max-width: 1024px) 100vw, 1024px\" \/><\/a><\/p>\n<p>Aqu\u00ed pod\u00e9is ver algunas de vuestra divertidas fotos con las puertas del ratoncito P\u00e9rez, recordad que si las compart\u00eds en Instagram con el <strong>#puertasratoncitop\u00e9rezouioui<\/strong> y nos etiquet\u00e1is <strong>@ouiouidetalles @puertasratoncitoperez<\/strong> podremos verlas!<\/p>\n<p><a href=\"http:\/\/www.oui-oui.es\/29-puertas-ratoncito-perez\"><img loading=\"lazy\" decoding=\"async\" class=\"aligncenter size-large wp-image-4398\" src=\"https:\/\/oui-oui.es\/blog\/wp-content\/uploads\/2016\/06\/Oui-Oui-puerta-ratocnito-P\u00e9rez-clasica-rosa-Sr-Perez-1024x1024.jpg\" alt=\"Oui Oui-puerta ratocnito P\u00e9rez-clasica rosa-Sr Perez\" width=\"1024\" height=\"1024\" srcset=\"https:\/\/oui-oui.es\/blog\/wp-content\/uploads\/2016\/06\/Oui-Oui-puerta-ratocnito-P\u00e9rez-clasica-rosa-Sr-Perez-1024x1024.jpg 1024w, https:\/\/oui-oui.es\/blog\/wp-content\/uploads\/2016\/06\/Oui-Oui-puerta-ratocnito-P\u00e9rez-clasica-rosa-Sr-Perez-150x150.jpg 150w, https:\/\/oui-oui.es\/blog\/wp-content\/uploads\/2016\/06\/Oui-Oui-puerta-ratocnito-P\u00e9rez-clasica-rosa-Sr-Perez-300x300.jpg 300w, https:\/\/oui-oui.es\/blog\/wp-content\/uploads\/2016\/06\/Oui-Oui-puerta-ratocnito-P\u00e9rez-clasica-rosa-Sr-Perez-768x768.jpg 768w, https:\/\/oui-oui.es\/blog\/wp-content\/uploads\/2016\/06\/Oui-Oui-puerta-ratocnito-P\u00e9rez-clasica-rosa-Sr-Perez-600x600.jpg 600w, https:\/\/oui-oui.es\/blog\/wp-content\/uploads\/2016\/06\/Oui-Oui-puerta-ratocnito-P\u00e9rez-clasica-rosa-Sr-Perez.jpg 1072w\" sizes=\"auto, (max-width: 1024px) 100vw, 1024px\" \/><\/a><\/p>\n<p><a href=\"http:\/\/www.oui-oui.es\/29-puertas-ratoncito-perez\"><img loading=\"lazy\" decoding=\"async\" class=\"aligncenter size-large wp-image-4401\" src=\"https:\/\/oui-oui.es\/blog\/wp-content\/uploads\/2016\/06\/Oui-Oui-puerta-ratoncito-p\u00e9rez-inglesa-blanca-1024x1024.jpg\" alt=\"Oui Oui-puerta ratoncito p\u00e9rez-inglesa blanca\" width=\"1024\" height=\"1024\" srcset=\"https:\/\/oui-oui.es\/blog\/wp-content\/uploads\/2016\/06\/Oui-Oui-puerta-ratoncito-p\u00e9rez-inglesa-blanca-1024x1024.jpg 1024w, https:\/\/oui-oui.es\/blog\/wp-content\/uploads\/2016\/06\/Oui-Oui-puerta-ratoncito-p\u00e9rez-inglesa-blanca-150x150.jpg 150w, https:\/\/oui-oui.es\/blog\/wp-content\/uploads\/2016\/06\/Oui-Oui-puerta-ratoncito-p\u00e9rez-inglesa-blanca-300x300.jpg 300w, https:\/\/oui-oui.es\/blog\/wp-content\/uploads\/2016\/06\/Oui-Oui-puerta-ratoncito-p\u00e9rez-inglesa-blanca-768x768.jpg 768w, https:\/\/oui-oui.es\/blog\/wp-content\/uploads\/2016\/06\/Oui-Oui-puerta-ratoncito-p\u00e9rez-inglesa-blanca-600x600.jpg 600w, https:\/\/oui-oui.es\/blog\/wp-content\/uploads\/2016\/06\/Oui-Oui-puerta-ratoncito-p\u00e9rez-inglesa-blanca.jpg 1125w\" sizes=\"auto, (max-width: 1024px) 100vw, 1024px\" \/><\/a><a href=\"http:\/\/www.oui-oui.es\/29-puertas-ratoncito-perez\"><img loading=\"lazy\" decoding=\"async\" class=\"aligncenter size-large wp-image-4400\" src=\"https:\/\/oui-oui.es\/blog\/wp-content\/uploads\/2016\/06\/Oui-Oui-puerta-ratocnito-P\u00e9rez-victoriana-rosa-y-blanca-1024x1024.jpg\" alt=\"Oui Oui-puerta ratocnito P\u00e9rez-victoriana rosa y blanca\" width=\"1024\" height=\"1024\" srcset=\"https:\/\/oui-oui.es\/blog\/wp-content\/uploads\/2016\/06\/Oui-Oui-puerta-ratocnito-P\u00e9rez-victoriana-rosa-y-blanca-1024x1024.jpg 1024w, https:\/\/oui-oui.es\/blog\/wp-content\/uploads\/2016\/06\/Oui-Oui-puerta-ratocnito-P\u00e9rez-victoriana-rosa-y-blanca-150x150.jpg 150w, https:\/\/oui-oui.es\/blog\/wp-content\/uploads\/2016\/06\/Oui-Oui-puerta-ratocnito-P\u00e9rez-victoriana-rosa-y-blanca-300x300.jpg 300w, https:\/\/oui-oui.es\/blog\/wp-content\/uploads\/2016\/06\/Oui-Oui-puerta-ratocnito-P\u00e9rez-victoriana-rosa-y-blanca-768x768.jpg 768w, https:\/\/oui-oui.es\/blog\/wp-content\/uploads\/2016\/06\/Oui-Oui-puerta-ratocnito-P\u00e9rez-victoriana-rosa-y-blanca-600x600.jpg 600w, https:\/\/oui-oui.es\/blog\/wp-content\/uploads\/2016\/06\/Oui-Oui-puerta-ratocnito-P\u00e9rez-victoriana-rosa-y-blanca.jpg 1125w\" sizes=\"auto, (max-width: 1024px) 100vw, 1024px\" \/><\/a><\/p>\n<p>Como perfecto final al mes de mayo, quisimos colaborar en la recaudaci\u00f3n de fondos para <a href=\"http:\/\/www.elcorazondealejo.es\" target=\"_blank\">El coraz\u00f3n de Alejo<\/a> donando una de nuestras <strong>puertas del ratoncito con coraz\u00f3n<\/strong> \ud83d\ude09<\/p>\n<p><a href=\"http:\/\/www.oui-oui.es\/29-puertas-ratoncito-perez\"><img loading=\"lazy\" decoding=\"async\" class=\"aligncenter size-large wp-image-4399\" src=\"https:\/\/oui-oui.es\/blog\/wp-content\/uploads\/2016\/06\/Oui-Oui-puerta-ratocnito-perez-san-valentin-corazon-alejo-1024x1024.jpg\" alt=\"Oui Oui-puerta ratocnito perez-san valentin-corazon alejo\" width=\"1024\" height=\"1024\" srcset=\"https:\/\/oui-oui.es\/blog\/wp-content\/uploads\/2016\/06\/Oui-Oui-puerta-ratocnito-perez-san-valentin-corazon-alejo-1024x1024.jpg 1024w, https:\/\/oui-oui.es\/blog\/wp-content\/uploads\/2016\/06\/Oui-Oui-puerta-ratocnito-perez-san-valentin-corazon-alejo-150x150.jpg 150w, https:\/\/oui-oui.es\/blog\/wp-content\/uploads\/2016\/06\/Oui-Oui-puerta-ratocnito-perez-san-valentin-corazon-alejo-300x300.jpg 300w, https:\/\/oui-oui.es\/blog\/wp-content\/uploads\/2016\/06\/Oui-Oui-puerta-ratocnito-perez-san-valentin-corazon-alejo-768x768.jpg 768w, https:\/\/oui-oui.es\/blog\/wp-content\/uploads\/2016\/06\/Oui-Oui-puerta-ratocnito-perez-san-valentin-corazon-alejo-600x600.jpg 600w\" sizes=\"auto, (max-width: 1024px) 100vw, 1024px\" \/><\/a><\/p>\n<p>Pues esto ha sido una peque\u00f1a muestra de todas las puerats que hemos hecho en mayo&#8230;Ahora vamos a por las de junio!<\/p>\n<p>&nbsp;<\/p>\n","protected":false},"excerpt":{"rendered":"<p>Durante las \u00faltimas semanas hemos hecho algunas puertas para el ratoncito P\u00e9rez m\u00e1s especiales, llev\u00e1bamos un tiempo trabajando en una de las m\u00e1s personalizadas que hemos ehcho hasta el momento y por fin vio la luz&#8230;Se trata de la puerta del rat\u00f3n P\u00e9rez de la pasteler\u00eda Motteau en el Barrio de las Letras (Madrid), con [&hellip;]<\/p>\n","protected":false},"author":1,"featured_media":4403,"comment_status":"open","ping_status":"open","sticky":false,"template":"","format":"standard","meta":{"jetpack_post_was_ever_published":false,"_jetpack_newsletter_access":"","_jetpack_dont_email_post_to_subs":false,"_jetpack_newsletter_tier_id":0,"_jetpack_memberships_contains_paywalled_content":false,"_jetpack_memberships_contains_paid_content":false,"footnotes":"","jetpack_publicize_message":"","jetpack_publicize_feature_enabled":true,"jetpack_social_post_already_shared":true,"jetpack_social_options":{"image_generator_settings":{"template":"highway","default_image_id":0,"font":"","enabled":false},"version":2}},"categories":[174,175,18],"tags":[340],"class_list":["post-4397","post","type-post","status-publish","format-standard","has-post-thumbnail","hentry","category-ninos","category-puertas-para-el-ratoncito-perez","category-regalos-originales-para-ninos","tag-puertas-ratoncito-perez"],"aioseo_notices":[],"jetpack_publicize_connections":[],"jetpack_featured_media_url":"https:\/\/oui-oui.es\/blog\/wp-content\/uploads\/2016\/06\/Oui-Oui-puerta-ratoncito-P\u00e9rez-Motteau-bakery-madrid.jpg","jetpack_sharing_enabled":true,"jetpack-related-posts":[{"id":4546,"url":"https:\/\/oui-oui.es\/blog\/las-puertas-del-ratoncito-de-junio\/","url_meta":{"origin":4397,"position":0},"title":"Las puertas del ratoncito de junio","author":"Mar\u00eda \u2665Oui Oui\u2665","date":"28 junio, 2016","format":false,"excerpt":"\u00a0 Con junio lleg\u00f3 el calor, las terracitas y la vida al aire libre, el ratoncito P\u00e9rez no pod\u00eda ser menos y hemos tra\u00eddo un mont\u00f3n de complementos nuevos para hacerle m\u00e1s fresca y alegre la visita a casa; una planta, una bici (por si quiere moverse en ella entre\u2026","rel":"","context":"En \u00abPUERTAS RATONCITO P\u00c9REZ\u00bb","block_context":{"text":"PUERTAS RATONCITO P\u00c9REZ","link":"https:\/\/oui-oui.es\/blog\/category\/puertas-para-el-ratoncito-perez\/"},"img":{"alt_text":"","src":"https:\/\/i0.wp.com\/oui-oui.es\/blog\/wp-content\/uploads\/2016\/06\/Oui-Oui-puertas-ratoncito-p%C3%A9rez-ratoncitos-maileg-mint.jpg?resize=350%2C200&ssl=1","width":350,"height":200,"srcset":"https:\/\/i0.wp.com\/oui-oui.es\/blog\/wp-content\/uploads\/2016\/06\/Oui-Oui-puertas-ratoncito-p%C3%A9rez-ratoncitos-maileg-mint.jpg?resize=350%2C200&ssl=1 1x, https:\/\/i0.wp.com\/oui-oui.es\/blog\/wp-content\/uploads\/2016\/06\/Oui-Oui-puertas-ratoncito-p%C3%A9rez-ratoncitos-maileg-mint.jpg?resize=525%2C300&ssl=1 1.5x, https:\/\/i0.wp.com\/oui-oui.es\/blog\/wp-content\/uploads\/2016\/06\/Oui-Oui-puertas-ratoncito-p%C3%A9rez-ratoncitos-maileg-mint.jpg?resize=700%2C400&ssl=1 2x, https:\/\/i0.wp.com\/oui-oui.es\/blog\/wp-content\/uploads\/2016\/06\/Oui-Oui-puertas-ratoncito-p%C3%A9rez-ratoncitos-maileg-mint.jpg?resize=1050%2C600&ssl=1 3x, https:\/\/i0.wp.com\/oui-oui.es\/blog\/wp-content\/uploads\/2016\/06\/Oui-Oui-puertas-ratoncito-p%C3%A9rez-ratoncitos-maileg-mint.jpg?resize=1400%2C800&ssl=1 4x"},"classes":[]},{"id":10866,"url":"https:\/\/oui-oui.es\/blog\/algunas-puertas-del-ratoncito-perez-de-mayo\/","url_meta":{"origin":4397,"position":1},"title":"Algunas puertas del ratoncito P\u00e9rez de mayo","author":"Mar\u00eda \u2665Oui Oui\u2665","date":"21 mayo, 2024","format":false,"excerpt":"Algunas de las Puertas para el Ratoncito P\u00e9rez que hemos hecho en el \u00faltimo mes.","rel":"","context":"En \u00abPUERTAS RATONCITO P\u00c9REZ\u00bb","block_context":{"text":"PUERTAS RATONCITO P\u00c9REZ","link":"https:\/\/oui-oui.es\/blog\/category\/puertas-para-el-ratoncito-perez\/"},"img":{"alt_text":"","src":"https:\/\/i0.wp.com\/oui-oui.es\/blog\/wp-content\/uploads\/2024\/05\/Oui-Oui-Puerta-Ratoncito-Perez-Ratoncitos-Maileg-Autenticas-Puertas-Ratoncito-Perez-6-scaled.jpg?resize=350%2C200&ssl=1","width":350,"height":200,"srcset":"https:\/\/i0.wp.com\/oui-oui.es\/blog\/wp-content\/uploads\/2024\/05\/Oui-Oui-Puerta-Ratoncito-Perez-Ratoncitos-Maileg-Autenticas-Puertas-Ratoncito-Perez-6-scaled.jpg?resize=350%2C200&ssl=1 1x, https:\/\/i0.wp.com\/oui-oui.es\/blog\/wp-content\/uploads\/2024\/05\/Oui-Oui-Puerta-Ratoncito-Perez-Ratoncitos-Maileg-Autenticas-Puertas-Ratoncito-Perez-6-scaled.jpg?resize=525%2C300&ssl=1 1.5x, https:\/\/i0.wp.com\/oui-oui.es\/blog\/wp-content\/uploads\/2024\/05\/Oui-Oui-Puerta-Ratoncito-Perez-Ratoncitos-Maileg-Autenticas-Puertas-Ratoncito-Perez-6-scaled.jpg?resize=700%2C400&ssl=1 2x, https:\/\/i0.wp.com\/oui-oui.es\/blog\/wp-content\/uploads\/2024\/05\/Oui-Oui-Puerta-Ratoncito-Perez-Ratoncitos-Maileg-Autenticas-Puertas-Ratoncito-Perez-6-scaled.jpg?resize=1050%2C600&ssl=1 3x, https:\/\/i0.wp.com\/oui-oui.es\/blog\/wp-content\/uploads\/2024\/05\/Oui-Oui-Puerta-Ratoncito-Perez-Ratoncitos-Maileg-Autenticas-Puertas-Ratoncito-Perez-6-scaled.jpg?resize=1400%2C800&ssl=1 4x"},"classes":[]},{"id":2495,"url":"https:\/\/oui-oui.es\/blog\/las-puertas-del-ratoncito-perez-de-mayo\/","url_meta":{"origin":4397,"position":2},"title":"Las puertas del ratoncito P\u00e9rez de mayo","author":"Mar\u00eda \u2665Oui Oui\u2665","date":"1 junio, 2015","format":false,"excerpt":"\u00a0 Creo que me he saltado un par de meses porque hemos tenido mucho l\u00edo, pero no quer\u00eda dejar de ense\u00f1aros por aqu\u00ed alguna de las puertas para el ratoncito P\u00e9rez que hemos hecho este mes, como sab\u00e9is, las hacemos personalizadas\u00a0con el n\u00famero o nombre que quer\u00e1is, as\u00ed como con\u2026","rel":"","context":"En \u00abNI\u00d1OS Y NI\u00d1AS\u00bb","block_context":{"text":"NI\u00d1OS Y NI\u00d1AS","link":"https:\/\/oui-oui.es\/blog\/category\/ninos\/"},"img":{"alt_text":"","src":"https:\/\/i0.wp.com\/oui-oui.es\/blog\/wp-content\/uploads\/2015\/06\/oui-oui-edicion-especial-puerta-ratocnito-pc3a9rez-san-isidro-puerta-chulapa.jpg?resize=350%2C200&ssl=1","width":350,"height":200},"classes":[]},{"id":3643,"url":"https:\/\/oui-oui.es\/blog\/las-puertas-del-ratoncito-perez-de-octubre\/","url_meta":{"origin":4397,"position":3},"title":"Las puertas del ratoncito P\u00e9rez de octubre","author":"Mar\u00eda \u2665Oui Oui\u2665","date":"29 octubre, 2015","format":false,"excerpt":"No s\u00e9 que ha pasado en verano que se me hab\u00eda olvidado compartir por aqu\u00ed alguno de los modelos m\u00e1s originales o diferentes que hemos hecho de las puertas del ratoncito P\u00e9rez, as\u00ed que hoy vuelvo con m\u00e1s ganas que nunca con esta secci\u00f3n ;) Una de las m\u00e1s trabajosas\u2026","rel":"","context":"En \u00abPUERTAS RATONCITO P\u00c9REZ\u00bb","block_context":{"text":"PUERTAS RATONCITO P\u00c9REZ","link":"https:\/\/oui-oui.es\/blog\/category\/puertas-para-el-ratoncito-perez\/"},"img":{"alt_text":"","src":"https:\/\/i0.wp.com\/oui-oui.es\/blog\/wp-content\/uploads\/2015\/10\/Oui-Oui-puerta-ratoncito-perez-els-patufets.jpg?resize=350%2C200&ssl=1","width":350,"height":200,"srcset":"https:\/\/i0.wp.com\/oui-oui.es\/blog\/wp-content\/uploads\/2015\/10\/Oui-Oui-puerta-ratoncito-perez-els-patufets.jpg?resize=350%2C200&ssl=1 1x, https:\/\/i0.wp.com\/oui-oui.es\/blog\/wp-content\/uploads\/2015\/10\/Oui-Oui-puerta-ratoncito-perez-els-patufets.jpg?resize=525%2C300&ssl=1 1.5x, https:\/\/i0.wp.com\/oui-oui.es\/blog\/wp-content\/uploads\/2015\/10\/Oui-Oui-puerta-ratoncito-perez-els-patufets.jpg?resize=700%2C400&ssl=1 2x, https:\/\/i0.wp.com\/oui-oui.es\/blog\/wp-content\/uploads\/2015\/10\/Oui-Oui-puerta-ratoncito-perez-els-patufets.jpg?resize=1050%2C600&ssl=1 3x, https:\/\/i0.wp.com\/oui-oui.es\/blog\/wp-content\/uploads\/2015\/10\/Oui-Oui-puerta-ratoncito-perez-els-patufets.jpg?resize=1400%2C800&ssl=1 4x"},"classes":[]},{"id":2716,"url":"https:\/\/oui-oui.es\/blog\/las-puertas-del-ratoncito-perez-de-junio\/","url_meta":{"origin":4397,"position":4},"title":"Las puertas del ratoncito P\u00e9rez de junio","author":"Mar\u00eda \u2665Oui Oui\u2665","date":"2 julio, 2015","format":false,"excerpt":"Como cada mes, me gusta mostraros las puertas para el ratoncito P\u00e9rez m\u00e1s caracter\u00edsticas, este mes de juno hemos hecho algunas muy especiales, pero lo que m\u00e1s me ha llamado la atenci\u00f3n han sido los destinos hacia donde iban. Hasta este paraje espectcular llegaron dos puertas para el ratoncito (Islas\u2026","rel":"","context":"En \u00abNI\u00d1OS Y NI\u00d1AS\u00bb","block_context":{"text":"NI\u00d1OS Y NI\u00d1AS","link":"https:\/\/oui-oui.es\/blog\/category\/ninos\/"},"img":{"alt_text":"","src":"https:\/\/i0.wp.com\/oui-oui.es\/blog\/wp-content\/uploads\/Oui-Oui-puerta-ratoncito-P%C3%A9rez-Orgullo-Gay.jpg?resize=350%2C200&ssl=1","width":350,"height":200,"srcset":"https:\/\/i0.wp.com\/oui-oui.es\/blog\/wp-content\/uploads\/Oui-Oui-puerta-ratoncito-P%C3%A9rez-Orgullo-Gay.jpg?resize=350%2C200&ssl=1 1x, https:\/\/i0.wp.com\/oui-oui.es\/blog\/wp-content\/uploads\/Oui-Oui-puerta-ratoncito-P%C3%A9rez-Orgullo-Gay.jpg?resize=525%2C300&ssl=1 1.5x"},"classes":[]},{"id":10003,"url":"https:\/\/oui-oui.es\/blog\/la-puerta-del-ratoncito-perez-de-friends\/","url_meta":{"origin":4397,"position":5},"title":"La puerta del ratoncito P\u00e9rez de Friends","author":"Mar\u00eda \u2665Oui Oui\u2665","date":"22 julio, 2019","format":false,"excerpt":"Soy s\u00faper fan de Friends, recuerdo cuando me descubri\u00f3 la serie mi amigo Miguel en el instituto y c\u00f3mo me enganch\u00e9 a verla a medio d\u00eda y luego la vi durante a\u00f1os como plan cuando nos qued\u00e1bamos en casa. Me llev\u00e9 una decepci\u00f3n cuando fui a New York y descubr\u00ed\u2026","rel":"","context":"En \u00abA un hombre\/ novio\/ marido\/ padre\u00bb","block_context":{"text":"A un hombre\/ novio\/ marido\/ padre","link":"https:\/\/oui-oui.es\/blog\/category\/no-se-que-regalar\/a-un-hombrenoviomaridopadre\/"},"img":{"alt_text":"","src":"https:\/\/i0.wp.com\/oui-oui.es\/blog\/wp-content\/uploads\/2019\/07\/Oui-Oui-puerta-ratoncito-perez-friends.-friends-door-puerta-friends-miniatura-puerta-friends.jpg?resize=350%2C200&ssl=1","width":350,"height":200,"srcset":"https:\/\/i0.wp.com\/oui-oui.es\/blog\/wp-content\/uploads\/2019\/07\/Oui-Oui-puerta-ratoncito-perez-friends.-friends-door-puerta-friends-miniatura-puerta-friends.jpg?resize=350%2C200&ssl=1 1x, https:\/\/i0.wp.com\/oui-oui.es\/blog\/wp-content\/uploads\/2019\/07\/Oui-Oui-puerta-ratoncito-perez-friends.-friends-door-puerta-friends-miniatura-puerta-friends.jpg?resize=525%2C300&ssl=1 1.5x, https:\/\/i0.wp.com\/oui-oui.es\/blog\/wp-content\/uploads\/2019\/07\/Oui-Oui-puerta-ratoncito-perez-friends.-friends-door-puerta-friends-miniatura-puerta-friends.jpg?resize=700%2C400&ssl=1 2x, https:\/\/i0.wp.com\/oui-oui.es\/blog\/wp-content\/uploads\/2019\/07\/Oui-Oui-puerta-ratoncito-perez-friends.-friends-door-puerta-friends-miniatura-puerta-friends.jpg?resize=1050%2C600&ssl=1 3x, https:\/\/i0.wp.com\/oui-oui.es\/blog\/wp-content\/uploads\/2019\/07\/Oui-Oui-puerta-ratoncito-perez-friends.-friends-door-puerta-friends-miniatura-puerta-friends.jpg?resize=1400%2C800&ssl=1 4x"},"classes":[]}],"_links":{"self":[{"href":"https:\/\/oui-oui.es\/blog\/wp-json\/wp\/v2\/posts\/4397","targetHints":{"allow":["GET"]}}],"collection":[{"href":"https:\/\/oui-oui.es\/blog\/wp-json\/wp\/v2\/posts"}],"about":[{"href":"https:\/\/oui-oui.es\/blog\/wp-json\/wp\/v2\/types\/post"}],"author":[{"embeddable":true,"href":"https:\/\/oui-oui.es\/blog\/wp-json\/wp\/v2\/users\/1"}],"replies":[{"embeddable":true,"href":"https:\/\/oui-oui.es\/blog\/wp-json\/wp\/v2\/comments?post=4397"}],"version-history":[{"count":1,"href":"https:\/\/oui-oui.es\/blog\/wp-json\/wp\/v2\/posts\/4397\/revisions"}],"predecessor-version":[{"id":4408,"href":"https:\/\/oui-oui.es\/blog\/wp-json\/wp\/v2\/posts\/4397\/revisions\/4408"}],"wp:featuredmedia":[{"embeddable":true,"href":"https:\/\/oui-oui.es\/blog\/wp-json\/wp\/v2\/media\/4403"}],"wp:attachment":[{"href":"https:\/\/oui-oui.es\/blog\/wp-json\/wp\/v2\/media?parent=4397"}],"wp:term":[{"taxonomy":"category","embeddable":true,"href":"https:\/\/oui-oui.es\/blog\/wp-json\/wp\/v2\/categories?post=4397"},{"taxonomy":"post_tag","embeddable":true,"href":"https:\/\/oui-oui.es\/blog\/wp-json\/wp\/v2\/tags?post=4397"}],"curies":[{"name":"wp","href":"https:\/\/api.w.org\/{rel}","templated":true}]}}