{"id":4418,"date":"2016-06-08T00:15:19","date_gmt":"2016-06-07T22:15:19","guid":{"rendered":"https:\/\/oui-oui.es\/blog\/?p=4418"},"modified":"2016-06-03T18:47:31","modified_gmt":"2016-06-03T16:47:31","slug":"restaurantes-que-tachar-en-junio","status":"publish","type":"post","link":"https:\/\/oui-oui.es\/blog\/restaurantes-que-tachar-en-junio\/","title":{"rendered":"Restaurantes que tachar en junio"},"content":{"rendered":"<p>Los restaurantes de este mes van a estar dedicados al <strong>Barrio de las Letras<\/strong>, como os contaba ayer, participaremos en <strong>DecorAcci\u00f3n<\/strong> y me gusta (en la medida de lo posible porque con los horarios del stand es complicado) aprovechar para tachar esos sitios que tengo pendiente por la zona y que me suele costar m\u00e1s ir al pillarme a desmano habitualmente, pero si pudiera comer o cenar fuera estos pr\u00f3ximos d\u00edas lo har\u00eda en:<\/p>\n<p><a href=\"http:\/\/www.cutzamalamexfood.com\/\" target=\"_blank\"><span style=\"text-decoration: underline;\"><strong>Cuztamala<\/strong><\/span><\/a>: un <strong>mexican<\/strong> de comida casera tradicional dentro del<strong> mercado de Ant\u00f3n Mart\u00edn<\/strong> (<span class=\"_Xbe\">Calle de Santa Isabel, 5<\/span>) les sigo en Instagram y cada d\u00eda me tientan m\u00e1s con sus platos, este mercado de toda la vida est\u00e1 viviendo una gran revoluci\u00f3n gastron\u00f3mica que no hay que perderse! Tlf:<span class=\"_Xbe kno-fv\"><a class=\"fl r-i1GRqQFfMlCE\" title=\"Llamar a trav\u00e9s de Hangouts\" data-number=\"+34638921528\" data-pstn-out-call-url=\"\" data-rtid=\"i1GRqQFfMlCE\" data-ved=\"0ahUKEwjDhbPnoYzNAhXJ2RoKHTCQBIwQkAgIjQEwFA\">638 92 15 28<\/a><\/span><\/p>\n<p><img loading=\"lazy\" decoding=\"async\" class=\"aligncenter size-full wp-image-4423\" src=\"https:\/\/oui-oui.es\/blog\/wp-content\/uploads\/2016\/06\/Oui-Oui-restaurantes-tachar-junio-mercado-anton-martin-cutzamala.jpg\" alt=\"Oui Oui-restaurantes tachar junio-mercado anton martin-cutzamala\" width=\"550\" height=\"413\" srcset=\"https:\/\/oui-oui.es\/blog\/wp-content\/uploads\/2016\/06\/Oui-Oui-restaurantes-tachar-junio-mercado-anton-martin-cutzamala.jpg 550w, https:\/\/oui-oui.es\/blog\/wp-content\/uploads\/2016\/06\/Oui-Oui-restaurantes-tachar-junio-mercado-anton-martin-cutzamala-300x225.jpg 300w\" sizes=\"auto, (max-width: 550px) 100vw, 550px\" \/><\/p>\n<p><a href=\"http:\/\/bunsandbones.com\" target=\"_blank\"><strong>Buns and bones<\/strong><\/a>: tambi\u00e9n dentro del mercado de Ant\u00f3n Mart\u00edn, como ellos mismos defines; es un r<span class=\"_N1d\" data-ved=\"0ahUKEwjdtMW2n4zNAhWG1BoKHb53BrcQrTUIjAEoADAO\">inc\u00f3n de sabores del mundo que ofrece platos a la parrilla y buns de estilo oriental con distintos rellenos, me veo aqu\u00ed cenando un d\u00eda porque adem\u00e1s abren hasta la 1 de la ma\u00f1ana! <strong>Tlf:<\/strong> <span class=\"_Xbe kno-fv\"><a class=\"fl r-iJu0xszJ9qTM\" title=\"Llamar a trav\u00e9s de Hangouts\" data-number=\"+34810521705\" data-pstn-out-call-url=\"\" data-rtid=\"iJu0xszJ9qTM\" data-ved=\"0ahUKEwjdtMW2n4zNAhWG1BoKHb53BrcQkAgIkQEwEA\">810 52 17 05<\/a><\/span><\/span><\/p>\n<p><img loading=\"lazy\" decoding=\"async\" class=\"aligncenter size-full wp-image-4422\" src=\"https:\/\/oui-oui.es\/blog\/wp-content\/uploads\/2016\/06\/Oui-Oui-restaurantes-tachar-junio-mercado-anton-martin-buns-and-bones.jpg\" alt=\"Oui Oui-restaurantes tachar junio-mercado anton martin-buns and bones\" width=\"900\" height=\"600\" srcset=\"https:\/\/oui-oui.es\/blog\/wp-content\/uploads\/2016\/06\/Oui-Oui-restaurantes-tachar-junio-mercado-anton-martin-buns-and-bones.jpg 900w, https:\/\/oui-oui.es\/blog\/wp-content\/uploads\/2016\/06\/Oui-Oui-restaurantes-tachar-junio-mercado-anton-martin-buns-and-bones-300x200.jpg 300w, https:\/\/oui-oui.es\/blog\/wp-content\/uploads\/2016\/06\/Oui-Oui-restaurantes-tachar-junio-mercado-anton-martin-buns-and-bones-768x512.jpg 768w, https:\/\/oui-oui.es\/blog\/wp-content\/uploads\/2016\/06\/Oui-Oui-restaurantes-tachar-junio-mercado-anton-martin-buns-and-bones-600x400.jpg 600w\" sizes=\"auto, (max-width: 900px) 100vw, 900px\" \/><\/p>\n<p>&nbsp;<\/p>\n<p><a href=\"http:\/\/www.umiko.es\/\" target=\"_blank\"><strong>Umiko:<\/strong><\/a> no s\u00e9 qu\u00e9 me pasa con este <strong>japo fusi\u00f3n<\/strong>, he intentado ir ya como cuatro veces y siempre ocurre algo que lo impide (por m\u00ed, no por ellos), as\u00ed que sin duda me dar\u00eda aqu\u00ed una cena homenaje de viernes!. Su cuenta de Instagram tambi\u00e9n es digna de seguir!. <strong>\u00bfD\u00f3nde?:<\/strong> C\/Los Madrazo,18 <strong>Tlf:<\/strong> <span class=\"_Xbe kno-fv\"><a class=\"fl r-ir_h01DzkBF0\" title=\"Llamar a trav\u00e9s de Hangouts\" data-number=\"+34914938706\" data-pstn-out-call-url=\"\" data-rtid=\"ir_h01DzkBF0\" data-ved=\"0ahUKEwjFgvzIo4zNAhVBXBoKHRk-AcUQkAgIlwEwEA\">914 93 87 06<\/a><\/span><\/p>\n<p><img loading=\"lazy\" decoding=\"async\" class=\"aligncenter size-full wp-image-4424\" src=\"https:\/\/oui-oui.es\/blog\/wp-content\/uploads\/2016\/06\/Oui-Oui-restaurantes-tachar-junio-las-cortes-japon\u00e9s-fusi\u00f3n-umiko.jpg\" alt=\"Oui Oui-restaurantes tachar junio-las cortes-japon\u00e9s fusi\u00f3n-umiko\" width=\"960\" height=\"720\" srcset=\"https:\/\/oui-oui.es\/blog\/wp-content\/uploads\/2016\/06\/Oui-Oui-restaurantes-tachar-junio-las-cortes-japon\u00e9s-fusi\u00f3n-umiko.jpg 960w, https:\/\/oui-oui.es\/blog\/wp-content\/uploads\/2016\/06\/Oui-Oui-restaurantes-tachar-junio-las-cortes-japon\u00e9s-fusi\u00f3n-umiko-300x225.jpg 300w, https:\/\/oui-oui.es\/blog\/wp-content\/uploads\/2016\/06\/Oui-Oui-restaurantes-tachar-junio-las-cortes-japon\u00e9s-fusi\u00f3n-umiko-768x576.jpg 768w, https:\/\/oui-oui.es\/blog\/wp-content\/uploads\/2016\/06\/Oui-Oui-restaurantes-tachar-junio-las-cortes-japon\u00e9s-fusi\u00f3n-umiko-600x450.jpg 600w\" sizes=\"auto, (max-width: 960px) 100vw, 960px\" \/><\/p>\n<p><strong><a href=\"http:\/\/www.theprincipalmadridhotel.com\/es\/food-drink\/la-terraza\/\" target=\"_blank\">The Principal:<\/a><\/strong> nos merecemos una cena de verano, pero como sigue siendo complicado con un beb\u00e9 (no voy a renunciar a salir a cenar con Frida en el carrito, pero creo que \u00e9ste no es el sitio) de momento me conformar\u00e9 con ir a tomar algo a media tarde, el caso es que hay que ir!<\/p>\n<p><img loading=\"lazy\" decoding=\"async\" class=\"aligncenter size-large wp-image-4425\" src=\"https:\/\/oui-oui.es\/blog\/wp-content\/uploads\/2016\/06\/Oui-Oui-restaurantes-tachar-junio-terraza-the-principal-desayuno-terraza-madrid-1024x477.jpg\" alt=\"Oui Oui-restaurantes tachar junio-terraza the principal-desayuno terraza madrid\" width=\"1024\" height=\"477\" srcset=\"https:\/\/oui-oui.es\/blog\/wp-content\/uploads\/2016\/06\/Oui-Oui-restaurantes-tachar-junio-terraza-the-principal-desayuno-terraza-madrid-1024x477.jpg 1024w, https:\/\/oui-oui.es\/blog\/wp-content\/uploads\/2016\/06\/Oui-Oui-restaurantes-tachar-junio-terraza-the-principal-desayuno-terraza-madrid-300x140.jpg 300w, https:\/\/oui-oui.es\/blog\/wp-content\/uploads\/2016\/06\/Oui-Oui-restaurantes-tachar-junio-terraza-the-principal-desayuno-terraza-madrid-768x358.jpg 768w, https:\/\/oui-oui.es\/blog\/wp-content\/uploads\/2016\/06\/Oui-Oui-restaurantes-tachar-junio-terraza-the-principal-desayuno-terraza-madrid-600x280.jpg 600w, https:\/\/oui-oui.es\/blog\/wp-content\/uploads\/2016\/06\/Oui-Oui-restaurantes-tachar-junio-terraza-the-principal-desayuno-terraza-madrid.jpg 1600w\" sizes=\"auto, (max-width: 1024px) 100vw, 1024px\" \/><\/p>\n<p><strong>\u00bfD\u00f3nde?<\/strong>;\u00a0 <span class=\"_Xbe\">Calle Marqu\u00e9s de Valdeiglesias, 1<\/span><\/p>\n<p><strong>Tlf:<\/strong><span class=\"_Xbe kno-fv\"><a class=\"fl r-iMPHgp3LtD_A\" title=\"Llamar a trav\u00e9s de Hangouts\" data-number=\"+34915218743\" data-pstn-out-call-url=\"\" data-rtid=\"iMPHgp3LtD_A\" data-ved=\"0ahUKEwjdi4fypIzNAhXE0hoKHZtdATMQkAgImgEwEA\">91 521 87 43<\/a><\/span><\/p>\n","protected":false},"excerpt":{"rendered":"<p>Los restaurantes de este mes van a estar dedicados al Barrio de las Letras, como os contaba ayer, participaremos en DecorAcci\u00f3n y me gusta (en la medida de lo posible porque con los horarios del stand es complicado) aprovechar para tachar esos sitios que tengo pendiente por la zona y que me suele costar m\u00e1s [&hellip;]<\/p>\n","protected":false},"author":1,"featured_media":4422,"comment_status":"open","ping_status":"open","sticky":false,"template":"","format":"standard","meta":{"jetpack_post_was_ever_published":false,"_jetpack_newsletter_access":"","_jetpack_dont_email_post_to_subs":false,"_jetpack_newsletter_tier_id":0,"_jetpack_memberships_contains_paywalled_content":false,"_jetpack_memberships_contains_paid_content":false,"footnotes":"","jetpack_publicize_message":"","jetpack_publicize_feature_enabled":true,"jetpack_social_post_already_shared":true,"jetpack_social_options":{"image_generator_settings":{"template":"highway","default_image_id":0,"font":"","enabled":false},"version":2}},"categories":[177,769],"tags":[736],"class_list":["post-4418","post","type-post","status-publish","format-standard","has-post-thumbnail","hentry","category-lifestyle-2","category-la-guia-de-maria","tag-restaurantes"],"aioseo_notices":[],"jetpack_publicize_connections":[],"jetpack_featured_media_url":"https:\/\/oui-oui.es\/blog\/wp-content\/uploads\/2016\/06\/Oui-Oui-restaurantes-tachar-junio-mercado-anton-martin-buns-and-bones.jpg","jetpack_sharing_enabled":true,"jetpack-related-posts":[{"id":3682,"url":"https:\/\/oui-oui.es\/blog\/restaurantes-a-tachar-en-noviembre\/","url_meta":{"origin":4418,"position":0},"title":"Restaurantes a tachar en noviembre","author":"Mar\u00eda \u2665Oui Oui\u2665","date":"6 noviembre, 2015","format":false,"excerpt":"Primer viernes de mes y encima cae en puente (para los madrile\u00f1os), as\u00ed que m\u00e1s f\u00e1cil a\u00fan tachar algunas de las propuestas de restaurantes para este mes; he inclu\u00eddo algunos antiguos (decir eso en Madrid significa que igual lleva ya m\u00e1s de seis meses abierto...) para obligarme a tacharlos y\u2026","rel":"","context":"En \u00abESTILO DE VIDA\u00bb","block_context":{"text":"ESTILO DE VIDA","link":"https:\/\/oui-oui.es\/blog\/category\/lifestyle-2\/"},"img":{"alt_text":"","src":"https:\/\/i0.wp.com\/oui-oui.es\/blog\/wp-content\/uploads\/2015\/11\/Oui-Oui-do%C3%B1a-tecla-terraza-de-invierno.jpg?resize=350%2C200&ssl=1","width":350,"height":200,"srcset":"https:\/\/i0.wp.com\/oui-oui.es\/blog\/wp-content\/uploads\/2015\/11\/Oui-Oui-do%C3%B1a-tecla-terraza-de-invierno.jpg?resize=350%2C200&ssl=1 1x, https:\/\/i0.wp.com\/oui-oui.es\/blog\/wp-content\/uploads\/2015\/11\/Oui-Oui-do%C3%B1a-tecla-terraza-de-invierno.jpg?resize=525%2C300&ssl=1 1.5x"},"classes":[]},{"id":4048,"url":"https:\/\/oui-oui.es\/blog\/restaurantes-que-tachar-en-febrero\/","url_meta":{"origin":4418,"position":1},"title":"Restaurantes que tachar en Febrero","author":"Mar\u00eda \u2665Oui Oui\u2665","date":"9 febrero, 2016","format":false,"excerpt":"Est\u00e1 claro que febrero no ser\u00e1 un mes f\u00e1cil para tachar restaurantes, me quedan unos diez d\u00edas como m\u00e1ximo para dar a luz y no s\u00e9 como nos apa\u00f1aremos siendo cuatro en casa, con la lactancia, el cansancio, etc...Pero a\u00fan as\u00ed, os dejo la lista para que pod\u00e1is tacharlos vosotros!\u2026","rel":"","context":"En \u00abESTILO DE VIDA\u00bb","block_context":{"text":"ESTILO DE VIDA","link":"https:\/\/oui-oui.es\/blog\/category\/lifestyle-2\/"},"img":{"alt_text":"","src":"https:\/\/i0.wp.com\/oui-oui.es\/blog\/wp-content\/uploads\/2016\/02\/Oui-Oui-floren-domezain-restaurante-lechuga.jpg?resize=350%2C200&ssl=1","width":350,"height":200,"srcset":"https:\/\/i0.wp.com\/oui-oui.es\/blog\/wp-content\/uploads\/2016\/02\/Oui-Oui-floren-domezain-restaurante-lechuga.jpg?resize=350%2C200&ssl=1 1x, https:\/\/i0.wp.com\/oui-oui.es\/blog\/wp-content\/uploads\/2016\/02\/Oui-Oui-floren-domezain-restaurante-lechuga.jpg?resize=525%2C300&ssl=1 1.5x"},"classes":[]},{"id":4255,"url":"https:\/\/oui-oui.es\/blog\/restaurantes-que-tachar-en-mayo\/","url_meta":{"origin":4418,"position":2},"title":"Restaurantes que tachar en mayo","author":"Mar\u00eda \u2665Oui Oui\u2665","date":"4 mayo, 2016","format":false,"excerpt":"Llevaba desaparecida desde febrero en lo que a restaurantes a tachar se refiere, pero no pod\u00eda demorarlo m\u00e1s, as\u00ed que aqu\u00ed va mi propuesta para este mes El invernadero de los Pe\u00f1otes Es el primero de la lista porque all\u00ed es donde comimos el d\u00eda de la Madre, mi primer\u2026","rel":"","context":"En \u00abESTILO DE VIDA\u00bb","block_context":{"text":"ESTILO DE VIDA","link":"https:\/\/oui-oui.es\/blog\/category\/lifestyle-2\/"},"img":{"alt_text":"","src":"https:\/\/i0.wp.com\/oui-oui.es\/blog\/wp-content\/uploads\/2016\/04\/Oui-Oui-restaurantes-tachar-mayo-invernadero-los-pe%C3%B1otes.jpg?resize=350%2C200&ssl=1","width":350,"height":200,"srcset":"https:\/\/i0.wp.com\/oui-oui.es\/blog\/wp-content\/uploads\/2016\/04\/Oui-Oui-restaurantes-tachar-mayo-invernadero-los-pe%C3%B1otes.jpg?resize=350%2C200&ssl=1 1x, https:\/\/i0.wp.com\/oui-oui.es\/blog\/wp-content\/uploads\/2016\/04\/Oui-Oui-restaurantes-tachar-mayo-invernadero-los-pe%C3%B1otes.jpg?resize=525%2C300&ssl=1 1.5x, https:\/\/i0.wp.com\/oui-oui.es\/blog\/wp-content\/uploads\/2016\/04\/Oui-Oui-restaurantes-tachar-mayo-invernadero-los-pe%C3%B1otes.jpg?resize=700%2C400&ssl=1 2x"},"classes":[]},{"id":3897,"url":"https:\/\/oui-oui.es\/blog\/restaurantes-que-tachar-en-diciembre\/","url_meta":{"origin":4418,"position":3},"title":"Restaurantes que tachar en diciembre","author":"Mar\u00eda \u2665Oui Oui\u2665","date":"18 diciembre, 2015","format":false,"excerpt":"Es momento de cenas navide\u00f1as, si no has reservado ya en los sitios m\u00e1s de moda ser\u00e1 dif\u00edcil encontrar mesa, pero aqu\u00ed va mi selecci\u00f3n...Empezando por donde cenamos antes de ayer ;) La Vaquer\u00eda Monta\u00f1esa En el antiguo local de la Vaquer\u00eda Suiza se sit\u00faa la \u00faltima propuesta gastron\u00f3mica del\u2026","rel":"","context":"En \u00abESTILO DE VIDA\u00bb","block_context":{"text":"ESTILO DE VIDA","link":"https:\/\/oui-oui.es\/blog\/category\/lifestyle-2\/"},"img":{"alt_text":"","src":"https:\/\/i0.wp.com\/oui-oui.es\/blog\/wp-content\/uploads\/2015\/12\/Oui-Oui-restaurantes-tachar-diciembre-la-vaqueria-monta%C3%B1esa.jpg?resize=350%2C200&ssl=1","width":350,"height":200,"srcset":"https:\/\/i0.wp.com\/oui-oui.es\/blog\/wp-content\/uploads\/2015\/12\/Oui-Oui-restaurantes-tachar-diciembre-la-vaqueria-monta%C3%B1esa.jpg?resize=350%2C200&ssl=1 1x, https:\/\/i0.wp.com\/oui-oui.es\/blog\/wp-content\/uploads\/2015\/12\/Oui-Oui-restaurantes-tachar-diciembre-la-vaqueria-monta%C3%B1esa.jpg?resize=525%2C300&ssl=1 1.5x"},"classes":[]},{"id":3451,"url":"https:\/\/oui-oui.es\/blog\/restaurantes-que-tachar-en-octubre\/","url_meta":{"origin":4418,"position":4},"title":"Restaurantes que tachar en octubre","author":"Mar\u00eda \u2665Oui Oui\u2665","date":"7 octubre, 2015","format":false,"excerpt":"\u00a0 Empezamos mes y con \u00e9l tengo que actualizar mi lista de restaurantes a los que ir, ya hice la lista de septiembre y estoy content\u00edsima porque pude tachar muchos, aunque a\u00fan tengo pendientes La Pagoda, Chuka Ramen, La Chamartina y\u00a0 la terraza de Dear Hotel (el primer d\u00eda con\u2026","rel":"","context":"En \u00abESTILO DE VIDA\u00bb","block_context":{"text":"ESTILO DE VIDA","link":"https:\/\/oui-oui.es\/blog\/category\/lifestyle-2\/"},"img":{"alt_text":"","src":"https:\/\/i0.wp.com\/oui-oui.es\/blog\/wp-content\/uploads\/2015\/10\/Oui-Oui-kilometros-de-pizza-las-tablas-restaurantes-con-ni%C3%B1os-pizza-boquerones-en-vinagre.jpg?resize=350%2C200&ssl=1","width":350,"height":200,"srcset":"https:\/\/i0.wp.com\/oui-oui.es\/blog\/wp-content\/uploads\/2015\/10\/Oui-Oui-kilometros-de-pizza-las-tablas-restaurantes-con-ni%C3%B1os-pizza-boquerones-en-vinagre.jpg?resize=350%2C200&ssl=1 1x, https:\/\/i0.wp.com\/oui-oui.es\/blog\/wp-content\/uploads\/2015\/10\/Oui-Oui-kilometros-de-pizza-las-tablas-restaurantes-con-ni%C3%B1os-pizza-boquerones-en-vinagre.jpg?resize=525%2C300&ssl=1 1.5x, https:\/\/i0.wp.com\/oui-oui.es\/blog\/wp-content\/uploads\/2015\/10\/Oui-Oui-kilometros-de-pizza-las-tablas-restaurantes-con-ni%C3%B1os-pizza-boquerones-en-vinagre.jpg?resize=700%2C400&ssl=1 2x"},"classes":[]},{"id":4960,"url":"https:\/\/oui-oui.es\/blog\/restaurantes-que-tachar-en-diciembre-2\/","url_meta":{"origin":4418,"position":5},"title":"Restaurantes que tachar en diciembre","author":"Mar\u00eda \u2665Oui Oui\u2665","date":"2 diciembre, 2016","format":false,"excerpt":"Tengo esta secci\u00f3n un poco abandonada, b\u00e1sicamente por falta de tiempo y porque \u00e9sta ha hecho que salga menos a comer por ah\u00ed, pero no quiero despedir el a\u00f1o, ni empezar diciembre (mes de las cenas y comidas fuera por excelencia) sin dejar, al menos plasmados, todos los restaurantes que\u2026","rel":"","context":"En \u00abLA GU\u00cdA DE MAR\u00cdA\u00bb","block_context":{"text":"LA GU\u00cdA DE MAR\u00cdA","link":"https:\/\/oui-oui.es\/blog\/category\/la-guia-de-maria\/"},"img":{"alt_text":"","src":"https:\/\/i0.wp.com\/oui-oui.es\/blog\/wp-content\/uploads\/2016\/12\/Oui-Oui-duck-and-sushi-restaurantes-cuzco-restaurantes-calle-orense-restaurantes-plaza-castilla.jpg?resize=350%2C200&ssl=1","width":350,"height":200,"srcset":"https:\/\/i0.wp.com\/oui-oui.es\/blog\/wp-content\/uploads\/2016\/12\/Oui-Oui-duck-and-sushi-restaurantes-cuzco-restaurantes-calle-orense-restaurantes-plaza-castilla.jpg?resize=350%2C200&ssl=1 1x, https:\/\/i0.wp.com\/oui-oui.es\/blog\/wp-content\/uploads\/2016\/12\/Oui-Oui-duck-and-sushi-restaurantes-cuzco-restaurantes-calle-orense-restaurantes-plaza-castilla.jpg?resize=525%2C300&ssl=1 1.5x"},"classes":[]}],"_links":{"self":[{"href":"https:\/\/oui-oui.es\/blog\/wp-json\/wp\/v2\/posts\/4418","targetHints":{"allow":["GET"]}}],"collection":[{"href":"https:\/\/oui-oui.es\/blog\/wp-json\/wp\/v2\/posts"}],"about":[{"href":"https:\/\/oui-oui.es\/blog\/wp-json\/wp\/v2\/types\/post"}],"author":[{"embeddable":true,"href":"https:\/\/oui-oui.es\/blog\/wp-json\/wp\/v2\/users\/1"}],"replies":[{"embeddable":true,"href":"https:\/\/oui-oui.es\/blog\/wp-json\/wp\/v2\/comments?post=4418"}],"version-history":[{"count":2,"href":"https:\/\/oui-oui.es\/blog\/wp-json\/wp\/v2\/posts\/4418\/revisions"}],"predecessor-version":[{"id":4426,"href":"https:\/\/oui-oui.es\/blog\/wp-json\/wp\/v2\/posts\/4418\/revisions\/4426"}],"wp:featuredmedia":[{"embeddable":true,"href":"https:\/\/oui-oui.es\/blog\/wp-json\/wp\/v2\/media\/4422"}],"wp:attachment":[{"href":"https:\/\/oui-oui.es\/blog\/wp-json\/wp\/v2\/media?parent=4418"}],"wp:term":[{"taxonomy":"category","embeddable":true,"href":"https:\/\/oui-oui.es\/blog\/wp-json\/wp\/v2\/categories?post=4418"},{"taxonomy":"post_tag","embeddable":true,"href":"https:\/\/oui-oui.es\/blog\/wp-json\/wp\/v2\/tags?post=4418"}],"curies":[{"name":"wp","href":"https:\/\/api.w.org\/{rel}","templated":true}]}}