{"id":442,"date":"2013-01-15T19:34:45","date_gmt":"2013-01-15T18:34:45","guid":{"rendered":"http:\/\/ouiouiblog.wordpress.com\/?p=441"},"modified":"2015-09-03T11:30:52","modified_gmt":"2015-09-03T09:30:52","slug":"3-cosas-buenas-de-hoy","status":"publish","type":"post","link":"https:\/\/oui-oui.es\/blog\/3-cosas-buenas-de-hoy\/","title":{"rendered":"3 cosas buenas de hoy"},"content":{"rendered":"<p style=\"text-align: center;\"><a href=\"https:\/\/oui-oui.es\/blog\/wp-content\/uploads\/oui-oui-blog-3-cosas-buenas-hoy-optimismo-1.jpg\"><img loading=\"lazy\" decoding=\"async\" class=\"aligncenter size-full wp-image-442\" src=\"https:\/\/oui-oui.es\/blog\/wp-content\/uploads\/oui-oui-blog-3-cosas-buenas-hoy-optimismo-1.jpg\" alt=\"Oui Oui blog-3 cosas buenas hoy-optimismo (1)\" width=\"323\" height=\"500\" \/><\/a><\/p>\n<p style=\"text-align: center;\">El post de hoy va con retraso pero llega!!Lo voy a dedicar a una idea\/movimiento que surgi\u00f3 ayer en <a href=\"https:\/\/twitter.com\/OuiOuiDetalles\" target=\"_blank\">Twitter<\/a> a ra\u00edz de la propuesta de <a href=\"http:\/\/www.marketingguerrilla.es\/3-cosas-buenas-hoy\/\" target=\"_blank\">Carlos Bravo<\/a> y que adem\u00e1s de gustarme mucho me he planteado hacer como <strong>ejercicio diario<\/strong>, porque sirve para <strong>PARAR unos minutos y reflexionar sobre lo BUENO que tenemos<\/strong>, que aunque en estos momentos parezca que no es mucho al pararte esos minutos te das cuenta de que hay m\u00e1s cosas buenas en las que pensar en lugar de dejarte hundir por las malas.<\/p>\n<p style=\"text-align: center;\"><a href=\"https:\/\/oui-oui.es\/blog\/wp-content\/uploads\/oui-oui-blog-3-cosas-buenas-hoy-optimismo-3.jpg\"><img loading=\"lazy\" decoding=\"async\" class=\"aligncenter size-full wp-image-444\" src=\"https:\/\/oui-oui.es\/blog\/wp-content\/uploads\/oui-oui-blog-3-cosas-buenas-hoy-optimismo-3.jpg\" alt=\"Oui Oui blog-3 cosas buenas hoy-optimismo (3)\" width=\"510\" height=\"744\" \/><\/a><\/p>\n<p style=\"text-align: center;\">Carlos propon\u00eda decir <strong>3 cosas buenas de hoy<\/strong>, puedes ser laborales, de familia, personales, deportivas&#8230;Si necesitas un poco de <strong>optimismo<\/strong> mira <strong><a href=\"https:\/\/twitter.com\/search?q=%233cbh&amp;src=typd\" target=\"_blank\">aqu\u00ed <\/a><\/strong>(aunque algunas dan un poco de envidia, como <strong>una que se tom\u00f3 un brownie de postre<\/strong> \ud83d\ude09 ) y ver\u00e1s que de cosas buenas pasan al d\u00eda sin que nos percatemos, dando por hecho que son rutina.<\/p>\n<p style=\"text-align: center;\"><a href=\"https:\/\/oui-oui.es\/blog\/wp-content\/uploads\/oui-oui-blog-3-cosas-buenas-hoy-optimismo-2.jpg\"><img loading=\"lazy\" decoding=\"async\" class=\"aligncenter size-full wp-image-443\" src=\"https:\/\/oui-oui.es\/blog\/wp-content\/uploads\/oui-oui-blog-3-cosas-buenas-hoy-optimismo-2.jpg\" alt=\"Oui Oui blog-3 cosas buenas hoy-optimismo (2)\" width=\"529\" height=\"529\" \/><\/a><\/p>\n<p style=\"text-align: center;\"><a href=\"https:\/\/twitter.com\/OuiOuiDetalles\" target=\"_blank\">Yo escrib\u00ed ayer<\/a> <strong>mis tres cosas buenas del d\u00eda<\/strong> y esta noche pienso hacer lo mismo, puedes compartirlo en Twitter con el hasthag <a href=\"https:\/\/twitter.com\/search?q=%233cbh&amp;src=typd\" target=\"_blank\">#3cbh<\/a> o <strong>qued\u00e1rtelo como reflexi\u00f3n para t\u00ed<\/strong>, pero el mero hecho de PARAR a PENSARLAS seguro que genera un peque\u00f1o cambio de actitud.<\/p>\n<p style=\"text-align: center;\"><strong>Mis 3 cosas buenas de hoy han sido:<\/strong><\/p>\n<ol>\n<li style=\"text-align: center;\">Quitarme de encima varios recados al solete de Madrid<\/li>\n<li style=\"text-align: center;\">Hacerme con un alijo de revistas gracias a mi amiga S.<\/li>\n<li style=\"text-align: center;\">Desayunar en Petit Apetit, que ten\u00eda muchas ganas de conocer<\/li>\n<\/ol>\n<p style=\"text-align: center;\"><strong>\u00bfY las tuyas?<\/strong><\/p>\n<p style=\"text-align: center;\"><a href=\"https:\/\/oui-oui.es\/blog\/wp-content\/uploads\/oui-oui-blog-3-cosas-buenas-hoy-optimismo-4.jpg\"><img loading=\"lazy\" decoding=\"async\" class=\"aligncenter size-full wp-image-445\" src=\"https:\/\/oui-oui.es\/blog\/wp-content\/uploads\/oui-oui-blog-3-cosas-buenas-hoy-optimismo-4.jpg\" alt=\"Oui Oui blog-3 cosas buenas hoy-optimismo (4)\" width=\"500\" height=\"501\" \/><\/a><\/p>\n<p>&nbsp;<\/p>\n","protected":false},"excerpt":{"rendered":"<p>El post de hoy va con retraso pero llega!!Lo voy a dedicar a una idea\/movimiento que surgi\u00f3 ayer en Twitter a ra\u00edz de la propuesta de Carlos Bravo y que adem\u00e1s de gustarme mucho me he planteado hacer como ejercicio diario, porque sirve para PARAR unos minutos y reflexionar sobre lo BUENO que tenemos, que [&hellip;]<\/p>\n","protected":false},"author":1,"featured_media":3274,"comment_status":"open","ping_status":"open","sticky":false,"template":"","format":"standard","meta":{"jetpack_post_was_ever_published":false,"_jetpack_newsletter_access":"","_jetpack_dont_email_post_to_subs":false,"_jetpack_newsletter_tier_id":0,"_jetpack_memberships_contains_paywalled_content":false,"_jetpack_memberships_contains_paid_content":false,"footnotes":"","jetpack_publicize_message":"","jetpack_publicize_feature_enabled":true,"jetpack_social_post_already_shared":false,"jetpack_social_options":{"image_generator_settings":{"template":"highway","default_image_id":0,"font":"","enabled":false},"version":2}},"categories":[177],"tags":[],"class_list":["post-442","post","type-post","status-publish","format-standard","has-post-thumbnail","hentry","category-lifestyle-2"],"aioseo_notices":[],"jetpack_publicize_connections":[],"jetpack_featured_media_url":"https:\/\/oui-oui.es\/blog\/wp-content\/uploads\/2013\/01\/oui-oui-blog-3-cosas-buenas-hoy-optimismo-2.jpg","jetpack_sharing_enabled":true,"jetpack-related-posts":[{"id":5356,"url":"https:\/\/oui-oui.es\/blog\/mi-madre-me-enseno\/","url_meta":{"origin":442,"position":0},"title":"Mi madre me ense\u00f1\u00f3","author":"Mar\u00eda \u2665Oui Oui\u2665","date":"5 mayo, 2017","format":false,"excerpt":"Te das cuenta de que te haces mayor cuendo empiezas a utilizar frases de madre, de la tuya, especialmente cuando tienes hijos y empiezas a repetir algunas de las formas de decir las cosas. Pero eso tambi\u00e9n hace que aprecies las cosas que te ense\u00f1\u00f3 tu madre, o las que\u2026","rel":"","context":"En \u00abMATERNIDAD\u00bb","block_context":{"text":"MATERNIDAD","link":"https:\/\/oui-oui.es\/blog\/category\/maternidad\/"},"img":{"alt_text":"","src":"https:\/\/i0.wp.com\/oui-oui.es\/blog\/wp-content\/uploads\/2017\/05\/Oui-Oui-lo-que-me-ense%C3%B1%C3%B3-mi-madre.jpg?resize=350%2C200&ssl=1","width":350,"height":200,"srcset":"https:\/\/i0.wp.com\/oui-oui.es\/blog\/wp-content\/uploads\/2017\/05\/Oui-Oui-lo-que-me-ense%C3%B1%C3%B3-mi-madre.jpg?resize=350%2C200&ssl=1 1x, https:\/\/i0.wp.com\/oui-oui.es\/blog\/wp-content\/uploads\/2017\/05\/Oui-Oui-lo-que-me-ense%C3%B1%C3%B3-mi-madre.jpg?resize=525%2C300&ssl=1 1.5x, https:\/\/i0.wp.com\/oui-oui.es\/blog\/wp-content\/uploads\/2017\/05\/Oui-Oui-lo-que-me-ense%C3%B1%C3%B3-mi-madre.jpg?resize=700%2C400&ssl=1 2x, https:\/\/i0.wp.com\/oui-oui.es\/blog\/wp-content\/uploads\/2017\/05\/Oui-Oui-lo-que-me-ense%C3%B1%C3%B3-mi-madre.jpg?resize=1050%2C600&ssl=1 3x, https:\/\/i0.wp.com\/oui-oui.es\/blog\/wp-content\/uploads\/2017\/05\/Oui-Oui-lo-que-me-ense%C3%B1%C3%B3-mi-madre.jpg?resize=1400%2C800&ssl=1 4x"},"classes":[]},{"id":545,"url":"https:\/\/oui-oui.es\/blog\/the-wedding-lab\/","url_meta":{"origin":442,"position":1},"title":"The Wedding Lab","author":"Mar\u00eda \u2665Oui Oui\u2665","date":"1 marzo, 2013","format":false,"excerpt":"Como os coment\u00e9, ayer inauguraban The Wedding Lab , un espacio ef\u00edmero (pero que esperamos se repita cada a\u00f1o!) en el que encontrar diferentes propuestas para incorporar a tu boda. La presentaci\u00f3n fu\u00e9 en el Taller de Verde Pimienta al que me encantar\u00eda volver en un d\u00eda normal, pues el\u2026","rel":"","context":"En \u00abBoda\u00bb","block_context":{"text":"Boda","link":"https:\/\/oui-oui.es\/blog\/category\/fiestas-celebraciones\/boda\/"},"img":{"alt_text":"","src":"https:\/\/i0.wp.com\/oui-oui.es\/blog\/wp-content\/uploads\/the-wedding-lab-oui-oui.jpg?resize=350%2C200&ssl=1","width":350,"height":200},"classes":[]},{"id":8900,"url":"https:\/\/oui-oui.es\/blog\/libros-sobre-feminismo-yo-tambien-soy-machista-y-otras-cosas\/","url_meta":{"origin":442,"position":2},"title":"Libros sobre feminismo, yo tambi\u00e9n soy machista y otras cosas&#8230;","author":"Mar\u00eda \u2665Oui Oui\u2665","date":"8 marzo, 2018","format":false,"excerpt":"Si hubiera tenido tiempo esta semana hoy recibir\u00edas un post laaaargo sobre feminismo y, sobre lo que creo m\u00e1s importante, educar en el feminismo, que no es otra cosa que educar en la igualdad. Como no me da tiempo y soy feminista todos los d\u00edas, lo escribir\u00e9, posiblemente, en Semana\u2026","rel":"","context":"En \u00abMATERNIDAD\u00bb","block_context":{"text":"MATERNIDAD","link":"https:\/\/oui-oui.es\/blog\/category\/maternidad\/"},"img":{"alt_text":"","src":"https:\/\/i0.wp.com\/oui-oui.es\/blog\/wp-content\/uploads\/2018\/03\/Oui-Oui-libros-feminismo-como-educar-en-el-feminismo.jpg?resize=350%2C200&ssl=1","width":350,"height":200,"srcset":"https:\/\/i0.wp.com\/oui-oui.es\/blog\/wp-content\/uploads\/2018\/03\/Oui-Oui-libros-feminismo-como-educar-en-el-feminismo.jpg?resize=350%2C200&ssl=1 1x, https:\/\/i0.wp.com\/oui-oui.es\/blog\/wp-content\/uploads\/2018\/03\/Oui-Oui-libros-feminismo-como-educar-en-el-feminismo.jpg?resize=525%2C300&ssl=1 1.5x, https:\/\/i0.wp.com\/oui-oui.es\/blog\/wp-content\/uploads\/2018\/03\/Oui-Oui-libros-feminismo-como-educar-en-el-feminismo.jpg?resize=700%2C400&ssl=1 2x, https:\/\/i0.wp.com\/oui-oui.es\/blog\/wp-content\/uploads\/2018\/03\/Oui-Oui-libros-feminismo-como-educar-en-el-feminismo.jpg?resize=1050%2C600&ssl=1 3x, https:\/\/i0.wp.com\/oui-oui.es\/blog\/wp-content\/uploads\/2018\/03\/Oui-Oui-libros-feminismo-como-educar-en-el-feminismo.jpg?resize=1400%2C800&ssl=1 4x"},"classes":[]},{"id":4505,"url":"https:\/\/oui-oui.es\/blog\/3-cosas-que-comprare-en-las-rebajas-de-zara\/","url_meta":{"origin":442,"position":3},"title":"3 cosas que comprar\u00e9 en las rebajas de Zara","author":"Mar\u00eda \u2665Oui Oui\u2665","date":"22 junio, 2016","format":false,"excerpt":"Ten\u00eda que ir a cambiar una blusa en Zara y esta tarde encontr\u00e9 un huequito y me he encontrado con que ya hab\u00eda rebajas en muchas tiendas (menos en el Imprerio Inditex, por supuesto, que ellos siempre esperan al 1 de julio), as\u00ed que en Zara me he resistido a\u2026","rel":"","context":"En \u00abESTILO DE VIDA\u00bb","block_context":{"text":"ESTILO DE VIDA","link":"https:\/\/oui-oui.es\/blog\/category\/lifestyle-2\/"},"img":{"alt_text":"","src":"https:\/\/i0.wp.com\/oui-oui.es\/blog\/wp-content\/uploads\/2016\/06\/Oui-Oui-sombrero-canotier-multicolor-zara.jpg?resize=350%2C200&ssl=1","width":350,"height":200},"classes":[]},{"id":4625,"url":"https:\/\/oui-oui.es\/blog\/la-caja-de-la-calma-mindfulness-para-ninos\/","url_meta":{"origin":442,"position":4},"title":"La caja de la calma; mindfulness para ni\u00f1os","author":"Mar\u00eda \u2665Oui Oui\u2665","date":"11 julio, 2016","format":false,"excerpt":"Parece que \u00faltimamente s\u00f3lo escribo para proponer cosas que comprar, pero han llegado a m\u00ed tantas cosas chulas que \u00a1me es imposible no recomendarlas! y hoy os voy a hablar de la Caja m\u00e1gica de la calma, una gran idea de Hippy Kids Yoga para acercar el midfulness (ser consciente\u2026","rel":"","context":"En \u00abNI\u00d1OS Y NI\u00d1AS\u00bb","block_context":{"text":"NI\u00d1OS Y NI\u00d1AS","link":"https:\/\/oui-oui.es\/blog\/category\/ninos\/"},"img":{"alt_text":"","src":"https:\/\/i0.wp.com\/oui-oui.es\/blog\/wp-content\/uploads\/2016\/07\/Oui-Oui-caja-magica-de-la-calma-mindfulness-para-ni%C3%B1os-yoga-ni%C3%B1os-juego-relajante-ni%C3%B1os-4.jpg?resize=350%2C200&ssl=1","width":350,"height":200,"srcset":"https:\/\/i0.wp.com\/oui-oui.es\/blog\/wp-content\/uploads\/2016\/07\/Oui-Oui-caja-magica-de-la-calma-mindfulness-para-ni%C3%B1os-yoga-ni%C3%B1os-juego-relajante-ni%C3%B1os-4.jpg?resize=350%2C200&ssl=1 1x, https:\/\/i0.wp.com\/oui-oui.es\/blog\/wp-content\/uploads\/2016\/07\/Oui-Oui-caja-magica-de-la-calma-mindfulness-para-ni%C3%B1os-yoga-ni%C3%B1os-juego-relajante-ni%C3%B1os-4.jpg?resize=525%2C300&ssl=1 1.5x, https:\/\/i0.wp.com\/oui-oui.es\/blog\/wp-content\/uploads\/2016\/07\/Oui-Oui-caja-magica-de-la-calma-mindfulness-para-ni%C3%B1os-yoga-ni%C3%B1os-juego-relajante-ni%C3%B1os-4.jpg?resize=700%2C400&ssl=1 2x, https:\/\/i0.wp.com\/oui-oui.es\/blog\/wp-content\/uploads\/2016\/07\/Oui-Oui-caja-magica-de-la-calma-mindfulness-para-ni%C3%B1os-yoga-ni%C3%B1os-juego-relajante-ni%C3%B1os-4.jpg?resize=1050%2C600&ssl=1 3x"},"classes":[]},{"id":990,"url":"https:\/\/oui-oui.es\/blog\/bienvenido-movember\/","url_meta":{"origin":442,"position":5},"title":"Bienvenido Movember","author":"Mar\u00eda \u2665Oui Oui\u2665","date":"4 noviembre, 2013","format":false,"excerpt":"Ya sab\u00e9is lo que nos gusta en Oui Oui un moustache, as\u00ed que si podemos divertirnos con ellos y adem\u00e1s ayudar a una buena causa, mejor que mejor. \u00bfA\u00fan no sabes lo que es Movember?, pues te lo cuento, se trata de un evento anual en el que los chicos\u2026","rel":"","context":"En \u00abA un chico\u00bb","block_context":{"text":"A un chico","link":"https:\/\/oui-oui.es\/blog\/category\/no-se-que-regalar\/a-un-chico\/"},"img":{"alt_text":"","src":"https:\/\/i0.wp.com\/oui-oui.es\/blog\/wp-content\/uploads\/oui-oui-movember-tipos-de-bigote-moustache-cosas-con-forma-de-bigote-natalie-portaman-con-bigote.jpg?resize=350%2C200&ssl=1","width":350,"height":200},"classes":[]}],"_links":{"self":[{"href":"https:\/\/oui-oui.es\/blog\/wp-json\/wp\/v2\/posts\/442","targetHints":{"allow":["GET"]}}],"collection":[{"href":"https:\/\/oui-oui.es\/blog\/wp-json\/wp\/v2\/posts"}],"about":[{"href":"https:\/\/oui-oui.es\/blog\/wp-json\/wp\/v2\/types\/post"}],"author":[{"embeddable":true,"href":"https:\/\/oui-oui.es\/blog\/wp-json\/wp\/v2\/users\/1"}],"replies":[{"embeddable":true,"href":"https:\/\/oui-oui.es\/blog\/wp-json\/wp\/v2\/comments?post=442"}],"version-history":[{"count":1,"href":"https:\/\/oui-oui.es\/blog\/wp-json\/wp\/v2\/posts\/442\/revisions"}],"predecessor-version":[{"id":3275,"href":"https:\/\/oui-oui.es\/blog\/wp-json\/wp\/v2\/posts\/442\/revisions\/3275"}],"wp:featuredmedia":[{"embeddable":true,"href":"https:\/\/oui-oui.es\/blog\/wp-json\/wp\/v2\/media\/3274"}],"wp:attachment":[{"href":"https:\/\/oui-oui.es\/blog\/wp-json\/wp\/v2\/media?parent=442"}],"wp:term":[{"taxonomy":"category","embeddable":true,"href":"https:\/\/oui-oui.es\/blog\/wp-json\/wp\/v2\/categories?post=442"},{"taxonomy":"post_tag","embeddable":true,"href":"https:\/\/oui-oui.es\/blog\/wp-json\/wp\/v2\/tags?post=442"}],"curies":[{"name":"wp","href":"https:\/\/api.w.org\/{rel}","templated":true}]}}