{"id":4427,"date":"2016-06-09T00:15:53","date_gmt":"2016-06-08T22:15:53","guid":{"rendered":"https:\/\/oui-oui.es\/blog\/?p=4427"},"modified":"2016-06-03T19:21:29","modified_gmt":"2016-06-03T17:21:29","slug":"libro-de-recuerdos-del-bebe-si-o-no","status":"publish","type":"post","link":"https:\/\/oui-oui.es\/blog\/libro-de-recuerdos-del-bebe-si-o-no\/","title":{"rendered":"Libro de recuerdos del beb\u00e9 \u00bfsi o no?"},"content":{"rendered":"<p><a href=\"http:\/\/www.oui-oui.es\/para-embarazadas\/1132-libro-moments-baby.html\"><img loading=\"lazy\" decoding=\"async\" class=\"aligncenter size-full wp-image-4428\" src=\"https:\/\/oui-oui.es\/blog\/wp-content\/uploads\/2016\/06\/Oui-Oui-cuaderno-recuerdos-beb\u00e9-moments-baby-1.jpg\" alt=\"Oui Oui-cuaderno recuerdos beb\u00e9-moments baby (1)\" width=\"1000\" height=\"667\" srcset=\"https:\/\/oui-oui.es\/blog\/wp-content\/uploads\/2016\/06\/Oui-Oui-cuaderno-recuerdos-beb\u00e9-moments-baby-1.jpg 1000w, https:\/\/oui-oui.es\/blog\/wp-content\/uploads\/2016\/06\/Oui-Oui-cuaderno-recuerdos-beb\u00e9-moments-baby-1-300x200.jpg 300w, https:\/\/oui-oui.es\/blog\/wp-content\/uploads\/2016\/06\/Oui-Oui-cuaderno-recuerdos-beb\u00e9-moments-baby-1-768x512.jpg 768w, https:\/\/oui-oui.es\/blog\/wp-content\/uploads\/2016\/06\/Oui-Oui-cuaderno-recuerdos-beb\u00e9-moments-baby-1-600x400.jpg 600w\" sizes=\"auto, (max-width: 1000px) 100vw, 1000px\" \/><\/a><\/p>\n<p>Creo que cuando naci\u00f3 Mart\u00edn llegu\u00e9 a acumular hasta tres <strong>libros-cuadernos de recuerdos del beb\u00e9<\/strong>, algunos m\u00e1s tipo \u00e1lbum de fotos, otro estilo diario y otros m\u00e1s de rellenar casillas.La falta de tiempo y que no me llegaran a convencer del todo hizo que no los fuera rellenando y que, como mucho, rellenara algunos campos de la <strong>Moleskine<\/strong> que utilic\u00e9 durante el embarazo (que, al igual que en la boda, al final cre\u00e9 una especie de libro de Petete en Moleskine).<\/p>\n<p>Pero el caso es que si que <strong>he ido guardando peque\u00f1os recuerdos<\/strong> como el predictor, el cord\u00f3n, la pulsera del hospital, fotos&#8230;Y no ve\u00eda el <strong>sitio ideal de guardarlo junto con papeles<\/strong> o datos que me gustar\u00eda conservar tambi\u00e9n.<\/p>\n<p>Por eso, cuando descubr\u00ed el <strong>libro-caja de recuerdos<\/strong> <strong><a href=\"http:\/\/www.oui-oui.es\/para-embarazadas\/1132-libro-moments-baby.html\" target=\"_blank\">Moments Baby<\/a><\/strong> me pareci\u00f3 la combinaci\u00f3n perfecta; contiene un cuadernito para apuntar ciertas cosas (no demasiadas que luego sabemos todos que no rellenamos tanto en plan filos\u00f3fico como <em>\u00ab\u00bfqu\u00e9 sentiste?\u00bb<\/em> )<\/p>\n<p><img loading=\"lazy\" decoding=\"async\" class=\"aligncenter size-full wp-image-4435\" src=\"https:\/\/oui-oui.es\/blog\/wp-content\/uploads\/2016\/06\/Oui-Oui-cuaderno-recuerdos-beb\u00e9-moments-baby-8.jpg\" alt=\"Oui Oui-cuaderno recuerdos beb\u00e9-moments baby (8)\" width=\"1000\" height=\"667\" srcset=\"https:\/\/oui-oui.es\/blog\/wp-content\/uploads\/2016\/06\/Oui-Oui-cuaderno-recuerdos-beb\u00e9-moments-baby-8.jpg 1000w, https:\/\/oui-oui.es\/blog\/wp-content\/uploads\/2016\/06\/Oui-Oui-cuaderno-recuerdos-beb\u00e9-moments-baby-8-300x200.jpg 300w, https:\/\/oui-oui.es\/blog\/wp-content\/uploads\/2016\/06\/Oui-Oui-cuaderno-recuerdos-beb\u00e9-moments-baby-8-768x512.jpg 768w, https:\/\/oui-oui.es\/blog\/wp-content\/uploads\/2016\/06\/Oui-Oui-cuaderno-recuerdos-beb\u00e9-moments-baby-8-600x400.jpg 600w\" sizes=\"auto, (max-width: 1000px) 100vw, 1000px\" \/><\/p>\n<p><img loading=\"lazy\" decoding=\"async\" class=\"aligncenter size-full wp-image-4434\" src=\"https:\/\/oui-oui.es\/blog\/wp-content\/uploads\/2016\/06\/Oui-Oui-cuaderno-recuerdos-beb\u00e9-moments-baby-7.jpg\" alt=\"Oui Oui-cuaderno recuerdos beb\u00e9-moments baby (7)\" width=\"1000\" height=\"667\" srcset=\"https:\/\/oui-oui.es\/blog\/wp-content\/uploads\/2016\/06\/Oui-Oui-cuaderno-recuerdos-beb\u00e9-moments-baby-7.jpg 1000w, https:\/\/oui-oui.es\/blog\/wp-content\/uploads\/2016\/06\/Oui-Oui-cuaderno-recuerdos-beb\u00e9-moments-baby-7-300x200.jpg 300w, https:\/\/oui-oui.es\/blog\/wp-content\/uploads\/2016\/06\/Oui-Oui-cuaderno-recuerdos-beb\u00e9-moments-baby-7-768x512.jpg 768w, https:\/\/oui-oui.es\/blog\/wp-content\/uploads\/2016\/06\/Oui-Oui-cuaderno-recuerdos-beb\u00e9-moments-baby-7-600x400.jpg 600w\" sizes=\"auto, (max-width: 1000px) 100vw, 1000px\" \/><\/p>\n<p><img loading=\"lazy\" decoding=\"async\" class=\"aligncenter size-full wp-image-4430\" src=\"https:\/\/oui-oui.es\/blog\/wp-content\/uploads\/2016\/06\/Oui-Oui-cuaderno-recuerdos-beb\u00e9-moments-baby-3.jpg\" alt=\"Oui Oui-cuaderno recuerdos beb\u00e9-moments baby (3)\" width=\"1000\" height=\"667\" srcset=\"https:\/\/oui-oui.es\/blog\/wp-content\/uploads\/2016\/06\/Oui-Oui-cuaderno-recuerdos-beb\u00e9-moments-baby-3.jpg 1000w, https:\/\/oui-oui.es\/blog\/wp-content\/uploads\/2016\/06\/Oui-Oui-cuaderno-recuerdos-beb\u00e9-moments-baby-3-300x200.jpg 300w, https:\/\/oui-oui.es\/blog\/wp-content\/uploads\/2016\/06\/Oui-Oui-cuaderno-recuerdos-beb\u00e9-moments-baby-3-768x512.jpg 768w, https:\/\/oui-oui.es\/blog\/wp-content\/uploads\/2016\/06\/Oui-Oui-cuaderno-recuerdos-beb\u00e9-moments-baby-3-600x400.jpg 600w\" sizes=\"auto, (max-width: 1000px) 100vw, 1000px\" \/><\/p>\n<p><a href=\"http:\/\/www.oui-oui.es\/para-embarazadas\/1132-libro-moments-baby.html\"><img loading=\"lazy\" decoding=\"async\" class=\"aligncenter size-full wp-image-4429\" src=\"https:\/\/oui-oui.es\/blog\/wp-content\/uploads\/2016\/06\/Oui-Oui-cuaderno-recuerdos-beb\u00e9-moments-baby-2.jpg\" alt=\"Oui Oui-cuaderno recuerdos beb\u00e9-moments baby (2)\" width=\"1000\" height=\"667\" srcset=\"https:\/\/oui-oui.es\/blog\/wp-content\/uploads\/2016\/06\/Oui-Oui-cuaderno-recuerdos-beb\u00e9-moments-baby-2.jpg 1000w, https:\/\/oui-oui.es\/blog\/wp-content\/uploads\/2016\/06\/Oui-Oui-cuaderno-recuerdos-beb\u00e9-moments-baby-2-300x200.jpg 300w, https:\/\/oui-oui.es\/blog\/wp-content\/uploads\/2016\/06\/Oui-Oui-cuaderno-recuerdos-beb\u00e9-moments-baby-2-768x512.jpg 768w, https:\/\/oui-oui.es\/blog\/wp-content\/uploads\/2016\/06\/Oui-Oui-cuaderno-recuerdos-beb\u00e9-moments-baby-2-600x400.jpg 600w\" sizes=\"auto, (max-width: 1000px) 100vw, 1000px\" \/><\/a><\/p>\n<p>Sobretodo las \u00bb primeras veces\u00bb que al principio parace que nunca se nos van a olvidar y luego empiezas a bailar fechas&#8230;<\/p>\n<p><img loading=\"lazy\" decoding=\"async\" class=\"aligncenter size-full wp-image-4441\" src=\"https:\/\/oui-oui.es\/blog\/wp-content\/uploads\/2016\/06\/Oui-Oui-cuaderno-recuerdos-beb\u00e9-moments-baby-14.jpg\" alt=\"Oui Oui-cuaderno recuerdos beb\u00e9-moments baby (14)\" width=\"1000\" height=\"667\" srcset=\"https:\/\/oui-oui.es\/blog\/wp-content\/uploads\/2016\/06\/Oui-Oui-cuaderno-recuerdos-beb\u00e9-moments-baby-14.jpg 1000w, https:\/\/oui-oui.es\/blog\/wp-content\/uploads\/2016\/06\/Oui-Oui-cuaderno-recuerdos-beb\u00e9-moments-baby-14-300x200.jpg 300w, https:\/\/oui-oui.es\/blog\/wp-content\/uploads\/2016\/06\/Oui-Oui-cuaderno-recuerdos-beb\u00e9-moments-baby-14-768x512.jpg 768w, https:\/\/oui-oui.es\/blog\/wp-content\/uploads\/2016\/06\/Oui-Oui-cuaderno-recuerdos-beb\u00e9-moments-baby-14-600x400.jpg 600w\" sizes=\"auto, (max-width: 1000px) 100vw, 1000px\" \/><\/p>\n<p><img loading=\"lazy\" decoding=\"async\" class=\"aligncenter size-full wp-image-4436\" src=\"https:\/\/oui-oui.es\/blog\/wp-content\/uploads\/2016\/06\/Oui-Oui-cuaderno-recuerdos-beb\u00e9-moments-baby-9.jpg\" alt=\"Oui Oui-cuaderno recuerdos beb\u00e9-moments baby (9)\" width=\"1000\" height=\"667\" srcset=\"https:\/\/oui-oui.es\/blog\/wp-content\/uploads\/2016\/06\/Oui-Oui-cuaderno-recuerdos-beb\u00e9-moments-baby-9.jpg 1000w, https:\/\/oui-oui.es\/blog\/wp-content\/uploads\/2016\/06\/Oui-Oui-cuaderno-recuerdos-beb\u00e9-moments-baby-9-300x200.jpg 300w, https:\/\/oui-oui.es\/blog\/wp-content\/uploads\/2016\/06\/Oui-Oui-cuaderno-recuerdos-beb\u00e9-moments-baby-9-768x512.jpg 768w, https:\/\/oui-oui.es\/blog\/wp-content\/uploads\/2016\/06\/Oui-Oui-cuaderno-recuerdos-beb\u00e9-moments-baby-9-600x400.jpg 600w\" sizes=\"auto, (max-width: 1000px) 100vw, 1000px\" \/><\/p>\n<p><a href=\"http:\/\/www.oui-oui.es\/para-embarazadas\/1132-libro-moments-baby.html\"><img loading=\"lazy\" decoding=\"async\" class=\"aligncenter size-full wp-image-4439\" src=\"https:\/\/oui-oui.es\/blog\/wp-content\/uploads\/2016\/06\/Oui-Oui-cuaderno-recuerdos-beb\u00e9-moments-baby-12.jpg\" alt=\"Oui Oui-cuaderno recuerdos beb\u00e9-moments baby (12)\" width=\"1000\" height=\"667\" srcset=\"https:\/\/oui-oui.es\/blog\/wp-content\/uploads\/2016\/06\/Oui-Oui-cuaderno-recuerdos-beb\u00e9-moments-baby-12.jpg 1000w, https:\/\/oui-oui.es\/blog\/wp-content\/uploads\/2016\/06\/Oui-Oui-cuaderno-recuerdos-beb\u00e9-moments-baby-12-300x200.jpg 300w, https:\/\/oui-oui.es\/blog\/wp-content\/uploads\/2016\/06\/Oui-Oui-cuaderno-recuerdos-beb\u00e9-moments-baby-12-768x512.jpg 768w, https:\/\/oui-oui.es\/blog\/wp-content\/uploads\/2016\/06\/Oui-Oui-cuaderno-recuerdos-beb\u00e9-moments-baby-12-600x400.jpg 600w\" sizes=\"auto, (max-width: 1000px) 100vw, 1000px\" \/><\/a><\/p>\n<p>Unas <strong>pegatinas<\/strong> para adornar pero tambi\u00e9n sin pasarse<\/p>\n<p><a href=\"http:\/\/www.oui-oui.es\/para-embarazadas\/1132-libro-moments-baby.html\"><img loading=\"lazy\" decoding=\"async\" class=\"aligncenter size-full wp-image-4442\" src=\"https:\/\/oui-oui.es\/blog\/wp-content\/uploads\/2016\/06\/Oui-Oui-cuaderno-recuerdos-beb\u00e9-moments-baby-15.jpg\" alt=\"Oui Oui-cuaderno recuerdos beb\u00e9-moments baby (15)\" width=\"1000\" height=\"667\" srcset=\"https:\/\/oui-oui.es\/blog\/wp-content\/uploads\/2016\/06\/Oui-Oui-cuaderno-recuerdos-beb\u00e9-moments-baby-15.jpg 1000w, https:\/\/oui-oui.es\/blog\/wp-content\/uploads\/2016\/06\/Oui-Oui-cuaderno-recuerdos-beb\u00e9-moments-baby-15-300x200.jpg 300w, https:\/\/oui-oui.es\/blog\/wp-content\/uploads\/2016\/06\/Oui-Oui-cuaderno-recuerdos-beb\u00e9-moments-baby-15-768x512.jpg 768w, https:\/\/oui-oui.es\/blog\/wp-content\/uploads\/2016\/06\/Oui-Oui-cuaderno-recuerdos-beb\u00e9-moments-baby-15-600x400.jpg 600w\" sizes=\"auto, (max-width: 1000px) 100vw, 1000px\" \/><\/a><\/p>\n<p>y, lo m\u00e1s sorprendente, <strong>una cajita que es parte del mismo libro<\/strong>, en la que guardar esos peque\u00f1os recuerdos, de forma que tengas todo en un mismo sitio, con un <strong>bonito dise\u00f1o<\/strong> (ni lleno de frases repetidas, ni demasiado cursi) y que puedas ojear con cari\u00f1o pasado un tiempo, ahora siento no tener el de Mart\u00edn, pero, como este libro llega hasta cuando se te cae el primer diente (tiene 80 hojas, con los momentos m\u00e1s importantes bien resumidos), me he puesto como tarea hacerle el suyo este verano.<\/p>\n<p><img loading=\"lazy\" decoding=\"async\" class=\"aligncenter size-full wp-image-4443\" src=\"https:\/\/oui-oui.es\/blog\/wp-content\/uploads\/2016\/06\/Oui-Oui-cuaderno-recuerdos-beb\u00e9-moments-baby-16.jpg\" alt=\"Oui Oui-cuaderno recuerdos beb\u00e9-moments baby (16)\" width=\"1000\" height=\"667\" srcset=\"https:\/\/oui-oui.es\/blog\/wp-content\/uploads\/2016\/06\/Oui-Oui-cuaderno-recuerdos-beb\u00e9-moments-baby-16.jpg 1000w, https:\/\/oui-oui.es\/blog\/wp-content\/uploads\/2016\/06\/Oui-Oui-cuaderno-recuerdos-beb\u00e9-moments-baby-16-300x200.jpg 300w, https:\/\/oui-oui.es\/blog\/wp-content\/uploads\/2016\/06\/Oui-Oui-cuaderno-recuerdos-beb\u00e9-moments-baby-16-768x512.jpg 768w, https:\/\/oui-oui.es\/blog\/wp-content\/uploads\/2016\/06\/Oui-Oui-cuaderno-recuerdos-beb\u00e9-moments-baby-16-600x400.jpg 600w\" sizes=\"auto, (max-width: 1000px) 100vw, 1000px\" \/><\/p>\n<p><img loading=\"lazy\" decoding=\"async\" class=\"aligncenter size-full wp-image-4432\" src=\"https:\/\/oui-oui.es\/blog\/wp-content\/uploads\/2016\/06\/Oui-Oui-cuaderno-recuerdos-beb\u00e9-moments-baby-5.jpg\" alt=\"Oui Oui-cuaderno recuerdos beb\u00e9-moments baby (5)\" width=\"1000\" height=\"667\" srcset=\"https:\/\/oui-oui.es\/blog\/wp-content\/uploads\/2016\/06\/Oui-Oui-cuaderno-recuerdos-beb\u00e9-moments-baby-5.jpg 1000w, https:\/\/oui-oui.es\/blog\/wp-content\/uploads\/2016\/06\/Oui-Oui-cuaderno-recuerdos-beb\u00e9-moments-baby-5-300x200.jpg 300w, https:\/\/oui-oui.es\/blog\/wp-content\/uploads\/2016\/06\/Oui-Oui-cuaderno-recuerdos-beb\u00e9-moments-baby-5-768x512.jpg 768w, https:\/\/oui-oui.es\/blog\/wp-content\/uploads\/2016\/06\/Oui-Oui-cuaderno-recuerdos-beb\u00e9-moments-baby-5-600x400.jpg 600w\" sizes=\"auto, (max-width: 1000px) 100vw, 1000px\" \/><\/p>\n<p><a href=\"http:\/\/www.oui-oui.es\/para-embarazadas\/1132-libro-moments-baby.html\"><img loading=\"lazy\" decoding=\"async\" class=\"aligncenter size-full wp-image-4431\" src=\"https:\/\/oui-oui.es\/blog\/wp-content\/uploads\/2016\/06\/Oui-Oui-cuaderno-recuerdos-beb\u00e9-moments-baby-4.jpg\" alt=\"Oui Oui-cuaderno recuerdos beb\u00e9-moments baby (4)\" width=\"1000\" height=\"667\" srcset=\"https:\/\/oui-oui.es\/blog\/wp-content\/uploads\/2016\/06\/Oui-Oui-cuaderno-recuerdos-beb\u00e9-moments-baby-4.jpg 1000w, https:\/\/oui-oui.es\/blog\/wp-content\/uploads\/2016\/06\/Oui-Oui-cuaderno-recuerdos-beb\u00e9-moments-baby-4-300x200.jpg 300w, https:\/\/oui-oui.es\/blog\/wp-content\/uploads\/2016\/06\/Oui-Oui-cuaderno-recuerdos-beb\u00e9-moments-baby-4-768x512.jpg 768w, https:\/\/oui-oui.es\/blog\/wp-content\/uploads\/2016\/06\/Oui-Oui-cuaderno-recuerdos-beb\u00e9-moments-baby-4-600x400.jpg 600w\" sizes=\"auto, (max-width: 1000px) 100vw, 1000px\" \/><\/a><\/p>\n<p>Y ya sab\u00e9is que cuando algo me gusta para m\u00ed lo incorporo en la tienda, as\u00ed que si quer\u00e9is hacer un regalo especial y pr\u00e1ctico a una reciente o futura mam\u00e1, pod\u00e9is comprar el <a href=\"http:\/\/www.oui-oui.es\/para-embarazadas\/1132-libro-moments-baby.html\" target=\"_blank\"><strong>libro-caja de recuerdos de beb\u00e9<\/strong><\/a> <a href=\"http:\/\/www.oui-oui.es\/para-embarazadas\/1132-libro-moments-baby.html\" target=\"_blank\">AQU\u00cd<\/a><\/p>\n<p><a href=\"http:\/\/www.oui-oui.es\/para-embarazadas\/1132-libro-moments-baby.html\"><img loading=\"lazy\" decoding=\"async\" class=\"aligncenter size-full wp-image-4445\" src=\"https:\/\/oui-oui.es\/blog\/wp-content\/uploads\/2016\/06\/Oui-Oui-libro-recuerdos-beb\u00e9-moments-baby-arcoiris.jpg\" alt=\"Oui Oui-libro recuerdos beb\u00e9-moments baby-arcoiris\" width=\"700\" height=\"600\" srcset=\"https:\/\/oui-oui.es\/blog\/wp-content\/uploads\/2016\/06\/Oui-Oui-libro-recuerdos-beb\u00e9-moments-baby-arcoiris.jpg 700w, https:\/\/oui-oui.es\/blog\/wp-content\/uploads\/2016\/06\/Oui-Oui-libro-recuerdos-beb\u00e9-moments-baby-arcoiris-300x257.jpg 300w, https:\/\/oui-oui.es\/blog\/wp-content\/uploads\/2016\/06\/Oui-Oui-libro-recuerdos-beb\u00e9-moments-baby-arcoiris-600x514.jpg 600w\" sizes=\"auto, (max-width: 700px) 100vw, 700px\" \/><\/a><\/p>\n<p>Ah! y si sois m\u00e1s minimalistas y prefer\u00eds una <a href=\"http:\/\/www.oui-oui.es\/buscar?controller=search&amp;orderby=position&amp;orderway=desc&amp;search-cat-select=0&amp;search_query=moleskine&amp;submit_search=\" target=\"_blank\"><strong>Moleskine<\/strong> <\/a>(blanca que para eso es de beb\u00e9) la ten\u00e9is (rebajada) <a href=\"http:\/\/www.oui-oui.es\/buscar?controller=search&amp;orderby=position&amp;orderway=desc&amp;search-cat-select=0&amp;search_query=moleskine&amp;submit_search=\" target=\"_blank\">AQU\u00cd<\/a><\/p>\n","protected":false},"excerpt":{"rendered":"<p>Creo que cuando naci\u00f3 Mart\u00edn llegu\u00e9 a acumular hasta tres libros-cuadernos de recuerdos del beb\u00e9, algunos m\u00e1s tipo \u00e1lbum de fotos, otro estilo diario y otros m\u00e1s de rellenar casillas.La falta de tiempo y que no me llegaran a convencer del todo hizo que no los fuera rellenando y que, como mucho, rellenara algunos campos [&hellip;]<\/p>\n","protected":false},"author":1,"featured_media":4428,"comment_status":"open","ping_status":"open","sticky":false,"template":"","format":"standard","meta":{"jetpack_post_was_ever_published":false,"_jetpack_newsletter_access":"","_jetpack_dont_email_post_to_subs":false,"_jetpack_newsletter_tier_id":0,"_jetpack_memberships_contains_paywalled_content":false,"_jetpack_memberships_contains_paid_content":false,"footnotes":"","jetpack_publicize_message":"","jetpack_publicize_feature_enabled":true,"jetpack_social_post_already_shared":true,"jetpack_social_options":{"image_generator_settings":{"template":"highway","default_image_id":0,"font":"","enabled":false},"version":2}},"categories":[25,535],"tags":[700],"class_list":["post-4427","post","type-post","status-publish","format-standard","has-post-thumbnail","hentry","category-a-una-futura-o-reciente-mama","category-maternidad","tag-compras-bebe"],"aioseo_notices":[],"jetpack_publicize_connections":[],"jetpack_featured_media_url":"https:\/\/oui-oui.es\/blog\/wp-content\/uploads\/2016\/06\/Oui-Oui-cuaderno-recuerdos-beb\u00e9-moments-baby-1.jpg","jetpack_sharing_enabled":true,"jetpack-related-posts":[{"id":926,"url":"https:\/\/oui-oui.es\/blog\/dos-regalos-diferentes-para-momentos-muy-especiales\/","url_meta":{"origin":4427,"position":0},"title":"Dos regalos diferentes para momentos muy especiales","author":"Mar\u00eda \u2665Oui Oui\u2665","date":"11 julio, 2013","format":false,"excerpt":"Desde siempre me han encantado los cuadernos y las listas, listas para todo, de pros y contras, de temas pendientes, de cosas que hacer antes de los 30, del equipaje b\u00e1sico para ir a esquiar....Y un cuaderno para cada cosa, adem\u00e1s de comprar todos los que me gustaban por su\u2026","rel":"","context":"En \u00abA una futura novia\u00bb","block_context":{"text":"A una futura novia","link":"https:\/\/oui-oui.es\/blog\/category\/no-se-que-regalar\/a-una-futura-novia\/"},"img":{"alt_text":"","src":"https:\/\/i0.wp.com\/oui-oui.es\/blog\/wp-content\/uploads\/oui-oui-escribir-en-cuadernos.jpg?resize=350%2C200&ssl=1","width":350,"height":200},"classes":[]},{"id":3612,"url":"https:\/\/oui-oui.es\/blog\/wishlist-para-embarazadas\/","url_meta":{"origin":4427,"position":1},"title":"Wishlist para embarazadas","author":"Mar\u00eda \u2665Oui Oui\u2665","date":"26 octubre, 2015","format":false,"excerpt":"El segundo embarazo no es ni comparable al primero, empezando por una misma que no tiene ni la mitad de tiempo que antes y siguiendo por los dem\u00e1s, que tampoco lo ven con la misma ilusi\u00f3n que la primera vez. Y a las pruebas me remito...Estoy de seis meses y\u2026","rel":"","context":"En \u00abA una futura o reciente mam\u00e1\u00bb","block_context":{"text":"A una futura o reciente mam\u00e1","link":"https:\/\/oui-oui.es\/blog\/category\/no-se-que-regalar\/a-una-futura-o-reciente-mama\/"},"img":{"alt_text":"","src":"https:\/\/i0.wp.com\/oui-oui.es\/blog\/wp-content\/uploads\/2015\/10\/Oui-Oui-crema-antiestr%C3%ADas-embarazo-mama-mio-olivia-soaps.jpg?resize=350%2C200&ssl=1","width":350,"height":200,"srcset":"https:\/\/i0.wp.com\/oui-oui.es\/blog\/wp-content\/uploads\/2015\/10\/Oui-Oui-crema-antiestr%C3%ADas-embarazo-mama-mio-olivia-soaps.jpg?resize=350%2C200&ssl=1 1x, https:\/\/i0.wp.com\/oui-oui.es\/blog\/wp-content\/uploads\/2015\/10\/Oui-Oui-crema-antiestr%C3%ADas-embarazo-mama-mio-olivia-soaps.jpg?resize=525%2C300&ssl=1 1.5x, https:\/\/i0.wp.com\/oui-oui.es\/blog\/wp-content\/uploads\/2015\/10\/Oui-Oui-crema-antiestr%C3%ADas-embarazo-mama-mio-olivia-soaps.jpg?resize=700%2C400&ssl=1 2x"},"classes":[]},{"id":1713,"url":"https:\/\/oui-oui.es\/blog\/ideas-de-christmas-con-bebes\/","url_meta":{"origin":4427,"position":2},"title":"Ideas de Christmas con beb\u00e9s","author":"Mar\u00eda \u2665Oui Oui\u2665","date":"20 noviembre, 2014","format":false,"excerpt":"El a\u00f1o pasado, nuestras primeras navidades con Mart\u00edn, enviamos un christma con un dibujo 8al m\u00e1s puro estilo de las tres mellizas) de los tres delante de una chimenea, est\u00e1 mal que yo lo diga pero qued\u00f3 mon\u00edsimo (y ahora que lo pienso creo que no nos quedamos con uno!\u2026","rel":"","context":"En \u00abMATERNIDAD\u00bb","block_context":{"text":"MATERNIDAD","link":"https:\/\/oui-oui.es\/blog\/category\/maternidad\/"},"img":{"alt_text":"","src":"https:\/\/i0.wp.com\/oui-oui.es\/blog\/wp-content\/uploads\/2014\/11\/oui-oui-ideas-fotos-bebe-navidad-elena-bau.jpg?resize=350%2C200&ssl=1","width":350,"height":200,"srcset":"https:\/\/i0.wp.com\/oui-oui.es\/blog\/wp-content\/uploads\/2014\/11\/oui-oui-ideas-fotos-bebe-navidad-elena-bau.jpg?resize=350%2C200&ssl=1 1x, https:\/\/i0.wp.com\/oui-oui.es\/blog\/wp-content\/uploads\/2014\/11\/oui-oui-ideas-fotos-bebe-navidad-elena-bau.jpg?resize=525%2C300&ssl=1 1.5x, https:\/\/i0.wp.com\/oui-oui.es\/blog\/wp-content\/uploads\/2014\/11\/oui-oui-ideas-fotos-bebe-navidad-elena-bau.jpg?resize=700%2C400&ssl=1 2x, https:\/\/i0.wp.com\/oui-oui.es\/blog\/wp-content\/uploads\/2014\/11\/oui-oui-ideas-fotos-bebe-navidad-elena-bau.jpg?resize=1050%2C600&ssl=1 3x, https:\/\/i0.wp.com\/oui-oui.es\/blog\/wp-content\/uploads\/2014\/11\/oui-oui-ideas-fotos-bebe-navidad-elena-bau.jpg?resize=1400%2C800&ssl=1 4x"},"classes":[]},{"id":639,"url":"https:\/\/oui-oui.es\/blog\/como-anunciar-si-sera-nino-o-nina-gender-reveal-party\/","url_meta":{"origin":4427,"position":3},"title":"C\u00f3mo anunciar si ser\u00e1 ni\u00f1o o ni\u00f1a (gender reveal party)","author":"Mar\u00eda \u2665Oui Oui\u2665","date":"16 abril, 2013","format":false,"excerpt":"Seg\u00fan pasan las semanas del embarazo, me voy dando cuenta de que el periodo previo a tener un beb\u00e9 tiene una similitud muy grande con el periodo previo a organizar tu boda (salvando las distancias, por favor, que nadie lo interprete fr\u00edvolamente). Suelen ser 9 meses en ambos casos (en\u2026","rel":"","context":"En \u00abA una futura o reciente mam\u00e1\u00bb","block_context":{"text":"A una futura o reciente mam\u00e1","link":"https:\/\/oui-oui.es\/blog\/category\/no-se-que-regalar\/a-una-futura-o-reciente-mama\/"},"img":{"alt_text":"","src":"https:\/\/i0.wp.com\/oui-oui.es\/blog\/wp-content\/uploads\/oui-oui-agenda-para-embarazadas-diario-del-bebc3a9.jpg?resize=350%2C200&ssl=1","width":350,"height":200,"srcset":"https:\/\/i0.wp.com\/oui-oui.es\/blog\/wp-content\/uploads\/oui-oui-agenda-para-embarazadas-diario-del-bebc3a9.jpg?resize=350%2C200&ssl=1 1x, https:\/\/i0.wp.com\/oui-oui.es\/blog\/wp-content\/uploads\/oui-oui-agenda-para-embarazadas-diario-del-bebc3a9.jpg?resize=525%2C300&ssl=1 1.5x"},"classes":[]},{"id":2263,"url":"https:\/\/oui-oui.es\/blog\/de-lo-bonito-de-montar-en-bici-con-tu-hijo-weeride-spain\/","url_meta":{"origin":4427,"position":4},"title":"De lo bonito de montar en bici con tu hijo: Weeride Spain","author":"Mar\u00eda \u2665Oui Oui\u2665","date":"5 mayo, 2015","format":false,"excerpt":"El verano pasado me regalaron una silla de bici para beb\u00e9, por entonces Mart\u00edn cumpl\u00eda 9 meses y coincid\u00eda que hab\u00eda una carrera cicloturista en la que participamos todos los a\u00f1os, as\u00ed que no lo pens\u00e9 y aprovech\u00e9 para estrenarla ese fin de semana...Desde entonces ten\u00eda ganas de compartir la\u2026","rel":"","context":"En \u00abMATERNIDAD\u00bb","block_context":{"text":"MATERNIDAD","link":"https:\/\/oui-oui.es\/blog\/category\/maternidad\/"},"img":{"alt_text":"","src":"https:\/\/i0.wp.com\/oui-oui.es\/blog\/wp-content\/uploads\/2015\/05\/oui-oui-weeride-silla-llevar-bebe-en-bici-silla-delantera-bebe-bici-cesta.jpg?resize=350%2C200&ssl=1","width":350,"height":200},"classes":[]},{"id":1494,"url":"https:\/\/oui-oui.es\/blog\/de-celebracion-gracias-y-otras-cosas\/","url_meta":{"origin":4427,"position":5},"title":"De celebraci\u00f3n, gracias y otras cosas","author":"Mar\u00eda \u2665Oui Oui\u2665","date":"5 mayo, 2014","format":false,"excerpt":"Llevo un ritmo que no me ha permitido celebrar varias cosas que lo merec\u00edan las \u00faltimas semanas...La m\u00e1s importante es que Oui Oui cumpli\u00f3 un a\u00f1o el pasado 19 de marzo...Un a\u00f1o ya!, se me ha pasado volando, pero a la vez han pasado tantas cosas que lo veo lejos.\u2026","rel":"","context":"En \u00abOUI OUI\u00bb","block_context":{"text":"OUI OUI","link":"https:\/\/oui-oui.es\/blog\/category\/oui-oui\/"},"img":{"alt_text":"","src":"https:\/\/i0.wp.com\/oui-oui.es\/blog\/wp-content\/uploads\/2014\/05\/oui-oui-instagram-11000-seguidores.jpg?resize=350%2C200&ssl=1","width":350,"height":200,"srcset":"https:\/\/i0.wp.com\/oui-oui.es\/blog\/wp-content\/uploads\/2014\/05\/oui-oui-instagram-11000-seguidores.jpg?resize=350%2C200&ssl=1 1x, https:\/\/i0.wp.com\/oui-oui.es\/blog\/wp-content\/uploads\/2014\/05\/oui-oui-instagram-11000-seguidores.jpg?resize=525%2C300&ssl=1 1.5x, https:\/\/i0.wp.com\/oui-oui.es\/blog\/wp-content\/uploads\/2014\/05\/oui-oui-instagram-11000-seguidores.jpg?resize=700%2C400&ssl=1 2x"},"classes":[]}],"_links":{"self":[{"href":"https:\/\/oui-oui.es\/blog\/wp-json\/wp\/v2\/posts\/4427","targetHints":{"allow":["GET"]}}],"collection":[{"href":"https:\/\/oui-oui.es\/blog\/wp-json\/wp\/v2\/posts"}],"about":[{"href":"https:\/\/oui-oui.es\/blog\/wp-json\/wp\/v2\/types\/post"}],"author":[{"embeddable":true,"href":"https:\/\/oui-oui.es\/blog\/wp-json\/wp\/v2\/users\/1"}],"replies":[{"embeddable":true,"href":"https:\/\/oui-oui.es\/blog\/wp-json\/wp\/v2\/comments?post=4427"}],"version-history":[{"count":3,"href":"https:\/\/oui-oui.es\/blog\/wp-json\/wp\/v2\/posts\/4427\/revisions"}],"predecessor-version":[{"id":4449,"href":"https:\/\/oui-oui.es\/blog\/wp-json\/wp\/v2\/posts\/4427\/revisions\/4449"}],"wp:featuredmedia":[{"embeddable":true,"href":"https:\/\/oui-oui.es\/blog\/wp-json\/wp\/v2\/media\/4428"}],"wp:attachment":[{"href":"https:\/\/oui-oui.es\/blog\/wp-json\/wp\/v2\/media?parent=4427"}],"wp:term":[{"taxonomy":"category","embeddable":true,"href":"https:\/\/oui-oui.es\/blog\/wp-json\/wp\/v2\/categories?post=4427"},{"taxonomy":"post_tag","embeddable":true,"href":"https:\/\/oui-oui.es\/blog\/wp-json\/wp\/v2\/tags?post=4427"}],"curies":[{"name":"wp","href":"https:\/\/api.w.org\/{rel}","templated":true}]}}