{"id":4450,"date":"2016-06-06T12:53:57","date_gmt":"2016-06-06T10:53:57","guid":{"rendered":"https:\/\/oui-oui.es\/blog\/?p=4450"},"modified":"2016-06-06T12:53:57","modified_gmt":"2016-06-06T10:53:57","slug":"no-es-un-souvenir-es-un-dealli","status":"publish","type":"post","link":"https:\/\/oui-oui.es\/blog\/no-es-un-souvenir-es-un-dealli\/","title":{"rendered":"No es un souvenir, es un Deall\u00ed"},"content":{"rendered":"<p><img loading=\"lazy\" decoding=\"async\" class=\"aligncenter size-large wp-image-4454\" src=\"https:\/\/oui-oui.es\/blog\/wp-content\/uploads\/2016\/06\/Oui-Oui-coleccion-souvenirs-abe-the-ape-guaimaro-dealli-memory-abe-the-ape-platos-abe-the-ape-8-1024x883.jpg\" alt=\"Oui Oui-coleccion souvenirs abe the ape-guaimaro-dealli-memory abe the ape-platos abe the ape (8)\" width=\"1024\" height=\"883\" srcset=\"https:\/\/oui-oui.es\/blog\/wp-content\/uploads\/2016\/06\/Oui-Oui-coleccion-souvenirs-abe-the-ape-guaimaro-dealli-memory-abe-the-ape-platos-abe-the-ape-8-1024x883.jpg 1024w, https:\/\/oui-oui.es\/blog\/wp-content\/uploads\/2016\/06\/Oui-Oui-coleccion-souvenirs-abe-the-ape-guaimaro-dealli-memory-abe-the-ape-platos-abe-the-ape-8-300x259.jpg 300w, https:\/\/oui-oui.es\/blog\/wp-content\/uploads\/2016\/06\/Oui-Oui-coleccion-souvenirs-abe-the-ape-guaimaro-dealli-memory-abe-the-ape-platos-abe-the-ape-8-768x662.jpg 768w, https:\/\/oui-oui.es\/blog\/wp-content\/uploads\/2016\/06\/Oui-Oui-coleccion-souvenirs-abe-the-ape-guaimaro-dealli-memory-abe-the-ape-platos-abe-the-ape-8-600x517.jpg 600w\" sizes=\"auto, (max-width: 1024px) 100vw, 1024px\" \/><\/p>\n<p>Soy muy fan de Abraham, primero lo era de su marca; <strong>Abe the Ape<\/strong> porque me encantaba todo lo que hac\u00eda, pero me hice fan de \u00e9l desde que le compr\u00e9 dos platos en el Mercado de Dise\u00f1o, quedamos que me los entregar\u00eda m\u00e1s tarde y acab\u00f3 tray\u00e9ndolos \u00e9l mismo a casa, con an\u00e9cdota de por medio \u00a1por supuesto!, a partir de ah\u00ed m\u00e1s platos, <strong>jarronejo<\/strong> y an\u00e9cdotas (adem\u00e1s de sus historietas en Facebook que me parto con ellas) han hecho que sea <strong>muy fan de Abraham<\/strong>, as\u00ed que no pod\u00eda perderme la presentaci\u00f3n de la <strong>colecci\u00f3n de <em>souvenirs<\/em><\/strong> que ha creado junto a la tienda <strong>Guaimaro<\/strong>, productos <strong><em>deAll\u00ed<\/em><\/strong> para que los viajeros se lleven de recuerdo de Madrid o para regalar nosotros cuando vas fuera.Todos con el sello de las <strong>ilustraciones de Abe the Ape<\/strong>, Madrid visto con sus ojos, con sus gui\u00f1os a los a\u00f1os 50, con flamencas rubias como suecas, etc&#8230;<\/p>\n<p>La <strong>l\u00ednea de productos<\/strong> incluye platos, imanes, cuadernos, caleidoscopio, puzzle, memory&#8230;<\/p>\n<p><img loading=\"lazy\" decoding=\"async\" class=\"aligncenter size-large wp-image-4455\" src=\"https:\/\/oui-oui.es\/blog\/wp-content\/uploads\/2016\/06\/Oui-Oui-coleccion-souvenirs-abe-the-ape-guaimaro-dealli-memory-abe-the-ape-platos-abe-the-ape-10-1024x668.jpg\" alt=\"Oui Oui-coleccion souvenirs abe the ape-guaimaro-dealli-memory abe the ape-platos abe the ape (10)\" width=\"1024\" height=\"668\" srcset=\"https:\/\/oui-oui.es\/blog\/wp-content\/uploads\/2016\/06\/Oui-Oui-coleccion-souvenirs-abe-the-ape-guaimaro-dealli-memory-abe-the-ape-platos-abe-the-ape-10-1024x668.jpg 1024w, https:\/\/oui-oui.es\/blog\/wp-content\/uploads\/2016\/06\/Oui-Oui-coleccion-souvenirs-abe-the-ape-guaimaro-dealli-memory-abe-the-ape-platos-abe-the-ape-10-300x196.jpg 300w, https:\/\/oui-oui.es\/blog\/wp-content\/uploads\/2016\/06\/Oui-Oui-coleccion-souvenirs-abe-the-ape-guaimaro-dealli-memory-abe-the-ape-platos-abe-the-ape-10-768x501.jpg 768w, https:\/\/oui-oui.es\/blog\/wp-content\/uploads\/2016\/06\/Oui-Oui-coleccion-souvenirs-abe-the-ape-guaimaro-dealli-memory-abe-the-ape-platos-abe-the-ape-10-600x391.jpg 600w\" sizes=\"auto, (max-width: 1024px) 100vw, 1024px\" \/><\/p>\n<p>Pero no es s\u00f3lo para turistas, personalmente el <strong>memory<\/strong> me encant\u00f3 como <strong>regalo para los ni\u00f1os<\/strong>, le compr\u00e9 uno a Mart\u00edn para que reconociera los <strong>edificios de Madrid<\/strong>, me encanta porque con uno en concreto dice<em> \u00abla torre de pap\u00e1\u00bb<\/em> jeje, as\u00ed seg\u00fan vayamos pasando por todos los que aparecen podremos jugar a recordarlos.<strong>Un regalo de dise\u00f1o para ni\u00f1os!<\/strong><\/p>\n<p><img loading=\"lazy\" decoding=\"async\" class=\"aligncenter size-large wp-image-4452\" src=\"https:\/\/oui-oui.es\/blog\/wp-content\/uploads\/2016\/06\/Oui-Oui-coleccion-souvenirs-abe-the-ape-guaimaro-dealli-memory-abe-the-ape-platos-abe-the-ape-19-1024x1017.jpg\" alt=\"Oui Oui-coleccion souvenirs abe the ape-guaimaro-dealli-memory abe the ape-platos abe the ape (19)\" width=\"1024\" height=\"1017\" srcset=\"https:\/\/oui-oui.es\/blog\/wp-content\/uploads\/2016\/06\/Oui-Oui-coleccion-souvenirs-abe-the-ape-guaimaro-dealli-memory-abe-the-ape-platos-abe-the-ape-19-1024x1017.jpg 1024w, https:\/\/oui-oui.es\/blog\/wp-content\/uploads\/2016\/06\/Oui-Oui-coleccion-souvenirs-abe-the-ape-guaimaro-dealli-memory-abe-the-ape-platos-abe-the-ape-19-150x150.jpg 150w, https:\/\/oui-oui.es\/blog\/wp-content\/uploads\/2016\/06\/Oui-Oui-coleccion-souvenirs-abe-the-ape-guaimaro-dealli-memory-abe-the-ape-platos-abe-the-ape-19-300x298.jpg 300w, https:\/\/oui-oui.es\/blog\/wp-content\/uploads\/2016\/06\/Oui-Oui-coleccion-souvenirs-abe-the-ape-guaimaro-dealli-memory-abe-the-ape-platos-abe-the-ape-19-768x763.jpg 768w, https:\/\/oui-oui.es\/blog\/wp-content\/uploads\/2016\/06\/Oui-Oui-coleccion-souvenirs-abe-the-ape-guaimaro-dealli-memory-abe-the-ape-platos-abe-the-ape-19-600x596.jpg 600w\" sizes=\"auto, (max-width: 1024px) 100vw, 1024px\" \/><\/p>\n<p>El <strong>puzzle<\/strong> lo puedes enmarcar y tener en el sal\u00f3n <strong>el skyline de Madrid seg\u00fan Abe the Ape<\/strong><\/p>\n<p><img loading=\"lazy\" decoding=\"async\" class=\"aligncenter size-large wp-image-4453\" src=\"https:\/\/oui-oui.es\/blog\/wp-content\/uploads\/2016\/06\/Oui-Oui-coleccion-souvenirs-abe-the-ape-guaimaro-dealli-memory-abe-the-ape-platos-abe-the-ape-33-1024x841.jpg\" alt=\"Oui Oui-coleccion souvenirs abe the ape-guaimaro-dealli-memory abe the ape-platos abe the ape (33)\" width=\"1024\" height=\"841\" srcset=\"https:\/\/oui-oui.es\/blog\/wp-content\/uploads\/2016\/06\/Oui-Oui-coleccion-souvenirs-abe-the-ape-guaimaro-dealli-memory-abe-the-ape-platos-abe-the-ape-33-1024x841.jpg 1024w, https:\/\/oui-oui.es\/blog\/wp-content\/uploads\/2016\/06\/Oui-Oui-coleccion-souvenirs-abe-the-ape-guaimaro-dealli-memory-abe-the-ape-platos-abe-the-ape-33-300x246.jpg 300w, https:\/\/oui-oui.es\/blog\/wp-content\/uploads\/2016\/06\/Oui-Oui-coleccion-souvenirs-abe-the-ape-guaimaro-dealli-memory-abe-the-ape-platos-abe-the-ape-33-768x631.jpg 768w, https:\/\/oui-oui.es\/blog\/wp-content\/uploads\/2016\/06\/Oui-Oui-coleccion-souvenirs-abe-the-ape-guaimaro-dealli-memory-abe-the-ape-platos-abe-the-ape-33-600x493.jpg 600w\" sizes=\"auto, (max-width: 1024px) 100vw, 1024px\" \/><\/p>\n<p>Los <strong>platitos cuadrados<\/strong> son perfectos para la mesa baja del sal\u00f3n<\/p>\n<p><img loading=\"lazy\" decoding=\"async\" class=\"aligncenter size-large wp-image-4456\" src=\"https:\/\/oui-oui.es\/blog\/wp-content\/uploads\/2016\/06\/Oui-Oui-coleccion-souvenirs-abe-the-ape-guaimaro-dealli-memory-abe-the-ape-platos-abe-the-ape-22-1024x612.jpg\" alt=\"Oui Oui-coleccion souvenirs abe the ape-guaimaro-dealli-memory abe the ape-platos abe the ape (22)\" width=\"1024\" height=\"612\" srcset=\"https:\/\/oui-oui.es\/blog\/wp-content\/uploads\/2016\/06\/Oui-Oui-coleccion-souvenirs-abe-the-ape-guaimaro-dealli-memory-abe-the-ape-platos-abe-the-ape-22-1024x612.jpg 1024w, https:\/\/oui-oui.es\/blog\/wp-content\/uploads\/2016\/06\/Oui-Oui-coleccion-souvenirs-abe-the-ape-guaimaro-dealli-memory-abe-the-ape-platos-abe-the-ape-22-300x179.jpg 300w, https:\/\/oui-oui.es\/blog\/wp-content\/uploads\/2016\/06\/Oui-Oui-coleccion-souvenirs-abe-the-ape-guaimaro-dealli-memory-abe-the-ape-platos-abe-the-ape-22-768x459.jpg 768w, https:\/\/oui-oui.es\/blog\/wp-content\/uploads\/2016\/06\/Oui-Oui-coleccion-souvenirs-abe-the-ape-guaimaro-dealli-memory-abe-the-ape-platos-abe-the-ape-22-600x359.jpg 600w\" sizes=\"auto, (max-width: 1024px) 100vw, 1024px\" \/><\/p>\n<p>\u00bfQu\u00e9 te ha parecido? a mi genial!, Abraham sigue creciendo que lo querr\u00e1n de otras ciudades!<\/p>\n","protected":false},"excerpt":{"rendered":"<p>Soy muy fan de Abraham, primero lo era de su marca; Abe the Ape porque me encantaba todo lo que hac\u00eda, pero me hice fan de \u00e9l desde que le compr\u00e9 dos platos en el Mercado de Dise\u00f1o, quedamos que me los entregar\u00eda m\u00e1s tarde y acab\u00f3 tray\u00e9ndolos \u00e9l mismo a casa, con an\u00e9cdota de [&hellip;]<\/p>\n","protected":false},"author":1,"featured_media":4454,"comment_status":"open","ping_status":"open","sticky":false,"template":"","format":"standard","meta":{"jetpack_post_was_ever_published":false,"_jetpack_newsletter_access":"","_jetpack_dont_email_post_to_subs":false,"_jetpack_newsletter_tier_id":0,"_jetpack_memberships_contains_paywalled_content":false,"_jetpack_memberships_contains_paid_content":false,"footnotes":"","jetpack_publicize_message":"","jetpack_publicize_feature_enabled":true,"jetpack_social_post_already_shared":true,"jetpack_social_options":{"image_generator_settings":{"template":"highway","default_image_id":0,"font":"","enabled":false},"version":2}},"categories":[173,11,18],"tags":[588,734],"class_list":["post-4450","post","type-post","status-publish","format-standard","has-post-thumbnail","hentry","category-decoracion-de-casa","category-no-se-que-regalar","category-regalos-originales-para-ninos","tag-diseno","tag-regalos"],"aioseo_notices":[],"jetpack_publicize_connections":[],"jetpack_featured_media_url":"https:\/\/oui-oui.es\/blog\/wp-content\/uploads\/2016\/06\/Oui-Oui-coleccion-souvenirs-abe-the-ape-guaimaro-dealli-memory-abe-the-ape-platos-abe-the-ape-8.jpg","jetpack_sharing_enabled":true,"jetpack-related-posts":[{"id":4009,"url":"https:\/\/oui-oui.es\/blog\/mi-wishlist-de-cumpleanos\/","url_meta":{"origin":4450,"position":0},"title":"Lo que me gusta una wishlist, aqu\u00ed la de mi cumple!","author":"Mar\u00eda \u2665Oui Oui\u2665","date":"5 febrero, 2016","format":false,"excerpt":"Esta semana los post van de regalos, se nota que estamos en meses de muchas celebraciones, \u00bfverdad?. Hoy empieza la cuenta atr\u00e1s para mi 34 cumplea\u00f1os, as\u00ed que, previsora una, dejo aqu\u00ed mi peque\u00f1a wishlist para que luego algunos no me digan que no les ha dado tiempo o que\u2026","rel":"","context":"En \u00abESTILO DE VIDA\u00bb","block_context":{"text":"ESTILO DE VIDA","link":"https:\/\/oui-oui.es\/blog\/category\/lifestyle-2\/"},"img":{"alt_text":"","src":"https:\/\/i0.wp.com\/oui-oui.es\/blog\/wp-content\/uploads\/2016\/01\/Oui-Oui-tarta-hersheys-sugar-factory-madrid.jpg?resize=350%2C200&ssl=1","width":350,"height":200,"srcset":"https:\/\/i0.wp.com\/oui-oui.es\/blog\/wp-content\/uploads\/2016\/01\/Oui-Oui-tarta-hersheys-sugar-factory-madrid.jpg?resize=350%2C200&ssl=1 1x, https:\/\/i0.wp.com\/oui-oui.es\/blog\/wp-content\/uploads\/2016\/01\/Oui-Oui-tarta-hersheys-sugar-factory-madrid.jpg?resize=525%2C300&ssl=1 1.5x, https:\/\/i0.wp.com\/oui-oui.es\/blog\/wp-content\/uploads\/2016\/01\/Oui-Oui-tarta-hersheys-sugar-factory-madrid.jpg?resize=700%2C400&ssl=1 2x, https:\/\/i0.wp.com\/oui-oui.es\/blog\/wp-content\/uploads\/2016\/01\/Oui-Oui-tarta-hersheys-sugar-factory-madrid.jpg?resize=1050%2C600&ssl=1 3x"},"classes":[]},{"id":1578,"url":"https:\/\/oui-oui.es\/blog\/baby-starbucks\/","url_meta":{"origin":4450,"position":1},"title":"Baby Starbucks","author":"Mar\u00eda \u2665Oui Oui\u2665","date":"9 julio, 2014","format":false,"excerpt":"Soy fan de Starbucks desde que aterriz\u00f3 en Espa\u00f1a y eso que no me gusta el caf\u00e9...De hecho al principio lo \u00fanico que me molest\u00f3 fue que no entend\u00eda c\u00f3mo no hab\u00eda Coca-Cola...Pero su filosof\u00eda, la gesti\u00f3n de la marca, el buen rollo de los empleados...Todo me gan\u00f3 y pas\u00e9\u2026","rel":"","context":"En \u00abREGALOS\u00bb","block_context":{"text":"REGALOS","link":"https:\/\/oui-oui.es\/blog\/category\/no-se-que-regalar\/"},"img":{"alt_text":"","src":"https:\/\/i0.wp.com\/oui-oui.es\/blog\/wp-content\/uploads\/2014\/07\/oui-oui-biberon-agua-starbucks-starbucks-sippy-cup-vaso-starbucks-bebe.jpg?resize=350%2C200&ssl=1","width":350,"height":200,"srcset":"https:\/\/i0.wp.com\/oui-oui.es\/blog\/wp-content\/uploads\/2014\/07\/oui-oui-biberon-agua-starbucks-starbucks-sippy-cup-vaso-starbucks-bebe.jpg?resize=350%2C200&ssl=1 1x, https:\/\/i0.wp.com\/oui-oui.es\/blog\/wp-content\/uploads\/2014\/07\/oui-oui-biberon-agua-starbucks-starbucks-sippy-cup-vaso-starbucks-bebe.jpg?resize=525%2C300&ssl=1 1.5x"},"classes":[]},{"id":3877,"url":"https:\/\/oui-oui.es\/blog\/9-regalos-para-amantes-de-los-gatos\/","url_meta":{"origin":4450,"position":2},"title":"9 regalos para amantes de los gatos","author":"Mar\u00eda \u2665Oui Oui\u2665","date":"14 diciembre, 2015","format":false,"excerpt":"La verdad es que no soy muy de gatos,vamos, no soy nada, pero el otro d\u00eda al ver un espejo con orejitas que me ped\u00eda a maullidos que lo incluyera en mi carta a los Reyes me acord\u00e9 que conozco a varias amigas a las que les encantan, as\u00ed que\u2026","rel":"","context":"En \u00abREGALOS\u00bb","block_context":{"text":"REGALOS","link":"https:\/\/oui-oui.es\/blog\/category\/no-se-que-regalar\/"},"img":{"alt_text":"","src":"https:\/\/i0.wp.com\/oui-oui.es\/blog\/wp-content\/uploads\/2015\/12\/Oui-Oui-regalos-amantes-de-los-gatos-reloj-forma-gato1.jpg?resize=350%2C200&ssl=1","width":350,"height":200,"srcset":"https:\/\/i0.wp.com\/oui-oui.es\/blog\/wp-content\/uploads\/2015\/12\/Oui-Oui-regalos-amantes-de-los-gatos-reloj-forma-gato1.jpg?resize=350%2C200&ssl=1 1x, https:\/\/i0.wp.com\/oui-oui.es\/blog\/wp-content\/uploads\/2015\/12\/Oui-Oui-regalos-amantes-de-los-gatos-reloj-forma-gato1.jpg?resize=525%2C300&ssl=1 1.5x"},"classes":[]},{"id":9913,"url":"https:\/\/oui-oui.es\/blog\/regalos-a-profes-reflexion-e-ideas\/","url_meta":{"origin":4450,"position":3},"title":"Regalos a profes | Reflexi\u00f3n e Ideas","author":"Mar\u00eda \u2665Oui Oui\u2665","date":"5 junio, 2019","format":false,"excerpt":"Es un tema recurrente cada fin de curso (y en Navidad tambi\u00e9n) debate mediante, \u00bfregalos s\u00ed o no? yo soy partidaria de hacer regalo siempre y cuando est\u00e9s contenta con la profesora o el profesor. No tiene ning\u00fan sentido hacer un regalo de agradecimiento a alguien a qui\u00e9n no sientes\u2026","rel":"","context":"En \u00abREGALOS\u00bb","block_context":{"text":"REGALOS","link":"https:\/\/oui-oui.es\/blog\/category\/no-se-que-regalar\/"},"img":{"alt_text":"","src":"https:\/\/i0.wp.com\/oui-oui.es\/blog\/wp-content\/uploads\/2019\/06\/Oui-Oui-regalos-para-profes-taza-teacher-taza-gin-girl-power-1.jpg?resize=350%2C200&ssl=1","width":350,"height":200,"srcset":"https:\/\/i0.wp.com\/oui-oui.es\/blog\/wp-content\/uploads\/2019\/06\/Oui-Oui-regalos-para-profes-taza-teacher-taza-gin-girl-power-1.jpg?resize=350%2C200&ssl=1 1x, https:\/\/i0.wp.com\/oui-oui.es\/blog\/wp-content\/uploads\/2019\/06\/Oui-Oui-regalos-para-profes-taza-teacher-taza-gin-girl-power-1.jpg?resize=525%2C300&ssl=1 1.5x, https:\/\/i0.wp.com\/oui-oui.es\/blog\/wp-content\/uploads\/2019\/06\/Oui-Oui-regalos-para-profes-taza-teacher-taza-gin-girl-power-1.jpg?resize=700%2C400&ssl=1 2x, https:\/\/i0.wp.com\/oui-oui.es\/blog\/wp-content\/uploads\/2019\/06\/Oui-Oui-regalos-para-profes-taza-teacher-taza-gin-girl-power-1.jpg?resize=1050%2C600&ssl=1 3x, https:\/\/i0.wp.com\/oui-oui.es\/blog\/wp-content\/uploads\/2019\/06\/Oui-Oui-regalos-para-profes-taza-teacher-taza-gin-girl-power-1.jpg?resize=1400%2C800&ssl=1 4x"},"classes":[]},{"id":326,"url":"https:\/\/oui-oui.es\/blog\/iniciales-de-diseno-by-marta-salinas\/","url_meta":{"origin":4450,"position":4},"title":"Iniciales de dise\u00f1o by Marta Salinas","author":"Mar\u00eda \u2665Oui Oui\u2665","date":"18 diciembre, 2012","format":false,"excerpt":"A veces te gusta el concepto de un producto para regalar pero no c\u00f3mo est\u00e1 dise\u00f1ado y ejecutado, eso me pasaba a m\u00ed con las iniciales y nombres en oro. Hasta que conoc\u00ed el trabajo de Marta Salinas; iniciales realizadas en plata maciza y ba\u00f1adas en oro con una tipograf\u00eda\u2026","rel":"","context":"En \u00abA una futura o reciente mam\u00e1\u00bb","block_context":{"text":"A una futura o reciente mam\u00e1","link":"https:\/\/oui-oui.es\/blog\/category\/no-se-que-regalar\/a-una-futura-o-reciente-mama\/"},"img":{"alt_text":"","src":"https:\/\/i0.wp.com\/oui-oui.es\/blog\/wp-content\/uploads\/colgante-numeros-marta-salinas.jpg?resize=350%2C200&ssl=1","width":350,"height":200,"srcset":"https:\/\/i0.wp.com\/oui-oui.es\/blog\/wp-content\/uploads\/colgante-numeros-marta-salinas.jpg?resize=350%2C200&ssl=1 1x, https:\/\/i0.wp.com\/oui-oui.es\/blog\/wp-content\/uploads\/colgante-numeros-marta-salinas.jpg?resize=525%2C300&ssl=1 1.5x"},"classes":[]},{"id":906,"url":"https:\/\/oui-oui.es\/blog\/montando-el-stand-de-envolver\/","url_meta":{"origin":4450,"position":5},"title":"Montando el stand de envolver!","author":"Mar\u00eda \u2665Oui Oui\u2665","date":"10 julio, 2013","format":false,"excerpt":"Sigo sin tener tiempo para escribir todo lo que me gustar\u00eda, porque se han juntado muchas cosas, y una de ellas ten\u00eda muchas ganas de contarla...Ya tenemos oficina!!!, en realidad oficina & almac\u00e9n, todo juntito, que antes estaba separado, vamos que la oficina estaba en casa ;) Una de las\u2026","rel":"","context":"En \u00abESTILO DE VIDA\u00bb","block_context":{"text":"ESTILO DE VIDA","link":"https:\/\/oui-oui.es\/blog\/category\/lifestyle-2\/"},"img":{"alt_text":"","src":"https:\/\/i0.wp.com\/oui-oui.es\/blog\/wp-content\/uploads\/oui-oui-stand-crafty-decorar-mesa-de-envolver-regalos-rincon-craft-1.jpg?resize=350%2C200&ssl=1","width":350,"height":200,"srcset":"https:\/\/i0.wp.com\/oui-oui.es\/blog\/wp-content\/uploads\/oui-oui-stand-crafty-decorar-mesa-de-envolver-regalos-rincon-craft-1.jpg?resize=350%2C200&ssl=1 1x, https:\/\/i0.wp.com\/oui-oui.es\/blog\/wp-content\/uploads\/oui-oui-stand-crafty-decorar-mesa-de-envolver-regalos-rincon-craft-1.jpg?resize=525%2C300&ssl=1 1.5x, https:\/\/i0.wp.com\/oui-oui.es\/blog\/wp-content\/uploads\/oui-oui-stand-crafty-decorar-mesa-de-envolver-regalos-rincon-craft-1.jpg?resize=700%2C400&ssl=1 2x"},"classes":[]}],"_links":{"self":[{"href":"https:\/\/oui-oui.es\/blog\/wp-json\/wp\/v2\/posts\/4450","targetHints":{"allow":["GET"]}}],"collection":[{"href":"https:\/\/oui-oui.es\/blog\/wp-json\/wp\/v2\/posts"}],"about":[{"href":"https:\/\/oui-oui.es\/blog\/wp-json\/wp\/v2\/types\/post"}],"author":[{"embeddable":true,"href":"https:\/\/oui-oui.es\/blog\/wp-json\/wp\/v2\/users\/1"}],"replies":[{"embeddable":true,"href":"https:\/\/oui-oui.es\/blog\/wp-json\/wp\/v2\/comments?post=4450"}],"version-history":[{"count":2,"href":"https:\/\/oui-oui.es\/blog\/wp-json\/wp\/v2\/posts\/4450\/revisions"}],"predecessor-version":[{"id":4457,"href":"https:\/\/oui-oui.es\/blog\/wp-json\/wp\/v2\/posts\/4450\/revisions\/4457"}],"wp:featuredmedia":[{"embeddable":true,"href":"https:\/\/oui-oui.es\/blog\/wp-json\/wp\/v2\/media\/4454"}],"wp:attachment":[{"href":"https:\/\/oui-oui.es\/blog\/wp-json\/wp\/v2\/media?parent=4450"}],"wp:term":[{"taxonomy":"category","embeddable":true,"href":"https:\/\/oui-oui.es\/blog\/wp-json\/wp\/v2\/categories?post=4450"},{"taxonomy":"post_tag","embeddable":true,"href":"https:\/\/oui-oui.es\/blog\/wp-json\/wp\/v2\/tags?post=4450"}],"curies":[{"name":"wp","href":"https:\/\/api.w.org\/{rel}","templated":true}]}}