{"id":449,"date":"2013-01-16T00:00:26","date_gmt":"2013-01-15T23:00:26","guid":{"rendered":"http:\/\/ouiouiblog.wordpress.com\/?p=449"},"modified":"2013-01-16T00:00:26","modified_gmt":"2013-01-15T23:00:26","slug":"5-cosas-que-hacer-nada-mas-comprometerte","status":"publish","type":"post","link":"https:\/\/oui-oui.es\/blog\/5-cosas-que-hacer-nada-mas-comprometerte\/","title":{"rendered":"5 cosas que hacer nada m\u00e1s comprometerte"},"content":{"rendered":"<p style=\"text-align:center;\"><a href=\"https:\/\/oui-oui.es\/blog\/wp-content\/uploads\/oui-oui-blog-taza-casate-conmigo.jpg\"><img loading=\"lazy\" decoding=\"async\" class=\"aligncenter size-full wp-image-453\" alt=\"Oui Oui blog- taza casate conmigo\" src=\"https:\/\/oui-oui.es\/blog\/wp-content\/uploads\/oui-oui-blog-taza-casate-conmigo.jpg\" width=\"529\" height=\"705\" srcset=\"https:\/\/oui-oui.es\/blog\/wp-content\/uploads\/oui-oui-blog-taza-casate-conmigo.jpg 553w, https:\/\/oui-oui.es\/blog\/wp-content\/uploads\/oui-oui-blog-taza-casate-conmigo-224x300.jpg 224w\" sizes=\"auto, (max-width: 529px) 100vw, 529px\" \/><\/a><\/p>\n<p style=\"text-align:center;\">Hoy hace <strong>dos a\u00f1os<\/strong> que anunciamos <em>p\u00fablicamente<\/em> que <strong>est\u00e1bamos comprometidos<\/strong> y que <strong>nos cas\u00e1bamos en ocho meses.<\/strong><\/p>\n<p style=\"text-align:center;\">Digo p\u00fablicamente porque \u00c1lvaro me lo pidi\u00f3 una semana antes, pero est\u00e1bamos esquiando, solos fuera de Espa\u00f1a, y <strong>fu\u00e9 <em>nuestro secreto<\/em> durante una semana.<\/strong><\/p>\n<div id=\"attachment_452\" style=\"width: 539px\" class=\"wp-caption aligncenter\"><a href=\"https:\/\/oui-oui.es\/blog\/wp-content\/uploads\/oui-oui-novios-nieve-pedida.jpg\"><img loading=\"lazy\" decoding=\"async\" aria-describedby=\"caption-attachment-452\" class=\"size-full wp-image-452\" alt=\"Oui Oui-novios nieve-pedida\" src=\"https:\/\/oui-oui.es\/blog\/wp-content\/uploads\/oui-oui-novios-nieve-pedida.jpg\" width=\"529\" height=\"661\" srcset=\"https:\/\/oui-oui.es\/blog\/wp-content\/uploads\/oui-oui-novios-nieve-pedida.jpg 600w, https:\/\/oui-oui.es\/blog\/wp-content\/uploads\/oui-oui-novios-nieve-pedida-240x300.jpg 240w\" sizes=\"auto, (max-width: 529px) 100vw, 529px\" \/><\/a><p id=\"caption-attachment-452\" class=\"wp-caption-text\">No s\u00e9 cu\u00e1ntas veces he usado esta foto ya, pero es que me encanta!<\/p><\/div>\n<p style=\"text-align:center;\">Una de las cosas que recuerdo con m\u00e1s <strong>ilusi\u00f3n<\/strong> es <strong>organizar la agenda de esa semana para ver en persona a los familiares y amigos m\u00e1s cercanos y anunciarles el notici\u00f3n<\/strong> (a nuestros padres les hicimos venir a casa el mismo d\u00eda que lleg\u00e1bamos del viaje con la excusa de que tra\u00edamos unos quesos que pod\u00edan estropearse y tan despistados estaban que no quer\u00edan quedarse, s\u00f3lo coger los quesos e irse a hacer otras cosas!!, tuvimos que \u00abobligarles\u00bb a sentarse y quitarse el abrigo, fu\u00e9 muy divertido!)<\/p>\n<p style=\"text-align:center;\"><a href=\"https:\/\/oui-oui.es\/blog\/wp-content\/uploads\/oui-oui-save-the-date-anunciar-que-te-casas.jpg\"><img loading=\"lazy\" decoding=\"async\" class=\"aligncenter size-full wp-image-451\" alt=\"Oui Oui-save the date-anunciar que te casas\" src=\"https:\/\/oui-oui.es\/blog\/wp-content\/uploads\/oui-oui-save-the-date-anunciar-que-te-casas.jpg\" width=\"529\" height=\"529\" srcset=\"https:\/\/oui-oui.es\/blog\/wp-content\/uploads\/oui-oui-save-the-date-anunciar-que-te-casas.jpg 530w, https:\/\/oui-oui.es\/blog\/wp-content\/uploads\/oui-oui-save-the-date-anunciar-que-te-casas-150x150.jpg 150w, https:\/\/oui-oui.es\/blog\/wp-content\/uploads\/oui-oui-save-the-date-anunciar-que-te-casas-300x300.jpg 300w\" sizes=\"auto, (max-width: 529px) 100vw, 529px\" \/><\/a><\/p>\n<p style=\"text-align:center;\">Bueno, que me lio, contaba todo \u00e9sto porque a partir del d\u00eda en el que t<strong>e pide que te cases con \u00e9l, se lo pides tu a \u00e9l o lo decid\u00eds en consenso<\/strong> empieza una <strong>cuenta atr\u00e1s<\/strong> muy <strong>emocionante, divertida y bonita<\/strong> que es bueno tener organizada.<\/p>\n<p style=\"text-align:center;\">Si est\u00e1s <strong>recientemente comprometida<\/strong>, esto va por t\u00ed, <strong>CINCO COSAS<\/strong> (por empezar poco a poco) <strong>que hacer a partir de ese momento:<\/strong><\/p>\n<ol>\n<li style=\"text-align:center;\"><strong>C\u00f3mprate\u00a0 un cuaderno en el que anotarlo todo<\/strong> (yo sacrifiqu\u00e9 mis <a href=\"http:\/\/www.telva.com\/novias.html\" target=\"_blank\">Telva<\/a> y <a href=\"http:\/\/www.vogue.es\/novias\" target=\"_blank\">Vogue Novias<\/a> y pegu\u00e9 lo marcado durante a\u00f1os, necesitaba verlo ordenado), la <a href=\"http:\/\/www.moleskine.com\/es\/\" target=\"_blank\">Moleskine<\/a> viene genial con su apartado para guardar papeles y su gomita!, si prefieres un <strong>cuadernillo<\/strong>, los de <a href=\"http:\/\/masmoniquilla.blogspot.com.es\/2012\/02\/libretas-notebook.html\" target=\"_blank\">Moniquilla <\/a>son mon\u00edsimos.<\/li>\n<li style=\"text-align:center;\">Haz una <strong>lista de invitados<\/strong>, es importante porque en funci\u00f3n del n\u00famero que salga podr\u00e1s elegir un sitio u otro&#8230;<\/li>\n<li style=\"text-align:center;\"><strong>Elige sitio y fecha<\/strong> (puede que ya lo tuvieras pensado o hablado, pero hay que concretarlo cu\u00e1nto antes!)<\/li>\n<li style=\"text-align:center;\"><strong>Tener un presupuesto en mente<\/strong>, bien la costeen tus padres o lo hagas t\u00fa, es importante saber el presupuesto aprox, para repartir en cada partida seg\u00fan le d\u00e9is m\u00e1s importancia o menos<\/li>\n<li style=\"text-align:center;\">Y lo m\u00e1s divertido&#8230;<strong>pensar el estilo de boda que quieres!!!<\/strong>, y pensarlo bien, porque todo ir\u00e1 en torno a eso, a ver, sin agobios, pero es <strong>importante dedicarle un tiempo a decidir \u00e9sto de verdad<\/strong>, pues <strong>a veces pensamos que queremos la boda de una forma pero todas las ideas indican otra distinta<\/strong>, por supuesto que se pueden mezclar estilos, pero con coherencia, si vas a celebrar la boda en un hotel urbano de Madrid igual no tiene mucho sentido regalar flip flops a los invitados (salvo que la tem\u00e1tica de la boda sea playera&#8230;;) ), no?. Yo lo que hice fu\u00e9 <strong>resumir el estilo de boda que quer\u00eda <strong>en una frase<\/strong><\/strong> (<a href=\"http:\/\/ouiouiblog.wordpress.com\/2012\/11\/20\/una-boda-sencilla-llena-de-detalles-y-con-un-estilo-muy-campestre\/\" target=\"_blank\">Una boda sencilla, llena de detalles y con un estilo muy campestre<\/a>)\u00a0<strong><\/strong>, as\u00ed cuando iba a ver vestidos, decid\u00eda manteles, la decoraci\u00f3n de las flores o las invitaciones, lo ten\u00eda presente.<\/li>\n<\/ol>\n<p style=\"text-align:center;\"><strong>A partir de aqu\u00ed empieza todo<\/strong>; la elecci\u00f3n del <strong>fot\u00f3grafo<\/strong> y del v\u00eddeo <strong>\u00a1no renuncies al v\u00eddeo, consejo de una que lo hizo y se arrepiente cada d\u00eda!!!<\/strong>, de la <a href=\"http:\/\/superfluo-imprescindible.blogspot.com.es\/2011\/04\/ya-tengo-maquilladora-y-peluquera-para.html\" target=\"_blank\">peluquer\u00eda y el maquillaje<\/a> y de las invitaciones , como los m\u00e1s importante despu\u00e9s de los cinco primeros pasos. Os intentar\u00e9 ir mostrando a los proveedores que conozco y me gustan en todas estas ramas.<\/p>\n<p style=\"text-align:center;\">Y el resto; <strong>vestido, ramo, zapatos y complementos, chaqu\u00e9, decoraci\u00f3n, regalos a los invitados, mailing, m\u00fasica, lecturas,el programa,el coche o medio de transporte, viaje de novios,et<\/strong>c&#8230;As\u00ed que volvemos al punto 1; <strong>C\u00f3mprate un cuaderno para organizarte!!!<\/strong><\/p>\n<p style=\"text-align:center;\"><a href=\"https:\/\/oui-oui.es\/blog\/wp-content\/uploads\/oui-oui-blog-telva-novias-vogue-novias-organizar-boda.jpg\"><img loading=\"lazy\" decoding=\"async\" class=\"aligncenter size-full wp-image-450\" alt=\"Oui Oui blog-telva novias- vogue novias-organizar boda\" src=\"https:\/\/oui-oui.es\/blog\/wp-content\/uploads\/oui-oui-blog-telva-novias-vogue-novias-organizar-boda.jpg\" width=\"529\" height=\"396\" srcset=\"https:\/\/oui-oui.es\/blog\/wp-content\/uploads\/oui-oui-blog-telva-novias-vogue-novias-organizar-boda.jpg 1600w, https:\/\/oui-oui.es\/blog\/wp-content\/uploads\/oui-oui-blog-telva-novias-vogue-novias-organizar-boda-300x225.jpg 300w, https:\/\/oui-oui.es\/blog\/wp-content\/uploads\/oui-oui-blog-telva-novias-vogue-novias-organizar-boda-1024x768.jpg 1024w\" sizes=\"auto, (max-width: 529px) 100vw, 529px\" \/><\/a><\/p>\n<p style=\"text-align:center;\">Y otro consejo; <strong>\u00a1Contrata un wedding planner!<\/strong>, yo no lo llev\u00e9 a la pr\u00e1ctica porque pens\u00e9 <strong>\u00bfpara qu\u00e9 pagar a alguien para que s\u00f3lo ejecute las ideas que ya tengo?<\/strong>, y luego me arrepent\u00ed, porque, dentro del presupuesto general de la boda <strong>no supone tanto<\/strong> (ojo, informarse bien antes que por ah\u00ed hay de todo!! , de esto escribir\u00e9 otro d\u00eda) y porque <strong>vale su peso en oro el d\u00eda de la boda<\/strong>; para que <strong>TODO quede como tu quieres<\/strong>; el marco inclinado 46\u00ba, las fotos de cada detalle, que ning\u00fan familiar se quede sin foto porque se te olvid\u00f3 llamarle, etc&#8230;Eso, si tienes muy claro todo lo que quieres hacer en la boda, si no lo tienes es otro punto a favor; una <strong>boda original y llena de detalles con ideas que seguramente a t\u00ed no se te hubieran ocurrido<\/strong><\/p>\n<p><a href=\"https:\/\/oui-oui.es\/blog\/wp-content\/uploads\/oui-oui-blog-kit-wedding-planner.jpg\"><img loading=\"lazy\" decoding=\"async\" class=\"aligncenter size-full wp-image-454\" alt=\"Oui Oui blog-kit wedding planner\" src=\"https:\/\/oui-oui.es\/blog\/wp-content\/uploads\/oui-oui-blog-kit-wedding-planner.jpg\" width=\"360\" height=\"450\" srcset=\"https:\/\/oui-oui.es\/blog\/wp-content\/uploads\/oui-oui-blog-kit-wedding-planner.jpg 360w, https:\/\/oui-oui.es\/blog\/wp-content\/uploads\/oui-oui-blog-kit-wedding-planner-240x300.jpg 240w\" sizes=\"auto, (max-width: 360px) 100vw, 360px\" \/><\/a><\/p>\n","protected":false},"excerpt":{"rendered":"<p>Hoy hace dos a\u00f1os que anunciamos p\u00fablicamente que est\u00e1bamos comprometidos y que nos cas\u00e1bamos en ocho meses. Digo p\u00fablicamente porque \u00c1lvaro me lo pidi\u00f3 una semana antes, pero est\u00e1bamos esquiando, solos fuera de Espa\u00f1a, y fu\u00e9 nuestro secreto durante una semana. Una de las cosas que recuerdo con m\u00e1s ilusi\u00f3n es organizar la agenda de [&hellip;]<\/p>\n","protected":false},"author":1,"featured_media":453,"comment_status":"open","ping_status":"open","sticky":false,"template":"","format":"standard","meta":{"jetpack_post_was_ever_published":false,"_jetpack_newsletter_access":"","_jetpack_dont_email_post_to_subs":false,"_jetpack_newsletter_tier_id":0,"_jetpack_memberships_contains_paywalled_content":false,"_jetpack_memberships_contains_paid_content":false,"footnotes":"","jetpack_publicize_message":"","jetpack_publicize_feature_enabled":true,"jetpack_social_post_already_shared":false,"jetpack_social_options":{"image_generator_settings":{"template":"highway","default_image_id":0,"font":"","enabled":false},"version":2}},"categories":[704],"tags":[718,168],"class_list":["post-449","post","type-post","status-publish","format-standard","has-post-thumbnail","hentry","category-boda","tag-bodas","tag-wedding-planner"],"aioseo_notices":[],"jetpack_publicize_connections":[],"jetpack_featured_media_url":"https:\/\/oui-oui.es\/blog\/wp-content\/uploads\/oui-oui-blog-taza-casate-conmigo.jpg","jetpack_sharing_enabled":true,"jetpack-related-posts":[{"id":3802,"url":"https:\/\/oui-oui.es\/blog\/la-excusa-era-el-andy\/","url_meta":{"origin":449,"position":0},"title":"La excusa era el Andy","author":"Mar\u00eda \u2665Oui Oui\u2665","date":"1 diciembre, 2015","format":false,"excerpt":"As\u00ed es, en cuanto pusieron fecha al Andy Festival de 2015 corrimos a coger los billetes a Par\u00eds porque ten\u00edamos muchas ganas de conocerlo, al principio sin saber muy bien si era enorme o no, si con un d\u00eda tendr\u00edamos tiempo suficiente para verlo...As\u00ed que nos organizamos un viaje de\u2026","rel":"","context":"En \u00abBoda\u00bb","block_context":{"text":"Boda","link":"https:\/\/oui-oui.es\/blog\/category\/fiestas-celebraciones\/boda\/"},"img":{"alt_text":"","src":"https:\/\/i0.wp.com\/oui-oui.es\/blog\/wp-content\/uploads\/2015\/11\/Oui-OUi-andy-festival-2015-festival-du-marriage-11.jpg?resize=350%2C200&ssl=1","width":350,"height":200,"srcset":"https:\/\/i0.wp.com\/oui-oui.es\/blog\/wp-content\/uploads\/2015\/11\/Oui-OUi-andy-festival-2015-festival-du-marriage-11.jpg?resize=350%2C200&ssl=1 1x, https:\/\/i0.wp.com\/oui-oui.es\/blog\/wp-content\/uploads\/2015\/11\/Oui-OUi-andy-festival-2015-festival-du-marriage-11.jpg?resize=525%2C300&ssl=1 1.5x, https:\/\/i0.wp.com\/oui-oui.es\/blog\/wp-content\/uploads\/2015\/11\/Oui-OUi-andy-festival-2015-festival-du-marriage-11.jpg?resize=700%2C400&ssl=1 2x, https:\/\/i0.wp.com\/oui-oui.es\/blog\/wp-content\/uploads\/2015\/11\/Oui-OUi-andy-festival-2015-festival-du-marriage-11.jpg?resize=1050%2C600&ssl=1 3x, https:\/\/i0.wp.com\/oui-oui.es\/blog\/wp-content\/uploads\/2015\/11\/Oui-OUi-andy-festival-2015-festival-du-marriage-11.jpg?resize=1400%2C800&ssl=1 4x"},"classes":[]},{"id":4649,"url":"https:\/\/oui-oui.es\/blog\/como-hacer-polos-caseros\/","url_meta":{"origin":449,"position":1},"title":"C\u00f3mo hacer polos caseros","author":"Mar\u00eda \u2665Oui Oui\u2665","date":"13 julio, 2016","format":false,"excerpt":"Hacer polos en casa puede ser muy f\u00e1cil, todo depende de las complicaciones culinarias que le quieras a\u00f1adir. Hace unas semanas, Cristina, del blog Yellow Mandarin me propuso ir a cocinar a su casa para su secci\u00f3n #hoycocinocon , como ya est\u00e1bamos con la mente puesta en el verano pens\u00e9\u2026","rel":"","context":"En \u00abESTILO DE VIDA\u00bb","block_context":{"text":"ESTILO DE VIDA","link":"https:\/\/oui-oui.es\/blog\/category\/lifestyle-2\/"},"img":{"alt_text":"","src":"https:\/\/i0.wp.com\/oui-oui.es\/blog\/wp-content\/uploads\/2016\/07\/Oui-Oui-polos-caseros-yellow-mandarin-teresa-loboarregui-polo-frutas-del-bosque.jpg?resize=350%2C200&ssl=1","width":350,"height":200,"srcset":"https:\/\/i0.wp.com\/oui-oui.es\/blog\/wp-content\/uploads\/2016\/07\/Oui-Oui-polos-caseros-yellow-mandarin-teresa-loboarregui-polo-frutas-del-bosque.jpg?resize=350%2C200&ssl=1 1x, https:\/\/i0.wp.com\/oui-oui.es\/blog\/wp-content\/uploads\/2016\/07\/Oui-Oui-polos-caseros-yellow-mandarin-teresa-loboarregui-polo-frutas-del-bosque.jpg?resize=525%2C300&ssl=1 1.5x, https:\/\/i0.wp.com\/oui-oui.es\/blog\/wp-content\/uploads\/2016\/07\/Oui-Oui-polos-caseros-yellow-mandarin-teresa-loboarregui-polo-frutas-del-bosque.jpg?resize=700%2C400&ssl=1 2x"},"classes":[]},{"id":9842,"url":"https:\/\/oui-oui.es\/blog\/una-casa-rural-con-infinity-pool-y-apta-para-ninos\/","url_meta":{"origin":449,"position":2},"title":"Una casa rural con infinity pool y apta para ni\u00f1os","author":"Mar\u00eda \u2665Oui Oui\u2665","date":"23 mayo, 2019","format":false,"excerpt":"Hace cuatro a\u00f1os descubr\u00ed las incre\u00edbles casas rurales de alquiler en Candeleda de El Escondite de Pedro Malillo (pod\u00e9is ver el post AQU\u00cd). Las ten\u00eda fichadas desde entonces porque me encantan los alojamientos especiales, que cuidan la decoraci\u00f3n y que, adem\u00e1s, tienen una piscina singular. El Escondite de Pedro Malillo\u2026","rel":"","context":"En \u00abESTILO DE VIDA\u00bb","block_context":{"text":"ESTILO DE VIDA","link":"https:\/\/oui-oui.es\/blog\/category\/lifestyle-2\/"},"img":{"alt_text":"","src":"https:\/\/i0.wp.com\/oui-oui.es\/blog\/wp-content\/uploads\/2019\/05\/Oui-Oui-El-escondite-de-Pedro-Malillo-Casa-Rural-Candeleda-Ni%C3%B1os-Piscina-6-1.jpg?resize=350%2C200&ssl=1","width":350,"height":200,"srcset":"https:\/\/i0.wp.com\/oui-oui.es\/blog\/wp-content\/uploads\/2019\/05\/Oui-Oui-El-escondite-de-Pedro-Malillo-Casa-Rural-Candeleda-Ni%C3%B1os-Piscina-6-1.jpg?resize=350%2C200&ssl=1 1x, https:\/\/i0.wp.com\/oui-oui.es\/blog\/wp-content\/uploads\/2019\/05\/Oui-Oui-El-escondite-de-Pedro-Malillo-Casa-Rural-Candeleda-Ni%C3%B1os-Piscina-6-1.jpg?resize=525%2C300&ssl=1 1.5x, https:\/\/i0.wp.com\/oui-oui.es\/blog\/wp-content\/uploads\/2019\/05\/Oui-Oui-El-escondite-de-Pedro-Malillo-Casa-Rural-Candeleda-Ni%C3%B1os-Piscina-6-1.jpg?resize=700%2C400&ssl=1 2x, https:\/\/i0.wp.com\/oui-oui.es\/blog\/wp-content\/uploads\/2019\/05\/Oui-Oui-El-escondite-de-Pedro-Malillo-Casa-Rural-Candeleda-Ni%C3%B1os-Piscina-6-1.jpg?resize=1050%2C600&ssl=1 3x, https:\/\/i0.wp.com\/oui-oui.es\/blog\/wp-content\/uploads\/2019\/05\/Oui-Oui-El-escondite-de-Pedro-Malillo-Casa-Rural-Candeleda-Ni%C3%B1os-Piscina-6-1.jpg?resize=1400%2C800&ssl=1 4x"},"classes":[]},{"id":1133,"url":"https:\/\/oui-oui.es\/blog\/weddsgiving-o-el-planazo-de-las-navidades-pasadas\/","url_meta":{"origin":449,"position":3},"title":"Weddsgiving, o el planazo de las navidades pasadas","author":"Mar\u00eda \u2665Oui Oui\u2665","date":"22 enero, 2014","format":false,"excerpt":"Llego tarde, ya lo s\u00e9, en este mundo bloggeril, o escribes sobre el \"evento en cuesti\u00f3n\" como tarde a la semana siguiente de acudir o ya puede parecer \"pasado\"...Pues bien, yo escribo este post m\u00e1s de un mes despu\u00e9s, porque es cuando he tenido tiempo y porque me apetece. Es\u2026","rel":"","context":"En \u00abNavidad\u00bb","block_context":{"text":"Navidad","link":"https:\/\/oui-oui.es\/blog\/category\/fiestas-celebraciones\/navidad\/"},"img":{"alt_text":"","src":"https:\/\/i0.wp.com\/oui-oui.es\/blog\/wp-content\/uploads\/2014\/01\/oui-oui-weddsgiving-comida-navidad-bloggers-vaqueria-suiza-savethedateproject-ranasyprincesas-debodaconmaron-tocadosletouquet-7.jpg?resize=350%2C200&ssl=1","width":350,"height":200},"classes":[]},{"id":2561,"url":"https:\/\/oui-oui.es\/blog\/oui-oui-en-decoraccion-2\/","url_meta":{"origin":449,"position":4},"title":"Oui Oui en DecorAcci\u00f3n","author":"Mar\u00eda \u2665Oui Oui\u2665","date":"8 junio, 2015","format":false,"excerpt":"Creo que ya lo he dicho\u00a0muchas veces, pero no me canso; le tenemos mucho cari\u00f1o a DecorAcci\u00f3n; la cita de la decoraci\u00f3n a pie de calle m\u00e1s importante del a\u00f1o. \u00bfY por qu\u00e9?, pues por varios motivos; la primera vez que estuvimos fue gracias a que pudimos colarnos en el\u2026","rel":"","context":"En \u00abDECORACI\u00d3N\u00bb","block_context":{"text":"DECORACI\u00d3N","link":"https:\/\/oui-oui.es\/blog\/category\/decoracion-de-casa\/"},"img":{"alt_text":"","src":"https:\/\/i0.wp.com\/oui-oui.es\/blog\/wp-content\/uploads\/2015\/06\/oui-oui-pop-up-deco-decoraccion-2014.jpg?resize=350%2C200&ssl=1","width":350,"height":200,"srcset":"https:\/\/i0.wp.com\/oui-oui.es\/blog\/wp-content\/uploads\/2015\/06\/oui-oui-pop-up-deco-decoraccion-2014.jpg?resize=350%2C200&ssl=1 1x, https:\/\/i0.wp.com\/oui-oui.es\/blog\/wp-content\/uploads\/2015\/06\/oui-oui-pop-up-deco-decoraccion-2014.jpg?resize=525%2C300&ssl=1 1.5x"},"classes":[]},{"id":4772,"url":"https:\/\/oui-oui.es\/blog\/un-fin-de-semana-en-los-enebrales\/","url_meta":{"origin":449,"position":5},"title":"Un fin de semana en los Enebrales","author":"Mar\u00eda \u2665Oui Oui\u2665","date":"24 octubre, 2016","format":false,"excerpt":"Me gusta que me sorprendan y reconozco que no es f\u00e1cil, por un lado soy detallista y me gusta que lo sean conmigo, y, por otro, tengo tanto contacto con caterings, restaurantes, fot\u00f3grafos, organizadores de eventos, etc...Que , aunque a los que \"estamos metidos en \u00e9sto\" nos parezca lo normal,\u2026","rel":"","context":"En \u00abBautizos\u00bb","block_context":{"text":"Bautizos","link":"https:\/\/oui-oui.es\/blog\/category\/fiestas-celebraciones\/bautizos\/"},"img":{"alt_text":"","src":"https:\/\/i0.wp.com\/oui-oui.es\/blog\/wp-content\/uploads\/2016\/10\/Oui-Oui-finca-los-enebrales-talleres-ni%C3%B1os-campo-hotel-rural-ni%C3%B1os-cerca-madrid-NG-Estudio-2.jpg?resize=350%2C200&ssl=1","width":350,"height":200,"srcset":"https:\/\/i0.wp.com\/oui-oui.es\/blog\/wp-content\/uploads\/2016\/10\/Oui-Oui-finca-los-enebrales-talleres-ni%C3%B1os-campo-hotel-rural-ni%C3%B1os-cerca-madrid-NG-Estudio-2.jpg?resize=350%2C200&ssl=1 1x, https:\/\/i0.wp.com\/oui-oui.es\/blog\/wp-content\/uploads\/2016\/10\/Oui-Oui-finca-los-enebrales-talleres-ni%C3%B1os-campo-hotel-rural-ni%C3%B1os-cerca-madrid-NG-Estudio-2.jpg?resize=525%2C300&ssl=1 1.5x, https:\/\/i0.wp.com\/oui-oui.es\/blog\/wp-content\/uploads\/2016\/10\/Oui-Oui-finca-los-enebrales-talleres-ni%C3%B1os-campo-hotel-rural-ni%C3%B1os-cerca-madrid-NG-Estudio-2.jpg?resize=700%2C400&ssl=1 2x, https:\/\/i0.wp.com\/oui-oui.es\/blog\/wp-content\/uploads\/2016\/10\/Oui-Oui-finca-los-enebrales-talleres-ni%C3%B1os-campo-hotel-rural-ni%C3%B1os-cerca-madrid-NG-Estudio-2.jpg?resize=1050%2C600&ssl=1 3x"},"classes":[]}],"_links":{"self":[{"href":"https:\/\/oui-oui.es\/blog\/wp-json\/wp\/v2\/posts\/449","targetHints":{"allow":["GET"]}}],"collection":[{"href":"https:\/\/oui-oui.es\/blog\/wp-json\/wp\/v2\/posts"}],"about":[{"href":"https:\/\/oui-oui.es\/blog\/wp-json\/wp\/v2\/types\/post"}],"author":[{"embeddable":true,"href":"https:\/\/oui-oui.es\/blog\/wp-json\/wp\/v2\/users\/1"}],"replies":[{"embeddable":true,"href":"https:\/\/oui-oui.es\/blog\/wp-json\/wp\/v2\/comments?post=449"}],"version-history":[{"count":0,"href":"https:\/\/oui-oui.es\/blog\/wp-json\/wp\/v2\/posts\/449\/revisions"}],"wp:featuredmedia":[{"embeddable":true,"href":"https:\/\/oui-oui.es\/blog\/wp-json\/wp\/v2\/media\/453"}],"wp:attachment":[{"href":"https:\/\/oui-oui.es\/blog\/wp-json\/wp\/v2\/media?parent=449"}],"wp:term":[{"taxonomy":"category","embeddable":true,"href":"https:\/\/oui-oui.es\/blog\/wp-json\/wp\/v2\/categories?post=449"},{"taxonomy":"post_tag","embeddable":true,"href":"https:\/\/oui-oui.es\/blog\/wp-json\/wp\/v2\/tags?post=449"}],"curies":[{"name":"wp","href":"https:\/\/api.w.org\/{rel}","templated":true}]}}