{"id":4495,"date":"2016-06-16T13:47:31","date_gmt":"2016-06-16T11:47:31","guid":{"rendered":"https:\/\/oui-oui.es\/blog\/?p=4495"},"modified":"2016-06-16T13:47:31","modified_gmt":"2016-06-16T11:47:31","slug":"mis-conjuntitos-de-erase-una-vez-para-este-verano","status":"publish","type":"post","link":"https:\/\/oui-oui.es\/blog\/mis-conjuntitos-de-erase-una-vez-para-este-verano\/","title":{"rendered":"Mis conjuntitos de \u00c9rase una Vez para este verano"},"content":{"rendered":"<p><a href=\"http:\/\/www.bebeseraseunavez.com\/\"><img loading=\"lazy\" decoding=\"async\" class=\"aligncenter size-large wp-image-4502\" src=\"https:\/\/oui-oui.es\/blog\/wp-content\/uploads\/2016\/06\/Oui-Oui-peto-bebe-estampado-tropical-bolsa-carrito-bebe-estampado-tropical-bebes-erase-una-vez-1024x411.jpg\" alt=\"Oui Oui-peto bebe estampado tropical-bolsa carrito bebe estampado tropical-bebes erase una vez\" width=\"1024\" height=\"411\" srcset=\"https:\/\/oui-oui.es\/blog\/wp-content\/uploads\/2016\/06\/Oui-Oui-peto-bebe-estampado-tropical-bolsa-carrito-bebe-estampado-tropical-bebes-erase-una-vez-1024x411.jpg 1024w, https:\/\/oui-oui.es\/blog\/wp-content\/uploads\/2016\/06\/Oui-Oui-peto-bebe-estampado-tropical-bolsa-carrito-bebe-estampado-tropical-bebes-erase-una-vez-300x120.jpg 300w, https:\/\/oui-oui.es\/blog\/wp-content\/uploads\/2016\/06\/Oui-Oui-peto-bebe-estampado-tropical-bolsa-carrito-bebe-estampado-tropical-bebes-erase-una-vez-768x308.jpg 768w, https:\/\/oui-oui.es\/blog\/wp-content\/uploads\/2016\/06\/Oui-Oui-peto-bebe-estampado-tropical-bolsa-carrito-bebe-estampado-tropical-bebes-erase-una-vez-600x241.jpg 600w, https:\/\/oui-oui.es\/blog\/wp-content\/uploads\/2016\/06\/Oui-Oui-peto-bebe-estampado-tropical-bolsa-carrito-bebe-estampado-tropical-bebes-erase-una-vez.jpg 1076w\" sizes=\"auto, (max-width: 1024px) 100vw, 1024px\" \/><\/a><\/p>\n<p>La semana pasada lleg\u00f3 el calorazo de repente, la verdad es que ten\u00eda ganas para vestir a Frida y a Mart\u00edn de veranito, se me estaban acumulando culottes, petos y m\u00e1s prendas de Frida que quer\u00eda estrenar ya y adem\u00e1s <strong>no pude resistirme a encargarles varios conjuntos a juego<\/strong>, es una perdici\u00f3n porque as\u00ed compro el doble, pero la verdad es que van mon\u00edsimos.<\/p>\n<p>Ya he hablado otras veces de la <strong><a href=\"http:\/\/www.bebeseraseunavez.com\/\" target=\"_blank\">marca de ropa de beb\u00e9s \u00c9rase una ve<\/a>z<\/strong>, me encantan sus <strong>dise\u00f1os actuales con estilo, siempre con un toque de tendencia pero manteniendo el esp\u00edritu de beb\u00e9<\/strong>.Quer\u00eda hacerles varios conjuntos y hab\u00eda dos estampados que me encantaban; el <a href=\"http:\/\/www.bebeseraseunavez.com\/?s=candy\" target=\"_blank\"><em><strong>Candy<\/strong><\/em><\/a>; que con <strong>rayitas en zigzag rosa y mint<\/strong> es ideal para ni\u00f1o y ni\u00f1a y <a href=\"http:\/\/www.bebeseraseunavez.com\/?s=tropical\" target=\"_blank\"><strong>el tropical<\/strong><\/a> que ya sab\u00e9is que soy muy fan de \u00e9ste estampado para verano.<\/p>\n<p>Dudaba en las prendas que cogerle a cada uno as\u00ed que para cada conjunto cambi\u00e9 el orden, para el <strong>Candy<\/strong> encargu\u00e9 el <strong>pantal\u00f3n para Mart\u00edn<\/strong> (\u00a1truco!; en Zara Ni\u00f1os tienes el polo mint y el rosa a juego!) y <strong>la ranita para Frida<\/strong>, a la que le subir\u00e9 un poco el tono con una chaquetita coral que le ha hecho su abuela.<\/p>\n<p><a href=\"http:\/\/www.bebeseraseunavez.com\/?s=candy\"><img loading=\"lazy\" decoding=\"async\" class=\"aligncenter size-large wp-image-4501\" src=\"https:\/\/oui-oui.es\/blog\/wp-content\/uploads\/2016\/06\/Oui-Oui-ranita-bebe-zigzag-mint-y-rosa-lamparas-quitamiedo-helado-1024x1024.jpg\" alt=\"Oui Oui-ranita bebe zigzag mint y rosa-lamparas quitamiedo helado\" width=\"1024\" height=\"1024\" srcset=\"https:\/\/oui-oui.es\/blog\/wp-content\/uploads\/2016\/06\/Oui-Oui-ranita-bebe-zigzag-mint-y-rosa-lamparas-quitamiedo-helado-1024x1024.jpg 1024w, https:\/\/oui-oui.es\/blog\/wp-content\/uploads\/2016\/06\/Oui-Oui-ranita-bebe-zigzag-mint-y-rosa-lamparas-quitamiedo-helado-150x150.jpg 150w, https:\/\/oui-oui.es\/blog\/wp-content\/uploads\/2016\/06\/Oui-Oui-ranita-bebe-zigzag-mint-y-rosa-lamparas-quitamiedo-helado-300x300.jpg 300w, https:\/\/oui-oui.es\/blog\/wp-content\/uploads\/2016\/06\/Oui-Oui-ranita-bebe-zigzag-mint-y-rosa-lamparas-quitamiedo-helado-768x768.jpg 768w, https:\/\/oui-oui.es\/blog\/wp-content\/uploads\/2016\/06\/Oui-Oui-ranita-bebe-zigzag-mint-y-rosa-lamparas-quitamiedo-helado-600x600.jpg 600w\" sizes=\"auto, (max-width: 1024px) 100vw, 1024px\" \/><\/a><\/p>\n<p><a href=\"http:\/\/www.bebeseraseunavez.com\/?s=candy\"><img loading=\"lazy\" decoding=\"async\" class=\"aligncenter size-large wp-image-4499\" src=\"https:\/\/oui-oui.es\/blog\/wp-content\/uploads\/2016\/06\/Oui-Oui-conjunto-mint-y-rosa-bebes-erase-una-vez-zigzag-1024x1024.jpg\" alt=\"Oui Oui-conjunto mint y rosa-bebes erase una vez-zigzag\" width=\"1024\" height=\"1024\" srcset=\"https:\/\/oui-oui.es\/blog\/wp-content\/uploads\/2016\/06\/Oui-Oui-conjunto-mint-y-rosa-bebes-erase-una-vez-zigzag-1024x1024.jpg 1024w, https:\/\/oui-oui.es\/blog\/wp-content\/uploads\/2016\/06\/Oui-Oui-conjunto-mint-y-rosa-bebes-erase-una-vez-zigzag-150x150.jpg 150w, https:\/\/oui-oui.es\/blog\/wp-content\/uploads\/2016\/06\/Oui-Oui-conjunto-mint-y-rosa-bebes-erase-una-vez-zigzag-300x300.jpg 300w, https:\/\/oui-oui.es\/blog\/wp-content\/uploads\/2016\/06\/Oui-Oui-conjunto-mint-y-rosa-bebes-erase-una-vez-zigzag-768x768.jpg 768w, https:\/\/oui-oui.es\/blog\/wp-content\/uploads\/2016\/06\/Oui-Oui-conjunto-mint-y-rosa-bebes-erase-una-vez-zigzag-600x600.jpg 600w\" sizes=\"auto, (max-width: 1024px) 100vw, 1024px\" \/><\/a><\/p>\n<p>Y en el <strong>tropical<\/strong> lo he hecho al rev\u00e9s; <strong>el peto para Mart\u00edn y el culotte para Frida<\/strong> aunque creo que voy a comprar tambi\u00e9n el <strong>gorrito de beb\u00e9 de estampado de hojas<\/strong> que me estoy dando cuenta de que tiene que ir con gorrito todo el rato que est\u00e9 en brazos (es lo que tienen <em>los beb\u00e9s de verano<\/em>&#8230;Estoy por escribir otro post!)<\/p>\n<p><a href=\"http:\/\/www.bebeseraseunavez.com\/?s=tropical\"><img loading=\"lazy\" decoding=\"async\" class=\"aligncenter size-large wp-image-4500\" src=\"https:\/\/oui-oui.es\/blog\/wp-content\/uploads\/2016\/06\/Oui-Oui-peto-bebe-estampado-tropical-culotte-bebe-estampado-tropical-platos-estampado-tropical-1024x1024.jpg\" alt=\"Oui Oui-peto bebe estampado tropical-culotte bebe estampado tropical-platos estampado tropical\" width=\"1024\" height=\"1024\" srcset=\"https:\/\/oui-oui.es\/blog\/wp-content\/uploads\/2016\/06\/Oui-Oui-peto-bebe-estampado-tropical-culotte-bebe-estampado-tropical-platos-estampado-tropical-1024x1024.jpg 1024w, https:\/\/oui-oui.es\/blog\/wp-content\/uploads\/2016\/06\/Oui-Oui-peto-bebe-estampado-tropical-culotte-bebe-estampado-tropical-platos-estampado-tropical-150x150.jpg 150w, https:\/\/oui-oui.es\/blog\/wp-content\/uploads\/2016\/06\/Oui-Oui-peto-bebe-estampado-tropical-culotte-bebe-estampado-tropical-platos-estampado-tropical-300x300.jpg 300w, https:\/\/oui-oui.es\/blog\/wp-content\/uploads\/2016\/06\/Oui-Oui-peto-bebe-estampado-tropical-culotte-bebe-estampado-tropical-platos-estampado-tropical-768x768.jpg 768w, https:\/\/oui-oui.es\/blog\/wp-content\/uploads\/2016\/06\/Oui-Oui-peto-bebe-estampado-tropical-culotte-bebe-estampado-tropical-platos-estampado-tropical-600x600.jpg 600w\" sizes=\"auto, (max-width: 1024px) 100vw, 1024px\" \/><\/a><\/p>\n<p>Ya estamos con la operaci\u00f3n pa\u00f1al de Mart\u00edn as\u00ed que he dejado los conjuntos monos para dentro de unas semanas, en cuanto les vista igual os lo ense\u00f1o en Instagram \ud83d\ude09<\/p>\n<p>Adem\u00e1s, <strong>tienen la bolsa y el neceser a juego<\/strong>, genial para la playa, o para ir todo el d\u00eda en verano con la bolsa de los cambios, no me gustan nada las bolsas que vienen por defecto con los carritos!<\/p>\n<p><img loading=\"lazy\" decoding=\"async\" class=\"aligncenter size-large wp-image-4497\" src=\"https:\/\/oui-oui.es\/blog\/wp-content\/uploads\/2016\/06\/Oui-Oui-bolsas-carrito-bebe-chulas-erase-una-vez-bolsa-y-neceser-tropical-1024x768.jpg\" alt=\"Oui Oui-bolsas carrito bebe chulas-erase una vez-bolsa y neceser tropical\" width=\"1024\" height=\"768\" srcset=\"https:\/\/oui-oui.es\/blog\/wp-content\/uploads\/2016\/06\/Oui-Oui-bolsas-carrito-bebe-chulas-erase-una-vez-bolsa-y-neceser-tropical-1024x768.jpg 1024w, https:\/\/oui-oui.es\/blog\/wp-content\/uploads\/2016\/06\/Oui-Oui-bolsas-carrito-bebe-chulas-erase-una-vez-bolsa-y-neceser-tropical-300x225.jpg 300w, https:\/\/oui-oui.es\/blog\/wp-content\/uploads\/2016\/06\/Oui-Oui-bolsas-carrito-bebe-chulas-erase-una-vez-bolsa-y-neceser-tropical-768x576.jpg 768w, https:\/\/oui-oui.es\/blog\/wp-content\/uploads\/2016\/06\/Oui-Oui-bolsas-carrito-bebe-chulas-erase-una-vez-bolsa-y-neceser-tropical-600x450.jpg 600w\" sizes=\"auto, (max-width: 1024px) 100vw, 1024px\" \/><\/p>\n<p><a href=\"http:\/\/www.bebeseraseunavez.com\/?s=bolsa+candy\"><img loading=\"lazy\" decoding=\"async\" class=\"aligncenter size-large wp-image-4496\" src=\"https:\/\/oui-oui.es\/blog\/wp-content\/uploads\/2016\/06\/Oui-Oui-bolsas-carrito-bebe-chulas-erase-una-vez-bolsa-y-neceser-tonos-pastel-candy-1024x768.jpg\" alt=\"Oui Oui-bolsas carrito bebe chulas-erase una vez-bolsa y neceser tonos pastel-candy\" width=\"1024\" height=\"768\" srcset=\"https:\/\/oui-oui.es\/blog\/wp-content\/uploads\/2016\/06\/Oui-Oui-bolsas-carrito-bebe-chulas-erase-una-vez-bolsa-y-neceser-tonos-pastel-candy-1024x768.jpg 1024w, https:\/\/oui-oui.es\/blog\/wp-content\/uploads\/2016\/06\/Oui-Oui-bolsas-carrito-bebe-chulas-erase-una-vez-bolsa-y-neceser-tonos-pastel-candy-300x225.jpg 300w, https:\/\/oui-oui.es\/blog\/wp-content\/uploads\/2016\/06\/Oui-Oui-bolsas-carrito-bebe-chulas-erase-una-vez-bolsa-y-neceser-tonos-pastel-candy-768x576.jpg 768w, https:\/\/oui-oui.es\/blog\/wp-content\/uploads\/2016\/06\/Oui-Oui-bolsas-carrito-bebe-chulas-erase-una-vez-bolsa-y-neceser-tonos-pastel-candy-600x450.jpg 600w\" sizes=\"auto, (max-width: 1024px) 100vw, 1024px\" \/><\/a><\/p>\n<p>Si pasas por <a href=\"http:\/\/www.bebeseraseunavez.com\/\" target=\"_blank\"><strong>la tienda<\/strong><\/a>, no olvides el<strong> <a href=\"http:\/\/www.bebeseraseunavez.com\/moda-infantil\/outlet\/\" target=\"_blank\">outlet<\/a><\/strong>, yo tuve la suerte de que quedara el ba\u00f1ador de Mart\u00edn del a\u00f1o pasado pero en su talla de este a\u00f1o (que no han hecho ba\u00f1adores..Sniff!) que era ideal y qued\u00e9 s\u00faper contenta.<\/p>\n<p><img loading=\"lazy\" decoding=\"async\" class=\"aligncenter size-full wp-image-4498\" src=\"https:\/\/oui-oui.es\/blog\/wp-content\/uploads\/2016\/06\/Oui-Oui-Mart\u00edn-babyoui-con-ba\u00f1ador-\u00e9rase-una-vez.jpg\" alt=\"Oui Oui-Mart\u00edn babyoui con ba\u00f1ador \u00e9rase una vez\" width=\"640\" height=\"640\" srcset=\"https:\/\/oui-oui.es\/blog\/wp-content\/uploads\/2016\/06\/Oui-Oui-Mart\u00edn-babyoui-con-ba\u00f1ador-\u00e9rase-una-vez.jpg 640w, https:\/\/oui-oui.es\/blog\/wp-content\/uploads\/2016\/06\/Oui-Oui-Mart\u00edn-babyoui-con-ba\u00f1ador-\u00e9rase-una-vez-150x150.jpg 150w, https:\/\/oui-oui.es\/blog\/wp-content\/uploads\/2016\/06\/Oui-Oui-Mart\u00edn-babyoui-con-ba\u00f1ador-\u00e9rase-una-vez-300x300.jpg 300w, https:\/\/oui-oui.es\/blog\/wp-content\/uploads\/2016\/06\/Oui-Oui-Mart\u00edn-babyoui-con-ba\u00f1ador-\u00e9rase-una-vez-600x600.jpg 600w\" sizes=\"auto, (max-width: 640px) 100vw, 640px\" \/><\/p>\n<p>Bueno, y, por supuesto, <strong>tienes m\u00e1s estampados; estrellitas mint, flamencos, etc<\/strong>&#8230;Que yo me he centrado en los que he pedido \ud83d\ude09 . Puedes ver m\u00e1s <strong><a href=\"http:\/\/www.bebeseraseunavez.com\/\" target=\"_blank\">AQU\u00cd<\/a><\/strong><\/p>\n<p>Ah! y adem\u00e1s he visto que hoy celebra sus 15.000 fans en Instagram con <strong>gastos de env\u00edo gratis para pedidos &gt; 35\u20ac<\/strong>, <a href=\"https:\/\/www.instagram.com\/_eraseunavez\/\" target=\"_blank\">p\u00e1sate por su cuenta<\/a> para ver el C\u00f3digo \ud83d\ude09<\/p>\n","protected":false},"excerpt":{"rendered":"<p>La semana pasada lleg\u00f3 el calorazo de repente, la verdad es que ten\u00eda ganas para vestir a Frida y a Mart\u00edn de veranito, se me estaban acumulando culottes, petos y m\u00e1s prendas de Frida que quer\u00eda estrenar ya y adem\u00e1s no pude resistirme a encargarles varios conjuntos a juego, es una perdici\u00f3n porque as\u00ed compro [&hellip;]<\/p>\n","protected":false},"author":1,"featured_media":4500,"comment_status":"open","ping_status":"open","sticky":false,"template":"","format":"standard","meta":{"jetpack_post_was_ever_published":false,"_jetpack_newsletter_access":"","_jetpack_dont_email_post_to_subs":false,"_jetpack_newsletter_tier_id":0,"_jetpack_memberships_contains_paywalled_content":false,"_jetpack_memberships_contains_paid_content":false,"footnotes":"","jetpack_publicize_message":"","jetpack_publicize_feature_enabled":true,"jetpack_social_post_already_shared":true,"jetpack_social_options":{"image_generator_settings":{"template":"highway","default_image_id":0,"font":"","enabled":false},"version":2}},"categories":[174],"tags":[719],"class_list":["post-4495","post","type-post","status-publish","format-standard","has-post-thumbnail","hentry","category-ninos","tag-ropa-bebes-y-ninos"],"aioseo_notices":[],"jetpack_publicize_connections":[],"jetpack_featured_media_url":"https:\/\/oui-oui.es\/blog\/wp-content\/uploads\/2016\/06\/Oui-Oui-peto-bebe-estampado-tropical-culotte-bebe-estampado-tropical-platos-estampado-tropical.jpg","jetpack_sharing_enabled":true,"jetpack-related-posts":[{"id":4208,"url":"https:\/\/oui-oui.es\/blog\/10-marcas-de-ropa-espanolas-para-bebes\/","url_meta":{"origin":4495,"position":0},"title":"10 marcas de ropa espa\u00f1olas para beb\u00e9s","author":"Mar\u00eda \u2665Oui Oui\u2665","date":"21 abril, 2016","format":false,"excerpt":"Creo que cada d\u00eda descubro una marca nueva de ropa para beb\u00e9s y ni\u00f1os,espa\u00f1ola o extranjera, se est\u00e1 conviertiendo en una perdici\u00f3n y me encantar\u00eda que Instagram me dejara hacer listas para organizarlas mejor, mientras, he pensado ir haciendo post poco a poco con mis favoritas, empiezo seleccionando 10 marcas\u2026","rel":"","context":"En \u00abNI\u00d1OS Y NI\u00d1AS\u00bb","block_context":{"text":"NI\u00d1OS Y NI\u00d1AS","link":"https:\/\/oui-oui.es\/blog\/category\/ninos\/"},"img":{"alt_text":"","src":"https:\/\/i0.wp.com\/oui-oui.es\/blog\/wp-content\/uploads\/2016\/04\/Oui-Oui-marcas-espa%C3%B1olas-ropa-bebe-punto-poleomenta-tejiendo-patucos.jpg?resize=350%2C200&ssl=1","width":350,"height":200,"srcset":"https:\/\/i0.wp.com\/oui-oui.es\/blog\/wp-content\/uploads\/2016\/04\/Oui-Oui-marcas-espa%C3%B1olas-ropa-bebe-punto-poleomenta-tejiendo-patucos.jpg?resize=350%2C200&ssl=1 1x, https:\/\/i0.wp.com\/oui-oui.es\/blog\/wp-content\/uploads\/2016\/04\/Oui-Oui-marcas-espa%C3%B1olas-ropa-bebe-punto-poleomenta-tejiendo-patucos.jpg?resize=525%2C300&ssl=1 1.5x, https:\/\/i0.wp.com\/oui-oui.es\/blog\/wp-content\/uploads\/2016\/04\/Oui-Oui-marcas-espa%C3%B1olas-ropa-bebe-punto-poleomenta-tejiendo-patucos.jpg?resize=700%2C400&ssl=1 2x"},"classes":[]},{"id":5451,"url":"https:\/\/oui-oui.es\/blog\/baby-bloom-kids-ropa-de-ninos-con-aires-del-sur\/","url_meta":{"origin":4495,"position":1},"title":"Baby Bloom Kids | Ropa de ni\u00f1os con aires del sur","author":"Mar\u00eda \u2665Oui Oui\u2665","date":"26 mayo, 2017","format":false,"excerpt":"\u00a0 Hace unas semanas pude conocer la nueva marca de ropa para ni\u00f1os Baby Bloom Kids, creada por Beatriz Mira Hafner y su madre. La verdad es que me encanta conocer marcas nuevas para comprarle ropa a Mart\u00edn y a Frida\u00a0 un poco diferente a la que vemos todos los\u2026","rel":"","context":"En \u00abNI\u00d1OS Y NI\u00d1AS\u00bb","block_context":{"text":"NI\u00d1OS Y NI\u00d1AS","link":"https:\/\/oui-oui.es\/blog\/category\/ninos\/"},"img":{"alt_text":"","src":"https:\/\/i0.wp.com\/oui-oui.es\/blog\/wp-content\/uploads\/2017\/05\/Oui-Oui-baby-bloom-kids-ropa-ni%C3%B1os-beatriz-mira-hafner-logo.png?resize=350%2C200&ssl=1","width":350,"height":200},"classes":[]},{"id":4264,"url":"https:\/\/oui-oui.es\/blog\/5-marcas-espanolas-de-ropa-de-bebe\/","url_meta":{"origin":4495,"position":2},"title":"5 marcas espa\u00f1olas de ropa de beb\u00e9","author":"Mar\u00eda \u2665Oui Oui\u2665","date":"6 mayo, 2016","format":false,"excerpt":"Este post es la continuaci\u00f3n del de 10 marcas de ropa espa\u00f1olas para beb\u00e9, cada semana descubro marcas nuevas que me encantan, muchas espa\u00f1olas y otras no, pero me pareci\u00f3 interesante dividirlas as\u00ed, como no me cab\u00edan todas en un post, aqu\u00ed va la segunda tanda ;) Las agujas de\u2026","rel":"","context":"En \u00abMATERNIDAD\u00bb","block_context":{"text":"MATERNIDAD","link":"https:\/\/oui-oui.es\/blog\/category\/maternidad\/"},"img":{"alt_text":"","src":"https:\/\/i0.wp.com\/oui-oui.es\/blog\/wp-content\/uploads\/2016\/05\/Oui-Oui-marcas-espa%C3%B1olas-ropa-bebe-jersey-inicial-las-agujas-de-mama.jpg?resize=350%2C200&ssl=1","width":350,"height":200,"srcset":"https:\/\/i0.wp.com\/oui-oui.es\/blog\/wp-content\/uploads\/2016\/05\/Oui-Oui-marcas-espa%C3%B1olas-ropa-bebe-jersey-inicial-las-agujas-de-mama.jpg?resize=350%2C200&ssl=1 1x, https:\/\/i0.wp.com\/oui-oui.es\/blog\/wp-content\/uploads\/2016\/05\/Oui-Oui-marcas-espa%C3%B1olas-ropa-bebe-jersey-inicial-las-agujas-de-mama.jpg?resize=525%2C300&ssl=1 1.5x"},"classes":[]},{"id":3663,"url":"https:\/\/oui-oui.es\/blog\/la-wishlist-para-frida\/","url_meta":{"origin":4495,"position":3},"title":"La wishlist para Frida","author":"Mar\u00eda \u2665Oui Oui\u2665","date":"4 noviembre, 2015","format":false,"excerpt":"A\u00fan quedan un poco m\u00e1s de tres meses pero es ahora cuando empiezo a tener las ganas de ver y buscar cosas para Frida (as\u00ed se llamar\u00e1 la ni\u00f1a que esperamos para febrero!) as\u00ed que voy a ir recopil\u00e1ndolas en mis wishlist para que no se me olviden. Hay dos\u2026","rel":"","context":"En \u00abMATERNIDAD\u00bb","block_context":{"text":"MATERNIDAD","link":"https:\/\/oui-oui.es\/blog\/category\/maternidad\/"},"img":{"alt_text":"","src":"https:\/\/i0.wp.com\/oui-oui.es\/blog\/wp-content\/uploads\/2015\/11\/Oui-Oui-libro-frida-kahlo-ni%C3%B1os-coleccion-mujeres-cuentos-ni%C3%B1os-cuento-frida-ed-alba.jpg?resize=350%2C200&ssl=1","width":350,"height":200},"classes":[]},{"id":2440,"url":"https:\/\/oui-oui.es\/blog\/erase-una-vez-ropa-de-bebe\/","url_meta":{"origin":4495,"position":4},"title":"\u00c9rase una vez&#8230;Ropa de beb\u00e9","author":"Mar\u00eda \u2665Oui Oui\u2665","date":"5 junio, 2015","format":false,"excerpt":"Encontrar marcas de ropa de beb\u00e9 o ni\u00f1os que seas monas y asequibles no es f\u00e1cil, por eso hoy quer\u00eda compartir con vosotros la marca de ropa de beb\u00e9 100% espa\u00f1ola \u00c9rase una vez; una marca que lleva muy poquito tiempo pero que su fundadora, Gabriela, est\u00e1 haciendo crecer poco\u2026","rel":"","context":"En \u00abMATERNIDAD\u00bb","block_context":{"text":"MATERNIDAD","link":"https:\/\/oui-oui.es\/blog\/category\/maternidad\/"},"img":{"alt_text":"","src":"https:\/\/i0.wp.com\/oui-oui.es\/blog\/wp-content\/uploads\/2015\/06\/oui-oui-blog-ropa-bebe-erase-una-vez-ropa-bebe-mona-buen-precio-5.jpg?resize=350%2C200&ssl=1","width":350,"height":200,"srcset":"https:\/\/i0.wp.com\/oui-oui.es\/blog\/wp-content\/uploads\/2015\/06\/oui-oui-blog-ropa-bebe-erase-una-vez-ropa-bebe-mona-buen-precio-5.jpg?resize=350%2C200&ssl=1 1x, https:\/\/i0.wp.com\/oui-oui.es\/blog\/wp-content\/uploads\/2015\/06\/oui-oui-blog-ropa-bebe-erase-una-vez-ropa-bebe-mona-buen-precio-5.jpg?resize=525%2C300&ssl=1 1.5x"},"classes":[]},{"id":3890,"url":"https:\/\/oui-oui.es\/blog\/la-iii-wishlist-de-frida\/","url_meta":{"origin":4495,"position":5},"title":"La III Wishlist de Frida!","author":"Mar\u00eda \u2665Oui Oui\u2665","date":"17 diciembre, 2015","format":false,"excerpt":"Parece que me voy animando seg\u00fan se acerca el momento y cada vez veo m\u00e1s cosas que me apetecen para ella y para su rinc\u00f3n de la habitaci\u00f3n (ahora si que siento que tengo que volver a reestructurar un poco la habitaci\u00f3n de Mart\u00edn que ser\u00e1 de los dos!), as\u00ed\u2026","rel":"","context":"En \u00abNI\u00d1OS Y NI\u00d1AS\u00bb","block_context":{"text":"NI\u00d1OS Y NI\u00d1AS","link":"https:\/\/oui-oui.es\/blog\/category\/ninos\/"},"img":{"alt_text":"","src":"https:\/\/i0.wp.com\/oui-oui.es\/blog\/wp-content\/uploads\/2015\/12\/Oui-Oui-wishlist-frida-lamina-dibujo-mrs-miguetto.jpg?resize=350%2C200&ssl=1","width":350,"height":200,"srcset":"https:\/\/i0.wp.com\/oui-oui.es\/blog\/wp-content\/uploads\/2015\/12\/Oui-Oui-wishlist-frida-lamina-dibujo-mrs-miguetto.jpg?resize=350%2C200&ssl=1 1x, https:\/\/i0.wp.com\/oui-oui.es\/blog\/wp-content\/uploads\/2015\/12\/Oui-Oui-wishlist-frida-lamina-dibujo-mrs-miguetto.jpg?resize=525%2C300&ssl=1 1.5x, https:\/\/i0.wp.com\/oui-oui.es\/blog\/wp-content\/uploads\/2015\/12\/Oui-Oui-wishlist-frida-lamina-dibujo-mrs-miguetto.jpg?resize=700%2C400&ssl=1 2x"},"classes":[]}],"_links":{"self":[{"href":"https:\/\/oui-oui.es\/blog\/wp-json\/wp\/v2\/posts\/4495","targetHints":{"allow":["GET"]}}],"collection":[{"href":"https:\/\/oui-oui.es\/blog\/wp-json\/wp\/v2\/posts"}],"about":[{"href":"https:\/\/oui-oui.es\/blog\/wp-json\/wp\/v2\/types\/post"}],"author":[{"embeddable":true,"href":"https:\/\/oui-oui.es\/blog\/wp-json\/wp\/v2\/users\/1"}],"replies":[{"embeddable":true,"href":"https:\/\/oui-oui.es\/blog\/wp-json\/wp\/v2\/comments?post=4495"}],"version-history":[{"count":1,"href":"https:\/\/oui-oui.es\/blog\/wp-json\/wp\/v2\/posts\/4495\/revisions"}],"predecessor-version":[{"id":4503,"href":"https:\/\/oui-oui.es\/blog\/wp-json\/wp\/v2\/posts\/4495\/revisions\/4503"}],"wp:featuredmedia":[{"embeddable":true,"href":"https:\/\/oui-oui.es\/blog\/wp-json\/wp\/v2\/media\/4500"}],"wp:attachment":[{"href":"https:\/\/oui-oui.es\/blog\/wp-json\/wp\/v2\/media?parent=4495"}],"wp:term":[{"taxonomy":"category","embeddable":true,"href":"https:\/\/oui-oui.es\/blog\/wp-json\/wp\/v2\/categories?post=4495"},{"taxonomy":"post_tag","embeddable":true,"href":"https:\/\/oui-oui.es\/blog\/wp-json\/wp\/v2\/tags?post=4495"}],"curies":[{"name":"wp","href":"https:\/\/api.w.org\/{rel}","templated":true}]}}