{"id":4505,"date":"2016-06-22T23:25:30","date_gmt":"2016-06-22T21:25:30","guid":{"rendered":"https:\/\/oui-oui.es\/blog\/?p=4505"},"modified":"2016-07-06T11:15:56","modified_gmt":"2016-07-06T09:15:56","slug":"3-cosas-que-comprare-en-las-rebajas-de-zara","status":"publish","type":"post","link":"https:\/\/oui-oui.es\/blog\/3-cosas-que-comprare-en-las-rebajas-de-zara\/","title":{"rendered":"3 cosas que comprar\u00e9 en las rebajas de Zara"},"content":{"rendered":"<p>Ten\u00eda que ir a cambiar una blusa en Zara y esta tarde encontr\u00e9 un huequito y me he encontrado con que ya hab\u00eda rebajas en muchas tiendas (menos en el Imprerio Inditex, por supuesto, que ellos siempre esperan al 1 de julio), as\u00ed que en Zara me he resistido a comprar algunas cosillas que me han gustado y me las apunto para las rebajas&#8230;A ver si llegan \ud83d\ude09 . No las he elegido por su alto precio, pues tienen un precio asequible, sino porque son <em>caprichos<\/em> que en realidad no me hacen falta, as\u00ed que prefiero d\u00e1rmelos en rebajas&#8230;\u00c9stas son algunas:<\/p>\n<p>Sin duda <strong>ser\u00e1 un gran momento para comprarte un kimono<\/strong>, \u00e9ste color teja con bordados me encanta, pero tienes otros tres o cuatro para elegir.<\/p>\n<p>&nbsp;<\/p>\n<p><img loading=\"lazy\" decoding=\"async\" class=\"aligncenter size-full wp-image-4508\" src=\"https:\/\/oui-oui.es\/blog\/wp-content\/uploads\/2016\/06\/Oui-Oui-rebajas-zara-kimono-bordado-teja.jpg\" alt=\"Oui Oui-rebajas zara-kimono bordado teja\" width=\"400\" height=\"496\" srcset=\"https:\/\/oui-oui.es\/blog\/wp-content\/uploads\/2016\/06\/Oui-Oui-rebajas-zara-kimono-bordado-teja.jpg 400w, https:\/\/oui-oui.es\/blog\/wp-content\/uploads\/2016\/06\/Oui-Oui-rebajas-zara-kimono-bordado-teja-242x300.jpg 242w\" sizes=\"auto, (max-width: 400px) 100vw, 400px\" \/><\/p>\n<p><strong>Un abrigo<\/strong>, hoy hac\u00eda demasiado calor como para fijarme, pero las rebajas son EL momento para comprar uno y otro <strong>momento ideal es a principios de agosto<\/strong>, cuando llega el avance de oto\u00f1o, suele haber prendas \u00abde prueba\u00bb que muchas veces no llegan a producir en serie y sin darte cuenta tienes una pieza de Zara que no tiene casi nadie.<\/p>\n<p><img loading=\"lazy\" decoding=\"async\" class=\"aligncenter size-full wp-image-4507\" src=\"https:\/\/oui-oui.es\/blog\/wp-content\/uploads\/2016\/06\/Oui-Oui-rebajas-zara-chaleco-con-solapa-tipo-gabardina.jpg\" alt=\"Oui Oui-rebajas zara-chaleco con solapa tipo gabardina\" width=\"400\" height=\"496\" srcset=\"https:\/\/oui-oui.es\/blog\/wp-content\/uploads\/2016\/06\/Oui-Oui-rebajas-zara-chaleco-con-solapa-tipo-gabardina.jpg 400w, https:\/\/oui-oui.es\/blog\/wp-content\/uploads\/2016\/06\/Oui-Oui-rebajas-zara-chaleco-con-solapa-tipo-gabardina-242x300.jpg 242w\" sizes=\"auto, (max-width: 400px) 100vw, 400px\" \/><\/p>\n<p>Un <strong>sombrero<\/strong>, creo que \u00e9ste es el que m\u00e1s me ha gustado<\/p>\n<p><img loading=\"lazy\" decoding=\"async\" class=\"aligncenter size-large wp-image-4513\" src=\"https:\/\/oui-oui.es\/blog\/wp-content\/uploads\/2016\/06\/Oui-Oui-sombrero-paja-ala-cinta-gris-zara-rebajas-741x1024.jpg\" alt=\"Oui Oui-sombrero paja ala cinta gris-zara rebajas\" width=\"741\" height=\"1024\" srcset=\"https:\/\/oui-oui.es\/blog\/wp-content\/uploads\/2016\/06\/Oui-Oui-sombrero-paja-ala-cinta-gris-zara-rebajas-741x1024.jpg 741w, https:\/\/oui-oui.es\/blog\/wp-content\/uploads\/2016\/06\/Oui-Oui-sombrero-paja-ala-cinta-gris-zara-rebajas-217x300.jpg 217w, https:\/\/oui-oui.es\/blog\/wp-content\/uploads\/2016\/06\/Oui-Oui-sombrero-paja-ala-cinta-gris-zara-rebajas-768x1061.jpg 768w, https:\/\/oui-oui.es\/blog\/wp-content\/uploads\/2016\/06\/Oui-Oui-sombrero-paja-ala-cinta-gris-zara-rebajas-600x829.jpg 600w\" sizes=\"auto, (max-width: 741px) 100vw, 741px\" \/><\/p>\n<p>Pero si hay buenas rebajas igual cae alguno m\u00e1s<\/p>\n<style>.eic-frame-4512 { width: 500px; height:500px; background-color: #ffffff; border: 2px solid #ffffff; }.eic-frame-4512 .eic-image { border: 2px solid #ffffff; }<\/style><div class=\"eic-container\"><div class=\"eic-frame eic-frame-4512 eic-frame-4-squares\" data-layout-name=\"4-squares\" data-orig-width=\"500\" data-orig-border=\"2\" data-ratio=\"1\"><div class=\"eic-cols\"><div class=\"eic-col eic-child-1\" style=\"top: 0; bottom: 0; left: 0; right: 50%; width: 50%;\"><div class=\"eic-rows\"><div class=\"eic-row eic-child-1\" style=\"top: 0; left: 0; right: 0; bottom: 50%; height: 50%;\"><div class=\"eic-image eic-image-0\" data-size-x=\"254\" data-size-y=\"314.96000000000004\" data-pos-x=\"0\" data-pos-y=\"0\"><img decoding=\"async\" src=\"https:\/\/oui-oui.es\/blog\/wp-content\/uploads\/2016\/06\/Oui-Oui-sombrero-paja-negro-zara-rebajas.jpg\" style=\"width: 254px !important;height: 314px !important;max-width: none !important;max-height: none !important;position: absolute !important;left: 0px !important;top: 0px !important;padding: 0 !important;margin: 0 !important;border: none !important;\" title=\"Oui Oui-sombrero paja negro-zara rebajas\" alt=\"Oui Oui-sombrero paja negro-zara rebajas\" \/><\/div><\/div><div class=\"eic-row eic-child-2\" style=\"bottom: 0; left: 0; right: 0; top: 50%; height: 50%;\"><div class=\"eic-image eic-image-2\" data-size-x=\"252\" data-size-y=\"312.48\" data-pos-x=\"0\" data-pos-y=\"-30.24000000000001\"><img decoding=\"async\" src=\"https:\/\/oui-oui.es\/blog\/wp-content\/uploads\/2016\/06\/Oui-Oui-sombrero-canotier-multicolor-zara.jpg\" style=\"width: 252px !important;height: 312px !important;max-width: none !important;max-height: none !important;position: absolute !important;left: 0px !important;top: -30.24000000000001px !important;padding: 0 !important;margin: 0 !important;border: none !important;\" title=\"Oui Oui-sombrero canotier multicolor-zara\" alt=\"Oui Oui-sombrero canotier multicolor-zara\" \/><\/div><\/div><\/div><\/div><div class=\"eic-col eic-child-2\" style=\"top: 0; bottom: 0; right: 0; left: 50%; width: 50%;\"><div class=\"eic-rows\"><div class=\"eic-row eic-child-1\" style=\"top: 0; left: 0; right: 0; bottom: 50%; height: 50%;\"><div class=\"eic-image eic-image-1\" data-size-x=\"254\" data-size-y=\"314.96000000000004\" data-pos-x=\"-16\" data-pos-y=\"0\"><img decoding=\"async\" src=\"https:\/\/oui-oui.es\/blog\/wp-content\/uploads\/2016\/06\/Oui-Oui-sombrero-moldeable-paja-marr\u00f3n-zara.jpg\" style=\"width: 254px !important;height: 314px !important;max-width: none !important;max-height: none !important;position: absolute !important;left: -16px !important;top: 0px !important;padding: 0 !important;margin: 0 !important;border: none !important;\" title=\"Oui Oui-sombrero moldeable paja marr\u00f3n-zara\" alt=\"Oui Oui-sombrero moldeable paja marr\u00f3n-zara\" \/><\/div><\/div><div class=\"eic-row eic-child-2\" style=\"bottom: 0; left: 0; right: 0; top: 50%; height: 50%;\"><div class=\"eic-image eic-image-4\" data-size-x=\"252\" data-size-y=\"312.48\" data-pos-x=\"-8\" data-pos-y=\"0\"><img decoding=\"async\" src=\"https:\/\/oui-oui.es\/blog\/wp-content\/uploads\/2016\/06\/Oui-Oui-rebajas-Zara-sombrero-tres-colores.jpg\" style=\"width: 252px !important;height: 312px !important;max-width: none !important;max-height: none !important;position: absolute !important;left: -8px !important;top: 0px !important;padding: 0 !important;margin: 0 !important;border: none !important;\" title=\"Oui Oui-rebajas Zara sombrero tres colores\" alt=\"Oui Oui-rebajas Zara sombrero tres colores\" \/><\/div><\/div><\/div><\/div><\/div><\/div><\/div>\n<p>Y, por supuesto, \u00a1ropa de ni\u00f1os! \u00faltimamente es mi perdici\u00f3n, y ya tengo varias cosas apuntadas \ud83d\ude09<\/p>\n<p>Y \u00bft\u00fa?, \u00bftambi\u00e9n te apuntas cosas para buscar en rebajas?<\/p>\n<p>&nbsp;<\/p>\n","protected":false},"excerpt":{"rendered":"<p>Ten\u00eda que ir a cambiar una blusa en Zara y esta tarde encontr\u00e9 un huequito y me he encontrado con que ya hab\u00eda rebajas en muchas tiendas (menos en el Imprerio Inditex, por supuesto, que ellos siempre esperan al 1 de julio), as\u00ed que en Zara me he resistido a comprar algunas cosillas que me [&hellip;]<\/p>\n","protected":false},"author":1,"featured_media":4509,"comment_status":"open","ping_status":"open","sticky":false,"template":"","format":"standard","meta":{"jetpack_post_was_ever_published":false,"_jetpack_newsletter_access":"","_jetpack_dont_email_post_to_subs":false,"_jetpack_newsletter_tier_id":0,"_jetpack_memberships_contains_paywalled_content":false,"_jetpack_memberships_contains_paid_content":false,"footnotes":"","jetpack_publicize_message":"","jetpack_publicize_feature_enabled":true,"jetpack_social_post_already_shared":true,"jetpack_social_options":{"image_generator_settings":{"template":"highway","default_image_id":0,"font":"","enabled":false},"version":2}},"categories":[177],"tags":[766],"class_list":["post-4505","post","type-post","status-publish","format-standard","has-post-thumbnail","hentry","category-lifestyle-2","tag-compras"],"aioseo_notices":[],"jetpack_publicize_connections":[],"jetpack_featured_media_url":"https:\/\/oui-oui.es\/blog\/wp-content\/uploads\/2016\/06\/Oui-Oui-sombrero-canotier-multicolor-zara.jpg","jetpack_sharing_enabled":true,"jetpack-related-posts":[{"id":1144,"url":"https:\/\/oui-oui.es\/blog\/estamos-de-rebajas\/","url_meta":{"origin":4505,"position":0},"title":"\u00a1Estamos de Rebajas!","author":"Mar\u00eda \u2665Oui Oui\u2665","date":"23 enero, 2014","format":false,"excerpt":"\u00bfNo os hab\u00edais enterado? Pues corre que hay pocas unidades de casi todo!, la idea es liquidar algunos productos para dejar hueco a otros nuevos y ofreceros la oportunidad de comprar m\u00e1s barato otros productos que seguir\u00e1n...En cualquier caso es momento de aprovechar! En la secci\u00f3n rebajas pod\u00e9is ver todo...Muchos\u2026","rel":"","context":"En \u00abOUI OUI\u00bb","block_context":{"text":"OUI OUI","link":"https:\/\/oui-oui.es\/blog\/category\/oui-oui\/"},"img":{"alt_text":"","src":"https:\/\/i0.wp.com\/oui-oui.es\/blog\/wp-content\/uploads\/2014\/01\/oui-oui-rebajas-enero.jpg?resize=350%2C200&ssl=1","width":350,"height":200,"srcset":"https:\/\/i0.wp.com\/oui-oui.es\/blog\/wp-content\/uploads\/2014\/01\/oui-oui-rebajas-enero.jpg?resize=350%2C200&ssl=1 1x, https:\/\/i0.wp.com\/oui-oui.es\/blog\/wp-content\/uploads\/2014\/01\/oui-oui-rebajas-enero.jpg?resize=525%2C300&ssl=1 1.5x, https:\/\/i0.wp.com\/oui-oui.es\/blog\/wp-content\/uploads\/2014\/01\/oui-oui-rebajas-enero.jpg?resize=700%2C400&ssl=1 2x"},"classes":[]},{"id":3942,"url":"https:\/\/oui-oui.es\/blog\/date-un-capricho-en-rebajas\/","url_meta":{"origin":4505,"position":1},"title":"Date un capricho en rebajas","author":"Mar\u00eda \u2665Oui Oui\u2665","date":"25 enero, 2016","format":false,"excerpt":"\u00bfSab\u00edas que en Oui Oui tenemos una secci\u00f3n de rebajas?, en ella encontrar\u00e1s las \u00faltimas unidades de los productos que no volver\u00e1n con grandes descuentos, puedes aprovechar para comprar unos detalles navide\u00f1os para el a\u00f1o que viene a mitad de precio o para adelantar la compra de alg\u00fan regalo que\u2026","rel":"","context":"En \u00abOUI OUI\u00bb","block_context":{"text":"OUI OUI","link":"https:\/\/oui-oui.es\/blog\/category\/oui-oui\/"},"img":{"alt_text":"","src":"https:\/\/i0.wp.com\/oui-oui.es\/blog\/wp-content\/uploads\/2016\/01\/Oui-Oui-taza-y-cuenco-ni%C3%B1a-montado.jpg?resize=350%2C200&ssl=1","width":350,"height":200},"classes":[]},{"id":4692,"url":"https:\/\/oui-oui.es\/blog\/las-vacaciones-son-para-comprar\/","url_meta":{"origin":4505,"position":2},"title":"Las vacaciones son para comprar","author":"Mar\u00eda \u2665Oui Oui\u2665","date":"20 julio, 2016","format":false,"excerpt":"Pues s\u00ed, no mientras est\u00e1s en la playa o en la piscina, pero s\u00ed por las tardes\/noches...Y m\u00e1s a\u00fan si est\u00e1s fuera de casa, en una casa en la que haya alguien todo el d\u00eda, en el pueblo, en la monta\u00f1a o en casa de los abuelos. A m\u00ed me\u2026","rel":"","context":"En \u00abOUI OUI\u00bb","block_context":{"text":"OUI OUI","link":"https:\/\/oui-oui.es\/blog\/category\/oui-oui\/"},"img":{"alt_text":"","src":"https:\/\/i0.wp.com\/oui-oui.es\/blog\/wp-content\/uploads\/2016\/07\/Oui-Oui-colchoneta-helado-flotador-helado-hotel-nabia.jpg?resize=350%2C200&ssl=1","width":350,"height":200,"srcset":"https:\/\/i0.wp.com\/oui-oui.es\/blog\/wp-content\/uploads\/2016\/07\/Oui-Oui-colchoneta-helado-flotador-helado-hotel-nabia.jpg?resize=350%2C200&ssl=1 1x, https:\/\/i0.wp.com\/oui-oui.es\/blog\/wp-content\/uploads\/2016\/07\/Oui-Oui-colchoneta-helado-flotador-helado-hotel-nabia.jpg?resize=525%2C300&ssl=1 1.5x, https:\/\/i0.wp.com\/oui-oui.es\/blog\/wp-content\/uploads\/2016\/07\/Oui-Oui-colchoneta-helado-flotador-helado-hotel-nabia.jpg?resize=700%2C400&ssl=1 2x, https:\/\/i0.wp.com\/oui-oui.es\/blog\/wp-content\/uploads\/2016\/07\/Oui-Oui-colchoneta-helado-flotador-helado-hotel-nabia.jpg?resize=1050%2C600&ssl=1 3x, https:\/\/i0.wp.com\/oui-oui.es\/blog\/wp-content\/uploads\/2016\/07\/Oui-Oui-colchoneta-helado-flotador-helado-hotel-nabia.jpg?resize=1400%2C800&ssl=1 4x"},"classes":[]},{"id":10919,"url":"https:\/\/oui-oui.es\/blog\/las-5-cosas-superfluas-pero-imprescindibles-de-este-julio\/","url_meta":{"origin":4505,"position":3},"title":"Las 5 cosas Superfluas pero Imprescindibles de este julio","author":"Mar\u00eda \u2665Oui Oui\u2665","date":"29 julio, 2025","format":false,"excerpt":"Los helados Utop\u00eda de Magnum Me cuesta elegir entre el Doble Cherry y el el Doble Hazelnut , ambos con una combinaci\u00f3n de sabores, texturas y matices incre\u00edble, el primero m\u00e1s \u00e1cido (pero con un toque de cereza amarga impresionante que recuerda un poco a una piruleta fiesta pero con\u2026","rel":"","context":"En \u00abSin categor\u00eda\u00bb","block_context":{"text":"Sin categor\u00eda","link":"https:\/\/oui-oui.es\/blog\/category\/sin-categoria\/"},"img":{"alt_text":"","src":"https:\/\/i0.wp.com\/oui-oui.es\/blog\/wp-content\/uploads\/2025\/07\/Oui-Oui-es-Superfluo-Imprescindible-Magnum-Utopia-los-mejores-helados-de-2025.webp?resize=350%2C200&ssl=1","width":350,"height":200,"srcset":"https:\/\/i0.wp.com\/oui-oui.es\/blog\/wp-content\/uploads\/2025\/07\/Oui-Oui-es-Superfluo-Imprescindible-Magnum-Utopia-los-mejores-helados-de-2025.webp?resize=350%2C200&ssl=1 1x, https:\/\/i0.wp.com\/oui-oui.es\/blog\/wp-content\/uploads\/2025\/07\/Oui-Oui-es-Superfluo-Imprescindible-Magnum-Utopia-los-mejores-helados-de-2025.webp?resize=525%2C300&ssl=1 1.5x, https:\/\/i0.wp.com\/oui-oui.es\/blog\/wp-content\/uploads\/2025\/07\/Oui-Oui-es-Superfluo-Imprescindible-Magnum-Utopia-los-mejores-helados-de-2025.webp?resize=700%2C400&ssl=1 2x"},"classes":[]},{"id":5032,"url":"https:\/\/oui-oui.es\/blog\/flechazo-el-calzado-de-anniel\/","url_meta":{"origin":4505,"position":4},"title":"Flechazo: el calzado de Anniel","author":"Mar\u00eda \u2665Oui Oui\u2665","date":"20 enero, 2017","format":false,"excerpt":"Muchas veces las cosas surgen en cadena; vi unas botas de ni\u00f1a que me chiflaron y d\u00ed por hecho que habr\u00eda talla para Frida, total que iba a preparar un post de wishlist para su cumplea\u00f1os \u00a1cumple ya un a\u00f1o y, s\u00ed, se me ha pasado volando! y cuando voy\u2026","rel":"","context":"En \u00abESTILO DE VIDA\u00bb","block_context":{"text":"ESTILO DE VIDA","link":"https:\/\/oui-oui.es\/blog\/category\/lifestyle-2\/"},"img":{"alt_text":"","src":"https:\/\/i0.wp.com\/oui-oui.es\/blog\/wp-content\/uploads\/2017\/01\/Oui-Oui-botas-nieve-para-ni%C3%B1a-botas-forrados-bambi-anouk.jpg?resize=350%2C200&ssl=1","width":350,"height":200,"srcset":"https:\/\/i0.wp.com\/oui-oui.es\/blog\/wp-content\/uploads\/2017\/01\/Oui-Oui-botas-nieve-para-ni%C3%B1a-botas-forrados-bambi-anouk.jpg?resize=350%2C200&ssl=1 1x, https:\/\/i0.wp.com\/oui-oui.es\/blog\/wp-content\/uploads\/2017\/01\/Oui-Oui-botas-nieve-para-ni%C3%B1a-botas-forrados-bambi-anouk.jpg?resize=525%2C300&ssl=1 1.5x, https:\/\/i0.wp.com\/oui-oui.es\/blog\/wp-content\/uploads\/2017\/01\/Oui-Oui-botas-nieve-para-ni%C3%B1a-botas-forrados-bambi-anouk.jpg?resize=700%2C400&ssl=1 2x"},"classes":[]},{"id":8967,"url":"https:\/\/oui-oui.es\/blog\/como-etiquetar-productos-con-link-en-instagram\/","url_meta":{"origin":4505,"position":5},"title":"C\u00f3mo etiquetar productos con link en Instagram","author":"Mar\u00eda \u2665Oui Oui\u2665","date":"9 abril, 2018","format":false,"excerpt":"La tan deseada funci\u00f3n de Instagram en la que aparece una etiqueta en la foto con el precio del producto y un link a la tienda online \u00a1ya est\u00e1 en Espa\u00f1a!, La hab\u00edamos visto en perfiles americanos, australianos...Pero desde el 20 de marzo ya puedes acceder a ella si tienes\u2026","rel":"","context":"En \u00abEMPRENDEDORAS\u00bb","block_context":{"text":"EMPRENDEDORAS","link":"https:\/\/oui-oui.es\/blog\/category\/mentoring-emprendedores\/"},"img":{"alt_text":"","src":"https:\/\/i0.wp.com\/oui-oui.es\/blog\/wp-content\/uploads\/2018\/04\/Oui-Oui-c%C3%B3mo-etiquetar-productos-en-Instagram-carrito-mimbre.jpg?resize=350%2C200&ssl=1","width":350,"height":200,"srcset":"https:\/\/i0.wp.com\/oui-oui.es\/blog\/wp-content\/uploads\/2018\/04\/Oui-Oui-c%C3%B3mo-etiquetar-productos-en-Instagram-carrito-mimbre.jpg?resize=350%2C200&ssl=1 1x, https:\/\/i0.wp.com\/oui-oui.es\/blog\/wp-content\/uploads\/2018\/04\/Oui-Oui-c%C3%B3mo-etiquetar-productos-en-Instagram-carrito-mimbre.jpg?resize=525%2C300&ssl=1 1.5x, https:\/\/i0.wp.com\/oui-oui.es\/blog\/wp-content\/uploads\/2018\/04\/Oui-Oui-c%C3%B3mo-etiquetar-productos-en-Instagram-carrito-mimbre.jpg?resize=700%2C400&ssl=1 2x, https:\/\/i0.wp.com\/oui-oui.es\/blog\/wp-content\/uploads\/2018\/04\/Oui-Oui-c%C3%B3mo-etiquetar-productos-en-Instagram-carrito-mimbre.jpg?resize=1050%2C600&ssl=1 3x"},"classes":[]}],"_links":{"self":[{"href":"https:\/\/oui-oui.es\/blog\/wp-json\/wp\/v2\/posts\/4505","targetHints":{"allow":["GET"]}}],"collection":[{"href":"https:\/\/oui-oui.es\/blog\/wp-json\/wp\/v2\/posts"}],"about":[{"href":"https:\/\/oui-oui.es\/blog\/wp-json\/wp\/v2\/types\/post"}],"author":[{"embeddable":true,"href":"https:\/\/oui-oui.es\/blog\/wp-json\/wp\/v2\/users\/1"}],"replies":[{"embeddable":true,"href":"https:\/\/oui-oui.es\/blog\/wp-json\/wp\/v2\/comments?post=4505"}],"version-history":[{"count":3,"href":"https:\/\/oui-oui.es\/blog\/wp-json\/wp\/v2\/posts\/4505\/revisions"}],"predecessor-version":[{"id":4575,"href":"https:\/\/oui-oui.es\/blog\/wp-json\/wp\/v2\/posts\/4505\/revisions\/4575"}],"wp:featuredmedia":[{"embeddable":true,"href":"https:\/\/oui-oui.es\/blog\/wp-json\/wp\/v2\/media\/4509"}],"wp:attachment":[{"href":"https:\/\/oui-oui.es\/blog\/wp-json\/wp\/v2\/media?parent=4505"}],"wp:term":[{"taxonomy":"category","embeddable":true,"href":"https:\/\/oui-oui.es\/blog\/wp-json\/wp\/v2\/categories?post=4505"},{"taxonomy":"post_tag","embeddable":true,"href":"https:\/\/oui-oui.es\/blog\/wp-json\/wp\/v2\/tags?post=4505"}],"curies":[{"name":"wp","href":"https:\/\/api.w.org\/{rel}","templated":true}]}}