{"id":4515,"date":"2016-06-23T08:00:58","date_gmt":"2016-06-23T06:00:58","guid":{"rendered":"https:\/\/oui-oui.es\/blog\/?p=4515"},"modified":"2016-07-06T12:17:54","modified_gmt":"2016-07-06T10:17:54","slug":"de-flotadoresflamencos-cactus-y-otras-cosas","status":"publish","type":"post","link":"https:\/\/oui-oui.es\/blog\/de-flotadoresflamencos-cactus-y-otras-cosas\/","title":{"rendered":"De flotadores,flamencos, cactus y otras cosas"},"content":{"rendered":"<p>\u00a1Ya han llegado!, a\u00fan recuerdo la primera vez que trajimos los footadores gigantes, hace dos a\u00f1os, hasta los paseamos por DecorAcci\u00f3n \ud83d\ude09<\/p>\n<p><a href=\"http:\/\/www.oui-oui.es\/buscar?controller=search&amp;orderby=position&amp;orderway=desc&amp;search-cat-select=0&amp;search_query=flotadores&amp;submit_search=\"><img loading=\"lazy\" decoding=\"async\" class=\"aligncenter size-large wp-image-4604\" src=\"https:\/\/oui-oui.es\/blog\/wp-content\/uploads\/2016\/06\/Oui-Oui-flotadores-flotador-donut-flotador-helado-colchoneta-helafo-hotel-nabia-1024x768.jpg\" alt=\"Oui Oui-flotadores-flotador donut-flotador helado-colchoneta helafo-hotel nabia\" width=\"1024\" height=\"768\" srcset=\"https:\/\/oui-oui.es\/blog\/wp-content\/uploads\/2016\/06\/Oui-Oui-flotadores-flotador-donut-flotador-helado-colchoneta-helafo-hotel-nabia-1024x768.jpg 1024w, https:\/\/oui-oui.es\/blog\/wp-content\/uploads\/2016\/06\/Oui-Oui-flotadores-flotador-donut-flotador-helado-colchoneta-helafo-hotel-nabia-300x225.jpg 300w, https:\/\/oui-oui.es\/blog\/wp-content\/uploads\/2016\/06\/Oui-Oui-flotadores-flotador-donut-flotador-helado-colchoneta-helafo-hotel-nabia-768x576.jpg 768w, https:\/\/oui-oui.es\/blog\/wp-content\/uploads\/2016\/06\/Oui-Oui-flotadores-flotador-donut-flotador-helado-colchoneta-helafo-hotel-nabia-600x450.jpg 600w\" sizes=\"auto, (max-width: 1024px) 100vw, 1024px\" \/><\/a><\/p>\n<p>El <strong>flotador pretzel y el <a href=\"http:\/\/www.oui-oui.es\/decoracion-con-estilo\/644-flotador-donut.html\" target=\"_blank\">flotador donut<\/a><\/strong>, el a\u00f1o pasado incorporamos el <strong>flotador cisne y el <a href=\"http:\/\/www.oui-oui.es\/decoracion-con-estilo\/940-flotador-flamenco-gigante.html\" target=\"_blank\">flotador flamenco<\/a><\/strong> y este a\u00f1o&#8230;<strong>La <a href=\"http:\/\/www.oui-oui.es\/decoracion-fiesta-verano\/1134-colchoneta-gigante-helado.html\" target=\"_blank\">colchoneta helado gigante!<\/a><\/strong><\/p>\n<p><a href=\"http:\/\/www.oui-oui.es\/buscar?controller=search&amp;orderby=position&amp;orderway=desc&amp;search-cat-select=0&amp;search_query=verbena&amp;submit_search=\"><img loading=\"lazy\" decoding=\"async\" class=\"aligncenter size-large wp-image-4593\" src=\"https:\/\/oui-oui.es\/blog\/wp-content\/uploads\/2016\/06\/Oui-Oui-colchoneta-helado-horizontal-hotel-nabia-infinity-pool-1024x768.jpg\" alt=\"Oui Oui-colchoneta helado horizontal-hotel nabia-infinity pool\" width=\"1024\" height=\"768\" srcset=\"https:\/\/oui-oui.es\/blog\/wp-content\/uploads\/2016\/06\/Oui-Oui-colchoneta-helado-horizontal-hotel-nabia-infinity-pool-1024x768.jpg 1024w, https:\/\/oui-oui.es\/blog\/wp-content\/uploads\/2016\/06\/Oui-Oui-colchoneta-helado-horizontal-hotel-nabia-infinity-pool-300x225.jpg 300w, https:\/\/oui-oui.es\/blog\/wp-content\/uploads\/2016\/06\/Oui-Oui-colchoneta-helado-horizontal-hotel-nabia-infinity-pool-768x576.jpg 768w, https:\/\/oui-oui.es\/blog\/wp-content\/uploads\/2016\/06\/Oui-Oui-colchoneta-helado-horizontal-hotel-nabia-infinity-pool-600x450.jpg 600w\" sizes=\"auto, (max-width: 1024px) 100vw, 1024px\" \/><\/a><\/p>\n<p><a href=\"http:\/\/www.oui-oui.es\/buscar?controller=search&amp;orderby=position&amp;orderway=desc&amp;search-cat-select=0&amp;search_query=flotadores&amp;submit_search=\"><img loading=\"lazy\" decoding=\"async\" class=\"aligncenter size-large wp-image-4596\" src=\"https:\/\/oui-oui.es\/blog\/wp-content\/uploads\/2016\/06\/Oui-Oui-flotador-flamenco-gigante-flotador-flamenco-rosa-1024x1024.jpg\" alt=\"Oui Oui-flotador flamenco gigante-flotador flamenco rosa\" width=\"1024\" height=\"1024\" srcset=\"https:\/\/oui-oui.es\/blog\/wp-content\/uploads\/2016\/06\/Oui-Oui-flotador-flamenco-gigante-flotador-flamenco-rosa-1024x1024.jpg 1024w, https:\/\/oui-oui.es\/blog\/wp-content\/uploads\/2016\/06\/Oui-Oui-flotador-flamenco-gigante-flotador-flamenco-rosa-150x150.jpg 150w, https:\/\/oui-oui.es\/blog\/wp-content\/uploads\/2016\/06\/Oui-Oui-flotador-flamenco-gigante-flotador-flamenco-rosa-300x300.jpg 300w, https:\/\/oui-oui.es\/blog\/wp-content\/uploads\/2016\/06\/Oui-Oui-flotador-flamenco-gigante-flotador-flamenco-rosa-768x768.jpg 768w, https:\/\/oui-oui.es\/blog\/wp-content\/uploads\/2016\/06\/Oui-Oui-flotador-flamenco-gigante-flotador-flamenco-rosa-600x600.jpg 600w, https:\/\/oui-oui.es\/blog\/wp-content\/uploads\/2016\/06\/Oui-Oui-flotador-flamenco-gigante-flotador-flamenco-rosa.jpg 1107w\" sizes=\"auto, (max-width: 1024px) 100vw, 1024px\" \/><\/a><\/p>\n<p>Este a\u00f1o han llegado desde Australia!, los <strong>flotadores gigantes<\/strong> de mayor calidad, no esos hinchables con poco detalle que parecen del <em>chino<\/em>&#8230;<\/p>\n<p>Y con un s\u00faper complemento&#8230;Una<a href=\"http:\/\/www.oui-oui.es\/decoracion-fiesta-verano\/1140-base-luminosa-para-flotador.html\" target=\"_blank\"><strong> base de luz LED para ponerle luz al flotador en la piscina<\/strong><\/a>, \u00bfno es genial?<\/p>\n<div id=\"attachment_4597\" style=\"width: 1034px\" class=\"wp-caption aligncenter\"><a href=\"http:\/\/www.oui-oui.es\/buscar?controller=search&amp;orderby=position&amp;orderway=desc&amp;search-cat-select=0&amp;search_query=flotadores&amp;submit_search=http:\/\/\"><img loading=\"lazy\" decoding=\"async\" aria-describedby=\"caption-attachment-4597\" class=\"size-large wp-image-4597\" src=\"https:\/\/oui-oui.es\/blog\/wp-content\/uploads\/2016\/06\/image1-1024x1024.jpg\" alt=\"Paula, de My Peep Toes junto a Manuel Ordov\u00e1s, el verano pasado con nuestro flotador cisne\" width=\"1024\" height=\"1024\" srcset=\"https:\/\/oui-oui.es\/blog\/wp-content\/uploads\/2016\/06\/image1-1024x1024.jpg 1024w, https:\/\/oui-oui.es\/blog\/wp-content\/uploads\/2016\/06\/image1-150x150.jpg 150w, https:\/\/oui-oui.es\/blog\/wp-content\/uploads\/2016\/06\/image1-300x300.jpg 300w, https:\/\/oui-oui.es\/blog\/wp-content\/uploads\/2016\/06\/image1-768x768.jpg 768w, https:\/\/oui-oui.es\/blog\/wp-content\/uploads\/2016\/06\/image1-600x600.jpg 600w, https:\/\/oui-oui.es\/blog\/wp-content\/uploads\/2016\/06\/image1.jpg 2032w\" sizes=\"auto, (max-width: 1024px) 100vw, 1024px\" \/><\/a><p id=\"caption-attachment-4597\" class=\"wp-caption-text\">Paula, de My Peep Toes junto a Manuel Ordov\u00e1s, el verano pasado con nuestro flotador cisne<\/p><\/div>\n<p>Adem\u00e1s, como la est\u00e9tica de los helados me encanta, no he podido resistirme a traer el <a href=\"http:\/\/www.oui-oui.es\/decoracion-fiesta-verano\/1135-ventilador-helado.html\" target=\"_blank\"><strong>ventilador helado<\/strong><\/a>, perfecto para llevar en el bolso y sacar en el autob\u00fas \ud83d\ude09<\/p>\n<p><a href=\"http:\/\/www.oui-oui.es\/decoracion-fiesta-verano\/1135-ventilador-helado.html\"><img loading=\"lazy\" decoding=\"async\" class=\"aligncenter size-large wp-image-4598\" src=\"https:\/\/oui-oui.es\/blog\/wp-content\/uploads\/2016\/06\/Oui-Oui-ventilador-helado-ice-cream-fun-sunnylife-1024x1024.jpg\" alt=\"Oui Oui-ventilador helado-ice cream fun-sunnylife\" width=\"1024\" height=\"1024\" srcset=\"https:\/\/oui-oui.es\/blog\/wp-content\/uploads\/2016\/06\/Oui-Oui-ventilador-helado-ice-cream-fun-sunnylife-1024x1024.jpg 1024w, https:\/\/oui-oui.es\/blog\/wp-content\/uploads\/2016\/06\/Oui-Oui-ventilador-helado-ice-cream-fun-sunnylife-150x150.jpg 150w, https:\/\/oui-oui.es\/blog\/wp-content\/uploads\/2016\/06\/Oui-Oui-ventilador-helado-ice-cream-fun-sunnylife-300x300.jpg 300w, https:\/\/oui-oui.es\/blog\/wp-content\/uploads\/2016\/06\/Oui-Oui-ventilador-helado-ice-cream-fun-sunnylife-768x768.jpg 768w, https:\/\/oui-oui.es\/blog\/wp-content\/uploads\/2016\/06\/Oui-Oui-ventilador-helado-ice-cream-fun-sunnylife-600x600.jpg 600w, https:\/\/oui-oui.es\/blog\/wp-content\/uploads\/2016\/06\/Oui-Oui-ventilador-helado-ice-cream-fun-sunnylife.jpg 1090w\" sizes=\"auto, (max-width: 1024px) 100vw, 1024px\" \/><\/a><\/p>\n<p><a href=\"http:\/\/www.oui-oui.es\/decoracion-fiesta-verano\/1135-ventilador-helado.html\"><img loading=\"lazy\" decoding=\"async\" class=\"aligncenter size-large wp-image-4599\" src=\"https:\/\/oui-oui.es\/blog\/wp-content\/uploads\/2016\/06\/Oui-Oui-ventilador-helado-ice-cream-fun-sunnylife-vistas-desde-el-room-mate-oscar-e1467799230870-1024x1024.jpg\" alt=\"Oui Oui-ventilador helado-ice cream fun-sunnylife-vistas desde el room mate oscar\" width=\"1024\" height=\"1024\" srcset=\"https:\/\/oui-oui.es\/blog\/wp-content\/uploads\/2016\/06\/Oui-Oui-ventilador-helado-ice-cream-fun-sunnylife-vistas-desde-el-room-mate-oscar-e1467799230870-1024x1024.jpg 1024w, https:\/\/oui-oui.es\/blog\/wp-content\/uploads\/2016\/06\/Oui-Oui-ventilador-helado-ice-cream-fun-sunnylife-vistas-desde-el-room-mate-oscar-e1467799230870-150x150.jpg 150w, https:\/\/oui-oui.es\/blog\/wp-content\/uploads\/2016\/06\/Oui-Oui-ventilador-helado-ice-cream-fun-sunnylife-vistas-desde-el-room-mate-oscar-e1467799230870-300x300.jpg 300w, https:\/\/oui-oui.es\/blog\/wp-content\/uploads\/2016\/06\/Oui-Oui-ventilador-helado-ice-cream-fun-sunnylife-vistas-desde-el-room-mate-oscar-e1467799230870-768x768.jpg 768w, https:\/\/oui-oui.es\/blog\/wp-content\/uploads\/2016\/06\/Oui-Oui-ventilador-helado-ice-cream-fun-sunnylife-vistas-desde-el-room-mate-oscar-e1467799230870-600x600.jpg 600w\" sizes=\"auto, (max-width: 1024px) 100vw, 1024px\" \/><\/a><\/p>\n<p>Los cactus tambi\u00e9n tienen un gran protagonismo este verano, adem\u00e1s del <a href=\"http:\/\/www.oui-oui.es\/decoracion-con-estilo\/1068-platito-cactus.html?search_query=cactus&amp;results=7\" target=\"_blank\"><strong>platito cactus<\/strong><\/a> y de la <a href=\"http:\/\/www.oui-oui.es\/decoracion-con-estilo\/1068-platito-cactus.html?search_query=cactus&amp;results=7\" target=\"_blank\"><strong>hucha cactus<\/strong><\/a>, hemos tra\u00eddo el <a href=\"http:\/\/www.oui-oui.es\/decoracion-con-estilo\/1136-cactus-de-neon.html\" target=\"_blank\"><strong>cactus de ne\u00f3n<\/strong><\/a>, genial para un despacho divertido, para el sal\u00f3n o para la zona de copas de la terraza.<\/p>\n<p><img loading=\"lazy\" decoding=\"async\" class=\"aligncenter size-large wp-image-4601\" src=\"https:\/\/oui-oui.es\/blog\/wp-content\/uploads\/2016\/06\/Oui-Oui-lampara-catus-neon-luz-verde-cactus-1024x1024.jpg\" alt=\"Oui Oui-lampara catus neon-luz verde cactus\" width=\"1024\" height=\"1024\" srcset=\"https:\/\/oui-oui.es\/blog\/wp-content\/uploads\/2016\/06\/Oui-Oui-lampara-catus-neon-luz-verde-cactus-1024x1024.jpg 1024w, https:\/\/oui-oui.es\/blog\/wp-content\/uploads\/2016\/06\/Oui-Oui-lampara-catus-neon-luz-verde-cactus-150x150.jpg 150w, https:\/\/oui-oui.es\/blog\/wp-content\/uploads\/2016\/06\/Oui-Oui-lampara-catus-neon-luz-verde-cactus-300x300.jpg 300w, https:\/\/oui-oui.es\/blog\/wp-content\/uploads\/2016\/06\/Oui-Oui-lampara-catus-neon-luz-verde-cactus-768x768.jpg 768w, https:\/\/oui-oui.es\/blog\/wp-content\/uploads\/2016\/06\/Oui-Oui-lampara-catus-neon-luz-verde-cactus-600x600.jpg 600w\" sizes=\"auto, (max-width: 1024px) 100vw, 1024px\" \/><\/p>\n<p><a href=\"http:\/\/www.oui-oui.es\/iluminacion\/1147-cactus-luminoso.html\"><img loading=\"lazy\" decoding=\"async\" class=\"aligncenter size-large wp-image-4600\" src=\"https:\/\/oui-oui.es\/blog\/wp-content\/uploads\/2016\/06\/Oui-Oui-cactus-luminoso-luz-con-forma-de-cactus-cactus-bombillas-camerino-cesped-encendido-1024x1024.jpg\" alt=\"Oui Oui-cactus luminoso-luz con forma de cactus-cactus bombillas camerino-cesped-encendido\" width=\"1024\" height=\"1024\" srcset=\"https:\/\/oui-oui.es\/blog\/wp-content\/uploads\/2016\/06\/Oui-Oui-cactus-luminoso-luz-con-forma-de-cactus-cactus-bombillas-camerino-cesped-encendido-1024x1024.jpg 1024w, https:\/\/oui-oui.es\/blog\/wp-content\/uploads\/2016\/06\/Oui-Oui-cactus-luminoso-luz-con-forma-de-cactus-cactus-bombillas-camerino-cesped-encendido-150x150.jpg 150w, https:\/\/oui-oui.es\/blog\/wp-content\/uploads\/2016\/06\/Oui-Oui-cactus-luminoso-luz-con-forma-de-cactus-cactus-bombillas-camerino-cesped-encendido-300x300.jpg 300w, https:\/\/oui-oui.es\/blog\/wp-content\/uploads\/2016\/06\/Oui-Oui-cactus-luminoso-luz-con-forma-de-cactus-cactus-bombillas-camerino-cesped-encendido-768x768.jpg 768w, https:\/\/oui-oui.es\/blog\/wp-content\/uploads\/2016\/06\/Oui-Oui-cactus-luminoso-luz-con-forma-de-cactus-cactus-bombillas-camerino-cesped-encendido-600x600.jpg 600w\" sizes=\"auto, (max-width: 1024px) 100vw, 1024px\" \/><\/a><\/p>\n<p>Ah! y que no se me olvide&#8230;\u00a1El <a href=\"http:\/\/www.oui-oui.es\/decoracion-con-estilo\/1144-cojin-cactus.html\" target=\"_blank\"><strong>coj\u00edn cactus<\/strong><\/a>! que tambi\u00e9n hemos incorporado junto a <em>su primo<\/em> el <a href=\"http:\/\/www.oui-oui.es\/detalles-decoracion-ninos-habitacion-pinterest\/1143-cojin-arcoiris.html\" target=\"_blank\"><strong>coj\u00edn arcoiris<\/strong><\/a><\/p>\n<p><img loading=\"lazy\" decoding=\"async\" class=\"aligncenter size-full wp-image-4602\" src=\"https:\/\/oui-oui.es\/blog\/wp-content\/uploads\/2016\/06\/Oui-Oui-coj\u00edn-cactus-lightbox-caja-de-luz.jpg\" alt=\"Oui Oui-coj\u00edn cactus-lightbox-caja de luz\" width=\"600\" height=\"601\" srcset=\"https:\/\/oui-oui.es\/blog\/wp-content\/uploads\/2016\/06\/Oui-Oui-coj\u00edn-cactus-lightbox-caja-de-luz.jpg 600w, https:\/\/oui-oui.es\/blog\/wp-content\/uploads\/2016\/06\/Oui-Oui-coj\u00edn-cactus-lightbox-caja-de-luz-150x150.jpg 150w, https:\/\/oui-oui.es\/blog\/wp-content\/uploads\/2016\/06\/Oui-Oui-coj\u00edn-cactus-lightbox-caja-de-luz-300x301.jpg 300w\" sizes=\"auto, (max-width: 600px) 100vw, 600px\" \/><\/p>\n<p><img loading=\"lazy\" decoding=\"async\" class=\"aligncenter size-full wp-image-4603\" src=\"https:\/\/oui-oui.es\/blog\/wp-content\/uploads\/2016\/06\/Oui-Oui-cojin-arcoiris.jpg\" alt=\"Oui Oui-cojin arcoiris\" width=\"600\" height=\"600\" srcset=\"https:\/\/oui-oui.es\/blog\/wp-content\/uploads\/2016\/06\/Oui-Oui-cojin-arcoiris.jpg 600w, https:\/\/oui-oui.es\/blog\/wp-content\/uploads\/2016\/06\/Oui-Oui-cojin-arcoiris-150x150.jpg 150w, https:\/\/oui-oui.es\/blog\/wp-content\/uploads\/2016\/06\/Oui-Oui-cojin-arcoiris-300x300.jpg 300w\" sizes=\"auto, (max-width: 600px) 100vw, 600px\" \/><\/p>\n<p>No veo el momento en el que disfrutar de la piscina en mi <a href=\"http:\/\/www.oui-oui.es\/decoracion-fiesta-verano\/1134-colchoneta-gigante-helado.html\" target=\"_blank\"><strong>colchoneta helado<\/strong><\/a> o en el <a href=\"http:\/\/www.oui-oui.es\/decoracion-con-estilo\/940-flotador-flamenco-gigante.html\" target=\"_blank\"><strong>flotador flamenco<\/strong><\/a> \ud83d\ude42<\/p>\n<p>P\u00e1sate por <a href=\"http:\/\/www.oui-oui.es\" target=\"_blank\"><strong>Oui Oui<\/strong><\/a> para ver todas nuestra veraniegas NOVEDADES!<\/p>\n<p>&nbsp;<\/p>\n","protected":false},"excerpt":{"rendered":"<p>\u00a1Ya han llegado!, a\u00fan recuerdo la primera vez que trajimos los footadores gigantes, hace dos a\u00f1os, hasta los paseamos por DecorAcci\u00f3n \ud83d\ude09 El flotador pretzel y el flotador donut, el a\u00f1o pasado incorporamos el flotador cisne y el flotador flamenco y este a\u00f1o&#8230;La colchoneta helado gigante! Este a\u00f1o han llegado desde Australia!, los flotadores gigantes [&hellip;]<\/p>\n","protected":false},"author":1,"featured_media":4605,"comment_status":"open","ping_status":"open","sticky":false,"template":"","format":"standard","meta":{"jetpack_post_was_ever_published":false,"_jetpack_newsletter_access":"","_jetpack_dont_email_post_to_subs":false,"_jetpack_newsletter_tier_id":0,"_jetpack_memberships_contains_paywalled_content":false,"_jetpack_memberships_contains_paid_content":false,"footnotes":"","jetpack_publicize_message":"","jetpack_publicize_feature_enabled":true,"jetpack_social_post_already_shared":true,"jetpack_social_options":{"image_generator_settings":{"template":"highway","default_image_id":0,"font":"","enabled":false},"version":2}},"categories":[177,13],"tags":[675,529,687],"class_list":["post-4515","post","type-post","status-publish","format-standard","has-post-thumbnail","hentry","category-lifestyle-2","category-oui-oui","tag-fiesta-en-la-piscina","tag-tendencias","tag-verano"],"aioseo_notices":[],"jetpack_publicize_connections":[],"jetpack_featured_media_url":"https:\/\/oui-oui.es\/blog\/wp-content\/uploads\/2016\/06\/Oui-Oui-flotador-donut-volando-hotel-nabia-infinity-pool-rural.jpg","jetpack_sharing_enabled":true,"jetpack-related-posts":[{"id":2670,"url":"https:\/\/oui-oui.es\/blog\/los-flotadores-que-merecen-una-fiesta\/","url_meta":{"origin":4515,"position":0},"title":"Los flotadores que merecen una fiesta","author":"Mar\u00eda \u2665Oui Oui\u2665","date":"25 junio, 2015","format":false,"excerpt":"Nada m\u00e1s apetecible con este calor que una fiesta en la piscina, y en una pool party en condiciones no pueden faltar los flotadores gigantes m\u00e1s geniales: El flotador con forma de donut mordisqueado de Hommer Simpson El flotador pretzel \u00bfPorqu\u00e9 me gustar\u00e1n tanto los pretzel est\u00e9ticamente? En las fiestas\u2026","rel":"","context":"En \u00abESTILO DE VIDA\u00bb","block_context":{"text":"ESTILO DE VIDA","link":"https:\/\/oui-oui.es\/blog\/category\/lifestyle-2\/"},"img":{"alt_text":"","src":"https:\/\/i0.wp.com\/oui-oui.es\/blog\/wp-content\/uploads\/Oui-Oui-pool-party-flotadores-gigantes-flotador-pretzel-flotador-donut-flotador-cisne-flotador-flamenco-1.jpg?resize=350%2C200&ssl=1","width":350,"height":200,"srcset":"https:\/\/i0.wp.com\/oui-oui.es\/blog\/wp-content\/uploads\/Oui-Oui-pool-party-flotadores-gigantes-flotador-pretzel-flotador-donut-flotador-cisne-flotador-flamenco-1.jpg?resize=350%2C200&ssl=1 1x, https:\/\/i0.wp.com\/oui-oui.es\/blog\/wp-content\/uploads\/Oui-Oui-pool-party-flotadores-gigantes-flotador-pretzel-flotador-donut-flotador-cisne-flotador-flamenco-1.jpg?resize=525%2C300&ssl=1 1.5x"},"classes":[]},{"id":5440,"url":"https:\/\/oui-oui.es\/blog\/flotadores-cool-tambien-para-ninos\/","url_meta":{"origin":4515,"position":1},"title":"Flotadores cool \u00a1tambi\u00e9n para ni\u00f1os!","author":"Mar\u00eda \u2665Oui Oui\u2665","date":"24 mayo, 2017","format":false,"excerpt":"El verano pasado nos lo pasamos pipa en la piscina con Mart\u00edn y los flotadores gigantes, aunque \u00e9l a\u00fan no pod\u00eda utilizar uno como tal, si que disfrut\u00f3 de los que eran tipo colchoneta y del resto alucinando tener una sand\u00eda, un donut o un pretzel\u00a0 gigante. De repente, un\u2026","rel":"","context":"En \u00abFIESTAS y CELEBRACIONES\u00bb","block_context":{"text":"FIESTAS y CELEBRACIONES","link":"https:\/\/oui-oui.es\/blog\/category\/fiestas-celebraciones\/"},"img":{"alt_text":"","src":"https:\/\/i0.wp.com\/oui-oui.es\/blog\/wp-content\/uploads\/2017\/05\/Oui-Oui-flotador-cisne-ni%C3%B1os.jpg?resize=350%2C200&ssl=1","width":350,"height":200,"srcset":"https:\/\/i0.wp.com\/oui-oui.es\/blog\/wp-content\/uploads\/2017\/05\/Oui-Oui-flotador-cisne-ni%C3%B1os.jpg?resize=350%2C200&ssl=1 1x, https:\/\/i0.wp.com\/oui-oui.es\/blog\/wp-content\/uploads\/2017\/05\/Oui-Oui-flotador-cisne-ni%C3%B1os.jpg?resize=525%2C300&ssl=1 1.5x"},"classes":[]},{"id":5258,"url":"https:\/\/oui-oui.es\/blog\/6-banadores-que-me-chiflan\/","url_meta":{"origin":4515,"position":2},"title":"6 ba\u00f1adores que me chiflan","author":"Mar\u00eda \u2665Oui Oui\u2665","date":"31 marzo, 2017","format":false,"excerpt":"Queda poco para poder darnos nuestro primer ba\u00f1o del a\u00f1o; ya sea en Semana Santa o bien en el Puente de Mayo, y las marcas ya est\u00e1n presentando sus propuestas para este verano...La experiencia me dice que las mejores prendas salen ahora y no quedan en junio as\u00ed que yo\u2026","rel":"","context":"En \u00abESTILO DE VIDA\u00bb","block_context":{"text":"ESTILO DE VIDA","link":"https:\/\/oui-oui.es\/blog\/category\/lifestyle-2\/"},"img":{"alt_text":"","src":"https:\/\/i0.wp.com\/oui-oui.es\/blog\/wp-content\/uploads\/2017\/03\/Oui-Oui-ba%C3%B1adores-con-estilo-ba%C3%B1adores-monos-verano-2017-calipige.jpg?resize=350%2C200&ssl=1","width":350,"height":200,"srcset":"https:\/\/i0.wp.com\/oui-oui.es\/blog\/wp-content\/uploads\/2017\/03\/Oui-Oui-ba%C3%B1adores-con-estilo-ba%C3%B1adores-monos-verano-2017-calipige.jpg?resize=350%2C200&ssl=1 1x, https:\/\/i0.wp.com\/oui-oui.es\/blog\/wp-content\/uploads\/2017\/03\/Oui-Oui-ba%C3%B1adores-con-estilo-ba%C3%B1adores-monos-verano-2017-calipige.jpg?resize=525%2C300&ssl=1 1.5x, https:\/\/i0.wp.com\/oui-oui.es\/blog\/wp-content\/uploads\/2017\/03\/Oui-Oui-ba%C3%B1adores-con-estilo-ba%C3%B1adores-monos-verano-2017-calipige.jpg?resize=700%2C400&ssl=1 2x, https:\/\/i0.wp.com\/oui-oui.es\/blog\/wp-content\/uploads\/2017\/03\/Oui-Oui-ba%C3%B1adores-con-estilo-ba%C3%B1adores-monos-verano-2017-calipige.jpg?resize=1050%2C600&ssl=1 3x"},"classes":[]},{"id":4174,"url":"https:\/\/oui-oui.es\/blog\/flamingo-fever\/","url_meta":{"origin":4515,"position":3},"title":"Flamingo Fever","author":"Mar\u00eda \u2665Oui Oui\u2665","date":"13 abril, 2016","format":false,"excerpt":"Lo reconozco, cuando me da por algo soy intensa, como escrib\u00eda el otro d\u00eda en Ello ; La pi\u00f1a fue el nuevo moustache El unicornio fue la nueva pi\u00f1a El cactus el nuevo unicornio El flamenco el nuevo cactus Y el cisne el nuevo flamenco... No todos relevan completamente al\u2026","rel":"","context":"En \u00abESTILO DE VIDA\u00bb","block_context":{"text":"ESTILO DE VIDA","link":"https:\/\/oui-oui.es\/blog\/category\/lifestyle-2\/"},"img":{"alt_text":"","src":"https:\/\/i0.wp.com\/oui-oui.es\/blog\/wp-content\/uploads\/2016\/04\/Oui-Oui-luminoso-flamenco-flamenco-con-bombillas-flamenco-luminoso.jpg?resize=350%2C200&ssl=1","width":350,"height":200,"srcset":"https:\/\/i0.wp.com\/oui-oui.es\/blog\/wp-content\/uploads\/2016\/04\/Oui-Oui-luminoso-flamenco-flamenco-con-bombillas-flamenco-luminoso.jpg?resize=350%2C200&ssl=1 1x, https:\/\/i0.wp.com\/oui-oui.es\/blog\/wp-content\/uploads\/2016\/04\/Oui-Oui-luminoso-flamenco-flamenco-con-bombillas-flamenco-luminoso.jpg?resize=525%2C300&ssl=1 1.5x, https:\/\/i0.wp.com\/oui-oui.es\/blog\/wp-content\/uploads\/2016\/04\/Oui-Oui-luminoso-flamenco-flamenco-con-bombillas-flamenco-luminoso.jpg?resize=700%2C400&ssl=1 2x"},"classes":[]},{"id":4524,"url":"https:\/\/oui-oui.es\/blog\/el-universo-gray-malin\/","url_meta":{"origin":4515,"position":4},"title":"El universo Gray Malin","author":"Mar\u00eda \u2665Oui Oui\u2665","date":"24 junio, 2016","format":false,"excerpt":"Descubr\u00ed al fot\u00f3grafo y artista Gray Malin a ra\u00edz de la intervenci\u00f3n Follow Me que hizo para el la cadena de hoteles Le Meridien que os contaba en este post y desde entonces\u00a0 sigo su trabajo con admiraci\u00f3n y deleite, quiz\u00e1s porque ha tocado dos temas que me encantan; la\u2026","rel":"","context":"En \u00abDECORACI\u00d3N\u00bb","block_context":{"text":"DECORACI\u00d3N","link":"https:\/\/oui-oui.es\/blog\/category\/decoracion-de-casa\/"},"img":{"alt_text":"","src":"https:\/\/i0.wp.com\/oui-oui.es\/blog\/wp-content\/uploads\/2016\/06\/Oui-Oui-i-am-busy-gray-malin.jpg?resize=350%2C200&ssl=1","width":350,"height":200,"srcset":"https:\/\/i0.wp.com\/oui-oui.es\/blog\/wp-content\/uploads\/2016\/06\/Oui-Oui-i-am-busy-gray-malin.jpg?resize=350%2C200&ssl=1 1x, https:\/\/i0.wp.com\/oui-oui.es\/blog\/wp-content\/uploads\/2016\/06\/Oui-Oui-i-am-busy-gray-malin.jpg?resize=525%2C300&ssl=1 1.5x"},"classes":[]},{"id":5361,"url":"https:\/\/oui-oui.es\/blog\/15-ideas-para-el-dia-de-la-madre-para-rezagados\/","url_meta":{"origin":4515,"position":5},"title":"15 ideas para el d\u00eda de la madre para rezagados","author":"Mar\u00eda \u2665Oui Oui\u2665","date":"3 mayo, 2017","format":false,"excerpt":"En mi casa el D\u00eda de la Madre siempre ha sido importante, y ahora, me lo parece m\u00e1s a\u00fan. Es verdad que cualquier d\u00eda es bueno para tener un detalle, hacer un regalo o decirle a tu amdre lo que la quieres, pero la verdad es que no lo hacemos,\u2026","rel":"","context":"En \u00abA una futura o reciente mam\u00e1\u00bb","block_context":{"text":"A una futura o reciente mam\u00e1","link":"https:\/\/oui-oui.es\/blog\/category\/no-se-que-regalar\/a-una-futura-o-reciente-mama\/"},"img":{"alt_text":"","src":"https:\/\/i0.wp.com\/oui-oui.es\/blog\/wp-content\/uploads\/2017\/05\/Oui-Oui-taza-mum-you-are-amazing-tulipanes.jpg?resize=350%2C200&ssl=1","width":350,"height":200,"srcset":"https:\/\/i0.wp.com\/oui-oui.es\/blog\/wp-content\/uploads\/2017\/05\/Oui-Oui-taza-mum-you-are-amazing-tulipanes.jpg?resize=350%2C200&ssl=1 1x, https:\/\/i0.wp.com\/oui-oui.es\/blog\/wp-content\/uploads\/2017\/05\/Oui-Oui-taza-mum-you-are-amazing-tulipanes.jpg?resize=525%2C300&ssl=1 1.5x, https:\/\/i0.wp.com\/oui-oui.es\/blog\/wp-content\/uploads\/2017\/05\/Oui-Oui-taza-mum-you-are-amazing-tulipanes.jpg?resize=700%2C400&ssl=1 2x, https:\/\/i0.wp.com\/oui-oui.es\/blog\/wp-content\/uploads\/2017\/05\/Oui-Oui-taza-mum-you-are-amazing-tulipanes.jpg?resize=1050%2C600&ssl=1 3x"},"classes":[]}],"_links":{"self":[{"href":"https:\/\/oui-oui.es\/blog\/wp-json\/wp\/v2\/posts\/4515","targetHints":{"allow":["GET"]}}],"collection":[{"href":"https:\/\/oui-oui.es\/blog\/wp-json\/wp\/v2\/posts"}],"about":[{"href":"https:\/\/oui-oui.es\/blog\/wp-json\/wp\/v2\/types\/post"}],"author":[{"embeddable":true,"href":"https:\/\/oui-oui.es\/blog\/wp-json\/wp\/v2\/users\/1"}],"replies":[{"embeddable":true,"href":"https:\/\/oui-oui.es\/blog\/wp-json\/wp\/v2\/comments?post=4515"}],"version-history":[{"count":3,"href":"https:\/\/oui-oui.es\/blog\/wp-json\/wp\/v2\/posts\/4515\/revisions"}],"predecessor-version":[{"id":4606,"href":"https:\/\/oui-oui.es\/blog\/wp-json\/wp\/v2\/posts\/4515\/revisions\/4606"}],"wp:featuredmedia":[{"embeddable":true,"href":"https:\/\/oui-oui.es\/blog\/wp-json\/wp\/v2\/media\/4605"}],"wp:attachment":[{"href":"https:\/\/oui-oui.es\/blog\/wp-json\/wp\/v2\/media?parent=4515"}],"wp:term":[{"taxonomy":"category","embeddable":true,"href":"https:\/\/oui-oui.es\/blog\/wp-json\/wp\/v2\/categories?post=4515"},{"taxonomy":"post_tag","embeddable":true,"href":"https:\/\/oui-oui.es\/blog\/wp-json\/wp\/v2\/tags?post=4515"}],"curies":[{"name":"wp","href":"https:\/\/api.w.org\/{rel}","templated":true}]}}