{"id":4558,"date":"2016-06-30T00:15:05","date_gmt":"2016-06-29T22:15:05","guid":{"rendered":"https:\/\/oui-oui.es\/blog\/?p=4558"},"modified":"2016-07-06T11:39:12","modified_gmt":"2016-07-06T09:39:12","slug":"luces-de-verbena-todo-el-ano-y-en-verano-mas","status":"publish","type":"post","link":"https:\/\/oui-oui.es\/blog\/luces-de-verbena-todo-el-ano-y-en-verano-mas\/","title":{"rendered":"Luces de verbena todo el a\u00f1o y en verano, m\u00e1s!"},"content":{"rendered":"<p>&nbsp;<\/p>\n<p><a href=\"http:\/\/www.oui-oui.es\/buscar?controller=search&amp;orderby=position&amp;orderway=desc&amp;search-cat-select=0&amp;search_query=verbena&amp;submit_search=\"><img loading=\"lazy\" decoding=\"async\" class=\"aligncenter size-full wp-image-4585\" src=\"https:\/\/oui-oui.es\/blog\/wp-content\/uploads\/2016\/06\/Oui-Oui-decorar-con-guirnalda-bombillas-bombillas-feria-bombillas-verbena-guirnalda-luces-verbena-7.jpg\" alt=\"Oui Oui-decorar con guirnalda bombillas-bombillas feria-bombillas verbena-guirnalda luces verbena (7)\" width=\"564\" height=\"676\" srcset=\"https:\/\/oui-oui.es\/blog\/wp-content\/uploads\/2016\/06\/Oui-Oui-decorar-con-guirnalda-bombillas-bombillas-feria-bombillas-verbena-guirnalda-luces-verbena-7.jpg 564w, https:\/\/oui-oui.es\/blog\/wp-content\/uploads\/2016\/06\/Oui-Oui-decorar-con-guirnalda-bombillas-bombillas-feria-bombillas-verbena-guirnalda-luces-verbena-7-250x300.jpg 250w, https:\/\/oui-oui.es\/blog\/wp-content\/uploads\/2016\/06\/Oui-Oui-decorar-con-guirnalda-bombillas-bombillas-feria-bombillas-verbena-guirnalda-luces-verbena-7-300x360.jpg 300w\" sizes=\"auto, (max-width: 564px) 100vw, 564px\" \/><\/a><\/p>\n<p>Es tiempo de terrazas, de la propia o de la ajena, nosotros ahora tiramos m\u00e1s de las ajenas pero hubo un tiempo en el que ten\u00edamos El Terraz\u00f3n (nuestro a\u00f1orado 7\u00baCielo de solteros) en el que disfrutamos muchas cenas y casi las mismas fiestas \ud83d\ude09<\/p>\n<p><a href=\"http:\/\/www.oui-oui.es\/buscar?controller=search&amp;orderby=position&amp;orderway=desc&amp;search-cat-select=0&amp;search_query=verbena&amp;submit_search=\"><img loading=\"lazy\" decoding=\"async\" class=\"aligncenter size-full wp-image-4579\" src=\"https:\/\/oui-oui.es\/blog\/wp-content\/uploads\/2016\/06\/Oui-Oui-decorar-con-guirnalda-bombillas-bombillas-feria-bombillas-verbena-guirnalda-luces-verbena-1.jpg\" alt=\"Oui Oui-decorar con guirnalda bombillas-bombillas feria-bombillas verbena-guirnalda luces verbena (1)\" width=\"550\" height=\"825\" srcset=\"https:\/\/oui-oui.es\/blog\/wp-content\/uploads\/2016\/06\/Oui-Oui-decorar-con-guirnalda-bombillas-bombillas-feria-bombillas-verbena-guirnalda-luces-verbena-1.jpg 550w, https:\/\/oui-oui.es\/blog\/wp-content\/uploads\/2016\/06\/Oui-Oui-decorar-con-guirnalda-bombillas-bombillas-feria-bombillas-verbena-guirnalda-luces-verbena-1-200x300.jpg 200w, https:\/\/oui-oui.es\/blog\/wp-content\/uploads\/2016\/06\/Oui-Oui-decorar-con-guirnalda-bombillas-bombillas-feria-bombillas-verbena-guirnalda-luces-verbena-1-300x450.jpg 300w\" sizes=\"auto, (max-width: 550px) 100vw, 550px\" \/><\/a><\/p>\n<p>Si tuviera terraza sin ninguna duda pondr\u00eda ahora una<a href=\"http:\/\/www.oui-oui.es\/buscar?controller=search&amp;orderby=position&amp;orderway=desc&amp;search-cat-select=0&amp;search_query=bombillas&amp;submit_search=\" target=\"_blank\"> <strong>guirnalda de luces<\/strong><\/a>, de esas de <strong>bombillas de verbena<\/strong> que me encantan para cuaquier fiesta, pero tambi\u00e9n, y, sobretodo, <strong>para el d\u00eda a d\u00eda<\/strong>, porque me encanta ver luces encendidas en cualquier \u00e9poca del a\u00f1o.<\/p>\n<p><a href=\"http:\/\/www.oui-oui.es\/buscar?controller=search&amp;orderby=position&amp;orderway=desc&amp;search-cat-select=0&amp;search_query=verbena&amp;submit_search=\"><img loading=\"lazy\" decoding=\"async\" class=\"aligncenter size-full wp-image-4580\" src=\"https:\/\/oui-oui.es\/blog\/wp-content\/uploads\/2016\/06\/Oui-Oui-decorar-con-guirnalda-bombillas-bombillas-feria-bombillas-verbena-guirnalda-luces-verbena-2.jpg\" alt=\"Oui Oui-decorar con guirnalda bombillas-bombillas feria-bombillas verbena-guirnalda luces verbena (2)\" width=\"564\" height=\"846\" srcset=\"https:\/\/oui-oui.es\/blog\/wp-content\/uploads\/2016\/06\/Oui-Oui-decorar-con-guirnalda-bombillas-bombillas-feria-bombillas-verbena-guirnalda-luces-verbena-2.jpg 564w, https:\/\/oui-oui.es\/blog\/wp-content\/uploads\/2016\/06\/Oui-Oui-decorar-con-guirnalda-bombillas-bombillas-feria-bombillas-verbena-guirnalda-luces-verbena-2-200x300.jpg 200w, https:\/\/oui-oui.es\/blog\/wp-content\/uploads\/2016\/06\/Oui-Oui-decorar-con-guirnalda-bombillas-bombillas-feria-bombillas-verbena-guirnalda-luces-verbena-2-300x450.jpg 300w\" sizes=\"auto, (max-width: 564px) 100vw, 564px\" \/><\/a><\/p>\n<p>Dentro o fuera de casa, <strong>como esos bares que mantienen las lucecitas<\/strong> que aparentemente ser\u00edan de navidad pero que <strong>durante todo el a\u00f1o<\/strong> aportan calidez.<\/p>\n<p>Tambi\u00e9n me encantan <strong>para la oficina<\/strong>, creo que lo tengo claro, en cuanto tengamos ofi nueva (espero que sea en 2016!!) <strong>pondremos una guirnalda de bombillas en el techo<\/strong>.<\/p>\n<p><a href=\"http:\/\/www.oui-oui.es\/buscar?controller=search&amp;orderby=position&amp;orderway=desc&amp;search-cat-select=0&amp;search_query=verbena&amp;submit_search=\"><img loading=\"lazy\" decoding=\"async\" class=\"aligncenter size-full wp-image-4583\" src=\"https:\/\/oui-oui.es\/blog\/wp-content\/uploads\/2016\/06\/Oui-Oui-decorar-con-guirnalda-bombillas-bombillas-feria-bombillas-verbena-guirnalda-luces-verbena-5.jpg\" alt=\"Oui Oui-decorar con guirnalda bombillas-bombillas feria-bombillas verbena-guirnalda luces verbena (5)\" width=\"564\" height=\"845\" srcset=\"https:\/\/oui-oui.es\/blog\/wp-content\/uploads\/2016\/06\/Oui-Oui-decorar-con-guirnalda-bombillas-bombillas-feria-bombillas-verbena-guirnalda-luces-verbena-5.jpg 564w, https:\/\/oui-oui.es\/blog\/wp-content\/uploads\/2016\/06\/Oui-Oui-decorar-con-guirnalda-bombillas-bombillas-feria-bombillas-verbena-guirnalda-luces-verbena-5-200x300.jpg 200w, https:\/\/oui-oui.es\/blog\/wp-content\/uploads\/2016\/06\/Oui-Oui-decorar-con-guirnalda-bombillas-bombillas-feria-bombillas-verbena-guirnalda-luces-verbena-5-300x449.jpg 300w\" sizes=\"auto, (max-width: 564px) 100vw, 564px\" \/><\/a><\/p>\n<p><a href=\"http:\/\/www.oui-oui.es\/buscar?controller=search&amp;orderby=position&amp;orderway=desc&amp;search-cat-select=0&amp;search_query=verbena&amp;submit_search=\"><img loading=\"lazy\" decoding=\"async\" class=\"aligncenter size-full wp-image-4582\" src=\"https:\/\/oui-oui.es\/blog\/wp-content\/uploads\/2016\/06\/Oui-Oui-decorar-con-guirnalda-bombillas-bombillas-feria-bombillas-verbena-guirnalda-luces-verbena-4.jpg\" alt=\"Oui Oui-decorar con guirnalda bombillas-bombillas feria-bombillas verbena-guirnalda luces verbena (4)\" width=\"500\" height=\"749\" srcset=\"https:\/\/oui-oui.es\/blog\/wp-content\/uploads\/2016\/06\/Oui-Oui-decorar-con-guirnalda-bombillas-bombillas-feria-bombillas-verbena-guirnalda-luces-verbena-4.jpg 500w, https:\/\/oui-oui.es\/blog\/wp-content\/uploads\/2016\/06\/Oui-Oui-decorar-con-guirnalda-bombillas-bombillas-feria-bombillas-verbena-guirnalda-luces-verbena-4-200x300.jpg 200w, https:\/\/oui-oui.es\/blog\/wp-content\/uploads\/2016\/06\/Oui-Oui-decorar-con-guirnalda-bombillas-bombillas-feria-bombillas-verbena-guirnalda-luces-verbena-4-300x449.jpg 300w\" sizes=\"auto, (max-width: 500px) 100vw, 500px\" \/><\/a><\/p>\n<p>Como me gustan tanto no pod\u00eda dejar de traerlas a <a href=\"http:\/\/www.oui-oui.es\" target=\"_blank\"><strong>Oui Oui<\/strong><\/a>, y las hemos tra\u00eddo en dos formatos; una <strong>guirnalda de bombillas de feria m\u00e1s larga<\/strong> (8 metros) que se enchufa (puedes verla <a href=\"http:\/\/www.oui-oui.es\/fiestas\/1095-bombillas-de-feria.html\" target=\"_blank\">AQU\u00cd<\/a>)<\/p>\n<p><a href=\"http:\/\/www.oui-oui.es\/buscar?controller=search&amp;orderby=position&amp;orderway=desc&amp;search-cat-select=0&amp;search_query=verbena&amp;submit_search=\"><img loading=\"lazy\" decoding=\"async\" class=\"aligncenter size-full wp-image-4587\" src=\"https:\/\/oui-oui.es\/blog\/wp-content\/uploads\/2016\/06\/Oui-Oui-guirnalda-bombillas-luces-verbena.jpg\" alt=\"Oui Oui-guirnalda bombillas-luces verbena\" width=\"800\" height=\"800\" srcset=\"https:\/\/oui-oui.es\/blog\/wp-content\/uploads\/2016\/06\/Oui-Oui-guirnalda-bombillas-luces-verbena.jpg 800w, https:\/\/oui-oui.es\/blog\/wp-content\/uploads\/2016\/06\/Oui-Oui-guirnalda-bombillas-luces-verbena-150x150.jpg 150w, https:\/\/oui-oui.es\/blog\/wp-content\/uploads\/2016\/06\/Oui-Oui-guirnalda-bombillas-luces-verbena-300x300.jpg 300w, https:\/\/oui-oui.es\/blog\/wp-content\/uploads\/2016\/06\/Oui-Oui-guirnalda-bombillas-luces-verbena-768x768.jpg 768w, https:\/\/oui-oui.es\/blog\/wp-content\/uploads\/2016\/06\/Oui-Oui-guirnalda-bombillas-luces-verbena-600x600.jpg 600w\" sizes=\"auto, (max-width: 800px) 100vw, 800px\" \/><\/a><\/p>\n<p>&nbsp;<\/p>\n<p>Y otra <strong>guirnalda de bombillas<\/strong> tambi\u00e9n <strong>estilo verbena<\/strong> pero de luz LED, m\u00e1s corta y que funciona con pilas (as\u00ed la puedes colocar donde quieras, muy pr\u00e1ctica para una habitaci\u00f3n), \u00e9sta la tienes <a href=\"http:\/\/www.oui-oui.es\/iluminacion\/1142-guirnalda-de-bombillas.html\" target=\"_blank\">AQU\u00cd<\/a><\/p>\n<p><a href=\"http:\/\/www.oui-oui.es\/buscar?controller=search&amp;orderby=position&amp;orderway=desc&amp;search-cat-select=0&amp;search_query=verbena&amp;submit_search=\"><img loading=\"lazy\" decoding=\"async\" class=\"aligncenter size-full wp-image-4589\" src=\"https:\/\/oui-oui.es\/blog\/wp-content\/uploads\/2016\/06\/Oui-Oui-guirnalda-bombillas.jpg\" alt=\"Oui Oui-guirnalda bombillas\" width=\"800\" height=\"800\" srcset=\"https:\/\/oui-oui.es\/blog\/wp-content\/uploads\/2016\/06\/Oui-Oui-guirnalda-bombillas.jpg 800w, https:\/\/oui-oui.es\/blog\/wp-content\/uploads\/2016\/06\/Oui-Oui-guirnalda-bombillas-150x150.jpg 150w, https:\/\/oui-oui.es\/blog\/wp-content\/uploads\/2016\/06\/Oui-Oui-guirnalda-bombillas-300x300.jpg 300w, https:\/\/oui-oui.es\/blog\/wp-content\/uploads\/2016\/06\/Oui-Oui-guirnalda-bombillas-768x768.jpg 768w, https:\/\/oui-oui.es\/blog\/wp-content\/uploads\/2016\/06\/Oui-Oui-guirnalda-bombillas-600x600.jpg 600w\" sizes=\"auto, (max-width: 800px) 100vw, 800px\" \/><\/a><\/p>\n<p><a href=\"http:\/\/www.oui-oui.es\/buscar?controller=search&amp;orderby=position&amp;orderway=desc&amp;search-cat-select=0&amp;search_query=verbena&amp;submit_search=\"><img loading=\"lazy\" decoding=\"async\" class=\"aligncenter size-full wp-image-4590\" src=\"https:\/\/oui-oui.es\/blog\/wp-content\/uploads\/2016\/06\/Oui-Oui-guirnalda-bombillasblancas-bombillas-feria.jpg\" alt=\"Oui Oui-guirnalda bombillasblancas-bombillas feria\" width=\"761\" height=\"761\" srcset=\"https:\/\/oui-oui.es\/blog\/wp-content\/uploads\/2016\/06\/Oui-Oui-guirnalda-bombillasblancas-bombillas-feria.jpg 761w, https:\/\/oui-oui.es\/blog\/wp-content\/uploads\/2016\/06\/Oui-Oui-guirnalda-bombillasblancas-bombillas-feria-150x150.jpg 150w, https:\/\/oui-oui.es\/blog\/wp-content\/uploads\/2016\/06\/Oui-Oui-guirnalda-bombillasblancas-bombillas-feria-300x300.jpg 300w, https:\/\/oui-oui.es\/blog\/wp-content\/uploads\/2016\/06\/Oui-Oui-guirnalda-bombillasblancas-bombillas-feria-600x600.jpg 600w\" sizes=\"auto, (max-width: 761px) 100vw, 761px\" \/><\/a><\/p>\n<p>Y en nuestro tabl\u00f3n de <strong>Pinterest<\/strong> tienes m\u00e1s inspiraci\u00f3n para <strong>decorar con luces de verbena y bombillas de feria<\/strong> <a href=\"https:\/\/es.pinterest.com\/ouiouidetalles\/bombillas-de-feria\/\" target=\"_blank\">AQU\u00cd<\/a><\/p>\n<p><a href=\"http:\/\/www.oui-oui.es\/buscar?controller=search&amp;orderby=position&amp;orderway=desc&amp;search-cat-select=0&amp;search_query=verbena&amp;submit_search=\"><img loading=\"lazy\" decoding=\"async\" class=\"aligncenter size-full wp-image-4581\" src=\"https:\/\/oui-oui.es\/blog\/wp-content\/uploads\/2016\/06\/Oui-Oui-decorar-con-guirnalda-bombillas-bombillas-feria-bombillas-verbena-guirnalda-luces-verbena-3.jpg\" alt=\"Oui Oui-decorar con guirnalda bombillas-bombillas feria-bombillas verbena-guirnalda luces verbena (3)\" width=\"564\" height=\"846\" srcset=\"https:\/\/oui-oui.es\/blog\/wp-content\/uploads\/2016\/06\/Oui-Oui-decorar-con-guirnalda-bombillas-bombillas-feria-bombillas-verbena-guirnalda-luces-verbena-3.jpg 564w, https:\/\/oui-oui.es\/blog\/wp-content\/uploads\/2016\/06\/Oui-Oui-decorar-con-guirnalda-bombillas-bombillas-feria-bombillas-verbena-guirnalda-luces-verbena-3-200x300.jpg 200w, https:\/\/oui-oui.es\/blog\/wp-content\/uploads\/2016\/06\/Oui-Oui-decorar-con-guirnalda-bombillas-bombillas-feria-bombillas-verbena-guirnalda-luces-verbena-3-300x450.jpg 300w\" sizes=\"auto, (max-width: 564px) 100vw, 564px\" \/><\/a><\/p>\n<p>&nbsp;<\/p>\n","protected":false},"excerpt":{"rendered":"<p>&nbsp; Es tiempo de terrazas, de la propia o de la ajena, nosotros ahora tiramos m\u00e1s de las ajenas pero hubo un tiempo en el que ten\u00edamos El Terraz\u00f3n (nuestro a\u00f1orado 7\u00baCielo de solteros) en el que disfrutamos muchas cenas y casi las mismas fiestas \ud83d\ude09 Si tuviera terraza sin ninguna duda pondr\u00eda ahora una [&hellip;]<\/p>\n","protected":false},"author":1,"featured_media":4586,"comment_status":"open","ping_status":"open","sticky":false,"template":"","format":"standard","meta":{"jetpack_post_was_ever_published":false,"_jetpack_newsletter_access":"","_jetpack_dont_email_post_to_subs":false,"_jetpack_newsletter_tier_id":0,"_jetpack_memberships_contains_paywalled_content":false,"_jetpack_memberships_contains_paid_content":false,"footnotes":"","jetpack_publicize_message":"","jetpack_publicize_feature_enabled":true,"jetpack_social_post_already_shared":true,"jetpack_social_options":{"image_generator_settings":{"template":"highway","default_image_id":0,"font":"","enabled":false},"version":2}},"categories":[173,177,7],"tags":[771,714],"class_list":["post-4558","post","type-post","status-publish","format-standard","has-post-thumbnail","hentry","category-decoracion-de-casa","category-lifestyle-2","category-fiestas-celebraciones","tag-iluminacion","tag-lamparas"],"aioseo_notices":[],"jetpack_publicize_connections":[],"jetpack_featured_media_url":"https:\/\/oui-oui.es\/blog\/wp-content\/uploads\/2016\/06\/Oui-Oui-decorar-con-guirnalda-bombillas-bombillas-feria-bombillas-verbena-guirnalda-luces-verbena-8.jpg","jetpack_sharing_enabled":true,"jetpack-related-posts":[{"id":5144,"url":"https:\/\/oui-oui.es\/blog\/marzo-rosa\/","url_meta":{"origin":4558,"position":0},"title":"Marzo rosa","author":"Mar\u00eda \u2665Oui Oui\u2665","date":"1 marzo, 2017","format":false,"excerpt":"Comienza marzo y creo que es el mejor d\u00eda para (re) volver al blog, despu\u00e9s de un par de semanas de ausencia porque no encontraba hueco para escribir. Marzo es mi mes por excelencia, en marzo es mi cumple, el de varios de mis mejores amig@s, es el mes en\u2026","rel":"","context":"En \u00abDECORACI\u00d3N\u00bb","block_context":{"text":"DECORACI\u00d3N","link":"https:\/\/oui-oui.es\/blog\/category\/decoracion-de-casa\/"},"img":{"alt_text":"","src":"https:\/\/i0.wp.com\/oui-oui.es\/blog\/wp-content\/uploads\/2017\/02\/LENZO-Trentham-Wedding-oui-oui-globo-LOVE-oro-rosa-candy-bar.jpg?resize=350%2C200&ssl=1","width":350,"height":200,"srcset":"https:\/\/i0.wp.com\/oui-oui.es\/blog\/wp-content\/uploads\/2017\/02\/LENZO-Trentham-Wedding-oui-oui-globo-LOVE-oro-rosa-candy-bar.jpg?resize=350%2C200&ssl=1 1x, https:\/\/i0.wp.com\/oui-oui.es\/blog\/wp-content\/uploads\/2017\/02\/LENZO-Trentham-Wedding-oui-oui-globo-LOVE-oro-rosa-candy-bar.jpg?resize=525%2C300&ssl=1 1.5x"},"classes":[]},{"id":702,"url":"https:\/\/oui-oui.es\/blog\/%e2%99%a5-%e2%99%a5-novedades-en-la-tienda-%e2%99%a5-%e2%99%a5\/","url_meta":{"origin":4558,"position":1},"title":"\u2665 \u2665 \u00a1\u00a1Novedades en la tienda!! \u2665 \u2665","author":"Mar\u00eda \u2665Oui Oui\u2665","date":"6 mayo, 2013","format":false,"excerpt":"Hasta que encuentre un hueco para escribir la newsletter (a la que os pod\u00e9is suscribir aqu\u00ed , por cierto ;) ) os contar\u00e9 las novedades en la tienda por aqu\u00ed, vale? Estas dos \u00faltimas semanas ha habido much\u00edsimas novedades; washi tape , taxidermias de peluche, cubiertos con mensaje ...Pero no\u2026","rel":"","context":"En \u00abBoda\u00bb","block_context":{"text":"Boda","link":"https:\/\/oui-oui.es\/blog\/category\/fiestas-celebraciones\/boda\/"},"img":{"alt_text":"","src":"https:\/\/i0.wp.com\/oui-oui.es\/blog\/wp-content\/uploads\/oui-oui-decoracion-bodas-fiestas-detalles-novedades.jpg?resize=350%2C200&ssl=1","width":350,"height":200,"srcset":"https:\/\/i0.wp.com\/oui-oui.es\/blog\/wp-content\/uploads\/oui-oui-decoracion-bodas-fiestas-detalles-novedades.jpg?resize=350%2C200&ssl=1 1x, https:\/\/i0.wp.com\/oui-oui.es\/blog\/wp-content\/uploads\/oui-oui-decoracion-bodas-fiestas-detalles-novedades.jpg?resize=525%2C300&ssl=1 1.5x"},"classes":[]},{"id":3907,"url":"https:\/\/oui-oui.es\/blog\/3907-2\/","url_meta":{"origin":4558,"position":2},"title":"Diferencias entre un embarazo de invierno y uno de verano","author":"Mar\u00eda \u2665Oui Oui\u2665","date":"15 enero, 2016","format":false,"excerpt":"Entre el volumen de trabajo de Navidades, las fiestas y el embarazo no he podido volver al blog hasta hoy, me he propuesto recuperar la rutina aunque lo voy a hacer s\u00f3lo tres a veces a la semana (igual despu\u00e9s de dar a luz tengo que bajarlo a dos...). T\u00e9cnicamente\u2026","rel":"","context":"En \u00abMATERNIDAD\u00bb","block_context":{"text":"MATERNIDAD","link":"https:\/\/oui-oui.es\/blog\/category\/maternidad\/"},"img":{"alt_text":"","src":"https:\/\/i0.wp.com\/oui-oui.es\/blog\/wp-content\/uploads\/2016\/01\/Oui-OUi-embarazo-de-verano-vs-embarazo-de-invierno-frida.jpg?resize=350%2C200&ssl=1","width":350,"height":200},"classes":[]},{"id":2670,"url":"https:\/\/oui-oui.es\/blog\/los-flotadores-que-merecen-una-fiesta\/","url_meta":{"origin":4558,"position":3},"title":"Los flotadores que merecen una fiesta","author":"Mar\u00eda \u2665Oui Oui\u2665","date":"25 junio, 2015","format":false,"excerpt":"Nada m\u00e1s apetecible con este calor que una fiesta en la piscina, y en una pool party en condiciones no pueden faltar los flotadores gigantes m\u00e1s geniales: El flotador con forma de donut mordisqueado de Hommer Simpson El flotador pretzel \u00bfPorqu\u00e9 me gustar\u00e1n tanto los pretzel est\u00e9ticamente? En las fiestas\u2026","rel":"","context":"En \u00abESTILO DE VIDA\u00bb","block_context":{"text":"ESTILO DE VIDA","link":"https:\/\/oui-oui.es\/blog\/category\/lifestyle-2\/"},"img":{"alt_text":"","src":"https:\/\/i0.wp.com\/oui-oui.es\/blog\/wp-content\/uploads\/Oui-Oui-pool-party-flotadores-gigantes-flotador-pretzel-flotador-donut-flotador-cisne-flotador-flamenco-1.jpg?resize=350%2C200&ssl=1","width":350,"height":200,"srcset":"https:\/\/i0.wp.com\/oui-oui.es\/blog\/wp-content\/uploads\/Oui-Oui-pool-party-flotadores-gigantes-flotador-pretzel-flotador-donut-flotador-cisne-flotador-flamenco-1.jpg?resize=350%2C200&ssl=1 1x, https:\/\/i0.wp.com\/oui-oui.es\/blog\/wp-content\/uploads\/Oui-Oui-pool-party-flotadores-gigantes-flotador-pretzel-flotador-donut-flotador-cisne-flotador-flamenco-1.jpg?resize=525%2C300&ssl=1 1.5x"},"classes":[]},{"id":3360,"url":"https:\/\/oui-oui.es\/blog\/como-hacer-una-tarta-solo-con-fruta\/","url_meta":{"origin":4558,"position":4},"title":"C\u00f3mo hacer una tarta s\u00f3lo con fruta","author":"Mar\u00eda \u2665Oui Oui\u2665","date":"22 septiembre, 2015","format":false,"excerpt":"Como ya os he contado, Mart\u00edn cumpli\u00f3 dos a\u00f1os la semana pasada y pens\u00e9 en llevar algo para celebrarlo en el cole con sus nuevos compa\u00f1eros de clase, al coment\u00e1rselo a la profesora me pidi\u00f3 que fuera fruta para evitar problemas por el tema de alegrias (aunque entiendo que tambi\u00e9n\u2026","rel":"","context":"En \u00abFIESTAS y CELEBRACIONES\u00bb","block_context":{"text":"FIESTAS y CELEBRACIONES","link":"https:\/\/oui-oui.es\/blog\/category\/fiestas-celebraciones\/"},"img":{"alt_text":"","src":"https:\/\/i0.wp.com\/oui-oui.es\/blog\/wp-content\/uploads\/2015\/09\/Oui-Oui-tarta-s%C3%B3lo-de-fruta-tartas-para-ni%C3%B1os-alergicos-2.jpg?resize=350%2C200&ssl=1","width":350,"height":200,"srcset":"https:\/\/i0.wp.com\/oui-oui.es\/blog\/wp-content\/uploads\/2015\/09\/Oui-Oui-tarta-s%C3%B3lo-de-fruta-tartas-para-ni%C3%B1os-alergicos-2.jpg?resize=350%2C200&ssl=1 1x, https:\/\/i0.wp.com\/oui-oui.es\/blog\/wp-content\/uploads\/2015\/09\/Oui-Oui-tarta-s%C3%B3lo-de-fruta-tartas-para-ni%C3%B1os-alergicos-2.jpg?resize=525%2C300&ssl=1 1.5x"},"classes":[]},{"id":718,"url":"https:\/\/oui-oui.es\/blog\/mas-cositas-nuevas-en-la-tienda\/","url_meta":{"origin":4558,"position":5},"title":"M\u00e1s cositas nuevas en la tienda!","author":"Mar\u00eda \u2665Oui Oui\u2665","date":"13 mayo, 2013","format":false,"excerpt":"Como promet\u00ed, aunque no sepa de d\u00f3nde sacar el tiempo, habr\u00e1 novedades en la tienda todas las semanas y aqu\u00ed os presento las de \u00e9sta...Muy variadas! Empezamos con cojines nuevos, los dos que ten\u00edamos hasta ahora, el del bigote y el de Home han tenido mucho \u00e9xito, as\u00ed que espero\u2026","rel":"","context":"En \u00abDECORACI\u00d3N\u00bb","block_context":{"text":"DECORACI\u00d3N","link":"https:\/\/oui-oui.es\/blog\/category\/decoracion-de-casa\/"},"img":{"alt_text":"Down that little lane","src":"https:\/\/ouiouiblog.files.wordpress.com\/2013\/05\/oui-oui-nuevo-tienda-pinterest.jpg?w=350&h=200&crop=1","width":350,"height":200},"classes":[]}],"_links":{"self":[{"href":"https:\/\/oui-oui.es\/blog\/wp-json\/wp\/v2\/posts\/4558","targetHints":{"allow":["GET"]}}],"collection":[{"href":"https:\/\/oui-oui.es\/blog\/wp-json\/wp\/v2\/posts"}],"about":[{"href":"https:\/\/oui-oui.es\/blog\/wp-json\/wp\/v2\/types\/post"}],"author":[{"embeddable":true,"href":"https:\/\/oui-oui.es\/blog\/wp-json\/wp\/v2\/users\/1"}],"replies":[{"embeddable":true,"href":"https:\/\/oui-oui.es\/blog\/wp-json\/wp\/v2\/comments?post=4558"}],"version-history":[{"count":4,"href":"https:\/\/oui-oui.es\/blog\/wp-json\/wp\/v2\/posts\/4558\/revisions"}],"predecessor-version":[{"id":4591,"href":"https:\/\/oui-oui.es\/blog\/wp-json\/wp\/v2\/posts\/4558\/revisions\/4591"}],"wp:featuredmedia":[{"embeddable":true,"href":"https:\/\/oui-oui.es\/blog\/wp-json\/wp\/v2\/media\/4586"}],"wp:attachment":[{"href":"https:\/\/oui-oui.es\/blog\/wp-json\/wp\/v2\/media?parent=4558"}],"wp:term":[{"taxonomy":"category","embeddable":true,"href":"https:\/\/oui-oui.es\/blog\/wp-json\/wp\/v2\/categories?post=4558"},{"taxonomy":"post_tag","embeddable":true,"href":"https:\/\/oui-oui.es\/blog\/wp-json\/wp\/v2\/tags?post=4558"}],"curies":[{"name":"wp","href":"https:\/\/api.w.org\/{rel}","templated":true}]}}