{"id":457,"date":"2013-01-21T15:59:22","date_gmt":"2013-01-21T14:59:22","guid":{"rendered":"http:\/\/ouiouiblog.wordpress.com\/?p=457"},"modified":"2013-01-21T15:59:22","modified_gmt":"2013-01-21T14:59:22","slug":"querida-valentina-invitaciones-para-una-boda-rustica-chic","status":"publish","type":"post","link":"https:\/\/oui-oui.es\/blog\/querida-valentina-invitaciones-para-una-boda-rustica-chic\/","title":{"rendered":"Querida Valentina&#8230;Invitaciones para una boda r\u00fastica-chic"},"content":{"rendered":"<p style=\"text-align:center;\"><a href=\"https:\/\/oui-oui.es\/blog\/wp-content\/uploads\/oui-oui-querida-valentina-invitaciones-rustico-chic.jpg\"><img loading=\"lazy\" decoding=\"async\" class=\"aligncenter size-full wp-image-460\" alt=\"Oui Oui-Querida Valentina-invitaciones rustico-chic\" src=\"https:\/\/oui-oui.es\/blog\/wp-content\/uploads\/oui-oui-querida-valentina-invitaciones-rustico-chic.jpg\" width=\"529\" height=\"323\" srcset=\"https:\/\/oui-oui.es\/blog\/wp-content\/uploads\/oui-oui-querida-valentina-invitaciones-rustico-chic.jpg 980w, https:\/\/oui-oui.es\/blog\/wp-content\/uploads\/oui-oui-querida-valentina-invitaciones-rustico-chic-300x183.jpg 300w\" sizes=\"auto, (max-width: 529px) 100vw, 529px\" \/><\/a><\/p>\n<p style=\"text-align:center;\">Cuando organizas una boda <strong>lo que menos tienes es tiempo<\/strong> y tener que pedir cita previa para cualquier cosa se hace muy pesado, <strong>Querida Valentina<\/strong> se di\u00f3 cuenta y ofrece un <strong>dise\u00f1o natural y muy cuidado en toda la papeler\u00eda<\/strong> de la boda <strong>a un solo click.<\/strong><a href=\"https:\/\/oui-oui.es\/blog\/wp-content\/uploads\/oui-oui-blog-querida-valentina-invitaciones-con-magia.jpg\"><img loading=\"lazy\" decoding=\"async\" class=\"aligncenter size-full wp-image-464\" alt=\"Oui Oui blog-Querida Valentina-invitaciones con magia\" src=\"https:\/\/oui-oui.es\/blog\/wp-content\/uploads\/oui-oui-blog-querida-valentina-invitaciones-con-magia.jpg\" width=\"529\" height=\"334\" srcset=\"https:\/\/oui-oui.es\/blog\/wp-content\/uploads\/oui-oui-blog-querida-valentina-invitaciones-con-magia.jpg 980w, https:\/\/oui-oui.es\/blog\/wp-content\/uploads\/oui-oui-blog-querida-valentina-invitaciones-con-magia-300x189.jpg 300w\" sizes=\"auto, (max-width: 529px) 100vw, 529px\" \/><\/a><\/p>\n<p style=\"text-align:center;\">Es decir, puedes encargar todo a trav\u00e9s de su p\u00e1gina, desde las invitaciones hasta los <strong>meseros<\/strong>, pasando por los <strong>misales<\/strong>, <strong>tarjetas de agradecimiento<\/strong>, etc&#8230;<\/p>\n<p style=\"text-align:center;\"><a href=\"https:\/\/oui-oui.es\/blog\/wp-content\/uploads\/oui-oui-blog-querida-valentina-tarjetas-agradecimiento-fly-me-to-the-moon.jpg\"><img loading=\"lazy\" decoding=\"async\" class=\"aligncenter size-full wp-image-462\" alt=\"Oui Oui blog-querida valentina-tarjetas-agradecimiento-fly-me-to-the-moon\" src=\"https:\/\/oui-oui.es\/blog\/wp-content\/uploads\/oui-oui-blog-querida-valentina-tarjetas-agradecimiento-fly-me-to-the-moon.jpg\" width=\"189\" height=\"235\" \/><\/a><\/p>\n<p style=\"text-align:center;\">Estos <strong>paip\u00e1is<\/strong> con el <strong>programa de la ceremonia<\/strong> (civil o religiosa) me han encantado.<\/p>\n<p style=\"text-align:center;\"><a href=\"https:\/\/oui-oui.es\/blog\/wp-content\/uploads\/oui-oui-blog-programa-ceremonia-original-paipai-querida-valentina.jpg\"><img loading=\"lazy\" decoding=\"async\" class=\"aligncenter size-full wp-image-463\" alt=\"Oui Oui blog-programa ceremonia original-paipai-querida valentina\" src=\"https:\/\/oui-oui.es\/blog\/wp-content\/uploads\/oui-oui-blog-programa-ceremonia-original-paipai-querida-valentina.jpg\" width=\"350\" height=\"435\" srcset=\"https:\/\/oui-oui.es\/blog\/wp-content\/uploads\/oui-oui-blog-programa-ceremonia-original-paipai-querida-valentina.jpg 350w, https:\/\/oui-oui.es\/blog\/wp-content\/uploads\/oui-oui-blog-programa-ceremonia-original-paipai-querida-valentina-241x300.jpg 241w\" sizes=\"auto, (max-width: 350px) 100vw, 350px\" \/><\/a><\/p>\n<p style=\"text-align:center;\"><a href=\"http:\/\/www.queridavalentina.es\/\" target=\"_blank\"><strong>Querida Valentina<\/strong><\/a> tiene sus ra\u00edces en la <strong>papeler\u00eda artesanal<\/strong>, trabajando siempre con <strong>papeles de alta calidad<\/strong> (important\u00edsimo!!) y con <strong>dise\u00f1os inspirados en la naturaleza<\/strong>&#8230;<strong>Se hizo famosa por sus lib\u00e9lulas \ud83d\ude09<\/strong><\/p>\n<p style=\"text-align:center;\"><a href=\"https:\/\/oui-oui.es\/blog\/wp-content\/uploads\/oui-oui-blog-querida-valentina-invitacion-libelulas.jpg\"><img loading=\"lazy\" decoding=\"async\" class=\"aligncenter size-full wp-image-461\" alt=\"Oui Oui blog-querida valentina-invitacion-libelulas\" src=\"https:\/\/oui-oui.es\/blog\/wp-content\/uploads\/oui-oui-blog-querida-valentina-invitacion-libelulas.jpg\" width=\"189\" height=\"235\" \/><\/a><\/p>\n<p style=\"text-align:center;\">Aunque tambi\u00e9n <strong>personalizan la papeler\u00eda<\/strong> con el estilo de los novios, como esta <strong>l\u00ednea para viajeros<\/strong> o los modelos con rayas, topitos&#8230;<\/p>\n<p style=\"text-align:center;\"><a href=\"https:\/\/oui-oui.es\/blog\/wp-content\/uploads\/oui-oui-blog-invitaciones-boda-tema-viaje-querida-valentina.jpg\"><img loading=\"lazy\" decoding=\"async\" class=\"aligncenter size-full wp-image-459\" alt=\"Oui Oui blog-invitaciones boda tema viaje-Querida Valentina\" src=\"https:\/\/oui-oui.es\/blog\/wp-content\/uploads\/oui-oui-blog-invitaciones-boda-tema-viaje-querida-valentina.jpg\" width=\"350\" height=\"435\" srcset=\"https:\/\/oui-oui.es\/blog\/wp-content\/uploads\/oui-oui-blog-invitaciones-boda-tema-viaje-querida-valentina.jpg 350w, https:\/\/oui-oui.es\/blog\/wp-content\/uploads\/oui-oui-blog-invitaciones-boda-tema-viaje-querida-valentina-241x300.jpg 241w\" sizes=\"auto, (max-width: 350px) 100vw, 350px\" \/><\/a><\/p>\n<p style=\"text-align:center;\">Y <strong>no s\u00f3lo bodas<\/strong>, claro, tambi\u00e9n todo tipo de evento que requiera una papeler\u00eda del estilo (bautizo, comuniones, aniversarios&#8230;)Si quieres saber m\u00e1s, consulta su <a href=\"http:\/\/www.queridavalentina.es\/\" target=\"_blank\">Web <\/a><\/p>\n","protected":false},"excerpt":{"rendered":"<p>Cuando organizas una boda lo que menos tienes es tiempo y tener que pedir cita previa para cualquier cosa se hace muy pesado, Querida Valentina se di\u00f3 cuenta y ofrece un dise\u00f1o natural y muy cuidado en toda la papeler\u00eda de la boda a un solo click. Es decir, puedes encargar todo a trav\u00e9s de [&hellip;]<\/p>\n","protected":false},"author":1,"featured_media":460,"comment_status":"open","ping_status":"open","sticky":false,"template":"","format":"standard","meta":{"jetpack_post_was_ever_published":false,"_jetpack_newsletter_access":"","_jetpack_dont_email_post_to_subs":false,"_jetpack_newsletter_tier_id":0,"_jetpack_memberships_contains_paywalled_content":false,"_jetpack_memberships_contains_paid_content":false,"footnotes":"","jetpack_publicize_message":"","jetpack_publicize_feature_enabled":true,"jetpack_social_post_already_shared":false,"jetpack_social_options":{"image_generator_settings":{"template":"highway","default_image_id":0,"font":"","enabled":false},"version":2}},"categories":[704],"tags":[44,718,732,728],"class_list":["post-457","post","type-post","status-publish","format-standard","has-post-thumbnail","hentry","category-boda","tag-boda-campestre","tag-bodas","tag-deco-boda","tag-invitaciones-de-boda"],"aioseo_notices":[],"jetpack_publicize_connections":[],"jetpack_featured_media_url":"https:\/\/oui-oui.es\/blog\/wp-content\/uploads\/oui-oui-querida-valentina-invitaciones-rustico-chic.jpg","jetpack_sharing_enabled":true,"jetpack-related-posts":[{"id":434,"url":"https:\/\/oui-oui.es\/blog\/una-invitacion-de-boda-diferente-arroz-nupcial\/","url_meta":{"origin":457,"position":0},"title":"Una invitaci\u00f3n de boda diferente, arroz nupcial","author":"Mar\u00eda \u2665Oui Oui\u2665","date":"14 enero, 2013","format":false,"excerpt":"Hoy os traigo una invitaci\u00f3n de boda diferente, me ha gustado porque juega con un elemento cl\u00e1sico en las bodas como es el arroz pero lo descontexualiza, una invitaci\u00f3n de boda que en realidad es un saquito de arroz. Personalmente no soy de tirar arroz en las bodas ni lo\u2026","rel":"","context":"En \u00abBoda\u00bb","block_context":{"text":"Boda","link":"https:\/\/oui-oui.es\/blog\/category\/fiestas-celebraciones\/boda\/"},"img":{"alt_text":"","src":"https:\/\/i0.wp.com\/oui-oui.es\/blog\/wp-content\/uploads\/2013\/01\/oui-oui-blog-invitaciones-boda-originales-arroz-nupcial-menudostudio-1.jpg?resize=350%2C200&ssl=1","width":350,"height":200,"srcset":"https:\/\/i0.wp.com\/oui-oui.es\/blog\/wp-content\/uploads\/2013\/01\/oui-oui-blog-invitaciones-boda-originales-arroz-nupcial-menudostudio-1.jpg?resize=350%2C200&ssl=1 1x, https:\/\/i0.wp.com\/oui-oui.es\/blog\/wp-content\/uploads\/2013\/01\/oui-oui-blog-invitaciones-boda-originales-arroz-nupcial-menudostudio-1.jpg?resize=525%2C300&ssl=1 1.5x"},"classes":[]},{"id":524,"url":"https:\/\/oui-oui.es\/blog\/os-vamos-a-dar-la-lata\/","url_meta":{"origin":457,"position":1},"title":"Os vamos a dar la lata","author":"Mar\u00eda \u2665Oui Oui\u2665","date":"31 enero, 2013","format":false,"excerpt":"Si est\u00e1s buscando unas invitaciones que se salgan de lo normal sin caer en horteradas, seguro que te gustar\u00e1n \u00e9stas creadas por Supernatural Superserio (a m\u00ed el nombre del estudio de dise\u00f1o ya me encanta, sobretodo al pronunciarlo en alto). Arriesgaron creando unas invitaciones en lata de conserva, en sus\u2026","rel":"","context":"En \u00abBoda\u00bb","block_context":{"text":"Boda","link":"https:\/\/oui-oui.es\/blog\/category\/fiestas-celebraciones\/boda\/"},"img":{"alt_text":"","src":"https:\/\/i0.wp.com\/oui-oui.es\/blog\/wp-content\/uploads\/oui-oui-blog-supernatural-superserio-estudio-disec3b1o.jpg?resize=350%2C200&ssl=1","width":350,"height":200,"srcset":"https:\/\/i0.wp.com\/oui-oui.es\/blog\/wp-content\/uploads\/oui-oui-blog-supernatural-superserio-estudio-disec3b1o.jpg?resize=350%2C200&ssl=1 1x, https:\/\/i0.wp.com\/oui-oui.es\/blog\/wp-content\/uploads\/oui-oui-blog-supernatural-superserio-estudio-disec3b1o.jpg?resize=525%2C300&ssl=1 1.5x"},"classes":[]},{"id":1342,"url":"https:\/\/oui-oui.es\/blog\/que-es-el-pisito\/","url_meta":{"origin":457,"position":2},"title":"\u00bfQu\u00e9 es El Pisito?","author":"Mar\u00eda \u2665Oui Oui\u2665","date":"25 febrero, 2014","format":false,"excerpt":"Los que me segu\u00eds por redes sociales ver\u00edais la semana pasada que no par\u00e9 de hablar de \"El Pisito\", hicimos una peque\u00f1a inauguraci\u00f3n para prensa, pero todo fu\u00e9 muy r\u00e1pido, mucha gente nos pregunt\u00f3 si estaba abierto todo el d\u00eda, si la entrada era libre, etc...As\u00ed que aqu\u00ed os cuento\u2026","rel":"","context":"En \u00abBoda\u00bb","block_context":{"text":"Boda","link":"https:\/\/oui-oui.es\/blog\/category\/fiestas-celebraciones\/boda\/"},"img":{"alt_text":"","src":"https:\/\/i0.wp.com\/oui-oui.es\/blog\/wp-content\/uploads\/2014\/02\/oui-oui-el-pisito-todos-los-que-estamos.jpg?resize=350%2C200&ssl=1","width":350,"height":200},"classes":[]},{"id":449,"url":"https:\/\/oui-oui.es\/blog\/5-cosas-que-hacer-nada-mas-comprometerte\/","url_meta":{"origin":457,"position":3},"title":"5 cosas que hacer nada m\u00e1s comprometerte","author":"Mar\u00eda \u2665Oui Oui\u2665","date":"16 enero, 2013","format":false,"excerpt":"Hoy hace dos a\u00f1os que anunciamos p\u00fablicamente que est\u00e1bamos comprometidos y que nos cas\u00e1bamos en ocho meses. Digo p\u00fablicamente porque \u00c1lvaro me lo pidi\u00f3 una semana antes, pero est\u00e1bamos esquiando, solos fuera de Espa\u00f1a, y fu\u00e9 nuestro secreto durante una semana. Una de las cosas que recuerdo con m\u00e1s ilusi\u00f3n\u2026","rel":"","context":"En \u00abBoda\u00bb","block_context":{"text":"Boda","link":"https:\/\/oui-oui.es\/blog\/category\/fiestas-celebraciones\/boda\/"},"img":{"alt_text":"","src":"https:\/\/i0.wp.com\/oui-oui.es\/blog\/wp-content\/uploads\/oui-oui-blog-taza-casate-conmigo.jpg?resize=350%2C200&ssl=1","width":350,"height":200,"srcset":"https:\/\/i0.wp.com\/oui-oui.es\/blog\/wp-content\/uploads\/oui-oui-blog-taza-casate-conmigo.jpg?resize=350%2C200&ssl=1 1x, https:\/\/i0.wp.com\/oui-oui.es\/blog\/wp-content\/uploads\/oui-oui-blog-taza-casate-conmigo.jpg?resize=525%2C300&ssl=1 1.5x"},"classes":[]},{"id":1377,"url":"https:\/\/oui-oui.es\/blog\/un-desfile-de-vestidos-de-novia-diferente\/","url_meta":{"origin":457,"position":4},"title":"Un desfile de vestidos de novia diferente&#8230;","author":"Mar\u00eda \u2665Oui Oui\u2665","date":"27 febrero, 2014","format":false,"excerpt":"Me gusta que vayan organizando pasarelas de novias fuera del circuito de esas ferias multitudinarias y feas que hab\u00eda hasta ahora. Bodabook se encarg\u00f3 de organizar el martes la I Pasarela Si Quiero, no quer\u00eda perd\u00e9rmelo pero al final me fu\u00e9 imposible asistir.Eso s\u00ed, me he recorrido las p\u00e1ginas de\u2026","rel":"","context":"En \u00abBoda\u00bb","block_context":{"text":"Boda","link":"https:\/\/oui-oui.es\/blog\/category\/fiestas-celebraciones\/boda\/"},"img":{"alt_text":"","src":"https:\/\/i0.wp.com\/oui-oui.es\/blog\/wp-content\/uploads\/2014\/02\/oui-oui-pasarela-novias-bodabook-sole-alonso-david-christian-inuc3b1ez.jpg?resize=350%2C200&ssl=1","width":350,"height":200,"srcset":"https:\/\/i0.wp.com\/oui-oui.es\/blog\/wp-content\/uploads\/2014\/02\/oui-oui-pasarela-novias-bodabook-sole-alonso-david-christian-inuc3b1ez.jpg?resize=350%2C200&ssl=1 1x, https:\/\/i0.wp.com\/oui-oui.es\/blog\/wp-content\/uploads\/2014\/02\/oui-oui-pasarela-novias-bodabook-sole-alonso-david-christian-inuc3b1ez.jpg?resize=525%2C300&ssl=1 1.5x, https:\/\/i0.wp.com\/oui-oui.es\/blog\/wp-content\/uploads\/2014\/02\/oui-oui-pasarela-novias-bodabook-sole-alonso-david-christian-inuc3b1ez.jpg?resize=700%2C400&ssl=1 2x"},"classes":[]},{"id":2120,"url":"https:\/\/oui-oui.es\/blog\/quieres-una-boda-diy-no-te-pierdas-mi-evento-handmade\/","url_meta":{"origin":457,"position":5},"title":"\u00bfQuieres una boda DIY? no te pierdas \u00abMi evento handmade\u00bb","author":"Mar\u00eda \u2665Oui Oui\u2665","date":"24 abril, 2015","format":false,"excerpt":"\u00a0 Hace un par de semanas pasamos una tarde muy divertida aprendiendo a hacer diferentes cosas que pudieran ayudarnos si organiz\u00e1bamos nuestra propia boda, fiesta o evento, aprendimos a carvar sellos; una disciplina muy relajante que os recomiendo si no la conoc\u00e9is! , hicimos nuestra propia cajita (que pod\u00edamos haber\u2026","rel":"","context":"En \u00abBoda\u00bb","block_context":{"text":"Boda","link":"https:\/\/oui-oui.es\/blog\/category\/fiestas-celebraciones\/boda\/"},"img":{"alt_text":"","src":"https:\/\/i0.wp.com\/oui-oui.es\/blog\/wp-content\/uploads\/2015\/04\/oui-oui-mi-evento-handmade-lettering-bodas-packaging-bodas-centros-flores-diy-tijeras-torre-eiffel.jpg?resize=350%2C200&ssl=1","width":350,"height":200},"classes":[]}],"_links":{"self":[{"href":"https:\/\/oui-oui.es\/blog\/wp-json\/wp\/v2\/posts\/457","targetHints":{"allow":["GET"]}}],"collection":[{"href":"https:\/\/oui-oui.es\/blog\/wp-json\/wp\/v2\/posts"}],"about":[{"href":"https:\/\/oui-oui.es\/blog\/wp-json\/wp\/v2\/types\/post"}],"author":[{"embeddable":true,"href":"https:\/\/oui-oui.es\/blog\/wp-json\/wp\/v2\/users\/1"}],"replies":[{"embeddable":true,"href":"https:\/\/oui-oui.es\/blog\/wp-json\/wp\/v2\/comments?post=457"}],"version-history":[{"count":0,"href":"https:\/\/oui-oui.es\/blog\/wp-json\/wp\/v2\/posts\/457\/revisions"}],"wp:featuredmedia":[{"embeddable":true,"href":"https:\/\/oui-oui.es\/blog\/wp-json\/wp\/v2\/media\/460"}],"wp:attachment":[{"href":"https:\/\/oui-oui.es\/blog\/wp-json\/wp\/v2\/media?parent=457"}],"wp:term":[{"taxonomy":"category","embeddable":true,"href":"https:\/\/oui-oui.es\/blog\/wp-json\/wp\/v2\/categories?post=457"},{"taxonomy":"post_tag","embeddable":true,"href":"https:\/\/oui-oui.es\/blog\/wp-json\/wp\/v2\/tags?post=457"}],"curies":[{"name":"wp","href":"https:\/\/api.w.org\/{rel}","templated":true}]}}