{"id":4607,"date":"2016-07-07T15:12:57","date_gmt":"2016-07-07T13:12:57","guid":{"rendered":"https:\/\/oui-oui.es\/blog\/?p=4607"},"modified":"2016-07-07T15:14:46","modified_gmt":"2016-07-07T13:14:46","slug":"una-escuela-en-la-naturaleza","status":"publish","type":"post","link":"https:\/\/oui-oui.es\/blog\/una-escuela-en-la-naturaleza\/","title":{"rendered":"Una Escuela en la Naturaleza"},"content":{"rendered":"<p><a href=\"https:\/\/ojalahoja.com\/\"><img loading=\"lazy\" decoding=\"async\" class=\"aligncenter size-full wp-image-4609\" src=\"https:\/\/oui-oui.es\/blog\/wp-content\/uploads\/2016\/07\/Oui-Oui-escuela-en-la-naturaleza-ojala-hoja-forest-kindergarden.jpg\" alt=\"Oui Oui-escuela en la naturaleza-ojala-hoja-forest kindergarden\" width=\"885\" height=\"252\" srcset=\"https:\/\/oui-oui.es\/blog\/wp-content\/uploads\/2016\/07\/Oui-Oui-escuela-en-la-naturaleza-ojala-hoja-forest-kindergarden.jpg 885w, https:\/\/oui-oui.es\/blog\/wp-content\/uploads\/2016\/07\/Oui-Oui-escuela-en-la-naturaleza-ojala-hoja-forest-kindergarden-300x85.jpg 300w, https:\/\/oui-oui.es\/blog\/wp-content\/uploads\/2016\/07\/Oui-Oui-escuela-en-la-naturaleza-ojala-hoja-forest-kindergarden-768x219.jpg 768w, https:\/\/oui-oui.es\/blog\/wp-content\/uploads\/2016\/07\/Oui-Oui-escuela-en-la-naturaleza-ojala-hoja-forest-kindergarden-600x171.jpg 600w\" sizes=\"auto, (max-width: 885px) 100vw, 885px\" \/><\/a><\/p>\n<p>Sab\u00eda de las <strong>escuelas en la naturaleza<\/strong> o <span class=\"st\"><em>Forest Kindergarten <\/em>un poco de o\u00eddas, y ya s\u00f3lo con eso me parec\u00edan una idea estupenda para que los ni\u00f1os (hasta los 6 a\u00f1os) <strong>aprendieran jugando en contacto absoluto con la naturaleza<\/strong>, es incre\u00edble lo entretenido que puede ser un d\u00eda en el campo s\u00f3lo dando un paseo; bichos, animales, hojas, piedras, \u00e1rboles&#8230;A cada paso hay un posible entretenimiento con el cual, adem\u00e1s, aprenden. Nosotros lo notamos much\u00edsimo cuando Mart\u00edn est\u00e1 en el pueblo o en la sierra. <\/span><\/p>\n<p>Pero hace unas semanas, al despedirnos de las profes de la guarde de Mart\u00edn, una de ellas me coment\u00f3 que se hab\u00eda lanzado a montar una <strong>escuela en la naturaleza<\/strong> en Madrid, concretamente en Alpedrete, se llama <a href=\"https:\/\/ojalahoja.com\/\" target=\"_blank\"><strong>Ojal\u00e1 Hoja<\/strong><\/a> y empezar\u00e1 su aventura el a\u00f1o que viene, detr\u00e1s de <a href=\"https:\/\/ojalahoja.com\/\" target=\"_blank\"><strong>Ojal\u00e1 Hoja<\/strong><\/a> est\u00e1n dos maestras (una de ellas Ari, que fue profe de Mart\u00edn y a la que los tres tenemos en mente con mucho cari\u00f1o)\u00a0 y una educadora de educaci\u00f3n infantil.<\/p>\n<div id=\"attachment_4610\" style=\"width: 630px\" class=\"wp-caption aligncenter\"><a href=\"https:\/\/ojalahoja.com\/\"><img loading=\"lazy\" decoding=\"async\" aria-describedby=\"caption-attachment-4610\" class=\"size-full wp-image-4610\" src=\"https:\/\/oui-oui.es\/blog\/wp-content\/uploads\/2016\/07\/Oui-Oui-escuela-naturaleza-alpedrete-ojala-hoja.jpg\" alt=\"Schoolchildren on the Guardianship scheme visit the Footprint Building at St Catherine's in Windermere, Cumbria.\" width=\"620\" height=\"413\" srcset=\"https:\/\/oui-oui.es\/blog\/wp-content\/uploads\/2016\/07\/Oui-Oui-escuela-naturaleza-alpedrete-ojala-hoja.jpg 620w, https:\/\/oui-oui.es\/blog\/wp-content\/uploads\/2016\/07\/Oui-Oui-escuela-naturaleza-alpedrete-ojala-hoja-300x200.jpg 300w, https:\/\/oui-oui.es\/blog\/wp-content\/uploads\/2016\/07\/Oui-Oui-escuela-naturaleza-alpedrete-ojala-hoja-600x400.jpg 600w\" sizes=\"auto, (max-width: 620px) 100vw, 620px\" \/><\/a><p id=\"caption-attachment-4610\" class=\"wp-caption-text\">Schoolchildren on the Guardianship scheme visit the Footprint Building at St Catherine&#8217;s in Windermere, Cumbria.<\/p><\/div>\n<p>Pero \u00bfqu\u00e9 es <a href=\"https:\/\/ojalahoja.com\/\" target=\"_blank\"><strong>Ojal\u00e1 Hoja<\/strong><\/a>?; pues una <strong>escuela en la naturaleza<\/strong> con un <strong>proyecto educativo alternativo<\/strong> basado en el <strong>aprendizaje mediante el juego libre<\/strong>, es decir, aprender jugando en la naturaleza, pero <strong>\u00bfPor qu\u00e9 hacerlo en la naturaleza?<\/strong>, pues por muchos motivos, entre otros:<\/p>\n<ul>\n<li>Favorece el movimiento<\/li>\n<li>Desarrolla la imaginaci\u00f3n<\/li>\n<li>No es invasiva ni sobre-estimulante<\/li>\n<li>Reduce la ansiedad y el estr\u00e9s<\/li>\n<li>Favorece el desarrollo \u00f3ptimo del ni\u00f1o a todos los niveles<\/li>\n<\/ul>\n<p>Y <strong>\u00bfpor qu\u00e9 el juego libre?<\/strong><\/p>\n<ul>\n<li>Porque los ni\u00f1os aprenden jugando<\/li>\n<li>Y aprenden a partir de sus propios intereses<\/li>\n<li>Porque fomenta la curiosidad por aprender<\/li>\n<li>Favorece la exploraci\u00f3n, la creatividad y la resoluci\u00f3n de confictos<\/li>\n<\/ul>\n<p>Este tipo de <strong>escuelas infantiles en la naturaleza<\/strong> tiene su origen en el norte de Europa y en Alemania, por eso me gusta especialmente c\u00f3mo se refieren a las opciones cuando hace mal tiempo <em><strong>\u00abno hay mal tiempo sino indumentaria innadecuada\u00bb<\/strong><\/em>, nada m\u00e1s genial que ir a la guarde con un mono de lluvia (que puedes comprar <a href=\"http:\/\/amzn.to\/29v2HoD\" target=\"_blank\">aqu\u00ed<\/a> por cierto), aunque tambi\u00e9n cuentan con una casita habilitada en la que seguir realizando als actividades si fuera totalmete incompatible con la meteorolog\u00eda.<\/p>\n<p><a href=\"https:\/\/ojalahoja.com\/\"><img loading=\"lazy\" decoding=\"async\" class=\"aligncenter size-full wp-image-4611\" src=\"https:\/\/oui-oui.es\/blog\/wp-content\/uploads\/2016\/07\/Oui-Oui-escuela-naturaleza-ojala-hoja.jpg\" alt=\"Oui Oui-escuela naturaleza-ojala hoja\" width=\"542\" height=\"537\" srcset=\"https:\/\/oui-oui.es\/blog\/wp-content\/uploads\/2016\/07\/Oui-Oui-escuela-naturaleza-ojala-hoja.jpg 542w, https:\/\/oui-oui.es\/blog\/wp-content\/uploads\/2016\/07\/Oui-Oui-escuela-naturaleza-ojala-hoja-150x150.jpg 150w, https:\/\/oui-oui.es\/blog\/wp-content\/uploads\/2016\/07\/Oui-Oui-escuela-naturaleza-ojala-hoja-300x297.jpg 300w\" sizes=\"auto, (max-width: 542px) 100vw, 542px\" \/><\/a><\/p>\n<p>Muchas veces la opci\u00f3n de vivir en el campo o en la sierra nos ronda la idea e iniciativas como \u00e9sta hacen que nos apetezca a\u00fan m\u00e1s as\u00ed que estaremos atentos a las <strong>actividades extraescolares o para ni\u00f1os de fuera de la escuela<\/strong> que vayan organizando porque nos apetece mucho conocer el proyecto m\u00e1s de cerca, estando Ari, una profe tan dulce y respetuosa con los tiempos de los ni\u00f1os no dudo que ser\u00e1 un exitazo!<\/p>\n<p>Si quieres saber m\u00e1s puedes echarle un vistazo a su web <a href=\"https:\/\/ojalahoja.com\/\" target=\"_blank\"><strong>www.ojalahoja.com<\/strong><\/a> o a su instagram <a href=\"https:\/\/www.instagram.com\/ojala_hoja\/\" target=\"_blank\"><strong>@ojalahoja<\/strong><\/a> y tambi\u00e9n en <a href=\"https:\/\/www.facebook.com\/escuelaojalahoja\/\" target=\"_blank\">Facebook<\/a><\/p>\n<p>\u00a1Os deseo mucha suerte!<\/p>\n<p><a href=\"https:\/\/ojalahoja.com\/\"><img loading=\"lazy\" decoding=\"async\" class=\"aligncenter size-full wp-image-4612\" src=\"https:\/\/oui-oui.es\/blog\/wp-content\/uploads\/2016\/07\/Oui-Oui-escuelas-en-la-naturaleza-madrid-alpedrete-ojala-hoja.jpg\" alt=\"Oui Oui-escuelas en la naturaleza-madrid-alpedrete-ojala hoja\" width=\"564\" height=\"846\" srcset=\"https:\/\/oui-oui.es\/blog\/wp-content\/uploads\/2016\/07\/Oui-Oui-escuelas-en-la-naturaleza-madrid-alpedrete-ojala-hoja.jpg 564w, https:\/\/oui-oui.es\/blog\/wp-content\/uploads\/2016\/07\/Oui-Oui-escuelas-en-la-naturaleza-madrid-alpedrete-ojala-hoja-200x300.jpg 200w, https:\/\/oui-oui.es\/blog\/wp-content\/uploads\/2016\/07\/Oui-Oui-escuelas-en-la-naturaleza-madrid-alpedrete-ojala-hoja-300x450.jpg 300w\" sizes=\"auto, (max-width: 564px) 100vw, 564px\" \/><\/a><\/p>\n","protected":false},"excerpt":{"rendered":"<p>Sab\u00eda de las escuelas en la naturaleza o Forest Kindergarten un poco de o\u00eddas, y ya s\u00f3lo con eso me parec\u00edan una idea estupenda para que los ni\u00f1os (hasta los 6 a\u00f1os) aprendieran jugando en contacto absoluto con la naturaleza, es incre\u00edble lo entretenido que puede ser un d\u00eda en el campo s\u00f3lo dando un [&hellip;]<\/p>\n","protected":false},"author":1,"featured_media":4610,"comment_status":"open","ping_status":"open","sticky":false,"template":"","format":"standard","meta":{"jetpack_post_was_ever_published":false,"_jetpack_newsletter_access":"","_jetpack_dont_email_post_to_subs":false,"_jetpack_newsletter_tier_id":0,"_jetpack_memberships_contains_paywalled_content":false,"_jetpack_memberships_contains_paid_content":false,"footnotes":"","jetpack_publicize_message":"","jetpack_publicize_feature_enabled":true,"jetpack_social_post_already_shared":true,"jetpack_social_options":{"image_generator_settings":{"template":"highway","default_image_id":0,"font":"","enabled":false},"version":2}},"categories":[535,174],"tags":[772,773],"class_list":["post-4607","post","type-post","status-publish","format-standard","has-post-thumbnail","hentry","category-maternidad","category-ninos","tag-educar","tag-naturaleza"],"aioseo_notices":[],"jetpack_publicize_connections":[],"jetpack_featured_media_url":"https:\/\/oui-oui.es\/blog\/wp-content\/uploads\/2016\/07\/Oui-Oui-escuela-naturaleza-alpedrete-ojala-hoja.jpg","jetpack_sharing_enabled":true,"jetpack-related-posts":[{"id":5027,"url":"https:\/\/oui-oui.es\/blog\/de-planes-prisas-y-bienvenido-2017\/","url_meta":{"origin":4607,"position":0},"title":"De planes, prisas y bienvenido 2017","author":"Mar\u00eda \u2665Oui Oui\u2665","date":"18 enero, 2017","format":false,"excerpt":"He tardado en volver al blog despu\u00e9s de las vacaciones navide\u00f1as...Por un lado, por primera vez desde hace muchos a\u00f1os, he sentido que ten\u00eda vacaciones DE VERDAD, en realidad s\u00f3lo fue una semana, pero al habernos quedado en Madrid y poder hacer planes de forma m\u00e1s tranquila, unido a que\u2026","rel":"","context":"En \u00abNI\u00d1OS Y NI\u00d1AS\u00bb","block_context":{"text":"NI\u00d1OS Y NI\u00d1AS","link":"https:\/\/oui-oui.es\/blog\/category\/ninos\/"},"img":{"alt_text":"","src":"https:\/\/i0.wp.com\/oui-oui.es\/blog\/wp-content\/uploads\/2017\/01\/Oui-Oui-despacio-ni%C3%B1os-jugando-cartel-juego-ni%C3%B1os-campillo-de-ranas-sierra-negra-guadalajara-e1484746572232.jpg?resize=350%2C200&ssl=1","width":350,"height":200,"srcset":"https:\/\/i0.wp.com\/oui-oui.es\/blog\/wp-content\/uploads\/2017\/01\/Oui-Oui-despacio-ni%C3%B1os-jugando-cartel-juego-ni%C3%B1os-campillo-de-ranas-sierra-negra-guadalajara-e1484746572232.jpg?resize=350%2C200&ssl=1 1x, https:\/\/i0.wp.com\/oui-oui.es\/blog\/wp-content\/uploads\/2017\/01\/Oui-Oui-despacio-ni%C3%B1os-jugando-cartel-juego-ni%C3%B1os-campillo-de-ranas-sierra-negra-guadalajara-e1484746572232.jpg?resize=525%2C300&ssl=1 1.5x, https:\/\/i0.wp.com\/oui-oui.es\/blog\/wp-content\/uploads\/2017\/01\/Oui-Oui-despacio-ni%C3%B1os-jugando-cartel-juego-ni%C3%B1os-campillo-de-ranas-sierra-negra-guadalajara-e1484746572232.jpg?resize=700%2C400&ssl=1 2x, https:\/\/i0.wp.com\/oui-oui.es\/blog\/wp-content\/uploads\/2017\/01\/Oui-Oui-despacio-ni%C3%B1os-jugando-cartel-juego-ni%C3%B1os-campillo-de-ranas-sierra-negra-guadalajara-e1484746572232.jpg?resize=1050%2C600&ssl=1 3x, https:\/\/i0.wp.com\/oui-oui.es\/blog\/wp-content\/uploads\/2017\/01\/Oui-Oui-despacio-ni%C3%B1os-jugando-cartel-juego-ni%C3%B1os-campillo-de-ranas-sierra-negra-guadalajara-e1484746572232.jpg?resize=1400%2C800&ssl=1 4x"},"classes":[]},{"id":8988,"url":"https:\/\/oui-oui.es\/blog\/10-tips-para-iniciarte-en-el-senderismo-con-ninos\/","url_meta":{"origin":4607,"position":1},"title":"10 Tips para iniciarte en el senderismo con ni\u00f1os","author":"Mar\u00eda \u2665Oui Oui\u2665","date":"20 abril, 2018","format":false,"excerpt":"El post de hoy es un poco diferente porque es la primera vez que hago una colaboraci\u00f3n para que alguien que no sea yo escriba un post, pero la verdad es que desde que conoc\u00ed (virtualmente) a Laura de Mini Explorers ten\u00eda ganas de hacer algo con ella. Las casualidades\u2026","rel":"","context":"En \u00abNI\u00d1OS Y NI\u00d1AS\u00bb","block_context":{"text":"NI\u00d1OS Y NI\u00d1AS","link":"https:\/\/oui-oui.es\/blog\/category\/ninos\/"},"img":{"alt_text":"","src":"https:\/\/i0.wp.com\/oui-oui.es\/blog\/wp-content\/uploads\/2018\/04\/Como-iniciarte-en-el-senderismo-con-ni%C3%B1os-monta%C3%B1a-ni%C3%B1os-mini-explorers-cantimplora-oui-oui.jpg?resize=350%2C200&ssl=1","width":350,"height":200,"srcset":"https:\/\/i0.wp.com\/oui-oui.es\/blog\/wp-content\/uploads\/2018\/04\/Como-iniciarte-en-el-senderismo-con-ni%C3%B1os-monta%C3%B1a-ni%C3%B1os-mini-explorers-cantimplora-oui-oui.jpg?resize=350%2C200&ssl=1 1x, https:\/\/i0.wp.com\/oui-oui.es\/blog\/wp-content\/uploads\/2018\/04\/Como-iniciarte-en-el-senderismo-con-ni%C3%B1os-monta%C3%B1a-ni%C3%B1os-mini-explorers-cantimplora-oui-oui.jpg?resize=525%2C300&ssl=1 1.5x, https:\/\/i0.wp.com\/oui-oui.es\/blog\/wp-content\/uploads\/2018\/04\/Como-iniciarte-en-el-senderismo-con-ni%C3%B1os-monta%C3%B1a-ni%C3%B1os-mini-explorers-cantimplora-oui-oui.jpg?resize=700%2C400&ssl=1 2x, https:\/\/i0.wp.com\/oui-oui.es\/blog\/wp-content\/uploads\/2018\/04\/Como-iniciarte-en-el-senderismo-con-ni%C3%B1os-monta%C3%B1a-ni%C3%B1os-mini-explorers-cantimplora-oui-oui.jpg?resize=1050%2C600&ssl=1 3x, https:\/\/i0.wp.com\/oui-oui.es\/blog\/wp-content\/uploads\/2018\/04\/Como-iniciarte-en-el-senderismo-con-ni%C3%B1os-monta%C3%B1a-ni%C3%B1os-mini-explorers-cantimplora-oui-oui.jpg?resize=1400%2C800&ssl=1 4x"},"classes":[]},{"id":9114,"url":"https:\/\/oui-oui.es\/blog\/basuraleza-te-unes-a-la-limpieza-ciudadana\/","url_meta":{"origin":4607,"position":2},"title":"Basuraleza \u00bfTe unes a la limpieza ciudadana?","author":"Mar\u00eda \u2665Oui Oui\u2665","date":"30 mayo, 2018","format":false,"excerpt":"Basuraleza: d\u00edcese de los residuos generados por el ser humano y abandonados en la naturaleza. Nunca he entendido ese omento en el que alguien tira algo al suelo como si no fuera con \u00e9l, ni en la ciudad ni, mucho menos, en la naturaleza. Pero resulta que hay muchas personas\u2026","rel":"","context":"En \u00abNI\u00d1OS Y NI\u00d1AS\u00bb","block_context":{"text":"NI\u00d1OS Y NI\u00d1AS","link":"https:\/\/oui-oui.es\/blog\/category\/ninos\/"},"img":{"alt_text":"","src":"https:\/\/i0.wp.com\/oui-oui.es\/blog\/wp-content\/uploads\/2018\/05\/Oui-Oui-basuraleza-bosque-recoger-basura-naturaleza.jpg?resize=350%2C200&ssl=1","width":350,"height":200,"srcset":"https:\/\/i0.wp.com\/oui-oui.es\/blog\/wp-content\/uploads\/2018\/05\/Oui-Oui-basuraleza-bosque-recoger-basura-naturaleza.jpg?resize=350%2C200&ssl=1 1x, https:\/\/i0.wp.com\/oui-oui.es\/blog\/wp-content\/uploads\/2018\/05\/Oui-Oui-basuraleza-bosque-recoger-basura-naturaleza.jpg?resize=525%2C300&ssl=1 1.5x, https:\/\/i0.wp.com\/oui-oui.es\/blog\/wp-content\/uploads\/2018\/05\/Oui-Oui-basuraleza-bosque-recoger-basura-naturaleza.jpg?resize=700%2C400&ssl=1 2x"},"classes":[]},{"id":4676,"url":"https:\/\/oui-oui.es\/blog\/los-dos-correcaminos-mas-chulos\/","url_meta":{"origin":4607,"position":3},"title":"Los dos correcaminos m\u00e1s chulos","author":"Mar\u00eda \u2665Oui Oui\u2665","date":"18 julio, 2016","format":false,"excerpt":"\u00bfSabes lo que es una bici corre caminos?, pues se trata de una bici sin pedales, recomendada para que los ni\u00f1os desarrollen su destreza antes de pasar a la bici de mayores y, en la mayor\u00eda de los casos, no haga falta que pasen por el paso de los ruedines.\u2026","rel":"","context":"En \u00abNI\u00d1OS Y NI\u00d1AS\u00bb","block_context":{"text":"NI\u00d1OS Y NI\u00d1AS","link":"https:\/\/oui-oui.es\/blog\/category\/ninos\/"},"img":{"alt_text":"","src":"https:\/\/i0.wp.com\/oui-oui.es\/blog\/wp-content\/uploads\/2016\/07\/Oui-Oui-bici-sin-pedales-vintage-mint-bici-corre-caminos-2-a%C3%B1os-e1468921357264.jpg?resize=350%2C200&ssl=1","width":350,"height":200,"srcset":"https:\/\/i0.wp.com\/oui-oui.es\/blog\/wp-content\/uploads\/2016\/07\/Oui-Oui-bici-sin-pedales-vintage-mint-bici-corre-caminos-2-a%C3%B1os-e1468921357264.jpg?resize=350%2C200&ssl=1 1x, https:\/\/i0.wp.com\/oui-oui.es\/blog\/wp-content\/uploads\/2016\/07\/Oui-Oui-bici-sin-pedales-vintage-mint-bici-corre-caminos-2-a%C3%B1os-e1468921357264.jpg?resize=525%2C300&ssl=1 1.5x, https:\/\/i0.wp.com\/oui-oui.es\/blog\/wp-content\/uploads\/2016\/07\/Oui-Oui-bici-sin-pedales-vintage-mint-bici-corre-caminos-2-a%C3%B1os-e1468921357264.jpg?resize=700%2C400&ssl=1 2x, https:\/\/i0.wp.com\/oui-oui.es\/blog\/wp-content\/uploads\/2016\/07\/Oui-Oui-bici-sin-pedales-vintage-mint-bici-corre-caminos-2-a%C3%B1os-e1468921357264.jpg?resize=1050%2C600&ssl=1 3x, https:\/\/i0.wp.com\/oui-oui.es\/blog\/wp-content\/uploads\/2016\/07\/Oui-Oui-bici-sin-pedales-vintage-mint-bici-corre-caminos-2-a%C3%B1os-e1468921357264.jpg?resize=1400%2C800&ssl=1 4x"},"classes":[]},{"id":10363,"url":"https:\/\/oui-oui.es\/blog\/empezar-a-esquiar-desde-pequenos\/","url_meta":{"origin":4607,"position":4},"title":"Empezar a esquiar desde peque\u00f1os","author":"Mar\u00eda \u2665Oui Oui\u2665","date":"9 enero, 2020","format":false,"excerpt":"Una de las cosas que m\u00e1s me apetec\u00eda hacer con mis hijos cuando fueran creciendo era esquiar, lo ten\u00eda claro desde mucho antes de pensar en ser madre. Desde los 18 a\u00f1os fui monitora de esqu\u00ed y di muchas, muchas horas de clase a ni\u00f1os de todas las edades, pero\u2026","rel":"","context":"En \u00abESQU\u00cd\u00bb","block_context":{"text":"ESQU\u00cd","link":"https:\/\/oui-oui.es\/blog\/category\/esqui\/"},"img":{"alt_text":"","src":"https:\/\/i0.wp.com\/oui-oui.es\/blog\/wp-content\/uploads\/2020\/01\/Oui-Oui-esquiar-con-ni%C3%B1os-esquiar-en-familia-cuando-empezar-a-esquiar-ni%C3%B1os.jpg?resize=350%2C200&ssl=1","width":350,"height":200,"srcset":"https:\/\/i0.wp.com\/oui-oui.es\/blog\/wp-content\/uploads\/2020\/01\/Oui-Oui-esquiar-con-ni%C3%B1os-esquiar-en-familia-cuando-empezar-a-esquiar-ni%C3%B1os.jpg?resize=350%2C200&ssl=1 1x, https:\/\/i0.wp.com\/oui-oui.es\/blog\/wp-content\/uploads\/2020\/01\/Oui-Oui-esquiar-con-ni%C3%B1os-esquiar-en-familia-cuando-empezar-a-esquiar-ni%C3%B1os.jpg?resize=525%2C300&ssl=1 1.5x, https:\/\/i0.wp.com\/oui-oui.es\/blog\/wp-content\/uploads\/2020\/01\/Oui-Oui-esquiar-con-ni%C3%B1os-esquiar-en-familia-cuando-empezar-a-esquiar-ni%C3%B1os.jpg?resize=700%2C400&ssl=1 2x, https:\/\/i0.wp.com\/oui-oui.es\/blog\/wp-content\/uploads\/2020\/01\/Oui-Oui-esquiar-con-ni%C3%B1os-esquiar-en-familia-cuando-empezar-a-esquiar-ni%C3%B1os.jpg?resize=1050%2C600&ssl=1 3x"},"classes":[]},{"id":5298,"url":"https:\/\/oui-oui.es\/blog\/suarez-convierte-los-copos-de-nieve-en-joya-ice-flowers\/","url_meta":{"origin":4607,"position":5},"title":"Su\u00e1rez convierte los copos de nieve en joya | Ice Flowers","author":"Mar\u00eda \u2665Oui Oui\u2665","date":"24 abril, 2017","format":false,"excerpt":"La Joyer\u00eda Su\u00e1rez siempre sorprende, una vez al a\u00f1o hace una convocatoria especial para presentar su colecci\u00f3n Compromiso y es , sin duda, el evento de joyas por excelencia en el sector nupcial. Siempre sorprenden con la inspiraci\u00f3n e historia detr\u00e1s de cada colecci\u00f3n y tambi\u00e9n con la puesta en\u2026","rel":"","context":"En \u00abBoda\u00bb","block_context":{"text":"Boda","link":"https:\/\/oui-oui.es\/blog\/category\/fiestas-celebraciones\/boda\/"},"img":{"alt_text":"","src":"https:\/\/i0.wp.com\/oui-oui.es\/blog\/wp-content\/uploads\/2017\/04\/Oui-Oui-joyeria-suarez-coleccion-compromiso-ice-flowers-anillo-copo-de-nieve-joyas-para-esquiadoras-pedir-la-mano-en-la-nieve-4.jpg?resize=350%2C200&ssl=1","width":350,"height":200,"srcset":"https:\/\/i0.wp.com\/oui-oui.es\/blog\/wp-content\/uploads\/2017\/04\/Oui-Oui-joyeria-suarez-coleccion-compromiso-ice-flowers-anillo-copo-de-nieve-joyas-para-esquiadoras-pedir-la-mano-en-la-nieve-4.jpg?resize=350%2C200&ssl=1 1x, https:\/\/i0.wp.com\/oui-oui.es\/blog\/wp-content\/uploads\/2017\/04\/Oui-Oui-joyeria-suarez-coleccion-compromiso-ice-flowers-anillo-copo-de-nieve-joyas-para-esquiadoras-pedir-la-mano-en-la-nieve-4.jpg?resize=525%2C300&ssl=1 1.5x, https:\/\/i0.wp.com\/oui-oui.es\/blog\/wp-content\/uploads\/2017\/04\/Oui-Oui-joyeria-suarez-coleccion-compromiso-ice-flowers-anillo-copo-de-nieve-joyas-para-esquiadoras-pedir-la-mano-en-la-nieve-4.jpg?resize=700%2C400&ssl=1 2x, https:\/\/i0.wp.com\/oui-oui.es\/blog\/wp-content\/uploads\/2017\/04\/Oui-Oui-joyeria-suarez-coleccion-compromiso-ice-flowers-anillo-copo-de-nieve-joyas-para-esquiadoras-pedir-la-mano-en-la-nieve-4.jpg?resize=1050%2C600&ssl=1 3x, https:\/\/i0.wp.com\/oui-oui.es\/blog\/wp-content\/uploads\/2017\/04\/Oui-Oui-joyeria-suarez-coleccion-compromiso-ice-flowers-anillo-copo-de-nieve-joyas-para-esquiadoras-pedir-la-mano-en-la-nieve-4.jpg?resize=1400%2C800&ssl=1 4x"},"classes":[]}],"_links":{"self":[{"href":"https:\/\/oui-oui.es\/blog\/wp-json\/wp\/v2\/posts\/4607","targetHints":{"allow":["GET"]}}],"collection":[{"href":"https:\/\/oui-oui.es\/blog\/wp-json\/wp\/v2\/posts"}],"about":[{"href":"https:\/\/oui-oui.es\/blog\/wp-json\/wp\/v2\/types\/post"}],"author":[{"embeddable":true,"href":"https:\/\/oui-oui.es\/blog\/wp-json\/wp\/v2\/users\/1"}],"replies":[{"embeddable":true,"href":"https:\/\/oui-oui.es\/blog\/wp-json\/wp\/v2\/comments?post=4607"}],"version-history":[{"count":3,"href":"https:\/\/oui-oui.es\/blog\/wp-json\/wp\/v2\/posts\/4607\/revisions"}],"predecessor-version":[{"id":4614,"href":"https:\/\/oui-oui.es\/blog\/wp-json\/wp\/v2\/posts\/4607\/revisions\/4614"}],"wp:featuredmedia":[{"embeddable":true,"href":"https:\/\/oui-oui.es\/blog\/wp-json\/wp\/v2\/media\/4610"}],"wp:attachment":[{"href":"https:\/\/oui-oui.es\/blog\/wp-json\/wp\/v2\/media?parent=4607"}],"wp:term":[{"taxonomy":"category","embeddable":true,"href":"https:\/\/oui-oui.es\/blog\/wp-json\/wp\/v2\/categories?post=4607"},{"taxonomy":"post_tag","embeddable":true,"href":"https:\/\/oui-oui.es\/blog\/wp-json\/wp\/v2\/tags?post=4607"}],"curies":[{"name":"wp","href":"https:\/\/api.w.org\/{rel}","templated":true}]}}