{"id":4625,"date":"2016-07-11T00:15:03","date_gmt":"2016-07-10T22:15:03","guid":{"rendered":"https:\/\/oui-oui.es\/blog\/?p=4625"},"modified":"2016-07-08T12:36:01","modified_gmt":"2016-07-08T10:36:01","slug":"la-caja-de-la-calma-mindfulness-para-ninos","status":"publish","type":"post","link":"https:\/\/oui-oui.es\/blog\/la-caja-de-la-calma-mindfulness-para-ninos\/","title":{"rendered":"La caja de la calma; mindfulness para ni\u00f1os"},"content":{"rendered":"<p>Parece que \u00faltimamente s\u00f3lo escribo para proponer cosas que comprar, pero han llegado a m\u00ed tantas cosas chulas que \u00a1me es imposible no recomendarlas! y hoy os voy a hablar de la <a href=\"http:\/\/amzn.to\/29tt6VH\" target=\"_blank\"><strong>Caja m\u00e1gica de la calma<\/strong><\/a>, una gran idea de <strong>Hippy Kids Yoga<\/strong> para <strong>acercar el midfulness<\/strong> (ser consciente del momento, del aqu\u00ed y el ahora, desarrollando nuestra capacidad de atenci\u00f3n) <strong>a los ni\u00f1os, jugar con ellos mientras les ayudas a concentrarse, a parar y a relajarse.<\/strong><\/p>\n<p><img loading=\"lazy\" decoding=\"async\" class=\"aligncenter size-large wp-image-4628\" src=\"https:\/\/oui-oui.es\/blog\/wp-content\/uploads\/2016\/07\/Oui-Oui-caja-magica-de-la-calma-mindfulness-para-ni\u00f1os-yoga-ni\u00f1os-juego-relajante-ni\u00f1os-4-1024x731.jpg\" alt=\"Eulogio Valdenebro\" width=\"1024\" height=\"731\" srcset=\"https:\/\/oui-oui.es\/blog\/wp-content\/uploads\/2016\/07\/Oui-Oui-caja-magica-de-la-calma-mindfulness-para-ni\u00f1os-yoga-ni\u00f1os-juego-relajante-ni\u00f1os-4-1024x731.jpg 1024w, https:\/\/oui-oui.es\/blog\/wp-content\/uploads\/2016\/07\/Oui-Oui-caja-magica-de-la-calma-mindfulness-para-ni\u00f1os-yoga-ni\u00f1os-juego-relajante-ni\u00f1os-4-300x214.jpg 300w, https:\/\/oui-oui.es\/blog\/wp-content\/uploads\/2016\/07\/Oui-Oui-caja-magica-de-la-calma-mindfulness-para-ni\u00f1os-yoga-ni\u00f1os-juego-relajante-ni\u00f1os-4-768x548.jpg 768w, https:\/\/oui-oui.es\/blog\/wp-content\/uploads\/2016\/07\/Oui-Oui-caja-magica-de-la-calma-mindfulness-para-ni\u00f1os-yoga-ni\u00f1os-juego-relajante-ni\u00f1os-4-600x429.jpg 600w, https:\/\/oui-oui.es\/blog\/wp-content\/uploads\/2016\/07\/Oui-Oui-caja-magica-de-la-calma-mindfulness-para-ni\u00f1os-yoga-ni\u00f1os-juego-relajante-ni\u00f1os-4.jpg 1200w\" sizes=\"auto, (max-width: 1024px) 100vw, 1024px\" \/><\/p>\n<p>Aunque parezca algo de adultos los ni\u00f1os llevan nuestro ritmo de vida, mucho m\u00e1s acelerado de lo que quisi\u00e9ramos, al caja contiene diferentes juegos y actividades que pueden servirte para ni\u00f1os de edades variadas.<\/p>\n<p><a href=\"http:\/\/amzn.to\/29tt6VH\"><img loading=\"lazy\" decoding=\"async\" class=\"aligncenter size-large wp-image-4630\" src=\"https:\/\/oui-oui.es\/blog\/wp-content\/uploads\/2016\/07\/Oui-Oui-caja-magica-de-la-calma-mindfulness-para-ni\u00f1os-yoga-ni\u00f1os-juego-relajante-ni\u00f1os-11-1024x683.jpg\" alt=\"Eulogio Valdenebro\" width=\"1024\" height=\"683\" srcset=\"https:\/\/oui-oui.es\/blog\/wp-content\/uploads\/2016\/07\/Oui-Oui-caja-magica-de-la-calma-mindfulness-para-ni\u00f1os-yoga-ni\u00f1os-juego-relajante-ni\u00f1os-11-1024x683.jpg 1024w, https:\/\/oui-oui.es\/blog\/wp-content\/uploads\/2016\/07\/Oui-Oui-caja-magica-de-la-calma-mindfulness-para-ni\u00f1os-yoga-ni\u00f1os-juego-relajante-ni\u00f1os-11-300x200.jpg 300w, https:\/\/oui-oui.es\/blog\/wp-content\/uploads\/2016\/07\/Oui-Oui-caja-magica-de-la-calma-mindfulness-para-ni\u00f1os-yoga-ni\u00f1os-juego-relajante-ni\u00f1os-11-768x512.jpg 768w, https:\/\/oui-oui.es\/blog\/wp-content\/uploads\/2016\/07\/Oui-Oui-caja-magica-de-la-calma-mindfulness-para-ni\u00f1os-yoga-ni\u00f1os-juego-relajante-ni\u00f1os-11-600x400.jpg 600w, https:\/\/oui-oui.es\/blog\/wp-content\/uploads\/2016\/07\/Oui-Oui-caja-magica-de-la-calma-mindfulness-para-ni\u00f1os-yoga-ni\u00f1os-juego-relajante-ni\u00f1os-11.jpg 1200w\" sizes=\"auto, (max-width: 1024px) 100vw, 1024px\" \/><\/a><\/p>\n<p>Nosotros de momento nos hemos centrado en las <strong>cartas con asanas de yoga para ni\u00f1os<\/strong>, a Mart\u00edn le encanta <strong>elegir las cartas de las posturas que le apetece hacer<\/strong>, as\u00ed que voy a aprovechar y la semana que viene intentar\u00e9 dedicar un ratito cada ma\u00f1ana a hacer un poco de yoga \u00a1os contar\u00e9 en <a href=\"https:\/\/www.instagram.com\/ouiouidetalles\/?hl=es\" target=\"_blank\">Instagram<\/a> c\u00f3mo nos va!<\/p>\n<p>Tambi\u00e9n le divierte mucho apretar todo lo que puede la pelota antiestr\u00e9s, aunque a\u00fan (con veinte meses) no entiende el concepto del todo.<\/p>\n<p>La <strong>ruleta de los sentimientos<\/strong> es una gran idea para hablar de las cosas que les han pasado<\/p>\n<p><a href=\"http:\/\/amzn.to\/29tt6VH\"><img loading=\"lazy\" decoding=\"async\" class=\"aligncenter size-large wp-image-4631\" src=\"https:\/\/oui-oui.es\/blog\/wp-content\/uploads\/2016\/07\/Oui-Oui-caja-magica-de-la-calma-mindfulness-para-ni\u00f1os-yoga-ni\u00f1os-juego-relajante-ni\u00f1os-13-1024x683.jpg\" alt=\"Eulogio Valdenebro\" width=\"1024\" height=\"683\" srcset=\"https:\/\/oui-oui.es\/blog\/wp-content\/uploads\/2016\/07\/Oui-Oui-caja-magica-de-la-calma-mindfulness-para-ni\u00f1os-yoga-ni\u00f1os-juego-relajante-ni\u00f1os-13-1024x683.jpg 1024w, https:\/\/oui-oui.es\/blog\/wp-content\/uploads\/2016\/07\/Oui-Oui-caja-magica-de-la-calma-mindfulness-para-ni\u00f1os-yoga-ni\u00f1os-juego-relajante-ni\u00f1os-13-300x200.jpg 300w, https:\/\/oui-oui.es\/blog\/wp-content\/uploads\/2016\/07\/Oui-Oui-caja-magica-de-la-calma-mindfulness-para-ni\u00f1os-yoga-ni\u00f1os-juego-relajante-ni\u00f1os-13-768x512.jpg 768w, https:\/\/oui-oui.es\/blog\/wp-content\/uploads\/2016\/07\/Oui-Oui-caja-magica-de-la-calma-mindfulness-para-ni\u00f1os-yoga-ni\u00f1os-juego-relajante-ni\u00f1os-13-600x400.jpg 600w, https:\/\/oui-oui.es\/blog\/wp-content\/uploads\/2016\/07\/Oui-Oui-caja-magica-de-la-calma-mindfulness-para-ni\u00f1os-yoga-ni\u00f1os-juego-relajante-ni\u00f1os-13.jpg 1200w\" sizes=\"auto, (max-width: 1024px) 100vw, 1024px\" \/><\/a><\/p>\n<p>La <a href=\"http:\/\/amzn.to\/29tt6VH\" target=\"_blank\"><strong>caja de la calma<\/strong><\/a> contiene tambi\u00e9n un <strong>cuadernito con mandalas<\/strong>, una <strong>ranita rellena de arena para controlar las respiraciones<\/strong>, un palito de los de cuando \u00e9ramos peque\u00f1os para soplar y subir la bola&#8230;<\/p>\n<p><a href=\"http:\/\/amzn.to\/29tt6VH\"><img loading=\"lazy\" decoding=\"async\" class=\"aligncenter size-large wp-image-4633\" src=\"https:\/\/oui-oui.es\/blog\/wp-content\/uploads\/2016\/07\/Oui-Oui-caja-magica-de-la-calma-mindfulness-para-ni\u00f1os-yoga-ni\u00f1os-juego-relajante-ni\u00f1os-15-1024x683.jpg\" alt=\"Eulogio Valdenebro\" width=\"1024\" height=\"683\" srcset=\"https:\/\/oui-oui.es\/blog\/wp-content\/uploads\/2016\/07\/Oui-Oui-caja-magica-de-la-calma-mindfulness-para-ni\u00f1os-yoga-ni\u00f1os-juego-relajante-ni\u00f1os-15-1024x683.jpg 1024w, https:\/\/oui-oui.es\/blog\/wp-content\/uploads\/2016\/07\/Oui-Oui-caja-magica-de-la-calma-mindfulness-para-ni\u00f1os-yoga-ni\u00f1os-juego-relajante-ni\u00f1os-15-300x200.jpg 300w, https:\/\/oui-oui.es\/blog\/wp-content\/uploads\/2016\/07\/Oui-Oui-caja-magica-de-la-calma-mindfulness-para-ni\u00f1os-yoga-ni\u00f1os-juego-relajante-ni\u00f1os-15-768x512.jpg 768w, https:\/\/oui-oui.es\/blog\/wp-content\/uploads\/2016\/07\/Oui-Oui-caja-magica-de-la-calma-mindfulness-para-ni\u00f1os-yoga-ni\u00f1os-juego-relajante-ni\u00f1os-15-600x400.jpg 600w, https:\/\/oui-oui.es\/blog\/wp-content\/uploads\/2016\/07\/Oui-Oui-caja-magica-de-la-calma-mindfulness-para-ni\u00f1os-yoga-ni\u00f1os-juego-relajante-ni\u00f1os-15.jpg 1200w\" sizes=\"auto, (max-width: 1024px) 100vw, 1024px\" \/><\/a><\/p>\n<p>Varios recursos <strong>todos encaminados a jugar m\u00e1s despacio, a centarnos en el aqu\u00ed y ahora<\/strong>, y ahora que ya est\u00e1n de vacaciones es perfecta para tener una actividad paracada d\u00eda, nosotros sin duda nos la subiremos a la sierra la semana que viene!<\/p>\n<p>Si a vosotros tambi\u00e9n os apetece, pod\u00e9is comprarla <strong><a href=\"http:\/\/amzn.to\/29tt6VH\" target=\"_blank\">AQU\u00cd<\/a><\/strong><\/p>\n","protected":false},"excerpt":{"rendered":"<p>Parece que \u00faltimamente s\u00f3lo escribo para proponer cosas que comprar, pero han llegado a m\u00ed tantas cosas chulas que \u00a1me es imposible no recomendarlas! y hoy os voy a hablar de la Caja m\u00e1gica de la calma, una gran idea de Hippy Kids Yoga para acercar el midfulness (ser consciente del momento, del aqu\u00ed y [&hellip;]<\/p>\n","protected":false},"author":1,"featured_media":4628,"comment_status":"open","ping_status":"open","sticky":false,"template":"","format":"standard","meta":{"jetpack_post_was_ever_published":false,"_jetpack_newsletter_access":"","_jetpack_dont_email_post_to_subs":false,"_jetpack_newsletter_tier_id":0,"_jetpack_memberships_contains_paywalled_content":false,"_jetpack_memberships_contains_paid_content":false,"footnotes":"","jetpack_publicize_message":"","jetpack_publicize_feature_enabled":true,"jetpack_social_post_already_shared":true,"jetpack_social_options":{"image_generator_settings":{"template":"highway","default_image_id":0,"font":"","enabled":false},"version":2}},"categories":[174,18],"tags":[774,721],"class_list":["post-4625","post","type-post","status-publish","format-standard","has-post-thumbnail","hentry","category-ninos","category-regalos-originales-para-ninos","tag-juegos-y-juguetes","tag-planes-con-ninos"],"aioseo_notices":[],"jetpack_publicize_connections":[],"jetpack_featured_media_url":"https:\/\/oui-oui.es\/blog\/wp-content\/uploads\/2016\/07\/Oui-Oui-caja-magica-de-la-calma-mindfulness-para-ni\u00f1os-yoga-ni\u00f1os-juego-relajante-ni\u00f1os-4.jpg","jetpack_sharing_enabled":true,"jetpack-related-posts":[{"id":9453,"url":"https:\/\/oui-oui.es\/blog\/vuelve-kids-up\/","url_meta":{"origin":4625,"position":0},"title":"Vuelve Kids UP!","author":"Mar\u00eda \u2665Oui Oui\u2665","date":"27 noviembre, 2018","format":false,"excerpt":"\u00a0 Un a\u00f1o despu\u00e9s, ya vamos por la V Edici\u00f3n de Kids UP! y nos hace much\u00edsima ilusi\u00f3n a Elena y a m\u00ed, ya que, aunque en cada edici\u00f3n nos dejamos la piel y acabamos agotad\u00edsimas, al final nos va la marcha y volvemos a repetir, porque son un \u00e9xito,\u2026","rel":"","context":"En \u00abNI\u00d1OS Y NI\u00d1AS\u00bb","block_context":{"text":"NI\u00d1OS Y NI\u00d1AS","link":"https:\/\/oui-oui.es\/blog\/category\/ninos\/"},"img":{"alt_text":"","src":"https:\/\/i0.wp.com\/oui-oui.es\/blog\/wp-content\/uploads\/2018\/11\/KidsUp-Square.jpg?resize=350%2C200&ssl=1","width":350,"height":200,"srcset":"https:\/\/i0.wp.com\/oui-oui.es\/blog\/wp-content\/uploads\/2018\/11\/KidsUp-Square.jpg?resize=350%2C200&ssl=1 1x, https:\/\/i0.wp.com\/oui-oui.es\/blog\/wp-content\/uploads\/2018\/11\/KidsUp-Square.jpg?resize=525%2C300&ssl=1 1.5x, https:\/\/i0.wp.com\/oui-oui.es\/blog\/wp-content\/uploads\/2018\/11\/KidsUp-Square.jpg?resize=700%2C400&ssl=1 2x, https:\/\/i0.wp.com\/oui-oui.es\/blog\/wp-content\/uploads\/2018\/11\/KidsUp-Square.jpg?resize=1050%2C600&ssl=1 3x"},"classes":[]},{"id":9396,"url":"https:\/\/oui-oui.es\/blog\/los-mini-trolley-para-ninos-mas-ideales-ya-estan-aqui\/","url_meta":{"origin":4625,"position":1},"title":"Los mini trolley para ni\u00f1os m\u00e1s ideales ya est\u00e1n aqu\u00ed","author":"Mar\u00eda \u2665Oui Oui\u2665","date":"22 octubre, 2018","format":false,"excerpt":"Recuerdo el a\u00f1o pasado buscar una maleta para ni\u00f1os mona que pudieran llevar ellos mismos como loca y quedarme sin ella porque no encontr\u00e9 nada, o bien eran de merchandising o de animales para sentarse encima, pero adem\u00e1s de que no cab\u00eda mucho, acababas arrastr\u00e1ndoles t\u00fa... Por eso cuando vi\u2026","rel":"","context":"En \u00abREGALOS\u00bb","block_context":{"text":"REGALOS","link":"https:\/\/oui-oui.es\/blog\/category\/no-se-que-regalar\/"},"img":{"alt_text":"","src":"https:\/\/i0.wp.com\/oui-oui.es\/blog\/wp-content\/uploads\/2018\/10\/Oui-Oui-maleta-ni%C3%B1os-mona-trolley-ni%C3%B1os-maletas-olli-ella-see-ya-suitcase-maleta-viaje-ni%C3%B1os-2.jpg?resize=350%2C200&ssl=1","width":350,"height":200,"srcset":"https:\/\/i0.wp.com\/oui-oui.es\/blog\/wp-content\/uploads\/2018\/10\/Oui-Oui-maleta-ni%C3%B1os-mona-trolley-ni%C3%B1os-maletas-olli-ella-see-ya-suitcase-maleta-viaje-ni%C3%B1os-2.jpg?resize=350%2C200&ssl=1 1x, https:\/\/i0.wp.com\/oui-oui.es\/blog\/wp-content\/uploads\/2018\/10\/Oui-Oui-maleta-ni%C3%B1os-mona-trolley-ni%C3%B1os-maletas-olli-ella-see-ya-suitcase-maleta-viaje-ni%C3%B1os-2.jpg?resize=525%2C300&ssl=1 1.5x, https:\/\/i0.wp.com\/oui-oui.es\/blog\/wp-content\/uploads\/2018\/10\/Oui-Oui-maleta-ni%C3%B1os-mona-trolley-ni%C3%B1os-maletas-olli-ella-see-ya-suitcase-maleta-viaje-ni%C3%B1os-2.jpg?resize=700%2C400&ssl=1 2x, https:\/\/i0.wp.com\/oui-oui.es\/blog\/wp-content\/uploads\/2018\/10\/Oui-Oui-maleta-ni%C3%B1os-mona-trolley-ni%C3%B1os-maletas-olli-ella-see-ya-suitcase-maleta-viaje-ni%C3%B1os-2.jpg?resize=1050%2C600&ssl=1 3x, https:\/\/i0.wp.com\/oui-oui.es\/blog\/wp-content\/uploads\/2018\/10\/Oui-Oui-maleta-ni%C3%B1os-mona-trolley-ni%C3%B1os-maletas-olli-ella-see-ya-suitcase-maleta-viaje-ni%C3%B1os-2.jpg?resize=1400%2C800&ssl=1 4x"},"classes":[]},{"id":4664,"url":"https:\/\/oui-oui.es\/blog\/10-actividades-para-hacer-con-un-nino-de-3-anos-en-verano\/","url_meta":{"origin":4625,"position":2},"title":"10 actividades para hacer con un ni\u00f1o de 3 a\u00f1os en verano","author":"Mar\u00eda \u2665Oui Oui\u2665","date":"15 julio, 2016","format":false,"excerpt":"El verano pasado busqu\u00e9 cinco actividades que hacer con Mart\u00edn para nuestra semana en la sierra y llam\u00e9 al post \"5 actividades que hacer con un beb\u00e9 de 2 a\u00f1os en verano\", este a\u00f1o he estado tentada de poner la palabra beb\u00e9 de nuevo, pero creo que el tiempo vuela\u2026","rel":"","context":"En \u00abNI\u00d1OS Y NI\u00d1AS\u00bb","block_context":{"text":"NI\u00d1OS Y NI\u00d1AS","link":"https:\/\/oui-oui.es\/blog\/category\/ninos\/"},"img":{"alt_text":"","src":"https:\/\/i0.wp.com\/oui-oui.es\/blog\/wp-content\/uploads\/2016\/07\/Oui-Oui-martin-cocinando-mini-thermomix.jpg?resize=350%2C200&ssl=1","width":350,"height":200,"srcset":"https:\/\/i0.wp.com\/oui-oui.es\/blog\/wp-content\/uploads\/2016\/07\/Oui-Oui-martin-cocinando-mini-thermomix.jpg?resize=350%2C200&ssl=1 1x, https:\/\/i0.wp.com\/oui-oui.es\/blog\/wp-content\/uploads\/2016\/07\/Oui-Oui-martin-cocinando-mini-thermomix.jpg?resize=525%2C300&ssl=1 1.5x, https:\/\/i0.wp.com\/oui-oui.es\/blog\/wp-content\/uploads\/2016\/07\/Oui-Oui-martin-cocinando-mini-thermomix.jpg?resize=700%2C400&ssl=1 2x, https:\/\/i0.wp.com\/oui-oui.es\/blog\/wp-content\/uploads\/2016\/07\/Oui-Oui-martin-cocinando-mini-thermomix.jpg?resize=1050%2C600&ssl=1 3x, https:\/\/i0.wp.com\/oui-oui.es\/blog\/wp-content\/uploads\/2016\/07\/Oui-Oui-martin-cocinando-mini-thermomix.jpg?resize=1400%2C800&ssl=1 4x"},"classes":[]},{"id":9164,"url":"https:\/\/oui-oui.es\/blog\/cuadernos-de-actividades-y-otros-juegos-para-vacaciones\/","url_meta":{"origin":4625,"position":3},"title":"Cuadernos de actividades y otros juegos para vacaciones","author":"Mar\u00eda \u2665Oui Oui\u2665","date":"25 junio, 2018","format":false,"excerpt":"Recuerdo cuando llegaba el verano y me encantaba ir a comprar un cuaderno de actividades, por entonces s\u00f3lo exist\u00edan los t\u00edpicos de \"Vacaciones Santillana\" y alg\u00fan cuaderno Rubio, pero, junto al regalo que nos hac\u00edan mis padres por las buenas notas (y que sol\u00eda elegir entre esos anuncios de juguetes\u2026","rel":"","context":"En \u00abNI\u00d1OS Y NI\u00d1AS\u00bb","block_context":{"text":"NI\u00d1OS Y NI\u00d1AS","link":"https:\/\/oui-oui.es\/blog\/category\/ninos\/"},"img":{"alt_text":"","src":"https:\/\/i0.wp.com\/oui-oui.es\/blog\/wp-content\/uploads\/2018\/06\/IMG_5669.jpg?resize=350%2C200&ssl=1","width":350,"height":200,"srcset":"https:\/\/i0.wp.com\/oui-oui.es\/blog\/wp-content\/uploads\/2018\/06\/IMG_5669.jpg?resize=350%2C200&ssl=1 1x, https:\/\/i0.wp.com\/oui-oui.es\/blog\/wp-content\/uploads\/2018\/06\/IMG_5669.jpg?resize=525%2C300&ssl=1 1.5x, https:\/\/i0.wp.com\/oui-oui.es\/blog\/wp-content\/uploads\/2018\/06\/IMG_5669.jpg?resize=700%2C400&ssl=1 2x, https:\/\/i0.wp.com\/oui-oui.es\/blog\/wp-content\/uploads\/2018\/06\/IMG_5669.jpg?resize=1050%2C600&ssl=1 3x, https:\/\/i0.wp.com\/oui-oui.es\/blog\/wp-content\/uploads\/2018\/06\/IMG_5669.jpg?resize=1400%2C800&ssl=1 4x"},"classes":[]},{"id":2027,"url":"https:\/\/oui-oui.es\/blog\/la-caja-de-luz-con-letras-que-buscabas\/","url_meta":{"origin":4625,"position":4},"title":"La caja de luz con letras que buscabas!","author":"Mar\u00eda \u2665Oui Oui\u2665","date":"8 abril, 2015","format":false,"excerpt":"Las cajas de luz o light box son tendencia, hay muchos formatos, pero mi favorito es el que\u00a0recuerda a los carteles de cine antiguos, con las letras en negro, como fichas, para que crees tu propio mensaje. Quedan genial en cualquier estancia de la casa, en dormitorios, habitaciones de ni\u00f1os,\u2026","rel":"","context":"En \u00abDECORACI\u00d3N\u00bb","block_context":{"text":"DECORACI\u00d3N","link":"https:\/\/oui-oui.es\/blog\/category\/decoracion-de-casa\/"},"img":{"alt_text":"","src":"https:\/\/i0.wp.com\/oui-oui.es\/blog\/wp-content\/uploads\/2015\/04\/oui-oui-biblioteca-del-ateneo-concierto-en-el-ateneo-ju.jpg?resize=350%2C200&ssl=1","width":350,"height":200,"srcset":"https:\/\/i0.wp.com\/oui-oui.es\/blog\/wp-content\/uploads\/2015\/04\/oui-oui-biblioteca-del-ateneo-concierto-en-el-ateneo-ju.jpg?resize=350%2C200&ssl=1 1x, https:\/\/i0.wp.com\/oui-oui.es\/blog\/wp-content\/uploads\/2015\/04\/oui-oui-biblioteca-del-ateneo-concierto-en-el-ateneo-ju.jpg?resize=525%2C300&ssl=1 1.5x"},"classes":[]},{"id":9270,"url":"https:\/\/oui-oui.es\/blog\/7-planes-con-ninos-en-ribadesella\/","url_meta":{"origin":4625,"position":5},"title":"7 planes con ni\u00f1os en Ribadesella","author":"Mar\u00eda \u2665Oui Oui\u2665","date":"26 agosto, 2018","format":false,"excerpt":"Siempre que vuelvo de Asturias me propongo escribir un post con mis direcciones preferidas de Ribadesella pero al final la vuelta al cole se me echa encima y, de repente, ha pasado un mes y me acabo liando con otras cosas...As\u00ed que esta vez no quer\u00eda que me ocurriera y\u2026","rel":"","context":"En \u00abESTILO DE VIDA\u00bb","block_context":{"text":"ESTILO DE VIDA","link":"https:\/\/oui-oui.es\/blog\/category\/lifestyle-2\/"},"img":{"alt_text":"","src":"https:\/\/i0.wp.com\/oui-oui.es\/blog\/wp-content\/uploads\/2018\/08\/Oui-Oui-planes-ni%C3%B1os-ribadesella-que-hacer-ni%C3%B1os-ribadesella-picnic-area-recreativa-ardines-mejores-vistas-ribadesella-mirador-ribadesella.jpg?resize=350%2C200&ssl=1","width":350,"height":200,"srcset":"https:\/\/i0.wp.com\/oui-oui.es\/blog\/wp-content\/uploads\/2018\/08\/Oui-Oui-planes-ni%C3%B1os-ribadesella-que-hacer-ni%C3%B1os-ribadesella-picnic-area-recreativa-ardines-mejores-vistas-ribadesella-mirador-ribadesella.jpg?resize=350%2C200&ssl=1 1x, https:\/\/i0.wp.com\/oui-oui.es\/blog\/wp-content\/uploads\/2018\/08\/Oui-Oui-planes-ni%C3%B1os-ribadesella-que-hacer-ni%C3%B1os-ribadesella-picnic-area-recreativa-ardines-mejores-vistas-ribadesella-mirador-ribadesella.jpg?resize=525%2C300&ssl=1 1.5x, https:\/\/i0.wp.com\/oui-oui.es\/blog\/wp-content\/uploads\/2018\/08\/Oui-Oui-planes-ni%C3%B1os-ribadesella-que-hacer-ni%C3%B1os-ribadesella-picnic-area-recreativa-ardines-mejores-vistas-ribadesella-mirador-ribadesella.jpg?resize=700%2C400&ssl=1 2x, https:\/\/i0.wp.com\/oui-oui.es\/blog\/wp-content\/uploads\/2018\/08\/Oui-Oui-planes-ni%C3%B1os-ribadesella-que-hacer-ni%C3%B1os-ribadesella-picnic-area-recreativa-ardines-mejores-vistas-ribadesella-mirador-ribadesella.jpg?resize=1050%2C600&ssl=1 3x, https:\/\/i0.wp.com\/oui-oui.es\/blog\/wp-content\/uploads\/2018\/08\/Oui-Oui-planes-ni%C3%B1os-ribadesella-que-hacer-ni%C3%B1os-ribadesella-picnic-area-recreativa-ardines-mejores-vistas-ribadesella-mirador-ribadesella.jpg?resize=1400%2C800&ssl=1 4x"},"classes":[]}],"_links":{"self":[{"href":"https:\/\/oui-oui.es\/blog\/wp-json\/wp\/v2\/posts\/4625","targetHints":{"allow":["GET"]}}],"collection":[{"href":"https:\/\/oui-oui.es\/blog\/wp-json\/wp\/v2\/posts"}],"about":[{"href":"https:\/\/oui-oui.es\/blog\/wp-json\/wp\/v2\/types\/post"}],"author":[{"embeddable":true,"href":"https:\/\/oui-oui.es\/blog\/wp-json\/wp\/v2\/users\/1"}],"replies":[{"embeddable":true,"href":"https:\/\/oui-oui.es\/blog\/wp-json\/wp\/v2\/comments?post=4625"}],"version-history":[{"count":1,"href":"https:\/\/oui-oui.es\/blog\/wp-json\/wp\/v2\/posts\/4625\/revisions"}],"predecessor-version":[{"id":4634,"href":"https:\/\/oui-oui.es\/blog\/wp-json\/wp\/v2\/posts\/4625\/revisions\/4634"}],"wp:featuredmedia":[{"embeddable":true,"href":"https:\/\/oui-oui.es\/blog\/wp-json\/wp\/v2\/media\/4628"}],"wp:attachment":[{"href":"https:\/\/oui-oui.es\/blog\/wp-json\/wp\/v2\/media?parent=4625"}],"wp:term":[{"taxonomy":"category","embeddable":true,"href":"https:\/\/oui-oui.es\/blog\/wp-json\/wp\/v2\/categories?post=4625"},{"taxonomy":"post_tag","embeddable":true,"href":"https:\/\/oui-oui.es\/blog\/wp-json\/wp\/v2\/tags?post=4625"}],"curies":[{"name":"wp","href":"https:\/\/api.w.org\/{rel}","templated":true}]}}