{"id":4635,"date":"2016-07-12T00:15:45","date_gmt":"2016-07-11T22:15:45","guid":{"rendered":"https:\/\/oui-oui.es\/blog\/?p=4635"},"modified":"2016-07-12T10:41:34","modified_gmt":"2016-07-12T08:41:34","slug":"3-cosas-para-las-que-sirve-un-sacude-alfombras","status":"publish","type":"post","link":"https:\/\/oui-oui.es\/blog\/3-cosas-para-las-que-sirve-un-sacude-alfombras\/","title":{"rendered":"3 cosas para las que sirve un sacude alfombras"},"content":{"rendered":"<p><a href=\"http:\/\/www.oui-oui.es\/decoracion-con-estilo\/1150-sacude-cojines-vintage.html\"><img loading=\"lazy\" decoding=\"async\" class=\"aligncenter size-full wp-image-4643\" src=\"https:\/\/oui-oui.es\/blog\/wp-content\/uploads\/2016\/07\/Oui-Oui-sacude-cojines-sacude-colchones-sacude-alfombras-montessori.jpg\" alt=\"Oui Oui-sacude cojines-sacude colchones-sacude alfombras-montessori\" width=\"564\" height=\"423\" srcset=\"https:\/\/oui-oui.es\/blog\/wp-content\/uploads\/2016\/07\/Oui-Oui-sacude-cojines-sacude-colchones-sacude-alfombras-montessori.jpg 564w, https:\/\/oui-oui.es\/blog\/wp-content\/uploads\/2016\/07\/Oui-Oui-sacude-cojines-sacude-colchones-sacude-alfombras-montessori-300x225.jpg 300w\" sizes=\"auto, (max-width: 564px) 100vw, 564px\" \/><\/a><\/p>\n<p>Uno de los recuerdos que tengo de peque\u00f1a es cuando <em>\u00abrecog\u00edamos y limpi\u00e1bamos\u00bb<\/em> la casa con mi madre, muy <strong>Montessori<\/strong>, cada uno eleg\u00eda la tarea que m\u00e1s le gustase y<strong> yo siempre me ped\u00eda pasar el plumero y sacudir los cojines de los sof\u00e1s <\/strong>(por otro lado, dos tareas bastante f\u00e1ciles..je,je). No s\u00e9 si por desahogo o por diversi\u00f3n, pero me encantaba darle fuerte a los cojines con el <a href=\"http:\/\/www.oui-oui.es\/decoracion-con-estilo\/1150-sacude-cojines-vintage.html\" target=\"_blank\">sacude colchones<\/a>, <a href=\"http:\/\/www.oui-oui.es\/decoracion-con-estilo\/1150-sacude-cojines-vintage.html\" target=\"_blank\">sacude alfombras<\/a> o como se le quiera llamar&#8230;Hasta el punto de que cuando me independic\u00e9 e hice la lista de cosas necesarias para la nueva casa, inclu\u00ed un <a href=\"http:\/\/www.oui-oui.es\/decoracion-con-estilo\/1150-sacude-cojines-vintage.html\" target=\"_blank\"><strong>sacude cojines<\/strong><\/a>, aunque nunca lo encontr\u00e9 para comprarlo.<\/p>\n<p><a href=\"http:\/\/www.oui-oui.es\/decoracion-con-estilo\/1150-sacude-cojines-vintage.html\"><img loading=\"lazy\" decoding=\"async\" class=\"aligncenter size-full wp-image-4637\" src=\"https:\/\/oui-oui.es\/blog\/wp-content\/uploads\/2016\/07\/Oui-Oui-sacude-alfombras-vintage-se\u00f1ora.jpg\" alt=\"Oui Oui-sacude alfombras vintage-se\u00f1ora\" width=\"433\" height=\"625\" srcset=\"https:\/\/oui-oui.es\/blog\/wp-content\/uploads\/2016\/07\/Oui-Oui-sacude-alfombras-vintage-se\u00f1ora.jpg 433w, https:\/\/oui-oui.es\/blog\/wp-content\/uploads\/2016\/07\/Oui-Oui-sacude-alfombras-vintage-se\u00f1ora-208x300.jpg 208w, https:\/\/oui-oui.es\/blog\/wp-content\/uploads\/2016\/07\/Oui-Oui-sacude-alfombras-vintage-se\u00f1ora-300x433.jpg 300w\" sizes=\"auto, (max-width: 433px) 100vw, 433px\" \/><\/a><\/p>\n<p>As\u00ed que cuando lo descubr\u00ed en el cat\u00e1logo de un proveedor hace unas\u00a0 semanas no pude evitar traerlo a la tienda, <strong>me record\u00f3 a mi infancia<\/strong> y adem\u00e1s me parece un <strong>elemento decorativo diferente<\/strong>, para hacer un collage con otras cosas distintas o para decorar el cuarto de la limpieza y plancha (si tuviera una casa gigante pondr\u00eda uno, aunque s\u00f3lo fuera para decorarlo!).<\/p>\n<p><a href=\"http:\/\/www.oui-oui.es\/decoracion-con-estilo\/1150-sacude-cojines-vintage.html\"><img loading=\"lazy\" decoding=\"async\" class=\"aligncenter size-full wp-image-4638\" src=\"https:\/\/oui-oui.es\/blog\/wp-content\/uploads\/2016\/07\/Oui-Oui-sacude-alfombras-decoracion-sacude-cojines.jpg\" alt=\"Oui Oui-sacude alfombras-decoracion-sacude cojines\" width=\"564\" height=\"755\" srcset=\"https:\/\/oui-oui.es\/blog\/wp-content\/uploads\/2016\/07\/Oui-Oui-sacude-alfombras-decoracion-sacude-cojines.jpg 564w, https:\/\/oui-oui.es\/blog\/wp-content\/uploads\/2016\/07\/Oui-Oui-sacude-alfombras-decoracion-sacude-cojines-224x300.jpg 224w, https:\/\/oui-oui.es\/blog\/wp-content\/uploads\/2016\/07\/Oui-Oui-sacude-alfombras-decoracion-sacude-cojines-300x402.jpg 300w\" sizes=\"auto, (max-width: 564px) 100vw, 564px\" \/><\/a><\/p>\n<p><a href=\"http:\/\/www.oui-oui.es\/decoracion-con-estilo\/1150-sacude-cojines-vintage.html\"><img loading=\"lazy\" decoding=\"async\" class=\"aligncenter size-full wp-image-4641\" src=\"https:\/\/oui-oui.es\/blog\/wp-content\/uploads\/2016\/07\/Oui-Oui-sacude-cojines-sacude-alfombras-sacude-colchones.jpe\" alt=\"Oui Oui-sacude cojines-sacude alfombras-sacude colchones\" width=\"475\" height=\"475\" srcset=\"https:\/\/oui-oui.es\/blog\/wp-content\/uploads\/2016\/07\/Oui-Oui-sacude-cojines-sacude-alfombras-sacude-colchones.jpe 475w, https:\/\/oui-oui.es\/blog\/wp-content\/uploads\/2016\/07\/Oui-Oui-sacude-cojines-sacude-alfombras-sacude-colchones-150x150.jpe 150w, https:\/\/oui-oui.es\/blog\/wp-content\/uploads\/2016\/07\/Oui-Oui-sacude-cojines-sacude-alfombras-sacude-colchones-300x300.jpe 300w\" sizes=\"auto, (max-width: 475px) 100vw, 475px\" \/><\/a><\/p>\n<p><a href=\"http:\/\/www.oui-oui.es\/decoracion-con-estilo\/1150-sacude-cojines-vintage.html\"><img loading=\"lazy\" decoding=\"async\" class=\"aligncenter size-full wp-image-4639\" src=\"https:\/\/oui-oui.es\/blog\/wp-content\/uploads\/2016\/07\/OUi-Oui-sacude-alfombras-sacude-cojines.jpe\" alt=\"OUi Oui-sacude alfombras-sacude cojines\" width=\"475\" height=\"475\" srcset=\"https:\/\/oui-oui.es\/blog\/wp-content\/uploads\/2016\/07\/OUi-Oui-sacude-alfombras-sacude-cojines.jpe 475w, https:\/\/oui-oui.es\/blog\/wp-content\/uploads\/2016\/07\/OUi-Oui-sacude-alfombras-sacude-cojines-150x150.jpe 150w, https:\/\/oui-oui.es\/blog\/wp-content\/uploads\/2016\/07\/OUi-Oui-sacude-alfombras-sacude-cojines-300x300.jpe 300w\" sizes=\"auto, (max-width: 475px) 100vw, 475px\" \/><\/a><\/p>\n<p><a href=\"http:\/\/www.oui-oui.es\/decoracion-con-estilo\/1150-sacude-cojines-vintage.html\"><img loading=\"lazy\" decoding=\"async\" class=\"aligncenter size-large wp-image-4640\" src=\"https:\/\/oui-oui.es\/blog\/wp-content\/uploads\/2016\/07\/Oui-Oui-sacude-alfombras-sacude-colchones-sacude-cojines-vintage-1024x1024.jpg\" alt=\"Oui Oui-sacude alfombras-sacude colchones-sacude cojines vintage\" width=\"1024\" height=\"1024\" srcset=\"https:\/\/oui-oui.es\/blog\/wp-content\/uploads\/2016\/07\/Oui-Oui-sacude-alfombras-sacude-colchones-sacude-cojines-vintage-1024x1024.jpg 1024w, https:\/\/oui-oui.es\/blog\/wp-content\/uploads\/2016\/07\/Oui-Oui-sacude-alfombras-sacude-colchones-sacude-cojines-vintage-150x150.jpg 150w, https:\/\/oui-oui.es\/blog\/wp-content\/uploads\/2016\/07\/Oui-Oui-sacude-alfombras-sacude-colchones-sacude-cojines-vintage-300x300.jpg 300w, https:\/\/oui-oui.es\/blog\/wp-content\/uploads\/2016\/07\/Oui-Oui-sacude-alfombras-sacude-colchones-sacude-cojines-vintage-768x768.jpg 768w, https:\/\/oui-oui.es\/blog\/wp-content\/uploads\/2016\/07\/Oui-Oui-sacude-alfombras-sacude-colchones-sacude-cojines-vintage-600x600.jpg 600w, https:\/\/oui-oui.es\/blog\/wp-content\/uploads\/2016\/07\/Oui-Oui-sacude-alfombras-sacude-colchones-sacude-cojines-vintage.jpg 1118w\" sizes=\"auto, (max-width: 1024px) 100vw, 1024px\" \/><\/a><\/p>\n<p>Adem\u00e1s, como dec\u00eda al principio, a los ni\u00f1os les encanta, Mart\u00edn el otro d\u00eda era feliz cantando por la casa \u00absacudiendo\u00bb y dando a todos los cojines que se encontraba.<\/p>\n<p><a href=\"http:\/\/www.oui-oui.es\/decoracion-con-estilo\/1150-sacude-cojines-vintage.html\"><img loading=\"lazy\" decoding=\"async\" class=\"aligncenter size-full wp-image-4636\" src=\"https:\/\/oui-oui.es\/blog\/wp-content\/uploads\/2016\/07\/Oui-Oui-sacude-alfombras-vintage.jpg\" alt=\"Oui Oui-sacude alfombras vintage\" width=\"400\" height=\"547\" srcset=\"https:\/\/oui-oui.es\/blog\/wp-content\/uploads\/2016\/07\/Oui-Oui-sacude-alfombras-vintage.jpg 400w, https:\/\/oui-oui.es\/blog\/wp-content\/uploads\/2016\/07\/Oui-Oui-sacude-alfombras-vintage-219x300.jpg 219w, https:\/\/oui-oui.es\/blog\/wp-content\/uploads\/2016\/07\/Oui-Oui-sacude-alfombras-vintage-300x410.jpg 300w\" sizes=\"auto, (max-width: 400px) 100vw, 400px\" \/><\/a><\/p>\n<p><strong>Si a t\u00ed tambi\u00e9n te recuerda a tu infancia<\/strong>, a casa de tu madre o de tu abuela \u00a1ya tienes d\u00f3nde comprarlo! y por s\u00f3lo 9.95\u20ac <a href=\"http:\/\/www.oui-oui.es\/decoracion-con-estilo\/1150-sacude-cojines-vintage.html\" target=\"_blank\"><strong>AQU\u00cd<\/strong><\/a><strong> En Oui Oui tenemos este modelo, que recuerda a los vintage<\/strong><\/p>\n<p><a href=\"http:\/\/www.oui-oui.es\/decoracion-con-estilo\/1150-sacude-cojines-vintage.html\"><img loading=\"lazy\" decoding=\"async\" class=\"aligncenter size-large wp-image-4645\" src=\"https:\/\/oui-oui.es\/blog\/wp-content\/uploads\/2016\/07\/Oui-Oui-sacude-colchones-vintage-sacude-cojines-vintage-1024x1024.jpg\" alt=\"Oui Oui-sacude colchones vintage-sacude cojines vintage\" width=\"1024\" height=\"1024\" srcset=\"https:\/\/oui-oui.es\/blog\/wp-content\/uploads\/2016\/07\/Oui-Oui-sacude-colchones-vintage-sacude-cojines-vintage-1024x1024.jpg 1024w, https:\/\/oui-oui.es\/blog\/wp-content\/uploads\/2016\/07\/Oui-Oui-sacude-colchones-vintage-sacude-cojines-vintage-150x150.jpg 150w, https:\/\/oui-oui.es\/blog\/wp-content\/uploads\/2016\/07\/Oui-Oui-sacude-colchones-vintage-sacude-cojines-vintage-300x300.jpg 300w, https:\/\/oui-oui.es\/blog\/wp-content\/uploads\/2016\/07\/Oui-Oui-sacude-colchones-vintage-sacude-cojines-vintage-768x768.jpg 768w, https:\/\/oui-oui.es\/blog\/wp-content\/uploads\/2016\/07\/Oui-Oui-sacude-colchones-vintage-sacude-cojines-vintage-600x600.jpg 600w\" sizes=\"auto, (max-width: 1024px) 100vw, 1024px\" \/><\/a><\/p>\n","protected":false},"excerpt":{"rendered":"<p>Uno de los recuerdos que tengo de peque\u00f1a es cuando \u00abrecog\u00edamos y limpi\u00e1bamos\u00bb la casa con mi madre, muy Montessori, cada uno eleg\u00eda la tarea que m\u00e1s le gustase y yo siempre me ped\u00eda pasar el plumero y sacudir los cojines de los sof\u00e1s (por otro lado, dos tareas bastante f\u00e1ciles..je,je). No s\u00e9 si por [&hellip;]<\/p>\n","protected":false},"author":1,"featured_media":4636,"comment_status":"open","ping_status":"open","sticky":false,"template":"","format":"standard","meta":{"jetpack_post_was_ever_published":false,"_jetpack_newsletter_access":"","_jetpack_dont_email_post_to_subs":false,"_jetpack_newsletter_tier_id":0,"_jetpack_memberships_contains_paywalled_content":false,"_jetpack_memberships_contains_paid_content":false,"footnotes":"","jetpack_publicize_message":"","jetpack_publicize_feature_enabled":true,"jetpack_social_post_already_shared":true,"jetpack_social_options":{"image_generator_settings":{"template":"highway","default_image_id":0,"font":"","enabled":false},"version":2}},"categories":[173],"tags":[775],"class_list":["post-4635","post","type-post","status-publish","format-standard","has-post-thumbnail","hentry","category-decoracion-de-casa","tag-casa"],"aioseo_notices":[],"jetpack_publicize_connections":[],"jetpack_featured_media_url":"https:\/\/oui-oui.es\/blog\/wp-content\/uploads\/2016\/07\/Oui-Oui-sacude-alfombras-vintage.jpg","jetpack_sharing_enabled":true,"jetpack-related-posts":[{"id":10192,"url":"https:\/\/oui-oui.es\/blog\/llega-el-frio-y-con-el-las-alfombras\/","url_meta":{"origin":4635,"position":0},"title":"Llega el fr\u00edo y con \u00e9l \u00a1las alfombras!","author":"Mar\u00eda \u2665Oui Oui\u2665","date":"14 octubre, 2019","format":false,"excerpt":"Se me acumulan los post deco \u00a1lo s\u00e9! pero una de las cosas que m\u00e1s me gustan del blog es escribir por impulso. Cuando estoy buscando algo, encuentro varias que me gustan y pienso \u00a1tengo que compartirlas!. Me pas\u00f3 la semana pasada con cojines pero el trabajo hizo que me\u2026","rel":"","context":"En \u00abDECORACI\u00d3N\u00bb","block_context":{"text":"DECORACI\u00d3N","link":"https:\/\/oui-oui.es\/blog\/category\/decoracion-de-casa\/"},"img":{"alt_text":"","src":"https:\/\/i0.wp.com\/oui-oui.es\/blog\/wp-content\/uploads\/2019\/10\/Oui-Oui-alfombra-bereber-amarillo-y-negro-rue-vintage-alfombras-con-estilo.jpg?resize=350%2C200&ssl=1","width":350,"height":200,"srcset":"https:\/\/i0.wp.com\/oui-oui.es\/blog\/wp-content\/uploads\/2019\/10\/Oui-Oui-alfombra-bereber-amarillo-y-negro-rue-vintage-alfombras-con-estilo.jpg?resize=350%2C200&ssl=1 1x, https:\/\/i0.wp.com\/oui-oui.es\/blog\/wp-content\/uploads\/2019\/10\/Oui-Oui-alfombra-bereber-amarillo-y-negro-rue-vintage-alfombras-con-estilo.jpg?resize=525%2C300&ssl=1 1.5x"},"classes":[]},{"id":4926,"url":"https:\/\/oui-oui.es\/blog\/9-tareas-de-la-casa-que-puede-hacer-un-nino-de-3-anos\/","url_meta":{"origin":4635,"position":1},"title":"9 tareas de la casa que puede hacer un ni\u00f1o de 3 a\u00f1os","author":"Mar\u00eda \u2665Oui Oui\u2665","date":"23 noviembre, 2016","format":false,"excerpt":"Igual el t\u00edtulo suena un poco raro, pero me refiero a que es importante que desde peque\u00f1os participen en las tareas de la casa, tanto para que sean conscientes de que hay muchas cosas que hacer (las haga quien las haga habitualmente, una persona que trabaja en casa, los padres\u2026","rel":"","context":"En \u00abNI\u00d1OS Y NI\u00d1AS\u00bb","block_context":{"text":"NI\u00d1OS Y NI\u00d1AS","link":"https:\/\/oui-oui.es\/blog\/category\/ninos\/"},"img":{"alt_text":"","src":"https:\/\/i0.wp.com\/oui-oui.es\/blog\/wp-content\/uploads\/2016\/11\/Oui-Oui-martin-cocinando-mini-thermomix-thermmix-ni%C3%B1os.jpg?resize=350%2C200&ssl=1","width":350,"height":200,"srcset":"https:\/\/i0.wp.com\/oui-oui.es\/blog\/wp-content\/uploads\/2016\/11\/Oui-Oui-martin-cocinando-mini-thermomix-thermmix-ni%C3%B1os.jpg?resize=350%2C200&ssl=1 1x, https:\/\/i0.wp.com\/oui-oui.es\/blog\/wp-content\/uploads\/2016\/11\/Oui-Oui-martin-cocinando-mini-thermomix-thermmix-ni%C3%B1os.jpg?resize=525%2C300&ssl=1 1.5x, https:\/\/i0.wp.com\/oui-oui.es\/blog\/wp-content\/uploads\/2016\/11\/Oui-Oui-martin-cocinando-mini-thermomix-thermmix-ni%C3%B1os.jpg?resize=700%2C400&ssl=1 2x, https:\/\/i0.wp.com\/oui-oui.es\/blog\/wp-content\/uploads\/2016\/11\/Oui-Oui-martin-cocinando-mini-thermomix-thermmix-ni%C3%B1os.jpg?resize=1050%2C600&ssl=1 3x"},"classes":[]},{"id":10315,"url":"https:\/\/oui-oui.es\/blog\/algunos-cojines-que-me-gustan\/","url_meta":{"origin":4635,"position":2},"title":"Algunos cojines que me gustan","author":"Mar\u00eda \u2665Oui Oui\u2665","date":"25 noviembre, 2019","format":false,"excerpt":"Sigo decorando mi casa, ya m\u00e1s despacito porque faltan pocas cosas, pero con mucha pasi\u00f3n, por eso, de repente veo que me falta un coj\u00edn en una zona (en este caso par la cama de la habitaci\u00f3n de juegos) y me puse como loca a buscar online, tambi\u00e9n lo pregunt\u00e9\u2026","rel":"","context":"En \u00abDECORACI\u00d3N\u00bb","block_context":{"text":"DECORACI\u00d3N","link":"https:\/\/oui-oui.es\/blog\/category\/decoracion-de-casa\/"},"img":{"alt_text":"","src":"https:\/\/i0.wp.com\/oui-oui.es\/blog\/wp-content\/uploads\/2019\/11\/Oui-Oui-coj%C3%ADn-texturas-zara-home.jpg?resize=350%2C200&ssl=1","width":350,"height":200,"srcset":"https:\/\/i0.wp.com\/oui-oui.es\/blog\/wp-content\/uploads\/2019\/11\/Oui-Oui-coj%C3%ADn-texturas-zara-home.jpg?resize=350%2C200&ssl=1 1x, https:\/\/i0.wp.com\/oui-oui.es\/blog\/wp-content\/uploads\/2019\/11\/Oui-Oui-coj%C3%ADn-texturas-zara-home.jpg?resize=525%2C300&ssl=1 1.5x, https:\/\/i0.wp.com\/oui-oui.es\/blog\/wp-content\/uploads\/2019\/11\/Oui-Oui-coj%C3%ADn-texturas-zara-home.jpg?resize=700%2C400&ssl=1 2x, https:\/\/i0.wp.com\/oui-oui.es\/blog\/wp-content\/uploads\/2019\/11\/Oui-Oui-coj%C3%ADn-texturas-zara-home.jpg?resize=1050%2C600&ssl=1 3x"},"classes":[]},{"id":10418,"url":"https:\/\/oui-oui.es\/blog\/descubrimiento-deco-la-redoute\/","url_meta":{"origin":4635,"position":3},"title":"Descubrimiento deco: La Redoute","author":"Mar\u00eda \u2665Oui Oui\u2665","date":"3 marzo, 2020","format":false,"excerpt":"En mi mente, hace a\u00f1os, La Redoute era un cat\u00e1logo de venta por correo cuando era peque\u00f1a, principalmente de moda. Pero desde un tiempo a esta parte se reconvirti\u00f3 en tienda online, no s\u00f3lo de moda, sino tambi\u00e9n de hogar, complementos y decoraci\u00f3n. Y en lo que se refiere a\u2026","rel":"","context":"En \u00abDECORACI\u00d3N\u00bb","block_context":{"text":"DECORACI\u00d3N","link":"https:\/\/oui-oui.es\/blog\/category\/decoracion-de-casa\/"},"img":{"alt_text":"","src":"https:\/\/i0.wp.com\/oui-oui.es\/blog\/wp-content\/uploads\/2020\/03\/Oui-Oui-mantel-lino-mostaza-la-redoute-manteles-lino-baratos-manteles-lino-estilo.jpg?resize=350%2C200&ssl=1","width":350,"height":200,"srcset":"https:\/\/i0.wp.com\/oui-oui.es\/blog\/wp-content\/uploads\/2020\/03\/Oui-Oui-mantel-lino-mostaza-la-redoute-manteles-lino-baratos-manteles-lino-estilo.jpg?resize=350%2C200&ssl=1 1x, https:\/\/i0.wp.com\/oui-oui.es\/blog\/wp-content\/uploads\/2020\/03\/Oui-Oui-mantel-lino-mostaza-la-redoute-manteles-lino-baratos-manteles-lino-estilo.jpg?resize=525%2C300&ssl=1 1.5x"},"classes":[]},{"id":718,"url":"https:\/\/oui-oui.es\/blog\/mas-cositas-nuevas-en-la-tienda\/","url_meta":{"origin":4635,"position":4},"title":"M\u00e1s cositas nuevas en la tienda!","author":"Mar\u00eda \u2665Oui Oui\u2665","date":"13 mayo, 2013","format":false,"excerpt":"Como promet\u00ed, aunque no sepa de d\u00f3nde sacar el tiempo, habr\u00e1 novedades en la tienda todas las semanas y aqu\u00ed os presento las de \u00e9sta...Muy variadas! Empezamos con cojines nuevos, los dos que ten\u00edamos hasta ahora, el del bigote y el de Home han tenido mucho \u00e9xito, as\u00ed que espero\u2026","rel":"","context":"En \u00abDECORACI\u00d3N\u00bb","block_context":{"text":"DECORACI\u00d3N","link":"https:\/\/oui-oui.es\/blog\/category\/decoracion-de-casa\/"},"img":{"alt_text":"Down that little lane","src":"https:\/\/ouiouiblog.files.wordpress.com\/2013\/05\/oui-oui-nuevo-tienda-pinterest.jpg?w=350&h=200&crop=1","width":350,"height":200},"classes":[]},{"id":2661,"url":"https:\/\/oui-oui.es\/blog\/memorias-del-ayer-los-muebles-mas-bonitos-para-tu-boda\/","url_meta":{"origin":4635,"position":5},"title":"Memorias del Ayer: los muebles m\u00e1s bonitos para tu boda","author":"Mar\u00eda \u2665Oui Oui\u2665","date":"24 junio, 2015","format":false,"excerpt":"Descubr\u00ed a las chicas de Memorias del Ayer cuando buscando mesa para el evento de Telva, Eva nos las sugiri\u00f3 y ellas nos prestaron la mesa del candy bar encantadas. Desde entonces he podido conocer su trabajo un poquito m\u00e1s y quer\u00eda compartirlo porque quiz\u00e1s te sirva de ayuda si\u2026","rel":"","context":"En \u00abBoda\u00bb","block_context":{"text":"Boda","link":"https:\/\/oui-oui.es\/blog\/category\/fiestas-celebraciones\/boda\/"},"img":{"alt_text":"","src":"https:\/\/i0.wp.com\/oui-oui.es\/blog\/wp-content\/uploads\/Oui-Oui-alquiler-muebles-vintage-bodas-memorias-del-ayer-2.jpg?resize=350%2C200&ssl=1","width":350,"height":200,"srcset":"https:\/\/i0.wp.com\/oui-oui.es\/blog\/wp-content\/uploads\/Oui-Oui-alquiler-muebles-vintage-bodas-memorias-del-ayer-2.jpg?resize=350%2C200&ssl=1 1x, https:\/\/i0.wp.com\/oui-oui.es\/blog\/wp-content\/uploads\/Oui-Oui-alquiler-muebles-vintage-bodas-memorias-del-ayer-2.jpg?resize=525%2C300&ssl=1 1.5x, https:\/\/i0.wp.com\/oui-oui.es\/blog\/wp-content\/uploads\/Oui-Oui-alquiler-muebles-vintage-bodas-memorias-del-ayer-2.jpg?resize=700%2C400&ssl=1 2x, https:\/\/i0.wp.com\/oui-oui.es\/blog\/wp-content\/uploads\/Oui-Oui-alquiler-muebles-vintage-bodas-memorias-del-ayer-2.jpg?resize=1050%2C600&ssl=1 3x"},"classes":[]}],"_links":{"self":[{"href":"https:\/\/oui-oui.es\/blog\/wp-json\/wp\/v2\/posts\/4635","targetHints":{"allow":["GET"]}}],"collection":[{"href":"https:\/\/oui-oui.es\/blog\/wp-json\/wp\/v2\/posts"}],"about":[{"href":"https:\/\/oui-oui.es\/blog\/wp-json\/wp\/v2\/types\/post"}],"author":[{"embeddable":true,"href":"https:\/\/oui-oui.es\/blog\/wp-json\/wp\/v2\/users\/1"}],"replies":[{"embeddable":true,"href":"https:\/\/oui-oui.es\/blog\/wp-json\/wp\/v2\/comments?post=4635"}],"version-history":[{"count":3,"href":"https:\/\/oui-oui.es\/blog\/wp-json\/wp\/v2\/posts\/4635\/revisions"}],"predecessor-version":[{"id":4648,"href":"https:\/\/oui-oui.es\/blog\/wp-json\/wp\/v2\/posts\/4635\/revisions\/4648"}],"wp:featuredmedia":[{"embeddable":true,"href":"https:\/\/oui-oui.es\/blog\/wp-json\/wp\/v2\/media\/4636"}],"wp:attachment":[{"href":"https:\/\/oui-oui.es\/blog\/wp-json\/wp\/v2\/media?parent=4635"}],"wp:term":[{"taxonomy":"category","embeddable":true,"href":"https:\/\/oui-oui.es\/blog\/wp-json\/wp\/v2\/categories?post=4635"},{"taxonomy":"post_tag","embeddable":true,"href":"https:\/\/oui-oui.es\/blog\/wp-json\/wp\/v2\/tags?post=4635"}],"curies":[{"name":"wp","href":"https:\/\/api.w.org\/{rel}","templated":true}]}}