{"id":4649,"date":"2016-07-13T00:15:54","date_gmt":"2016-07-12T22:15:54","guid":{"rendered":"https:\/\/oui-oui.es\/blog\/?p=4649"},"modified":"2016-07-12T11:45:19","modified_gmt":"2016-07-12T09:45:19","slug":"como-hacer-polos-caseros","status":"publish","type":"post","link":"https:\/\/oui-oui.es\/blog\/como-hacer-polos-caseros\/","title":{"rendered":"C\u00f3mo hacer polos caseros"},"content":{"rendered":"<p>Hacer polos en casa puede ser muy f\u00e1cil, todo depende de las complicaciones culinarias que le quieras a\u00f1adir. Hace unas semanas, Cristina, del blog <a href=\"http:\/\/yellowmandarin.com\/polos-de-helado-hoy-cocino-con-maria-oui-oui\/\" target=\"_blank\">Yellow Mandarin<\/a> me propuso ir a cocinar a su casa para su secci\u00f3n <strong>#hoycocinocon<\/strong> , como ya est\u00e1bamos con la mente puesta en el verano pens\u00e9 en hacr unos polos y ella se ocup\u00f3 de buscar las recetas y la log\u00edstica para que el d\u00eda D pudi\u00e9ramos ponernos manos a la obra.<\/p>\n<p><img loading=\"lazy\" decoding=\"async\" class=\"aligncenter size-full wp-image-4655\" src=\"https:\/\/oui-oui.es\/blog\/wp-content\/uploads\/2016\/07\/Oui-Oui-polos-caseros-yellow-mandarin-teresa-loboarregui.jpg\" alt=\"Oui Oui-polos caseros-yellow mandarin-teresa loboarregui\" width=\"768\" height=\"511\" srcset=\"https:\/\/oui-oui.es\/blog\/wp-content\/uploads\/2016\/07\/Oui-Oui-polos-caseros-yellow-mandarin-teresa-loboarregui.jpg 768w, https:\/\/oui-oui.es\/blog\/wp-content\/uploads\/2016\/07\/Oui-Oui-polos-caseros-yellow-mandarin-teresa-loboarregui-300x200.jpg 300w, https:\/\/oui-oui.es\/blog\/wp-content\/uploads\/2016\/07\/Oui-Oui-polos-caseros-yellow-mandarin-teresa-loboarregui-600x399.jpg 600w\" sizes=\"auto, (max-width: 768px) 100vw, 768px\" \/><\/p>\n<p><img loading=\"lazy\" decoding=\"async\" class=\"aligncenter size-full wp-image-4656\" src=\"https:\/\/oui-oui.es\/blog\/wp-content\/uploads\/2016\/07\/Oui-Oui-polos-caseros-yellow-mandarin-teresa-loboarregui-polo-arandanos.jpg\" alt=\"Oui Oui-polos caseros-yellow mandarin-teresa loboarregui-polo arandanos\" width=\"768\" height=\"511\" srcset=\"https:\/\/oui-oui.es\/blog\/wp-content\/uploads\/2016\/07\/Oui-Oui-polos-caseros-yellow-mandarin-teresa-loboarregui-polo-arandanos.jpg 768w, https:\/\/oui-oui.es\/blog\/wp-content\/uploads\/2016\/07\/Oui-Oui-polos-caseros-yellow-mandarin-teresa-loboarregui-polo-arandanos-300x200.jpg 300w, https:\/\/oui-oui.es\/blog\/wp-content\/uploads\/2016\/07\/Oui-Oui-polos-caseros-yellow-mandarin-teresa-loboarregui-polo-arandanos-600x399.jpg 600w\" sizes=\"auto, (max-width: 768px) 100vw, 768px\" \/><\/p>\n<p>Hicimos tres recetas distintas; <strong>polos de leche merengada<\/strong>, <strong>polos de frambuesa y ar\u00e1ndanos<\/strong> y <strong>polos de yogurth<\/strong> con futas del bosque, <a href=\"http:\/\/yellowmandarin.com\/polos-de-helado-hoy-cocino-con-maria-oui-oui\/\" target=\"_blank\">AQU\u00cd<\/a> ten\u00e9is las tres recetas.<\/p>\n<p><img loading=\"lazy\" decoding=\"async\" class=\"aligncenter size-full wp-image-4657\" src=\"https:\/\/oui-oui.es\/blog\/wp-content\/uploads\/2016\/07\/Oui-Oui-polos-caseros-yellow-mandarin-teresa-loboarregui-polo-frutas-del-bosque.jpg\" alt=\"Oui Oui-polos caseros-yellow mandarin-teresa loboarregui-polo frutas del bosque\" width=\"768\" height=\"511\" srcset=\"https:\/\/oui-oui.es\/blog\/wp-content\/uploads\/2016\/07\/Oui-Oui-polos-caseros-yellow-mandarin-teresa-loboarregui-polo-frutas-del-bosque.jpg 768w, https:\/\/oui-oui.es\/blog\/wp-content\/uploads\/2016\/07\/Oui-Oui-polos-caseros-yellow-mandarin-teresa-loboarregui-polo-frutas-del-bosque-300x200.jpg 300w, https:\/\/oui-oui.es\/blog\/wp-content\/uploads\/2016\/07\/Oui-Oui-polos-caseros-yellow-mandarin-teresa-loboarregui-polo-frutas-del-bosque-600x399.jpg 600w\" sizes=\"auto, (max-width: 768px) 100vw, 768px\" \/><\/p>\n<p>Lo pasamos genial, con <a href=\"http:\/\/lacasadondevivi.com\/\" target=\"_blank\">Teresa<\/a> haciendo las fotos y <a href=\"http:\/\/ahorasoymama.com\/\" target=\"_blank\">Celia<\/a> de pinche, por supuesto despu\u00e9s nos comimos los polos entre las cuatro!<\/p>\n<p>Despu\u00e9s de la tarde tan divertida con Cristina, ten\u00eda ganas de hacer <strong>polos caseros<\/strong> el fin de semana, pero con tanta actvidad de campo y piscina no tuvimos un minuto as\u00ed que acabamos haciendo los <strong>polos de batido de chocolate<\/strong>; tan sencillo como volcar el batido en los <a href=\"http:\/\/amzn.to\/29uee64\" target=\"_blank\"><strong>moldes<\/strong><\/a>, adem\u00e1s parece que cunde m\u00e1s porque un batido de los de tomar con pajita de ni\u00f1os da para \u00a1tres polos!, por eso os digo que pod\u00e9is complicaros lo que quer\u00e1is, a mi me apetece complicarme un poco m\u00e1s y aprovechar\u00e9 la semana que viene que estaremos en la sierra, aqu\u00ed van algunas ideas:<\/p>\n<p>Los <strong>polos de leche condensada y lim\u00f3n<\/strong> caer\u00e1n seguro, mi t\u00eda hace un postre as\u00ed que est\u00e1 buen\u00edsimo, en helado ya tiene que ser la bomba.<\/p>\n<p><img loading=\"lazy\" decoding=\"async\" class=\"aligncenter size-large wp-image-4653\" src=\"https:\/\/oui-oui.es\/blog\/wp-content\/uploads\/2016\/07\/Oui-Oui-polos-caseros-polos-leche-condensada-y-limon.jpg\" alt=\"Oui Oui-polos caseros-polos leche condensada y limon\" width=\"236\" height=\"472\" srcset=\"https:\/\/oui-oui.es\/blog\/wp-content\/uploads\/2016\/07\/Oui-Oui-polos-caseros-polos-leche-condensada-y-limon.jpg 236w, https:\/\/oui-oui.es\/blog\/wp-content\/uploads\/2016\/07\/Oui-Oui-polos-caseros-polos-leche-condensada-y-limon-150x300.jpg 150w\" sizes=\"auto, (max-width: 236px) 100vw, 236px\" \/><\/p>\n<p>Los polos de gominolas me parecen una guarrada, la verdad, pero est\u00e9ticamente me gustan, as\u00ed que igual hacemos alguno \ud83d\ude09<\/p>\n<p><img loading=\"lazy\" decoding=\"async\" class=\"aligncenter size-full wp-image-4651\" src=\"https:\/\/oui-oui.es\/blog\/wp-content\/uploads\/2016\/07\/Oui-OUi-polos-caseros-polos-de-gominolas.jpg\" alt=\"Oui OUi-polos caseros-polos de gominolas\" width=\"564\" height=\"608\" srcset=\"https:\/\/oui-oui.es\/blog\/wp-content\/uploads\/2016\/07\/Oui-OUi-polos-caseros-polos-de-gominolas.jpg 564w, https:\/\/oui-oui.es\/blog\/wp-content\/uploads\/2016\/07\/Oui-OUi-polos-caseros-polos-de-gominolas-278x300.jpg 278w, https:\/\/oui-oui.es\/blog\/wp-content\/uploads\/2016\/07\/Oui-OUi-polos-caseros-polos-de-gominolas-300x323.jpg 300w\" sizes=\"auto, (max-width: 564px) 100vw, 564px\" \/><\/p>\n<p>Tambien me petece mucho hacer uno en tres fases, como el de sand\u00eda, si lo hago, os comparto la receta!<\/p>\n<p><img loading=\"lazy\" decoding=\"async\" class=\"aligncenter size-full wp-image-4654\" src=\"https:\/\/oui-oui.es\/blog\/wp-content\/uploads\/2016\/07\/Oui-Oui-polos-caseros-polos-de-sand\u00eda-polos-trif\u00e1sicos.jpg\" alt=\"Oui Oui-polos caseros-polos de sand\u00eda-polos trif\u00e1sicos\" width=\"564\" height=\"846\" srcset=\"https:\/\/oui-oui.es\/blog\/wp-content\/uploads\/2016\/07\/Oui-Oui-polos-caseros-polos-de-sand\u00eda-polos-trif\u00e1sicos.jpg 564w, https:\/\/oui-oui.es\/blog\/wp-content\/uploads\/2016\/07\/Oui-Oui-polos-caseros-polos-de-sand\u00eda-polos-trif\u00e1sicos-200x300.jpg 200w, https:\/\/oui-oui.es\/blog\/wp-content\/uploads\/2016\/07\/Oui-Oui-polos-caseros-polos-de-sand\u00eda-polos-trif\u00e1sicos-300x450.jpg 300w\" sizes=\"auto, (max-width: 564px) 100vw, 564px\" \/><\/p>\n<p>&nbsp;<\/p>\n<p>Y unos que <strong>me apetecen un mont\u00f3n<\/strong> son los <strong>polos de flores<\/strong>, los de la foto est\u00e1n hechos con Bellini, as\u00ed que no ser\u00eda mala idea hacerlos con un cocktail de base.<\/p>\n<p><img loading=\"lazy\" decoding=\"async\" class=\"aligncenter size-full wp-image-4650\" src=\"https:\/\/oui-oui.es\/blog\/wp-content\/uploads\/2016\/07\/Oui-Oui-polos-caseros-polos-artesanos-polos-de-bellini-y-flores.jpg\" alt=\"Oui Oui-polos caseros-polos artesanos-polos de bellini y flores\" width=\"564\" height=\"846\" srcset=\"https:\/\/oui-oui.es\/blog\/wp-content\/uploads\/2016\/07\/Oui-Oui-polos-caseros-polos-artesanos-polos-de-bellini-y-flores.jpg 564w, https:\/\/oui-oui.es\/blog\/wp-content\/uploads\/2016\/07\/Oui-Oui-polos-caseros-polos-artesanos-polos-de-bellini-y-flores-200x300.jpg 200w, https:\/\/oui-oui.es\/blog\/wp-content\/uploads\/2016\/07\/Oui-Oui-polos-caseros-polos-artesanos-polos-de-bellini-y-flores-300x450.jpg 300w\" sizes=\"auto, (max-width: 564px) 100vw, 564px\" \/><\/p>\n<p>Por cierto que la b\u00fasqueda del <strong>molde ideal para polos<\/strong> no es tan f\u00e1cil, la gracia (o al menos a m\u00ed me gustan as\u00ed) es que parezcan como los de toda la vida, con sus dos rayas y su palo de madera, no me gusan esos con mangos de pl\u00e1stico y mu\u00f1equitos&#8230;As\u00ed que Cristina, despu\u00e9s de mucho buscar encontr\u00f3 <a href=\"https:\/\/www.amazon.es\/Norpro-NP423-pl\u00e1stico-unidades-incluye\/dp\/B0002IBJOG\/ref=as_li_ss_tl?ie=UTF8&amp;linkCode=ll1&amp;tag=ouou-21&amp;linkId=7c3afccd969e566003a7443d2f594993\" target=\"_blank\"><strong>\u00e9stos<\/strong><\/a> en Amazon y compr\u00e9 otro para m\u00ed, \u00a1estamos encantadas! puedes comprarlos <a href=\"https:\/\/www.amazon.es\/Norpro-NP423-pl\u00e1stico-unidades-incluye\/dp\/B0002IBJOG\/ref=as_li_ss_tl?ie=UTF8&amp;linkCode=ll1&amp;tag=ouou-21&amp;linkId=7c3afccd969e566003a7443d2f594993\" target=\"_blank\"><strong>AQU\u00cd<\/strong><\/a><\/p>\n<p>\u00bfOs anim\u00e1is a hacer polos caseros un d\u00eda de \u00e9stos?<\/p>\n","protected":false},"excerpt":{"rendered":"<p>Hacer polos en casa puede ser muy f\u00e1cil, todo depende de las complicaciones culinarias que le quieras a\u00f1adir. Hace unas semanas, Cristina, del blog Yellow Mandarin me propuso ir a cocinar a su casa para su secci\u00f3n #hoycocinocon , como ya est\u00e1bamos con la mente puesta en el verano pens\u00e9 en hacr unos polos y [&hellip;]<\/p>\n","protected":false},"author":1,"featured_media":4657,"comment_status":"open","ping_status":"open","sticky":false,"template":"","format":"standard","meta":{"jetpack_post_was_ever_published":false,"_jetpack_newsletter_access":"","_jetpack_dont_email_post_to_subs":false,"_jetpack_newsletter_tier_id":0,"_jetpack_memberships_contains_paywalled_content":false,"_jetpack_memberships_contains_paid_content":false,"footnotes":"","jetpack_publicize_message":"","jetpack_publicize_feature_enabled":true,"jetpack_social_post_already_shared":true,"jetpack_social_options":{"image_generator_settings":{"template":"highway","default_image_id":0,"font":"","enabled":false},"version":2}},"categories":[177,174],"tags":[695,721,687],"class_list":["post-4649","post","type-post","status-publish","format-standard","has-post-thumbnail","hentry","category-lifestyle-2","category-ninos","tag-gastro","tag-planes-con-ninos","tag-verano"],"aioseo_notices":[],"jetpack_publicize_connections":[],"jetpack_featured_media_url":"https:\/\/oui-oui.es\/blog\/wp-content\/uploads\/2016\/07\/Oui-Oui-polos-caseros-yellow-mandarin-teresa-loboarregui-polo-frutas-del-bosque.jpg","jetpack_sharing_enabled":true,"jetpack-related-posts":[{"id":4664,"url":"https:\/\/oui-oui.es\/blog\/10-actividades-para-hacer-con-un-nino-de-3-anos-en-verano\/","url_meta":{"origin":4649,"position":0},"title":"10 actividades para hacer con un ni\u00f1o de 3 a\u00f1os en verano","author":"Mar\u00eda \u2665Oui Oui\u2665","date":"15 julio, 2016","format":false,"excerpt":"El verano pasado busqu\u00e9 cinco actividades que hacer con Mart\u00edn para nuestra semana en la sierra y llam\u00e9 al post \"5 actividades que hacer con un beb\u00e9 de 2 a\u00f1os en verano\", este a\u00f1o he estado tentada de poner la palabra beb\u00e9 de nuevo, pero creo que el tiempo vuela\u2026","rel":"","context":"En \u00abNI\u00d1OS Y NI\u00d1AS\u00bb","block_context":{"text":"NI\u00d1OS Y NI\u00d1AS","link":"https:\/\/oui-oui.es\/blog\/category\/ninos\/"},"img":{"alt_text":"","src":"https:\/\/i0.wp.com\/oui-oui.es\/blog\/wp-content\/uploads\/2016\/07\/Oui-Oui-martin-cocinando-mini-thermomix.jpg?resize=350%2C200&ssl=1","width":350,"height":200,"srcset":"https:\/\/i0.wp.com\/oui-oui.es\/blog\/wp-content\/uploads\/2016\/07\/Oui-Oui-martin-cocinando-mini-thermomix.jpg?resize=350%2C200&ssl=1 1x, https:\/\/i0.wp.com\/oui-oui.es\/blog\/wp-content\/uploads\/2016\/07\/Oui-Oui-martin-cocinando-mini-thermomix.jpg?resize=525%2C300&ssl=1 1.5x, https:\/\/i0.wp.com\/oui-oui.es\/blog\/wp-content\/uploads\/2016\/07\/Oui-Oui-martin-cocinando-mini-thermomix.jpg?resize=700%2C400&ssl=1 2x, https:\/\/i0.wp.com\/oui-oui.es\/blog\/wp-content\/uploads\/2016\/07\/Oui-Oui-martin-cocinando-mini-thermomix.jpg?resize=1050%2C600&ssl=1 3x, https:\/\/i0.wp.com\/oui-oui.es\/blog\/wp-content\/uploads\/2016\/07\/Oui-Oui-martin-cocinando-mini-thermomix.jpg?resize=1400%2C800&ssl=1 4x"},"classes":[]},{"id":2682,"url":"https:\/\/oui-oui.es\/blog\/love-pop-polos-de-fruta-natural\/","url_meta":{"origin":4649,"position":1},"title":"Love Pop | Polos de fruta natural","author":"Mar\u00eda \u2665Oui Oui\u2665","date":"26 junio, 2015","format":false,"excerpt":"Este verano me he propuesto hacer m\u00e1s zumos, batidos y helados naturales, pero mientras me hago con unas cuantas recetas, tengo ganas de probar los polos de Love Pop, de sabores naturales, elaborados artesanalmente para garantizar que conservan el sabor de su fruta original...Sand\u00eda, lim\u00f3n, kiwi, fresa...Todos tienen buen\u00edsima pinta!\u2026","rel":"","context":"En \u00abESTILO DE VIDA\u00bb","block_context":{"text":"ESTILO DE VIDA","link":"https:\/\/oui-oui.es\/blog\/category\/lifestyle-2\/"},"img":{"alt_text":"","src":"https:\/\/i0.wp.com\/oui-oui.es\/blog\/wp-content\/uploads\/Oui-Oui-polos-frutas-naturales-helados-love-pop-polos-3.jpg?resize=350%2C200&ssl=1","width":350,"height":200},"classes":[]},{"id":2792,"url":"https:\/\/oui-oui.es\/blog\/polos-artesanos-en-madrid-lolo-polos\/","url_meta":{"origin":4649,"position":2},"title":"Polos artesanos en Madrid | Lolo Polos","author":"Mar\u00eda \u2665Oui Oui\u2665","date":"24 julio, 2015","format":false,"excerpt":"Las cosas bonitas son m\u00e1s apetecibles, eso es as\u00ed. Este verano ten\u00eda ganas de polos de fruta, naturales, artesanos...Me apetece hacerlos cuando me suba a la Sierra y me apetec\u00eda probar los de Lolo Polos desde que vi las preciosas fotos de su tienda y las apetecibles combinaciones de sabores\u2026","rel":"","context":"En \u00abESTILO DE VIDA\u00bb","block_context":{"text":"ESTILO DE VIDA","link":"https:\/\/oui-oui.es\/blog\/category\/lifestyle-2\/"},"img":{"alt_text":"","src":"https:\/\/i0.wp.com\/oui-oui.es\/blog\/wp-content\/uploads\/Oui-Oui-polos-malasa%C3%B1a-lolo-polos-e1438282279295.jpg?resize=350%2C200&ssl=1","width":350,"height":200,"srcset":"https:\/\/i0.wp.com\/oui-oui.es\/blog\/wp-content\/uploads\/Oui-Oui-polos-malasa%C3%B1a-lolo-polos-e1438282279295.jpg?resize=350%2C200&ssl=1 1x, https:\/\/i0.wp.com\/oui-oui.es\/blog\/wp-content\/uploads\/Oui-Oui-polos-malasa%C3%B1a-lolo-polos-e1438282279295.jpg?resize=525%2C300&ssl=1 1.5x, https:\/\/i0.wp.com\/oui-oui.es\/blog\/wp-content\/uploads\/Oui-Oui-polos-malasa%C3%B1a-lolo-polos-e1438282279295.jpg?resize=700%2C400&ssl=1 2x, https:\/\/i0.wp.com\/oui-oui.es\/blog\/wp-content\/uploads\/Oui-Oui-polos-malasa%C3%B1a-lolo-polos-e1438282279295.jpg?resize=1050%2C600&ssl=1 3x, https:\/\/i0.wp.com\/oui-oui.es\/blog\/wp-content\/uploads\/Oui-Oui-polos-malasa%C3%B1a-lolo-polos-e1438282279295.jpg?resize=1400%2C800&ssl=1 4x"},"classes":[]},{"id":2727,"url":"https:\/\/oui-oui.es\/blog\/un-verano-de-por-lo-menos-dos-meses\/","url_meta":{"origin":4649,"position":3},"title":"Un verano de, por lo menos, dos meses","author":"Mar\u00eda \u2665Oui Oui\u2665","date":"3 julio, 2015","format":false,"excerpt":"Ya estamos en julio y me niego a que llegue agosto y medio verano haya pasado ante m\u00ed sin enterarme as\u00ed que desde el d\u00eda uno me he propuesto vivir cada d\u00eda plenamente consciente de que es verano, aunque trabaje por las ma\u00f1anas, voy a intentar hacer un plan cada\u2026","rel":"","context":"En \u00abESTILO DE VIDA\u00bb","block_context":{"text":"ESTILO DE VIDA","link":"https:\/\/oui-oui.es\/blog\/category\/lifestyle-2\/"},"img":{"alt_text":"","src":"https:\/\/i0.wp.com\/oui-oui.es\/blog\/wp-content\/uploads\/Oui-Oui-helado-de-cereza.jpg?resize=350%2C200&ssl=1","width":350,"height":200},"classes":[]},{"id":2840,"url":"https:\/\/oui-oui.es\/blog\/5-actividades-para-hacer-con-un-bebe-de-2-anos-en-verano\/","url_meta":{"origin":4649,"position":4},"title":"5 actividades para hacer con un beb\u00e9 de 2 a\u00f1os en verano","author":"Mar\u00eda \u2665Oui Oui\u2665","date":"4 agosto, 2015","format":false,"excerpt":"Este es el segundo verano de Mart\u00edn, cada vez va siendo menos beb\u00e9 y m\u00e1s ni\u00f1o y quer\u00eda aprovechar al m\u00e1ximo esta etapa.El verano tiene d\u00edas m\u00e1s largos, y, en mi caso, estar\u00e9 con Mart\u00edn pr\u00e1cticamente 24h al d\u00eda (con m\u00e1s familia, claro), as\u00ed que me pareci\u00f3 importante planificarme algunas\u2026","rel":"","context":"En \u00abMATERNIDAD\u00bb","block_context":{"text":"MATERNIDAD","link":"https:\/\/oui-oui.es\/blog\/category\/maternidad\/"},"img":{"alt_text":"","src":"https:\/\/i0.wp.com\/oui-oui.es\/blog\/wp-content\/uploads\/Oui-Oui-actividades-bebes-2-a%C3%B1os-llevar-un-perro-e1438898133537.jpg?resize=350%2C200&ssl=1","width":350,"height":200,"srcset":"https:\/\/i0.wp.com\/oui-oui.es\/blog\/wp-content\/uploads\/Oui-Oui-actividades-bebes-2-a%C3%B1os-llevar-un-perro-e1438898133537.jpg?resize=350%2C200&ssl=1 1x, https:\/\/i0.wp.com\/oui-oui.es\/blog\/wp-content\/uploads\/Oui-Oui-actividades-bebes-2-a%C3%B1os-llevar-un-perro-e1438898133537.jpg?resize=525%2C300&ssl=1 1.5x"},"classes":[]},{"id":2359,"url":"https:\/\/oui-oui.es\/blog\/un-trocito-de-verano-por-bonnet-a-pompon\/","url_meta":{"origin":4649,"position":5},"title":"Un trocito de verano por Bonnet \u00e0 Pompon","author":"Mar\u00eda \u2665Oui Oui\u2665","date":"20 mayo, 2015","format":false,"excerpt":"Otra de las marcas de ropa que me encantan para ni\u00f1os es Bonnet \u00e0 Pompon, tanto para beb\u00e9 como para cuando van creciendo, tiene un estilo inconfundible, m\u00e1s bien un estilazo. Los colores, las combinaciones de tejidos, el punto como protagonista y su aire afrancesado, aunque es puramente marca espa\u00f1ola,\u2026","rel":"","context":"En \u00abMATERNIDAD\u00bb","block_context":{"text":"MATERNIDAD","link":"https:\/\/oui-oui.es\/blog\/category\/maternidad\/"},"img":{"alt_text":"","src":"https:\/\/i0.wp.com\/oui-oui.es\/blog\/wp-content\/uploads\/2015\/05\/oui-oui-bonnet-a-pompon-2015-ropa-mona-bebes-verano-3.jpg?resize=350%2C200&ssl=1","width":350,"height":200,"srcset":"https:\/\/i0.wp.com\/oui-oui.es\/blog\/wp-content\/uploads\/2015\/05\/oui-oui-bonnet-a-pompon-2015-ropa-mona-bebes-verano-3.jpg?resize=350%2C200&ssl=1 1x, https:\/\/i0.wp.com\/oui-oui.es\/blog\/wp-content\/uploads\/2015\/05\/oui-oui-bonnet-a-pompon-2015-ropa-mona-bebes-verano-3.jpg?resize=525%2C300&ssl=1 1.5x, https:\/\/i0.wp.com\/oui-oui.es\/blog\/wp-content\/uploads\/2015\/05\/oui-oui-bonnet-a-pompon-2015-ropa-mona-bebes-verano-3.jpg?resize=700%2C400&ssl=1 2x"},"classes":[]}],"_links":{"self":[{"href":"https:\/\/oui-oui.es\/blog\/wp-json\/wp\/v2\/posts\/4649","targetHints":{"allow":["GET"]}}],"collection":[{"href":"https:\/\/oui-oui.es\/blog\/wp-json\/wp\/v2\/posts"}],"about":[{"href":"https:\/\/oui-oui.es\/blog\/wp-json\/wp\/v2\/types\/post"}],"author":[{"embeddable":true,"href":"https:\/\/oui-oui.es\/blog\/wp-json\/wp\/v2\/users\/1"}],"replies":[{"embeddable":true,"href":"https:\/\/oui-oui.es\/blog\/wp-json\/wp\/v2\/comments?post=4649"}],"version-history":[{"count":1,"href":"https:\/\/oui-oui.es\/blog\/wp-json\/wp\/v2\/posts\/4649\/revisions"}],"predecessor-version":[{"id":4658,"href":"https:\/\/oui-oui.es\/blog\/wp-json\/wp\/v2\/posts\/4649\/revisions\/4658"}],"wp:featuredmedia":[{"embeddable":true,"href":"https:\/\/oui-oui.es\/blog\/wp-json\/wp\/v2\/media\/4657"}],"wp:attachment":[{"href":"https:\/\/oui-oui.es\/blog\/wp-json\/wp\/v2\/media?parent=4649"}],"wp:term":[{"taxonomy":"category","embeddable":true,"href":"https:\/\/oui-oui.es\/blog\/wp-json\/wp\/v2\/categories?post=4649"},{"taxonomy":"post_tag","embeddable":true,"href":"https:\/\/oui-oui.es\/blog\/wp-json\/wp\/v2\/tags?post=4649"}],"curies":[{"name":"wp","href":"https:\/\/api.w.org\/{rel}","templated":true}]}}