{"id":4659,"date":"2016-07-14T00:15:50","date_gmt":"2016-07-13T22:15:50","guid":{"rendered":"https:\/\/oui-oui.es\/blog\/?p=4659"},"modified":"2016-07-12T12:05:40","modified_gmt":"2016-07-12T10:05:40","slug":"pequena-y-grande-una-coleccion-con-encanto","status":"publish","type":"post","link":"https:\/\/oui-oui.es\/blog\/pequena-y-grande-una-coleccion-con-encanto\/","title":{"rendered":"Peque\u00f1a y Grande, una colecci\u00f3n con encanto"},"content":{"rendered":"<p><a href=\"http:\/\/www.oui-oui.es\/detalles-decoracion-ninos-habitacion-pinterest\/1137-pequena-y-grande-coco-chanel.html\"><img loading=\"lazy\" decoding=\"async\" class=\"aligncenter size-large wp-image-4661\" src=\"https:\/\/oui-oui.es\/blog\/wp-content\/uploads\/2016\/07\/Oui-Oui-Peque\u00f1a-y-Grande-Coco-Chanel-1024x1024.jpg\" alt=\"Oui Oui-Peque\u00f1a y Grande Coco Chanel\" width=\"1024\" height=\"1024\" srcset=\"https:\/\/oui-oui.es\/blog\/wp-content\/uploads\/2016\/07\/Oui-Oui-Peque\u00f1a-y-Grande-Coco-Chanel-1024x1024.jpg 1024w, https:\/\/oui-oui.es\/blog\/wp-content\/uploads\/2016\/07\/Oui-Oui-Peque\u00f1a-y-Grande-Coco-Chanel-150x150.jpg 150w, https:\/\/oui-oui.es\/blog\/wp-content\/uploads\/2016\/07\/Oui-Oui-Peque\u00f1a-y-Grande-Coco-Chanel-300x300.jpg 300w, https:\/\/oui-oui.es\/blog\/wp-content\/uploads\/2016\/07\/Oui-Oui-Peque\u00f1a-y-Grande-Coco-Chanel-768x768.jpg 768w, https:\/\/oui-oui.es\/blog\/wp-content\/uploads\/2016\/07\/Oui-Oui-Peque\u00f1a-y-Grande-Coco-Chanel-600x600.jpg 600w\" sizes=\"auto, (max-width: 1024px) 100vw, 1024px\" \/><\/a><\/p>\n<p><strong>El verano es un momento ideal para leer<\/strong>, no solo los mayores que tenemos m\u00e1s tiempo sino tambi\u00e9n los peques, tanto a los que les encanta leer cuentos como a Mart\u00edn como a los que a\u00fan no les ha llamado,<strong> es un momento perfecto para introducirles nuevas historias, nuevos cuentos, nuevos momentos en los que leer<\/strong>&#8230;Cuando estamos de vacaciones siempre cae alg\u00fan cuento nuevo, porque tengo m\u00e1s tiempo para mirar por internet y porque me encanta recibir paquetes de compras online cuando estoy en otras casas, es como si te mandaran regalos \ud83d\ude09<\/p>\n<p>Hoy os presento la <a href=\"http:\/\/www.oui-oui.es\/buscar?controller=search&amp;orderby=position&amp;orderway=desc&amp;search-cat-select=0&amp;search_query=MUJERES&amp;submit_search=\" target=\"_blank\"><strong>colecci\u00f3n Peque\u00f1a y Grande<\/strong><\/a>, una colecci\u00f3n de cuentos con la que ni\u00f1os y ni\u00f1as descubrir\u00e1n qui\u00e9nes eran y qu\u00e9 lograron las m\u00e1s grandes mujeres de la historia contempor\u00e1nea. Dise\u00f1adoras, pintoras, aventureras, cient\u00edficas\u2026 Mujeres \u00fanicas y maravillosas de las que aprender y con las que identificarse.<\/p>\n<p><a href=\"http:\/\/www.oui-oui.es\/detalles-decoracion-ninos-habitacion-pinterest\/1138-pequena-y-grande-frida-kahlo.html\"><img loading=\"lazy\" decoding=\"async\" class=\"aligncenter size-large wp-image-4662\" src=\"https:\/\/oui-oui.es\/blog\/wp-content\/uploads\/2016\/07\/Oui-Oui-Peque\u00f1a-y-Grande-Frida-Kahlo-1024x1024.jpg\" alt=\"Oui Oui-Peque\u00f1a y Grande Frida Kahlo\" width=\"1024\" height=\"1024\" srcset=\"https:\/\/oui-oui.es\/blog\/wp-content\/uploads\/2016\/07\/Oui-Oui-Peque\u00f1a-y-Grande-Frida-Kahlo-1024x1024.jpg 1024w, https:\/\/oui-oui.es\/blog\/wp-content\/uploads\/2016\/07\/Oui-Oui-Peque\u00f1a-y-Grande-Frida-Kahlo-150x150.jpg 150w, https:\/\/oui-oui.es\/blog\/wp-content\/uploads\/2016\/07\/Oui-Oui-Peque\u00f1a-y-Grande-Frida-Kahlo-300x300.jpg 300w, https:\/\/oui-oui.es\/blog\/wp-content\/uploads\/2016\/07\/Oui-Oui-Peque\u00f1a-y-Grande-Frida-Kahlo-768x768.jpg 768w, https:\/\/oui-oui.es\/blog\/wp-content\/uploads\/2016\/07\/Oui-Oui-Peque\u00f1a-y-Grande-Frida-Kahlo-600x600.jpg 600w\" sizes=\"auto, (max-width: 1024px) 100vw, 1024px\" \/><\/a><\/p>\n<p>Todos escritos por <strong>Mar\u00eda Isabel S\u00e1nchez Vegara<\/strong> pero cada uno de ellos <strong>ilustrado por una artista diferente<\/strong>; los peques podr\u00e1n conocer la historia de <strong><a href=\"http:\/\/www.oui-oui.es\/detalles-decoracion-ninos-habitacion-pinterest\/1138-pequena-y-grande-frida-kahlo.html\" target=\"_blank\">Frida Kahlo<\/a>, <a href=\"http:\/\/www.oui-oui.es\/detalles-decoracion-ninos-habitacion-pinterest\/1137-pequena-y-grande-coco-chanel.html\" target=\"_blank\">Coco Chanel<\/a> o <a href=\"http:\/\/www.oui-oui.es\/detalles-decoracion-ninos-habitacion-pinterest\/1139-pequena-y-grande-audrey-hepburn.html\" target=\"_blank\">Audrey Hepburn<\/a><\/strong>, escrito para ni\u00f1os en rima, resulta muy ameno de leer y les proporciona un poquito de historia, en este caso de mujeres, que todos deber\u00edamos conocer.<\/p>\n<p><a href=\"http:\/\/www.oui-oui.es\/detalles-decoracion-ninos-habitacion-pinterest\/1139-pequena-y-grande-audrey-hepburn.html\"><img loading=\"lazy\" decoding=\"async\" class=\"aligncenter size-large wp-image-4660\" src=\"https:\/\/oui-oui.es\/blog\/wp-content\/uploads\/2016\/07\/Oui-Oui-Peque\u00f1a-y-Grande-Audrey-Hepburn-1024x1024.jpg\" alt=\"Oui Oui-Peque\u00f1a y Grande Audrey Hepburn\" width=\"1024\" height=\"1024\" srcset=\"https:\/\/oui-oui.es\/blog\/wp-content\/uploads\/2016\/07\/Oui-Oui-Peque\u00f1a-y-Grande-Audrey-Hepburn-1024x1024.jpg 1024w, https:\/\/oui-oui.es\/blog\/wp-content\/uploads\/2016\/07\/Oui-Oui-Peque\u00f1a-y-Grande-Audrey-Hepburn-150x150.jpg 150w, https:\/\/oui-oui.es\/blog\/wp-content\/uploads\/2016\/07\/Oui-Oui-Peque\u00f1a-y-Grande-Audrey-Hepburn-300x300.jpg 300w, https:\/\/oui-oui.es\/blog\/wp-content\/uploads\/2016\/07\/Oui-Oui-Peque\u00f1a-y-Grande-Audrey-Hepburn-768x768.jpg 768w, https:\/\/oui-oui.es\/blog\/wp-content\/uploads\/2016\/07\/Oui-Oui-Peque\u00f1a-y-Grande-Audrey-Hepburn-600x600.jpg 600w\" sizes=\"auto, (max-width: 1024px) 100vw, 1024px\" \/><\/a><\/p>\n<p>Por supuesto los tres t\u00edtulos se suben con nosotros a la sierra la semana que viene para leer despu\u00e9s de desayunar, en las siestas, o por la noche!<\/p>\n<p>Puedes comprar los tres t\u00edtulos <a href=\"http:\/\/www.oui-oui.es\/buscar?controller=search&amp;orderby=position&amp;orderway=desc&amp;search-cat-select=0&amp;search_query=MUJERES&amp;submit_search=\" target=\"_blank\"><strong>AQU\u00cd <\/strong><\/a><\/p>\n<p>\u00a1FELIZ LECTURA!<\/p>\n","protected":false},"excerpt":{"rendered":"<p>El verano es un momento ideal para leer, no solo los mayores que tenemos m\u00e1s tiempo sino tambi\u00e9n los peques, tanto a los que les encanta leer cuentos como a Mart\u00edn como a los que a\u00fan no les ha llamado, es un momento perfecto para introducirles nuevas historias, nuevos cuentos, nuevos momentos en los que [&hellip;]<\/p>\n","protected":false},"author":1,"featured_media":4661,"comment_status":"open","ping_status":"open","sticky":false,"template":"","format":"standard","meta":{"jetpack_post_was_ever_published":false,"_jetpack_newsletter_access":"","_jetpack_dont_email_post_to_subs":false,"_jetpack_newsletter_tier_id":0,"_jetpack_memberships_contains_paywalled_content":false,"_jetpack_memberships_contains_paid_content":false,"footnotes":"","jetpack_publicize_message":"","jetpack_publicize_feature_enabled":true,"jetpack_social_post_already_shared":true,"jetpack_social_options":{"image_generator_settings":{"template":"highway","default_image_id":0,"font":"","enabled":false},"version":2}},"categories":[174,18],"tags":[748],"class_list":["post-4659","post","type-post","status-publish","format-standard","has-post-thumbnail","hentry","category-ninos","category-regalos-originales-para-ninos","tag-libros"],"aioseo_notices":[],"jetpack_publicize_connections":[],"jetpack_featured_media_url":"https:\/\/oui-oui.es\/blog\/wp-content\/uploads\/2016\/07\/Oui-Oui-Peque\u00f1a-y-Grande-Coco-Chanel.jpg","jetpack_sharing_enabled":true,"jetpack-related-posts":[{"id":9561,"url":"https:\/\/oui-oui.es\/blog\/hoy-leemos\/","url_meta":{"origin":4659,"position":0},"title":"Hoy leemos","author":"Mar\u00eda \u2665Oui Oui\u2665","date":"21 enero, 2019","format":false,"excerpt":"Como seguro que conocer\u00e9is, hace unos a\u00f1os se empez\u00f3 a utilizar el #HoyLeemos en Instagram para recomendar lecturas infantiles, hoy ese # tiene casi 60.000 fotos, as\u00ed que resulta muy dif\u00edcil filtrar bien en \u00e9l. Pero yo sigo nutri\u00e9ndome mucho de las recomendaciones de libros que hacen otras personas en\u2026","rel":"","context":"En \u00abNI\u00d1OS Y NI\u00d1AS\u00bb","block_context":{"text":"NI\u00d1OS Y NI\u00d1AS","link":"https:\/\/oui-oui.es\/blog\/category\/ninos\/"},"img":{"alt_text":"","src":"https:\/\/i0.wp.com\/oui-oui.es\/blog\/wp-content\/uploads\/2019\/01\/Oui-Oui-hoy-leemos-me-gusta-leer-libros-para-ni%C3%B1os-6.jpg?resize=350%2C200&ssl=1","width":350,"height":200,"srcset":"https:\/\/i0.wp.com\/oui-oui.es\/blog\/wp-content\/uploads\/2019\/01\/Oui-Oui-hoy-leemos-me-gusta-leer-libros-para-ni%C3%B1os-6.jpg?resize=350%2C200&ssl=1 1x, https:\/\/i0.wp.com\/oui-oui.es\/blog\/wp-content\/uploads\/2019\/01\/Oui-Oui-hoy-leemos-me-gusta-leer-libros-para-ni%C3%B1os-6.jpg?resize=525%2C300&ssl=1 1.5x, https:\/\/i0.wp.com\/oui-oui.es\/blog\/wp-content\/uploads\/2019\/01\/Oui-Oui-hoy-leemos-me-gusta-leer-libros-para-ni%C3%B1os-6.jpg?resize=700%2C400&ssl=1 2x, https:\/\/i0.wp.com\/oui-oui.es\/blog\/wp-content\/uploads\/2019\/01\/Oui-Oui-hoy-leemos-me-gusta-leer-libros-para-ni%C3%B1os-6.jpg?resize=1050%2C600&ssl=1 3x, https:\/\/i0.wp.com\/oui-oui.es\/blog\/wp-content\/uploads\/2019\/01\/Oui-Oui-hoy-leemos-me-gusta-leer-libros-para-ni%C3%B1os-6.jpg?resize=1400%2C800&ssl=1 4x"},"classes":[]},{"id":4722,"url":"https:\/\/oui-oui.es\/blog\/aprender-a-leer-disfrutando\/","url_meta":{"origin":4659,"position":1},"title":"Aprender a leer disfrutando","author":"Mar\u00eda \u2665Oui Oui\u2665","date":"5 octubre, 2016","format":false,"excerpt":"Existen multitud de opiniones acerca del momento que un ni\u00f1o debe empezar a leer y escribir, sin entrar en ese debate (sobretodo porque no soy ninguna experta), mi opini\u00f3n y experiencia es que leer cuentos\u00a0 desde que son beb\u00e9s ayuda a fomentar el amor por la lectura y los cuentos,\u2026","rel":"","context":"En \u00abNI\u00d1OS Y NI\u00d1AS\u00bb","block_context":{"text":"NI\u00d1OS Y NI\u00d1AS","link":"https:\/\/oui-oui.es\/blog\/category\/ninos\/"},"img":{"alt_text":"","src":"https:\/\/i0.wp.com\/oui-oui.es\/blog\/wp-content\/uploads\/2016\/10\/Oui-Oui-leolandia-metodo-lectoescritura.jpeg?resize=350%2C200&ssl=1","width":350,"height":200,"srcset":"https:\/\/i0.wp.com\/oui-oui.es\/blog\/wp-content\/uploads\/2016\/10\/Oui-Oui-leolandia-metodo-lectoescritura.jpeg?resize=350%2C200&ssl=1 1x, https:\/\/i0.wp.com\/oui-oui.es\/blog\/wp-content\/uploads\/2016\/10\/Oui-Oui-leolandia-metodo-lectoescritura.jpeg?resize=525%2C300&ssl=1 1.5x, https:\/\/i0.wp.com\/oui-oui.es\/blog\/wp-content\/uploads\/2016\/10\/Oui-Oui-leolandia-metodo-lectoescritura.jpeg?resize=700%2C400&ssl=1 2x"},"classes":[]},{"id":9616,"url":"https:\/\/oui-oui.es\/blog\/en-enero-leimos\/","url_meta":{"origin":4659,"position":2},"title":"En enero le\u00edmos","author":"Mar\u00eda \u2665Oui Oui\u2665","date":"18 febrero, 2019","format":false,"excerpt":"Como os contaba hace unas semanas me he propuesto compartir en el blog las lecturas de casa, tanto de los ni\u00f1os como las m\u00edas, as\u00ed que cada mes compartir\u00e9 las del mes anterior. En Instagram voy subiendo al destacdo de Stories Hoy Leemos los cuentos de los ni\u00f1os y al\u2026","rel":"","context":"En \u00abD\u00eda de la Madre\u00bb","block_context":{"text":"D\u00eda de la Madre","link":"https:\/\/oui-oui.es\/blog\/category\/no-se-que-regalar\/dia-de-la-madre\/"},"img":{"alt_text":"","src":"https:\/\/i0.wp.com\/oui-oui.es\/blog\/wp-content\/uploads\/2019\/02\/Oui-Oui-hoy-leemos-recomendaciones-libros-infantil-1.jpg?resize=350%2C200&ssl=1","width":350,"height":200,"srcset":"https:\/\/i0.wp.com\/oui-oui.es\/blog\/wp-content\/uploads\/2019\/02\/Oui-Oui-hoy-leemos-recomendaciones-libros-infantil-1.jpg?resize=350%2C200&ssl=1 1x, https:\/\/i0.wp.com\/oui-oui.es\/blog\/wp-content\/uploads\/2019\/02\/Oui-Oui-hoy-leemos-recomendaciones-libros-infantil-1.jpg?resize=525%2C300&ssl=1 1.5x, https:\/\/i0.wp.com\/oui-oui.es\/blog\/wp-content\/uploads\/2019\/02\/Oui-Oui-hoy-leemos-recomendaciones-libros-infantil-1.jpg?resize=700%2C400&ssl=1 2x, https:\/\/i0.wp.com\/oui-oui.es\/blog\/wp-content\/uploads\/2019\/02\/Oui-Oui-hoy-leemos-recomendaciones-libros-infantil-1.jpg?resize=1050%2C600&ssl=1 3x, https:\/\/i0.wp.com\/oui-oui.es\/blog\/wp-content\/uploads\/2019\/02\/Oui-Oui-hoy-leemos-recomendaciones-libros-infantil-1.jpg?resize=1400%2C800&ssl=1 4x"},"classes":[]},{"id":10505,"url":"https:\/\/oui-oui.es\/blog\/los-cuentos-que-hemos-leido-ultimamente\/","url_meta":{"origin":4659,"position":3},"title":"Los cuentos que hemos le\u00eddo \u00faltimamente","author":"Mar\u00eda \u2665Oui Oui\u2665","date":"19 mayo, 2020","format":false,"excerpt":"Hace un a\u00f1o me propuse compartir en el blog los cuentos que le\u00edamos cada mes...Creo que escrib\u00ed dos post y ah\u00ed se qued\u00f3 la idea, si bien s\u00ed que comparto todas nuestras lecturas en Stories de mi cuenta de Instagram y ten\u00e9is sendos destacados HOY LEEMOS 1 y HOY LEEMOS\u2026","rel":"","context":"En \u00abEDUCACI\u00d3N\u00bb","block_context":{"text":"EDUCACI\u00d3N","link":"https:\/\/oui-oui.es\/blog\/category\/educacion\/"},"img":{"alt_text":"","src":"https:\/\/i0.wp.com\/oui-oui.es\/blog\/wp-content\/uploads\/2020\/05\/Oui-Oui-libros-recomendados-infantil-primaria-cuentos-para-ni%C3%B1os-cuatro-a%C3%B1os-cinco-a%C3%B1os-patio-editorial-tramintana-beascoa-daniela-pirata-1.jpg?resize=350%2C200&ssl=1","width":350,"height":200,"srcset":"https:\/\/i0.wp.com\/oui-oui.es\/blog\/wp-content\/uploads\/2020\/05\/Oui-Oui-libros-recomendados-infantil-primaria-cuentos-para-ni%C3%B1os-cuatro-a%C3%B1os-cinco-a%C3%B1os-patio-editorial-tramintana-beascoa-daniela-pirata-1.jpg?resize=350%2C200&ssl=1 1x, https:\/\/i0.wp.com\/oui-oui.es\/blog\/wp-content\/uploads\/2020\/05\/Oui-Oui-libros-recomendados-infantil-primaria-cuentos-para-ni%C3%B1os-cuatro-a%C3%B1os-cinco-a%C3%B1os-patio-editorial-tramintana-beascoa-daniela-pirata-1.jpg?resize=525%2C300&ssl=1 1.5x, https:\/\/i0.wp.com\/oui-oui.es\/blog\/wp-content\/uploads\/2020\/05\/Oui-Oui-libros-recomendados-infantil-primaria-cuentos-para-ni%C3%B1os-cuatro-a%C3%B1os-cinco-a%C3%B1os-patio-editorial-tramintana-beascoa-daniela-pirata-1.jpg?resize=700%2C400&ssl=1 2x, https:\/\/i0.wp.com\/oui-oui.es\/blog\/wp-content\/uploads\/2020\/05\/Oui-Oui-libros-recomendados-infantil-primaria-cuentos-para-ni%C3%B1os-cuatro-a%C3%B1os-cinco-a%C3%B1os-patio-editorial-tramintana-beascoa-daniela-pirata-1.jpg?resize=1050%2C600&ssl=1 3x, https:\/\/i0.wp.com\/oui-oui.es\/blog\/wp-content\/uploads\/2020\/05\/Oui-Oui-libros-recomendados-infantil-primaria-cuentos-para-ni%C3%B1os-cuatro-a%C3%B1os-cinco-a%C3%B1os-patio-editorial-tramintana-beascoa-daniela-pirata-1.jpg?resize=1400%2C800&ssl=1 4x"},"classes":[]},{"id":5476,"url":"https:\/\/oui-oui.es\/blog\/11-cuentos-de-igualdad-y-feminismo-para-ninos\/","url_meta":{"origin":4659,"position":4},"title":"11 cuentos de igualdad y feminismo para ni\u00f1os","author":"Mar\u00eda \u2665Oui Oui\u2665","date":"2 junio, 2017","format":false,"excerpt":"Cuando naci\u00f3 Mart\u00edn recuper\u00e9 de casa de mis padres algunos de mis cuentos favoritos de cuando era peque\u00f1a, estaba claro no iba a le\u00e9rselos de inmediato, pero ah\u00ed estaban en su habitaci\u00f3n, en lo alto de un estante para que no los cogiera y se rompieran. Sin embargo el otro\u2026","rel":"","context":"En \u00abNI\u00d1OS Y NI\u00d1AS\u00bb","block_context":{"text":"NI\u00d1OS Y NI\u00d1AS","link":"https:\/\/oui-oui.es\/blog\/category\/ninos\/"},"img":{"alt_text":"","src":"https:\/\/i0.wp.com\/oui-oui.es\/blog\/wp-content\/uploads\/2017\/06\/Oui-Oui-libros-igualdad-cuentos-igualdad-coleccion-peque%C3%B1a-y-grande-rosa-caramelo-historia-de-unos-bocadillos-1.jpg?resize=350%2C200&ssl=1","width":350,"height":200,"srcset":"https:\/\/i0.wp.com\/oui-oui.es\/blog\/wp-content\/uploads\/2017\/06\/Oui-Oui-libros-igualdad-cuentos-igualdad-coleccion-peque%C3%B1a-y-grande-rosa-caramelo-historia-de-unos-bocadillos-1.jpg?resize=350%2C200&ssl=1 1x, https:\/\/i0.wp.com\/oui-oui.es\/blog\/wp-content\/uploads\/2017\/06\/Oui-Oui-libros-igualdad-cuentos-igualdad-coleccion-peque%C3%B1a-y-grande-rosa-caramelo-historia-de-unos-bocadillos-1.jpg?resize=525%2C300&ssl=1 1.5x, https:\/\/i0.wp.com\/oui-oui.es\/blog\/wp-content\/uploads\/2017\/06\/Oui-Oui-libros-igualdad-cuentos-igualdad-coleccion-peque%C3%B1a-y-grande-rosa-caramelo-historia-de-unos-bocadillos-1.jpg?resize=700%2C400&ssl=1 2x, https:\/\/i0.wp.com\/oui-oui.es\/blog\/wp-content\/uploads\/2017\/06\/Oui-Oui-libros-igualdad-cuentos-igualdad-coleccion-peque%C3%B1a-y-grande-rosa-caramelo-historia-de-unos-bocadillos-1.jpg?resize=1050%2C600&ssl=1 3x, https:\/\/i0.wp.com\/oui-oui.es\/blog\/wp-content\/uploads\/2017\/06\/Oui-Oui-libros-igualdad-cuentos-igualdad-coleccion-peque%C3%B1a-y-grande-rosa-caramelo-historia-de-unos-bocadillos-1.jpg?resize=1400%2C800&ssl=1 4x"},"classes":[]},{"id":10754,"url":"https:\/\/oui-oui.es\/blog\/mi-primer-libro-cuentos-para-educar-sin-estereotipos\/","url_meta":{"origin":4659,"position":5},"title":"\u00a1Mi primer libro! Cuentos para Educar sin Estereotipos","author":"Mar\u00eda \u2665Oui Oui\u2665","date":"31 marzo, 2022","format":false,"excerpt":"Cuentos para educar sin estereotipos es el primer libro infantil escrito por Mar\u00eda Oui Oui con el firme pro\u00f3sito de conseguir una infancia libre que construya una sociedad igualitaria","rel":"","context":"En \u00abEDUCACI\u00d3N\u00bb","block_context":{"text":"EDUCACI\u00d3N","link":"https:\/\/oui-oui.es\/blog\/category\/educacion\/"},"img":{"alt_text":"","src":"https:\/\/i0.wp.com\/oui-oui.es\/blog\/wp-content\/uploads\/2022\/03\/Oui-Oui-Cuentos-Educar-sin-Estereotipos-Maria-Gijon-Penguis-Random-House-8-scaled.jpg?resize=350%2C200&ssl=1","width":350,"height":200,"srcset":"https:\/\/i0.wp.com\/oui-oui.es\/blog\/wp-content\/uploads\/2022\/03\/Oui-Oui-Cuentos-Educar-sin-Estereotipos-Maria-Gijon-Penguis-Random-House-8-scaled.jpg?resize=350%2C200&ssl=1 1x, https:\/\/i0.wp.com\/oui-oui.es\/blog\/wp-content\/uploads\/2022\/03\/Oui-Oui-Cuentos-Educar-sin-Estereotipos-Maria-Gijon-Penguis-Random-House-8-scaled.jpg?resize=525%2C300&ssl=1 1.5x, https:\/\/i0.wp.com\/oui-oui.es\/blog\/wp-content\/uploads\/2022\/03\/Oui-Oui-Cuentos-Educar-sin-Estereotipos-Maria-Gijon-Penguis-Random-House-8-scaled.jpg?resize=700%2C400&ssl=1 2x, https:\/\/i0.wp.com\/oui-oui.es\/blog\/wp-content\/uploads\/2022\/03\/Oui-Oui-Cuentos-Educar-sin-Estereotipos-Maria-Gijon-Penguis-Random-House-8-scaled.jpg?resize=1050%2C600&ssl=1 3x, https:\/\/i0.wp.com\/oui-oui.es\/blog\/wp-content\/uploads\/2022\/03\/Oui-Oui-Cuentos-Educar-sin-Estereotipos-Maria-Gijon-Penguis-Random-House-8-scaled.jpg?resize=1400%2C800&ssl=1 4x"},"classes":[]}],"_links":{"self":[{"href":"https:\/\/oui-oui.es\/blog\/wp-json\/wp\/v2\/posts\/4659","targetHints":{"allow":["GET"]}}],"collection":[{"href":"https:\/\/oui-oui.es\/blog\/wp-json\/wp\/v2\/posts"}],"about":[{"href":"https:\/\/oui-oui.es\/blog\/wp-json\/wp\/v2\/types\/post"}],"author":[{"embeddable":true,"href":"https:\/\/oui-oui.es\/blog\/wp-json\/wp\/v2\/users\/1"}],"replies":[{"embeddable":true,"href":"https:\/\/oui-oui.es\/blog\/wp-json\/wp\/v2\/comments?post=4659"}],"version-history":[{"count":1,"href":"https:\/\/oui-oui.es\/blog\/wp-json\/wp\/v2\/posts\/4659\/revisions"}],"predecessor-version":[{"id":4663,"href":"https:\/\/oui-oui.es\/blog\/wp-json\/wp\/v2\/posts\/4659\/revisions\/4663"}],"wp:featuredmedia":[{"embeddable":true,"href":"https:\/\/oui-oui.es\/blog\/wp-json\/wp\/v2\/media\/4661"}],"wp:attachment":[{"href":"https:\/\/oui-oui.es\/blog\/wp-json\/wp\/v2\/media?parent=4659"}],"wp:term":[{"taxonomy":"category","embeddable":true,"href":"https:\/\/oui-oui.es\/blog\/wp-json\/wp\/v2\/categories?post=4659"},{"taxonomy":"post_tag","embeddable":true,"href":"https:\/\/oui-oui.es\/blog\/wp-json\/wp\/v2\/tags?post=4659"}],"curies":[{"name":"wp","href":"https:\/\/api.w.org\/{rel}","templated":true}]}}