{"id":4676,"date":"2016-07-18T00:15:44","date_gmt":"2016-07-17T22:15:44","guid":{"rendered":"https:\/\/oui-oui.es\/blog\/?p=4676"},"modified":"2016-07-19T11:56:20","modified_gmt":"2016-07-19T09:56:20","slug":"los-dos-correcaminos-mas-chulos","status":"publish","type":"post","link":"https:\/\/oui-oui.es\/blog\/los-dos-correcaminos-mas-chulos\/","title":{"rendered":"Los dos correcaminos m\u00e1s chulos"},"content":{"rendered":"<p>\u00bfSabes lo que es una <strong>bici corre caminos<\/strong>?, pues se trata de una <strong>bici sin pedales<\/strong>, recomendada para que los ni\u00f1os desarrollen su destreza antes de pasar a la bici de mayores y, en la mayor\u00eda de los casos, no haga falta que pasen por el paso de los ruedines. Nosotros ten\u00edamos vista una hace tiempo pero me alegro de no haberla comprado antes porque creo que ahora (con 2 a\u00f1os y 10 meses) ha sido el momento perfecto (pod\u00eda haber sido un poco antes, pero quer\u00edamos que aprovechara un poco m\u00e1s el patinete).<\/p>\n<p>Con la excusa de que <strong>acababa el curso<\/strong> (me encanta la rutina de hacer un regalo de fin de curso) y, sobretodo, de que estaba con los abuelos en el pueblo, quisimos <strong>sorprender a Mart\u00edn con una bici sin pedales<\/strong>, el caso es que vi una <strong>bici mint, de estilo retro ingl\u00e9s y con cestita<\/strong> que me chifl\u00f3, pero no la encontr\u00e9 a tiempo para llev\u00e1rnosla al pueblo, as\u00ed que compr\u00e9 otra bici que ten\u00eda vista que, por precio y funciones es perfecta, se trata de la <a href=\"https:\/\/www.amazon.es\/Chicco-First-Bike-Bicicleta-regulable\/dp\/B004MW55Z2\/?tag=ouou-21\" target=\"_blank\"><strong>bici corre caminos de Chicco<\/strong><\/a>, roja, con una altura perfecta para un ni\u00f1o de casi 3 a\u00f1os (la bici se puede usar desde los dos) y con un precio inigualable&#8230;30\u20ac (puedes comprarla <a href=\"https:\/\/www.amazon.es\/Chicco-First-Bike-Bicicleta-regulable\/dp\/B004MW55Z2\/?tag=ouou-21\" target=\"_blank\">AQU\u00cd<\/a>)<\/p>\n<p><img loading=\"lazy\" decoding=\"async\" class=\"aligncenter size-full wp-image-4680\" src=\"https:\/\/oui-oui.es\/blog\/wp-content\/uploads\/2016\/07\/Oui-Oui-bici-sin-pedales-chicco-bici-corre-caminos-2-a\u00f1os.png\" alt=\"Oui Oui-bici sin pedales chicco-bici corre caminos-2 a\u00f1os\" width=\"600\" height=\"400\" srcset=\"https:\/\/oui-oui.es\/blog\/wp-content\/uploads\/2016\/07\/Oui-Oui-bici-sin-pedales-chicco-bici-corre-caminos-2-a\u00f1os.png 600w, https:\/\/oui-oui.es\/blog\/wp-content\/uploads\/2016\/07\/Oui-Oui-bici-sin-pedales-chicco-bici-corre-caminos-2-a\u00f1os-300x200.png 300w\" sizes=\"auto, (max-width: 600px) 100vw, 600px\" \/><\/p>\n<p>&nbsp;<\/p>\n<p><strong>Esa bici est\u00e1 genial y su precio no tiene competencia<\/strong>, pero claro, no era la mint que me encantaba&#8230;Como una es de naturaleza caprichosa, a la semana siguiente, de repente <strong>encontr\u00e9 la bici mint con cestita<\/strong> por internet, y no pude resistirme&#8230;As\u00ed que all\u00ed aparecimos en el pueblo con otra bici nueva, Mart\u00edn encantado (aunque \u00e9sta es un pel\u00edn m\u00e1s alta, yo la recomendar\u00eda a partir de los 3 a\u00f1os, m\u00ednimo) y nosotros pensando en c\u00f3mo enfocarlo para que no se acostubre a recibir tantos regalos, as\u00ed que decidimos dejar una bici en casa de unos abuelos y la otra en la casa de los otros, de forma que \u00e9l las asocie a dos momentos diferentes y no tanto a tener dos bicis, que al fin y al cabo la caprichosa soy yo&#8230;<\/p>\n<p>&nbsp;<\/p>\n<p><img loading=\"lazy\" decoding=\"async\" class=\"aligncenter size-large wp-image-4679\" src=\"https:\/\/oui-oui.es\/blog\/wp-content\/uploads\/2016\/07\/Oui-Oui-bici-sin-pedales-vintage-mint-bici-corre-caminos-2-a\u00f1os-e1468921357264-1024x1024.jpg\" alt=\"Oui Oui-bici sin pedales vintage mint-bici corre caminos 2 a\u00f1os\" width=\"1024\" height=\"1024\" srcset=\"https:\/\/oui-oui.es\/blog\/wp-content\/uploads\/2016\/07\/Oui-Oui-bici-sin-pedales-vintage-mint-bici-corre-caminos-2-a\u00f1os-e1468921357264-1024x1024.jpg 1024w, https:\/\/oui-oui.es\/blog\/wp-content\/uploads\/2016\/07\/Oui-Oui-bici-sin-pedales-vintage-mint-bici-corre-caminos-2-a\u00f1os-e1468921357264-150x150.jpg 150w, https:\/\/oui-oui.es\/blog\/wp-content\/uploads\/2016\/07\/Oui-Oui-bici-sin-pedales-vintage-mint-bici-corre-caminos-2-a\u00f1os-e1468921357264-300x300.jpg 300w, https:\/\/oui-oui.es\/blog\/wp-content\/uploads\/2016\/07\/Oui-Oui-bici-sin-pedales-vintage-mint-bici-corre-caminos-2-a\u00f1os-e1468921357264-768x768.jpg 768w, https:\/\/oui-oui.es\/blog\/wp-content\/uploads\/2016\/07\/Oui-Oui-bici-sin-pedales-vintage-mint-bici-corre-caminos-2-a\u00f1os-e1468921357264-600x600.jpg 600w\" sizes=\"auto, (max-width: 1024px) 100vw, 1024px\" \/><\/p>\n<p><img loading=\"lazy\" decoding=\"async\" class=\"aligncenter size-large wp-image-4678\" src=\"https:\/\/oui-oui.es\/blog\/wp-content\/uploads\/2016\/07\/Oui-Oui-bici-sin-pedales-vintage-mint-bici-corre-caminos-2-a\u00f1os-bobbin-bicycles-e1468712026403-1024x1024.jpg\" alt=\"Oui Oui-bici sin pedales vintage mint-bici corre caminos 2 a\u00f1os-bobbin bicycles\" width=\"1024\" height=\"1024\" srcset=\"https:\/\/oui-oui.es\/blog\/wp-content\/uploads\/2016\/07\/Oui-Oui-bici-sin-pedales-vintage-mint-bici-corre-caminos-2-a\u00f1os-bobbin-bicycles-e1468712026403-1024x1024.jpg 1024w, https:\/\/oui-oui.es\/blog\/wp-content\/uploads\/2016\/07\/Oui-Oui-bici-sin-pedales-vintage-mint-bici-corre-caminos-2-a\u00f1os-bobbin-bicycles-e1468712026403-150x150.jpg 150w, https:\/\/oui-oui.es\/blog\/wp-content\/uploads\/2016\/07\/Oui-Oui-bici-sin-pedales-vintage-mint-bici-corre-caminos-2-a\u00f1os-bobbin-bicycles-e1468712026403-300x300.jpg 300w, https:\/\/oui-oui.es\/blog\/wp-content\/uploads\/2016\/07\/Oui-Oui-bici-sin-pedales-vintage-mint-bici-corre-caminos-2-a\u00f1os-bobbin-bicycles-e1468712026403-768x768.jpg 768w, https:\/\/oui-oui.es\/blog\/wp-content\/uploads\/2016\/07\/Oui-Oui-bici-sin-pedales-vintage-mint-bici-corre-caminos-2-a\u00f1os-bobbin-bicycles-e1468712026403-600x600.jpg 600w\" sizes=\"auto, (max-width: 1024px) 100vw, 1024px\" \/><\/p>\n<p>&nbsp;<\/p>\n<p>Contaba todo \u00e9sto para ayudaros <strong>si est\u00e1is buscando una bici sin pedales<\/strong>; el precio medio de las que vi (Imaginarium, Dideco, tiendas de bicis&#8230;) es de 100\u20ac, as\u00ed que creo que estas dos son las mejores opciones:<\/p>\n<p><strong>A)<\/strong> La bici sin pedales roja de Chicco por su calidad-precio, s\u00f3lo cuesta 29.95\u20ac (puedes comprarla <strong><a href=\"https:\/\/www.amazon.es\/Chicco-First-Bike-Bicicleta-regulable\/dp\/B004MW55Z2\/?tag=ouou-21\" target=\"_blank\">AQU\u00cd<\/a><\/strong>)<\/p>\n<p><strong>B) <\/strong>La bici sin pedales de estilo vintage, mint y con cestita, de <strong>Bobbin Bicycles<\/strong>, ideal pero que cuesta 155\u20ac<\/p>\n<p>Creo que una buena evoluci\u00f3n es tener un correpasillos con 1 a\u00f1os aprox, un patinete con 2 a\u00f1os y una bici sin pedales con 3, \u00bfqu\u00e9 os parece? \u00bflo hab\u00e9is hecho as\u00ed o de otra forma?<\/p>\n","protected":false},"excerpt":{"rendered":"<p>\u00bfSabes lo que es una bici corre caminos?, pues se trata de una bici sin pedales, recomendada para que los ni\u00f1os desarrollen su destreza antes de pasar a la bici de mayores y, en la mayor\u00eda de los casos, no haga falta que pasen por el paso de los ruedines. Nosotros ten\u00edamos vista una hace [&hellip;]<\/p>\n","protected":false},"author":1,"featured_media":4679,"comment_status":"open","ping_status":"open","sticky":false,"template":"","format":"standard","meta":{"jetpack_post_was_ever_published":false,"_jetpack_newsletter_access":"","_jetpack_dont_email_post_to_subs":false,"_jetpack_newsletter_tier_id":0,"_jetpack_memberships_contains_paywalled_content":false,"_jetpack_memberships_contains_paid_content":false,"footnotes":"","jetpack_publicize_message":"","jetpack_publicize_feature_enabled":true,"jetpack_social_post_already_shared":true,"jetpack_social_options":{"image_generator_settings":{"template":"highway","default_image_id":0,"font":"","enabled":false},"version":2}},"categories":[174,18],"tags":[700,774],"class_list":["post-4676","post","type-post","status-publish","format-standard","has-post-thumbnail","hentry","category-ninos","category-regalos-originales-para-ninos","tag-compras-bebe","tag-juegos-y-juguetes"],"aioseo_notices":[],"jetpack_publicize_connections":[],"jetpack_featured_media_url":"https:\/\/oui-oui.es\/blog\/wp-content\/uploads\/2016\/07\/Oui-Oui-bici-sin-pedales-vintage-mint-bici-corre-caminos-2-a\u00f1os-e1468921357264.jpg","jetpack_sharing_enabled":true,"jetpack-related-posts":[{"id":2263,"url":"https:\/\/oui-oui.es\/blog\/de-lo-bonito-de-montar-en-bici-con-tu-hijo-weeride-spain\/","url_meta":{"origin":4676,"position":0},"title":"De lo bonito de montar en bici con tu hijo: Weeride Spain","author":"Mar\u00eda \u2665Oui Oui\u2665","date":"5 mayo, 2015","format":false,"excerpt":"El verano pasado me regalaron una silla de bici para beb\u00e9, por entonces Mart\u00edn cumpl\u00eda 9 meses y coincid\u00eda que hab\u00eda una carrera cicloturista en la que participamos todos los a\u00f1os, as\u00ed que no lo pens\u00e9 y aprovech\u00e9 para estrenarla ese fin de semana...Desde entonces ten\u00eda ganas de compartir la\u2026","rel":"","context":"En \u00abMATERNIDAD\u00bb","block_context":{"text":"MATERNIDAD","link":"https:\/\/oui-oui.es\/blog\/category\/maternidad\/"},"img":{"alt_text":"","src":"https:\/\/i0.wp.com\/oui-oui.es\/blog\/wp-content\/uploads\/2015\/05\/oui-oui-weeride-silla-llevar-bebe-en-bici-silla-delantera-bebe-bici-cesta.jpg?resize=350%2C200&ssl=1","width":350,"height":200},"classes":[]},{"id":9150,"url":"https:\/\/oui-oui.es\/blog\/los-flecos-para-el-patinete\/","url_meta":{"origin":4676,"position":1},"title":"Los flecos para el patinete","author":"Mar\u00eda \u2665Oui Oui\u2665","date":"15 junio, 2018","format":false,"excerpt":"Desde que vi en Par\u00eds los flecos de patinete no par\u00e9 hasta conseguir traerlos a la tienda, es una de las cosas que m\u00e1s me gusta de mi trabajo, ver un producto y rastrear medio mundo hasta encontrar el proveedor o distribuidor... Los flecos para el patinete son el t\u00edpico\u2026","rel":"","context":"En \u00abNI\u00d1OS Y NI\u00d1AS\u00bb","block_context":{"text":"NI\u00d1OS Y NI\u00d1AS","link":"https:\/\/oui-oui.es\/blog\/category\/ninos\/"},"img":{"alt_text":"","src":"https:\/\/i0.wp.com\/oui-oui.es\/blog\/wp-content\/uploads\/2018\/06\/Oui-Oui-bolso-cesta-pesca-cestita-patinete-cestas-olli-ella-cesta-bici-mimbre.jpg?resize=350%2C200&ssl=1","width":350,"height":200,"srcset":"https:\/\/i0.wp.com\/oui-oui.es\/blog\/wp-content\/uploads\/2018\/06\/Oui-Oui-bolso-cesta-pesca-cestita-patinete-cestas-olli-ella-cesta-bici-mimbre.jpg?resize=350%2C200&ssl=1 1x, https:\/\/i0.wp.com\/oui-oui.es\/blog\/wp-content\/uploads\/2018\/06\/Oui-Oui-bolso-cesta-pesca-cestita-patinete-cestas-olli-ella-cesta-bici-mimbre.jpg?resize=525%2C300&ssl=1 1.5x, https:\/\/i0.wp.com\/oui-oui.es\/blog\/wp-content\/uploads\/2018\/06\/Oui-Oui-bolso-cesta-pesca-cestita-patinete-cestas-olli-ella-cesta-bici-mimbre.jpg?resize=700%2C400&ssl=1 2x, https:\/\/i0.wp.com\/oui-oui.es\/blog\/wp-content\/uploads\/2018\/06\/Oui-Oui-bolso-cesta-pesca-cestita-patinete-cestas-olli-ella-cesta-bici-mimbre.jpg?resize=1050%2C600&ssl=1 3x"},"classes":[]},{"id":10535,"url":"https:\/\/oui-oui.es\/blog\/novedades-en-la-tienda-de-oui-oui\/","url_meta":{"origin":4676,"position":2},"title":"Novedades en la tienda de Oui Oui","author":"Mar\u00eda \u2665Oui Oui\u2665","date":"23 junio, 2020","format":false,"excerpt":"El otro d\u00eda me dec\u00eda mi t\u00eda que por qu\u00e9 ya no sub\u00eda las novedades de la tienda al Blog, que ella no tiene Instagram y le gustaba cuando le llegaban las novedades al mail...Pues dicho y hecho! aunque lo perfecto ser\u00eda volver a enviar una Newsletter, lo cierto es\u2026","rel":"","context":"En \u00abCASA\u00bb","block_context":{"text":"CASA","link":"https:\/\/oui-oui.es\/blog\/category\/hogar-dulce-hogar\/"},"img":{"alt_text":"","src":"https:\/\/i0.wp.com\/oui-oui.es\/blog\/wp-content\/uploads\/2020\/06\/oui-oui-cesta-mosey-olli-ella-cesta-para-recoger-flores-huevos-cesta-regalo-5.jpg?resize=350%2C200&ssl=1","width":350,"height":200,"srcset":"https:\/\/i0.wp.com\/oui-oui.es\/blog\/wp-content\/uploads\/2020\/06\/oui-oui-cesta-mosey-olli-ella-cesta-para-recoger-flores-huevos-cesta-regalo-5.jpg?resize=350%2C200&ssl=1 1x, https:\/\/i0.wp.com\/oui-oui.es\/blog\/wp-content\/uploads\/2020\/06\/oui-oui-cesta-mosey-olli-ella-cesta-para-recoger-flores-huevos-cesta-regalo-5.jpg?resize=525%2C300&ssl=1 1.5x, https:\/\/i0.wp.com\/oui-oui.es\/blog\/wp-content\/uploads\/2020\/06\/oui-oui-cesta-mosey-olli-ella-cesta-para-recoger-flores-huevos-cesta-regalo-5.jpg?resize=700%2C400&ssl=1 2x, https:\/\/i0.wp.com\/oui-oui.es\/blog\/wp-content\/uploads\/2020\/06\/oui-oui-cesta-mosey-olli-ella-cesta-para-recoger-flores-huevos-cesta-regalo-5.jpg?resize=1050%2C600&ssl=1 3x, https:\/\/i0.wp.com\/oui-oui.es\/blog\/wp-content\/uploads\/2020\/06\/oui-oui-cesta-mosey-olli-ella-cesta-para-recoger-flores-huevos-cesta-regalo-5.jpg?resize=1400%2C800&ssl=1 4x"},"classes":[]},{"id":1589,"url":"https:\/\/oui-oui.es\/blog\/querido-martin\/","url_meta":{"origin":4676,"position":3},"title":"Querido Mart\u00edn","author":"Mar\u00eda \u2665Oui Oui\u2665","date":"12 septiembre, 2014","format":false,"excerpt":"Hace un a\u00f1o vivimos la experiencia m\u00e1s incre\u00edble de nuestras vidas, despu\u00e9s de dos d\u00edas duros intentando que salieras, viniste al mundo de madrugada. Nada m\u00e1s salir te acercaron a mi, y recuerdo los mil besos que te di antes de que te llevaran con pap\u00e1 para que te diera\u2026","rel":"","context":"En \u00abNI\u00d1OS Y NI\u00d1AS\u00bb","block_context":{"text":"NI\u00d1OS Y NI\u00d1AS","link":"https:\/\/oui-oui.es\/blog\/category\/ninos\/"},"img":{"alt_text":"","src":"https:\/\/i0.wp.com\/oui-oui.es\/blog\/wp-content\/uploads\/2014\/09\/primera-foto-de-martc3adn1.jpg?resize=350%2C200&ssl=1","width":350,"height":200},"classes":[]},{"id":4546,"url":"https:\/\/oui-oui.es\/blog\/las-puertas-del-ratoncito-de-junio\/","url_meta":{"origin":4676,"position":4},"title":"Las puertas del ratoncito de junio","author":"Mar\u00eda \u2665Oui Oui\u2665","date":"28 junio, 2016","format":false,"excerpt":"\u00a0 Con junio lleg\u00f3 el calor, las terracitas y la vida al aire libre, el ratoncito P\u00e9rez no pod\u00eda ser menos y hemos tra\u00eddo un mont\u00f3n de complementos nuevos para hacerle m\u00e1s fresca y alegre la visita a casa; una planta, una bici (por si quiere moverse en ella entre\u2026","rel":"","context":"En \u00abPUERTAS RATONCITO P\u00c9REZ\u00bb","block_context":{"text":"PUERTAS RATONCITO P\u00c9REZ","link":"https:\/\/oui-oui.es\/blog\/category\/puertas-para-el-ratoncito-perez\/"},"img":{"alt_text":"","src":"https:\/\/i0.wp.com\/oui-oui.es\/blog\/wp-content\/uploads\/2016\/06\/Oui-Oui-puertas-ratoncito-p%C3%A9rez-ratoncitos-maileg-mint.jpg?resize=350%2C200&ssl=1","width":350,"height":200,"srcset":"https:\/\/i0.wp.com\/oui-oui.es\/blog\/wp-content\/uploads\/2016\/06\/Oui-Oui-puertas-ratoncito-p%C3%A9rez-ratoncitos-maileg-mint.jpg?resize=350%2C200&ssl=1 1x, https:\/\/i0.wp.com\/oui-oui.es\/blog\/wp-content\/uploads\/2016\/06\/Oui-Oui-puertas-ratoncito-p%C3%A9rez-ratoncitos-maileg-mint.jpg?resize=525%2C300&ssl=1 1.5x, https:\/\/i0.wp.com\/oui-oui.es\/blog\/wp-content\/uploads\/2016\/06\/Oui-Oui-puertas-ratoncito-p%C3%A9rez-ratoncitos-maileg-mint.jpg?resize=700%2C400&ssl=1 2x, https:\/\/i0.wp.com\/oui-oui.es\/blog\/wp-content\/uploads\/2016\/06\/Oui-Oui-puertas-ratoncito-p%C3%A9rez-ratoncitos-maileg-mint.jpg?resize=1050%2C600&ssl=1 3x, https:\/\/i0.wp.com\/oui-oui.es\/blog\/wp-content\/uploads\/2016\/06\/Oui-Oui-puertas-ratoncito-p%C3%A9rez-ratoncitos-maileg-mint.jpg?resize=1400%2C800&ssl=1 4x"},"classes":[]},{"id":8769,"url":"https:\/\/oui-oui.es\/blog\/este-finde-kids-up-christmas-os-esperamos\/","url_meta":{"origin":4676,"position":5},"title":"Este finde \u00a1Kids UP Christmas! Os esperamos","author":"Mar\u00eda \u2665Oui Oui\u2665","date":"14 diciembre, 2017","format":false,"excerpt":"Queda poco m\u00e1s de una semana para Navidad y la mayor\u00eda de nosotros a\u00fan no tenemos ni la mitad de los regalos, queremos hacer algo especial pero nos falta tiempo...Pues te propongo un plan para este finde \u00a1vuelve nuestra pop up infantil! KIDS UP CHRISTMAS. Un espacio, 10 marcas y\u2026","rel":"","context":"En \u00abNI\u00d1OS Y NI\u00d1AS\u00bb","block_context":{"text":"NI\u00d1OS Y NI\u00d1AS","link":"https:\/\/oui-oui.es\/blog\/category\/ninos\/"},"img":{"alt_text":"","src":"https:\/\/i0.wp.com\/oui-oui.es\/blog\/wp-content\/uploads\/2017\/12\/Oui-Oui-puerta-ratoncito-navidad-puertas-ratoncito-perez-marta-machin.jpg?resize=350%2C200&ssl=1","width":350,"height":200,"srcset":"https:\/\/i0.wp.com\/oui-oui.es\/blog\/wp-content\/uploads\/2017\/12\/Oui-Oui-puerta-ratoncito-navidad-puertas-ratoncito-perez-marta-machin.jpg?resize=350%2C200&ssl=1 1x, https:\/\/i0.wp.com\/oui-oui.es\/blog\/wp-content\/uploads\/2017\/12\/Oui-Oui-puerta-ratoncito-navidad-puertas-ratoncito-perez-marta-machin.jpg?resize=525%2C300&ssl=1 1.5x, https:\/\/i0.wp.com\/oui-oui.es\/blog\/wp-content\/uploads\/2017\/12\/Oui-Oui-puerta-ratoncito-navidad-puertas-ratoncito-perez-marta-machin.jpg?resize=700%2C400&ssl=1 2x, https:\/\/i0.wp.com\/oui-oui.es\/blog\/wp-content\/uploads\/2017\/12\/Oui-Oui-puerta-ratoncito-navidad-puertas-ratoncito-perez-marta-machin.jpg?resize=1050%2C600&ssl=1 3x, https:\/\/i0.wp.com\/oui-oui.es\/blog\/wp-content\/uploads\/2017\/12\/Oui-Oui-puerta-ratoncito-navidad-puertas-ratoncito-perez-marta-machin.jpg?resize=1400%2C800&ssl=1 4x"},"classes":[]}],"_links":{"self":[{"href":"https:\/\/oui-oui.es\/blog\/wp-json\/wp\/v2\/posts\/4676","targetHints":{"allow":["GET"]}}],"collection":[{"href":"https:\/\/oui-oui.es\/blog\/wp-json\/wp\/v2\/posts"}],"about":[{"href":"https:\/\/oui-oui.es\/blog\/wp-json\/wp\/v2\/types\/post"}],"author":[{"embeddable":true,"href":"https:\/\/oui-oui.es\/blog\/wp-json\/wp\/v2\/users\/1"}],"replies":[{"embeddable":true,"href":"https:\/\/oui-oui.es\/blog\/wp-json\/wp\/v2\/comments?post=4676"}],"version-history":[{"count":4,"href":"https:\/\/oui-oui.es\/blog\/wp-json\/wp\/v2\/posts\/4676\/revisions"}],"predecessor-version":[{"id":4691,"href":"https:\/\/oui-oui.es\/blog\/wp-json\/wp\/v2\/posts\/4676\/revisions\/4691"}],"wp:featuredmedia":[{"embeddable":true,"href":"https:\/\/oui-oui.es\/blog\/wp-json\/wp\/v2\/media\/4679"}],"wp:attachment":[{"href":"https:\/\/oui-oui.es\/blog\/wp-json\/wp\/v2\/media?parent=4676"}],"wp:term":[{"taxonomy":"category","embeddable":true,"href":"https:\/\/oui-oui.es\/blog\/wp-json\/wp\/v2\/categories?post=4676"},{"taxonomy":"post_tag","embeddable":true,"href":"https:\/\/oui-oui.es\/blog\/wp-json\/wp\/v2\/tags?post=4676"}],"curies":[{"name":"wp","href":"https:\/\/api.w.org\/{rel}","templated":true}]}}