{"id":4701,"date":"2016-08-23T01:54:53","date_gmt":"2016-08-22T23:54:53","guid":{"rendered":"https:\/\/oui-oui.es\/blog\/?p=4701"},"modified":"2016-08-23T01:54:53","modified_gmt":"2016-08-22T23:54:53","slug":"el-parasol-de-carrito-que-querras-tener","status":"publish","type":"post","link":"https:\/\/oui-oui.es\/blog\/el-parasol-de-carrito-que-querras-tener\/","title":{"rendered":"El parasol de carrito que querr\u00e1s tener"},"content":{"rendered":"<p><a href=\"http:\/\/amzn.to\/2bxNqah\"><img loading=\"lazy\" decoding=\"async\" class=\"aligncenter size-large wp-image-4702\" src=\"https:\/\/oui-oui.es\/blog\/wp-content\/uploads\/2016\/08\/Oui-Oui-dooky-baby-paraol-cochecito-bebe-quitar-sol-carrito-bebe-1024x864.jpg\" alt=\"Oui Oui-dooky baby-paraol cochecito bebe-quitar sol carrito bebe\" width=\"1024\" height=\"864\" srcset=\"https:\/\/oui-oui.es\/blog\/wp-content\/uploads\/2016\/08\/Oui-Oui-dooky-baby-paraol-cochecito-bebe-quitar-sol-carrito-bebe-1024x864.jpg 1024w, https:\/\/oui-oui.es\/blog\/wp-content\/uploads\/2016\/08\/Oui-Oui-dooky-baby-paraol-cochecito-bebe-quitar-sol-carrito-bebe-300x253.jpg 300w, https:\/\/oui-oui.es\/blog\/wp-content\/uploads\/2016\/08\/Oui-Oui-dooky-baby-paraol-cochecito-bebe-quitar-sol-carrito-bebe-768x648.jpg 768w, https:\/\/oui-oui.es\/blog\/wp-content\/uploads\/2016\/08\/Oui-Oui-dooky-baby-paraol-cochecito-bebe-quitar-sol-carrito-bebe-600x506.jpg 600w, https:\/\/oui-oui.es\/blog\/wp-content\/uploads\/2016\/08\/Oui-Oui-dooky-baby-paraol-cochecito-bebe-quitar-sol-carrito-bebe.jpg 1120w\" sizes=\"auto, (max-width: 1024px) 100vw, 1024px\" \/><\/a><\/p>\n<p>Uno de los <strong>momentos m\u00e1s pesados cuando llevas a tu beb\u00e9 en el carrito es cuando da el sol<\/strong>, a priori no parece tan dif\u00edcil evitar que le de en la cara pero la realidad es que siempre acaba entrando justo por el hueco que la sombrilla no tapa y muchos <strong>acabamos poniendo una muselina por encima<\/strong>, con el rollo que es sujetarla. Con Mart\u00edn recuerdo que compramos una sombrilla universal, pero luego al andar ten\u00edas que estar dirigi\u00e9ndola todo el rato, ahora con Frida a veces pongo la muselina, a veces voy andando en paralelo mientras llevo con una mano el carrito y as\u00ed le doy sombra yo (bastante inc\u00f3modo, s\u00ed) y otras llevo en una mano el cambiador con el que le doy sombra (plegado, eso s\u00ed, pero tampoco muy c\u00f3modo), eso por no hablar de cuando vas andando en direcci\u00f3n contra el sol y acabas llevando el carrito al rev\u00e9s&#8230;Seguro que hab\u00e9is vivido alguna de estas situaciones as\u00ed que entender\u00e9is mi emoci\u00f3n cuando <strong>esta ma\u00f1ana en la playa he visto a una chica con el carrito perfectamente tapado con unos ganchitos<\/strong>&#8230;Me he acercado corriendo a preguntarle y resulta que venden un <strong><a href=\"http:\/\/amzn.to\/2bxNqah\" target=\"_blank\">parasol para carrito de beb\u00e9<\/a><\/strong>, una especie de cortina con ganchitos, s\u00faper c\u00f3moda de colocar y de retirar del carrito si el beb\u00e9 se despierta.<\/p>\n<p><a href=\"http:\/\/amzn.to\/2bxNqah\"><img loading=\"lazy\" decoding=\"async\" class=\"aligncenter size-full wp-image-4704\" src=\"https:\/\/oui-oui.es\/blog\/wp-content\/uploads\/2016\/08\/Oui-Oui-dooky-baby-paraol-cochecito-bebe-quitar-sol-carrito-bebe-estrellas.jpeg\" alt=\"Oui Oui-dooky baby-paraol cochecito bebe-quitar sol carrito bebe-estrellas\" width=\"1000\" height=\"1000\" srcset=\"https:\/\/oui-oui.es\/blog\/wp-content\/uploads\/2016\/08\/Oui-Oui-dooky-baby-paraol-cochecito-bebe-quitar-sol-carrito-bebe-estrellas.jpeg 1000w, https:\/\/oui-oui.es\/blog\/wp-content\/uploads\/2016\/08\/Oui-Oui-dooky-baby-paraol-cochecito-bebe-quitar-sol-carrito-bebe-estrellas-150x150.jpeg 150w, https:\/\/oui-oui.es\/blog\/wp-content\/uploads\/2016\/08\/Oui-Oui-dooky-baby-paraol-cochecito-bebe-quitar-sol-carrito-bebe-estrellas-300x300.jpeg 300w, https:\/\/oui-oui.es\/blog\/wp-content\/uploads\/2016\/08\/Oui-Oui-dooky-baby-paraol-cochecito-bebe-quitar-sol-carrito-bebe-estrellas-768x768.jpeg 768w, https:\/\/oui-oui.es\/blog\/wp-content\/uploads\/2016\/08\/Oui-Oui-dooky-baby-paraol-cochecito-bebe-quitar-sol-carrito-bebe-estrellas-600x600.jpeg 600w\" sizes=\"auto, (max-width: 1000px) 100vw, 1000px\" \/><\/a><\/p>\n<p>El <strong>parasol<\/strong> lo tienes tanto para <strong>carrito de beb\u00e9<\/strong> como para las sillas grupo 0, lisos en blanco o con estrellitas.<\/p>\n<p><a href=\"http:\/\/amzn.to\/2bxNqah\"><img loading=\"lazy\" decoding=\"async\" class=\"aligncenter size-large wp-image-4705\" src=\"https:\/\/oui-oui.es\/blog\/wp-content\/uploads\/2016\/08\/Oui-Oui-dooky-baby-paraol-cochecito-bebe-quitar-sol-maxicosy-1024x888.jpg\" alt=\"Oui Oui-dooky baby-paraol cochecito bebe-quitar sol maxicosy\" width=\"1024\" height=\"888\" srcset=\"https:\/\/oui-oui.es\/blog\/wp-content\/uploads\/2016\/08\/Oui-Oui-dooky-baby-paraol-cochecito-bebe-quitar-sol-maxicosy-1024x888.jpg 1024w, https:\/\/oui-oui.es\/blog\/wp-content\/uploads\/2016\/08\/Oui-Oui-dooky-baby-paraol-cochecito-bebe-quitar-sol-maxicosy-300x260.jpg 300w, https:\/\/oui-oui.es\/blog\/wp-content\/uploads\/2016\/08\/Oui-Oui-dooky-baby-paraol-cochecito-bebe-quitar-sol-maxicosy-768x666.jpg 768w, https:\/\/oui-oui.es\/blog\/wp-content\/uploads\/2016\/08\/Oui-Oui-dooky-baby-paraol-cochecito-bebe-quitar-sol-maxicosy-600x520.jpg 600w, https:\/\/oui-oui.es\/blog\/wp-content\/uploads\/2016\/08\/Oui-Oui-dooky-baby-paraol-cochecito-bebe-quitar-sol-maxicosy.jpg 1280w\" sizes=\"auto, (max-width: 1024px) 100vw, 1024px\" \/><\/a><\/p>\n<p>Creo que el paraol para carrito de beb\u00e9 es de las cosas m\u00e1s \u00fatiles que he encontrado ultimamente (tengo que hacer un recopilatorio!), su precio es razonable (entre 15 y 25\u20ac) y puedes comprarlo <a href=\"http:\/\/amzn.to\/2bxNqah\" target=\"_blank\">AQU\u00cd<\/a>.<\/p>\n<p><a href=\"http:\/\/amzn.to\/2bxNqah\"><img loading=\"lazy\" decoding=\"async\" class=\"aligncenter size-large wp-image-4703\" src=\"https:\/\/oui-oui.es\/blog\/wp-content\/uploads\/2016\/08\/Oui-Oui-dooky-baby-paraol-cochecito-bebe-quitar-sol-carrito-bebe-768x1024.png\" alt=\"Oui Oui-dooky baby-paraol cochecito bebe-quitar sol carrito bebe\" width=\"768\" height=\"1024\" srcset=\"https:\/\/oui-oui.es\/blog\/wp-content\/uploads\/2016\/08\/Oui-Oui-dooky-baby-paraol-cochecito-bebe-quitar-sol-carrito-bebe-768x1024.png 768w, https:\/\/oui-oui.es\/blog\/wp-content\/uploads\/2016\/08\/Oui-Oui-dooky-baby-paraol-cochecito-bebe-quitar-sol-carrito-bebe-225x300.png 225w, https:\/\/oui-oui.es\/blog\/wp-content\/uploads\/2016\/08\/Oui-Oui-dooky-baby-paraol-cochecito-bebe-quitar-sol-carrito-bebe-600x800.png 600w, https:\/\/oui-oui.es\/blog\/wp-content\/uploads\/2016\/08\/Oui-Oui-dooky-baby-paraol-cochecito-bebe-quitar-sol-carrito-bebe-300x400.png 300w, https:\/\/oui-oui.es\/blog\/wp-content\/uploads\/2016\/08\/Oui-Oui-dooky-baby-paraol-cochecito-bebe-quitar-sol-carrito-bebe.png 900w\" sizes=\"auto, (max-width: 768px) 100vw, 768px\" \/><\/a><\/p>\n<p><strong>Se supone que tambi\u00e9n sirve para el coche<\/strong>, eso tengo que probarlo porque lo de quitar el sol que entra por la ventana al viajar sin horteradas y que no se caiga cada vez es otro reto&#8230;<\/p>\n<p>\u00bfLo conoc\u00edais?<\/p>\n","protected":false},"excerpt":{"rendered":"<p>Uno de los momentos m\u00e1s pesados cuando llevas a tu beb\u00e9 en el carrito es cuando da el sol, a priori no parece tan dif\u00edcil evitar que le de en la cara pero la realidad es que siempre acaba entrando justo por el hueco que la sombrilla no tapa y muchos acabamos poniendo una muselina [&hellip;]<\/p>\n","protected":false},"author":1,"featured_media":4702,"comment_status":"open","ping_status":"open","sticky":false,"template":"","format":"standard","meta":{"jetpack_post_was_ever_published":false,"_jetpack_newsletter_access":"","_jetpack_dont_email_post_to_subs":false,"_jetpack_newsletter_tier_id":0,"_jetpack_memberships_contains_paywalled_content":false,"_jetpack_memberships_contains_paid_content":false,"footnotes":"","jetpack_publicize_message":"","jetpack_publicize_feature_enabled":true,"jetpack_social_post_already_shared":true,"jetpack_social_options":{"image_generator_settings":{"template":"highway","default_image_id":0,"font":"","enabled":false},"version":2}},"categories":[535,174],"tags":[700],"class_list":["post-4701","post","type-post","status-publish","format-standard","has-post-thumbnail","hentry","category-maternidad","category-ninos","tag-compras-bebe"],"aioseo_notices":[],"jetpack_publicize_connections":[],"jetpack_featured_media_url":"https:\/\/oui-oui.es\/blog\/wp-content\/uploads\/2016\/08\/Oui-Oui-dooky-baby-paraol-cochecito-bebe-quitar-sol-carrito-bebe.jpg","jetpack_sharing_enabled":true,"jetpack-related-posts":[{"id":2636,"url":"https:\/\/oui-oui.es\/blog\/una-bolsa-de-carrito-para-cada-etapa\/","url_meta":{"origin":4701,"position":0},"title":"Una bolsa de carrito para cada etapa","author":"Mar\u00eda \u2665Oui Oui\u2665","date":"22 junio, 2015","format":false,"excerpt":"\u00a0 Un momento clave en las compras de beb\u00e9 es la elecci\u00f3n del carrito, y una vez lo tienes, otro elemento importante es la bolsa que viene con \u00e9l o que, si no te gusta, buscar\u00e1s una diferente. En los 21 meses que tiene Mart\u00edn me he dado cuenta de\u2026","rel":"","context":"En \u00abMATERNIDAD\u00bb","block_context":{"text":"MATERNIDAD","link":"https:\/\/oui-oui.es\/blog\/category\/maternidad\/"},"img":{"alt_text":"","src":"https:\/\/i0.wp.com\/oui-oui.es\/blog\/wp-content\/uploads\/Oui-Oui-bolsa-carrito-mc-laren.jpg?resize=350%2C200&ssl=1","width":350,"height":200,"srcset":"https:\/\/i0.wp.com\/oui-oui.es\/blog\/wp-content\/uploads\/Oui-Oui-bolsa-carrito-mc-laren.jpg?resize=350%2C200&ssl=1 1x, https:\/\/i0.wp.com\/oui-oui.es\/blog\/wp-content\/uploads\/Oui-Oui-bolsa-carrito-mc-laren.jpg?resize=525%2C300&ssl=1 1.5x"},"classes":[]},{"id":2810,"url":"https:\/\/oui-oui.es\/blog\/la-sillita-de-paseo-perfecta-para-verano-net-stroller-de-inglesina\/","url_meta":{"origin":4701,"position":1},"title":"La sillita de paseo perfecta para verano  Net Stroller de Inglesina","author":"Mar\u00eda \u2665Oui Oui\u2665","date":"28 julio, 2015","format":false,"excerpt":"Recuerdo cuando compramos el carrito de beb\u00e9 de Mart\u00edn lo much\u00edsimo que le\u00edmos, buscamos informaci\u00f3n, comparamos chasis, tejidos, tama\u00f1os, pesos, hasta acabamos en la otra punta de Madrid en una \"clase para escoger el carrito de beb\u00e9\"...Una locura que s\u00f3lo puedes hacer cuando a\u00fan no tienes ning\u00fan hijo y cuando\u2026","rel":"","context":"En \u00abMATERNIDAD\u00bb","block_context":{"text":"MATERNIDAD","link":"https:\/\/oui-oui.es\/blog\/category\/maternidad\/"},"img":{"alt_text":"","src":"https:\/\/i0.wp.com\/oui-oui.es\/blog\/wp-content\/uploads\/Oui-Oui-sillita-paseo-inglesina-net-stroller.jpg?resize=350%2C200&ssl=1","width":350,"height":200,"srcset":"https:\/\/i0.wp.com\/oui-oui.es\/blog\/wp-content\/uploads\/Oui-Oui-sillita-paseo-inglesina-net-stroller.jpg?resize=350%2C200&ssl=1 1x, https:\/\/i0.wp.com\/oui-oui.es\/blog\/wp-content\/uploads\/Oui-Oui-sillita-paseo-inglesina-net-stroller.jpg?resize=525%2C300&ssl=1 1.5x"},"classes":[]},{"id":3951,"url":"https:\/\/oui-oui.es\/blog\/pasear-al-bebe-en-carrito-por-la-nieve-ya-es-posible\/","url_meta":{"origin":4701,"position":2},"title":"Pasear al beb\u00e9 en carrito por la nieve ya es posible","author":"Mar\u00eda \u2665Oui Oui\u2665","date":"27 enero, 2016","format":false,"excerpt":"Por fin ha llegado la nieve, estas navidades ten\u00eda previsto subir con Mart\u00edn a la nieve para que jugara con ella y hacer unas fotos, pero fue imposible porque no hab\u00eda ni gota...Ahora que ha nevado estoy tan apunto de dar a luz que ni nos lo planteamos, pero con\u2026","rel":"","context":"En \u00abMATERNIDAD\u00bb","block_context":{"text":"MATERNIDAD","link":"https:\/\/oui-oui.es\/blog\/category\/maternidad\/"},"img":{"alt_text":"","src":"https:\/\/i0.wp.com\/oui-oui.es\/blog\/wp-content\/uploads\/2016\/01\/Oui-Oui-carrito-beb%C3%A9-para-la-nieve-CYBEX-4.jpg?resize=350%2C200&ssl=1","width":350,"height":200,"srcset":"https:\/\/i0.wp.com\/oui-oui.es\/blog\/wp-content\/uploads\/2016\/01\/Oui-Oui-carrito-beb%C3%A9-para-la-nieve-CYBEX-4.jpg?resize=350%2C200&ssl=1 1x, https:\/\/i0.wp.com\/oui-oui.es\/blog\/wp-content\/uploads\/2016\/01\/Oui-Oui-carrito-beb%C3%A9-para-la-nieve-CYBEX-4.jpg?resize=525%2C300&ssl=1 1.5x, https:\/\/i0.wp.com\/oui-oui.es\/blog\/wp-content\/uploads\/2016\/01\/Oui-Oui-carrito-beb%C3%A9-para-la-nieve-CYBEX-4.jpg?resize=700%2C400&ssl=1 2x, https:\/\/i0.wp.com\/oui-oui.es\/blog\/wp-content\/uploads\/2016\/01\/Oui-Oui-carrito-beb%C3%A9-para-la-nieve-CYBEX-4.jpg?resize=1050%2C600&ssl=1 3x, https:\/\/i0.wp.com\/oui-oui.es\/blog\/wp-content\/uploads\/2016\/01\/Oui-Oui-carrito-beb%C3%A9-para-la-nieve-CYBEX-4.jpg?resize=1400%2C800&ssl=1 4x"},"classes":[]},{"id":5462,"url":"https:\/\/oui-oui.es\/blog\/el-carrito-de-mimbre-que-estabas-buscando\/","url_meta":{"origin":4701,"position":3},"title":"El carrito de mimbre que estabas buscando!","author":"Mar\u00eda \u2665Oui Oui\u2665","date":"30 mayo, 2017","format":false,"excerpt":"Me encanta descubrir objetos para ni\u00f1os que sean especiales, que transmitan algo m\u00e1s, y cuando conoc\u00ed los carritos y las cestas de Olli Ella tuve un flechazo \u00a1los quer\u00eda para Frida y Mart\u00edn y los quer\u00eda para m\u00ed! , ya os cont\u00e9 que le regalamos a Frida por su primer\u2026","rel":"","context":"En \u00abNI\u00d1OS Y NI\u00d1AS\u00bb","block_context":{"text":"NI\u00d1OS Y NI\u00d1AS","link":"https:\/\/oui-oui.es\/blog\/category\/ninos\/"},"img":{"alt_text":"","src":"https:\/\/i0.wp.com\/oui-oui.es\/blog\/wp-content\/uploads\/2017\/05\/Oui-Oui-carrito-mimbre-cochecito-mimbre-carrito-ni%C3%B1os-mimbre-luggy-basket-NATURAL-olli-ella-carrito-compra-mimbre-natural-ni%C3%B1o-cesta-picnic.jpg?resize=350%2C200&ssl=1","width":350,"height":200,"srcset":"https:\/\/i0.wp.com\/oui-oui.es\/blog\/wp-content\/uploads\/2017\/05\/Oui-Oui-carrito-mimbre-cochecito-mimbre-carrito-ni%C3%B1os-mimbre-luggy-basket-NATURAL-olli-ella-carrito-compra-mimbre-natural-ni%C3%B1o-cesta-picnic.jpg?resize=350%2C200&ssl=1 1x, https:\/\/i0.wp.com\/oui-oui.es\/blog\/wp-content\/uploads\/2017\/05\/Oui-Oui-carrito-mimbre-cochecito-mimbre-carrito-ni%C3%B1os-mimbre-luggy-basket-NATURAL-olli-ella-carrito-compra-mimbre-natural-ni%C3%B1o-cesta-picnic.jpg?resize=525%2C300&ssl=1 1.5x, https:\/\/i0.wp.com\/oui-oui.es\/blog\/wp-content\/uploads\/2017\/05\/Oui-Oui-carrito-mimbre-cochecito-mimbre-carrito-ni%C3%B1os-mimbre-luggy-basket-NATURAL-olli-ella-carrito-compra-mimbre-natural-ni%C3%B1o-cesta-picnic.jpg?resize=700%2C400&ssl=1 2x, https:\/\/i0.wp.com\/oui-oui.es\/blog\/wp-content\/uploads\/2017\/05\/Oui-Oui-carrito-mimbre-cochecito-mimbre-carrito-ni%C3%B1os-mimbre-luggy-basket-NATURAL-olli-ella-carrito-compra-mimbre-natural-ni%C3%B1o-cesta-picnic.jpg?resize=1050%2C600&ssl=1 3x"},"classes":[]},{"id":4357,"url":"https:\/\/oui-oui.es\/blog\/5-practicos-regalos-para-una-reciente-mama\/","url_meta":{"origin":4701,"position":4},"title":"5 pr\u00e1cticos regalos para una reciente mam\u00e1","author":"Mar\u00eda \u2665Oui Oui\u2665","date":"25 mayo, 2016","format":false,"excerpt":"Cuando te quedas embarazada (sobretodo si es del primer hijo) recibes muchos regalos, m\u00e1s para el beb\u00e9 que para t\u00ed pero te regalan cosas nuevas, la mayor\u00eda no hab\u00eda estado en tu espectro de compras y empiezas a descubrir un mundo nuevo.Si tienes a una mujer embarazada cerca, aqu\u00ed van\u2026","rel":"","context":"En \u00abMATERNIDAD\u00bb","block_context":{"text":"MATERNIDAD","link":"https:\/\/oui-oui.es\/blog\/category\/maternidad\/"},"img":{"alt_text":"","src":"https:\/\/i0.wp.com\/oui-oui.es\/blog\/wp-content\/uploads\/2016\/05\/Oui-Oui-auriculares-inalambricos-carrito-bebe-urbanista.jpg?resize=350%2C200&ssl=1","width":350,"height":200,"srcset":"https:\/\/i0.wp.com\/oui-oui.es\/blog\/wp-content\/uploads\/2016\/05\/Oui-Oui-auriculares-inalambricos-carrito-bebe-urbanista.jpg?resize=350%2C200&ssl=1 1x, https:\/\/i0.wp.com\/oui-oui.es\/blog\/wp-content\/uploads\/2016\/05\/Oui-Oui-auriculares-inalambricos-carrito-bebe-urbanista.jpg?resize=525%2C300&ssl=1 1.5x, https:\/\/i0.wp.com\/oui-oui.es\/blog\/wp-content\/uploads\/2016\/05\/Oui-Oui-auriculares-inalambricos-carrito-bebe-urbanista.jpg?resize=700%2C400&ssl=1 2x, https:\/\/i0.wp.com\/oui-oui.es\/blog\/wp-content\/uploads\/2016\/05\/Oui-Oui-auriculares-inalambricos-carrito-bebe-urbanista.jpg?resize=1050%2C600&ssl=1 3x, https:\/\/i0.wp.com\/oui-oui.es\/blog\/wp-content\/uploads\/2016\/05\/Oui-Oui-auriculares-inalambricos-carrito-bebe-urbanista.jpg?resize=1400%2C800&ssl=1 4x"},"classes":[]},{"id":10125,"url":"https:\/\/oui-oui.es\/blog\/6-usos-para-el-carrito-de-mimbre\/","url_meta":{"origin":4701,"position":5},"title":"6 usos para el carrito de mimbre","author":"Mar\u00eda \u2665Oui Oui\u2665","date":"18 septiembre, 2019","format":false,"excerpt":"Ya sab\u00e9is lo fan que soy del carrito de mimbre, adem\u00e1s de porque est\u00e9ticamente es ideal, me gusta rodearme de objetos que me transmitan paz y que me alegren la vista. En mi d\u00eda a d\u00eda necesito objetos pr\u00e1cticos, que me solucionen alguna necesidad, pero que sean bonitos. Para m\u00ed\u2026","rel":"","context":"En \u00abA un hombre\/ novio\/ marido\/ padre\u00bb","block_context":{"text":"A un hombre\/ novio\/ marido\/ padre","link":"https:\/\/oui-oui.es\/blog\/category\/no-se-que-regalar\/a-un-hombrenoviomaridopadre\/"},"img":{"alt_text":"","src":"https:\/\/i0.wp.com\/oui-oui.es\/blog\/wp-content\/uploads\/2019\/09\/Carrito-mimbre-oui-oui-carro-mimbre-compra-carro-playa-mimbre-olli-ella-5.jpg?resize=350%2C200&ssl=1","width":350,"height":200,"srcset":"https:\/\/i0.wp.com\/oui-oui.es\/blog\/wp-content\/uploads\/2019\/09\/Carrito-mimbre-oui-oui-carro-mimbre-compra-carro-playa-mimbre-olli-ella-5.jpg?resize=350%2C200&ssl=1 1x, https:\/\/i0.wp.com\/oui-oui.es\/blog\/wp-content\/uploads\/2019\/09\/Carrito-mimbre-oui-oui-carro-mimbre-compra-carro-playa-mimbre-olli-ella-5.jpg?resize=525%2C300&ssl=1 1.5x, https:\/\/i0.wp.com\/oui-oui.es\/blog\/wp-content\/uploads\/2019\/09\/Carrito-mimbre-oui-oui-carro-mimbre-compra-carro-playa-mimbre-olli-ella-5.jpg?resize=700%2C400&ssl=1 2x, https:\/\/i0.wp.com\/oui-oui.es\/blog\/wp-content\/uploads\/2019\/09\/Carrito-mimbre-oui-oui-carro-mimbre-compra-carro-playa-mimbre-olli-ella-5.jpg?resize=1050%2C600&ssl=1 3x"},"classes":[]}],"_links":{"self":[{"href":"https:\/\/oui-oui.es\/blog\/wp-json\/wp\/v2\/posts\/4701","targetHints":{"allow":["GET"]}}],"collection":[{"href":"https:\/\/oui-oui.es\/blog\/wp-json\/wp\/v2\/posts"}],"about":[{"href":"https:\/\/oui-oui.es\/blog\/wp-json\/wp\/v2\/types\/post"}],"author":[{"embeddable":true,"href":"https:\/\/oui-oui.es\/blog\/wp-json\/wp\/v2\/users\/1"}],"replies":[{"embeddable":true,"href":"https:\/\/oui-oui.es\/blog\/wp-json\/wp\/v2\/comments?post=4701"}],"version-history":[{"count":1,"href":"https:\/\/oui-oui.es\/blog\/wp-json\/wp\/v2\/posts\/4701\/revisions"}],"predecessor-version":[{"id":4706,"href":"https:\/\/oui-oui.es\/blog\/wp-json\/wp\/v2\/posts\/4701\/revisions\/4706"}],"wp:featuredmedia":[{"embeddable":true,"href":"https:\/\/oui-oui.es\/blog\/wp-json\/wp\/v2\/media\/4702"}],"wp:attachment":[{"href":"https:\/\/oui-oui.es\/blog\/wp-json\/wp\/v2\/media?parent=4701"}],"wp:term":[{"taxonomy":"category","embeddable":true,"href":"https:\/\/oui-oui.es\/blog\/wp-json\/wp\/v2\/categories?post=4701"},{"taxonomy":"post_tag","embeddable":true,"href":"https:\/\/oui-oui.es\/blog\/wp-json\/wp\/v2\/tags?post=4701"}],"curies":[{"name":"wp","href":"https:\/\/api.w.org\/{rel}","templated":true}]}}