{"id":4722,"date":"2016-10-05T00:00:38","date_gmt":"2016-10-04T22:00:38","guid":{"rendered":"https:\/\/oui-oui.es\/blog\/?p=4722"},"modified":"2016-10-04T16:39:46","modified_gmt":"2016-10-04T14:39:46","slug":"aprender-a-leer-disfrutando","status":"publish","type":"post","link":"https:\/\/oui-oui.es\/blog\/aprender-a-leer-disfrutando\/","title":{"rendered":"Aprender a leer disfrutando"},"content":{"rendered":"<p><img loading=\"lazy\" decoding=\"async\" class=\"aligncenter size-large wp-image-4723\" src=\"https:\/\/oui-oui.es\/blog\/wp-content\/uploads\/2016\/10\/Oui-Oui-leolandia-metodo-lectoescritura-1024x768.jpeg\" alt=\"oui-oui-leolandia-metodo-lectoescritura\" width=\"1024\" height=\"768\" srcset=\"https:\/\/oui-oui.es\/blog\/wp-content\/uploads\/2016\/10\/Oui-Oui-leolandia-metodo-lectoescritura.jpeg 1024w, https:\/\/oui-oui.es\/blog\/wp-content\/uploads\/2016\/10\/Oui-Oui-leolandia-metodo-lectoescritura-300x225.jpeg 300w, https:\/\/oui-oui.es\/blog\/wp-content\/uploads\/2016\/10\/Oui-Oui-leolandia-metodo-lectoescritura-768x576.jpeg 768w, https:\/\/oui-oui.es\/blog\/wp-content\/uploads\/2016\/10\/Oui-Oui-leolandia-metodo-lectoescritura-600x450.jpeg 600w\" sizes=\"auto, (max-width: 1024px) 100vw, 1024px\" \/><\/p>\n<p>Existen multitud de opiniones acerca del momento que un ni\u00f1o debe empezar a leer y escribir, sin entrar en ese debate (sobretodo porque no soy ninguna experta), mi opini\u00f3n y experiencia es que leer cuentos\u00a0 desde que son beb\u00e9s ayuda a fomentar el amor por la lectura y los cuentos, al menos en los ni\u00f1os m\u00e1s peque\u00f1os, ayudando a mantener la rutina nocturna por un lado y, por otro, creando un recurso m\u00e1s como alternativa a los dibujos.<\/p>\n<p>Personalmente, me inclino m\u00e1s por aquellos <strong>m\u00e9todos de ense\u00f1anza que respetan los ritmos del ni\u00f1o<\/strong> y que ponen a su disposici\u00f3n los recursos para que interact\u00faen con ellos, frente a los que imponen unos hitos y plazos para conseguir los objetivos X, por eso el otro d\u00eda, comiendo con <a href=\"http:\/\/www.teachandteam.com\/biblioteca.html\" target=\"_blank\"><strong>Maite Vallet<\/strong><\/a> (formadora y asesora pedag\u00f3gica) y charlando sobre <strong>el aprendizaje de la lectoescritura<\/strong>, no pude resistirme a preguntarle sobre el momento en el que cre\u00eda que era mejor que un ni\u00f1o comenzara a aprender a leer y entonces me habl\u00f3 de <a href=\"http:\/\/www.teachandteam.com\/leolandia.html\" target=\"_blank\"><strong>Leolandia<\/strong><\/a>.<\/p>\n<p><img loading=\"lazy\" decoding=\"async\" class=\"aligncenter wp-image-4724 size-medium\" src=\"https:\/\/oui-oui.es\/blog\/wp-content\/uploads\/2016\/10\/Oui-Oui-leolandia-metodo-lectoescritura-aprender-a-leer-de-forma-diferente-225x300.jpg\" alt=\"oui-oui-leolandia-metodo-lectoescritura-aprender-a-leer-de-forma-diferente\" width=\"225\" height=\"300\" srcset=\"https:\/\/oui-oui.es\/blog\/wp-content\/uploads\/2016\/10\/Oui-Oui-leolandia-metodo-lectoescritura-aprender-a-leer-de-forma-diferente-225x300.jpg 225w, https:\/\/oui-oui.es\/blog\/wp-content\/uploads\/2016\/10\/Oui-Oui-leolandia-metodo-lectoescritura-aprender-a-leer-de-forma-diferente-768x1024.jpg 768w, https:\/\/oui-oui.es\/blog\/wp-content\/uploads\/2016\/10\/Oui-Oui-leolandia-metodo-lectoescritura-aprender-a-leer-de-forma-diferente-600x800.jpg 600w, https:\/\/oui-oui.es\/blog\/wp-content\/uploads\/2016\/10\/Oui-Oui-leolandia-metodo-lectoescritura-aprender-a-leer-de-forma-diferente-300x400.jpg 300w, https:\/\/oui-oui.es\/blog\/wp-content\/uploads\/2016\/10\/Oui-Oui-leolandia-metodo-lectoescritura-aprender-a-leer-de-forma-diferente.jpg 1536w\" sizes=\"auto, (max-width: 225px) 100vw, 225px\" \/><\/p>\n<p><a href=\"http:\/\/www.teachandteam.com\/leolandia.html\" target=\"_blank\"><strong>Leolandia<\/strong><\/a> es un proyecto de lectoescritura dise\u00f1ado para el logro de la lectura comprensiva y la escritura creativa. <strong>Se basa en el disfrute de cuentos, le\u00eddos y escritos, desde el inicio del aprendizaje<\/strong>.<\/p>\n<p><strong>Leolandia estimula la lectura de im\u00e1genes<\/strong>, <strong>potencia la comprensi\u00f1on auditiva,impulsa la lectura comprensiva,motiva la imaginaci\u00f3n,hace sencilla la ortograf\u00eda<\/strong> (Se proponen actividades divertidas que les ayudan a reconocer y recordar la manera correcta de escribir las palabras con dificultades ortogr\u00e1ficas ), <strong>se les ense\u00f1a a valorar el material escolar<\/strong> (algo que me record\u00f3 much\u00edsimo al cole donde yo estudi\u00e9)&#8230; A trav\u00e9s de preguntas estrat\u00e9gicas relacionadas con los textos, se tratan temas de la vida y el entorno de los ni\u00f1os, que les educan para <strong>desarrollar valores socioemocionales<\/strong> y un largo etc&#8230;<\/p>\n<p><img loading=\"lazy\" decoding=\"async\" class=\"aligncenter size-full wp-image-4725\" src=\"https:\/\/oui-oui.es\/blog\/wp-content\/uploads\/2016\/10\/Oui-Oui-metodo-leolandia-lectoescritura.png\" alt=\"oui-oui-metodo-leolandia-lectoescritura\" width=\"400\" height=\"281\" srcset=\"https:\/\/oui-oui.es\/blog\/wp-content\/uploads\/2016\/10\/Oui-Oui-metodo-leolandia-lectoescritura.png 400w, https:\/\/oui-oui.es\/blog\/wp-content\/uploads\/2016\/10\/Oui-Oui-metodo-leolandia-lectoescritura-300x211.png 300w\" sizes=\"auto, (max-width: 400px) 100vw, 400px\" \/><\/p>\n<p>&nbsp;<\/p>\n<p>Me interes\u00f3 mucho este m\u00e9todo porque uno de sus pilares es el trabajo en equipo y la autonom\u00eda del ni\u00f1o y propone empezar a relacionarse con la lectura desde los dos a\u00f1os, con cosas tan sencillas como poner su nombre en la percha en lugar de su foto.<\/p>\n<p>El m\u00e9todo <a href=\"http:\/\/www.teachandteam.com\/leolandia.html\" target=\"_blank\"><strong>Leolandia<\/strong><\/a> puede ser utilizado en casa o en el colegio, est\u00e1 pensado para todo tipo de ni\u00f1os, pero me consta que est\u00e1 sirviendo como empuje para ni\u00f1os a los que el sistema tradicional se les atraganta.<\/p>\n<p><img loading=\"lazy\" decoding=\"async\" class=\"aligncenter size-full wp-image-4726\" src=\"https:\/\/oui-oui.es\/blog\/wp-content\/uploads\/2016\/10\/Oui-Oui-leolandia-metodo-lectoescritura-aprender-a-leer-de-forma-diferente-libros.jpg\" alt=\"oui-oui-leolandia-metodo-lectoescritura-aprender-a-leer-de-forma-diferente-libros\" width=\"505\" height=\"332\" srcset=\"https:\/\/oui-oui.es\/blog\/wp-content\/uploads\/2016\/10\/Oui-Oui-leolandia-metodo-lectoescritura-aprender-a-leer-de-forma-diferente-libros.jpg 505w, https:\/\/oui-oui.es\/blog\/wp-content\/uploads\/2016\/10\/Oui-Oui-leolandia-metodo-lectoescritura-aprender-a-leer-de-forma-diferente-libros-300x197.jpg 300w\" sizes=\"auto, (max-width: 505px) 100vw, 505px\" \/><\/p>\n<p>Me comentaba Maite que existen m\u00e9todos similares para ense\u00f1ar las matem\u00e1ticas pero que no exist\u00eda un m\u00e9todo hasta ahora de las mismas caracter\u00edsticas en cuanto a lectoescritura se refiere, yo estoy comenzando a investigar y descubrir cosas sobre la educaci\u00f3n infantil, as\u00ed que si conoc\u00e9is otros proyectos interesantes, me encantar\u00edas aber de ellos \ud83d\ude09<\/p>\n<p>Si quer\u00e9is m\u00e1s informaci\u00f3n sobre el m\u00e9todo Leolandia y otros libros para ayudar a educar a ni\u00f1os y adolescentes puedes mirar <a href=\"http:\/\/www.teachandteam.com\/index.html\" target=\"_blank\"><strong>AQU\u00cd<\/strong><\/a><\/p>\n<p>&nbsp;<\/p>\n<p>&nbsp;<\/p>\n","protected":false},"excerpt":{"rendered":"<p>Existen multitud de opiniones acerca del momento que un ni\u00f1o debe empezar a leer y escribir, sin entrar en ese debate (sobretodo porque no soy ninguna experta), mi opini\u00f3n y experiencia es que leer cuentos\u00a0 desde que son beb\u00e9s ayuda a fomentar el amor por la lectura y los cuentos, al menos en los ni\u00f1os [&hellip;]<\/p>\n","protected":false},"author":1,"featured_media":4723,"comment_status":"open","ping_status":"open","sticky":false,"template":"","format":"standard","meta":{"jetpack_post_was_ever_published":false,"_jetpack_newsletter_access":"","_jetpack_dont_email_post_to_subs":false,"_jetpack_newsletter_tier_id":0,"_jetpack_memberships_contains_paywalled_content":false,"_jetpack_memberships_contains_paid_content":false,"footnotes":"","jetpack_publicize_message":"","jetpack_publicize_feature_enabled":true,"jetpack_social_post_already_shared":true,"jetpack_social_options":{"image_generator_settings":{"template":"highway","default_image_id":0,"font":"","enabled":false},"version":2}},"categories":[174],"tags":[772],"class_list":["post-4722","post","type-post","status-publish","format-standard","has-post-thumbnail","hentry","category-ninos","tag-educar"],"aioseo_notices":[],"jetpack_publicize_connections":[],"jetpack_featured_media_url":"https:\/\/oui-oui.es\/blog\/wp-content\/uploads\/2016\/10\/Oui-Oui-leolandia-metodo-lectoescritura.jpeg","jetpack_sharing_enabled":true,"jetpack-related-posts":[{"id":9561,"url":"https:\/\/oui-oui.es\/blog\/hoy-leemos\/","url_meta":{"origin":4722,"position":0},"title":"Hoy leemos","author":"Mar\u00eda \u2665Oui Oui\u2665","date":"21 enero, 2019","format":false,"excerpt":"Como seguro que conocer\u00e9is, hace unos a\u00f1os se empez\u00f3 a utilizar el #HoyLeemos en Instagram para recomendar lecturas infantiles, hoy ese # tiene casi 60.000 fotos, as\u00ed que resulta muy dif\u00edcil filtrar bien en \u00e9l. Pero yo sigo nutri\u00e9ndome mucho de las recomendaciones de libros que hacen otras personas en\u2026","rel":"","context":"En \u00abNI\u00d1OS Y NI\u00d1AS\u00bb","block_context":{"text":"NI\u00d1OS Y NI\u00d1AS","link":"https:\/\/oui-oui.es\/blog\/category\/ninos\/"},"img":{"alt_text":"","src":"https:\/\/i0.wp.com\/oui-oui.es\/blog\/wp-content\/uploads\/2019\/01\/Oui-Oui-hoy-leemos-me-gusta-leer-libros-para-ni%C3%B1os-6.jpg?resize=350%2C200&ssl=1","width":350,"height":200,"srcset":"https:\/\/i0.wp.com\/oui-oui.es\/blog\/wp-content\/uploads\/2019\/01\/Oui-Oui-hoy-leemos-me-gusta-leer-libros-para-ni%C3%B1os-6.jpg?resize=350%2C200&ssl=1 1x, https:\/\/i0.wp.com\/oui-oui.es\/blog\/wp-content\/uploads\/2019\/01\/Oui-Oui-hoy-leemos-me-gusta-leer-libros-para-ni%C3%B1os-6.jpg?resize=525%2C300&ssl=1 1.5x, https:\/\/i0.wp.com\/oui-oui.es\/blog\/wp-content\/uploads\/2019\/01\/Oui-Oui-hoy-leemos-me-gusta-leer-libros-para-ni%C3%B1os-6.jpg?resize=700%2C400&ssl=1 2x, https:\/\/i0.wp.com\/oui-oui.es\/blog\/wp-content\/uploads\/2019\/01\/Oui-Oui-hoy-leemos-me-gusta-leer-libros-para-ni%C3%B1os-6.jpg?resize=1050%2C600&ssl=1 3x, https:\/\/i0.wp.com\/oui-oui.es\/blog\/wp-content\/uploads\/2019\/01\/Oui-Oui-hoy-leemos-me-gusta-leer-libros-para-ni%C3%B1os-6.jpg?resize=1400%2C800&ssl=1 4x"},"classes":[]},{"id":4659,"url":"https:\/\/oui-oui.es\/blog\/pequena-y-grande-una-coleccion-con-encanto\/","url_meta":{"origin":4722,"position":1},"title":"Peque\u00f1a y Grande, una colecci\u00f3n con encanto","author":"Mar\u00eda \u2665Oui Oui\u2665","date":"14 julio, 2016","format":false,"excerpt":"El verano es un momento ideal para leer, no solo los mayores que tenemos m\u00e1s tiempo sino tambi\u00e9n los peques, tanto a los que les encanta leer cuentos como a Mart\u00edn como a los que a\u00fan no les ha llamado, es un momento perfecto para introducirles nuevas historias, nuevos cuentos,\u2026","rel":"","context":"En \u00abNI\u00d1OS Y NI\u00d1AS\u00bb","block_context":{"text":"NI\u00d1OS Y NI\u00d1AS","link":"https:\/\/oui-oui.es\/blog\/category\/ninos\/"},"img":{"alt_text":"","src":"https:\/\/i0.wp.com\/oui-oui.es\/blog\/wp-content\/uploads\/2016\/07\/Oui-Oui-Peque%C3%B1a-y-Grande-Coco-Chanel.jpg?resize=350%2C200&ssl=1","width":350,"height":200,"srcset":"https:\/\/i0.wp.com\/oui-oui.es\/blog\/wp-content\/uploads\/2016\/07\/Oui-Oui-Peque%C3%B1a-y-Grande-Coco-Chanel.jpg?resize=350%2C200&ssl=1 1x, https:\/\/i0.wp.com\/oui-oui.es\/blog\/wp-content\/uploads\/2016\/07\/Oui-Oui-Peque%C3%B1a-y-Grande-Coco-Chanel.jpg?resize=525%2C300&ssl=1 1.5x, https:\/\/i0.wp.com\/oui-oui.es\/blog\/wp-content\/uploads\/2016\/07\/Oui-Oui-Peque%C3%B1a-y-Grande-Coco-Chanel.jpg?resize=700%2C400&ssl=1 2x, https:\/\/i0.wp.com\/oui-oui.es\/blog\/wp-content\/uploads\/2016\/07\/Oui-Oui-Peque%C3%B1a-y-Grande-Coco-Chanel.jpg?resize=1050%2C600&ssl=1 3x, https:\/\/i0.wp.com\/oui-oui.es\/blog\/wp-content\/uploads\/2016\/07\/Oui-Oui-Peque%C3%B1a-y-Grande-Coco-Chanel.jpg?resize=1400%2C800&ssl=1 4x"},"classes":[]},{"id":5476,"url":"https:\/\/oui-oui.es\/blog\/11-cuentos-de-igualdad-y-feminismo-para-ninos\/","url_meta":{"origin":4722,"position":2},"title":"11 cuentos de igualdad y feminismo para ni\u00f1os","author":"Mar\u00eda \u2665Oui Oui\u2665","date":"2 junio, 2017","format":false,"excerpt":"Cuando naci\u00f3 Mart\u00edn recuper\u00e9 de casa de mis padres algunos de mis cuentos favoritos de cuando era peque\u00f1a, estaba claro no iba a le\u00e9rselos de inmediato, pero ah\u00ed estaban en su habitaci\u00f3n, en lo alto de un estante para que no los cogiera y se rompieran. Sin embargo el otro\u2026","rel":"","context":"En \u00abNI\u00d1OS Y NI\u00d1AS\u00bb","block_context":{"text":"NI\u00d1OS Y NI\u00d1AS","link":"https:\/\/oui-oui.es\/blog\/category\/ninos\/"},"img":{"alt_text":"","src":"https:\/\/i0.wp.com\/oui-oui.es\/blog\/wp-content\/uploads\/2017\/06\/Oui-Oui-libros-igualdad-cuentos-igualdad-coleccion-peque%C3%B1a-y-grande-rosa-caramelo-historia-de-unos-bocadillos-1.jpg?resize=350%2C200&ssl=1","width":350,"height":200,"srcset":"https:\/\/i0.wp.com\/oui-oui.es\/blog\/wp-content\/uploads\/2017\/06\/Oui-Oui-libros-igualdad-cuentos-igualdad-coleccion-peque%C3%B1a-y-grande-rosa-caramelo-historia-de-unos-bocadillos-1.jpg?resize=350%2C200&ssl=1 1x, https:\/\/i0.wp.com\/oui-oui.es\/blog\/wp-content\/uploads\/2017\/06\/Oui-Oui-libros-igualdad-cuentos-igualdad-coleccion-peque%C3%B1a-y-grande-rosa-caramelo-historia-de-unos-bocadillos-1.jpg?resize=525%2C300&ssl=1 1.5x, https:\/\/i0.wp.com\/oui-oui.es\/blog\/wp-content\/uploads\/2017\/06\/Oui-Oui-libros-igualdad-cuentos-igualdad-coleccion-peque%C3%B1a-y-grande-rosa-caramelo-historia-de-unos-bocadillos-1.jpg?resize=700%2C400&ssl=1 2x, https:\/\/i0.wp.com\/oui-oui.es\/blog\/wp-content\/uploads\/2017\/06\/Oui-Oui-libros-igualdad-cuentos-igualdad-coleccion-peque%C3%B1a-y-grande-rosa-caramelo-historia-de-unos-bocadillos-1.jpg?resize=1050%2C600&ssl=1 3x, https:\/\/i0.wp.com\/oui-oui.es\/blog\/wp-content\/uploads\/2017\/06\/Oui-Oui-libros-igualdad-cuentos-igualdad-coleccion-peque%C3%B1a-y-grande-rosa-caramelo-historia-de-unos-bocadillos-1.jpg?resize=1400%2C800&ssl=1 4x"},"classes":[]},{"id":10754,"url":"https:\/\/oui-oui.es\/blog\/mi-primer-libro-cuentos-para-educar-sin-estereotipos\/","url_meta":{"origin":4722,"position":3},"title":"\u00a1Mi primer libro! Cuentos para Educar sin Estereotipos","author":"Mar\u00eda \u2665Oui Oui\u2665","date":"31 marzo, 2022","format":false,"excerpt":"Cuentos para educar sin estereotipos es el primer libro infantil escrito por Mar\u00eda Oui Oui con el firme pro\u00f3sito de conseguir una infancia libre que construya una sociedad igualitaria","rel":"","context":"En \u00abEDUCACI\u00d3N\u00bb","block_context":{"text":"EDUCACI\u00d3N","link":"https:\/\/oui-oui.es\/blog\/category\/educacion\/"},"img":{"alt_text":"","src":"https:\/\/i0.wp.com\/oui-oui.es\/blog\/wp-content\/uploads\/2022\/03\/Oui-Oui-Cuentos-Educar-sin-Estereotipos-Maria-Gijon-Penguis-Random-House-8-scaled.jpg?resize=350%2C200&ssl=1","width":350,"height":200,"srcset":"https:\/\/i0.wp.com\/oui-oui.es\/blog\/wp-content\/uploads\/2022\/03\/Oui-Oui-Cuentos-Educar-sin-Estereotipos-Maria-Gijon-Penguis-Random-House-8-scaled.jpg?resize=350%2C200&ssl=1 1x, https:\/\/i0.wp.com\/oui-oui.es\/blog\/wp-content\/uploads\/2022\/03\/Oui-Oui-Cuentos-Educar-sin-Estereotipos-Maria-Gijon-Penguis-Random-House-8-scaled.jpg?resize=525%2C300&ssl=1 1.5x, https:\/\/i0.wp.com\/oui-oui.es\/blog\/wp-content\/uploads\/2022\/03\/Oui-Oui-Cuentos-Educar-sin-Estereotipos-Maria-Gijon-Penguis-Random-House-8-scaled.jpg?resize=700%2C400&ssl=1 2x, https:\/\/i0.wp.com\/oui-oui.es\/blog\/wp-content\/uploads\/2022\/03\/Oui-Oui-Cuentos-Educar-sin-Estereotipos-Maria-Gijon-Penguis-Random-House-8-scaled.jpg?resize=1050%2C600&ssl=1 3x, https:\/\/i0.wp.com\/oui-oui.es\/blog\/wp-content\/uploads\/2022\/03\/Oui-Oui-Cuentos-Educar-sin-Estereotipos-Maria-Gijon-Penguis-Random-House-8-scaled.jpg?resize=1400%2C800&ssl=1 4x"},"classes":[]},{"id":10505,"url":"https:\/\/oui-oui.es\/blog\/los-cuentos-que-hemos-leido-ultimamente\/","url_meta":{"origin":4722,"position":4},"title":"Los cuentos que hemos le\u00eddo \u00faltimamente","author":"Mar\u00eda \u2665Oui Oui\u2665","date":"19 mayo, 2020","format":false,"excerpt":"Hace un a\u00f1o me propuse compartir en el blog los cuentos que le\u00edamos cada mes...Creo que escrib\u00ed dos post y ah\u00ed se qued\u00f3 la idea, si bien s\u00ed que comparto todas nuestras lecturas en Stories de mi cuenta de Instagram y ten\u00e9is sendos destacados HOY LEEMOS 1 y HOY LEEMOS\u2026","rel":"","context":"En \u00abEDUCACI\u00d3N\u00bb","block_context":{"text":"EDUCACI\u00d3N","link":"https:\/\/oui-oui.es\/blog\/category\/educacion\/"},"img":{"alt_text":"","src":"https:\/\/i0.wp.com\/oui-oui.es\/blog\/wp-content\/uploads\/2020\/05\/Oui-Oui-libros-recomendados-infantil-primaria-cuentos-para-ni%C3%B1os-cuatro-a%C3%B1os-cinco-a%C3%B1os-patio-editorial-tramintana-beascoa-daniela-pirata-1.jpg?resize=350%2C200&ssl=1","width":350,"height":200,"srcset":"https:\/\/i0.wp.com\/oui-oui.es\/blog\/wp-content\/uploads\/2020\/05\/Oui-Oui-libros-recomendados-infantil-primaria-cuentos-para-ni%C3%B1os-cuatro-a%C3%B1os-cinco-a%C3%B1os-patio-editorial-tramintana-beascoa-daniela-pirata-1.jpg?resize=350%2C200&ssl=1 1x, https:\/\/i0.wp.com\/oui-oui.es\/blog\/wp-content\/uploads\/2020\/05\/Oui-Oui-libros-recomendados-infantil-primaria-cuentos-para-ni%C3%B1os-cuatro-a%C3%B1os-cinco-a%C3%B1os-patio-editorial-tramintana-beascoa-daniela-pirata-1.jpg?resize=525%2C300&ssl=1 1.5x, https:\/\/i0.wp.com\/oui-oui.es\/blog\/wp-content\/uploads\/2020\/05\/Oui-Oui-libros-recomendados-infantil-primaria-cuentos-para-ni%C3%B1os-cuatro-a%C3%B1os-cinco-a%C3%B1os-patio-editorial-tramintana-beascoa-daniela-pirata-1.jpg?resize=700%2C400&ssl=1 2x, https:\/\/i0.wp.com\/oui-oui.es\/blog\/wp-content\/uploads\/2020\/05\/Oui-Oui-libros-recomendados-infantil-primaria-cuentos-para-ni%C3%B1os-cuatro-a%C3%B1os-cinco-a%C3%B1os-patio-editorial-tramintana-beascoa-daniela-pirata-1.jpg?resize=1050%2C600&ssl=1 3x, https:\/\/i0.wp.com\/oui-oui.es\/blog\/wp-content\/uploads\/2020\/05\/Oui-Oui-libros-recomendados-infantil-primaria-cuentos-para-ni%C3%B1os-cuatro-a%C3%B1os-cinco-a%C3%B1os-patio-editorial-tramintana-beascoa-daniela-pirata-1.jpg?resize=1400%2C800&ssl=1 4x"},"classes":[]},{"id":8900,"url":"https:\/\/oui-oui.es\/blog\/libros-sobre-feminismo-yo-tambien-soy-machista-y-otras-cosas\/","url_meta":{"origin":4722,"position":5},"title":"Libros sobre feminismo, yo tambi\u00e9n soy machista y otras cosas&#8230;","author":"Mar\u00eda \u2665Oui Oui\u2665","date":"8 marzo, 2018","format":false,"excerpt":"Si hubiera tenido tiempo esta semana hoy recibir\u00edas un post laaaargo sobre feminismo y, sobre lo que creo m\u00e1s importante, educar en el feminismo, que no es otra cosa que educar en la igualdad. Como no me da tiempo y soy feminista todos los d\u00edas, lo escribir\u00e9, posiblemente, en Semana\u2026","rel":"","context":"En \u00abMATERNIDAD\u00bb","block_context":{"text":"MATERNIDAD","link":"https:\/\/oui-oui.es\/blog\/category\/maternidad\/"},"img":{"alt_text":"","src":"https:\/\/i0.wp.com\/oui-oui.es\/blog\/wp-content\/uploads\/2018\/03\/Oui-Oui-libros-feminismo-como-educar-en-el-feminismo.jpg?resize=350%2C200&ssl=1","width":350,"height":200,"srcset":"https:\/\/i0.wp.com\/oui-oui.es\/blog\/wp-content\/uploads\/2018\/03\/Oui-Oui-libros-feminismo-como-educar-en-el-feminismo.jpg?resize=350%2C200&ssl=1 1x, https:\/\/i0.wp.com\/oui-oui.es\/blog\/wp-content\/uploads\/2018\/03\/Oui-Oui-libros-feminismo-como-educar-en-el-feminismo.jpg?resize=525%2C300&ssl=1 1.5x, https:\/\/i0.wp.com\/oui-oui.es\/blog\/wp-content\/uploads\/2018\/03\/Oui-Oui-libros-feminismo-como-educar-en-el-feminismo.jpg?resize=700%2C400&ssl=1 2x, https:\/\/i0.wp.com\/oui-oui.es\/blog\/wp-content\/uploads\/2018\/03\/Oui-Oui-libros-feminismo-como-educar-en-el-feminismo.jpg?resize=1050%2C600&ssl=1 3x, https:\/\/i0.wp.com\/oui-oui.es\/blog\/wp-content\/uploads\/2018\/03\/Oui-Oui-libros-feminismo-como-educar-en-el-feminismo.jpg?resize=1400%2C800&ssl=1 4x"},"classes":[]}],"_links":{"self":[{"href":"https:\/\/oui-oui.es\/blog\/wp-json\/wp\/v2\/posts\/4722","targetHints":{"allow":["GET"]}}],"collection":[{"href":"https:\/\/oui-oui.es\/blog\/wp-json\/wp\/v2\/posts"}],"about":[{"href":"https:\/\/oui-oui.es\/blog\/wp-json\/wp\/v2\/types\/post"}],"author":[{"embeddable":true,"href":"https:\/\/oui-oui.es\/blog\/wp-json\/wp\/v2\/users\/1"}],"replies":[{"embeddable":true,"href":"https:\/\/oui-oui.es\/blog\/wp-json\/wp\/v2\/comments?post=4722"}],"version-history":[{"count":2,"href":"https:\/\/oui-oui.es\/blog\/wp-json\/wp\/v2\/posts\/4722\/revisions"}],"predecessor-version":[{"id":4728,"href":"https:\/\/oui-oui.es\/blog\/wp-json\/wp\/v2\/posts\/4722\/revisions\/4728"}],"wp:featuredmedia":[{"embeddable":true,"href":"https:\/\/oui-oui.es\/blog\/wp-json\/wp\/v2\/media\/4723"}],"wp:attachment":[{"href":"https:\/\/oui-oui.es\/blog\/wp-json\/wp\/v2\/media?parent=4722"}],"wp:term":[{"taxonomy":"category","embeddable":true,"href":"https:\/\/oui-oui.es\/blog\/wp-json\/wp\/v2\/categories?post=4722"},{"taxonomy":"post_tag","embeddable":true,"href":"https:\/\/oui-oui.es\/blog\/wp-json\/wp\/v2\/tags?post=4722"}],"curies":[{"name":"wp","href":"https:\/\/api.w.org\/{rel}","templated":true}]}}